{"id":21851,"date":"2024-02-09T23:18:38","date_gmt":"2024-02-09T22:18:38","guid":{"rendered":"https:\/\/lokalmagasinet.no\/?p=21851"},"modified":"2024-02-09T23:18:38","modified_gmt":"2024-02-09T22:18:38","slug":"2005-lm-paklager-nettavisen-og-moss-avis","status":"publish","type":"post","link":"https:\/\/lokalmagasinet.no\/?p=21851","title":{"rendered":"2005: LM p\u00e5klager Nettavisen og Moss Avis\u00a0"},"content":{"rendered":"<p><span class=\"ih_overskrift_1\"><img loading=\"lazy\" decoding=\"async\" class=\"size-full wp-image-1874 alignleft\" src=\"https:\/\/lokalmagasinet.no\/wp-content\/uploads\/2021\/03\/journalism1_200-e1651420362191.jpg\" alt=\"\" width=\"100\" height=\"122\" \/>(Fra LM februar 2005) (Republisert 09.02.24) )<strong> To punkter i V\u00e6r Varsom-plakaten ligger til grunn n\u00e5r Lokalmagasinet.no klager TV 2 Nettavisen og Moss Avis inn for Pressens Faglige Utvalg (PFU) for \u00e5 ha offentliggjort listene over deltakere i pyramideselskapet The 5 Percent Community:<\/strong><\/span><\/p>\n<p>Punkt 3.2: \u201dV\u00e6r kritisk i valg av kilder, og kontroller at opplysninger som gis er korrekte.\u201d<\/p>\n<p>Punkt 4.1: \u201dLegg vekt p\u00e5 saklighet og omtanke i innhold og presentasjon.\u201d<\/p>\n<p>\u2013 Publiseringen har ingen egentlig informasjonsverdi, og er bare egnet til \u00e5 generere trafikk til nettstedets sider, samt at saken tas videre i andre medier i ulike varianter, skriver redakt\u00f8r Svein-Harald Strand i klagen.<\/p>\n<p>\u2013 Det er i tillegg interessant \u00e5 speilvende punkt 1.5, som i utgangspunktet er myntet p\u00e5 andre enn pressen selv, og g\u00e5r p\u00e5 pressens samfunnsoppdrag:<\/p>\n<p>\u201dDet er pressens oppgave \u00e5 beskytte enkeltmennesker og grupper mot overgrep eller fors\u00f8mmelser fra offentlige myndigheter og institusjoner, private foretak eller andre.\u201d<\/p>\n<p>Et kriterium for hvem Moss Avis valgte \u00e5 nevne fra listene, var bl.a. stilling, og deltakelse i politikk og frivillige organisasjoner i lokalsamfunnet, uten at knytningen har noen synlig relevans til konkurs- og den mulige svindelsaken som l\u00e5 til grunn.<\/p>\n<p>I \u00e9n av dekningskommune ble for eksempel lederen i en velforening hengt ut med b\u00e5de navn og bilde. Andre som ble identifisert som pyramidedeltakere var en kommunal kultursjef og en kommunestyrerepresentant, heter det bl.a. i klagen.<\/p>\n<p>Personene p\u00e5 deltakerlista er kun oppf\u00f8rt med bosted (f.eks. &laquo;Son&raquo;, &laquo;H\u00f8len&raquo;, &laquo;Vestby&raquo;), ikke fullstendig adresse som i ordin\u00e6re aksjon\u00e6rlister. Dette \u00f8ker muligheten for at personer blir forvekslet.<\/p>\n<p>Alene for lista over deltakere fra Son er det minst \u00e9n person som kan forveksles med en annen person i lokalmilj\u00f8et, p\u00e5 grunn av navnelikhet.<\/p>\n<p><strong>Etter det Lokalmagasinet.no har f\u00e5tt opplyst, er det dessuten &#8211; alene for lista over deltakere fra Son &#8211; minst ett barn som er kommet inn som deltaker i T5PC-systemet uten at de har tatt noe initiativ selv, men har f\u00e5tt andelen i gave fra sine forel\u00f8dre.<\/strong><\/p>\n<p>Det har v\u00e6rt trukket fram at loven tillater \u00e5 offentliggj\u00f8re aksjon\u00e6rlister. Men deltakerlista som TV 2 Nettavisen la ut p\u00e5 internett, er ingen ordin\u00e6r aksjon\u00e6rliste, bare en deltakerliste for et pyramideselskap, der personlige deltakere er kalt &laquo;freelancer&raquo;, mens foretak er kalt &laquo;company&raquo;.<\/p>\n<p>Slike lister skal v\u00e6re tilgjengelige fra Verdipapirsentralen, og har helt andre krav til form og innhold enn denne. TV 2 Nettavisen ville ikke engang si hvor de har f\u00e5tt tak i lista, som en rekke aviser plukket ut lokale navner fra.<\/p>\n<p>\u2013 I Moss Avis ga publiseringen st\u00f8tet til at en rekke kjente personer i avisens dekningskommuner ble identifisert som deltakere, i avisens papirutgave og nettutgave 1. desember, uten at det var blitt innhentet samtykke fra de ber\u00f8rte, som heller ikke var varslet i forveien.<\/p>\n<p>Noen f\u00e5 personer ble intervjuet i tilknytning til at avisen hadde identifisert dem som deltakere.<\/p>\n<p><strong>Redakt\u00f8ren understreker at initiativet med \u00e5 pr\u00f8ve denne saken for PFU ogs\u00e5 finner en god begrunnelse i punkt 1.4, der det bl.a. heter: \u201dDet er pressens plikt \u00e5 sette et kritisk s\u00f8kelys p\u00e5 hvordan mediene selv fyller sin samfunnsrolle.\u201d<\/strong><\/p>\n<p>\u2013 Dette punktet er i dag n\u00e6rmest et sovende punkt i pressens egen definisjon av sin samfunnsrolle. Systematisk kritisk reportasje- og kommentarvirksomhet p\u00e5 dette omr\u00e5det er i enkelte lokalsamfunn fullstendig frav\u00e6rende. Dette er et forhold som ikke bare kan forklares med den utgivermessige monopolsituasjon som hersker i mange distrikter, mener Strand. Han mener det i denne situasjonen ligger en spesiell forpliktelse for lokale og regionale nettredaksjoner som arbeider med nettaviser og -magasiner p\u00e5 selvstendig grunnlag.<\/p>\n<p>Views: 97<\/p>","protected":false},"excerpt":{"rendered":"<p>(Fra LM februar 2005) (Republisert 09.02.24) ) To punkter i V\u00e6r Varsom-plakaten ligger til grunn n\u00e5r Lokalmagasinet.no klager TV 2 Nettavisen og Moss Avis inn for Pressens Faglige Utvalg (PFU) &#8230; <\/p>\n<p class=\"read-more-container\"><a title=\"2005: LM p\u00e5klager Nettavisen og Moss Avis\u00a0\" class=\"read-more button\" href=\"https:\/\/lokalmagasinet.no\/?p=21851#more-21851\">Les mer<span class=\"screen-reader-text\">2005: LM p\u00e5klager Nettavisen og Moss Avis\u00a0<\/span><\/a><\/p>\n","protected":false},"author":6,"featured_media":0,"comment_status":"closed","ping_status":"closed","sticky":false,"template":"","format":"standard","meta":{"footnotes":""},"categories":[95,71],"tags":[],"class_list":["post-21851","post","type-post","status-publish","format-standard","hentry","category-presseetikk","category-samfunn-og-sikkerhet"],"yoast_head":"<!-- This site is optimized with the Yoast SEO plugin v27.4 - https:\/\/yoast.com\/product\/yoast-seo-wordpress\/ -->\n<title>2005: LM p\u00e5klager Nettavisen og Moss Avis\u00a0 | Lokalmagasinet.no<\/title>\n<meta name=\"robots\" content=\"index, follow, max-snippet:-1, max-image-preview:large, max-video-preview:-1\" \/>\n<link rel=\"canonical\" href=\"https:\/\/lokalmagasinet.no\/?p=21851\" \/>\n<meta property=\"og:locale\" content=\"nn_NO\" \/>\n<meta property=\"og:type\" content=\"article\" \/>\n<meta property=\"og:title\" content=\"2005: LM p\u00e5klager Nettavisen og Moss Avis\u00a0 | Lokalmagasinet.no\" \/>\n<meta property=\"og:description\" content=\"(Fra LM februar 2005) (Republisert 09.02.24) ) To punkter i V\u00e6r Varsom-plakaten ligger til grunn n\u00e5r Lokalmagasinet.no klager TV 2 Nettavisen og Moss Avis inn for Pressens Faglige Utvalg (PFU) ... Les mer2005: LM p\u00e5klager Nettavisen og Moss Avis\u00a0\" \/>\n<meta property=\"og:url\" content=\"https:\/\/lokalmagasinet.no\/?p=21851\" \/>\n<meta property=\"og:site_name\" content=\"Lokalmagasinet.no\" \/>\n<meta property=\"article:publisher\" content=\"https:\/\/www.facebook.com\/sveinharald.strand.1\" \/>\n<meta property=\"article:author\" content=\"https:\/\/www.facebook.com\/sveinharald.strand.1\" \/>\n<meta property=\"article:published_time\" content=\"2024-02-09T22:18:38+00:00\" \/>\n<meta property=\"og:image\" content=\"https:\/\/lokalmagasinet.no\/wp-content\/uploads\/2021\/03\/journalism1_200-e1651420362191.jpg\" \/>\n<meta name=\"author\" content=\"Svein-Harald Strand\" \/>\n<meta name=\"twitter:card\" content=\"summary_large_image\" \/>\n<meta name=\"twitter:creator\" content=\"@LMExtra\" \/>\n<meta name=\"twitter:site\" content=\"@LMExtra\" \/>\n<meta name=\"twitter:label1\" content=\"Written by\" \/>\n\t<meta name=\"twitter:data1\" content=\"Svein-Harald Strand\" \/>\n\t<meta name=\"twitter:label2\" content=\"Est. reading time\" \/>\n\t<meta name=\"twitter:data2\" content=\"3 minutt\" \/>\n<script type=\"application\/ld+json\" class=\"yoast-schema-graph\">{\"@context\":\"https:\\\/\\\/schema.org\",\"@graph\":[{\"@type\":\"Article\",\"@id\":\"https:\\\/\\\/lokalmagasinet.no\\\/?p=21851#article\",\"isPartOf\":{\"@id\":\"https:\\\/\\\/lokalmagasinet.no\\\/?p=21851\"},\"author\":{\"name\":\"Svein-Harald Strand\",\"@id\":\"https:\\\/\\\/lokalmagasinet.no\\\/#\\\/schema\\\/person\\\/2e8d221708d3aaf6f577275b5bba4310\"},\"headline\":\"2005: LM p\u00e5klager Nettavisen og Moss Avis\u00a0\",\"datePublished\":\"2024-02-09T22:18:38+00:00\",\"mainEntityOfPage\":{\"@id\":\"https:\\\/\\\/lokalmagasinet.no\\\/?p=21851\"},\"wordCount\":602,\"publisher\":{\"@id\":\"https:\\\/\\\/lokalmagasinet.no\\\/#organization\"},\"image\":{\"@id\":\"https:\\\/\\\/lokalmagasinet.no\\\/?p=21851#primaryimage\"},\"thumbnailUrl\":\"https:\\\/\\\/lokalmagasinet.no\\\/wp-content\\\/uploads\\\/2021\\\/03\\\/journalism1_200-e1651420362191.jpg\",\"articleSection\":[\"Presseetikk\",\"Samfunn og sikkerhet\"],\"inLanguage\":\"nn-NO\"},{\"@type\":\"WebPage\",\"@id\":\"https:\\\/\\\/lokalmagasinet.no\\\/?p=21851\",\"url\":\"https:\\\/\\\/lokalmagasinet.no\\\/?p=21851\",\"name\":\"2005: LM p\u00e5klager Nettavisen og Moss Avis\u00a0 | Lokalmagasinet.no\",\"isPartOf\":{\"@id\":\"https:\\\/\\\/lokalmagasinet.no\\\/#website\"},\"primaryImageOfPage\":{\"@id\":\"https:\\\/\\\/lokalmagasinet.no\\\/?p=21851#primaryimage\"},\"image\":{\"@id\":\"https:\\\/\\\/lokalmagasinet.no\\\/?p=21851#primaryimage\"},\"thumbnailUrl\":\"https:\\\/\\\/lokalmagasinet.no\\\/wp-content\\\/uploads\\\/2021\\\/03\\\/journalism1_200-e1651420362191.jpg\",\"datePublished\":\"2024-02-09T22:18:38+00:00\",\"breadcrumb\":{\"@id\":\"https:\\\/\\\/lokalmagasinet.no\\\/?p=21851#breadcrumb\"},\"inLanguage\":\"nn-NO\",\"potentialAction\":[{\"@type\":\"ReadAction\",\"target\":[\"https:\\\/\\\/lokalmagasinet.no\\\/?p=21851\"]}]},{\"@type\":\"ImageObject\",\"inLanguage\":\"nn-NO\",\"@id\":\"https:\\\/\\\/lokalmagasinet.no\\\/?p=21851#primaryimage\",\"url\":\"https:\\\/\\\/lokalmagasinet.no\\\/wp-content\\\/uploads\\\/2021\\\/03\\\/journalism1_200-e1651420362191.jpg\",\"contentUrl\":\"https:\\\/\\\/lokalmagasinet.no\\\/wp-content\\\/uploads\\\/2021\\\/03\\\/journalism1_200-e1651420362191.jpg\",\"width\":100,\"height\":122},{\"@type\":\"BreadcrumbList\",\"@id\":\"https:\\\/\\\/lokalmagasinet.no\\\/?p=21851#breadcrumb\",\"itemListElement\":[{\"@type\":\"ListItem\",\"position\":1,\"name\":\"Hjem\",\"item\":\"https:\\\/\\\/lokalmagasinet.no\\\/\"},{\"@type\":\"ListItem\",\"position\":2,\"name\":\"2005: LM p\u00e5klager Nettavisen og Moss Avis\u00a0\"}]},{\"@type\":\"WebSite\",\"@id\":\"https:\\\/\\\/lokalmagasinet.no\\\/#website\",\"url\":\"https:\\\/\\\/lokalmagasinet.no\\\/\",\"name\":\"Lokalmagasinet.no\",\"description\":\"Fra fortid og n\u00e5tid. Med st\u00e5sted i det n\u00e6re. Siden 2002.\",\"publisher\":{\"@id\":\"https:\\\/\\\/lokalmagasinet.no\\\/#organization\"},\"potentialAction\":[{\"@type\":\"SearchAction\",\"target\":{\"@type\":\"EntryPoint\",\"urlTemplate\":\"https:\\\/\\\/lokalmagasinet.no\\\/?s={search_term_string}\"},\"query-input\":{\"@type\":\"PropertyValueSpecification\",\"valueRequired\":true,\"valueName\":\"search_term_string\"}}],\"inLanguage\":\"nn-NO\"},{\"@type\":\"Organization\",\"@id\":\"https:\\\/\\\/lokalmagasinet.no\\\/#organization\",\"name\":\"Lokalmagasinet.no\",\"url\":\"https:\\\/\\\/lokalmagasinet.no\\\/\",\"logo\":{\"@type\":\"ImageObject\",\"inLanguage\":\"nn-NO\",\"@id\":\"https:\\\/\\\/lokalmagasinet.no\\\/#\\\/schema\\\/logo\\\/image\\\/\",\"url\":\"https:\\\/\\\/lokalmagasinet.no\\\/wp-content\\\/uploads\\\/2021\\\/03\\\/cropped-cropped-cropped-cropped-cropped-cropped-lmlogo-e1640691300821.jpg\",\"contentUrl\":\"https:\\\/\\\/lokalmagasinet.no\\\/wp-content\\\/uploads\\\/2021\\\/03\\\/cropped-cropped-cropped-cropped-cropped-cropped-lmlogo-e1640691300821.jpg\",\"width\":72,\"height\":118,\"caption\":\"Lokalmagasinet.no\"},\"image\":{\"@id\":\"https:\\\/\\\/lokalmagasinet.no\\\/#\\\/schema\\\/logo\\\/image\\\/\"},\"sameAs\":[\"https:\\\/\\\/www.facebook.com\\\/sveinharald.strand.1\",\"https:\\\/\\\/x.com\\\/LMExtra\"]},{\"@type\":\"Person\",\"@id\":\"https:\\\/\\\/lokalmagasinet.no\\\/#\\\/schema\\\/person\\\/2e8d221708d3aaf6f577275b5bba4310\",\"name\":\"Svein-Harald Strand\",\"image\":{\"@type\":\"ImageObject\",\"inLanguage\":\"nn-NO\",\"@id\":\"https:\\\/\\\/secure.gravatar.com\\\/avatar\\\/c487434bdf6cd7c12e4a88877ae4b12c38d22b7ad64292b49d33ed7503bb7ce1?s=96&d=mm&r=g\",\"url\":\"https:\\\/\\\/secure.gravatar.com\\\/avatar\\\/c487434bdf6cd7c12e4a88877ae4b12c38d22b7ad64292b49d33ed7503bb7ce1?s=96&d=mm&r=g\",\"contentUrl\":\"https:\\\/\\\/secure.gravatar.com\\\/avatar\\\/c487434bdf6cd7c12e4a88877ae4b12c38d22b7ad64292b49d33ed7503bb7ce1?s=96&d=mm&r=g\",\"caption\":\"Svein-Harald Strand\"},\"description\":\"(F. 26.12.1945) Redakt\u00f8r, journalist og informasjonsarbeider siden 1968. ||| I 1963: Redaksjonell praktikant i 8 m\u00e5neder p\u00e5 full tid i Helgeland Arbeiderblad i hjembyen Mosj\u00f8en. ||| Arbeidende pensjonist med hjemmekontor fra 2008 (AFP) og videre som folkepensjonist til n\u00e5.\",\"sameAs\":[\"https:\\\/\\\/lokalmagasinet.no\\\/\",\"https:\\\/\\\/www.facebook.com\\\/sveinharald.strand.1\",\"https:\\\/\\\/x.com\\\/LMExtra\"],\"url\":\"https:\\\/\\\/lokalmagasinet.no\\\/?author=6\"}]}<\/script>\n<!-- \/ Yoast SEO plugin. -->","yoast_head_json":{"title":"2005: LM p\u00e5klager Nettavisen og Moss Avis\u00a0 | Lokalmagasinet.no","robots":{"index":"index","follow":"follow","max-snippet":"max-snippet:-1","max-image-preview":"max-image-preview:large","max-video-preview":"max-video-preview:-1"},"canonical":"https:\/\/lokalmagasinet.no\/?p=21851","og_locale":"nn_NO","og_type":"article","og_title":"2005: LM p\u00e5klager Nettavisen og Moss Avis\u00a0 | Lokalmagasinet.no","og_description":"(Fra LM februar 2005) (Republisert 09.02.24) ) To punkter i V\u00e6r Varsom-plakaten ligger til grunn n\u00e5r Lokalmagasinet.no klager TV 2 Nettavisen og Moss Avis inn for Pressens Faglige Utvalg (PFU) ... Les mer2005: LM p\u00e5klager Nettavisen og Moss Avis\u00a0","og_url":"https:\/\/lokalmagasinet.no\/?p=21851","og_site_name":"Lokalmagasinet.no","article_publisher":"https:\/\/www.facebook.com\/sveinharald.strand.1","article_author":"https:\/\/www.facebook.com\/sveinharald.strand.1","article_published_time":"2024-02-09T22:18:38+00:00","og_image":[{"url":"https:\/\/lokalmagasinet.no\/wp-content\/uploads\/2021\/03\/journalism1_200-e1651420362191.jpg","type":"","width":"","height":""}],"author":"Svein-Harald Strand","twitter_card":"summary_large_image","twitter_creator":"@LMExtra","twitter_site":"@LMExtra","twitter_misc":{"Written by":"Svein-Harald Strand","Est. reading time":"3 minutt"},"schema":{"@context":"https:\/\/schema.org","@graph":[{"@type":"Article","@id":"https:\/\/lokalmagasinet.no\/?p=21851#article","isPartOf":{"@id":"https:\/\/lokalmagasinet.no\/?p=21851"},"author":{"name":"Svein-Harald Strand","@id":"https:\/\/lokalmagasinet.no\/#\/schema\/person\/2e8d221708d3aaf6f577275b5bba4310"},"headline":"2005: LM p\u00e5klager Nettavisen og Moss Avis\u00a0","datePublished":"2024-02-09T22:18:38+00:00","mainEntityOfPage":{"@id":"https:\/\/lokalmagasinet.no\/?p=21851"},"wordCount":602,"publisher":{"@id":"https:\/\/lokalmagasinet.no\/#organization"},"image":{"@id":"https:\/\/lokalmagasinet.no\/?p=21851#primaryimage"},"thumbnailUrl":"https:\/\/lokalmagasinet.no\/wp-content\/uploads\/2021\/03\/journalism1_200-e1651420362191.jpg","articleSection":["Presseetikk","Samfunn og sikkerhet"],"inLanguage":"nn-NO"},{"@type":"WebPage","@id":"https:\/\/lokalmagasinet.no\/?p=21851","url":"https:\/\/lokalmagasinet.no\/?p=21851","name":"2005: LM p\u00e5klager Nettavisen og Moss Avis\u00a0 | Lokalmagasinet.no","isPartOf":{"@id":"https:\/\/lokalmagasinet.no\/#website"},"primaryImageOfPage":{"@id":"https:\/\/lokalmagasinet.no\/?p=21851#primaryimage"},"image":{"@id":"https:\/\/lokalmagasinet.no\/?p=21851#primaryimage"},"thumbnailUrl":"https:\/\/lokalmagasinet.no\/wp-content\/uploads\/2021\/03\/journalism1_200-e1651420362191.jpg","datePublished":"2024-02-09T22:18:38+00:00","breadcrumb":{"@id":"https:\/\/lokalmagasinet.no\/?p=21851#breadcrumb"},"inLanguage":"nn-NO","potentialAction":[{"@type":"ReadAction","target":["https:\/\/lokalmagasinet.no\/?p=21851"]}]},{"@type":"ImageObject","inLanguage":"nn-NO","@id":"https:\/\/lokalmagasinet.no\/?p=21851#primaryimage","url":"https:\/\/lokalmagasinet.no\/wp-content\/uploads\/2021\/03\/journalism1_200-e1651420362191.jpg","contentUrl":"https:\/\/lokalmagasinet.no\/wp-content\/uploads\/2021\/03\/journalism1_200-e1651420362191.jpg","width":100,"height":122},{"@type":"BreadcrumbList","@id":"https:\/\/lokalmagasinet.no\/?p=21851#breadcrumb","itemListElement":[{"@type":"ListItem","position":1,"name":"Hjem","item":"https:\/\/lokalmagasinet.no\/"},{"@type":"ListItem","position":2,"name":"2005: LM p\u00e5klager Nettavisen og Moss Avis\u00a0"}]},{"@type":"WebSite","@id":"https:\/\/lokalmagasinet.no\/#website","url":"https:\/\/lokalmagasinet.no\/","name":"Lokalmagasinet.no","description":"Fra fortid og n\u00e5tid. Med st\u00e5sted i det n\u00e6re. Siden 2002.","publisher":{"@id":"https:\/\/lokalmagasinet.no\/#organization"},"potentialAction":[{"@type":"SearchAction","target":{"@type":"EntryPoint","urlTemplate":"https:\/\/lokalmagasinet.no\/?s={search_term_string}"},"query-input":{"@type":"PropertyValueSpecification","valueRequired":true,"valueName":"search_term_string"}}],"inLanguage":"nn-NO"},{"@type":"Organization","@id":"https:\/\/lokalmagasinet.no\/#organization","name":"Lokalmagasinet.no","url":"https:\/\/lokalmagasinet.no\/","logo":{"@type":"ImageObject","inLanguage":"nn-NO","@id":"https:\/\/lokalmagasinet.no\/#\/schema\/logo\/image\/","url":"https:\/\/lokalmagasinet.no\/wp-content\/uploads\/2021\/03\/cropped-cropped-cropped-cropped-cropped-cropped-lmlogo-e1640691300821.jpg","contentUrl":"https:\/\/lokalmagasinet.no\/wp-content\/uploads\/2021\/03\/cropped-cropped-cropped-cropped-cropped-cropped-lmlogo-e1640691300821.jpg","width":72,"height":118,"caption":"Lokalmagasinet.no"},"image":{"@id":"https:\/\/lokalmagasinet.no\/#\/schema\/logo\/image\/"},"sameAs":["https:\/\/www.facebook.com\/sveinharald.strand.1","https:\/\/x.com\/LMExtra"]},{"@type":"Person","@id":"https:\/\/lokalmagasinet.no\/#\/schema\/person\/2e8d221708d3aaf6f577275b5bba4310","name":"Svein-Harald Strand","image":{"@type":"ImageObject","inLanguage":"nn-NO","@id":"https:\/\/secure.gravatar.com\/avatar\/c487434bdf6cd7c12e4a88877ae4b12c38d22b7ad64292b49d33ed7503bb7ce1?s=96&d=mm&r=g","url":"https:\/\/secure.gravatar.com\/avatar\/c487434bdf6cd7c12e4a88877ae4b12c38d22b7ad64292b49d33ed7503bb7ce1?s=96&d=mm&r=g","contentUrl":"https:\/\/secure.gravatar.com\/avatar\/c487434bdf6cd7c12e4a88877ae4b12c38d22b7ad64292b49d33ed7503bb7ce1?s=96&d=mm&r=g","caption":"Svein-Harald Strand"},"description":"(F. 26.12.1945) Redakt\u00f8r, journalist og informasjonsarbeider siden 1968. ||| I 1963: Redaksjonell praktikant i 8 m\u00e5neder p\u00e5 full tid i Helgeland Arbeiderblad i hjembyen Mosj\u00f8en. ||| Arbeidende pensjonist med hjemmekontor fra 2008 (AFP) og videre som folkepensjonist til n\u00e5.","sameAs":["https:\/\/lokalmagasinet.no\/","https:\/\/www.facebook.com\/sveinharald.strand.1","https:\/\/x.com\/LMExtra"],"url":"https:\/\/lokalmagasinet.no\/?author=6"}]}},"_links":{"self":[{"href":"https:\/\/lokalmagasinet.no\/index.php?rest_route=\/wp\/v2\/posts\/21851","targetHints":{"allow":["GET"]}}],"collection":[{"href":"https:\/\/lokalmagasinet.no\/index.php?rest_route=\/wp\/v2\/posts"}],"about":[{"href":"https:\/\/lokalmagasinet.no\/index.php?rest_route=\/wp\/v2\/types\/post"}],"author":[{"embeddable":true,"href":"https:\/\/lokalmagasinet.no\/index.php?rest_route=\/wp\/v2\/users\/6"}],"replies":[{"embeddable":true,"href":"https:\/\/lokalmagasinet.no\/index.php?rest_route=%2Fwp%2Fv2%2Fcomments&post=21851"}],"version-history":[{"count":4,"href":"https:\/\/lokalmagasinet.no\/index.php?rest_route=\/wp\/v2\/posts\/21851\/revisions"}],"predecessor-version":[{"id":21855,"href":"https:\/\/lokalmagasinet.no\/index.php?rest_route=\/wp\/v2\/posts\/21851\/revisions\/21855"}],"wp:attachment":[{"href":"https:\/\/lokalmagasinet.no\/index.php?rest_route=%2Fwp%2Fv2%2Fmedia&parent=21851"}],"wp:term":[{"taxonomy":"category","embeddable":true,"href":"https:\/\/lokalmagasinet.no\/index.php?rest_route=%2Fwp%2Fv2%2Fcategories&post=21851"},{"taxonomy":"post_tag","embeddable":true,"href":"https:\/\/lokalmagasinet.no\/index.php?rest_route=%2Fwp%2Fv2%2Ftags&post=21851"}],"curies":[{"name":"wp","href":"https:\/\/api.w.org\/{rel}","templated":true}]}}