{"id":21875,"date":"2024-02-11T11:03:13","date_gmt":"2024-02-11T10:03:13","guid":{"rendered":"https:\/\/lokalmagasinet.no\/?p=21875"},"modified":"2024-02-11T11:39:09","modified_gmt":"2024-02-11T10:39:09","slug":"den-siste-bohem-2","status":"publish","type":"post","link":"https:\/\/lokalmagasinet.no\/?p=21875","title":{"rendered":"DEN SISTE BOHEM"},"content":{"rendered":"<div align=\"center\">\n<p><img loading=\"lazy\" decoding=\"async\" src=\"https:\/\/web.archive.org\/web\/20180105184331im_\/http:\/\/www.lokalmagasinet.no\/ipub\/media\/lovb1sk_600.jpg\" alt=\"\" width=\"399\" height=\"600\" align=\"middle\" \/><\/p>\n<p>Foto: Sturla Strand \u00a9 Copyright<\/p>\n<h5>Alf L\u00f8vberg 1899 &#8211; 1986<\/h5>\n<div align=\"left\">\n<div align=\"center\"><span class=\"i_skrift_stor\"><span class=\"i_skrift_mini\">Intervjuet ble opprinnelig publisert i Vestby Avis, H\u00f8stmagasinet 1984, sammen med fotografier som ikke lenger er tilgjengelige i originalkopier. <\/span><\/span><span class=\"i_skrift_stor\"><span class=\"i_skrift_mini\">Intervjuet republiseres her med velvillig tillatelse fra journalist Einar Galaaen. Den spesielle anledning: <\/span><\/span><span class=\"i_skrift_stor\"><span class=\"i_skrift_mini\">110 \u00e5r siden maleren Alf L\u00f8vberg ble f\u00f8dt. Ekteparet Ragnhild og Alf L\u00f8vberg d\u00f8de begge i 1986. Bildene til denne publiseringen er fra fotograf Sturla Strands arkiv fra Son-milj\u00f8et p\u00e5 1980-tallet. Tilretteleggelse for republisering: Are Strand. <\/span><\/span><\/div>\n<div align=\"left\"><\/div>\n<\/div>\n<\/div>\n<div align=\"left\"><\/div>\n<div align=\"center\">\n<div align=\"left\">\n<div align=\"left\"><\/div>\n<div align=\"left\"><span class=\"i_skrift_stor\"><span class=\"i_skrift_mini\">(Fra LM 22.04.09 <\/span><\/span><span class=\"i_skrift_stor\">(Tekst: Einar Galaaen) (Republisert 11.02.24) <strong>Hukommelsen glipper av og til. Men hva gj\u00f8r vel det, n\u00e5r man har to tykke b\u00f8ker med avisutklipp om sitt eget liv og en livsledsagerske som husker det meste. N\u00e5r man i tillegg kan fylle dagen med det som hjerte og hjerne brenner for akkurat n\u00e5, da er ikke 84 \u00e5r det samme som \u00e5 v\u00e6re gammel.<br \/>\n<\/strong><br \/>\n<\/span><span class=\"i_skrift_stor\">Den siste av de ekte norske bohemer, Alf L\u00f8vberg, maler fortsatt sine karakteristiske bilder, spiller piano, eller g\u00e5r tur i Son og omegn. Over jul flykter han og kona, danskf\u00f8dte Ragnhild, fra norsk vinter til mildere klima og sydlandske milj\u00f8 i Spania.<\/span><\/div>\n<\/div>\n<div align=\"left\">\n<p>&nbsp;<\/p>\n<p><span class=\"i_skrift_stor\"><strong>L\u00f8vberg st\u00e5r i telefonkatalogen oppf\u00f8rt som maler. For en huseier kan det f\u00f8re til ubehaglige misforst\u00e5elser. <\/strong><\/span><\/p>\n<p><span class=\"i_skrift_stor\">&#8211; Det er f\u00e5 av oss som maler bilder som bruker tittelen kunstmaler. Vi kaller oss selv og andre for malere. En dag for noen \u00e5r siden fikk jeg en telefon fra en mann som ville ha malt huset sitt. Jeg var ikke avvisende, men da han spurte om hvor mye jeg skulle ha for arbeidet slengte han p\u00e5 r\u00f8ret uten \u00e5 si adj\u00f8. Jeg antydet en pris p\u00e5 mellom 30 og 50 000 kroner, sier Alf L\u00f8berg med et underfundig smil.<\/span><\/p>\n<\/div>\n<div align=\"left\">\n<p><span class=\"i_skrift_stor\">Det er en hvit, flekkete malerfrakk man f\u00f8rst legger merke til n\u00e5r L\u00f8vberg \u00f8nsker velkommen i arbeidsrommet sitt med utsikt over Oslofjorden n\u00e5r h\u00f8stgule blader faller av tr\u00e6rne i den frodige og lune hagen.<br \/>\n<strong><br \/>\n<\/strong><\/span><strong><span class=\"i_skrift_stor\">Personen L\u00f8vberg f\u00e5r en fort til \u00e5 glemme antrekket. Malerfrakken blir til en detalj p\u00e5 notatblokken, stikk i strid med L\u00f8vbergs egen metode for sansing og senere skildring i farge og form.<\/span><\/strong><strong><br \/>\n<\/strong><\/p>\n<\/div>\n<div align=\"left\">\n<div align=\"center\"><\/div>\n<p><span class=\"i_skrift_stor\">&#8211; Jeg maler aldri det jeg ser, bare det jeg har sett. Skisseblokk bruker jeg ikke. Jeg stoler p\u00e5 hukommelsen. Dette gatebildet fra Palma, som jeg holder p\u00e5 med n\u00e5 er jeg sikker p\u00e5 gir et riktig bilde av stedet. Men mange uvesentlige detaljer har naturligvis falt bort, sier L\u00f8vberg.<\/span><strong><br \/>\n<\/strong><\/p>\n<\/div>\n<div align=\"left\">\n<div align=\"center\">\n<div align=\"left\"><span class=\"i_skrift_stor\">Hans malerier har sl\u00e5tt an. L\u00f8vberg selger godt, selv om han ikke maler for \u00e5 selge. Hvor mange malerier det er blitt gjennom et langt liv aner han ikke. Men han har ikke produsert bilder en gross.<\/span><\/div>\n<\/div>\n<p><strong><br \/>\n<span class=\"i_skrift_stor\">&#8211; Ville jeg, kunne jeg ha reist Europa rundt i min ungdom og levd av \u00e5 male bondeg\u00e5rder og selge bildet til bonden p\u00e5 g\u00e5rden. Men det var ikke det jeg ville, sier L\u00f8vberg.<\/span><br \/>\n<\/strong><br \/>\n<span class=\"i_skrift_stor\">Nei, L\u00f8vberg har skapt seg en stil som gikk p\u00e5 tvers av str\u00f8mningene han har levd i. Maleriene hans st\u00e5r p\u00e5 egne bein. <\/span><strong><br \/>\n<\/strong><\/p>\n<div align=\"center\">\n<h5><strong>Den f\u00f8rste tegningen<\/strong><\/h5>\n<div align=\"left\"><span class=\"i_skrift_stor\">L\u00f8vbergs karriere begynte 6. juni 1915. Den f\u00f8rste tegningen hans henger p\u00e5 veggen i arbeidsrommet. Et lite forfallent hus, tegnet av en 16 \u00e5r gammel gutt. <\/span><\/div>\n<\/div>\n<p><span class=\"i_skrift_stor\"><br \/>\n<\/span><span class=\"i_skrift_stor\">&#8211; Far var fiolinist, men ogs\u00e5 en dyktig tegner. Han l\u00e6rte meg perspektiv og likte den f\u00f8rste tegningen min s\u00e5 godt at jeg fikk utdanne meg som maler, sier L\u00f8vberg.<\/span><strong><br \/>\n<\/strong><\/p>\n<div align=\"center\">\n<h5 align=\"center\"><strong>Akademiet &#8211; og Paris<br \/>\n<\/strong><\/h5>\n<div align=\"left\"><span class=\"i_skrift_stor\">Etter to \u00e5r p\u00e5 tegneskole kom L\u00f8vberg inn ved Akademiet under Ledelse av Christian Krohg og Halfdan Str\u00f8m. <\/span><span class=\"i_skrift_stor\">Siden ble det Marcel Gromaire i Paris, utstillinger, stipendier og mange utenlandsreiser. <\/span>Han ble med i bohemgjengen, og husker Wildenvey som en personlig venn.<\/div>\n<div align=\"left\"><\/div>\n<\/div>\n<div align=\"center\">\n<div align=\"left\"><span class=\"i_skrift_stor\">&#8211; Wildenvey var en morsom mann. Han og jeg byttet p\u00e5 \u00e5 skrive en spalte i Stavernsposten. Der skulle vi v\u00e6re dristige. Vi skrev anonymt og hengte ut oss selv for publikum. En gang refererte jeg fra en kunstnerfest i denne spalten som ble kalt \u201cBr\u00e5nytt\u201d. Der skrev jeg at det bare var maleren Alf L\u00f8vberg som slapp unna; han var s\u00e5 omt\u00e5ket at lensmannen ikke s\u00e5 ham.<\/span><strong><br \/>\n<\/strong><\/div>\n<\/div>\n<p><strong><br \/>\n<span class=\"i_skrift_stor\">Men desverre, Wildenvey d\u00f8de. Jeg husker at han p\u00e5 d\u00f8dsleiet fors\u00f8kte \u00e5 smile. Det siste han sa var: N\u00e5 er jeg ikke morsom lenger. Han var den beste vennen jeg noen gang har hatt, sier L\u00f8vberg. <\/span><br \/>\n<\/strong><\/p>\n<div align=\"center\">\n<h5><strong>Bohem<\/strong><\/h5>\n<\/div>\n<p><span class=\"i_skrift_stor\">Som mange av de andre kunstnerne i bohemtida klarte ikke L\u00f8vberg \u00e5 holde seg i Norge. Hvert \u00e5r bortsett fra under krigen har han oppholdt seg utenlands i lange perioder.<\/span><\/p>\n<p><span class=\"i_skrift_stor\">&#8211; Samme hvor d\u00e5rlig \u00f8konomien var, vi klarte \u00e5 komme oss en tur til utlandet. Det satser vi fortsatt p\u00e5. Vi tar sikte p\u00e5 buss fra Moss til Barcelona etter jul, eller f\u00f8r om det lar seg gj\u00f8re, sier Alf og Ragnhild L\u00f8vberg. <\/span><strong><br \/>\n<\/strong><\/p>\n<\/div>\n<p><strong><br \/>\n<img loading=\"lazy\" decoding=\"async\" src=\"https:\/\/web.archive.org\/web\/20180105184331im_\/http:\/\/www.lokalmagasinet.no\/ipub\/media\/lovbvegg_600.jpg\" alt=\"\" width=\"600\" height=\"463\" align=\"middle\" \/><\/strong><\/p>\n<p>&nbsp;<\/p>\n<div align=\"left\"><em><span class=\"i_skrift_stor\">P\u00e5 veggen her i stua hos Ragnhild og Alf ser vi blant annet fire trykk som gjenkjennes blant L\u00f8vbergs hovedverk og rett som det er dukker opp p\u00e5 kunstauksjoner i Oslo. Og bildet til venstre er ikke et fotografi av bohemen himself, men et flott malt selvportrett. Bohemen &#8211; og sk\u00f8yeren &#8211; med flosshatt!<\/span><\/em><\/div>\n<p><em><br \/>\n<\/em>Foto: Sturla Strand \u00a9 Copyright<\/p>\n<p>&nbsp;<\/p>\n<\/div>\n<p>Views: 190<\/p>","protected":false},"excerpt":{"rendered":"<p>Foto: Sturla Strand \u00a9 Copyright Alf L\u00f8vberg 1899 &#8211; 1986 Intervjuet ble opprinnelig publisert i Vestby Avis, H\u00f8stmagasinet 1984, sammen med fotografier som ikke lenger er tilgjengelige i originalkopier. Intervjuet &#8230; <\/p>\n<p class=\"read-more-container\"><a title=\"DEN SISTE BOHEM\" class=\"read-more button\" href=\"https:\/\/lokalmagasinet.no\/?p=21875#more-21875\">Les mer<span class=\"screen-reader-text\">DEN SISTE BOHEM<\/span><\/a><\/p>\n","protected":false},"author":6,"featured_media":0,"comment_status":"closed","ping_status":"closed","sticky":false,"template":"","format":"standard","meta":{"footnotes":""},"categories":[36,35,59],"tags":[],"class_list":["post-21875","post","type-post","status-publish","format-standard","hentry","category-kunst","category-minner","category-portrettintervju"],"yoast_head":"<!-- This site is optimized with the Yoast SEO plugin v27.4 - https:\/\/yoast.com\/product\/yoast-seo-wordpress\/ -->\n<title>DEN SISTE BOHEM | Lokalmagasinet.no<\/title>\n<meta name=\"robots\" content=\"index, follow, max-snippet:-1, max-image-preview:large, max-video-preview:-1\" \/>\n<link rel=\"canonical\" href=\"https:\/\/lokalmagasinet.no\/?p=21875\" \/>\n<meta property=\"og:locale\" content=\"nn_NO\" \/>\n<meta property=\"og:type\" content=\"article\" \/>\n<meta property=\"og:title\" content=\"DEN SISTE BOHEM | Lokalmagasinet.no\" \/>\n<meta property=\"og:description\" content=\"Foto: Sturla Strand \u00a9 Copyright Alf L\u00f8vberg 1899 &#8211; 1986 Intervjuet ble opprinnelig publisert i Vestby Avis, H\u00f8stmagasinet 1984, sammen med fotografier som ikke lenger er tilgjengelige i originalkopier. Intervjuet ... Les merDEN SISTE BOHEM\" \/>\n<meta property=\"og:url\" content=\"https:\/\/lokalmagasinet.no\/?p=21875\" \/>\n<meta property=\"og:site_name\" content=\"Lokalmagasinet.no\" \/>\n<meta property=\"article:publisher\" content=\"https:\/\/www.facebook.com\/sveinharald.strand.1\" \/>\n<meta property=\"article:author\" content=\"https:\/\/www.facebook.com\/sveinharald.strand.1\" \/>\n<meta property=\"article:published_time\" content=\"2024-02-11T10:03:13+00:00\" \/>\n<meta property=\"article:modified_time\" content=\"2024-02-11T10:39:09+00:00\" \/>\n<meta property=\"og:image\" content=\"https:\/\/web.archive.org\/web\/20180105184331im_\/http:\/\/www.lokalmagasinet.no\/ipub\/media\/lovb1sk_600.jpg\" \/>\n<meta name=\"author\" content=\"Svein-Harald Strand\" \/>\n<meta name=\"twitter:card\" content=\"summary_large_image\" \/>\n<meta name=\"twitter:creator\" content=\"@LMExtra\" \/>\n<meta name=\"twitter:site\" content=\"@LMExtra\" \/>\n<meta name=\"twitter:label1\" content=\"Written by\" \/>\n\t<meta name=\"twitter:data1\" content=\"Svein-Harald Strand\" \/>\n\t<meta name=\"twitter:label2\" content=\"Est. reading time\" \/>\n\t<meta name=\"twitter:data2\" content=\"4 minutt\" \/>\n<script type=\"application\/ld+json\" class=\"yoast-schema-graph\">{\"@context\":\"https:\\\/\\\/schema.org\",\"@graph\":[{\"@type\":\"Article\",\"@id\":\"https:\\\/\\\/lokalmagasinet.no\\\/?p=21875#article\",\"isPartOf\":{\"@id\":\"https:\\\/\\\/lokalmagasinet.no\\\/?p=21875\"},\"author\":{\"name\":\"Svein-Harald Strand\",\"@id\":\"https:\\\/\\\/lokalmagasinet.no\\\/#\\\/schema\\\/person\\\/2e8d221708d3aaf6f577275b5bba4310\"},\"headline\":\"DEN SISTE BOHEM\",\"datePublished\":\"2024-02-11T10:03:13+00:00\",\"dateModified\":\"2024-02-11T10:39:09+00:00\",\"mainEntityOfPage\":{\"@id\":\"https:\\\/\\\/lokalmagasinet.no\\\/?p=21875\"},\"wordCount\":879,\"publisher\":{\"@id\":\"https:\\\/\\\/lokalmagasinet.no\\\/#organization\"},\"image\":{\"@id\":\"https:\\\/\\\/lokalmagasinet.no\\\/?p=21875#primaryimage\"},\"thumbnailUrl\":\"https:\\\/\\\/web.archive.org\\\/web\\\/20180105184331im_\\\/http:\\\/\\\/www.lokalmagasinet.no\\\/ipub\\\/media\\\/lovb1sk_600.jpg\",\"articleSection\":[\"Kunst\",\"Minner\",\"Portrettintervju\"],\"inLanguage\":\"nn-NO\"},{\"@type\":\"WebPage\",\"@id\":\"https:\\\/\\\/lokalmagasinet.no\\\/?p=21875\",\"url\":\"https:\\\/\\\/lokalmagasinet.no\\\/?p=21875\",\"name\":\"DEN SISTE BOHEM | Lokalmagasinet.no\",\"isPartOf\":{\"@id\":\"https:\\\/\\\/lokalmagasinet.no\\\/#website\"},\"primaryImageOfPage\":{\"@id\":\"https:\\\/\\\/lokalmagasinet.no\\\/?p=21875#primaryimage\"},\"image\":{\"@id\":\"https:\\\/\\\/lokalmagasinet.no\\\/?p=21875#primaryimage\"},\"thumbnailUrl\":\"https:\\\/\\\/web.archive.org\\\/web\\\/20180105184331im_\\\/http:\\\/\\\/www.lokalmagasinet.no\\\/ipub\\\/media\\\/lovb1sk_600.jpg\",\"datePublished\":\"2024-02-11T10:03:13+00:00\",\"dateModified\":\"2024-02-11T10:39:09+00:00\",\"breadcrumb\":{\"@id\":\"https:\\\/\\\/lokalmagasinet.no\\\/?p=21875#breadcrumb\"},\"inLanguage\":\"nn-NO\",\"potentialAction\":[{\"@type\":\"ReadAction\",\"target\":[\"https:\\\/\\\/lokalmagasinet.no\\\/?p=21875\"]}]},{\"@type\":\"ImageObject\",\"inLanguage\":\"nn-NO\",\"@id\":\"https:\\\/\\\/lokalmagasinet.no\\\/?p=21875#primaryimage\",\"url\":\"https:\\\/\\\/web.archive.org\\\/web\\\/20180105184331im_\\\/http:\\\/\\\/www.lokalmagasinet.no\\\/ipub\\\/media\\\/lovb1sk_600.jpg\",\"contentUrl\":\"https:\\\/\\\/web.archive.org\\\/web\\\/20180105184331im_\\\/http:\\\/\\\/www.lokalmagasinet.no\\\/ipub\\\/media\\\/lovb1sk_600.jpg\"},{\"@type\":\"BreadcrumbList\",\"@id\":\"https:\\\/\\\/lokalmagasinet.no\\\/?p=21875#breadcrumb\",\"itemListElement\":[{\"@type\":\"ListItem\",\"position\":1,\"name\":\"Hjem\",\"item\":\"https:\\\/\\\/lokalmagasinet.no\\\/\"},{\"@type\":\"ListItem\",\"position\":2,\"name\":\"DEN SISTE BOHEM\"}]},{\"@type\":\"WebSite\",\"@id\":\"https:\\\/\\\/lokalmagasinet.no\\\/#website\",\"url\":\"https:\\\/\\\/lokalmagasinet.no\\\/\",\"name\":\"Lokalmagasinet.no\",\"description\":\"Fra fortid og n\u00e5tid. Med st\u00e5sted i det n\u00e6re. Siden 2002.\",\"publisher\":{\"@id\":\"https:\\\/\\\/lokalmagasinet.no\\\/#organization\"},\"potentialAction\":[{\"@type\":\"SearchAction\",\"target\":{\"@type\":\"EntryPoint\",\"urlTemplate\":\"https:\\\/\\\/lokalmagasinet.no\\\/?s={search_term_string}\"},\"query-input\":{\"@type\":\"PropertyValueSpecification\",\"valueRequired\":true,\"valueName\":\"search_term_string\"}}],\"inLanguage\":\"nn-NO\"},{\"@type\":\"Organization\",\"@id\":\"https:\\\/\\\/lokalmagasinet.no\\\/#organization\",\"name\":\"Lokalmagasinet.no\",\"url\":\"https:\\\/\\\/lokalmagasinet.no\\\/\",\"logo\":{\"@type\":\"ImageObject\",\"inLanguage\":\"nn-NO\",\"@id\":\"https:\\\/\\\/lokalmagasinet.no\\\/#\\\/schema\\\/logo\\\/image\\\/\",\"url\":\"https:\\\/\\\/lokalmagasinet.no\\\/wp-content\\\/uploads\\\/2021\\\/03\\\/cropped-cropped-cropped-cropped-cropped-cropped-lmlogo-e1640691300821.jpg\",\"contentUrl\":\"https:\\\/\\\/lokalmagasinet.no\\\/wp-content\\\/uploads\\\/2021\\\/03\\\/cropped-cropped-cropped-cropped-cropped-cropped-lmlogo-e1640691300821.jpg\",\"width\":72,\"height\":118,\"caption\":\"Lokalmagasinet.no\"},\"image\":{\"@id\":\"https:\\\/\\\/lokalmagasinet.no\\\/#\\\/schema\\\/logo\\\/image\\\/\"},\"sameAs\":[\"https:\\\/\\\/www.facebook.com\\\/sveinharald.strand.1\",\"https:\\\/\\\/x.com\\\/LMExtra\"]},{\"@type\":\"Person\",\"@id\":\"https:\\\/\\\/lokalmagasinet.no\\\/#\\\/schema\\\/person\\\/2e8d221708d3aaf6f577275b5bba4310\",\"name\":\"Svein-Harald Strand\",\"image\":{\"@type\":\"ImageObject\",\"inLanguage\":\"nn-NO\",\"@id\":\"https:\\\/\\\/secure.gravatar.com\\\/avatar\\\/c487434bdf6cd7c12e4a88877ae4b12c38d22b7ad64292b49d33ed7503bb7ce1?s=96&d=mm&r=g\",\"url\":\"https:\\\/\\\/secure.gravatar.com\\\/avatar\\\/c487434bdf6cd7c12e4a88877ae4b12c38d22b7ad64292b49d33ed7503bb7ce1?s=96&d=mm&r=g\",\"contentUrl\":\"https:\\\/\\\/secure.gravatar.com\\\/avatar\\\/c487434bdf6cd7c12e4a88877ae4b12c38d22b7ad64292b49d33ed7503bb7ce1?s=96&d=mm&r=g\",\"caption\":\"Svein-Harald Strand\"},\"description\":\"(F. 26.12.1945) Redakt\u00f8r, journalist og informasjonsarbeider siden 1968. ||| I 1963: Redaksjonell praktikant i 8 m\u00e5neder p\u00e5 full tid i Helgeland Arbeiderblad i hjembyen Mosj\u00f8en. ||| Arbeidende pensjonist med hjemmekontor fra 2008 (AFP) og videre som folkepensjonist til n\u00e5.\",\"sameAs\":[\"https:\\\/\\\/lokalmagasinet.no\\\/\",\"https:\\\/\\\/www.facebook.com\\\/sveinharald.strand.1\",\"https:\\\/\\\/x.com\\\/LMExtra\"],\"url\":\"https:\\\/\\\/lokalmagasinet.no\\\/?author=6\"}]}<\/script>\n<!-- \/ Yoast SEO plugin. -->","yoast_head_json":{"title":"DEN SISTE BOHEM | Lokalmagasinet.no","robots":{"index":"index","follow":"follow","max-snippet":"max-snippet:-1","max-image-preview":"max-image-preview:large","max-video-preview":"max-video-preview:-1"},"canonical":"https:\/\/lokalmagasinet.no\/?p=21875","og_locale":"nn_NO","og_type":"article","og_title":"DEN SISTE BOHEM | Lokalmagasinet.no","og_description":"Foto: Sturla Strand \u00a9 Copyright Alf L\u00f8vberg 1899 &#8211; 1986 Intervjuet ble opprinnelig publisert i Vestby Avis, H\u00f8stmagasinet 1984, sammen med fotografier som ikke lenger er tilgjengelige i originalkopier. Intervjuet ... Les merDEN SISTE BOHEM","og_url":"https:\/\/lokalmagasinet.no\/?p=21875","og_site_name":"Lokalmagasinet.no","article_publisher":"https:\/\/www.facebook.com\/sveinharald.strand.1","article_author":"https:\/\/www.facebook.com\/sveinharald.strand.1","article_published_time":"2024-02-11T10:03:13+00:00","article_modified_time":"2024-02-11T10:39:09+00:00","og_image":[{"url":"https:\/\/web.archive.org\/web\/20180105184331im_\/http:\/\/www.lokalmagasinet.no\/ipub\/media\/lovb1sk_600.jpg","type":"","width":"","height":""}],"author":"Svein-Harald Strand","twitter_card":"summary_large_image","twitter_creator":"@LMExtra","twitter_site":"@LMExtra","twitter_misc":{"Written by":"Svein-Harald Strand","Est. reading time":"4 minutt"},"schema":{"@context":"https:\/\/schema.org","@graph":[{"@type":"Article","@id":"https:\/\/lokalmagasinet.no\/?p=21875#article","isPartOf":{"@id":"https:\/\/lokalmagasinet.no\/?p=21875"},"author":{"name":"Svein-Harald Strand","@id":"https:\/\/lokalmagasinet.no\/#\/schema\/person\/2e8d221708d3aaf6f577275b5bba4310"},"headline":"DEN SISTE BOHEM","datePublished":"2024-02-11T10:03:13+00:00","dateModified":"2024-02-11T10:39:09+00:00","mainEntityOfPage":{"@id":"https:\/\/lokalmagasinet.no\/?p=21875"},"wordCount":879,"publisher":{"@id":"https:\/\/lokalmagasinet.no\/#organization"},"image":{"@id":"https:\/\/lokalmagasinet.no\/?p=21875#primaryimage"},"thumbnailUrl":"https:\/\/web.archive.org\/web\/20180105184331im_\/http:\/\/www.lokalmagasinet.no\/ipub\/media\/lovb1sk_600.jpg","articleSection":["Kunst","Minner","Portrettintervju"],"inLanguage":"nn-NO"},{"@type":"WebPage","@id":"https:\/\/lokalmagasinet.no\/?p=21875","url":"https:\/\/lokalmagasinet.no\/?p=21875","name":"DEN SISTE BOHEM | Lokalmagasinet.no","isPartOf":{"@id":"https:\/\/lokalmagasinet.no\/#website"},"primaryImageOfPage":{"@id":"https:\/\/lokalmagasinet.no\/?p=21875#primaryimage"},"image":{"@id":"https:\/\/lokalmagasinet.no\/?p=21875#primaryimage"},"thumbnailUrl":"https:\/\/web.archive.org\/web\/20180105184331im_\/http:\/\/www.lokalmagasinet.no\/ipub\/media\/lovb1sk_600.jpg","datePublished":"2024-02-11T10:03:13+00:00","dateModified":"2024-02-11T10:39:09+00:00","breadcrumb":{"@id":"https:\/\/lokalmagasinet.no\/?p=21875#breadcrumb"},"inLanguage":"nn-NO","potentialAction":[{"@type":"ReadAction","target":["https:\/\/lokalmagasinet.no\/?p=21875"]}]},{"@type":"ImageObject","inLanguage":"nn-NO","@id":"https:\/\/lokalmagasinet.no\/?p=21875#primaryimage","url":"https:\/\/web.archive.org\/web\/20180105184331im_\/http:\/\/www.lokalmagasinet.no\/ipub\/media\/lovb1sk_600.jpg","contentUrl":"https:\/\/web.archive.org\/web\/20180105184331im_\/http:\/\/www.lokalmagasinet.no\/ipub\/media\/lovb1sk_600.jpg"},{"@type":"BreadcrumbList","@id":"https:\/\/lokalmagasinet.no\/?p=21875#breadcrumb","itemListElement":[{"@type":"ListItem","position":1,"name":"Hjem","item":"https:\/\/lokalmagasinet.no\/"},{"@type":"ListItem","position":2,"name":"DEN SISTE BOHEM"}]},{"@type":"WebSite","@id":"https:\/\/lokalmagasinet.no\/#website","url":"https:\/\/lokalmagasinet.no\/","name":"Lokalmagasinet.no","description":"Fra fortid og n\u00e5tid. Med st\u00e5sted i det n\u00e6re. Siden 2002.","publisher":{"@id":"https:\/\/lokalmagasinet.no\/#organization"},"potentialAction":[{"@type":"SearchAction","target":{"@type":"EntryPoint","urlTemplate":"https:\/\/lokalmagasinet.no\/?s={search_term_string}"},"query-input":{"@type":"PropertyValueSpecification","valueRequired":true,"valueName":"search_term_string"}}],"inLanguage":"nn-NO"},{"@type":"Organization","@id":"https:\/\/lokalmagasinet.no\/#organization","name":"Lokalmagasinet.no","url":"https:\/\/lokalmagasinet.no\/","logo":{"@type":"ImageObject","inLanguage":"nn-NO","@id":"https:\/\/lokalmagasinet.no\/#\/schema\/logo\/image\/","url":"https:\/\/lokalmagasinet.no\/wp-content\/uploads\/2021\/03\/cropped-cropped-cropped-cropped-cropped-cropped-lmlogo-e1640691300821.jpg","contentUrl":"https:\/\/lokalmagasinet.no\/wp-content\/uploads\/2021\/03\/cropped-cropped-cropped-cropped-cropped-cropped-lmlogo-e1640691300821.jpg","width":72,"height":118,"caption":"Lokalmagasinet.no"},"image":{"@id":"https:\/\/lokalmagasinet.no\/#\/schema\/logo\/image\/"},"sameAs":["https:\/\/www.facebook.com\/sveinharald.strand.1","https:\/\/x.com\/LMExtra"]},{"@type":"Person","@id":"https:\/\/lokalmagasinet.no\/#\/schema\/person\/2e8d221708d3aaf6f577275b5bba4310","name":"Svein-Harald Strand","image":{"@type":"ImageObject","inLanguage":"nn-NO","@id":"https:\/\/secure.gravatar.com\/avatar\/c487434bdf6cd7c12e4a88877ae4b12c38d22b7ad64292b49d33ed7503bb7ce1?s=96&d=mm&r=g","url":"https:\/\/secure.gravatar.com\/avatar\/c487434bdf6cd7c12e4a88877ae4b12c38d22b7ad64292b49d33ed7503bb7ce1?s=96&d=mm&r=g","contentUrl":"https:\/\/secure.gravatar.com\/avatar\/c487434bdf6cd7c12e4a88877ae4b12c38d22b7ad64292b49d33ed7503bb7ce1?s=96&d=mm&r=g","caption":"Svein-Harald Strand"},"description":"(F. 26.12.1945) Redakt\u00f8r, journalist og informasjonsarbeider siden 1968. ||| I 1963: Redaksjonell praktikant i 8 m\u00e5neder p\u00e5 full tid i Helgeland Arbeiderblad i hjembyen Mosj\u00f8en. ||| Arbeidende pensjonist med hjemmekontor fra 2008 (AFP) og videre som folkepensjonist til n\u00e5.","sameAs":["https:\/\/lokalmagasinet.no\/","https:\/\/www.facebook.com\/sveinharald.strand.1","https:\/\/x.com\/LMExtra"],"url":"https:\/\/lokalmagasinet.no\/?author=6"}]}},"_links":{"self":[{"href":"https:\/\/lokalmagasinet.no\/index.php?rest_route=\/wp\/v2\/posts\/21875","targetHints":{"allow":["GET"]}}],"collection":[{"href":"https:\/\/lokalmagasinet.no\/index.php?rest_route=\/wp\/v2\/posts"}],"about":[{"href":"https:\/\/lokalmagasinet.no\/index.php?rest_route=\/wp\/v2\/types\/post"}],"author":[{"embeddable":true,"href":"https:\/\/lokalmagasinet.no\/index.php?rest_route=\/wp\/v2\/users\/6"}],"replies":[{"embeddable":true,"href":"https:\/\/lokalmagasinet.no\/index.php?rest_route=%2Fwp%2Fv2%2Fcomments&post=21875"}],"version-history":[{"count":15,"href":"https:\/\/lokalmagasinet.no\/index.php?rest_route=\/wp\/v2\/posts\/21875\/revisions"}],"predecessor-version":[{"id":21899,"href":"https:\/\/lokalmagasinet.no\/index.php?rest_route=\/wp\/v2\/posts\/21875\/revisions\/21899"}],"wp:attachment":[{"href":"https:\/\/lokalmagasinet.no\/index.php?rest_route=%2Fwp%2Fv2%2Fmedia&parent=21875"}],"wp:term":[{"taxonomy":"category","embeddable":true,"href":"https:\/\/lokalmagasinet.no\/index.php?rest_route=%2Fwp%2Fv2%2Fcategories&post=21875"},{"taxonomy":"post_tag","embeddable":true,"href":"https:\/\/lokalmagasinet.no\/index.php?rest_route=%2Fwp%2Fv2%2Ftags&post=21875"}],"curies":[{"name":"wp","href":"https:\/\/api.w.org\/{rel}","templated":true}]}}