{"id":22055,"date":"2024-02-20T11:01:35","date_gmt":"2024-02-20T10:01:35","guid":{"rendered":"https:\/\/lokalmagasinet.no\/?p=22055"},"modified":"2024-02-20T11:01:35","modified_gmt":"2024-02-20T10:01:35","slug":"2015-minneord-om-rauni-leena-kilde-luukanen","status":"publish","type":"post","link":"https:\/\/lokalmagasinet.no\/?p=22055","title":{"rendered":"2015: Minneord om Rauni Leena Kilde-Luukanen"},"content":{"rendered":"<p align=\"left\"><span class=\"i_skrift_mini\"><span class=\"i_skrift_stor\"><span class=\"i_skrift_normal\">(Fra LM <\/span><\/span>26.02.15) (Republisert 20.02.24) <\/span>(Reporter Svein-H. Strand)<strong> \u00d8verst i Feierbakken i lille Son i lille Norge bodde i mange \u00e5r og i det sv\u00e6rt stille en verdensber\u00f8mt forfatter og foredragsholder, finskf\u00f8dte Rauni Leena Kilde-Luukanen. Hun var utdannet lege, og p\u00e5 slutten av en lang kamp mot kreft ville hun hjem til Finland for blant annet \u00e5 ta den siste kampen der. Hun d\u00f8de 8. februar, 75 \u00e5r gammel, nesten ferdig med enda en bok for verdensmarkedet.<\/strong><\/p>\n<p><img loading=\"lazy\" decoding=\"async\" src=\"https:\/\/web.archive.org\/web\/20160328150920im_\/http:\/\/www.lokalmagasinet.no\/ipub\/media\/luukanenkilde.jpg\" alt=\"\" width=\"150\" height=\"190\" align=\"left\" hspace=\"8\" vspace=\"8\" \/><span class=\"i_skrift_mini\">Foto av Kilde-Luukanen:<\/span><span class=\"i_skrift_mini\"> Soppakanuuna\/no.wikipedia<\/span><\/p>\n<p align=\"left\">Nyheten n\u00e5dde LM i g\u00e5r fra en av hennes f\u00e5 n\u00e6re omgangsvenner i Son. Den er allerede registrert i bl.a. flere utgaver av det internasjonale nettleksikonet Wikipedia.<\/p>\n<p>I minneord p\u00e5 &laquo;alternative nettsteder&raquo; beskrives hun bl.a. som &laquo;et varmt medmenneske, med et lynende intellekt&raquo;. (Per-Vidar Nikolais\u00f8nn i lysetfranord.wordpress.com.)<\/p>\n<p>Hun deltok i en periode for noen \u00e5r siden p\u00e5 enkelte arrangementer i Den norske kirke i Vestby, men gjorde ikke &laquo;mye ut av seg&raquo; i den forbindelse. Jeg m\u00f8tte henne aldri; hun bare ble st\u00e5ende p\u00e5 &laquo;den langsiktige reportasjeplan&raquo;. Men etter det jeg har lest om Rauni Leena Kilde-Luukanen gjennom \u00e5rene, kan hun kanskje sies \u00e5 v\u00e6re en mild verdensdronning av det ytterst alternative verdenssyn.<\/p>\n<p>Ikke p\u00e5 noen m\u00e5te overraskende, s\u00e5 var hun b\u00e5de elsket og hatet &#8211; og i perioder l\u00f8gnaktig omtalt p\u00e5 internett, om hennes finske fortid i en offentlig legestilling &#8211; for et livslangt arbeid med \u00e5 utbre sine meninger og erfaringer. Om det som vel kan oppsummeres som det ytterste blant alternative standpunkt om verden og livet. Og om UFO-er, et liv etter d\u00f8den og djevelske konspirasjoner om bl.a. planmessig manipulering og kontroll av menneskers sinn og kropper.<\/p>\n<p>Luukanen-Kilde ble i 1986 utsatt for en st\u00f8rre bilulykke i Finland. \u00c5ret etter kom hun til Norge og ble gift med Sverre Kilde.<\/p>\n<p>Views: 203<\/p>","protected":false},"excerpt":{"rendered":"<p>(Fra LM 26.02.15) (Republisert 20.02.24) (Reporter Svein-H. Strand) \u00d8verst i Feierbakken i lille Son i lille Norge bodde i mange \u00e5r og i det sv\u00e6rt stille en verdensber\u00f8mt forfatter og &#8230; <\/p>\n<p class=\"read-more-container\"><a title=\"2015: Minneord om Rauni Leena Kilde-Luukanen\" class=\"read-more button\" href=\"https:\/\/lokalmagasinet.no\/?p=22055#more-22055\">Les mer<span class=\"screen-reader-text\">2015: Minneord om Rauni Leena Kilde-Luukanen<\/span><\/a><\/p>\n","protected":false},"author":6,"featured_media":0,"comment_status":"closed","ping_status":"closed","sticky":false,"template":"","format":"standard","meta":{"footnotes":""},"categories":[1],"tags":[],"class_list":["post-22055","post","type-post","status-publish","format-standard","hentry","category-aktuelt"],"yoast_head":"<!-- This site is optimized with the Yoast SEO plugin v27.4 - https:\/\/yoast.com\/product\/yoast-seo-wordpress\/ -->\n<title>2015: Minneord om Rauni Leena Kilde-Luukanen | Lokalmagasinet.no<\/title>\n<meta name=\"robots\" content=\"index, follow, max-snippet:-1, max-image-preview:large, max-video-preview:-1\" \/>\n<link rel=\"canonical\" href=\"https:\/\/lokalmagasinet.no\/?p=22055\" \/>\n<meta property=\"og:locale\" content=\"nn_NO\" \/>\n<meta property=\"og:type\" content=\"article\" \/>\n<meta property=\"og:title\" content=\"2015: Minneord om Rauni Leena Kilde-Luukanen | Lokalmagasinet.no\" \/>\n<meta property=\"og:description\" content=\"(Fra LM 26.02.15) (Republisert 20.02.24) (Reporter Svein-H. Strand) \u00d8verst i Feierbakken i lille Son i lille Norge bodde i mange \u00e5r og i det sv\u00e6rt stille en verdensber\u00f8mt forfatter og ... Les mer2015: Minneord om Rauni Leena Kilde-Luukanen\" \/>\n<meta property=\"og:url\" content=\"https:\/\/lokalmagasinet.no\/?p=22055\" \/>\n<meta property=\"og:site_name\" content=\"Lokalmagasinet.no\" \/>\n<meta property=\"article:publisher\" content=\"https:\/\/www.facebook.com\/sveinharald.strand.1\" \/>\n<meta property=\"article:author\" content=\"https:\/\/www.facebook.com\/sveinharald.strand.1\" \/>\n<meta property=\"article:published_time\" content=\"2024-02-20T10:01:35+00:00\" \/>\n<meta property=\"og:image\" content=\"https:\/\/web.archive.org\/web\/20160328150920im_\/http:\/\/www.lokalmagasinet.no\/ipub\/media\/luukanenkilde.jpg\" \/>\n<meta name=\"author\" content=\"Svein-Harald Strand\" \/>\n<meta name=\"twitter:card\" content=\"summary_large_image\" \/>\n<meta name=\"twitter:creator\" content=\"@LMExtra\" \/>\n<meta name=\"twitter:site\" content=\"@LMExtra\" \/>\n<meta name=\"twitter:label1\" content=\"Written by\" \/>\n\t<meta name=\"twitter:data1\" content=\"Svein-Harald Strand\" \/>\n\t<meta name=\"twitter:label2\" content=\"Est. reading time\" \/>\n\t<meta name=\"twitter:data2\" content=\"2 minutt\" \/>\n<script type=\"application\/ld+json\" class=\"yoast-schema-graph\">{\"@context\":\"https:\\\/\\\/schema.org\",\"@graph\":[{\"@type\":\"Article\",\"@id\":\"https:\\\/\\\/lokalmagasinet.no\\\/?p=22055#article\",\"isPartOf\":{\"@id\":\"https:\\\/\\\/lokalmagasinet.no\\\/?p=22055\"},\"author\":{\"name\":\"Svein-Harald Strand\",\"@id\":\"https:\\\/\\\/lokalmagasinet.no\\\/#\\\/schema\\\/person\\\/2e8d221708d3aaf6f577275b5bba4310\"},\"headline\":\"2015: Minneord om Rauni Leena Kilde-Luukanen\",\"datePublished\":\"2024-02-20T10:01:35+00:00\",\"mainEntityOfPage\":{\"@id\":\"https:\\\/\\\/lokalmagasinet.no\\\/?p=22055\"},\"wordCount\":314,\"publisher\":{\"@id\":\"https:\\\/\\\/lokalmagasinet.no\\\/#organization\"},\"image\":{\"@id\":\"https:\\\/\\\/lokalmagasinet.no\\\/?p=22055#primaryimage\"},\"thumbnailUrl\":\"https:\\\/\\\/web.archive.org\\\/web\\\/20160328150920im_\\\/http:\\\/\\\/www.lokalmagasinet.no\\\/ipub\\\/media\\\/luukanenkilde.jpg\",\"articleSection\":[\"Aktuelt\"],\"inLanguage\":\"nn-NO\"},{\"@type\":\"WebPage\",\"@id\":\"https:\\\/\\\/lokalmagasinet.no\\\/?p=22055\",\"url\":\"https:\\\/\\\/lokalmagasinet.no\\\/?p=22055\",\"name\":\"2015: Minneord om Rauni Leena Kilde-Luukanen | Lokalmagasinet.no\",\"isPartOf\":{\"@id\":\"https:\\\/\\\/lokalmagasinet.no\\\/#website\"},\"primaryImageOfPage\":{\"@id\":\"https:\\\/\\\/lokalmagasinet.no\\\/?p=22055#primaryimage\"},\"image\":{\"@id\":\"https:\\\/\\\/lokalmagasinet.no\\\/?p=22055#primaryimage\"},\"thumbnailUrl\":\"https:\\\/\\\/web.archive.org\\\/web\\\/20160328150920im_\\\/http:\\\/\\\/www.lokalmagasinet.no\\\/ipub\\\/media\\\/luukanenkilde.jpg\",\"datePublished\":\"2024-02-20T10:01:35+00:00\",\"breadcrumb\":{\"@id\":\"https:\\\/\\\/lokalmagasinet.no\\\/?p=22055#breadcrumb\"},\"inLanguage\":\"nn-NO\",\"potentialAction\":[{\"@type\":\"ReadAction\",\"target\":[\"https:\\\/\\\/lokalmagasinet.no\\\/?p=22055\"]}]},{\"@type\":\"ImageObject\",\"inLanguage\":\"nn-NO\",\"@id\":\"https:\\\/\\\/lokalmagasinet.no\\\/?p=22055#primaryimage\",\"url\":\"https:\\\/\\\/web.archive.org\\\/web\\\/20160328150920im_\\\/http:\\\/\\\/www.lokalmagasinet.no\\\/ipub\\\/media\\\/luukanenkilde.jpg\",\"contentUrl\":\"https:\\\/\\\/web.archive.org\\\/web\\\/20160328150920im_\\\/http:\\\/\\\/www.lokalmagasinet.no\\\/ipub\\\/media\\\/luukanenkilde.jpg\"},{\"@type\":\"BreadcrumbList\",\"@id\":\"https:\\\/\\\/lokalmagasinet.no\\\/?p=22055#breadcrumb\",\"itemListElement\":[{\"@type\":\"ListItem\",\"position\":1,\"name\":\"Hjem\",\"item\":\"https:\\\/\\\/lokalmagasinet.no\\\/\"},{\"@type\":\"ListItem\",\"position\":2,\"name\":\"2015: Minneord om Rauni Leena Kilde-Luukanen\"}]},{\"@type\":\"WebSite\",\"@id\":\"https:\\\/\\\/lokalmagasinet.no\\\/#website\",\"url\":\"https:\\\/\\\/lokalmagasinet.no\\\/\",\"name\":\"Lokalmagasinet.no\",\"description\":\"Fra fortid og n\u00e5tid. Med st\u00e5sted i det n\u00e6re. Siden 2002.\",\"publisher\":{\"@id\":\"https:\\\/\\\/lokalmagasinet.no\\\/#organization\"},\"potentialAction\":[{\"@type\":\"SearchAction\",\"target\":{\"@type\":\"EntryPoint\",\"urlTemplate\":\"https:\\\/\\\/lokalmagasinet.no\\\/?s={search_term_string}\"},\"query-input\":{\"@type\":\"PropertyValueSpecification\",\"valueRequired\":true,\"valueName\":\"search_term_string\"}}],\"inLanguage\":\"nn-NO\"},{\"@type\":\"Organization\",\"@id\":\"https:\\\/\\\/lokalmagasinet.no\\\/#organization\",\"name\":\"Lokalmagasinet.no\",\"url\":\"https:\\\/\\\/lokalmagasinet.no\\\/\",\"logo\":{\"@type\":\"ImageObject\",\"inLanguage\":\"nn-NO\",\"@id\":\"https:\\\/\\\/lokalmagasinet.no\\\/#\\\/schema\\\/logo\\\/image\\\/\",\"url\":\"https:\\\/\\\/lokalmagasinet.no\\\/wp-content\\\/uploads\\\/2021\\\/03\\\/cropped-cropped-cropped-cropped-cropped-cropped-lmlogo-e1640691300821.jpg\",\"contentUrl\":\"https:\\\/\\\/lokalmagasinet.no\\\/wp-content\\\/uploads\\\/2021\\\/03\\\/cropped-cropped-cropped-cropped-cropped-cropped-lmlogo-e1640691300821.jpg\",\"width\":72,\"height\":118,\"caption\":\"Lokalmagasinet.no\"},\"image\":{\"@id\":\"https:\\\/\\\/lokalmagasinet.no\\\/#\\\/schema\\\/logo\\\/image\\\/\"},\"sameAs\":[\"https:\\\/\\\/www.facebook.com\\\/sveinharald.strand.1\",\"https:\\\/\\\/x.com\\\/LMExtra\"]},{\"@type\":\"Person\",\"@id\":\"https:\\\/\\\/lokalmagasinet.no\\\/#\\\/schema\\\/person\\\/2e8d221708d3aaf6f577275b5bba4310\",\"name\":\"Svein-Harald Strand\",\"image\":{\"@type\":\"ImageObject\",\"inLanguage\":\"nn-NO\",\"@id\":\"https:\\\/\\\/secure.gravatar.com\\\/avatar\\\/c487434bdf6cd7c12e4a88877ae4b12c38d22b7ad64292b49d33ed7503bb7ce1?s=96&d=mm&r=g\",\"url\":\"https:\\\/\\\/secure.gravatar.com\\\/avatar\\\/c487434bdf6cd7c12e4a88877ae4b12c38d22b7ad64292b49d33ed7503bb7ce1?s=96&d=mm&r=g\",\"contentUrl\":\"https:\\\/\\\/secure.gravatar.com\\\/avatar\\\/c487434bdf6cd7c12e4a88877ae4b12c38d22b7ad64292b49d33ed7503bb7ce1?s=96&d=mm&r=g\",\"caption\":\"Svein-Harald Strand\"},\"description\":\"(F. 26.12.1945) Redakt\u00f8r, journalist og informasjonsarbeider siden 1968. ||| I 1963: Redaksjonell praktikant i 8 m\u00e5neder p\u00e5 full tid i Helgeland Arbeiderblad i hjembyen Mosj\u00f8en. ||| Arbeidende pensjonist med hjemmekontor fra 2008 (AFP) og videre som folkepensjonist til n\u00e5.\",\"sameAs\":[\"https:\\\/\\\/lokalmagasinet.no\\\/\",\"https:\\\/\\\/www.facebook.com\\\/sveinharald.strand.1\",\"https:\\\/\\\/x.com\\\/LMExtra\"],\"url\":\"https:\\\/\\\/lokalmagasinet.no\\\/?author=6\"}]}<\/script>\n<!-- \/ Yoast SEO plugin. -->","yoast_head_json":{"title":"2015: Minneord om Rauni Leena Kilde-Luukanen | Lokalmagasinet.no","robots":{"index":"index","follow":"follow","max-snippet":"max-snippet:-1","max-image-preview":"max-image-preview:large","max-video-preview":"max-video-preview:-1"},"canonical":"https:\/\/lokalmagasinet.no\/?p=22055","og_locale":"nn_NO","og_type":"article","og_title":"2015: Minneord om Rauni Leena Kilde-Luukanen | Lokalmagasinet.no","og_description":"(Fra LM 26.02.15) (Republisert 20.02.24) (Reporter Svein-H. Strand) \u00d8verst i Feierbakken i lille Son i lille Norge bodde i mange \u00e5r og i det sv\u00e6rt stille en verdensber\u00f8mt forfatter og ... Les mer2015: Minneord om Rauni Leena Kilde-Luukanen","og_url":"https:\/\/lokalmagasinet.no\/?p=22055","og_site_name":"Lokalmagasinet.no","article_publisher":"https:\/\/www.facebook.com\/sveinharald.strand.1","article_author":"https:\/\/www.facebook.com\/sveinharald.strand.1","article_published_time":"2024-02-20T10:01:35+00:00","og_image":[{"url":"https:\/\/web.archive.org\/web\/20160328150920im_\/http:\/\/www.lokalmagasinet.no\/ipub\/media\/luukanenkilde.jpg","type":"","width":"","height":""}],"author":"Svein-Harald Strand","twitter_card":"summary_large_image","twitter_creator":"@LMExtra","twitter_site":"@LMExtra","twitter_misc":{"Written by":"Svein-Harald Strand","Est. reading time":"2 minutt"},"schema":{"@context":"https:\/\/schema.org","@graph":[{"@type":"Article","@id":"https:\/\/lokalmagasinet.no\/?p=22055#article","isPartOf":{"@id":"https:\/\/lokalmagasinet.no\/?p=22055"},"author":{"name":"Svein-Harald Strand","@id":"https:\/\/lokalmagasinet.no\/#\/schema\/person\/2e8d221708d3aaf6f577275b5bba4310"},"headline":"2015: Minneord om Rauni Leena Kilde-Luukanen","datePublished":"2024-02-20T10:01:35+00:00","mainEntityOfPage":{"@id":"https:\/\/lokalmagasinet.no\/?p=22055"},"wordCount":314,"publisher":{"@id":"https:\/\/lokalmagasinet.no\/#organization"},"image":{"@id":"https:\/\/lokalmagasinet.no\/?p=22055#primaryimage"},"thumbnailUrl":"https:\/\/web.archive.org\/web\/20160328150920im_\/http:\/\/www.lokalmagasinet.no\/ipub\/media\/luukanenkilde.jpg","articleSection":["Aktuelt"],"inLanguage":"nn-NO"},{"@type":"WebPage","@id":"https:\/\/lokalmagasinet.no\/?p=22055","url":"https:\/\/lokalmagasinet.no\/?p=22055","name":"2015: Minneord om Rauni Leena Kilde-Luukanen | Lokalmagasinet.no","isPartOf":{"@id":"https:\/\/lokalmagasinet.no\/#website"},"primaryImageOfPage":{"@id":"https:\/\/lokalmagasinet.no\/?p=22055#primaryimage"},"image":{"@id":"https:\/\/lokalmagasinet.no\/?p=22055#primaryimage"},"thumbnailUrl":"https:\/\/web.archive.org\/web\/20160328150920im_\/http:\/\/www.lokalmagasinet.no\/ipub\/media\/luukanenkilde.jpg","datePublished":"2024-02-20T10:01:35+00:00","breadcrumb":{"@id":"https:\/\/lokalmagasinet.no\/?p=22055#breadcrumb"},"inLanguage":"nn-NO","potentialAction":[{"@type":"ReadAction","target":["https:\/\/lokalmagasinet.no\/?p=22055"]}]},{"@type":"ImageObject","inLanguage":"nn-NO","@id":"https:\/\/lokalmagasinet.no\/?p=22055#primaryimage","url":"https:\/\/web.archive.org\/web\/20160328150920im_\/http:\/\/www.lokalmagasinet.no\/ipub\/media\/luukanenkilde.jpg","contentUrl":"https:\/\/web.archive.org\/web\/20160328150920im_\/http:\/\/www.lokalmagasinet.no\/ipub\/media\/luukanenkilde.jpg"},{"@type":"BreadcrumbList","@id":"https:\/\/lokalmagasinet.no\/?p=22055#breadcrumb","itemListElement":[{"@type":"ListItem","position":1,"name":"Hjem","item":"https:\/\/lokalmagasinet.no\/"},{"@type":"ListItem","position":2,"name":"2015: Minneord om Rauni Leena Kilde-Luukanen"}]},{"@type":"WebSite","@id":"https:\/\/lokalmagasinet.no\/#website","url":"https:\/\/lokalmagasinet.no\/","name":"Lokalmagasinet.no","description":"Fra fortid og n\u00e5tid. Med st\u00e5sted i det n\u00e6re. Siden 2002.","publisher":{"@id":"https:\/\/lokalmagasinet.no\/#organization"},"potentialAction":[{"@type":"SearchAction","target":{"@type":"EntryPoint","urlTemplate":"https:\/\/lokalmagasinet.no\/?s={search_term_string}"},"query-input":{"@type":"PropertyValueSpecification","valueRequired":true,"valueName":"search_term_string"}}],"inLanguage":"nn-NO"},{"@type":"Organization","@id":"https:\/\/lokalmagasinet.no\/#organization","name":"Lokalmagasinet.no","url":"https:\/\/lokalmagasinet.no\/","logo":{"@type":"ImageObject","inLanguage":"nn-NO","@id":"https:\/\/lokalmagasinet.no\/#\/schema\/logo\/image\/","url":"https:\/\/lokalmagasinet.no\/wp-content\/uploads\/2021\/03\/cropped-cropped-cropped-cropped-cropped-cropped-lmlogo-e1640691300821.jpg","contentUrl":"https:\/\/lokalmagasinet.no\/wp-content\/uploads\/2021\/03\/cropped-cropped-cropped-cropped-cropped-cropped-lmlogo-e1640691300821.jpg","width":72,"height":118,"caption":"Lokalmagasinet.no"},"image":{"@id":"https:\/\/lokalmagasinet.no\/#\/schema\/logo\/image\/"},"sameAs":["https:\/\/www.facebook.com\/sveinharald.strand.1","https:\/\/x.com\/LMExtra"]},{"@type":"Person","@id":"https:\/\/lokalmagasinet.no\/#\/schema\/person\/2e8d221708d3aaf6f577275b5bba4310","name":"Svein-Harald Strand","image":{"@type":"ImageObject","inLanguage":"nn-NO","@id":"https:\/\/secure.gravatar.com\/avatar\/c487434bdf6cd7c12e4a88877ae4b12c38d22b7ad64292b49d33ed7503bb7ce1?s=96&d=mm&r=g","url":"https:\/\/secure.gravatar.com\/avatar\/c487434bdf6cd7c12e4a88877ae4b12c38d22b7ad64292b49d33ed7503bb7ce1?s=96&d=mm&r=g","contentUrl":"https:\/\/secure.gravatar.com\/avatar\/c487434bdf6cd7c12e4a88877ae4b12c38d22b7ad64292b49d33ed7503bb7ce1?s=96&d=mm&r=g","caption":"Svein-Harald Strand"},"description":"(F. 26.12.1945) Redakt\u00f8r, journalist og informasjonsarbeider siden 1968. ||| I 1963: Redaksjonell praktikant i 8 m\u00e5neder p\u00e5 full tid i Helgeland Arbeiderblad i hjembyen Mosj\u00f8en. ||| Arbeidende pensjonist med hjemmekontor fra 2008 (AFP) og videre som folkepensjonist til n\u00e5.","sameAs":["https:\/\/lokalmagasinet.no\/","https:\/\/www.facebook.com\/sveinharald.strand.1","https:\/\/x.com\/LMExtra"],"url":"https:\/\/lokalmagasinet.no\/?author=6"}]}},"_links":{"self":[{"href":"https:\/\/lokalmagasinet.no\/index.php?rest_route=\/wp\/v2\/posts\/22055","targetHints":{"allow":["GET"]}}],"collection":[{"href":"https:\/\/lokalmagasinet.no\/index.php?rest_route=\/wp\/v2\/posts"}],"about":[{"href":"https:\/\/lokalmagasinet.no\/index.php?rest_route=\/wp\/v2\/types\/post"}],"author":[{"embeddable":true,"href":"https:\/\/lokalmagasinet.no\/index.php?rest_route=\/wp\/v2\/users\/6"}],"replies":[{"embeddable":true,"href":"https:\/\/lokalmagasinet.no\/index.php?rest_route=%2Fwp%2Fv2%2Fcomments&post=22055"}],"version-history":[{"count":3,"href":"https:\/\/lokalmagasinet.no\/index.php?rest_route=\/wp\/v2\/posts\/22055\/revisions"}],"predecessor-version":[{"id":22058,"href":"https:\/\/lokalmagasinet.no\/index.php?rest_route=\/wp\/v2\/posts\/22055\/revisions\/22058"}],"wp:attachment":[{"href":"https:\/\/lokalmagasinet.no\/index.php?rest_route=%2Fwp%2Fv2%2Fmedia&parent=22055"}],"wp:term":[{"taxonomy":"category","embeddable":true,"href":"https:\/\/lokalmagasinet.no\/index.php?rest_route=%2Fwp%2Fv2%2Fcategories&post=22055"},{"taxonomy":"post_tag","embeddable":true,"href":"https:\/\/lokalmagasinet.no\/index.php?rest_route=%2Fwp%2Fv2%2Ftags&post=22055"}],"curies":[{"name":"wp","href":"https:\/\/api.w.org\/{rel}","templated":true}]}}