{"id":22078,"date":"2024-02-21T12:40:06","date_gmt":"2024-02-21T11:40:06","guid":{"rendered":"https:\/\/lokalmagasinet.no\/?p=22078"},"modified":"2024-02-21T14:12:13","modified_gmt":"2024-02-21T13:12:13","slug":"gratulerer-med-dagen-2","status":"publish","type":"post","link":"https:\/\/lokalmagasinet.no\/?p=22078","title":{"rendered":"GRATULERER MED DAGEN!"},"content":{"rendered":"<figure id=\"attachment_22077\" aria-describedby=\"caption-attachment-22077\" style=\"width: 1579px\" class=\"wp-caption alignnone\"><img loading=\"lazy\" decoding=\"async\" class=\"size-full wp-image-22077\" src=\"https:\/\/lokalmagasinet.no\/wp-content\/uploads\/2024\/02\/1ae04bb1e5a8fb549b753656c739d02560d1da3071afe-scaled.jpg\" alt=\"\" width=\"1579\" height=\"2048\" srcset=\"https:\/\/lokalmagasinet.no\/wp-content\/uploads\/2024\/02\/1ae04bb1e5a8fb549b753656c739d02560d1da3071afe-scaled.jpg 1579w, https:\/\/lokalmagasinet.no\/wp-content\/uploads\/2024\/02\/1ae04bb1e5a8fb549b753656c739d02560d1da3071afe-231x300.jpg 231w, https:\/\/lokalmagasinet.no\/wp-content\/uploads\/2024\/02\/1ae04bb1e5a8fb549b753656c739d02560d1da3071afe-790x1024.jpg 790w, https:\/\/lokalmagasinet.no\/wp-content\/uploads\/2024\/02\/1ae04bb1e5a8fb549b753656c739d02560d1da3071afe-116x150.jpg 116w, https:\/\/lokalmagasinet.no\/wp-content\/uploads\/2024\/02\/1ae04bb1e5a8fb549b753656c739d02560d1da3071afe-768x996.jpg 768w, https:\/\/lokalmagasinet.no\/wp-content\/uploads\/2024\/02\/1ae04bb1e5a8fb549b753656c739d02560d1da3071afe-1184x1536.jpg 1184w\" sizes=\"auto, (max-width: 1579px) 100vw, 1579px\" \/><figcaption id=\"caption-attachment-22077\" class=\"wp-caption-text\"><em>Hans Majestet Kong Harald. Publisert 23. juni 2021 i anledning 30-\u00e5rsdagen for Kongeparets signing. Bildet er bare til redaksjonell bruk &#8211; ikke for salg.<\/em> (Foto: J\u00f8rgen Gomn\u00e6s \/ Det kongelige hoff)<\/figcaption><\/figure>\n<p>(Publisert 21.02.24)<strong> Hans Majestet Kong Harald fyller i dag 87 \u00e5r. Kongen markerer selv dagen p\u00e5 privat reise i utlandet. Herfra sier vi, som alltid: GRATULERER med dagen &#8211; og ha en trivelig bursdag!<\/strong><\/p>\n<p>Views: 77<\/p>","protected":false},"excerpt":{"rendered":"<p>(Publisert 21.02.24) Hans Majestet Kong Harald fyller i dag 87 \u00e5r. Kongen markerer selv dagen p\u00e5 privat reise i utlandet. Herfra sier vi, som alltid: GRATULERER med dagen &#8211; og &#8230; <\/p>\n<p class=\"read-more-container\"><a title=\"GRATULERER MED DAGEN!\" class=\"read-more button\" href=\"https:\/\/lokalmagasinet.no\/?p=22078#more-22078\">Les mer<span class=\"screen-reader-text\">GRATULERER MED DAGEN!<\/span><\/a><\/p>\n","protected":false},"author":6,"featured_media":0,"comment_status":"closed","ping_status":"closed","sticky":false,"template":"","format":"standard","meta":{"footnotes":""},"categories":[1],"tags":[],"class_list":["post-22078","post","type-post","status-publish","format-standard","hentry","category-aktuelt"],"yoast_head":"<!-- This site is optimized with the Yoast SEO plugin v27.4 - https:\/\/yoast.com\/product\/yoast-seo-wordpress\/ -->\n<title>GRATULERER MED DAGEN! | Lokalmagasinet.no<\/title>\n<meta name=\"robots\" content=\"index, follow, max-snippet:-1, max-image-preview:large, max-video-preview:-1\" \/>\n<link rel=\"canonical\" href=\"https:\/\/lokalmagasinet.no\/?p=22078\" \/>\n<meta property=\"og:locale\" content=\"nn_NO\" \/>\n<meta property=\"og:type\" content=\"article\" \/>\n<meta property=\"og:title\" content=\"GRATULERER MED DAGEN! | Lokalmagasinet.no\" \/>\n<meta property=\"og:description\" content=\"(Publisert 21.02.24) Hans Majestet Kong Harald fyller i dag 87 \u00e5r. Kongen markerer selv dagen p\u00e5 privat reise i utlandet. Herfra sier vi, som alltid: GRATULERER med dagen &#8211; og ... Les merGRATULERER MED DAGEN!\" \/>\n<meta property=\"og:url\" content=\"https:\/\/lokalmagasinet.no\/?p=22078\" \/>\n<meta property=\"og:site_name\" content=\"Lokalmagasinet.no\" \/>\n<meta property=\"article:publisher\" content=\"https:\/\/www.facebook.com\/sveinharald.strand.1\" \/>\n<meta property=\"article:author\" content=\"https:\/\/www.facebook.com\/sveinharald.strand.1\" \/>\n<meta property=\"article:published_time\" content=\"2024-02-21T11:40:06+00:00\" \/>\n<meta property=\"article:modified_time\" content=\"2024-02-21T13:12:13+00:00\" \/>\n<meta property=\"og:image\" content=\"https:\/\/lokalmagasinet.no\/wp-content\/uploads\/2024\/02\/1ae04bb1e5a8fb549b753656c739d02560d1da3071afe-scaled.jpg\" \/>\n<meta name=\"author\" content=\"Svein-Harald Strand\" \/>\n<meta name=\"twitter:card\" content=\"summary_large_image\" \/>\n<meta name=\"twitter:creator\" content=\"@LMExtra\" \/>\n<meta name=\"twitter:site\" content=\"@LMExtra\" \/>\n<meta name=\"twitter:label1\" content=\"Written by\" \/>\n\t<meta name=\"twitter:data1\" content=\"Svein-Harald Strand\" \/>\n<script type=\"application\/ld+json\" class=\"yoast-schema-graph\">{\"@context\":\"https:\\\/\\\/schema.org\",\"@graph\":[{\"@type\":\"Article\",\"@id\":\"https:\\\/\\\/lokalmagasinet.no\\\/?p=22078#article\",\"isPartOf\":{\"@id\":\"https:\\\/\\\/lokalmagasinet.no\\\/?p=22078\"},\"author\":{\"name\":\"Svein-Harald Strand\",\"@id\":\"https:\\\/\\\/lokalmagasinet.no\\\/#\\\/schema\\\/person\\\/2e8d221708d3aaf6f577275b5bba4310\"},\"headline\":\"GRATULERER MED DAGEN!\",\"datePublished\":\"2024-02-21T11:40:06+00:00\",\"dateModified\":\"2024-02-21T13:12:13+00:00\",\"mainEntityOfPage\":{\"@id\":\"https:\\\/\\\/lokalmagasinet.no\\\/?p=22078\"},\"wordCount\":73,\"publisher\":{\"@id\":\"https:\\\/\\\/lokalmagasinet.no\\\/#organization\"},\"image\":{\"@id\":\"https:\\\/\\\/lokalmagasinet.no\\\/?p=22078#primaryimage\"},\"thumbnailUrl\":\"https:\\\/\\\/lokalmagasinet.no\\\/wp-content\\\/uploads\\\/2024\\\/02\\\/1ae04bb1e5a8fb549b753656c739d02560d1da3071afe-scaled.jpg\",\"articleSection\":[\"Aktuelt\"],\"inLanguage\":\"nn-NO\"},{\"@type\":\"WebPage\",\"@id\":\"https:\\\/\\\/lokalmagasinet.no\\\/?p=22078\",\"url\":\"https:\\\/\\\/lokalmagasinet.no\\\/?p=22078\",\"name\":\"GRATULERER MED DAGEN! | Lokalmagasinet.no\",\"isPartOf\":{\"@id\":\"https:\\\/\\\/lokalmagasinet.no\\\/#website\"},\"primaryImageOfPage\":{\"@id\":\"https:\\\/\\\/lokalmagasinet.no\\\/?p=22078#primaryimage\"},\"image\":{\"@id\":\"https:\\\/\\\/lokalmagasinet.no\\\/?p=22078#primaryimage\"},\"thumbnailUrl\":\"https:\\\/\\\/lokalmagasinet.no\\\/wp-content\\\/uploads\\\/2024\\\/02\\\/1ae04bb1e5a8fb549b753656c739d02560d1da3071afe-scaled.jpg\",\"datePublished\":\"2024-02-21T11:40:06+00:00\",\"dateModified\":\"2024-02-21T13:12:13+00:00\",\"breadcrumb\":{\"@id\":\"https:\\\/\\\/lokalmagasinet.no\\\/?p=22078#breadcrumb\"},\"inLanguage\":\"nn-NO\",\"potentialAction\":[{\"@type\":\"ReadAction\",\"target\":[\"https:\\\/\\\/lokalmagasinet.no\\\/?p=22078\"]}]},{\"@type\":\"ImageObject\",\"inLanguage\":\"nn-NO\",\"@id\":\"https:\\\/\\\/lokalmagasinet.no\\\/?p=22078#primaryimage\",\"url\":\"https:\\\/\\\/lokalmagasinet.no\\\/wp-content\\\/uploads\\\/2024\\\/02\\\/1ae04bb1e5a8fb549b753656c739d02560d1da3071afe-scaled.jpg\",\"contentUrl\":\"https:\\\/\\\/lokalmagasinet.no\\\/wp-content\\\/uploads\\\/2024\\\/02\\\/1ae04bb1e5a8fb549b753656c739d02560d1da3071afe-scaled.jpg\",\"width\":1579,\"height\":2048,\"caption\":\"Pressefoto fra Det Kongelige Slott. Hans Majestet Kong Harald. Handoutbilde fra Det kongelige hoff, publisert 23. juni 2021 i anledning 30-\u00e5rsdagen for Kongeparets signing. Bildet er bare til redaksjonell bruk - ikke for salg. Foto: J\u00f8rgen Gomn\u00e6s \\\/ Det kongelige hoff.\"},{\"@type\":\"BreadcrumbList\",\"@id\":\"https:\\\/\\\/lokalmagasinet.no\\\/?p=22078#breadcrumb\",\"itemListElement\":[{\"@type\":\"ListItem\",\"position\":1,\"name\":\"Hjem\",\"item\":\"https:\\\/\\\/lokalmagasinet.no\\\/\"},{\"@type\":\"ListItem\",\"position\":2,\"name\":\"GRATULERER MED DAGEN!\"}]},{\"@type\":\"WebSite\",\"@id\":\"https:\\\/\\\/lokalmagasinet.no\\\/#website\",\"url\":\"https:\\\/\\\/lokalmagasinet.no\\\/\",\"name\":\"Lokalmagasinet.no\",\"description\":\"Fra fortid og n\u00e5tid. Med st\u00e5sted i det n\u00e6re. Siden 2002.\",\"publisher\":{\"@id\":\"https:\\\/\\\/lokalmagasinet.no\\\/#organization\"},\"potentialAction\":[{\"@type\":\"SearchAction\",\"target\":{\"@type\":\"EntryPoint\",\"urlTemplate\":\"https:\\\/\\\/lokalmagasinet.no\\\/?s={search_term_string}\"},\"query-input\":{\"@type\":\"PropertyValueSpecification\",\"valueRequired\":true,\"valueName\":\"search_term_string\"}}],\"inLanguage\":\"nn-NO\"},{\"@type\":\"Organization\",\"@id\":\"https:\\\/\\\/lokalmagasinet.no\\\/#organization\",\"name\":\"Lokalmagasinet.no\",\"url\":\"https:\\\/\\\/lokalmagasinet.no\\\/\",\"logo\":{\"@type\":\"ImageObject\",\"inLanguage\":\"nn-NO\",\"@id\":\"https:\\\/\\\/lokalmagasinet.no\\\/#\\\/schema\\\/logo\\\/image\\\/\",\"url\":\"https:\\\/\\\/lokalmagasinet.no\\\/wp-content\\\/uploads\\\/2021\\\/03\\\/cropped-cropped-cropped-cropped-cropped-cropped-lmlogo-e1640691300821.jpg\",\"contentUrl\":\"https:\\\/\\\/lokalmagasinet.no\\\/wp-content\\\/uploads\\\/2021\\\/03\\\/cropped-cropped-cropped-cropped-cropped-cropped-lmlogo-e1640691300821.jpg\",\"width\":72,\"height\":118,\"caption\":\"Lokalmagasinet.no\"},\"image\":{\"@id\":\"https:\\\/\\\/lokalmagasinet.no\\\/#\\\/schema\\\/logo\\\/image\\\/\"},\"sameAs\":[\"https:\\\/\\\/www.facebook.com\\\/sveinharald.strand.1\",\"https:\\\/\\\/x.com\\\/LMExtra\"]},{\"@type\":\"Person\",\"@id\":\"https:\\\/\\\/lokalmagasinet.no\\\/#\\\/schema\\\/person\\\/2e8d221708d3aaf6f577275b5bba4310\",\"name\":\"Svein-Harald Strand\",\"image\":{\"@type\":\"ImageObject\",\"inLanguage\":\"nn-NO\",\"@id\":\"https:\\\/\\\/secure.gravatar.com\\\/avatar\\\/c487434bdf6cd7c12e4a88877ae4b12c38d22b7ad64292b49d33ed7503bb7ce1?s=96&d=mm&r=g\",\"url\":\"https:\\\/\\\/secure.gravatar.com\\\/avatar\\\/c487434bdf6cd7c12e4a88877ae4b12c38d22b7ad64292b49d33ed7503bb7ce1?s=96&d=mm&r=g\",\"contentUrl\":\"https:\\\/\\\/secure.gravatar.com\\\/avatar\\\/c487434bdf6cd7c12e4a88877ae4b12c38d22b7ad64292b49d33ed7503bb7ce1?s=96&d=mm&r=g\",\"caption\":\"Svein-Harald Strand\"},\"description\":\"(F. 26.12.1945) Redakt\u00f8r, journalist og informasjonsarbeider siden 1968. ||| I 1963: Redaksjonell praktikant i 8 m\u00e5neder p\u00e5 full tid i Helgeland Arbeiderblad i hjembyen Mosj\u00f8en. ||| Arbeidende pensjonist med hjemmekontor fra 2008 (AFP) og videre som folkepensjonist til n\u00e5.\",\"sameAs\":[\"https:\\\/\\\/lokalmagasinet.no\\\/\",\"https:\\\/\\\/www.facebook.com\\\/sveinharald.strand.1\",\"https:\\\/\\\/x.com\\\/LMExtra\"],\"url\":\"https:\\\/\\\/lokalmagasinet.no\\\/?author=6\"}]}<\/script>\n<!-- \/ Yoast SEO plugin. -->","yoast_head_json":{"title":"GRATULERER MED DAGEN! | Lokalmagasinet.no","robots":{"index":"index","follow":"follow","max-snippet":"max-snippet:-1","max-image-preview":"max-image-preview:large","max-video-preview":"max-video-preview:-1"},"canonical":"https:\/\/lokalmagasinet.no\/?p=22078","og_locale":"nn_NO","og_type":"article","og_title":"GRATULERER MED DAGEN! | Lokalmagasinet.no","og_description":"(Publisert 21.02.24) Hans Majestet Kong Harald fyller i dag 87 \u00e5r. Kongen markerer selv dagen p\u00e5 privat reise i utlandet. Herfra sier vi, som alltid: GRATULERER med dagen &#8211; og ... Les merGRATULERER MED DAGEN!","og_url":"https:\/\/lokalmagasinet.no\/?p=22078","og_site_name":"Lokalmagasinet.no","article_publisher":"https:\/\/www.facebook.com\/sveinharald.strand.1","article_author":"https:\/\/www.facebook.com\/sveinharald.strand.1","article_published_time":"2024-02-21T11:40:06+00:00","article_modified_time":"2024-02-21T13:12:13+00:00","og_image":[{"url":"https:\/\/lokalmagasinet.no\/wp-content\/uploads\/2024\/02\/1ae04bb1e5a8fb549b753656c739d02560d1da3071afe-scaled.jpg","type":"","width":"","height":""}],"author":"Svein-Harald Strand","twitter_card":"summary_large_image","twitter_creator":"@LMExtra","twitter_site":"@LMExtra","twitter_misc":{"Written by":"Svein-Harald Strand"},"schema":{"@context":"https:\/\/schema.org","@graph":[{"@type":"Article","@id":"https:\/\/lokalmagasinet.no\/?p=22078#article","isPartOf":{"@id":"https:\/\/lokalmagasinet.no\/?p=22078"},"author":{"name":"Svein-Harald Strand","@id":"https:\/\/lokalmagasinet.no\/#\/schema\/person\/2e8d221708d3aaf6f577275b5bba4310"},"headline":"GRATULERER MED DAGEN!","datePublished":"2024-02-21T11:40:06+00:00","dateModified":"2024-02-21T13:12:13+00:00","mainEntityOfPage":{"@id":"https:\/\/lokalmagasinet.no\/?p=22078"},"wordCount":73,"publisher":{"@id":"https:\/\/lokalmagasinet.no\/#organization"},"image":{"@id":"https:\/\/lokalmagasinet.no\/?p=22078#primaryimage"},"thumbnailUrl":"https:\/\/lokalmagasinet.no\/wp-content\/uploads\/2024\/02\/1ae04bb1e5a8fb549b753656c739d02560d1da3071afe-scaled.jpg","articleSection":["Aktuelt"],"inLanguage":"nn-NO"},{"@type":"WebPage","@id":"https:\/\/lokalmagasinet.no\/?p=22078","url":"https:\/\/lokalmagasinet.no\/?p=22078","name":"GRATULERER MED DAGEN! | Lokalmagasinet.no","isPartOf":{"@id":"https:\/\/lokalmagasinet.no\/#website"},"primaryImageOfPage":{"@id":"https:\/\/lokalmagasinet.no\/?p=22078#primaryimage"},"image":{"@id":"https:\/\/lokalmagasinet.no\/?p=22078#primaryimage"},"thumbnailUrl":"https:\/\/lokalmagasinet.no\/wp-content\/uploads\/2024\/02\/1ae04bb1e5a8fb549b753656c739d02560d1da3071afe-scaled.jpg","datePublished":"2024-02-21T11:40:06+00:00","dateModified":"2024-02-21T13:12:13+00:00","breadcrumb":{"@id":"https:\/\/lokalmagasinet.no\/?p=22078#breadcrumb"},"inLanguage":"nn-NO","potentialAction":[{"@type":"ReadAction","target":["https:\/\/lokalmagasinet.no\/?p=22078"]}]},{"@type":"ImageObject","inLanguage":"nn-NO","@id":"https:\/\/lokalmagasinet.no\/?p=22078#primaryimage","url":"https:\/\/lokalmagasinet.no\/wp-content\/uploads\/2024\/02\/1ae04bb1e5a8fb549b753656c739d02560d1da3071afe-scaled.jpg","contentUrl":"https:\/\/lokalmagasinet.no\/wp-content\/uploads\/2024\/02\/1ae04bb1e5a8fb549b753656c739d02560d1da3071afe-scaled.jpg","width":1579,"height":2048,"caption":"Pressefoto fra Det Kongelige Slott. Hans Majestet Kong Harald. Handoutbilde fra Det kongelige hoff, publisert 23. juni 2021 i anledning 30-\u00e5rsdagen for Kongeparets signing. Bildet er bare til redaksjonell bruk - ikke for salg. Foto: J\u00f8rgen Gomn\u00e6s \/ Det kongelige hoff."},{"@type":"BreadcrumbList","@id":"https:\/\/lokalmagasinet.no\/?p=22078#breadcrumb","itemListElement":[{"@type":"ListItem","position":1,"name":"Hjem","item":"https:\/\/lokalmagasinet.no\/"},{"@type":"ListItem","position":2,"name":"GRATULERER MED DAGEN!"}]},{"@type":"WebSite","@id":"https:\/\/lokalmagasinet.no\/#website","url":"https:\/\/lokalmagasinet.no\/","name":"Lokalmagasinet.no","description":"Fra fortid og n\u00e5tid. Med st\u00e5sted i det n\u00e6re. Siden 2002.","publisher":{"@id":"https:\/\/lokalmagasinet.no\/#organization"},"potentialAction":[{"@type":"SearchAction","target":{"@type":"EntryPoint","urlTemplate":"https:\/\/lokalmagasinet.no\/?s={search_term_string}"},"query-input":{"@type":"PropertyValueSpecification","valueRequired":true,"valueName":"search_term_string"}}],"inLanguage":"nn-NO"},{"@type":"Organization","@id":"https:\/\/lokalmagasinet.no\/#organization","name":"Lokalmagasinet.no","url":"https:\/\/lokalmagasinet.no\/","logo":{"@type":"ImageObject","inLanguage":"nn-NO","@id":"https:\/\/lokalmagasinet.no\/#\/schema\/logo\/image\/","url":"https:\/\/lokalmagasinet.no\/wp-content\/uploads\/2021\/03\/cropped-cropped-cropped-cropped-cropped-cropped-lmlogo-e1640691300821.jpg","contentUrl":"https:\/\/lokalmagasinet.no\/wp-content\/uploads\/2021\/03\/cropped-cropped-cropped-cropped-cropped-cropped-lmlogo-e1640691300821.jpg","width":72,"height":118,"caption":"Lokalmagasinet.no"},"image":{"@id":"https:\/\/lokalmagasinet.no\/#\/schema\/logo\/image\/"},"sameAs":["https:\/\/www.facebook.com\/sveinharald.strand.1","https:\/\/x.com\/LMExtra"]},{"@type":"Person","@id":"https:\/\/lokalmagasinet.no\/#\/schema\/person\/2e8d221708d3aaf6f577275b5bba4310","name":"Svein-Harald Strand","image":{"@type":"ImageObject","inLanguage":"nn-NO","@id":"https:\/\/secure.gravatar.com\/avatar\/c487434bdf6cd7c12e4a88877ae4b12c38d22b7ad64292b49d33ed7503bb7ce1?s=96&d=mm&r=g","url":"https:\/\/secure.gravatar.com\/avatar\/c487434bdf6cd7c12e4a88877ae4b12c38d22b7ad64292b49d33ed7503bb7ce1?s=96&d=mm&r=g","contentUrl":"https:\/\/secure.gravatar.com\/avatar\/c487434bdf6cd7c12e4a88877ae4b12c38d22b7ad64292b49d33ed7503bb7ce1?s=96&d=mm&r=g","caption":"Svein-Harald Strand"},"description":"(F. 26.12.1945) Redakt\u00f8r, journalist og informasjonsarbeider siden 1968. ||| I 1963: Redaksjonell praktikant i 8 m\u00e5neder p\u00e5 full tid i Helgeland Arbeiderblad i hjembyen Mosj\u00f8en. ||| Arbeidende pensjonist med hjemmekontor fra 2008 (AFP) og videre som folkepensjonist til n\u00e5.","sameAs":["https:\/\/lokalmagasinet.no\/","https:\/\/www.facebook.com\/sveinharald.strand.1","https:\/\/x.com\/LMExtra"],"url":"https:\/\/lokalmagasinet.no\/?author=6"}]}},"_links":{"self":[{"href":"https:\/\/lokalmagasinet.no\/index.php?rest_route=\/wp\/v2\/posts\/22078","targetHints":{"allow":["GET"]}}],"collection":[{"href":"https:\/\/lokalmagasinet.no\/index.php?rest_route=\/wp\/v2\/posts"}],"about":[{"href":"https:\/\/lokalmagasinet.no\/index.php?rest_route=\/wp\/v2\/types\/post"}],"author":[{"embeddable":true,"href":"https:\/\/lokalmagasinet.no\/index.php?rest_route=\/wp\/v2\/users\/6"}],"replies":[{"embeddable":true,"href":"https:\/\/lokalmagasinet.no\/index.php?rest_route=%2Fwp%2Fv2%2Fcomments&post=22078"}],"version-history":[{"count":7,"href":"https:\/\/lokalmagasinet.no\/index.php?rest_route=\/wp\/v2\/posts\/22078\/revisions"}],"predecessor-version":[{"id":22087,"href":"https:\/\/lokalmagasinet.no\/index.php?rest_route=\/wp\/v2\/posts\/22078\/revisions\/22087"}],"wp:attachment":[{"href":"https:\/\/lokalmagasinet.no\/index.php?rest_route=%2Fwp%2Fv2%2Fmedia&parent=22078"}],"wp:term":[{"taxonomy":"category","embeddable":true,"href":"https:\/\/lokalmagasinet.no\/index.php?rest_route=%2Fwp%2Fv2%2Fcategories&post=22078"},{"taxonomy":"post_tag","embeddable":true,"href":"https:\/\/lokalmagasinet.no\/index.php?rest_route=%2Fwp%2Fv2%2Ftags&post=22078"}],"curies":[{"name":"wp","href":"https:\/\/api.w.org\/{rel}","templated":true}]}}