{"id":22097,"date":"2024-02-23T15:03:08","date_gmt":"2024-02-23T14:03:08","guid":{"rendered":"https:\/\/lokalmagasinet.no\/?p=22097"},"modified":"2024-02-23T15:03:08","modified_gmt":"2024-02-23T14:03:08","slug":"vl-du-vaere-meddommer-eller-skjonnsmedlem","status":"publish","type":"post","link":"https:\/\/lokalmagasinet.no\/?p=22097","title":{"rendered":"Vl du v\u00e6re meddommer eller skj\u00f8nnsmedlem?"},"content":{"rendered":"<figure id=\"attachment_2675\" aria-describedby=\"caption-attachment-2675\" style=\"width: 200px\" class=\"wp-caption alignleft\"><img loading=\"lazy\" decoding=\"async\" class=\"size-full wp-image-2675\" src=\"https:\/\/lokalmagasinet.no\/wp-content\/uploads\/2021\/03\/brillerogklubbe_200.jpg\" alt=\"\" width=\"200\" height=\"150\" \/><figcaption id=\"caption-attachment-2675\" class=\"wp-caption-text\">Ill.foto: Briller, klubbe og lovbok. (LM Arkivfoto)<\/figcaption><\/figure>\n<p>(Publisert 23.02.24) <strong>Vestby kommune s\u00f8ker kandidater som er interessert i \u00e5 v\u00e6re meddommer eller skj\u00f8nnsmedlem (medlem av skj\u00f8nnsutvalget, <em>red. anm.<\/em>) i perioden 2025-2028. <\/strong><strong>S\u00f8knadsfristen er 17. mars.<\/strong><\/p>\n<p>Kommunestyret i Vestby skal velge meddommere til Follo og Nordre \u00d8stfold tingrett (med sete i Ski), samt Eidsivating lagmannsrett (med sete p\u00e5 Eidsvoll).<\/p>\n<p>Det skal ogs\u00e5 velges personer til jordskifteretten og skj\u00f8nnsutvalget. Krav til alder og kvalifikasjoner varierer noe. Mer informasjon finner du p\u00e5 nettstedet <strong><a href=\"https:\/\/www.domstol.no\/\">Domstol.no.<\/a><\/strong><\/p>\n<p>Skjema for innmelding finner du p\u00e5 kommunens hjemmeside: <strong><a href=\"https:\/\/www.vestby.kommune.no\">https:\/\/www.vestby.kommune.no<\/a><\/strong><\/p>\n<p>MEDDOMMERE er innbyggere som er med p\u00e5 \u00e5 ta avgj\u00f8relser i rettssaker. En meddommer, lekdommer, er alts\u00e5 en ikke juridisk utdannet person. Som meddommer kan du regne med \u00e5 bli innkalt flere ganger i \u00e5ret. De fleste rettssakene varer fra \u00e9n til tre dager, selv om noen saker kan vare noe lengre.<\/p>\n<p>Som meddommer i tingretten er du en av to lekmenn som skal d\u00f8mme i rettssaker, sammen med en fagdommer.<\/p>\n<p>Som meddommer i lagmannsretten er du en av fire meddommere som skal d\u00f8mme i rettssaker, sammen med tre fagdommere.<\/p>\n<p>Hvem kan v\u00e6re meddommer?<\/p>\n<p>Som meddommer i lagmannsretten og tingretten kreves det ingen spesielle kunnskaper, men du m\u00e5 v\u00e6re mellom 21 og 70 \u00e5r den 01.01.2025, ha god vandel og v\u00e6re bosatt i Vestby kommune.<\/p>\n<p>Samme person kan ikke velges til b\u00e5de \u00e5 sitte i utvalget til lagmannsretten og til tingretten, jf. dl \u00a7 68 siste ledd. Men for \u00f8vrig kan alle ulike kombinasjoner velges. For eksempel kan samme person v\u00e6re meddommer b\u00e5de i tingretten og jordskifteretten. Vedkommende kan i tillegg v\u00e6re <em>skj\u00f8nnsmedlem,<\/em> alts\u00e5 medlem av skj\u00f8nnsutvalget.<\/p>\n<p>Du kan lese mer om hva det vil si \u00e5 v\u00e6re meddommer hos Norges domstoler p\u00e5 nettstedet <a href=\"https:\/\/meddommer.no\/\">meddommer.no<\/a><\/p>\n<p>Views: 152<\/p>","protected":false},"excerpt":{"rendered":"<p>(Publisert 23.02.24) Vestby kommune s\u00f8ker kandidater som er interessert i \u00e5 v\u00e6re meddommer eller skj\u00f8nnsmedlem (medlem av skj\u00f8nnsutvalget, red. anm.) i perioden 2025-2028. S\u00f8knadsfristen er 17. mars. Kommunestyret i Vestby &#8230; <\/p>\n<p class=\"read-more-container\"><a title=\"Vl du v\u00e6re meddommer eller skj\u00f8nnsmedlem?\" class=\"read-more button\" href=\"https:\/\/lokalmagasinet.no\/?p=22097#more-22097\">Les mer<span class=\"screen-reader-text\">Vl du v\u00e6re meddommer eller skj\u00f8nnsmedlem?<\/span><\/a><\/p>\n","protected":false},"author":6,"featured_media":0,"comment_status":"closed","ping_status":"closed","sticky":false,"template":"","format":"standard","meta":{"footnotes":""},"categories":[1,71],"tags":[],"class_list":["post-22097","post","type-post","status-publish","format-standard","hentry","category-aktuelt","category-samfunn-og-sikkerhet"],"yoast_head":"<!-- This site is optimized with the Yoast SEO plugin v27.4 - https:\/\/yoast.com\/product\/yoast-seo-wordpress\/ -->\n<title>Vl du v\u00e6re meddommer eller skj\u00f8nnsmedlem? | Lokalmagasinet.no<\/title>\n<meta name=\"robots\" content=\"index, follow, max-snippet:-1, max-image-preview:large, max-video-preview:-1\" \/>\n<link rel=\"canonical\" href=\"https:\/\/lokalmagasinet.no\/?p=22097\" \/>\n<meta property=\"og:locale\" content=\"nn_NO\" \/>\n<meta property=\"og:type\" content=\"article\" \/>\n<meta property=\"og:title\" content=\"Vl du v\u00e6re meddommer eller skj\u00f8nnsmedlem? | Lokalmagasinet.no\" \/>\n<meta property=\"og:description\" content=\"(Publisert 23.02.24) Vestby kommune s\u00f8ker kandidater som er interessert i \u00e5 v\u00e6re meddommer eller skj\u00f8nnsmedlem (medlem av skj\u00f8nnsutvalget, red. anm.) i perioden 2025-2028. S\u00f8knadsfristen er 17. mars. Kommunestyret i Vestby ... Les merVl du v\u00e6re meddommer eller skj\u00f8nnsmedlem?\" \/>\n<meta property=\"og:url\" content=\"https:\/\/lokalmagasinet.no\/?p=22097\" \/>\n<meta property=\"og:site_name\" content=\"Lokalmagasinet.no\" \/>\n<meta property=\"article:publisher\" content=\"https:\/\/www.facebook.com\/sveinharald.strand.1\" \/>\n<meta property=\"article:author\" content=\"https:\/\/www.facebook.com\/sveinharald.strand.1\" \/>\n<meta property=\"article:published_time\" content=\"2024-02-23T14:03:08+00:00\" \/>\n<meta property=\"og:image\" content=\"https:\/\/lokalmagasinet.no\/wp-content\/uploads\/2021\/03\/brillerogklubbe_200.jpg\" \/>\n<meta name=\"author\" content=\"Svein-Harald Strand\" \/>\n<meta name=\"twitter:card\" content=\"summary_large_image\" \/>\n<meta name=\"twitter:creator\" content=\"@LMExtra\" \/>\n<meta name=\"twitter:site\" content=\"@LMExtra\" \/>\n<meta name=\"twitter:label1\" content=\"Written by\" \/>\n\t<meta name=\"twitter:data1\" content=\"Svein-Harald Strand\" \/>\n\t<meta name=\"twitter:label2\" content=\"Est. reading time\" \/>\n\t<meta name=\"twitter:data2\" content=\"2 minutt\" \/>\n<script type=\"application\/ld+json\" class=\"yoast-schema-graph\">{\"@context\":\"https:\\\/\\\/schema.org\",\"@graph\":[{\"@type\":\"Article\",\"@id\":\"https:\\\/\\\/lokalmagasinet.no\\\/?p=22097#article\",\"isPartOf\":{\"@id\":\"https:\\\/\\\/lokalmagasinet.no\\\/?p=22097\"},\"author\":{\"name\":\"Svein-Harald Strand\",\"@id\":\"https:\\\/\\\/lokalmagasinet.no\\\/#\\\/schema\\\/person\\\/2e8d221708d3aaf6f577275b5bba4310\"},\"headline\":\"Vl du v\u00e6re meddommer eller skj\u00f8nnsmedlem?\",\"datePublished\":\"2024-02-23T14:03:08+00:00\",\"mainEntityOfPage\":{\"@id\":\"https:\\\/\\\/lokalmagasinet.no\\\/?p=22097\"},\"wordCount\":313,\"publisher\":{\"@id\":\"https:\\\/\\\/lokalmagasinet.no\\\/#organization\"},\"image\":{\"@id\":\"https:\\\/\\\/lokalmagasinet.no\\\/?p=22097#primaryimage\"},\"thumbnailUrl\":\"https:\\\/\\\/lokalmagasinet.no\\\/wp-content\\\/uploads\\\/2021\\\/03\\\/brillerogklubbe_200.jpg\",\"articleSection\":[\"Aktuelt\",\"Samfunn og sikkerhet\"],\"inLanguage\":\"nn-NO\"},{\"@type\":\"WebPage\",\"@id\":\"https:\\\/\\\/lokalmagasinet.no\\\/?p=22097\",\"url\":\"https:\\\/\\\/lokalmagasinet.no\\\/?p=22097\",\"name\":\"Vl du v\u00e6re meddommer eller skj\u00f8nnsmedlem? | Lokalmagasinet.no\",\"isPartOf\":{\"@id\":\"https:\\\/\\\/lokalmagasinet.no\\\/#website\"},\"primaryImageOfPage\":{\"@id\":\"https:\\\/\\\/lokalmagasinet.no\\\/?p=22097#primaryimage\"},\"image\":{\"@id\":\"https:\\\/\\\/lokalmagasinet.no\\\/?p=22097#primaryimage\"},\"thumbnailUrl\":\"https:\\\/\\\/lokalmagasinet.no\\\/wp-content\\\/uploads\\\/2021\\\/03\\\/brillerogklubbe_200.jpg\",\"datePublished\":\"2024-02-23T14:03:08+00:00\",\"breadcrumb\":{\"@id\":\"https:\\\/\\\/lokalmagasinet.no\\\/?p=22097#breadcrumb\"},\"inLanguage\":\"nn-NO\",\"potentialAction\":[{\"@type\":\"ReadAction\",\"target\":[\"https:\\\/\\\/lokalmagasinet.no\\\/?p=22097\"]}]},{\"@type\":\"ImageObject\",\"inLanguage\":\"nn-NO\",\"@id\":\"https:\\\/\\\/lokalmagasinet.no\\\/?p=22097#primaryimage\",\"url\":\"https:\\\/\\\/lokalmagasinet.no\\\/wp-content\\\/uploads\\\/2021\\\/03\\\/brillerogklubbe_200.jpg\",\"contentUrl\":\"https:\\\/\\\/lokalmagasinet.no\\\/wp-content\\\/uploads\\\/2021\\\/03\\\/brillerogklubbe_200.jpg\",\"width\":200,\"height\":150,\"caption\":\"Briller, klubbe og lovbok.\"},{\"@type\":\"BreadcrumbList\",\"@id\":\"https:\\\/\\\/lokalmagasinet.no\\\/?p=22097#breadcrumb\",\"itemListElement\":[{\"@type\":\"ListItem\",\"position\":1,\"name\":\"Hjem\",\"item\":\"https:\\\/\\\/lokalmagasinet.no\\\/\"},{\"@type\":\"ListItem\",\"position\":2,\"name\":\"Vl du v\u00e6re meddommer eller skj\u00f8nnsmedlem?\"}]},{\"@type\":\"WebSite\",\"@id\":\"https:\\\/\\\/lokalmagasinet.no\\\/#website\",\"url\":\"https:\\\/\\\/lokalmagasinet.no\\\/\",\"name\":\"Lokalmagasinet.no\",\"description\":\"Fra fortid og n\u00e5tid. Med st\u00e5sted i det n\u00e6re. Siden 2002.\",\"publisher\":{\"@id\":\"https:\\\/\\\/lokalmagasinet.no\\\/#organization\"},\"potentialAction\":[{\"@type\":\"SearchAction\",\"target\":{\"@type\":\"EntryPoint\",\"urlTemplate\":\"https:\\\/\\\/lokalmagasinet.no\\\/?s={search_term_string}\"},\"query-input\":{\"@type\":\"PropertyValueSpecification\",\"valueRequired\":true,\"valueName\":\"search_term_string\"}}],\"inLanguage\":\"nn-NO\"},{\"@type\":\"Organization\",\"@id\":\"https:\\\/\\\/lokalmagasinet.no\\\/#organization\",\"name\":\"Lokalmagasinet.no\",\"url\":\"https:\\\/\\\/lokalmagasinet.no\\\/\",\"logo\":{\"@type\":\"ImageObject\",\"inLanguage\":\"nn-NO\",\"@id\":\"https:\\\/\\\/lokalmagasinet.no\\\/#\\\/schema\\\/logo\\\/image\\\/\",\"url\":\"https:\\\/\\\/lokalmagasinet.no\\\/wp-content\\\/uploads\\\/2021\\\/03\\\/cropped-cropped-cropped-cropped-cropped-cropped-lmlogo-e1640691300821.jpg\",\"contentUrl\":\"https:\\\/\\\/lokalmagasinet.no\\\/wp-content\\\/uploads\\\/2021\\\/03\\\/cropped-cropped-cropped-cropped-cropped-cropped-lmlogo-e1640691300821.jpg\",\"width\":72,\"height\":118,\"caption\":\"Lokalmagasinet.no\"},\"image\":{\"@id\":\"https:\\\/\\\/lokalmagasinet.no\\\/#\\\/schema\\\/logo\\\/image\\\/\"},\"sameAs\":[\"https:\\\/\\\/www.facebook.com\\\/sveinharald.strand.1\",\"https:\\\/\\\/x.com\\\/LMExtra\"]},{\"@type\":\"Person\",\"@id\":\"https:\\\/\\\/lokalmagasinet.no\\\/#\\\/schema\\\/person\\\/2e8d221708d3aaf6f577275b5bba4310\",\"name\":\"Svein-Harald Strand\",\"image\":{\"@type\":\"ImageObject\",\"inLanguage\":\"nn-NO\",\"@id\":\"https:\\\/\\\/secure.gravatar.com\\\/avatar\\\/c487434bdf6cd7c12e4a88877ae4b12c38d22b7ad64292b49d33ed7503bb7ce1?s=96&d=mm&r=g\",\"url\":\"https:\\\/\\\/secure.gravatar.com\\\/avatar\\\/c487434bdf6cd7c12e4a88877ae4b12c38d22b7ad64292b49d33ed7503bb7ce1?s=96&d=mm&r=g\",\"contentUrl\":\"https:\\\/\\\/secure.gravatar.com\\\/avatar\\\/c487434bdf6cd7c12e4a88877ae4b12c38d22b7ad64292b49d33ed7503bb7ce1?s=96&d=mm&r=g\",\"caption\":\"Svein-Harald Strand\"},\"description\":\"(F. 26.12.1945) Redakt\u00f8r, journalist og informasjonsarbeider siden 1968. ||| I 1963: Redaksjonell praktikant i 8 m\u00e5neder p\u00e5 full tid i Helgeland Arbeiderblad i hjembyen Mosj\u00f8en. ||| Arbeidende pensjonist med hjemmekontor fra 2008 (AFP) og videre som folkepensjonist til n\u00e5.\",\"sameAs\":[\"https:\\\/\\\/lokalmagasinet.no\\\/\",\"https:\\\/\\\/www.facebook.com\\\/sveinharald.strand.1\",\"https:\\\/\\\/x.com\\\/LMExtra\"],\"url\":\"https:\\\/\\\/lokalmagasinet.no\\\/?author=6\"}]}<\/script>\n<!-- \/ Yoast SEO plugin. -->","yoast_head_json":{"title":"Vl du v\u00e6re meddommer eller skj\u00f8nnsmedlem? | Lokalmagasinet.no","robots":{"index":"index","follow":"follow","max-snippet":"max-snippet:-1","max-image-preview":"max-image-preview:large","max-video-preview":"max-video-preview:-1"},"canonical":"https:\/\/lokalmagasinet.no\/?p=22097","og_locale":"nn_NO","og_type":"article","og_title":"Vl du v\u00e6re meddommer eller skj\u00f8nnsmedlem? | Lokalmagasinet.no","og_description":"(Publisert 23.02.24) Vestby kommune s\u00f8ker kandidater som er interessert i \u00e5 v\u00e6re meddommer eller skj\u00f8nnsmedlem (medlem av skj\u00f8nnsutvalget, red. anm.) i perioden 2025-2028. S\u00f8knadsfristen er 17. mars. Kommunestyret i Vestby ... Les merVl du v\u00e6re meddommer eller skj\u00f8nnsmedlem?","og_url":"https:\/\/lokalmagasinet.no\/?p=22097","og_site_name":"Lokalmagasinet.no","article_publisher":"https:\/\/www.facebook.com\/sveinharald.strand.1","article_author":"https:\/\/www.facebook.com\/sveinharald.strand.1","article_published_time":"2024-02-23T14:03:08+00:00","og_image":[{"url":"https:\/\/lokalmagasinet.no\/wp-content\/uploads\/2021\/03\/brillerogklubbe_200.jpg","type":"","width":"","height":""}],"author":"Svein-Harald Strand","twitter_card":"summary_large_image","twitter_creator":"@LMExtra","twitter_site":"@LMExtra","twitter_misc":{"Written by":"Svein-Harald Strand","Est. reading time":"2 minutt"},"schema":{"@context":"https:\/\/schema.org","@graph":[{"@type":"Article","@id":"https:\/\/lokalmagasinet.no\/?p=22097#article","isPartOf":{"@id":"https:\/\/lokalmagasinet.no\/?p=22097"},"author":{"name":"Svein-Harald Strand","@id":"https:\/\/lokalmagasinet.no\/#\/schema\/person\/2e8d221708d3aaf6f577275b5bba4310"},"headline":"Vl du v\u00e6re meddommer eller skj\u00f8nnsmedlem?","datePublished":"2024-02-23T14:03:08+00:00","mainEntityOfPage":{"@id":"https:\/\/lokalmagasinet.no\/?p=22097"},"wordCount":313,"publisher":{"@id":"https:\/\/lokalmagasinet.no\/#organization"},"image":{"@id":"https:\/\/lokalmagasinet.no\/?p=22097#primaryimage"},"thumbnailUrl":"https:\/\/lokalmagasinet.no\/wp-content\/uploads\/2021\/03\/brillerogklubbe_200.jpg","articleSection":["Aktuelt","Samfunn og sikkerhet"],"inLanguage":"nn-NO"},{"@type":"WebPage","@id":"https:\/\/lokalmagasinet.no\/?p=22097","url":"https:\/\/lokalmagasinet.no\/?p=22097","name":"Vl du v\u00e6re meddommer eller skj\u00f8nnsmedlem? | Lokalmagasinet.no","isPartOf":{"@id":"https:\/\/lokalmagasinet.no\/#website"},"primaryImageOfPage":{"@id":"https:\/\/lokalmagasinet.no\/?p=22097#primaryimage"},"image":{"@id":"https:\/\/lokalmagasinet.no\/?p=22097#primaryimage"},"thumbnailUrl":"https:\/\/lokalmagasinet.no\/wp-content\/uploads\/2021\/03\/brillerogklubbe_200.jpg","datePublished":"2024-02-23T14:03:08+00:00","breadcrumb":{"@id":"https:\/\/lokalmagasinet.no\/?p=22097#breadcrumb"},"inLanguage":"nn-NO","potentialAction":[{"@type":"ReadAction","target":["https:\/\/lokalmagasinet.no\/?p=22097"]}]},{"@type":"ImageObject","inLanguage":"nn-NO","@id":"https:\/\/lokalmagasinet.no\/?p=22097#primaryimage","url":"https:\/\/lokalmagasinet.no\/wp-content\/uploads\/2021\/03\/brillerogklubbe_200.jpg","contentUrl":"https:\/\/lokalmagasinet.no\/wp-content\/uploads\/2021\/03\/brillerogklubbe_200.jpg","width":200,"height":150,"caption":"Briller, klubbe og lovbok."},{"@type":"BreadcrumbList","@id":"https:\/\/lokalmagasinet.no\/?p=22097#breadcrumb","itemListElement":[{"@type":"ListItem","position":1,"name":"Hjem","item":"https:\/\/lokalmagasinet.no\/"},{"@type":"ListItem","position":2,"name":"Vl du v\u00e6re meddommer eller skj\u00f8nnsmedlem?"}]},{"@type":"WebSite","@id":"https:\/\/lokalmagasinet.no\/#website","url":"https:\/\/lokalmagasinet.no\/","name":"Lokalmagasinet.no","description":"Fra fortid og n\u00e5tid. Med st\u00e5sted i det n\u00e6re. Siden 2002.","publisher":{"@id":"https:\/\/lokalmagasinet.no\/#organization"},"potentialAction":[{"@type":"SearchAction","target":{"@type":"EntryPoint","urlTemplate":"https:\/\/lokalmagasinet.no\/?s={search_term_string}"},"query-input":{"@type":"PropertyValueSpecification","valueRequired":true,"valueName":"search_term_string"}}],"inLanguage":"nn-NO"},{"@type":"Organization","@id":"https:\/\/lokalmagasinet.no\/#organization","name":"Lokalmagasinet.no","url":"https:\/\/lokalmagasinet.no\/","logo":{"@type":"ImageObject","inLanguage":"nn-NO","@id":"https:\/\/lokalmagasinet.no\/#\/schema\/logo\/image\/","url":"https:\/\/lokalmagasinet.no\/wp-content\/uploads\/2021\/03\/cropped-cropped-cropped-cropped-cropped-cropped-lmlogo-e1640691300821.jpg","contentUrl":"https:\/\/lokalmagasinet.no\/wp-content\/uploads\/2021\/03\/cropped-cropped-cropped-cropped-cropped-cropped-lmlogo-e1640691300821.jpg","width":72,"height":118,"caption":"Lokalmagasinet.no"},"image":{"@id":"https:\/\/lokalmagasinet.no\/#\/schema\/logo\/image\/"},"sameAs":["https:\/\/www.facebook.com\/sveinharald.strand.1","https:\/\/x.com\/LMExtra"]},{"@type":"Person","@id":"https:\/\/lokalmagasinet.no\/#\/schema\/person\/2e8d221708d3aaf6f577275b5bba4310","name":"Svein-Harald Strand","image":{"@type":"ImageObject","inLanguage":"nn-NO","@id":"https:\/\/secure.gravatar.com\/avatar\/c487434bdf6cd7c12e4a88877ae4b12c38d22b7ad64292b49d33ed7503bb7ce1?s=96&d=mm&r=g","url":"https:\/\/secure.gravatar.com\/avatar\/c487434bdf6cd7c12e4a88877ae4b12c38d22b7ad64292b49d33ed7503bb7ce1?s=96&d=mm&r=g","contentUrl":"https:\/\/secure.gravatar.com\/avatar\/c487434bdf6cd7c12e4a88877ae4b12c38d22b7ad64292b49d33ed7503bb7ce1?s=96&d=mm&r=g","caption":"Svein-Harald Strand"},"description":"(F. 26.12.1945) Redakt\u00f8r, journalist og informasjonsarbeider siden 1968. ||| I 1963: Redaksjonell praktikant i 8 m\u00e5neder p\u00e5 full tid i Helgeland Arbeiderblad i hjembyen Mosj\u00f8en. ||| Arbeidende pensjonist med hjemmekontor fra 2008 (AFP) og videre som folkepensjonist til n\u00e5.","sameAs":["https:\/\/lokalmagasinet.no\/","https:\/\/www.facebook.com\/sveinharald.strand.1","https:\/\/x.com\/LMExtra"],"url":"https:\/\/lokalmagasinet.no\/?author=6"}]}},"_links":{"self":[{"href":"https:\/\/lokalmagasinet.no\/index.php?rest_route=\/wp\/v2\/posts\/22097","targetHints":{"allow":["GET"]}}],"collection":[{"href":"https:\/\/lokalmagasinet.no\/index.php?rest_route=\/wp\/v2\/posts"}],"about":[{"href":"https:\/\/lokalmagasinet.no\/index.php?rest_route=\/wp\/v2\/types\/post"}],"author":[{"embeddable":true,"href":"https:\/\/lokalmagasinet.no\/index.php?rest_route=\/wp\/v2\/users\/6"}],"replies":[{"embeddable":true,"href":"https:\/\/lokalmagasinet.no\/index.php?rest_route=%2Fwp%2Fv2%2Fcomments&post=22097"}],"version-history":[{"count":11,"href":"https:\/\/lokalmagasinet.no\/index.php?rest_route=\/wp\/v2\/posts\/22097\/revisions"}],"predecessor-version":[{"id":22108,"href":"https:\/\/lokalmagasinet.no\/index.php?rest_route=\/wp\/v2\/posts\/22097\/revisions\/22108"}],"wp:attachment":[{"href":"https:\/\/lokalmagasinet.no\/index.php?rest_route=%2Fwp%2Fv2%2Fmedia&parent=22097"}],"wp:term":[{"taxonomy":"category","embeddable":true,"href":"https:\/\/lokalmagasinet.no\/index.php?rest_route=%2Fwp%2Fv2%2Fcategories&post=22097"},{"taxonomy":"post_tag","embeddable":true,"href":"https:\/\/lokalmagasinet.no\/index.php?rest_route=%2Fwp%2Fv2%2Ftags&post=22097"}],"curies":[{"name":"wp","href":"https:\/\/api.w.org\/{rel}","templated":true}]}}