{"id":22342,"date":"2024-03-05T00:42:32","date_gmt":"2024-03-04T23:42:32","guid":{"rendered":"https:\/\/lokalmagasinet.no\/?p=22342"},"modified":"2024-03-09T14:52:44","modified_gmt":"2024-03-09T13:52:44","slug":"trofors-i-nordland","status":"publish","type":"post","link":"https:\/\/lokalmagasinet.no\/?p=22342","title":{"rendered":"&laquo;Trofors i Nordland&raquo;&#8230;"},"content":{"rendered":"<p><img loading=\"lazy\" decoding=\"async\" class=\"alignnone size-full wp-image-22346\" src=\"https:\/\/lokalmagasinet.no\/wp-content\/uploads\/2024\/03\/Markus-og-Martinius-Gunnarsson-pinterest.com_.jpg\" alt=\"\" width=\"960\" height=\"960\" srcset=\"https:\/\/lokalmagasinet.no\/wp-content\/uploads\/2024\/03\/Markus-og-Martinius-Gunnarsson-pinterest.com_.jpg 960w, https:\/\/lokalmagasinet.no\/wp-content\/uploads\/2024\/03\/Markus-og-Martinius-Gunnarsson-pinterest.com_-300x300.jpg 300w, https:\/\/lokalmagasinet.no\/wp-content\/uploads\/2024\/03\/Markus-og-Martinius-Gunnarsson-pinterest.com_-150x150.jpg 150w, https:\/\/lokalmagasinet.no\/wp-content\/uploads\/2024\/03\/Markus-og-Martinius-Gunnarsson-pinterest.com_-768x768.jpg 768w, https:\/\/lokalmagasinet.no\/wp-content\/uploads\/2024\/03\/Markus-og-Martinius-Gunnarsson-pinterest.com_-700x700.jpg 700w\" sizes=\"auto, (max-width: 960px) 100vw, 960px\" \/><\/p>\n<p><em>Marcus og Martinus Gunnarsen omkranset av artistkolleger. <\/em><em>Tvillingduoen er klare for finalen i den svenske Melodifestivalen etter \u00e5 ha g\u00e5tt videre fra delfinalen. Duoen deltar med l\u00e5ten \u00abUnforgettable\u00bb. De deltok ogs\u00e5 i den svenske finalen i fjor. Da kom de p\u00e5 andreplass med l\u00e5ten \u00abAir\u00bb. Den store finalen finner sted l\u00f8rdag 9. mars. <\/em> (Foto: pinterest.com)\u00a0<em><br \/>\n<\/em><\/p>\n<p>(Publisert 05.03.24) (Oppdatert kl. 01:02<strong>) Noen nyhetssaker i NRK TV burde strengt tatt ikke v\u00e6rt sendt. Fordi korte innslag &#8211; som p\u00e5bygning av et st\u00f8rre &#8211; trenger en kjerne med fakta. Ikke minst om et lite sted i v\u00e5rt lange land og v\u00e5rt lengste fylke.<\/strong><\/p>\n<p>Ikke bare som det ble sagt i den aktuelle reportasjen: <em> \u00ab<\/em><em>Trofors i Nordland\u00bb<\/em>. Jaha.<\/p>\n<p>Trofors er hjemstedet til dansepop-duoen Marcus &amp; Martinus. I \u00e5r som i fjor deltar de i konkurransen om broderfolkets bidrag til Melodifestivalen &#8211; som vi hos oss kaller Melodi Grand Prix.<\/p>\n<p>I den slappe reportasjen s\u00e5 vi at de gikk en tur p\u00e5 stille, pene stier, og h\u00f8rte at det er der de h\u00f8rer hjemme og fortsatt vil bo. (Selv om de har leilighet i Oslo,<em> red. anm.<\/em>)<\/p>\n<p><img loading=\"lazy\" decoding=\"async\" class=\"alignnone size-full wp-image-22361\" src=\"https:\/\/lokalmagasinet.no\/wp-content\/uploads\/2024\/03\/Melodifestivalen_2023_Lidkoping_Presstraff_Marcus__Martinus-scaled.jpg\" alt=\"\" width=\"2048\" height=\"1367\" srcset=\"https:\/\/lokalmagasinet.no\/wp-content\/uploads\/2024\/03\/Melodifestivalen_2023_Lidkoping_Presstraff_Marcus__Martinus-scaled.jpg 2048w, https:\/\/lokalmagasinet.no\/wp-content\/uploads\/2024\/03\/Melodifestivalen_2023_Lidkoping_Presstraff_Marcus__Martinus-300x200.jpg 300w, https:\/\/lokalmagasinet.no\/wp-content\/uploads\/2024\/03\/Melodifestivalen_2023_Lidkoping_Presstraff_Marcus__Martinus-1024x683.jpg 1024w, https:\/\/lokalmagasinet.no\/wp-content\/uploads\/2024\/03\/Melodifestivalen_2023_Lidkoping_Presstraff_Marcus__Martinus-150x100.jpg 150w, https:\/\/lokalmagasinet.no\/wp-content\/uploads\/2024\/03\/Melodifestivalen_2023_Lidkoping_Presstraff_Marcus__Martinus-768x513.jpg 768w, https:\/\/lokalmagasinet.no\/wp-content\/uploads\/2024\/03\/Melodifestivalen_2023_Lidkoping_Presstraff_Marcus__Martinus-1536x1025.jpg 1536w\" sizes=\"auto, (max-width: 2048px) 100vw, 2048px\" \/><\/p>\n<p><em>F<\/em><span class=\"mw-mmv-title\"><em>ra en pressekonferanse i forbindelse med Melodifestivalen i Sverige i 202<\/em>3. (<\/span>Foto: Fra wikipedia.org)<\/p>\n<p>HVA VI IKKE H\u00d8RTE: Trofors, fire mil s\u00f8r for Mosj\u00f8en langs E 6, er administrasjonssenteret i Grane kommune. (I Mosj\u00f8en IL spiller tvillingene fotball i 3. divisjon,<em> red. anm.<\/em>)<\/p>\n<p>Her starter mellomriksveien til Sverige. Et stykke f\u00f8r riksgrensen ved Krutfjellet svinger du inn p\u00e5 fylkesveien til Hattfjelldal kommune.<\/p>\n<p><strong>At Trofors jernbanestasjon &#8211; i trafikal kontekst &#8211; er et regionalt knutepunkt, hadde heller ikke tatt mange sekunder \u00e5 nevne.<\/strong><\/p>\n<p>MEN AT DET OGS\u00c5 er avkj\u00f8rsel fra mellomriksveien og opp til Fiplingdal og Nedre Fiplingvatnet &#8211; ja, det f\u00e5r heller v\u00e6re mellom oss&#8230;<\/p>\n<p><em><strong>St.<\/strong><\/em><\/p>\n<p>P.S. D<span class=\"expandableItem\">e eneggede tvillingene <\/span><span class=\"expandableItem\">slo gjennom da de vant MGPjr 2012 med sangen \u00abTo dr\u00e5per vann\u00bb. <\/span><span class=\"expandableItem\">Siden har de utgitt en rekke singler og tre album: Hei, Together og Moments. (Fra Wikipedia.org.)<\/span><\/p>\n<p>LES OGS\u00c5: Spenstig forslag for noen \u00e5r siden: <strong>Jernbane fra Trofors til Sverige!<\/strong> <a href=\"https:\/\/www.helg.no\/lokale-nyheter\/vil-ha-jernbane-fra-trofors-til-sverige\/s\/1-63-4352668\">https:\/\/www.helg.no\/lokale-nyheter\/vil-ha-jernbane-fra-trofors-til-sverige\/s\/1-63-4352668<\/a><\/p>\n<p>Om Trofors i Store Norske Leksikon:<a href=\"https:\/\/snl.no\/Trofors\"><strong> https:\/\/snl.no\/Trofors<\/strong><\/a><\/p>\n<p>&nbsp;<\/p>\n<p>Views: 153<\/p>","protected":false},"excerpt":{"rendered":"<p>Marcus og Martinus Gunnarsen omkranset av artistkolleger. Tvillingduoen er klare for finalen i den svenske Melodifestivalen etter \u00e5 ha g\u00e5tt videre fra delfinalen. Duoen deltar med l\u00e5ten \u00abUnforgettable\u00bb. De deltok &#8230; <\/p>\n<p class=\"read-more-container\"><a title=\"&laquo;Trofors i Nordland&raquo;&#8230;\" class=\"read-more button\" href=\"https:\/\/lokalmagasinet.no\/?p=22342#more-22342\">Les mer<span class=\"screen-reader-text\">&laquo;Trofors i Nordland&raquo;&#8230;<\/span><\/a><\/p>\n","protected":false},"author":6,"featured_media":0,"comment_status":"closed","ping_status":"closed","sticky":false,"template":"","format":"standard","meta":{"footnotes":""},"categories":[1,42,33],"tags":[],"class_list":["post-22342","post","type-post","status-publish","format-standard","hentry","category-aktuelt","category-kaseri","category-samferdsel"],"yoast_head":"<!-- This site is optimized with the Yoast SEO plugin v27.4 - https:\/\/yoast.com\/product\/yoast-seo-wordpress\/ -->\n<title>&quot;Trofors i Nordland&quot;... | Lokalmagasinet.no<\/title>\n<meta name=\"robots\" content=\"index, follow, max-snippet:-1, max-image-preview:large, max-video-preview:-1\" \/>\n<link rel=\"canonical\" href=\"https:\/\/lokalmagasinet.no\/?p=22342\" \/>\n<meta property=\"og:locale\" content=\"nn_NO\" \/>\n<meta property=\"og:type\" content=\"article\" \/>\n<meta property=\"og:title\" content=\"&quot;Trofors i Nordland&quot;... | Lokalmagasinet.no\" \/>\n<meta property=\"og:description\" content=\"Marcus og Martinus Gunnarsen omkranset av artistkolleger. Tvillingduoen er klare for finalen i den svenske Melodifestivalen etter \u00e5 ha g\u00e5tt videre fra delfinalen. Duoen deltar med l\u00e5ten \u00abUnforgettable\u00bb. De deltok ... Les mer&laquo;Trofors i Nordland&raquo;&#8230;\" \/>\n<meta property=\"og:url\" content=\"https:\/\/lokalmagasinet.no\/?p=22342\" \/>\n<meta property=\"og:site_name\" content=\"Lokalmagasinet.no\" \/>\n<meta property=\"article:publisher\" content=\"https:\/\/www.facebook.com\/sveinharald.strand.1\" \/>\n<meta property=\"article:author\" content=\"https:\/\/www.facebook.com\/sveinharald.strand.1\" \/>\n<meta property=\"article:published_time\" content=\"2024-03-04T23:42:32+00:00\" \/>\n<meta property=\"article:modified_time\" content=\"2024-03-09T13:52:44+00:00\" \/>\n<meta property=\"og:image\" content=\"https:\/\/lokalmagasinet.no\/wp-content\/uploads\/2024\/03\/Markus-og-Martinius-Gunnarsson-pinterest.com_.jpg\" \/>\n<meta name=\"author\" content=\"Svein-Harald Strand\" \/>\n<meta name=\"twitter:card\" content=\"summary_large_image\" \/>\n<meta name=\"twitter:creator\" content=\"@LMExtra\" \/>\n<meta name=\"twitter:site\" content=\"@LMExtra\" \/>\n<meta name=\"twitter:label1\" content=\"Written by\" \/>\n\t<meta name=\"twitter:data1\" content=\"Svein-Harald Strand\" \/>\n\t<meta name=\"twitter:label2\" content=\"Est. reading time\" \/>\n\t<meta name=\"twitter:data2\" content=\"2 minutt\" \/>\n<script type=\"application\/ld+json\" class=\"yoast-schema-graph\">{\"@context\":\"https:\\\/\\\/schema.org\",\"@graph\":[{\"@type\":\"Article\",\"@id\":\"https:\\\/\\\/lokalmagasinet.no\\\/?p=22342#article\",\"isPartOf\":{\"@id\":\"https:\\\/\\\/lokalmagasinet.no\\\/?p=22342\"},\"author\":{\"name\":\"Svein-Harald Strand\",\"@id\":\"https:\\\/\\\/lokalmagasinet.no\\\/#\\\/schema\\\/person\\\/2e8d221708d3aaf6f577275b5bba4310\"},\"headline\":\"&laquo;Trofors i Nordland&raquo;&#8230;\",\"datePublished\":\"2024-03-04T23:42:32+00:00\",\"dateModified\":\"2024-03-09T13:52:44+00:00\",\"mainEntityOfPage\":{\"@id\":\"https:\\\/\\\/lokalmagasinet.no\\\/?p=22342\"},\"wordCount\":372,\"publisher\":{\"@id\":\"https:\\\/\\\/lokalmagasinet.no\\\/#organization\"},\"image\":{\"@id\":\"https:\\\/\\\/lokalmagasinet.no\\\/?p=22342#primaryimage\"},\"thumbnailUrl\":\"https:\\\/\\\/lokalmagasinet.no\\\/wp-content\\\/uploads\\\/2024\\\/03\\\/Markus-og-Martinius-Gunnarsson-pinterest.com_.jpg\",\"articleSection\":[\"Aktuelt\",\"K\u00e5seri\",\"Samferdsel\"],\"inLanguage\":\"nn-NO\"},{\"@type\":\"WebPage\",\"@id\":\"https:\\\/\\\/lokalmagasinet.no\\\/?p=22342\",\"url\":\"https:\\\/\\\/lokalmagasinet.no\\\/?p=22342\",\"name\":\"\\\"Trofors i Nordland\\\"... | Lokalmagasinet.no\",\"isPartOf\":{\"@id\":\"https:\\\/\\\/lokalmagasinet.no\\\/#website\"},\"primaryImageOfPage\":{\"@id\":\"https:\\\/\\\/lokalmagasinet.no\\\/?p=22342#primaryimage\"},\"image\":{\"@id\":\"https:\\\/\\\/lokalmagasinet.no\\\/?p=22342#primaryimage\"},\"thumbnailUrl\":\"https:\\\/\\\/lokalmagasinet.no\\\/wp-content\\\/uploads\\\/2024\\\/03\\\/Markus-og-Martinius-Gunnarsson-pinterest.com_.jpg\",\"datePublished\":\"2024-03-04T23:42:32+00:00\",\"dateModified\":\"2024-03-09T13:52:44+00:00\",\"breadcrumb\":{\"@id\":\"https:\\\/\\\/lokalmagasinet.no\\\/?p=22342#breadcrumb\"},\"inLanguage\":\"nn-NO\",\"potentialAction\":[{\"@type\":\"ReadAction\",\"target\":[\"https:\\\/\\\/lokalmagasinet.no\\\/?p=22342\"]}]},{\"@type\":\"ImageObject\",\"inLanguage\":\"nn-NO\",\"@id\":\"https:\\\/\\\/lokalmagasinet.no\\\/?p=22342#primaryimage\",\"url\":\"https:\\\/\\\/lokalmagasinet.no\\\/wp-content\\\/uploads\\\/2024\\\/03\\\/Markus-og-Martinius-Gunnarsson-pinterest.com_.jpg\",\"contentUrl\":\"https:\\\/\\\/lokalmagasinet.no\\\/wp-content\\\/uploads\\\/2024\\\/03\\\/Markus-og-Martinius-Gunnarsson-pinterest.com_.jpg\",\"width\":960,\"height\":960},{\"@type\":\"BreadcrumbList\",\"@id\":\"https:\\\/\\\/lokalmagasinet.no\\\/?p=22342#breadcrumb\",\"itemListElement\":[{\"@type\":\"ListItem\",\"position\":1,\"name\":\"Hjem\",\"item\":\"https:\\\/\\\/lokalmagasinet.no\\\/\"},{\"@type\":\"ListItem\",\"position\":2,\"name\":\"&#8220;Trofors i Nordland&#8221;&#8230;\"}]},{\"@type\":\"WebSite\",\"@id\":\"https:\\\/\\\/lokalmagasinet.no\\\/#website\",\"url\":\"https:\\\/\\\/lokalmagasinet.no\\\/\",\"name\":\"Lokalmagasinet.no\",\"description\":\"Fra fortid og n\u00e5tid. Med st\u00e5sted i det n\u00e6re. Siden 2002.\",\"publisher\":{\"@id\":\"https:\\\/\\\/lokalmagasinet.no\\\/#organization\"},\"potentialAction\":[{\"@type\":\"SearchAction\",\"target\":{\"@type\":\"EntryPoint\",\"urlTemplate\":\"https:\\\/\\\/lokalmagasinet.no\\\/?s={search_term_string}\"},\"query-input\":{\"@type\":\"PropertyValueSpecification\",\"valueRequired\":true,\"valueName\":\"search_term_string\"}}],\"inLanguage\":\"nn-NO\"},{\"@type\":\"Organization\",\"@id\":\"https:\\\/\\\/lokalmagasinet.no\\\/#organization\",\"name\":\"Lokalmagasinet.no\",\"url\":\"https:\\\/\\\/lokalmagasinet.no\\\/\",\"logo\":{\"@type\":\"ImageObject\",\"inLanguage\":\"nn-NO\",\"@id\":\"https:\\\/\\\/lokalmagasinet.no\\\/#\\\/schema\\\/logo\\\/image\\\/\",\"url\":\"https:\\\/\\\/lokalmagasinet.no\\\/wp-content\\\/uploads\\\/2021\\\/03\\\/cropped-cropped-cropped-cropped-cropped-cropped-lmlogo-e1640691300821.jpg\",\"contentUrl\":\"https:\\\/\\\/lokalmagasinet.no\\\/wp-content\\\/uploads\\\/2021\\\/03\\\/cropped-cropped-cropped-cropped-cropped-cropped-lmlogo-e1640691300821.jpg\",\"width\":72,\"height\":118,\"caption\":\"Lokalmagasinet.no\"},\"image\":{\"@id\":\"https:\\\/\\\/lokalmagasinet.no\\\/#\\\/schema\\\/logo\\\/image\\\/\"},\"sameAs\":[\"https:\\\/\\\/www.facebook.com\\\/sveinharald.strand.1\",\"https:\\\/\\\/x.com\\\/LMExtra\"]},{\"@type\":\"Person\",\"@id\":\"https:\\\/\\\/lokalmagasinet.no\\\/#\\\/schema\\\/person\\\/2e8d221708d3aaf6f577275b5bba4310\",\"name\":\"Svein-Harald Strand\",\"image\":{\"@type\":\"ImageObject\",\"inLanguage\":\"nn-NO\",\"@id\":\"https:\\\/\\\/secure.gravatar.com\\\/avatar\\\/c487434bdf6cd7c12e4a88877ae4b12c38d22b7ad64292b49d33ed7503bb7ce1?s=96&d=mm&r=g\",\"url\":\"https:\\\/\\\/secure.gravatar.com\\\/avatar\\\/c487434bdf6cd7c12e4a88877ae4b12c38d22b7ad64292b49d33ed7503bb7ce1?s=96&d=mm&r=g\",\"contentUrl\":\"https:\\\/\\\/secure.gravatar.com\\\/avatar\\\/c487434bdf6cd7c12e4a88877ae4b12c38d22b7ad64292b49d33ed7503bb7ce1?s=96&d=mm&r=g\",\"caption\":\"Svein-Harald Strand\"},\"description\":\"(F. 26.12.1945) Redakt\u00f8r, journalist og informasjonsarbeider siden 1968. ||| I 1963: Redaksjonell praktikant i 8 m\u00e5neder p\u00e5 full tid i Helgeland Arbeiderblad i hjembyen Mosj\u00f8en. ||| Arbeidende pensjonist med hjemmekontor fra 2008 (AFP) og videre som folkepensjonist til n\u00e5.\",\"sameAs\":[\"https:\\\/\\\/lokalmagasinet.no\\\/\",\"https:\\\/\\\/www.facebook.com\\\/sveinharald.strand.1\",\"https:\\\/\\\/x.com\\\/LMExtra\"],\"url\":\"https:\\\/\\\/lokalmagasinet.no\\\/?author=6\"}]}<\/script>\n<!-- \/ Yoast SEO plugin. -->","yoast_head_json":{"title":"\"Trofors i Nordland\"... | Lokalmagasinet.no","robots":{"index":"index","follow":"follow","max-snippet":"max-snippet:-1","max-image-preview":"max-image-preview:large","max-video-preview":"max-video-preview:-1"},"canonical":"https:\/\/lokalmagasinet.no\/?p=22342","og_locale":"nn_NO","og_type":"article","og_title":"\"Trofors i Nordland\"... | Lokalmagasinet.no","og_description":"Marcus og Martinus Gunnarsen omkranset av artistkolleger. Tvillingduoen er klare for finalen i den svenske Melodifestivalen etter \u00e5 ha g\u00e5tt videre fra delfinalen. Duoen deltar med l\u00e5ten \u00abUnforgettable\u00bb. De deltok ... Les mer&laquo;Trofors i Nordland&raquo;&#8230;","og_url":"https:\/\/lokalmagasinet.no\/?p=22342","og_site_name":"Lokalmagasinet.no","article_publisher":"https:\/\/www.facebook.com\/sveinharald.strand.1","article_author":"https:\/\/www.facebook.com\/sveinharald.strand.1","article_published_time":"2024-03-04T23:42:32+00:00","article_modified_time":"2024-03-09T13:52:44+00:00","og_image":[{"url":"https:\/\/lokalmagasinet.no\/wp-content\/uploads\/2024\/03\/Markus-og-Martinius-Gunnarsson-pinterest.com_.jpg","type":"","width":"","height":""}],"author":"Svein-Harald Strand","twitter_card":"summary_large_image","twitter_creator":"@LMExtra","twitter_site":"@LMExtra","twitter_misc":{"Written by":"Svein-Harald Strand","Est. reading time":"2 minutt"},"schema":{"@context":"https:\/\/schema.org","@graph":[{"@type":"Article","@id":"https:\/\/lokalmagasinet.no\/?p=22342#article","isPartOf":{"@id":"https:\/\/lokalmagasinet.no\/?p=22342"},"author":{"name":"Svein-Harald Strand","@id":"https:\/\/lokalmagasinet.no\/#\/schema\/person\/2e8d221708d3aaf6f577275b5bba4310"},"headline":"&laquo;Trofors i Nordland&raquo;&#8230;","datePublished":"2024-03-04T23:42:32+00:00","dateModified":"2024-03-09T13:52:44+00:00","mainEntityOfPage":{"@id":"https:\/\/lokalmagasinet.no\/?p=22342"},"wordCount":372,"publisher":{"@id":"https:\/\/lokalmagasinet.no\/#organization"},"image":{"@id":"https:\/\/lokalmagasinet.no\/?p=22342#primaryimage"},"thumbnailUrl":"https:\/\/lokalmagasinet.no\/wp-content\/uploads\/2024\/03\/Markus-og-Martinius-Gunnarsson-pinterest.com_.jpg","articleSection":["Aktuelt","K\u00e5seri","Samferdsel"],"inLanguage":"nn-NO"},{"@type":"WebPage","@id":"https:\/\/lokalmagasinet.no\/?p=22342","url":"https:\/\/lokalmagasinet.no\/?p=22342","name":"\"Trofors i Nordland\"... | Lokalmagasinet.no","isPartOf":{"@id":"https:\/\/lokalmagasinet.no\/#website"},"primaryImageOfPage":{"@id":"https:\/\/lokalmagasinet.no\/?p=22342#primaryimage"},"image":{"@id":"https:\/\/lokalmagasinet.no\/?p=22342#primaryimage"},"thumbnailUrl":"https:\/\/lokalmagasinet.no\/wp-content\/uploads\/2024\/03\/Markus-og-Martinius-Gunnarsson-pinterest.com_.jpg","datePublished":"2024-03-04T23:42:32+00:00","dateModified":"2024-03-09T13:52:44+00:00","breadcrumb":{"@id":"https:\/\/lokalmagasinet.no\/?p=22342#breadcrumb"},"inLanguage":"nn-NO","potentialAction":[{"@type":"ReadAction","target":["https:\/\/lokalmagasinet.no\/?p=22342"]}]},{"@type":"ImageObject","inLanguage":"nn-NO","@id":"https:\/\/lokalmagasinet.no\/?p=22342#primaryimage","url":"https:\/\/lokalmagasinet.no\/wp-content\/uploads\/2024\/03\/Markus-og-Martinius-Gunnarsson-pinterest.com_.jpg","contentUrl":"https:\/\/lokalmagasinet.no\/wp-content\/uploads\/2024\/03\/Markus-og-Martinius-Gunnarsson-pinterest.com_.jpg","width":960,"height":960},{"@type":"BreadcrumbList","@id":"https:\/\/lokalmagasinet.no\/?p=22342#breadcrumb","itemListElement":[{"@type":"ListItem","position":1,"name":"Hjem","item":"https:\/\/lokalmagasinet.no\/"},{"@type":"ListItem","position":2,"name":"&#8220;Trofors i Nordland&#8221;&#8230;"}]},{"@type":"WebSite","@id":"https:\/\/lokalmagasinet.no\/#website","url":"https:\/\/lokalmagasinet.no\/","name":"Lokalmagasinet.no","description":"Fra fortid og n\u00e5tid. Med st\u00e5sted i det n\u00e6re. Siden 2002.","publisher":{"@id":"https:\/\/lokalmagasinet.no\/#organization"},"potentialAction":[{"@type":"SearchAction","target":{"@type":"EntryPoint","urlTemplate":"https:\/\/lokalmagasinet.no\/?s={search_term_string}"},"query-input":{"@type":"PropertyValueSpecification","valueRequired":true,"valueName":"search_term_string"}}],"inLanguage":"nn-NO"},{"@type":"Organization","@id":"https:\/\/lokalmagasinet.no\/#organization","name":"Lokalmagasinet.no","url":"https:\/\/lokalmagasinet.no\/","logo":{"@type":"ImageObject","inLanguage":"nn-NO","@id":"https:\/\/lokalmagasinet.no\/#\/schema\/logo\/image\/","url":"https:\/\/lokalmagasinet.no\/wp-content\/uploads\/2021\/03\/cropped-cropped-cropped-cropped-cropped-cropped-lmlogo-e1640691300821.jpg","contentUrl":"https:\/\/lokalmagasinet.no\/wp-content\/uploads\/2021\/03\/cropped-cropped-cropped-cropped-cropped-cropped-lmlogo-e1640691300821.jpg","width":72,"height":118,"caption":"Lokalmagasinet.no"},"image":{"@id":"https:\/\/lokalmagasinet.no\/#\/schema\/logo\/image\/"},"sameAs":["https:\/\/www.facebook.com\/sveinharald.strand.1","https:\/\/x.com\/LMExtra"]},{"@type":"Person","@id":"https:\/\/lokalmagasinet.no\/#\/schema\/person\/2e8d221708d3aaf6f577275b5bba4310","name":"Svein-Harald Strand","image":{"@type":"ImageObject","inLanguage":"nn-NO","@id":"https:\/\/secure.gravatar.com\/avatar\/c487434bdf6cd7c12e4a88877ae4b12c38d22b7ad64292b49d33ed7503bb7ce1?s=96&d=mm&r=g","url":"https:\/\/secure.gravatar.com\/avatar\/c487434bdf6cd7c12e4a88877ae4b12c38d22b7ad64292b49d33ed7503bb7ce1?s=96&d=mm&r=g","contentUrl":"https:\/\/secure.gravatar.com\/avatar\/c487434bdf6cd7c12e4a88877ae4b12c38d22b7ad64292b49d33ed7503bb7ce1?s=96&d=mm&r=g","caption":"Svein-Harald Strand"},"description":"(F. 26.12.1945) Redakt\u00f8r, journalist og informasjonsarbeider siden 1968. ||| I 1963: Redaksjonell praktikant i 8 m\u00e5neder p\u00e5 full tid i Helgeland Arbeiderblad i hjembyen Mosj\u00f8en. ||| Arbeidende pensjonist med hjemmekontor fra 2008 (AFP) og videre som folkepensjonist til n\u00e5.","sameAs":["https:\/\/lokalmagasinet.no\/","https:\/\/www.facebook.com\/sveinharald.strand.1","https:\/\/x.com\/LMExtra"],"url":"https:\/\/lokalmagasinet.no\/?author=6"}]}},"_links":{"self":[{"href":"https:\/\/lokalmagasinet.no\/index.php?rest_route=\/wp\/v2\/posts\/22342","targetHints":{"allow":["GET"]}}],"collection":[{"href":"https:\/\/lokalmagasinet.no\/index.php?rest_route=\/wp\/v2\/posts"}],"about":[{"href":"https:\/\/lokalmagasinet.no\/index.php?rest_route=\/wp\/v2\/types\/post"}],"author":[{"embeddable":true,"href":"https:\/\/lokalmagasinet.no\/index.php?rest_route=\/wp\/v2\/users\/6"}],"replies":[{"embeddable":true,"href":"https:\/\/lokalmagasinet.no\/index.php?rest_route=%2Fwp%2Fv2%2Fcomments&post=22342"}],"version-history":[{"count":30,"href":"https:\/\/lokalmagasinet.no\/index.php?rest_route=\/wp\/v2\/posts\/22342\/revisions"}],"predecessor-version":[{"id":22453,"href":"https:\/\/lokalmagasinet.no\/index.php?rest_route=\/wp\/v2\/posts\/22342\/revisions\/22453"}],"wp:attachment":[{"href":"https:\/\/lokalmagasinet.no\/index.php?rest_route=%2Fwp%2Fv2%2Fmedia&parent=22342"}],"wp:term":[{"taxonomy":"category","embeddable":true,"href":"https:\/\/lokalmagasinet.no\/index.php?rest_route=%2Fwp%2Fv2%2Fcategories&post=22342"},{"taxonomy":"post_tag","embeddable":true,"href":"https:\/\/lokalmagasinet.no\/index.php?rest_route=%2Fwp%2Fv2%2Ftags&post=22342"}],"curies":[{"name":"wp","href":"https:\/\/api.w.org\/{rel}","templated":true}]}}