{"id":22533,"date":"2024-09-04T00:46:56","date_gmt":"2024-09-03T22:46:56","guid":{"rendered":"https:\/\/lokalmagasinet.no\/?p=22533"},"modified":"2024-09-04T16:58:32","modified_gmt":"2024-09-04T14:58:32","slug":"til-vurdering-interessante-kommentarer","status":"publish","type":"post","link":"https:\/\/lokalmagasinet.no\/?p=22533","title":{"rendered":"Interessante kommentarer fra midt i Norge"},"content":{"rendered":"<div class=\"grid-parent grid-50 tablet-grid-50 mobile-grid-100\">\n<h2>LOKALE FAGMILJ\u00d8 FORSVINNER<\/h2>\n<p>(Republisert 04.09.2024) (Fra mosj\u00f8en.com) (Alle innleggene her er skrevet av \u00d8yvinn Hjorthen, Info Helgeland). <strong>Det g\u00e5r fint \u00e5 drive med h\u00f8yteknologi her i Mosj\u00f8en, men likevel flyttes flere tekniske tjenester i mange bransjer over til mer sentrale str\u00f8k. Internett-revolusjonen som startet for 20-30 \u00e5r siden har snudd opp ned p\u00e5 det meste. Alt burde ligge til rette for \u00e5 bygge opp lokale h\u00f8yteknologiske milj\u00f8. Men det er det omvendte som skjer. Og ingen lokalt bryr seg.<\/strong><\/p>\n<p>Vi driver b\u00e5de utvikling og drift herfra. Og vi holder oss rimelig oppdatert faglig fordi verden er blitt s\u00e5 mye mindre via nett, desssuten er vi like nysgjerrige som f\u00f8r. Men fagfeltet har blitt s\u00e5 omfattende at man har m\u00e5ttet spesialisere seg for flere \u00e5r siden for \u00e5 holde f\u00f8lge.<\/p>\n<p>ET EKSEMPEL p\u00e5 internasjonaliseringen er v\u00e5r egen Linux-baserte webserver med alle portaler og kunder. Den st\u00e5r i Tyskland, men vi har satt den opp og drifter den herfra.<\/p>\n<p>Da v\u00e5r gamle server totalkollapset for et par \u00e5r siden mens jeg var ei helg p\u00e5 Vega, trengtes det tyngre kunnskap. S\u00e5 jeg surfet rundt etter ekspertise i USA, fant et konsulentselskap som kunne g\u00e5 dypt ned i Linux-servere.<\/p>\n<p>Vi betalte for noen konsulenttimer og fikk fikset serveren til neste dag uten \u00e5 reinstallere noe. Alt ordnet via vanlig mobilnett fra Vega. N\u00e5 har vi en nyere server, ogs\u00e5 i Tyskland, den har g\u00e5tt uten en eneste stopp i over et \u00e5r.<\/p>\n<p>OG V\u00c5RE PORTALER har i mange \u00e5r kj\u00f8rt med et malsystem fra et lite firma i Britsh Columbia. Vi har flere ganger f\u00e5tt hjelp til forbedringer fra dem.<\/p>\n<p>Ogs\u00e5 andre standardmoduler vi bruker, kommer fra sm\u00e5 leverand\u00f8rer verden over. Men de unike nyhetsmodulene har vi utviklet selv.<\/p>\n<p>Og nylig kj\u00f8pte vi flere komplette mikrodatamaskiner fra Kina p\u00e5 st\u00f8rrelse med et kredittkort; de brukes til datainnsamling, styring og overv\u00e5king, programmerbar, for batteridrift, o.l. Pris rundt 50 kroner per stk. Og trenger vi avanserte l\u00f8sninger, s\u00e5 finner vi fort hjelp i tunge utviklingsmilj\u00f8 p\u00e5 nett.<\/p>\n<p>S\u00c5 VI SIER til yngre talenter i dag: Ikke brenn inne foran spillskjermen, men kom dere ut og ta utdanning! Vi hadde ikke slikt tilgjengelig da vi studerte, vi m\u00e5tte utvikle spillprogrammer selv &#8211; og l\u00e6rte masse.<\/p>\n<p>Selvstudium er greit n\u00e5r man m\u00e5, men verdien av et godt faglig skolemilj\u00f8 der man har full fokus kan ikke undervurderes. Og f\u00e5 gjerne med litt praksis. Altfor mange tekniske produkter er utviklet av noen som ikke skj\u00f8nner milj\u00f8et det skal brukes i.<\/p>\n<p>\u2014\u2014\u2014\u2014\u2014\u2014\u2014\u2014\u2014\u2014\u2014\u2014\u2014\u2014\u2014\u2014\u2014\u2014\u2013&#8212;&#8212;&#8212;&#8212;&#8212;&#8212;&#8212;&#8212;&#8212;&#8212;<\/p>\n<h2>Sabler ned n\u00e6ringsid\u00e9<\/h2>\n<p>[07.03.2024] <strong>MON er et kommunalt n\u00e6ringsselskap i Mosj\u00f8en som skal v\u00e6re r\u00e5dgivere og tilretteleggere for etablerere og andre som har ideer, og som skal hjelpe dem videre p\u00e5 veien. Men arrogansen skremmer folk vekk.<\/strong><\/p>\n<p>Her er en kommentar lagt ut p\u00e5 Facebook i dag av en av MONs bedriftsr\u00e5dgivere ang\u00e5ende avisa Helgelendingens oppslag om en mulig etablering av Clas Ohlson p\u00e5 Nyrud-omr\u00e5det i byen:<\/p>\n<p><strong>\u201cS\u00e5 bra \u2013 da kan vi kj\u00f8pe meir juggel og fjas til en dyr penge!\u201d<\/strong><\/p>\n<p>Det er en arroganse som ikke h\u00f8rer heime noen steder.<\/p>\n<p>I v\u00e5r ungdom bestilte vi selv elektronikk fra Clas Ohlson, og puslet sammen ulike prosjekter. Dette er noe vi holder p\u00e5 med enn\u00e5 her i Mosj\u00f8en, men n\u00e5 med komponenter fra hele verden &#8211; for b\u00e5de elektronikk, programmering og internett.<\/p>\n<p><strong>S\u00e5 st\u00e5 p\u00e5 dere som kj\u00f8per juggel og fjas, ha det artig og l\u00e6r masse p\u00e5 veien!<\/strong><\/p>\n<p>\u2014\u2014\u2014\u2014\u2014\u2014\u2014\u2014\u2014\u2014\u2014\u2014\u2014\u2014\u2014\u2014\u2014\u2014\u2013&#8212;&#8212;&#8212;&#8212;&#8212;&#8212;&#8212;&#8212;&#8212;&#8211;<\/p>\n<h2>Over 30 webkamera rundt Mosj\u00f8en<\/h2>\n<p>[02.03.2024] Vi har gjort en storjobb og lanserer n\u00e5 en ny webkamera-tjeneste for hele Helgeland. Over 80 webkamera er samlet inn. Vi har ogs\u00e5 lagt til mange ekstra funksjoner som lokal v\u00e6rmelding, v\u00e6rstasjoner, veimeldinger, trafikk p\u00e5 sj\u00f8en, ferjeruter, kart, samt gamle arkiverte webkamerabilder. Vanskelige kamera med usikker oppkobling eller treg oppdatering har vi funnet tekniske l\u00f8sninger for og f\u00e5tt dem synlig p\u00e5 nett.<\/p>\n<p>Denne tjenesten har vi utviklet selv, det har ikke kostet noen ei krone. Men da sitter vi ogs\u00e5 igjen med kompetansen lokalt i Mosj\u00f8en og f\u00e5r enda bedre portal-tjenester til glede for mange.<\/p>\n<p>Og det beste, det kommer mer. Vi holder p\u00e5 \u00e5 utvikle en ny funksjon som vil oppgradere webkamera-bildene med spesielt nyttige data, en gammel ide vi har hatt i flere \u00e5r. S\u00e5 vi har nok \u00e5 pusle med videre. Og vet dere om noen lokale webkamera som vi har oversett, s\u00e5 tips oss!<\/p>\n<p>Dere finner webkamera i menyen, eller ved \u00e5 klikke p\u00e5 bildet i v\u00e6rboksen.<\/p>\n<ul>\n<li><a href=\"https:\/\/mosjoen.com\/webkamera\/\"><strong>Webkamera rundt Mosj\u00f8en<\/strong><\/a><\/li>\n<li><strong><a href=\"https:\/\/rananews.no\/webkamera\/\">Webkamera rundt Mo i Rana<\/a><\/strong><\/li>\n<li><a href=\"https:\/\/sandnessjoen.com\/webkamera\/\"><strong>Webkamera rundt Sandnessj\u00f8en<\/strong><\/a><\/li>\n<li><a href=\"https:\/\/bronnoysund.com\/webkamera\/\"><strong>Webkamera rundt Br\u00f8nn\u00f8ysund<\/strong><\/a><\/li>\n<\/ul>\n<p>\u2014\u2014\u2014\u2014\u2014\u2014\u2014\u2014\u2014\u2014\u2014\u2014\u2014\u2014\u2014\u2014\u2014\u2014\u2013<\/p>\n<h2>Posten er milj\u00f8svin<\/h2>\n<p>[01.03.2024] Posten er noen uforst\u00e5elige milj\u00f8svin. N\u00e5r du leverer brev e.l. p\u00e5 postkontoret, og det skal til noen andre her i byen, s\u00e5 blir det sendt nedover til Oslo og sortert der, for s\u00e5 bli sendt tilbake til Mosj\u00f8en og utlevert her. Det tar ogs\u00e5 noen dager ekstra. Dette skjer selv om mottakeren har postboks p\u00e5 samme postkontor du leverte inn sendingen. Dette er absolutt ikke milj\u00f8vennlig.<\/p>\n<p>Dessuten skaper det flere arbeidsplasser i Oslo, mens servicen bygges ned her og andre steder. Dette er nok et eksempel p\u00e5 at Oslo lever av distriktene.<\/p>\n<p>\u2014\u2014\u2014\u2014\u2014\u2014\u2014\u2014\u2014\u2014\u2014\u2014\u2014\u2014\u2014\u2014\u2014\u2014\u2013&#8212;&#8212;&#8212;&#8212;&#8212;&#8212;&#8212;&#8212;&#8212;&#8212;-<\/p>\n<h2>Innvandring berger folketallet<\/h2>\n<p>[21.02.2024] Nye befolkningstall fra Statistisk Sentralbyr\u00e5 viser at innvandringen betyr sv\u00e6rt mye lokalt, n\u00e5 er det i hovedsak ukrainere som flytter hit. Flere kommuner ville hatt nedgang i befolkningen uten innvandring, det viser de detaljerte tallene. S\u00e5 det er ingen grunn for offisielle representanter \u00e5 skryte av utviklingen, dette er for oss stabilt sideleie med god hjelp fra trengende flyktninger. <strong>Her er de offisielle befolkningstall ved \u00e5rsskiftet, samt endringen siste \u00e5r:<\/strong><\/p>\n<p>Vefsn\u00a0 \u00a0 \u00a0 \u00a0 13469\u00a0 \u00a0+127<br \/>\nAlstahaug\u00a0 \u00a07421\u00a0 \u00a0+121<br \/>\nBr\u00f8nn\u00f8y\u00a0 \u00a0 \u00a07826\u00a0 \u00a0+39<br \/>\nRana\u00a0 \u00a0 \u00a0 \u00a0 \u00a025994\u00a0 \u00a0+14<\/p>\n<ul>\n<li><strong><a href=\"https:\/\/www.ssb.no\/statbank\/table\/07459\/\">Statistikk<\/a><\/strong><\/li>\n<\/ul>\n<p>\u2014\u2014\u2014\u2014\u2014\u2014\u2014\u2014\u2014\u2014\u2014\u2014\u2014\u2014\u2014\u2014\u2014\u2014\u2014&#8212;&#8212;&#8212;&#8212;&#8212;&#8212;&#8212;&#8212;&#8212;&#8212;<\/p>\n<h2>Nye webkamera p\u00e5 plass<\/h2>\n<p>[12.02.2024] Vi holder p\u00e5 med et st\u00f8rre l\u00f8ft av webkamera-systemet. Vi har funnet fram til de aller n\u00e6rmeste i v\u00e5rt omr\u00e5de, samtidig som vi har med viktige meldinger fra veitrafikksentralen om Mj\u00e5vatn, Krutfjellet og Tosenfjellet under disse bildene.<\/p>\n<p>V\u00e6r ogs\u00e5 klar over at de fleste kameraene vises med en app slik at man kan se historikk. F.eks ved \u00e5 klikke p\u00e5 pila i nedre venstre hj\u00f8rne f\u00e5r man spilt av et kort opptak av de siste 24 timer, da f\u00e5r man ogs\u00e5 med dagslys. Og \u00f8nsker man \u00e5 se det siste bildet i stort rent format, klikk p\u00e5 Siste.<\/p>\n<p>N\u00e5 har vi ogs\u00e5 med flere webkamera fra sm\u00e5b\u00e5thavna (4 stk). Dette er eldre usikrede kameraer som var vanskelig \u00e5 f\u00e5 p\u00e5 nett, men vi har utviklet en teknisk metode for \u00e5 komme rundt dette.<\/p>\n<p>Det kommer snart flere kamera\u2026<\/p>\n<ul>\n<li><strong><a href=\"https:\/\/mosjoen.com\/webkamera\/\">Bruk menyvalget Webkam eller klikk her<\/a><\/strong><\/li>\n<li><a href=\"https:\/\/rananews.no\/webkamera\/\"><strong>For Saltfjellet klikk her<\/strong><\/a> (under utvikling)<\/li>\n<\/ul>\n<p>\u2014\u2014\u2014\u2014\u2014\u2014\u2014\u2014\u2014\u2014\u2014\u2014\u2014\u2014\u2014\u2014\u2014\u2014\u2014\u2014\u2014\u2014\u2014\u2014\u2014\u2014\u2014\u2014\u2014\u2014\u2014\u2014\u2014\u2014\u2014\u2014\u2014\u2014\u2014\u2014\u2014\u2014<\/p>\n<hr \/>\n<h2>Vinterveiene: Det komplette galskap<\/h2>\n<p>[05.02.2024] Kommentar: Nok en gang har transportbransjen og v\u00e5re politikere bevist sin udugelighet. Tre tilfeller p\u00e5 Helgeland i dag av trailere som ikke kommer seg fram p\u00e5 vinterf\u00f8re. De m\u00e5 f.eks ha hjelp til \u00e5 komme seg over Helgelandsbrua fordi de ikke har dekk tilpasset norske vinterveier. Etter \u00e5 ha f\u00e5tt hjelp til \u00e5 komme seg over, blir de sendt videre p\u00e5 v\u00e5re glatte vinterveier.<\/p>\n<p>Neste gang er det noen av oss som m\u00f8ter en trailer med sleng p\u00e5 hengeren\u2026<\/p>\n<p>Les mer:<\/p>\n<ul>\n<li><a href=\"https:\/\/www.isandnessjoen.no\/vogntog-hadde-utfordringer-pa-helgelandsbrua\/s\/5-108-136952\"> Vogntog hadde utfordringer p\u00e5 Helgelandsbrua<\/a><\/li>\n<li><a href=\"https:\/\/www.helg.no\/vogntog-sto-fast-i-kulstaddalen\/s\/5-24-937990\">Vogntog sto fast i Kulstaddalen<\/a><\/li>\n<li><a href=\"https:\/\/www.isandnessjoen.no\/nok-en-lastebil-star-fast-pa-helgelandsbrua\/s\/5-108-136973\">Nok en lastebil st\u00e5r fast p\u00e5 Helgelandsbrua<\/a><\/li>\n<\/ul>\n<p>\u2014\u2014\u2014\u2014\u2014\u2014\u2014\u2014\u2014\u2014\u2014\u2014\u2014\u2014\u2014\u2014\u2014\u2014\u2014\u2014\u2014\u2014\u2014\u2014\u2014\u2014\u2014\u2014\u2014\u2014\u2014\u2014\u2014\u2014\u2014\u2014\u2014\u2014\u2014\u2014\u2014\u2014<\/p>\n<h2>Tvilsomme v\u00e6rdata fra VG<\/h2>\n<p>[01.02.2024] Vi har lang erfaring med \u00e5 vurdere v\u00e6rinfo fra ulike akt\u00f8rer. I Norge er det kun Meteorologisk Institutt som har godkjente og sikre v\u00e6rm\u00e5linger. Resten av v\u00e6rtjenestene p\u00e5 nett bruker data fra dem eller er utenlandske akt\u00f8rer uten norske m\u00e5lestasjoner.<\/p>\n<p>N\u00e5 har VG rotet seg bort og presenterer n\u00e5 \u201cvindm\u00e5linger\u201d fra hver enkelt kommune i Norge. F.eks. har de tall fra Her\u00f8y og D\u00f8nna, to kommuner som ikke har en eneste offisiell v\u00e6rstasjon, selv ikke fra Meteorologiske. VG kan heller ikke bruke tall fra stasjoner p\u00e5 fastlandet med fallvinder fra Syv S\u00f8stre til \u00e5 beregne vinden p\u00e5 \u00f8yer et godt stykke ut i havet.<\/p>\n<p>Med bakgrunn i VG\/E24s kildekritikk i Kirkol-saken, s\u00e5 b\u00f8r VG faktisk rydde i egen redaksjon ogs\u00e5. N\u00e5r de presenterer l\u00f8pende vinddata fra hver kommune i hele Norge, s\u00e5 m\u00e5 de opplyse at dette er beregnede data og ikke m\u00e5lte data. Og de b\u00f8r opplyse hvordan de har kommet fram til disse fiktive \u201cm\u00e5lingene\u201d. Det gj\u00f8r de ikke.<\/p>\n<ul>\n<li><strong><a href=\"https:\/\/www.vg.no\/nyheter\/innenriks\/i\/KnoyAe\/vindstyrke-i-norge-foelg-vinden-live\">Se \u201cv\u00e6rm\u00e5linger\u201d fra VG<\/a><\/strong><\/li>\n<\/ul>\n<p>\u2014\u2014\u2014\u2014\u2014\u2014\u2014\u2014\u2014\u2014\u2014\u2014\u2014\u2014\u2014\u2014\u2014\u2014\u2014\u2014\u2014\u2014\u2014\u2014\u2014\u2014\u2014\u2014\u2014\u2014\u2014\u2014\u2014\u2014\u2014\u2014\u2014\u2014\u2014\u2014\u2014\u2014<\/p>\n<h2>Sjekk ekstremv\u00e6ret n\u00e5<\/h2>\n<p>[31.01.2024] Her kan du sjekke de ti mest ekstreme <strong>vindstyrkene<\/strong> og <strong>temperaturene<\/strong> i Norge m\u00e5lt akkurat n\u00e5 ved offisielle m\u00e5lestasjoner fra Meteorologisk Institutt. V\u00e6r klar over at mange steder her nord, f.eks. Her\u00f8y og D\u00f8nna, mangler m\u00e5lestasjoner, mens de har en ekstrem overdekning av slike m\u00e5lestasjoner i Oslo. Dessuten er det Dagbladet som fikser denne v\u00e6rtjenesten, ikke Meteorologiske.<\/p>\n<ul>\n<li><a href=\"https:\/\/www.dagbladet.no\/nyheter\/klar-advarsel-blir-svaert-farlig\/80902201\"><strong>Ekstreme v\u00e6rm\u00e5linger<\/strong><\/a><\/li>\n<\/ul>\n<p>MON: 7 av 8 ansatte inhabile<\/p>\n<p>[23.01.2024] Flertallet av MON-ansatte er medeiere i private selskap eller har n\u00e6re relasjoner som kan skape habilitets-problemer, b\u00e5de ved behandling av s\u00f8knader og arbeid med prosjekter. Og ikke minst, det gir problemer med tilliten til MON.<\/p>\n<p>MON er Vefsn kommunes n\u00e6ringsetat. Da skal gr\u00fcndere og etablerte virksomheter v\u00e6re sikker p\u00e5 at r\u00e5dgivning og s\u00f8knader blir behandlet p\u00e5 et n\u00f8ytralt grunnlag, og at de ansattes personlige interesser ikke kommer i veien.<\/p>\n<p>Det er opp til ledelsen i MON og eier Vefsn kommune \u00e5 rydde opp i dette.<\/p>\n<p><strong>MON-ansattes engasjement:<\/strong><\/p>\n<ul>\n<li>Simon Alm\u00e5s:<br \/>\n<a href=\"https:\/\/w2.brreg.no\/enhet\/sok\/detalj.jsp?orgnr=927753626\">Simon Alm\u00e5s Multimedia<\/a>, eget selskap<br \/>\n<a href=\"https:\/\/w2.brreg.no\/enhet\/sok\/detalj.jsp?orgnr=931981625\">Swob Productions<\/a>, medeier<\/li>\n<li>Wivi Amundsen:<br \/>\n<a href=\"https:\/\/w2.brreg.no\/enhet\/sok\/detalj.jsp?orgnr=931981625\">Swob Productions<\/a>, medeier<\/li>\n<li>Bent Bakkan:<br \/>\n<a href=\"https:\/\/w2.brreg.no\/enhet\/sok\/detalj.jsp?orgnr=931981625\">Swob Productions<\/a>, medeier<\/li>\n<li>Thomas Bj\u00f8rn\u00e5:<br \/>\n<a href=\"https:\/\/www.dn.no\/investor\/norges-aksjer\/2022\/1334337\">HEV Gruppen AS (Helgeland Event)<\/a>, aksjer<br \/>\n<a href=\"https:\/\/w2.brreg.no\/enhet\/sok\/detalj.jsp?orgnr=922535531\">Thomas Bj\u00f8rn\u00e5<\/a>, eget selskap<\/li>\n<li>Olav Andre Karlsen:<br \/>\n<a href=\"https:\/\/www.dn.no\/investor\/norges-aksjer\/2022\/2040349\">Rec Silicon ASA<\/a>, aksjer<br \/>\n<a href=\"https:\/\/w2.brreg.no\/enhet\/sok\/detalj.jsp?orgnr=931981625\">Swob Productions<\/a>, medeier<\/li>\n<li>Snorre Lund:<br \/>\n<a href=\"https:\/\/www.dn.no\/investor\/norges-aksjer\/2022\/913595\">Olderskog AS<\/a>, aksjer<br \/>\n<a href=\"https:\/\/www.dn.no\/investor\/norges-aksjer\/2022\/913595\">Nordic Mining ASA<\/a>, aksjer<br \/>\n<a href=\"https:\/\/www.dn.no\/investor\/norges-aksjer\/2022\/913595\">Axactor ASA<\/a>, aksjer<\/li>\n<\/ul>\n<p>I tillegg er MON-direkt\u00f8r Espen Isaksen gift med en prosjektleder i <a href=\"https:\/\/helgelandevent.no\/\">Helgeland Event<\/a>, hun er ansvarlig for et st\u00f8rre prosjekt de har f\u00e5tt tildelt av MON. Dessuten er en av de MON-ansatte deleier i Helgeland Event.<\/p>\n<p>\u2014\u2014\u2014\u2014\u2014\u2014\u2014\u2014\u2014\u2014\u2014\u2014\u2014\u2014\u2014\u2014\u2014\u2014\u2014&#8212;&#8212;&#8212;&#8212;&#8212;&#8212;&#8212;&#8212;&#8212;-\u2014\u2014\u2014\u2014\u2014\u2014\u2014\u2014\u2014\u2014<\/p>\n<h2><a id=\"oslo_vaerfokus\"><\/a>Ekstrem v\u00e6rfokus p\u00e5 Oslo<\/h2>\n<p>[06.01.2024] N\u00e5r det er ekstremv\u00e6r i Oslo, f.eks sidevind og kaldgufs, s\u00e5 blir det sl\u00e5tt stort opp. Men i Oslo st\u00e5r de offisielle m\u00e5lestasjonene fra Meteorologisk Institutt uhyre tett. Det er 44 ganger tettere mellom m\u00e5lingene i Oslo enn her p\u00e5 Helgeland. Hadde vi hatt samme dekning her nord hadde f.eks. kulderekordene v\u00e6rt adskillig lavere mange steder enn hva de er, det viser mange uoffisielle m\u00e5linger.<\/p>\n<p>I Oslo kommune er det 38 offisielle m\u00e5lestasjoner fordelt p\u00e5 426 kvadratkilometer, p\u00e5 Helgeland er det 37 slike m\u00e5lestasjoner p\u00e5 18839 kvadratkilometer.<\/p>\n<p>P\u00e5 Helgeland er det faktisk tre kommuner som ikke har offisielle m\u00e5lestasjoner, det er Her\u00f8y, D\u00f8nna og Bindal. Det er ikke tvil om at det er en helt annen og mer utfordrende natur og v\u00e6rsituasjon her oppe enn i Oslo. Og en stor del av befolkningen her er avhengige av v\u00e6ret i jobben eller ved transport. Det er en oppgave for v\u00e5re lokalpolitikere \u00e5 trykke p\u00e5 for \u00e5 f\u00e5 litt balanse i v\u00e6roversikten fra statlige Meteorologisk Institutt, det bor faktisk over 83000 i 19 kommuner p\u00e5 Helgeland.<\/p>\n<ul>\n<li><a href=\"https:\/\/seklima.met.no\/\"><strong>Stasjonsoversikt<\/strong><\/a><\/li>\n<li><strong><a href=\"https:\/\/www.yr.no\/nb\/andre-varsler\/1-2625608\/Norge\/Nordland\/Her%C3%B8y\/Her%C3%B8y\">V\u00e6rstatus Her\u00f8y kommune<\/a><\/strong> (ingen m\u00e5lestasjoner)<\/li>\n<\/ul>\n<p>\u2014\u2014\u2014\u2014\u2014\u2014\u2014\u2014\u2014\u2014\u2014\u2014\u2014\u2014\u2014\u2014\u2014\u2014\u2014\u2014\u2014\u2014\u2014\u2014\u2014\u2014\u2014\u2014\u2014\u2014\u2014\u2014\u2014\u2014\u2014\u2014\u2014\u2014\u2014\u2014\u2014\u2014<\/p>\n<h2>V\u00e6ret her nord har ikke skylda<\/h2>\n<p>[25.12.2023] Nok en gang har s\u00e5kalte eksperter blandet kortene, de konkluderer med at fraflyttingen her nord skyldes v\u00e6ret, uten \u00e5 ha sett p\u00e5 den sammensatte forklaringen. Misbruk av statistikk er velkjent. I Danmark er det mest stork utenfor byene, der er ogs\u00e5 f\u00f8dselsraten h\u00f8yere. Skyldes det storken?<\/p>\n<p>F.eks. er det s\u00e6rdeles f\u00e5 h\u00f8yteknologiske arbeidsplasser her nord. I Trondheim jobber det omtrent tusen stykker med utvikling av mikroprosessorer, mens her i Mosj\u00f8en er det sv\u00e6rt f\u00e5 som vet hva det er. Men vi har r\u00e5billige fritidshus sammenlignet med \u00d8stlandet, og praktiske korte avstander i n\u00e6romr\u00e5dene uten parkeringsproblemer. Og et usedvanlig trivelig og frilynt folk.<\/p>\n<p>Men det er ikke nok. Stadig flere av de yngre tar h\u00f8yere utdannelse. N\u00e5r det ikke er arbeidsplasser nok her nord, s\u00e5 \u00f8ker skjevheten og utflyttingen.<\/p>\n<p>Jeg var for mange \u00e5r siden en m\u00e5ned p\u00e5 kurs p\u00e5 indre \u00d8stlandet. D\u00f8dskjedelige flate skogsomr\u00e5der, og samme kjedelige v\u00e6ret hver dag. Og jeg var ogs\u00e5 en gang p\u00e5 jobbtur i Seattle, den kalles i USA for \u201cThe Rainy City\u201d. Men jeg sjekket nedb\u00f8rsstatistikken, den var omtrent som Mosj\u00f8en. Men Seattle er en h\u00f8yteknologisk by med mye tr\u00f8kk langt nord i USA, her ligger hovedkontorene til Microsoft, Amazon og Boeing. V\u00e6ret og temperatur har tydeligvis ikke noe \u00e5 si.<\/p>\n<p>De dagene den nord-norske sommeren sl\u00e5r til d\u00f8gnet rundt i en spektakul\u00e6r natur er magiske, det lever vi lenge p\u00e5. Det er en viktig grunn til at vi at vi bor.<\/p>\n<ul>\n<li><a href=\"https:\/\/www.nrk.no\/nordland\/gir-darlig-sommervaer-skylda-for-flukten-fra-nord-norge-1.16688366\"><strong>Folk r\u00f8mmer fra Nord-Norge<\/strong><\/a><\/li>\n<\/ul>\n<p>\u2014\u2014\u2014\u2014\u2014\u2014\u2014\u2014\u2014\u2014\u2014\u2014\u2014\u2014\u2014\u2014\u2014\u2014\u2014\u2014\u2014\u2014\u2014\u2014\u2014\u2014\u2014\u2014\u2014\u2014\u2014\u2014\u2014\u2014\u2014\u2014\u2014\u2014\u2014\u2014\u2014\u2014<\/p>\n<h2>Oppskrytte klimabesparelser<\/h2>\n<p>[16.12.2023] N\u00e5 skryter arkitektbyr\u00e5et Sn\u00f8hetta om sine klimabesparelser med sine nettsider ved \u00e5 gj\u00f8re bildene mer uskarpe. Vi sier bare, velkommen etter. Vi har drevet med dette i ti \u00e5r som en del av produksjonen av websidene, bl.a. mosjoen.com. Dette gj\u00f8r vi i utgangspunktet for \u00e5 gj\u00f8re sidene raskere, men med god nok kvalitet. Gir minst 10 ganger mindre plass\/trafikk.<\/p>\n<p>Vi har ogs\u00e5 alle websidene liggende p\u00e5 v\u00e5r egen virtuelle server i Tyskland. Da deler vi den fysiske webserveren med mange andre kunder, s\u00e5 her sparer alle energi.<\/p>\n<p>Og vi har forlengst sluttet med fysisk harddisk p\u00e5 webserveren, vi bruker SSD, dvs ren elektronikk til lagring. Ogs\u00e5 mer sparing. Ogs\u00e5 smart programmering med caching skaper mindre trafikk i nettet og mindre energiforbruk.<\/p>\n<p>S\u00e5 Sn\u00f8hettas klimaskryt er et spill for galleriet, ren markedsf\u00f8ring. Dette er mikrobesparelser. De sparer mye mer p\u00e5 \u00e5 reise mindre og bruke mer hjemmekontor n\u00e5r sjansen byr seg. Og vi mangler journalister som kan litt mer om milj\u00f8problematikken som er i ferd med \u00e5 blir et stort tema etter hvert.<\/p>\n<ul>\n<li><a href=\"https:\/\/www.nrk.no\/nordland\/snohetta-bygger-klimavennleg-nettside-ved-a-gjere-bilda-sine-meir-uskarpe-1.16667901\"><strong>Sn\u00f8hettas klimaskryt<\/strong><\/a><\/li>\n<\/ul>\n<p>\u2014\u2014\u2014\u2014\u2014\u2014\u2014\u2014\u2014\u2014\u2014\u2014\u2014\u2014\u2014\u2014\u2014\u2014\u2014<\/p>\n<h2>Priskaos for IKEA i Mosj\u00f8en<\/h2>\n<p>[08.12.2023] Hos IKEA har man etterhvert f\u00e5tt mulighet for \u00e5 bestille st\u00f8rre varer p\u00e5 nett med levering i Mosj\u00f8en. Du m\u00e5 selv p\u00e5 terminalen p\u00e5 Nyrud og hente varen, og det er \u00e5pent bare et par timer pr uke.<\/p>\n<p>Men transportprisene har IKEA ikke kontroll med enn\u00e5. Bestiller du f.eks. et klesskap p\u00e5 nett, s\u00e5 er totalprisen inkl transport 300 kroner dyrere ved to stk, enn om du hadde bestilt dem enkeltvis. Og transportprisen er den samme for ni stykk totalt som for to!<\/p>\n<p>Og det kan l\u00f8nne seg \u00e5 bestille de med levering Fauske hvis du vil ha en liten tur nordover. Du vil da spare 1500 kroner i transportkostnader p\u00e5 samme varer i forhold til Mosj\u00f8en. Da f\u00e5r du finansiert en Bod\u00f8-tur med denne prisforskjellen.<\/p>\n<p>Men galskapen fortsetter. De som bor et stykke ut i Lofoten, p\u00e5 Leknes, har 1300 kr mindre i transportkostnader enn Mosj\u00f8en som ligger ved E6 og jernbane.<\/p>\n<p>S\u00e5 ligg unna bestilling hos IKEA inntil de f\u00e5r ryddet opp i kaoset.<\/p>\n<p>\u2014\u2014\u2014\u2014\u2014\u2014\u2014\u2014\u2014\u2014\u2014\u2014\u2014\u2014\u2014\u2014\u2014\u2014\u2014<\/p>\n<h2>Togene svikter f\u00f8r jul<\/h2>\n<p>[06.12.2023] Nok en gang er det alvorlig materialsvikt hos SJ som drifter Nordlandsbanen. Mange togavganger i n\u00e6rmeste uke mellom Trondheim og Bod\u00f8 blir erstattet av buss p\u00e5 glattholka. Og prisen p\u00e5 buss er den samme som tog, selv om b\u00e5de standarden og sikkerheten er betydelig redusert. I tillegg mister du plassbillett og internett-forbindelse som du har p\u00e5 tog. V\u00e5re lokalpolitikere b\u00f8r engasjere seg for \u00e5 f\u00e5 gjort noe med det ustabile togtilbudet, men de bruker mest fly, s\u00e5 de merker ikke s\u00e5 mye til det vanlige folk sliter med.<\/p>\n<ul>\n<li><a href=\"https:\/\/www.sj.no\/trafikkinformasjon\/\"><strong>Trafikkinfo<\/strong><\/a><\/li>\n<\/ul>\n<p>\u2014\u2014\u2014\u2014\u2014\u2014\u2014\u2014\u2014\u2014\u2014\u2014\u2014\u2014\u2014\u2014\u2014\u2014\u2014<\/p>\n<h2>N\u00e5r er det nok matte?<\/h2>\n<p>[06.12.2023] Kommentar: Dagens ungdom blir n\u00e5 \u201chengt ut\u201d for at de har s\u00e5 d\u00e5rlige mattekunnskaper i forhold til andre land. Jeg vil si det s\u00e5 sterkt at det er undervisningsopplegget det er noe feil med. Den videreg\u00e5ende skolen er opphengt i gamle l\u00e6rerplaner der matte er hauset opp til \u00e5 v\u00e6re et hovedfag. I mens g\u00e5r verden videre der utregninger n\u00e5 praktiseres av dataprogrammer med avanserte beregningsmodeller. Desverre er det d\u00e5rlig forst\u00e5else i videreg\u00e5ende for moderne fag som f.eks. kommunikasjon (menneskelig), datateknologi, og ikke minst kunstig intelligens.<\/p>\n<p>Jeg er selv en gammel realfagelev der matte var hovedfag b\u00e5de p\u00e5 videreg\u00e5ende og h\u00f8yskole. Jeg berget st\u00e5karakter i matte begge plasser, mens i datafag og elektronikk fikk jeg toppkarakterer. Men jeg har aldri hatt bruk for noe avansert matte i yrkesut\u00f8velsen, hverken ved elektronikkdesign, programmering eller forskning. Desverre er det n\u00e5 mange talenter som ikke f\u00e5r skikkelig skoleplass pga den ekstreme vektleggingen av matte. Og i dag hadde jeg ikke hatt gode nok matte-karakterer til \u00e5 komme inn p\u00e5 noen ingeni\u00f8rstudier. Desverre er det ikke mange snarveier rundt, s\u00e5 jeg anbefaler de som skal jobbe med utvikling \u00e5 ta en skikkelig utdanning for \u00e5 forst\u00e5 bedre hvordan ting henger sammen.<\/p>\n<p>Se positivt p\u00e5 det, jeg fikk 6 i matte, fysikk og fransk \u2013 til sammen.<br \/>\nOg jeg sto.<\/p>\n<p>\u2014\u2014\u2014\u2014\u2014\u2014\u2014\u2014\u2014\u2014\u2014\u2014\u2014\u2014\u2014\u2014\u2014\u2014\u2014<\/p>\n<h2>Ny v\u00e6rm\u00e5ling p\u00e5 \u00d8yfjellet<\/h2>\n<p>[01.12.2023] yr.no har n\u00e5 kommet med en ny fast v\u00e6rm\u00e5ling fra en ny m\u00e5lestasjon, Middagseidklumpen, bak p\u00e5 \u00d8yfjellet, 652 moh. Dessverre er dette blitt den prioriterte m\u00e5lestasjonen for Mosj\u00f8en hos yr.no. Den er f.eks. i dag kl 2200 over 12 grader mildere her enn m\u00e5lingen p\u00e5 flyplassen som til n\u00e5 har v\u00e6rt n\u00e6rmeste og mest riktige m\u00e5lepunkt, dette skyldes at kaldlufta legger seg nederst i terrenget.<\/p>\n<p>De temperaturene som yr.no profilerer p\u00e5 nett er ikke m\u00e5lte, men beregnede. M\u00e5lte temperaturer for Mosj\u00f8en og omegn finner dere her:<\/p>\n<ul>\n<li><a href=\"https:\/\/www.yr.no\/nb\/andre-varsler\/1-252958\/Norge\/Nordland\/Vefsn\/Mosj%C3%B8en\"><strong>M\u00e5lte temperaturer<\/strong><\/a><\/li>\n<\/ul>\n<p>\u2014\u2014\u2014\u2014\u2014\u2014\u2014\u2014\u2014\u2014\u2014\u2014\u2014\u2014\u2014\u2014\u2014\u2014\u2014<\/p>\n<h2>\u201cMON-selskap\u201d under sletting?<\/h2>\n<p>[30.11.2023] Arrangementsselskapet SWOB som fire saksbehandlere i MON etablerte i h\u00f8st, ser n\u00e5 ut til \u00e5 v\u00e6re under sletting. Facebook-siden de brukte til markedsf\u00f8ring er n\u00e5 slettet. Men selskapet st\u00e5r enn\u00e5 registrert i Br\u00f8nn\u00f8ysundregistrene, s\u00e5 de er ikke i m\u00e5l enn\u00e5. Siden MON er et kommunalt foretak ble saken tatt opp i tidligere i h\u00f8st i kommunale fora.<\/p>\n<p>Etableringen h\u00f8stet sterk kritikk lokalt fra andre i bransjen. Dette betyr at de som MON-ansatte kommer i konkurranse med andre arrang\u00f8rer hvis de skal hjelpe de med st\u00f8tte og r\u00e5d.<\/p>\n<ul>\n<li><a href=\"https:\/\/w2.brreg.no\/enhet\/sok\/detalj.jsp?orgnr=931981625\"><strong>Se registrering i n\u00e6ringsregistret<\/strong><\/a><\/li>\n<\/ul>\n<p>\u2014\u2014\u2014\u2014\u2014\u2014\u2014\u2014\u2014\u2014\u2014\u2014\u2014\u2014\u2014\u2014\u2014\u2014\u2014<\/p>\n<h2>Viktig med vedfyring<\/h2>\n<p>[28.11.2023] Litt for mange av oss stoler for mye p\u00e5 at teknologien gir oss alle l\u00f8sninger. Men vi teknologer er ofte mer skeptisk og er vant til \u00e5 se fallgruber. S\u00e5 vi advarer mot \u00e5 stole for mye p\u00e5 str\u00f8mforsyningen, spesielt hvis det blir alvorlig krise. Krigen i Ukraina med fjernstyrte droner er en l\u00e6repenge for oss ogs\u00e5.<\/p>\n<p>Her i Mosj\u00f8en har vi ikke hatt et alvorlig str\u00f8mbrudd siden verket ble bygd, for de t\u00e5ler ikke mer enn f\u00e5 timers utfall f\u00f8r alle ovnene st\u00f8rkner, og det blir enorme kostnader \u00e5 bygge opp igjen. I tillegg vil folk som ikke har vedfyring i boligen m\u00e5tte flytte ut hvis det blir langvarig krise.<\/p>\n<p>Vi ser at mange nye byggeprosjekter lokalt mangler mulighet for vedfyring. Det er merkelig at slike ekstremt dyre prosjekter kan settes opp uten denne sikringen. S\u00e5 vi anbefaler sterkt at mulige kj\u00f8pere stiller krav om sikker oppvarming.<\/p>\n<p>\u2014\u2014\u2014\u2014\u2014\u2014\u2014\u2014\u2014\u2014\u2014\u2014\u2014\u2014\u2014\u2014\u2014\u2014\u2014<\/p>\n<h2>MON preget av politisk innavl<\/h2>\n<p>[15.11.2023] Kommentar: Vi har unders\u00f8kt hvordan det st\u00e5r til med n\u00e6ringsutviklingen i landets kommuner, og vi fikk v\u00e5re erfaringer bekreftet. <strong>MON er det eneste n\u00e6rings\u00adselskapet i Norge av en viss st\u00f8rrelse som fremdeles er et kommunalt foretak (KF), s\u00e5 og si alle andre er aksjeselskap med kommunalt eierskap og et fritt styre.<\/strong> Det er kun tre andre mindre n\u00e6ringsselskap som er organisert som KF, men disse har tungvektere fra n\u00e6ringslivet som styreledere, det har ikke MON.<\/p>\n<p>Dette bekrefter det mange av oss opplever med MON, et n\u00e6ringsselskap uten n\u00f8dvendig og reel forst\u00e5else av n\u00e6ringslivet og gr\u00fcndere. Det har en daglig leder uten relevant utdanning, og som ikke har jobbet i n\u00e6ringslivet. Og med en styreleder som kun har bakgrunn fra Alcoa, heller ingen spesiell utdanning og n\u00e6ringserfaring, men som n\u00e5 er ordf\u00f8rer. Og et MON-styre som er plukket ut av kommunestyret, der flertallet i MON-styret er kommunepolitikere, og samtlige i styret er fra Vefsn. Den n\u00e6ringsmessige bakgrunnen i MON er syltynn.<\/p>\n<p>MON drives av offentlige midler, ca 20 mill i \u00e5ret, og skal v\u00e6re en st\u00f8ttespiller lokalt. Desverre m\u00e5 det et kommunestyrevedtak til for \u00e5 f\u00e5 endret strukturen og forbedret MON, men det skjer ikke de neste fire \u00e5rene med dagens sammensetning. Og i mens d\u00f8r kua.<\/p>\n<p>Det lokale n\u00e6ringsliv fortjener et bedre og mer profesjonelt n\u00e6ringsselskap.<br \/>\nMON er rett og slett utg\u00e5tt p\u00e5 dato.<\/p>\n<p><strong>Oppslag i Br\u00f8nn\u00f8ysundregistrene<\/strong><br \/>\nS\u00f8keord og antall treff, AS=aksjeselskap og KF=kommunalt foretak:<\/p>\n<ul>\n<li>N\u00e6ringsutvikling: <a href=\"https:\/\/w2.brreg.no\/enhet\/sok\/treffliste.jsp?navn=n%C3%A6ringsutvikling&amp;orgform=AS&amp;fylke=0&amp;kommune=0\">AS=481<\/a> | <a href=\"https:\/\/w2.brreg.no\/enhet\/sok\/treffliste.jsp?navn=n%C3%A6ringsutvikling&amp;orgform=KF&amp;fylke=0&amp;kommune=0\">KF=5<\/a><\/li>\n<li>N\u00e6ringsselskap: <a href=\"https:\/\/w2.brreg.no\/enhet\/sok\/treffliste.jsp?navn=n%C3%A6ringsselskap&amp;orgform=AS&amp;fylke=0&amp;kommune=0\">AS=451<\/a> | <a href=\"https:\/\/w2.brreg.no\/enhet\/sok\/treffliste.jsp?navn=n%C3%A6ringsselskap&amp;orgform=KF&amp;fylke=0&amp;kommune=0\">KF=4<\/a><\/li>\n<li>N\u00e6ringspark: <a href=\"https:\/\/w2.brreg.no\/enhet\/sok\/treffliste.jsp?navn=n%C3%A6ringspark&amp;orgform=AS&amp;fylke=0&amp;kommune=0\">AS=863<\/a> | <a href=\"https:\/\/w2.brreg.no\/enhet\/sok\/treffliste.jsp?navn=n%C3%A6ringspark&amp;orgform=KF&amp;fylke=0&amp;kommune=0\">KF=1<\/a><\/li>\n<li>Innovasjon: <a href=\"https:\/\/w2.brreg.no\/enhet\/sok\/treffliste.jsp?navn=innovasjon&amp;orgform=AS&amp;fylke=0&amp;kommune=0\">AS=439<\/a> | <a href=\"https:\/\/w2.brreg.no\/enhet\/sok\/treffliste.jsp?navn=innovasjon&amp;orgform=KF&amp;fylke=0&amp;kommune=0\">KF=0<\/a><\/li>\n<\/ul>\n<p>\u2014\u2014\u2014\u2014\u2014\u2014\u2014\u2014\u2014\u2014\u2014\u2014\u2014\u2014\u2014\u2014\u2014\u2014\u2014<\/p>\n<h2>Har du v\u00e6rt i Rompst\u00f8nghola?<\/h2>\n<p>[08.11.2023] Vefsn er som en del andre kommuner fulle av kreative stedsnavn, navn som er offisielt registrert i Kartverket. <strong>Rompst\u00f8nghola<\/strong> ligger ved foten av Reinfjellet, ved Blanktj\u00f8nna. Ikke langt unna ligger <strong>K\u00e5lsuppedalen<\/strong>. I \u00d8yfjellet ligger <strong>Finnpesso<\/strong>, godt synlig rett over Kulstadlia. Og <strong>Tullmyra<\/strong> ligger i Drevja rett ved hovedveien. \u00d8nsker du mer offisielt tull er det bare \u00e5 zoome inn og lete p\u00e5 kartet:<\/p>\n<ul>\n<li><strong><a href=\"https:\/\/www.norgeskart.no\/#!?project=seeiendom&amp;layers=1002,1015&amp;zoom=8&amp;lat=7302418.20&amp;lon=418936.05\">Kart over Vefsn<\/a> | <a href=\"https:\/\/www.norgeskart.no\/#!?project=seeiendom&amp;layers=1002,1015&amp;zoom=13&amp;lat=7302155.58&amp;lon=427931.95&amp;sok=rompst%C3%B8nghola&amp;markerLat=7302155.583701248&amp;markerLon=427931.9471987469&amp;p=searchOptionsPanel\">Rompst\u00f8nghola<\/a><\/strong><\/li>\n<\/ul>\n<p>\u2014\u2014\u2014\u2014\u2014\u2014\u2014\u2014\u2014\u2014\u2014\u2014\u2014\u2014\u2014\u2014\u2014\u2014\u2014<\/p>\n<h2>Troen p\u00e5 kunstig intelligens?<\/h2>\n<p>[01.11.2023] Dette er et innlegg vi har hatt p\u00e5 den lokale Facebook-gruppen om kunstig intelligens der en del mosj\u00f8folk diskuterer framtidens teknologi:<\/p>\n<p>Begrepet kunstig intelligens (AI) har kommet over natta, alt som automatiseres kalles n\u00e5 for kunstig intelligens, til og med vaskemaskiner. S\u00e5 n\u00e5 er jeg blitt n\u00f8dt \u00e5 framheve portalene jeg leverer med begrepet kunstig intelligens fordi alle andre bruker det. Men jeg vet at de er drevet av en-cellede program-moduler jeg har skrevet, og som gj\u00f8r enkle teite rutiner. Eneste bruk av intelligens (min) er koblingen jeg har satt opp mellom disse, og at de kj\u00f8rer p\u00e5 gitte tidspunkt, alts\u00e5 automatisering.<\/p>\n<p>Jeg laget noen enkle h\u00e5pl\u00f8se program for mange \u00e5r siden, bl.a. en oppfinnergenerator som spyr ut meget kreative oppfinnelser. Den sl\u00e5r ut mange normale mennesker med begrenset fantasi. Men er det kunstig intelligens?<\/p>\n<p>Og jeg har studert mye omtalte ChatGPT. Det ser ut til \u00e5 v\u00e6re en tekstgenerator som legger ut flotte formuleringer som en talef\u00f8r politiker, men uten relevant innhold. Og med fakta hentet fra Wikipedia uten noen ny bearbeiding eller vinkling.<\/p>\n<p><strong>Derfor, kan noen komme med konkrete eksempler p\u00e5 noe som kan minne om ekte kunstig intelligens? Hva har vi oversett?<\/strong><\/p>\n<p>V\u00e5r faste onsdagspils er et oppkomme av ulike bortforklaringer, her er noen som har dukket opp:<\/p>\n<ul>\n<li>Gunstig intelligens: Passe smart (gjelder oss alle)<\/li>\n<li>Placebo intelligens: Innbilt intelligens<\/li>\n<li>Brunstig intelligens: Sm\u00e5k\u00e5te fettotere<\/li>\n<\/ul>\n<p>For dere som liker \u00e5 k\u00f8dde og trolle med AI, s\u00e5 er denne bloggen et funn:<br \/>\n<a href=\"https:\/\/www.aiweirdness.com\/\"><strong>aiweirdness.com<\/strong><\/a><\/p>\n<p>\u2014\u2014\u2014\u2014\u2014\u2014\u2014\u2014\u2014\u2014\u2014\u2014\u2014\u2014\u2014\u2014\u2014\u2014\u2014<\/p>\n<h2>Nytt webkamera p\u00e5 Mj\u00e5vatn<\/h2>\n<p>[31.10.2023] Mj\u00e5vatn nord for Mosj\u00f8en er en spesielt utsatt veistrekning n\u00e5r det bl\u00e5ser fra \u00f8st, da kan det komme heftige fallvinder ned fra fjellet. Og det kan bli stopp i trafikken med omkj\u00f8ring via Drevja. For 2-3 \u00e5r siden ble den nye veitraseen \u00e5pnet, men problemene med kraftige fallvinder fortsetter.<\/p>\n<ul>\n<li><strong><a href=\"https:\/\/mosjoen.com\/webkamera\/\">Se webkameraet p\u00e5 mosjoen.com<\/a><\/strong><\/li>\n<\/ul>\n<p>\u2014\u2014\u2014\u2014\u2014\u2014\u2014\u2014\u2014\u2014\u2014\u2014\u2014\u2014\u2014\u2014\u2014\u2014\u2014<\/p>\n<h2>MON-sjefen i reklame for lokal utbygger<\/h2>\n<p>[23.10.2023] Det er overraskende at MON-sjefen st\u00e5r fram i en reklamekampanje for et lokalt leilighetsprosjekt. Det er flere andre slike prosjekt av ulik st\u00f8rrelse i Vefsn under utvikling, s\u00e5 derfor har det kommet reaksjoner fra andre i den lokale entrepren\u00f8rbransjen p\u00e5 MON\u2019s handlem\u00e5te.<\/p>\n<p>MON er en kommunal bedrift og skal opptre n\u00f8ytralt, derfor er det viktig at man opptrer ryddig og greit ovenfor alle i bransjen.<\/p>\n<ul>\n<li><strong><a href=\"https:\/\/www.helg.no\/korreks-til-mon-sjefen-fra-gammelordforeren-det-er-bare-a-legge-seg-flat\/s\/5-24-911778\">Korreks til MON-sjefen fra gammel-ordf\u00f8reren<\/a><\/strong><\/li>\n<li><a href=\"https:\/\/www.helg.no\/vis\/annonse\/gjor-boligkupp-i-2025\/\"><strong>Reklamekampanje Rede Eiendomsmegling<\/strong><\/a><\/li>\n<\/ul>\n<p>\u2014\u2014\u2014\u2014\u2014\u2014\u2014\u2014\u2014\u2014\u2014\u2014\u2014\u2014\u2014\u2014\u2014\u2014\u2014<\/p>\n<h2>Sterke reaksjoner mot Rana<\/h2>\n<p>[20.10.2023] Som kjent har det stoppet opp med byggingen av batterifabrikk i Rana. S\u00e5 i sommer bes\u00f8kte E24 Mo i Rana. E24 er landets st\u00f8rste nettavis for finans, \u00f8konomi og n\u00e6ringsliv, og utgis av Schibsted \/ VG \/ Aftenposten.<\/p>\n<p>Artikkelen gir et greit statusbilde. Men kommentarene til artikkelen er saftige. Det er 140 innlegg som kommer fra hele landet. Det er rett og slett slakt av hele satsingen, ingen positive innlegg. Heller ingen innlegg fra ranv\u00e6ringer ser det ut til. Og Rana Blad har heller ikke nevnt denne artikkelen.<\/p>\n<p>Her i Vefsn har vi heller ikke noe \u00e5 skryte av. Planene p\u00e5 Nesbruktomta er sv\u00e6rt usikre, det minner mye om luftslott.<\/p>\n<ul>\n<li><a href=\"https:\/\/e24.no\/energi-og-klima\/i\/bgdyd5\/byen-som-venter-paa-batterieventyret\"><strong>Les E24 artikkel og kommentarer<\/strong><\/a><\/li>\n<\/ul>\n<p>\u2014\u2014\u2014\u2014\u2014\u2014\u2014\u2014\u2014\u2014\u2014\u2014\u2014\u2014\u2014\u2014\u2014\u2014\u2014<\/p>\n<h2>N\u00e6ringsutvikling g\u00e5tt ut p\u00e5 dato<\/h2>\n<p>[19.10.2023] Kommentar: En av grunnene til at n\u00e6ringsutviklingen i Vefsn er langt nede i en b\u00f8lgedal, er m\u00e5ten kommunens n\u00e6ringsselskap er organisert p\u00e5. MON drives som et kommunalt foretak (KF), dvs heleid av Vefsn kommune. Slik har det v\u00e6rt i snart tjue \u00e5r.<\/p>\n<p>Dette fungerer sv\u00e6rt d\u00e5rlig. N\u00e5r flertallet i styret i MON m\u00e5 v\u00e6re kommunestyre-medlemmer, valgt ut av kommunestyret, og samtlige i styret ogs\u00e5 er vefsninger, s\u00e5 blir det feil.<\/p>\n<p>En virksomhet som skal jobbe med n\u00e6ringsutvikling trenger folk i styret som har tung kompetanse\/erfaring fra n\u00e6ringslivet og som gjerne kommer utenfra og ser ting litt annerledes. Slik som i Rana:<\/p>\n<p>Rana Utvikling (RU) er Ranas \u201cMON\u201d, der er det mer tr\u00f8kk. RU er et frittst\u00e5ende AS, men med 60% kommunalt eierskap. Og med bare proffe n\u00e6ringslivsfolk i styret, flertallet kommer faktisk utenbys fra.<\/p>\n<p>For \u00e5 si det enkelt, n\u00e6ringsutviklingen i Vefsn har g\u00e5tt ut p\u00e5 dato for mange \u00e5r siden.<\/p>\n<ul>\n<li><a href=\"https:\/\/proff.no\/roller\/mosj%C3%B8en-og-omegn-n%C3%A6ringsselskap-kf\/mosj%C3%B8en\/offentlig-administrasjon\/IGDV22N10JX\/\"><strong>Styret i MON<\/strong><\/a><\/li>\n<li><strong><a href=\"https:\/\/proff.no\/roller\/rana-utvikling-as\/mo-i-rana\/n%C3%A6ringsetablering\/IFNAUUQ101G\/\">Styret i Rana Utvikling<\/a><\/strong><\/li>\n<li><strong><a href=\"https:\/\/www.mon.no\/wp-content\/uploads\/2015\/06\/VEDTEKTER-MON-KF-2006.pdf\">Vedtekter MON<\/a><\/strong><\/li>\n<\/ul>\n<p>\u2014\u2014\u2014\u2014\u2014\u2014\u2014\u2014\u2014\u2014\u2014\u2014\u2014\u2014\u2014\u2014\u2014\u2014\u2014<\/p>\n<h2>Automatisk oversetting til norsk<\/h2>\n<p>[16.10.2023] Vi er rimelig forn\u00f8yd n\u00e5. Vi har f\u00e5tt til noe som mosjoen.com sannsynligvis er f\u00f8rst med i Norge, nemlig automatisk oversetting av nyheter.<\/p>\n<p>Dette kan du pr\u00f8ve selv: Finn fram til nyhetene fra svenske <strong>Ny Teknik<\/strong> p\u00e5 mosjoen.com og klikk p\u00e5 hovedtittelen eller p\u00e5 en av nyhetene. S\u00e5 dukker nyheten opp ferdig oversatt til <strong>norsk<\/strong>. Og \u00f8nsker man den p\u00e5 originalspr\u00e5ket, s\u00e5 klikk p\u00e5 <strong>svensk<\/strong> \u00f8verst p\u00e5 den oversatte websiden. Dette systemet vil ogs\u00e5 komme p\u00e5 flere av v\u00e5re spesialportaler, ogs\u00e5 for andre spr\u00e5k.<\/p>\n<p>Vi har i flere \u00e5r arbeidet med kunstig intelligens, og denne utviklingen fortsetter videre p\u00e5 portalene v\u00e5re. Det kommer mer\u2026<\/p>\n<p>\u2014\u2014\u2014\u2014\u2014\u2014\u2014\u2014\u2014\u2014\u2014\u2014\u2014\u2014\u2014\u2014\u2014\u2014\u2014<\/p>\n<h2>Ti ganger mer nedb\u00f8r i september<\/h2>\n<p>[15.10.2023] Det er ikke ukjent at vi har et ustabilt v\u00e6r her p\u00e5 Helgeland. I Mosj\u00f8en var det f.eks. ca ti ganger mer nedb\u00f8r i september i \u00e5r enn i september i fjor. I \u00e5r 195.8 mm, i fjor 19.8 mm. Og i april i \u00e5r var det omvendt, da var det hele 18 ganger mindre nedb\u00f8r enn normalt.<\/p>\n<p>Det ustabile v\u00e6ret er det lite \u00e5 gj\u00f8re noe med, slik har det v\u00e6rt i alle \u00e5r. Noen av oss synes det er greit, men vi blir ekstra glade n\u00e5r det blir godt v\u00e6r. Ingenting er s\u00e5 flott som Helgeland i maksv\u00e6r.<\/p>\n<p>Statistikken avsl\u00f8rer ogs\u00e5 at det regner i snitt ca tre ganger mer p\u00e5 senh\u00f8sten enn i mai\/juni.<\/p>\n<ul>\n<li><strong><a href=\"https:\/\/www.yr.no\/nb\/historikk\/tabell\/1-252958\/Norge\/Nordland\/Vefsn\/Mosj%C3%B8en?q=siste-13-m%C3%A5neder\">V\u00e6rstatistikk Mosj\u00f8en siste \u00e5r<\/a><\/strong><\/li>\n<\/ul>\n<p>\u2014\u2014\u2014\u2014\u2014\u2014\u2014\u2014\u2014\u2014\u2014\u2014\u2014\u2014\u2014\u2014\u2014\u2014\u2014<\/p>\n<h2>Enda mer rot hos MON<\/h2>\n<p>[11.10.2023] Nok en gang ser det ut til at MON har rotet det til. De skal etter planen n\u00e5 lage til en ny nettside om Mosj\u00f8en, noe de har bevilget en god del penger til. S\u00e5 mye at de er lovp\u00e5lagt \u00e5 hente inn tilbud, spesielt fra lokale tilbydere, det kreves n\u00e5r prosjektet er over 100\u00a0000 kr.<\/p>\n<p>Den st\u00f8rste lokale akt\u00f8ren p\u00e5 dette omr\u00e5det er oss, Info Helgeland med mosjoen.com. Men vi ble ikke kontaktet for tilbud. De kontaktet fem virksomheter for \u00e5 f\u00e5 tilbud; lokale Helgeland Event, samt to p\u00e5 Mo og to s\u00f8rp\u00e5. Men Helgeland Event er et arrangement\u00adselskap, ikke en webleverand\u00f8r slik de andre utenbys som fikk komme med tilbud.<\/p>\n<p><strong>Habilitetskrise<\/strong><\/p>\n<p>Samtidig roter MON det ordentlig til. I Helgeland Event har samboer til sjefen i MON en sentral stilling. Og aksjeeier og styremedlem Thomas Bj\u00f8rn\u00e5 i Helgeland Event er faktisk ansatt i MON.<\/p>\n<p><strong>Overkj\u00f8ring<\/strong><\/p>\n<p>At Mosj\u00f8en allerede har ei skikkelig og aktiv nettside ser ikke ut til \u00e5 spille noe rolle for MON, de kj\u00f8rer sitt eget prosjekt uten noen tanker om samarbeid. Dette gjorde MON ogs\u00e5 for over tjue \u00e5r siden, da hadde vi nettopp lansert mosjoen.com og vunnet Norges fremste internettpris, Gulltaggen. Men det brydde MON seg ikke om. De fikk utviklet en egen nettside, mosjoenby.com, som de hadde i drift i 4-5 \u00e5r f\u00f8r de ga opp kampen mot mosjoen.com. Og MON brukte masse penger p\u00e5 dette, og vi fikk avslag p\u00e5 v\u00e5r s\u00f8knad om st\u00f8tte da.<\/p>\n<p>Dette skjer n\u00e5 igjen til tross for at vi uten tvil har mest kompetanse og erfaring p\u00e5 dette omr\u00e5det lokalt. Og vi har sv\u00e6rt mange brukere av nettsidene v\u00e5re.<\/p>\n<p>Vi har utviklet portalene i over tjue \u00e5r og har automatisert mye av prosessen. Og n\u00e5 utvikler vi videre med mer kunstig intelligens. Da kan portalene oppdateres og driftes med enda mindre innsats og lavere kostnader sammenlignet med vanlige websider. Og da vi i v\u00e5r s\u00f8kte MON om st\u00f8tte til \u00e5 utvikle en egen spesialportal om kunstig intelligens, fikk vi avslag.<\/p>\n<p><strong>Klages inn til KOFA<\/strong><\/p>\n<p>Anbudssaken om en ny mosj\u00f8-side blir n\u00e5 meldt til statlige KOFA, Klagenemda for offentlige anskaffelser. En lokal r\u00e5dgiver som har jobbet med flere Kofa-saker, sier at MON har en meget d\u00e5rlig sak p\u00e5 flere plan.<\/p>\n<p>I stedet for \u00e5 st\u00f8tte og heie p\u00e5 lokale gr\u00fcndere, s\u00e5 g\u00e5r MON alts\u00e5 n\u00e5 p\u00e5 ny i konkurranse mot oss uten at vi f\u00e5r delta. Som de har gjort f\u00f8r \u2013 uten hell.<\/p>\n<p>For ordens skyld, vi synes det er viktig \u00e5 f\u00e5 ryddet opp i en slik praksis her lokalt. Folk som satser skal kunne vite at de f\u00e5r en fair behandling. Det krever \u00e5penbart en skikkelig kulturendring.<\/p>\n<ul>\n<li><a href=\"https:\/\/www.klagenemndssekretariatet.no\/klagenemda-for-offentlige-anskaffelser-kofa\">KOFA \u2013 Klagenemnda for offentlige anskaffelser<\/a><\/li>\n<li><a href=\"https:\/\/web.archive.org\/web\/20031001042904\/http:\/\/www.mosjoenby.com\/\">MON\u2019s tidligere konkurrent mosjoenby.com (litt treg)<\/a><\/li>\n<li><a href=\"https:\/\/helgelandevent.no\/\">Helgeland Event ansatte (se nederst)<\/a><\/li>\n<li><a href=\"https:\/\/proff.no\/roller\/helgeland-event-as\/mosj%C3%B8en\/underholdning-og-arrang%C3%B8rtjenester\/IGEK80I07QQ\/\">Helgeland Event styre og eiere<\/a><\/li>\n<li><a href=\"https:\/\/mon.no\/om-mon\/\">MON ansatte<\/a><\/li>\n<\/ul>\n<p>\u2014\u2014\u2014\u2014\u2014\u2014\u2014\u2014\u2014\u2014\u2014\u2014\u2014\u2014\u2014\u2014\u2014\u2014\u2014<\/p>\n<h2>Da Krut\u00e5 sa nei til mosjoen.com<\/h2>\n<p>[04.10.2023] Nettstedet mosjoen.com har i over tjue \u00e5r i praksis v\u00e6rt Mosj\u00f8ens profil p\u00e5 internett. Vi har sv\u00e6rt mange daglige brukere og har et meget n\u00f8ytralt oversiktsbilde over hva som skjer i Mosj\u00f8en og omegn, godt hjulpet av alle som legger ut lokale nyheter og informasjon p\u00e5 ulike nettsteder. B\u00e5de Vefsn kommune og MON er med i sidene v\u00e5re, bl.a. som linker til info og tjenester lokalt.<\/p>\n<p>Men da vi i fjor v\u00e5r ba MON om \u00e5 f\u00e5 en enkel link til mosjoen.com p\u00e5 MONs egne nettsider, ble det blankt nei. De har litt informasjon om Mosj\u00f8en p\u00e5 sine sider for \u00e5 tiltrekkes etablerere, men likevel sa de nei til \u00e5 linke til mosjoen.com. Vi tok dette opp med styreleder Rune Krut\u00e5 i MON, men han nektet \u00e5 ta inn link til mosjoen.com fordi vi er et kommersielt selskap.<\/p>\n<p>Men vi p\u00e5pekte at MON har en godt profilert link p\u00e5 sine sider til ledige stillinger fra Finn (Schibsted), et helkommersielt b\u00f8rsnotert milliardselskap, mens en lokal oppeg\u00e5ende nettside om Mosj\u00f8en blir nektet. Da ble det stille \u2013 og har v\u00e6rt det siden.<\/p>\n<p>Ledige stillinger i Mosj\u00f8en fra Finn blir fortsatt reklamert for av MON, mens stillinger fra NAV blir ikke nevnt, og vi lokale blir boikottet.<\/p>\n<ul>\n<li><a href=\"https:\/\/mon.no\/om-mosjoen\/\"><strong>MON\u2019s infoside om Mosj\u00f8en<\/strong><\/a><\/li>\n<\/ul>\n<p>\u2014\u2014\u2014\u2014\u2014\u2014\u2014\u2014\u2014\u2014\u2014\u2014\u2014\u2014\u2014\u2014\u2014\u2014\u2014<\/p>\n<h2>MON-ansatte startet eget selskap<\/h2>\n<p>[26.09.2023] Fire saksbehandlere ved MON har startet et eget selskap, SWOB Production. I f\u00f8lge registreringen hos Br\u00f8nn\u00f8ysundregistrene skal de drive med \u201cTjenester tilknyttet underholdningsvirksomhet\u201d og \u201cPlanlegge og gjennomf\u00f8re konsert- og festivalarrangement\u201d.<\/p>\n<p>Deres f\u00f8rste arrangement er 13. oktober, konsert p\u00e5 Jakobsenbrygga med Inge Bremnes.<\/p>\n<p>Denne etablering vil \u00e5penbart bli et problem. Disse fire saksbehandlerne vil helt klart bli inhabil ved behandling av s\u00f8knader og saker rundt arrangement, festivaler, stevner o.l.. Og det vil nok bli stilt sp\u00f8rsm\u00e5l om habiliteten i andre saker som ber\u00f8rer dette. Mer info:<\/p>\n<ul>\n<li><a href=\"https:\/\/w2.brreg.no\/enhet\/sok\/detalj.jsp?orgnr=931981625\"><strong>Br\u00f8nn\u00f8ysundregistrene<\/strong><\/a><\/li>\n<li><a href=\"https:\/\/www.facebook.com\/profile.php?id=61550317360436\"><strong>Facebook<\/strong><\/a><\/li>\n<\/ul>\n<p>\u2014\u2014\u2014\u2014\u2014\u2014\u2014\u2014\u2014\u2014\u2014\u2014\u2014\u2014\u2014\u2014\u2014\u2014\u2014<\/p>\n<h2>Utvikler kunstig intelligens i Mosj\u00f8en<\/h2>\n<p>[20.09.2023] En gruppe lokale personer har g\u00e5tt sammen om \u00f8kt aktivitet og kunnskap rundt kunstig intelligens (AI). Noen av dem har jobbet med slike systemer i mange \u00e5r og bruker det i egne produkter og tjenester. Men for flere er dette relativt nytt stoff, s\u00e5 her er det mye tips og erfaring \u00e5 hente. Men dette er personer med solid kompetanse fra mange fagfelt, midt i blinken for \u00e5 jobbe med slikt framover. En viktig faktor er \u00e5 forst\u00e5 teknologien og eventuelle konsekvenser det gir.<\/p>\n<p>Det er en egen lokal Facebook-gruppe rundt dette, med tips, kunnskap og diskusjoner. Ogs\u00e5 egne utviklingsm\u00f8ter er p\u00e5 gang.<\/p>\n<p>Det skal bl.a utvikles en \u00e5pen nasjonal nyhetsportal rundt kunstig intelligens og framtidsforskning, noe ala mosjoen.com, basert p\u00e5 automatisk drift med kunstig intelligens. Man har meget god oversikt over hva som r\u00f8rer seg b\u00e5de nasjonalt og internasjonalt innenfor fagomr\u00e5det.<\/p>\n<p>Desverre ble det blankt avslag fra MON da det ble s\u00f8kt om litt st\u00f8tte til dette, s\u00e5 da tar det litt lengre tid. N\u00e5 er man er n\u00f8dt \u00e5 g\u00e5 ut av kommunen for \u00e5 finne st\u00f8ttespillere.<\/p>\n<p>\u2014\u2014\u2014\u2014\u2014\u2014\u2014\u2014\u2014\u2014\u2014\u2014\u2014\u2014\u2014\u2014\u2014\u2014\u2014<\/p>\n<h2>Mosj\u00f8en kontra Vefsn skaper valgkr\u00f8ll<\/h2>\n<p>[10.09.2023] Hvis man g\u00e5r inn p\u00e5 den offisielle statlige valgportalen <strong><a href=\"https:\/\/valg.no\">valg.no<\/a><\/strong> og sl\u00e5r opp p\u00e5 Mosj\u00f8en for \u00e5 finne informasjon om valglokaler og \u00e5pningstider i byen, s\u00e5 finner man ingenting. Man kan ikke s\u00f8ke etter Mosj\u00f8en, kun Vefsn.<\/p>\n<p>Til og med adressen til kommunen\/r\u00e5dhuset er feil, der st\u00e5r det 8657 Vefsn, mens det riktige skal v\u00e6re Mosj\u00f8en.<\/p>\n<p>Kanskje det er p\u00e5 tide \u00e5 rydde opp og kalle Vefsn kommune for Mosj\u00f8en kommune?<\/p>\n<p>\u2014\u2014\u2014\u2014\u2014\u2014\u2014\u2014\u2014\u2014\u2014\u2014\u2014\u2014\u2014\u2014\u2014\u2014\u2014<\/p>\n<h2>Nye befolkningstall, Rana kraftig ned<\/h2>\n<p>[23.08.2023] Befolkningstallene for andre kvartal i 2023 er n\u00e5 klar fra SSB. Utviklingen fra forrige kvartal viser relativt sm\u00e5 endringer, men for det siste \u00e5ret er det store forskjeller, spesielt Rana har mistet mange innbyggere.<\/p>\n<p><strong>Andre kvartal 2023:<\/strong><\/p>\n<p>Vefsn:\u00a0 \u00a0 \u00a0 \u00a0 \u00a0+30\u00a0 \u00a0(siste \u00e5r +93)<br \/>\nAlstahaug:\u00a0 +39\u00a0 (siste \u00e5r +73)<br \/>\nBr\u00f8nn\u00f8y:\u00a0 \u00a0 -7\u00a0 \u00a0 \u00a0 (siste \u00e5r +39)<br \/>\nRana:\u00a0 \u00a0 \u00a0 \u00a0 \u00a0 \u00a0-6\u00a0 \u00a0 \u00a0(siste \u00e5r -160)<\/p>\n<p>For Rana m\u00e5 man faktisk tilbake til 1968 for \u00e5 finne s\u00e5 lave befolkningstall. Men Vefsn har ogs\u00e5 lignende befolkningsutvikling de siste femti \u00e5rene, ca 0% endring. N\u00e5r Bod\u00f8 i samme periode har hatt ca 70% \u00f8kning i befolkningen, s\u00e5 skj\u00f8nner man at Helgeland har store utfordringer.<\/p>\n<p>\u00d8kningen i befolkningen n\u00e5 skyldes mye flyktningestr\u00f8mmen fra Ukraina, den vil nok justere seg etter hvert. Hadde vi ikke hatt flyktningene, ville befolkningen g\u00e5tt ned i Vefsn. S\u00e5 noen lokalt b\u00f8r v\u00e6re forsiktige \u00e5 skryte p\u00e5 seg at \u00f8kningen skyldes deres aktivitet.<\/p>\n<p><strong>Netto innvandring siden<br \/>\n1. apr 22 (Ukraina-krigen):<\/strong><\/p>\n<p>Vefsn:\u00a0 \u00a0 \u00a0 \u00a0 \u00a0+149<br \/>\nAlstahaug: +139<br \/>\nBr\u00f8nn\u00f8y:\u00a0 \u00a0 +109<br \/>\nRana:\u00a0 \u00a0 \u00a0 \u00a0 \u00a0 +308<\/p>\n<p>Kilde: <a href=\"https:\/\/www.ssb.no\/befolkning\/folketall\/statistikk\/befolkning\"><strong>SSB \u2013 Statistisk Sentralbyr\u00e5<\/strong><\/a><\/p>\n<p>\u2014\u2014\u2014\u2014\u2014\u2014\u2014\u2014\u2014\u2014\u2014\u2014\u2014\u2014\u2014\u2014\u2014\u2014\u2014<\/p>\n<h2>Jo mindre du vet, desto mer p\u00e5st\u00e5elig<\/h2>\n<p>[14.08.2023] Stor tro p\u00e5 ny teknologi skyldes gjerne overdreven selvtillit kombinert med inkompetanse. Det kalles <a href=\"https:\/\/snl.no\/Dunning-Kruger-effekten\">Dunning-Kr\u00fcger-effekten<\/a>.<\/p>\n<p>Noen av oss som har levd en stund f\u00f8ler oss aldri utl\u00e6rt. Vi er smertelig klar over alt vi ikke kan. Men dette er heldigvis en styrke, vi er \u00e5pen for \u00e5 l\u00e6re hele livet i en verden som konstant endrer seg.<\/p>\n<p>Men av og til st\u00f8ter vi p\u00e5 personer, noen ganger virksomheter, som er rimelig eplekjekk. Ogs\u00e5 lokalt, f.eks MON. Vi lurer ofte p\u00e5 hvordan de har tilegnet seg all p\u00e5st\u00e5tt kompetanse, og hvor liten respekt de har overfor andre som \u00e5penbart har mer kunnskap.<\/p>\n<p>Kunstig intelligens (AI) er et offer for <a href=\"https:\/\/snl.no\/Dunning-Kruger-effekten\">Dunning-Kr\u00fcger-effekten<\/a>. Men vi har s\u00e5pass teknologisk bakgrunn at vi skj\u00f8nner at AI er opphauset.<br \/>\nN\u00e5 kaller mange automatisering for kunstig intelligens. De har ikke peiling.<\/p>\n<p>Les mer om dette:<\/p>\n<ul>\n<li><a href=\"https:\/\/www.digi.no\/artikler\/debatt-stor-tro-pa-ny-teknologi-skyldes-overdreven-selvtillit-kombinert-med-inkompetanse\/535061\"><strong>Selvtillit og inkompetanse<\/strong><\/a><\/li>\n<li><a href=\"https:\/\/snl.no\/Dunning-Kruger-effekten\"><strong>Dunning-Kr\u00fcger-effekten<\/strong><\/a><\/li>\n<\/ul>\n<p>\u2014\u2014\u2014\u2014\u2014\u2014\u2014\u2014\u2014\u2014\u2014\u2014\u2014\u2014\u2014\u2014\u2014\u2014\u2014<\/p>\n<h2>Mosj\u00f8en har ikke midnattssol<\/h2>\n<p>[02.08.2023] En virksomhet pr\u00f8ver \u00e5 selge inn et byggeprosjekt i Mosj\u00f8en med \u00e5 lokke med midnattssol. Men midnattssol er definert som sola du ser n\u00e5r den st\u00e5r rett nord. Dette er en definisjon det ikke er faglig tvil om.<\/p>\n<p>N\u00e5r sola er p\u00e5 sitt h\u00f8yeste i nord, ca 21 juni, da er sola <strong>borte i minst 3.5 time<\/strong> hver kveld\/natt i Mosj\u00f8en. Hals\u00e5sen, der prosjektet planlegges, er et av stedene med lengst <strong>kveldssol<\/strong> i Mosj\u00f8en, men midnattssol er det absolutt ikke, den seneste kveldssolen forsvinner her ca kl 23.15. Selv ikke toppen av \u00d8yfjellet har midnattssol.<\/p>\n<p>For \u00e5 se midnattssola s\u00e5 langt s\u00f8r som oss, m\u00e5 man se havhorisonten i nord. Det gj\u00f8r man bare oppe p\u00e5 fjell utp\u00e5 kysten der ingen fjell nordover er i veien. Toppen av Vega (800 moh) har midnattssol, men det lengste s\u00f8rlige punktet den er observert, er p\u00e5 toppen av Heilhornet (1058 moh) ytterst i Bindal.<\/p>\n<p>N\u00e5r man er 800 meter over havet, ligger horisonten ca 100 km unna, derfor kan man se midnattssola p\u00e5 toppen Vega. Men st\u00e5r man i fj\u00e6ra s\u00e5 ligger horisonten bare ca 5 km unna, og midnattssola m\u00e5 st\u00e5 h\u00f8yere for \u00e5 se den.<\/p>\n<p>Husk at det er sommertid n\u00e5, da st\u00e5r sola i nord kl 01:08 i Mosj\u00f8en (ved midtsommer).<\/p>\n<p>Det er ogs\u00e5 viktig \u00e5 f\u00e5 tatt livet av slike tulle-p\u00e5stander f\u00f8r de f\u00e5r festet seg i folks tro. P\u00e5 Mo tror faktisk en del ranv\u00e6ringer enn\u00e5 at man kan st\u00e5 p\u00e5 toppen av Mofjellet (ca 500 moh, rett s\u00f8r for Mo i Rana) og se midnattssola. Dette p\u00e5sto gammelordf\u00f8reren for noen \u00e5r siden. Men da m\u00e5 man alts\u00e5 se gjennom Svartis-omr\u00e5det som er ca 1500 meter h\u00f8yt\u2026<\/p>\n<p>S\u00e5 salgsannonsen er en total sol-skivebom.<\/p>\n<p>\u2014\u2014\u2014\u2014\u2014\u2014\u2014\u2014\u2014\u2014\u2014\u2014\u2014\u2014\u2014\u2014\u2014\u2014\u2014<\/p>\n<h2>Enkel parkeringshjelp \u2013 unng\u00e5 bot<\/h2>\n<p>[05.07.2023] Plutselig innf\u00f8rte Vefsn kommune ekstra tidskontroll p\u00e5 gratis parkering i byen. Hvis du n\u00e5 mangler informasjon i frontruta om n\u00e5r du parkerte bilen, blir det bot. For oss pre-demente kan det g\u00e5 litt fort i svingene, og vi har ofte annet \u00e5 tenke p\u00e5 enn \u00e5 stille ei parkeringsklokke i frontruta. Da er automatisering l\u00f8sningen. Vi som jobber med slikt trenger ikke alltid \u00e5 finne opp kruttet p\u00e5 nytt, men vi vet hvor vi skal lete. Og det var enkelt, her er det nok av hjelpemidler.<\/p>\n<p>Vi anbefaler ei klokke i frontruta som stopper n\u00e5r du parkerer bilen, og som ogs\u00e5 justerer klokka for sommer\/vintertid. Alt helt automatisk og superenkel montering. Batteriet m\u00e5 tidligst byttes etter to \u00e5r, men det finnes ogs\u00e5 solcelledrevne som g\u00e5r i mange \u00e5r. Pris ca 150-400 kroner i Norge. Fikser du en slik dings kan du bare glemme ordningen som kommunen innf\u00f8rte, alt blir som f\u00f8r. Til info, Biltema har ikke slike dingser.<\/p>\n<ul>\n<li><a href=\"https:\/\/www.thansen.no\/bil\/utstyr\/parkering-og-garasje\/elektronisk-p-skive\/elektronisk-p-skive-nanopark\/n251\/pn945448\/\"><strong>Parkeringsur Thansen (enkel)<\/strong><\/a><\/li>\n<li><a href=\"https:\/\/www.thansen.no\/bil\/utstyr\/innvendig-utstyr\/p-skiver\/elektronisk-p-skive-park-solar-digital\/n317\/pn1262374\"><strong>Parkeringsur Thansen (solcelledrevet)<\/strong><\/a><\/li>\n<li><a href=\"https:\/\/www.clasohlson.com\/no\/Automatisk-parkeringsskive\/p\/Pr408291002\"><strong>Parkeringsur Clas Ohlson<\/strong><\/a><\/li>\n<\/ul>\n<p>\u2014\u2014\u2014\u2014\u2014\u2014\u2014\u2014\u2014\u2014\u2014\u2014\u2014\u2014\u2014\u2014\u2014\u2014\u2014<\/p>\n<h2>Hva koster \u201cgratis str\u00f8m\u201d?<\/h2>\n<p>[29.06.2023] N\u00e5 p\u00e5 forsommeren har den offisielle kraftprisen v\u00e6rt helt nede i null for kilowatt-timen (kWh), det er den du ser p\u00e5 forsiden av mosjoen.com (under Kurser). Uansett, i tillegg kommer nettleie og andre avgifter p\u00e5 ca 40 \u00f8re pr kWh, samt faste avgifter p\u00e5 3-400 kr pr m\u00e5ned. Selve str\u00f8mforbruket utgj\u00f8r n\u00e5 p\u00e5 sommeren bare en liten del av str\u00f8mregningen.<\/p>\n<p>Vi har pr\u00f8vd \u00e5 regne ut hva str\u00f8mmen egentlig koster fra v\u00e5r lokale leverand\u00f8r Helgeland Kraft til oss vanlige forbrukere (standardavtale Helgelendingen). Slik ser et forenklet regnestykke ut:<\/p>\n<ul>\n<li><strong>Forbruk<\/strong>: Offisiell kraftpris pr kWh (kilowatt-time) brukt<\/li>\n<li><strong>Avgifter<\/strong>: ca 40 \u00f8re pr kWh brukt + ca 300-400 kr pr m\u00e5ned i faste avgifter<\/li>\n<li><strong>Legg sammen forbruk og avgifter, s\u00e5 f\u00e5r man bel\u00f8pet p\u00e5 str\u00f8mregningen<\/strong>.<\/li>\n<\/ul>\n<p>Husk at faste avgifter er noe man m\u00e5 betale selv om man ikke bruker str\u00f8m, f.eks. en hytte i delvis bruk. Og at avgiftene utgj\u00f8r en stor del av str\u00f8mregningen.<br \/>\nS\u00e5 gratis str\u00f8m kan man bare glemme.<\/p>\n<p>\u2014\u2014\u2014\u2014\u2014\u2014\u2014\u2014\u2014\u2014\u2014\u2014\u2014\u2014\u2014\u2014\u2014\u2014\u2014<\/p>\n<h2>Byens nye fjell: Mon Everest<\/h2>\n<figure id=\"attachment_15852\" class=\"wp-caption alignnone\" aria-describedby=\"caption-attachment-15852\"><a href=\"https:\/\/mosjoen.com\/wp-content\/uploads\/2023\/06\/IMG_20230620_141550-scaled.jpg\"><img loading=\"lazy\" decoding=\"async\" class=\"wp-image-15852 size-full\" src=\"https:\/\/mosjoen.com\/wp-content\/uploads\/2023\/06\/IMG_20230620_141550-scaled.jpg\" sizes=\"auto, (max-width: 2048px) 100vw, 2048px\" srcset=\"https:\/\/mosjoen.com\/wp-content\/uploads\/2023\/06\/IMG_20230620_141550-scaled.jpg 2048w, https:\/\/mosjoen.com\/wp-content\/uploads\/2023\/06\/IMG_20230620_141550-300x215.jpg 300w, https:\/\/mosjoen.com\/wp-content\/uploads\/2023\/06\/IMG_20230620_141550-1024x732.jpg 1024w, https:\/\/mosjoen.com\/wp-content\/uploads\/2023\/06\/IMG_20230620_141550-768x549.jpg 768w, https:\/\/mosjoen.com\/wp-content\/uploads\/2023\/06\/IMG_20230620_141550-1536x1099.jpg 1536w\" alt=\"\" width=\"2048\" height=\"1465\" \/><\/a><figcaption id=\"caption-attachment-15852\" class=\"wp-caption-text\">Foto: mosjoen.com<\/figcaption><\/figure>\n<p>[23.06.2023] P\u00e5 Nesbruktomta har det siden i fjor p\u00e5g\u00e5tt et omfattende gravearbeid for \u00e5 fjerne grunn med bark, olje, o.l.. Her planlegges det ulike virksomheter som MON pr\u00f8ver \u00e5 pushe fram. Noen st\u00f8rre planer har allerede falt fra, bl.a. karbonfabrikken Bergen Carbon Solutions. Hva som blir det endelige resultatet p\u00e5 tomta, er uvisst.<\/p>\n<p>Men her har det iallefall kommet et fjell, dvs et sv\u00e6rt grustak. P\u00e5 folkemunne er det allerede blitt kalt Mon Everest.<\/p>\n<p>\u2014\u2014\u2014\u2014\u2014\u2014\u2014\u2014\u2014\u2014\u2014\u2014\u2014\u2014\u2014\u2014\u2014\u2014\u2014<\/p>\n<h2>Kunstig intelligens er kunstig<\/h2>\n<p>[12.06.2023] Begrepet kunstig intelligens (AI) har blitt misforst\u00e5tt den siste tiden, og har greide \u00e5 skremme opp folk til \u00e5 tro at revolusjonen er n\u00e6r. N\u00e5 f\u00e5r vi bekreftet fra eksperthold det vi lenge har ment, det er kun snakk om avansert automatisering.<\/p>\n<p>ChatGPT o.l. verkt\u00f8y er ikke noe annet enn en ekstra god tekstgenerator som pakker inn fakta fra Wikipedia o.l. i en flott spr\u00e5kdrakt. Her finner man ingen smarte analyser og konklusjoner. Det er som en god selger med snakket\u00f8yet i orden, og litt fakta som krydder. Det minner om det meget enkle programmet LISA som dukket opp for over 50 \u00e5r siden og lurte folk til \u00e5 tro at de kommuniserte med datamaskinen.<\/p>\n<p>Et annet popul\u00e6rt verkt\u00f8y som har dukket opp n\u00e5 er Midjourney. En fantastisk automatisert grafisk tjeneste, men uten noe intelligens.<\/p>\n<p>S\u00e5 n\u00e5r flere og flere pr\u00f8ver \u00e5 selge sine varer og tjenester ved \u00e5 p\u00e5st\u00e5 at de er basert p\u00e5 kunstig intelligens, s\u00e5 kan mange andre p\u00e5st\u00e5 det samme. F.eks. er det n\u00e6rliggende \u00e5 p\u00e5st\u00e5 at mosjoen.com er basert kunstig intelligens, men vi vet at det er basert p\u00e5 godt programmert automatisering.<\/p>\n<p>N\u00e5r man etter 70 \u00e5rs forskning og milliardsatsing ikke greier \u00e5 f\u00e5 til automatisk oversetting av kjente spr\u00e5k, da har man et godt stykke igjen. De som tror at man har l\u00f8st det, har misforst\u00e5tt. Til privat bruk rimelig OK, men til profesjonelt bruk m\u00e5 oversettingen vaskes av mennesker. Og selvkj\u00f8rende biler er fremdeles en saga blott, her er det ekstreme utfordringer igjen.<\/p>\n<p>Da er det godt \u00e5 ha Kontoret for H\u00e5pl\u00f8se Oppfinnelser som er basert p\u00e5 kunstig dumskap.<\/p>\n<p>Les mer: <strong><a href=\"https:\/\/www.universitas.no\/ai-chatgpt-david-samuel\/den-er-ikke-intelligent-pa-noen-mate\/366594\">\u2013 ChatGPT er ikke intelligent p\u00e5 noen m\u00e5te<\/a><\/strong><\/p>\n<p>\u2014\u2014\u2014\u2014\u2014\u2014\u2014\u2014\u2014\u2014\u2014\u2014\u2014\u2014\u2014\u2014\u2014\u2014\u2014<\/p>\n<h2>Helgelands fremste arrangementskalender?<\/h2>\n<p>[09.06.2023] Vi har i flere \u00e5r hatt v\u00e5re egne arrangementskalendere <strong>Hva skjer?<\/strong>\u00a0p\u00e5 v\u00e5re byportaler, de ser ut til \u00e5 v\u00e6re Helgelands mest oppdaterte. De vedlikeholder vi selv, vi f\u00e5r ingen st\u00f8tte til dette. Vi har programmert systemet selv, da f\u00e5r vi til et enkelt halvautomatisk system.<\/p>\n<p>Selv om det er flere slike kalendre rundt omkring p\u00e5 Helgeland, s\u00e5 er kvaliteten lav med sv\u00e6rt mangelfult innhold. F.eks. har Vefsn kommune en slik en p\u00e5 sine nettsider, n\u00e5 har de bare <em>ett<\/em> arrangement registrert der! Vi anbefaler sterkt kommunen \u00e5 legge ned denne funksjonen, de har aldri greid \u00e5 vedlikeholde den. Og Helgelands sentrale reiselivsorganisasjon, Visit Helgeland, har kun fem arrangement registrert for hele 2023!<\/p>\n<p>Vi er ganske restriktiv hva vi registrerer, kun arrangement\/hendelser som har allmenn interesse blir med. Og vi viser det kun p\u00e5 kalendre i det aktuelle omr\u00e5det. Hvis man registrerer og viser alt, s\u00e5 drukner innholdet. Vi mottar minimalt med tips, men vi vet hvor vi skal hente info om planlagte hendelser. S\u00e5 da bruker vi ikke mye tid p\u00e5 dette.<\/p>\n<p>Men for \u00e5 beskytte arbeidet v\u00e5rt, har vi dessverre m\u00e5tte begrense visningen til kun de n\u00e6rmeste hendelser. Da blir det vanskelig for andre \u00e5 utnytte arbeidet v\u00e5rt i egne kalendre.<\/p>\n<p>For er det en ting vi er d\u00e5rlig til her p\u00e5 Helgeland, s\u00e5 er det samarbeid.<br \/>\nVi skal gj\u00f8re alt selv.<\/p>\n<p>\u2014\u2014\u2014\u2014\u2014\u2014\u2014\u2014\u2014\u2014\u2014\u2014\u2014\u2014\u2014\u2014\u2014\u2014\u2014<\/p>\n<h2>Totalkollaps for bekymringsmeldinger<\/h2>\n<p>[05.06.2023] <strong>Det kommer n\u00e5 fram at kommunale systemer for bekymrings\u00admeldinger ikke har fungert i de fleste norske kommuner. Dette systemet er levert av Visma, en stor norsk dataleverand\u00f8r med overskudd i milliardklassen.<\/strong><\/p>\n<p>Vi har jobbet med lignende systemer i mange \u00e5r, b\u00e5de i industrien og med egne it-systemer. Overv\u00e5kning og varsling har v\u00e6rt sentral i dette. Men disse kommunale systemene som n\u00e5 har kollapset, utvikles av sentrale IT-konsulenter som ikke har v\u00e6rt ute en vinterdag f\u00f8r, og som ikke skj\u00f8nner problemstillingene og milj\u00f8ene.<\/p>\n<p>N\u00e5r viktige meldinger gis, skal det gis automatisk respons p\u00e5 at meldingen er sett av mottaker. Hvis ikke det skjer innen en gitt tid, skal det gis meldinger tilbake til avsender eller andre ansvarlige at meldingen ikke er registrert. Verre er det ikke, det er ikke komplekst som leverand\u00f8ren n\u00e5 pr\u00f8ver \u00e5 unnskylde seg med.<\/p>\n<p>Vi har tidligere utviklet slike systemer i industrien her i Mosj\u00f8en. St\u00f8yp og oppblanding av aluminium skjer etter kundens spesifikasjoner, dette blir m\u00e5lt underveis. N\u00e5r dette avviker blir det automatisk sendt meldinger til ulike ansvarlige underveis for korrigeringer. Dette utviklet vi for over tjue \u00e5r siden.<\/p>\n<p>Selv mosjoen.com blir overv\u00e5ket. Vi bruker en uavhengig tjeneste ute p\u00e5 nett som sender oss en SMS med en gang hvis serveren g\u00e5r ned. Det koster oss ingenting.<\/p>\n<p><strong>Viktig:<\/strong> N\u00e5r man har slike systemer, s\u00e5 krever det at man kj\u00f8rer relevante tester med jevne mellomrom. S\u00e5 ikke legg all skylden p\u00e5 leverand\u00f8ren, brukeren har ogs\u00e5 et ansvar for \u00e5 ha faste kontrollrutiner. Det er like skremmende at ingen av de 244 kommunene som er rammet har oppdaget systemfeilen. Som teknolog ser man at de som stoler for mye p\u00e5 teknologien, har tapt.<\/p>\n<aside class=\"ihpadding\">\u2014\u2014\u2014\u2014\u2014\u2014\u2014\u2014\u2014\u2014\u2014\u2014\u2014\u2014\u2014\u2014\u2014\u2014<\/aside>\n<aside><\/aside>\n<h2><\/h2>\n<h2>Ikke grisv\u00e6r overalt<\/h2>\n<p>[30.05.2023] Du trenger ikke reise til syden n\u00e5r du blir lei grisv\u00e6ret. Noen av oss bruker \u00e5 ta en tur til Ume\u00e5 n\u00e5r man vil ha litt forandring og litt mer stabilt v\u00e6r.<\/p>\n<p>Ta en titt p\u00e5 10-dagers varslet her og i Ume\u00e5:<\/p>\n<ul>\n<li><a href=\"https:\/\/www.yr.no\/nb\/v%C3%A6rvarsel\/daglig-tabell\/1-252958\/Norge\/Nordland\/Vefsn\/Mosj%C3%B8en\"><strong>Mosj\u00f8en 10-dagers varsel<\/strong><\/a><\/li>\n<li><a href=\"https:\/\/www.yr.no\/nb\/v%C3%A6rvarsel\/daglig-tabell\/2-602150\/Sweden\/V%C3%A4sterbotten%20County\/Ume%C3%A5%20Kommun\/Ume%C3%A5\"><strong>Ume\u00e5 10-dagers varsel<\/strong><\/a><\/li>\n<\/ul>\n<aside class=\"ihpadding\">\u2014\u2014\u2014\u2014\u2014\u2014\u2014\u2014\u2014\u2014\u2014\u2014\u2014\u2014\u2014\u2014\u2014\u2014<\/aside>\n<aside><\/aside>\n<h2><\/h2>\n<h2>Nye befolkningstall, Vefsn opp, Rana ned<\/h2>\n<p>[16.05.2023]\u00a0 Befolkningstallene for f\u00f8rste kvartal i 2023 er n\u00e5 klar fra SSB. Utviklingen fra forrige kvartal fortsetter, de viser en klar \u00f8kning for bykommunene p\u00e5 Helgeland, men unntatt Rana som fortsetter nedgangen.<\/p>\n<p><strong>F\u00f8rste kvartal 2023:<\/strong><\/p>\n<p>Vefsn:\u00a0 \u00a0 \u00a0 \u00a0 \u00a0+36<br \/>\nAlstahaug:\u00a0 +72<br \/>\nBr\u00f8nn\u00f8y:\u00a0 \u00a0 +36<br \/>\nRana:\u00a0 \u00a0 \u00a0 \u00a0 \u00a0 \u00a0-15<\/p>\n<p>For Rana m\u00e5 man faktisk tilbake til 1968 for \u00e5 finne s\u00e5 lave befolkningstall. Men Vefsn har ogs\u00e5 lignende befolkningsutvikling de siste femti \u00e5rene: 0%. N\u00e5r Bod\u00f8 i samme periode har hatt ca 70% \u00f8kning i befolkningen, s\u00e5 skj\u00f8nner man at Helgeland har store utfordringer.<\/p>\n<p>\u00d8kningen i befolkningen n\u00e5 skyldes mye flyktningestr\u00f8mmen fra Ukraina, men det vil nok fordele seg rimelig jamt blant kommunene etter hvert.<\/p>\n<p>Kilde: <a href=\"https:\/\/www.ssb.no\/befolkning\/folketall\/statistikk\/befolkning\">SSB \u2013 Statistisk Sentralbyr\u00e5<\/a><\/p>\n<aside class=\"ihpadding\">\u2014\u2014\u2014\u2014\u2014\u2014\u2014\u2014\u2014\u2014\u2014\u2014\u2014\u2014\u2014\u2014\u2014\u2014<\/aside>\n<aside><\/aside>\n<h2><\/h2>\n<h2>Normalt med lite nedb\u00f8r<\/h2>\n<p>[17.04.2023] Det har v\u00e6rt en flott v\u00e5r i Mosj\u00f8en, men det er ingen tilfeldighet. Ser p\u00e5 man p\u00e5 nedb\u00f8rs-statistikken lokalt s\u00e5 er det normalt 3-4 ganger mindre nedb\u00f8r p\u00e5 v\u00e5ren\/forsommeren enn seinhaustes. Men mange h\u00f8ytrykk gir ogs\u00e5 litt lavere temperaturer natters tid, s\u00e5 sn\u00f8en smelter saktere.<\/p>\n<p>Uansett, det g\u00e5r raskt mot lysere tider, og det hjelper at klokka er stilt en time fram. Rundt 17. mai blir det lyst her hele d\u00f8gnet hvis det er bl\u00e5 himmel.<\/p>\n<aside class=\"ihpadding\">\u2014\u2014\u2014\u2014\u2014\u2014\u2014\u2014\u2014\u2014\u2014\u2014\u2014\u2014\u2014\u2014\u2014\u2014<\/aside>\n<aside><\/aside>\n<h2><\/h2>\n<h2>Kjems\u00e5sen stengt denne p\u00e5sken ogs\u00e5<\/h2>\n<figure id=\"attachment_15467\" class=\"wp-caption alignnone\" aria-describedby=\"caption-attachment-15467\"><a href=\"https:\/\/mosjoen.com\/wp-content\/uploads\/2023\/04\/kjemsasen_10_04_2023.jpg\"><img loading=\"lazy\" decoding=\"async\" class=\"wp-image-15467 size-full\" src=\"https:\/\/mosjoen.com\/wp-content\/uploads\/2023\/04\/kjemsasen_10_04_2023.jpg\" sizes=\"auto, (max-width: 1920px) 100vw, 1920px\" srcset=\"https:\/\/mosjoen.com\/wp-content\/uploads\/2023\/04\/kjemsasen_10_04_2023.jpg 1920w, https:\/\/mosjoen.com\/wp-content\/uploads\/2023\/04\/kjemsasen_10_04_2023-300x169.jpg 300w, https:\/\/mosjoen.com\/wp-content\/uploads\/2023\/04\/kjemsasen_10_04_2023-1024x576.jpg 1024w, https:\/\/mosjoen.com\/wp-content\/uploads\/2023\/04\/kjemsasen_10_04_2023-768x432.jpg 768w, https:\/\/mosjoen.com\/wp-content\/uploads\/2023\/04\/kjemsasen_10_04_2023-1536x864.jpg 1536w\" alt=\"\" width=\"1920\" height=\"1080\" \/><\/a><figcaption id=\"caption-attachment-15467\" class=\"wp-caption-text\">Nok sn\u00f8 og masse sol 2. p\u00e5skedag 2023 \u2013 og ingen folk. Foto: Webkamera<\/figcaption><\/figure>\n<p>[10.04.2023] Kjems\u00e5sen var stengt b\u00e5de i p\u00e5sken i \u00e5r og i fjor. De andre alpinanleggene i n\u00e6rheten kj\u00f8rte full \u00e5pning i finv\u00e6ret, b\u00e5de Hemavan, T\u00e4rnaby, Kittelfj\u00e4ll, Grong og Mo i Rana. Selv lille T\u00e4rnaby med tjue ganger mindre innbyggere enn Mosj\u00f8en greier \u00e5 holde oppe heisen hver dag i over et halvt \u00e5r hver vinter.<\/p>\n<p>Drifta i Kjems\u00e5sen har v\u00e6rt sv\u00e6rt redusert siden 2015 da dagens drivere overtok, f.eks. har de ikke hatt drift i toppheisen de siste \u00e5tte \u00e5rene etter at den gamle ivrige dugnadsgjengen med h\u00f8y kompetanse ble erkl\u00e6rt u\u00f8nsket. Og mange andre rutiner har kollapset.<\/p>\n<p>Det trengs hjelp utenfra for \u00e5 f\u00e5 ryddet opp i dette. Vi foresl\u00e5r at kommunen som har v\u00e6rt en n\u00f8ytral \u00f8konomisk st\u00f8ttespiller til Kjems\u00e5sen gjennom mange \u00e5r, samt andre engasjerte sponsorer, tar initiativ til \u00e5 f\u00e5 en opprydding og kommet seg videre.<br \/>\nNoe m\u00e5 gj\u00f8res.<\/p>\n<p>\u2013 Les mer: <strong><a href=\"https:\/\/kjemsasen.com\/\">Kjems\u00e5sen<\/a><\/strong> (alpinvenner)<br \/>\n\u2013 Les mer: <a href=\"https:\/\/fnugg.no\/kjemsaasen\/\"><strong>Kjems\u00e5sen Alpinsenter<\/strong><\/a> (off side)<br \/>\n\u2013 Les mer: <strong><a href=\"https:\/\/www.nrk.no\/nordland\/nyhetssenter-nordland-1.15898380#1.16370051.1.16370051\">Jubelp\u00e5ske i Nordland<\/a><\/strong><\/p>\n<aside class=\"ihpadding\">\u2014\u2014\u2014\u2014\u2014\u2014\u2014\u2014\u2014\u2014\u2014\u2014\u2014\u2014\u2014\u2014\u2014\u2014<\/aside>\n<aside><\/aside>\n<h2><\/h2>\n<h2>Det er nok gubbing n\u00e5!<\/h2>\n<p>[21.03.2023] I helga fikk endelig jentene lov \u00e5 hoppe skiflyging, over nitti \u00e5r etter at gutta begynte med dette i Planica. V\u00e5r egen Anette Sagen tok for 15-20 \u00e5r siden opp kampen om \u00e5 f\u00e5 lov \u00e5 hoppe med samme opplegg som gutta i vanlige hoppbakker, og n\u00e5 er man et godt stykke p\u00e5 vei med b\u00e5de World Cup og OL-deltakelse for hoppjentene. Anette Sagen greide ogs\u00e5 for mange \u00e5r siden \u00e5 \u201clure\u201d til seg noen hopp i skiflygingsbakken i Vikersund, der satte hun den uoffisielle norgesrekorden p\u00e5 174.5 meter som ble sl\u00e5tt n\u00e5 i helga.<\/p>\n<p>I idrettens internasjonale organisasjoner r\u00e5der fremdeles gubbeveldet, stokk konservative gubber sentralt i FIS mener at skiflyging fremdeles ikke er for jenter. Men svaret fikk man p\u00e5 helgas TV-sending. Mange flotte laaange hopp \u2013 og jenter med et glis som gikk helt rundt. En ekte idrettsglede!<\/p>\n<p>Les mer: <a href=\"https:\/\/no.wikipedia.org\/wiki\/Skiflyging#Skiflygingens_historie\">Skiflygingens historie<\/a><\/p>\n<aside class=\"ihpadding\">\u2014\u2014\u2014\u2014\u2014\u2014\u2014\u2014\u2014\u2014\u2014\u2014\u2014\u2014\u2014\u2014\u2014\u2014<\/aside>\n<aside><\/aside>\n<h2><\/h2>\n<h2>25 lokale webkamera p\u00e5 plass<\/h2>\n<p>[06.03.2023] Vi holder n\u00e5 p\u00e5 \u00e5 oppgradere v\u00e5r webkamera-tjeneste p\u00e5 alle v\u00e5re portaler, bare i regionen rundt Mosj\u00f8en har vi n\u00e5 samlet 25 webkamera fra ulike leverand\u00f8rer. Og det kommer flere! Vis alle webkamera: <strong><a href=\"https:\/\/mosjoen.com\/webkamera\/\">mosjoen.com\/webkamera<\/a><\/strong><\/p>\n<p>Webkameraene p\u00e5 v\u00e5re portaler finner dere ved \u00e5 trykke p\u00e5 bildet \u201c<strong>webkam<\/strong>\u201d i v\u00e6rboksen p\u00e5 forsiden, eller via menyvalget <a href=\"https:\/\/mosjoen.com\/webkamera\/\"><strong>Webkam<\/strong><\/a>.<br \/>\nVelg s\u00e5 mellom:<\/p>\n<ul>\n<li>Vis i full skjerm: Klikk p\u00e5 pilene i nedre h\u00f8yre hj\u00f8rne i bildet.<\/li>\n<li>Historikk\/billedshow: Klikke p\u00e5 24 timer, 30 dager, 12 m\u00e5neder og Livstid \u2013 eller tidsuret i bildet p\u00e5 mobilversjon.<\/li>\n<li>For det ferskeste og st\u00f8rste bildet: Klikk p\u00e5 hovedtittel under bildet.<\/li>\n<\/ul>\n<p>Kom gjerne med tips om flere lokale webkamera.<\/p>\n<aside class=\"ihpadding\">\u2014\u2014\u2014\u2014\u2014\u2014\u2014\u2014\u2014\u2014\u2014\u2014\u2014\u2014\u2014\u2014\u2014\u2014<\/aside>\n<aside><\/aside>\n<h2><\/h2>\n<h2>Nye befolkningstall, Vefsn opp, Rana ned<\/h2>\n<p>[21.02.2023]\u00a0 Befolkningstallene for siste kvartal i 2022 fra SSB er n\u00e5 klar. Tallene for hele 2022 viser en klar \u00f8kning i Vefsn og en klar nedgang i Rana.<\/p>\n<p><strong>Siste kvartal 2022:<\/strong><\/p>\n<p>Vefsn:\u00a0 \u00a0 \u00a0 \u00a0 \u00a0+22<br \/>\nBr\u00f8nn\u00f8y:\u00a0 \u00a0 +11<br \/>\nAlstahaug:\u00a0 -13<br \/>\nRana:\u00a0 \u00a0 \u00a0 \u00a0 \u00a0 \u00a0-104<\/p>\n<p><strong>Hele 2022:<\/strong><\/p>\n<p>Vefsn:\u00a0 \u00a0 \u00a0 \u00a0 \u00a0+109<br \/>\nBr\u00f8nn\u00f8y:\u00a0 \u00a0 +10<br \/>\nAlstahaug:\u00a0 -33<br \/>\nRana:\u00a0 \u00a0 \u00a0 \u00a0 \u00a0 -112<\/p>\n<p>For Rana m\u00e5 man faktisk tilbake til 1968 for \u00e5 finne s\u00e5 lave befolkningstall. Men Vefsn har ogs\u00e5 en lik befolkningsutvikling de siste femti \u00e5rene: 0%. Det vitner om en region med store utfordringer.<\/p>\n<p>Kilde: <a href=\"https:\/\/www.ssb.no\/befolkning\/folketall\">SSB \u2013 Statistisk Sentralbyr\u00e5<\/a><\/p>\n<aside class=\"ihpadding\">\u2014\u2014\u2014\u2014\u2014\u2014\u2014\u2014\u2014\u2014\u2014\u2014\u2014\u2014\u2014\u2014\u2014\u2014<\/aside>\n<aside><\/aside>\n<h2><\/h2>\n<h2>Innf\u00f8r gr\u00f8ftavgift p\u00e5 300 000<\/h2>\n<p>[14.02.2023] Nok en gang har en person omkommet p\u00e5 v\u00e5re vinterveier. To-barns faren Preben-Andre Bergseng Lind (32 \u00e5r) omkom mandag da drosja han kj\u00f8rte ble meid ned av en trailer-henger som fikk sleng p\u00e5 vinterf\u00f8re ved Harstad. Han var s\u00f8skenbarn til velkjente Ramona Lind som mistet s\u00f8nnen sin i en tilsvarende ulykke i 2019.<\/p>\n<p>Vi har i flere \u00e5r foresl\u00e5tt noen enkle hjelpemidler for \u00e5 f\u00e5 orden p\u00e5 ukontrollert kj\u00f8ring av tungtransport p\u00e5 glatta. F.eks. ved \u00e5 innf\u00f8re en gr\u00f8ftavgift p\u00e5 300 000 hvis man mister kontrollen og havner i feil veibane eller i gr\u00f8fta med traileren (selv om ingen blir skadet), da vil trailersj\u00e5f\u00f8rene og selskapene bli n\u00f8dt \u00e5 kj\u00f8re og sko seg etter forholdene, det vil bli for kostbart \u00e5 kj\u00f8re p\u00e5 grensen slik de gj\u00f8r n\u00e5. Et slikt grep kan innf\u00f8res nesten over natta og f\u00e5 umiddelbar effekt.<\/p>\n<p>Det er p\u00e5 tide at v\u00e5re sl\u00f8ve politikere, ogs\u00e5 lokalt, v\u00e5kner og gj\u00f8r noe.<br \/>\nN\u00e5 m\u00e5 vanlige folk f\u00e5 veiene og tryggheten tilbake!<\/p>\n<p>Les mer:<strong> <a href=\"https:\/\/www.nrk.no\/nordland\/mista-son-og-soskenbarn-i-vogntogulykke-i-nord-noreg-1.16297460\">Mistet familie i vogntogulykker<\/a><\/strong><\/p>\n<aside class=\"ihpadding\">\u2014\u2014\u2014\u2014\u2014\u2014\u2014\u2014\u2014\u2014\u2014\u2014\u2014\u2014\u2014\u2014\u2014\u2014<\/aside>\n<aside><\/aside>\n<h2><\/h2>\n<h2>Bl\u00e5 himmel, sol og -37<\/h2>\n<figure id=\"attachment_14709\" class=\"wp-caption alignnone\" aria-describedby=\"caption-attachment-14709\"><a href=\"https:\/\/mosjoen.com\/wp-content\/uploads\/2023\/02\/P1090555x-scaled.jpg\"><img loading=\"lazy\" decoding=\"async\" class=\"wp-image-14709 size-full\" src=\"https:\/\/mosjoen.com\/wp-content\/uploads\/2023\/02\/P1090555x-scaled.jpg\" sizes=\"auto, (max-width: 2048px) 100vw, 2048px\" srcset=\"https:\/\/mosjoen.com\/wp-content\/uploads\/2023\/02\/P1090555x-scaled.jpg 2048w, https:\/\/mosjoen.com\/wp-content\/uploads\/2023\/02\/P1090555x-300x200.jpg 300w, https:\/\/mosjoen.com\/wp-content\/uploads\/2023\/02\/P1090555x-1024x683.jpg 1024w, https:\/\/mosjoen.com\/wp-content\/uploads\/2023\/02\/P1090555x-768x512.jpg 768w, https:\/\/mosjoen.com\/wp-content\/uploads\/2023\/02\/P1090555x-1536x1024.jpg 1536w\" alt=\"\" width=\"2048\" height=\"1365\" \/><\/a><figcaption id=\"caption-attachment-14709\" class=\"wp-caption-text\">-37 grader, Marka, 2010 \u2013 Foto: mosjoen.com<\/figcaption><\/figure>\n<p>[02.02.2023] For tretten \u00e5r siden, i 2010, var det en god gammeldags kuldeperiode i januar. Vi m\u00e5lte -37 i Marka ved heisstasjonen til Vardefjell, bare fem min kj\u00f8ring fra byen (se bildet). Allerede da var vi redd klimaendringene som var p\u00e5 gang, s\u00e5 jeg tok ogs\u00e5 ungene med p\u00e5 en kj\u00f8retur rundt Marka slik at de skulle f\u00e5 oppleve minus tredve mens det enn\u00e5 var mulig.<\/p>\n<p>Hvis det regner mye om vinteren istedenfor sn\u00f8, s\u00e5 reagerer folk, selv om det bare er noen f\u00e5 graders forskjell det st\u00e5r om. Men i dag synes folk det er dritkaldt med minus 12 og ser ikke faresignalene mht klimaendringer, selv om det er opptil 25 grader mildere i dag enn \u201cgammelkulda\u201d.<\/p>\n<p>Husker ogs\u00e5 at vi var p\u00e5 bygdefest i Toven i romjula i v\u00e5r ungdom. Ute var det -36 grader, og inne trollfyrte de slik at det ikke var varan inne i varmen\u2026<\/p>\n<aside class=\"ihpadding\">\u2014\u2014\u2014\u2014\u2014\u2014\u2014\u2014\u2014\u2014\u2014\u2014\u2014\u2014\u2014\u2014\u2014\u2014<\/aside>\n<aside><\/aside>\n<h2><\/h2>\n<h2>Det er helg: Vinterkveld i byen<\/h2>\n<figure id=\"attachment_14530\" class=\"wp-caption alignnone\" aria-describedby=\"caption-attachment-14530\"><a href=\"https:\/\/mosjoen.com\/wp-content\/uploads\/2023\/01\/IMG_20230119_212058-scaled.jpg\"><img loading=\"lazy\" decoding=\"async\" class=\"wp-image-14530 size-full\" src=\"https:\/\/mosjoen.com\/wp-content\/uploads\/2023\/01\/IMG_20230119_212058-scaled.jpg\" sizes=\"auto, (max-width: 2048px) 100vw, 2048px\" srcset=\"https:\/\/mosjoen.com\/wp-content\/uploads\/2023\/01\/IMG_20230119_212058-scaled.jpg 2048w, https:\/\/mosjoen.com\/wp-content\/uploads\/2023\/01\/IMG_20230119_212058-300x169.jpg 300w, https:\/\/mosjoen.com\/wp-content\/uploads\/2023\/01\/IMG_20230119_212058-1024x578.jpg 1024w, https:\/\/mosjoen.com\/wp-content\/uploads\/2023\/01\/IMG_20230119_212058-768x433.jpg 768w, https:\/\/mosjoen.com\/wp-content\/uploads\/2023\/01\/IMG_20230119_212058-1536x866.jpg 1536w\" alt=\"\" width=\"2048\" height=\"1155\" \/><\/a><figcaption id=\"caption-attachment-14530\" class=\"wp-caption-text\">Foto: mosjoen.com<\/figcaption><\/figure>\n<p>[20.01.2023] Noen f\u00e5 skritt ut fra torvet renner Vefsna rolig forbi mens sn\u00f8en laver ned. Tips: Kom deg ut p\u00e5 en liten kveldstur f\u00f8r mildv\u00e6ret kommer.<\/p>\n<aside class=\"ihpadding\">\u2014\u2014\u2014\u2014\u2014\u2014\u2014\u2014\u2014\u2014\u2014\u2014\u2014\u2014\u2014\u2014\u2014\u2014<\/aside>\n<aside><\/aside>\n<h2><\/h2>\n<h2>2013: Selvkj\u00f8rende biler snart klar<\/h2>\n<p>[18.01.2023] Vi som har lang erfaring med automatisering har sett oss lei p\u00e5 enkelte som i \u00e5revis har kommet med ulike lovnader om selvkj\u00f8rende biler. Ta det med ro, vi trenger fortsatt mennesker til \u00e5 frakte oss rundt. Se for deg en kj\u00f8retur i en selvkj\u00f8rende bil p\u00e5 smale vinterveier med h\u00f8ge br\u00f8ytekanter en vindfull vinterdag med mye kov. Tipper at mange av oss ligger under torva f\u00f8r dette blir en realitet.<\/p>\n<p>Selv med 70 \u00e5rs intens forskning bak oss greier vi ikke \u00e5 lage en automatisk oversetter-robot til enkle tekstfiler. Vi er kanskje kommet ned i 2% feilrate til slikt, mens til bilkj\u00f8ring kreves det 0% \u2013 og der er det et ekstremt komplekst f\u00f8rermilj\u00f8 \u00e5 forholde seg til og som krever mange sensorer og tung databehandling.<\/p>\n<p>Ogs\u00e5 AI, s\u00e5kalt kunstig intelligens, er opphauset. Vi har pr\u00f8vd moderne verkt\u00f8y som Midjourney og ChatGPT, og er blitt skremt p\u00e5 en annen m\u00e5te. Slike verkt\u00f8y er gode p\u00e5 design og struktur, men takler ikke virkeligheten s\u00e5 godt.<\/p>\n<p>Da moderne digitalkamera og mobilen kom inn overalt ble fotokunsten vannet ut.\u00a0 Og n\u00e5 er design og grafikk en truet kunstform som kommer til \u00e5 slite med oppmerksomheten etterhvert. I tillegg vil nye automatisk tekstverkt\u00f8y vanne ut publiserte tekster. Vi tror at de sterke stemmene, bl.a kunstnere og politikere som samfunnet trenger av og til, vil forsvinne i en verden full av masseproduserte inntrykk publisert i alle kanaler.<\/p>\n<p>Noen av oss er faktisk mer redd for \u201cinformation overflow\u201d enn kunstig intelligens. Det f\u00f8rstnevnte er her allerede \u2013 og det ser vi ikke.<\/p>\n<p>Les mer: <a href=\"https:\/\/e24.no\/teknologi\/i\/zLBbGb\/tesla-vil-lage-biler-som-kjoerer-selv-innen-tre-aar\"><strong>Lovnader selvkj\u00f8rende biler i 2013<\/strong><\/a><\/p>\n<aside class=\"ihpadding\">\u2014\u2014\u2014\u2014\u2014\u2014\u2014\u2014\u2014\u2014\u2014\u2014\u2014\u2014\u2014\u2014\u2014\u2014<\/aside>\n<aside><\/aside>\n<h2><\/h2>\n<h2>Det er helg: Ny plate fra Hylekoret<span data-darkreader-inline-color=\"\">.<\/span><\/h2>\n<p><img loading=\"lazy\" decoding=\"async\" class=\"alignright wp-image-14402\" title=\"....\" src=\"https:\/\/mosjoen.com\/wp-content\/uploads\/2023\/01\/hylekoret_album_the_dark_side_of_the_mon-300x300.jpg\" sizes=\"auto, (max-width: 200px) 100vw, 200px\" srcset=\"https:\/\/mosjoen.com\/wp-content\/uploads\/2023\/01\/hylekoret_album_the_dark_side_of_the_mon-300x300.jpg 300w, https:\/\/mosjoen.com\/wp-content\/uploads\/2023\/01\/hylekoret_album_the_dark_side_of_the_mon-150x150.jpg 150w, https:\/\/mosjoen.com\/wp-content\/uploads\/2023\/01\/hylekoret_album_the_dark_side_of_the_mon-768x768.jpg 768w, https:\/\/mosjoen.com\/wp-content\/uploads\/2023\/01\/hylekoret_album_the_dark_side_of_the_mon.jpg 1000w\" alt=\"\" width=\"200\" height=\"200\" \/><\/p>\n<p>[14.01.2023] Etter det litt krevende debut-albumet \u201cKaukofoni\u201d, slipper n\u00e5 Hylekoret sitt andre album, <strong>The Dark Side of the MON<\/strong>, et meditativt makkverk om livet i en nord-norsk sm\u00e5by. Hylekoret vil etterhvert opptre med konserten \u201cEn Hylaften\u201d, der vil de servere de mest upopul\u00e6re l\u00e5tene, bl.a. <strong>Tenners Gnizzel<\/strong>, <strong>D\u00e5tt i \u00d8ran<\/strong> og <strong>Stukken Gris<\/strong>. Mens andre grupper starter karrieren som oppvarmingsband, har Hylekoret spesialisert seg som avkj\u00f8lingsband. \u2013\u00a0Vi f\u00e5r ryddet ethvert lokale p\u00e5 no-time n\u00e5r vi drar i gang, sier vokalist Rad Brekke. Koret retter samtidig en stor takk til MON for inspirasjon til denne utgivelsen.<\/p>\n<aside class=\"ihpadding\">\u2014\u2014\u2014\u2014\u2014\u2014\u2014\u2014\u2014\u2014\u2014\u2014\u2014\u2014\u2014\u2014\u2014\u2014<\/aside>\n<aside><\/aside>\n<h2><\/h2>\n<h2>Formuen \u201cdin\u201d \u00f8kte med 100 000 denne uken<\/h2>\n<p>[06.01.2023] I l\u00f8pet av denne uken har det v\u00e6rt en voldsom \u00f8kning i v\u00e5rt felles oljefond. Det l\u00e5 rundt 12 500 mrd kroner i starten av uken, n\u00e5 ligger oljefondet p\u00e5 ca 13 000 mrd. Det skyldes bl.a. store internasjonale svingninger i aksjer og eiendommer.<\/p>\n<p>Det betyr at hver av oss innbyggere har blitt ca 100 000 kroner \u201crikere\u201d de siste dagene. Men det vil ikke merkes p\u00e5 pengeboka n\u00e5, dette er v\u00e5r felles formue som brukes til beste for oss alle etter hvert. F.eks ville det denne uken bare tatt en dag \u00e5 betale ned en antatt utvidelse av hele Nord-Norge-banen til en pris av 100 mrd, mye mer nytteverdi enn Follo-banen inn til Oslo til 37 mrd som ble fors\u00f8kt \u00e5pnet denne uken. Den gir 10 min raskere reisetid for \u00f8stfoldingene\u2026<\/p>\n<p>Den framsynte politikken om forvaltning av oljeinntektene ble bestemt for over femti \u00e5r siden av politikerne. Ingen visste da helt om de verdiene som l\u00e5 i Nordsj\u00f8en. Skatteprosenten av oljeinntektene ble satt til 79%, og det sikret Norges framtid.<\/p>\n<p>Men i dag er det annerledes. N\u00e5 gir politikerne bort rettigheter til \u00e5 bygge ut store fjellomr\u00e5der til vindkraft for en slikk og ingenting, kun en liten symbolsk eiendomsskatt er man forn\u00f8yd med. Mens oljebransjen i Norge har hatt en enorm teknisk utvikling med mange nye l\u00f8sninger og stor eksport, s\u00e5 har vi blitt rik og sl\u00f8v og importerer all teknologi til landbasert vindkraft.<\/p>\n<p>Sjekk: <strong><a href=\"https:\/\/www.nbim.no\/no\/\">Status oljefondet<\/a><\/strong><\/p>\n<aside class=\"ihpadding\">\u2014\u2014\u2014\u2014\u2014\u2014\u2014\u2014\u2014\u2014\u2014\u2014\u2014\u2014\u2014\u2014\u2014\u2014\u2014<\/aside>\n<h2>Sparetips bredb\u00e5nd<\/h2>\n<p>[04.01.2023] Vi h\u00f8rer ikke til de som bruker mye penger p\u00e5 duppedingser og tvilsomme digitale tjenester. N\u00e5r vi ser noe fristende, s\u00e5 ligger det alltid et sp\u00f8rsm\u00e5l bak og lurer: Blir det brukt?<\/p>\n<p>Vi har drevet med utvikling av elektronikk, datamaskiner og programmer siden 70-tallet og har l\u00e6rt og erfart masse. Her er et enkelt sparetips mht til n\u00e5v\u00e6rende tilbud p\u00e5 fiberbredb\u00e5nd: <strong>G\u00e5 ned til laveste og billigste hastighet!<\/strong> Som privatkunde hos Telenor kan du <strong>spare opptil 6600 kroner i \u00e5ret<\/strong> ved \u00e5 g\u00e5 ned til 100 Mbit\/s. For oss har dette v\u00e6rt aldeles nok i flere \u00e5r, selv om vi drifter en Internett-server med diverse portaler og en del kunder, samt driver med utvikling av diverse programvare og webtjenester. Og ser p\u00e5 Netflix o.l. innimellom.<\/p>\n<p>Mange er usikre p\u00e5 behovet og kj\u00f8per dyre oppkoblinger for \u00e5 v\u00e6re p\u00e5 den sikre siden. Vi som er rimelig gubbelert og holdt p\u00e5 med dette i mange \u00e5r, vet hva som funker og t\u00f8r \u00e5 handle deretter.<\/p>\n<p>P\u00e5 hytta bruker vi v\u00e5r egen mobiltelefon med 4G oppkobling, den fungerer ogs\u00e5 som en tr\u00e5dl\u00f8s ruter til PC-ene. Grei hastighet til nettsurfing, feilretting og drift av nettservere, kun et standard mobilabonnement med litt ekstra datakapasitet anbefales. Men p\u00e5 hytta gj\u00f8r man vanligvis noe helt annet enn \u00e5 trykke p\u00e5 taster.<\/p>\n<aside class=\"ihpadding\">\u2014\u2014\u2014\u2014\u2014\u2014\u2014\u2014\u2014\u2014\u2014\u2014\u2014\u2014\u2014\u2014\u2014\u2014\u2014<\/aside>\n<h2>Framtidens nytt\u00e5rsaften<\/h2>\n<p>[28.12.2022] I mange \u00e5r har nytt\u00e5rsaftener v\u00e6rt feiret med rakettoppskytinger i ulike fasonger. I ungdomstida bygde vi to-trinns nytt\u00e5rsraketter, men resultatet var tvilsomt. Derimot var det st\u00f8rre suksess \u00e5 fjerne rakettpinnen og lime sm\u00e5 pappfinner p\u00e5 rakettmotoren. Den lette rakettmotoren forsvant opp og inn i det lave skydekket f\u00f8r det smalt\u2026<\/p>\n<p>Men vi liker \u00e5 analysere litt inn i framtida, og vi tror at droner og laserlys kommer til \u00e5 overta nytt\u00e5rsaften etterhvert.<\/p>\n<p>Noen eksempler: <a href=\"https:\/\/www.dronestories.com\/\"><strong>https:\/\/www.dronestories.com\/<\/strong><\/a><\/p>\n<aside class=\"ihpadding\">\u2014\u2014\u2014\u2014\u2014\u2014\u2014\u2014\u2014\u2014\u2014\u2014\u2014\u2014\u2014\u2014\u2014\u2014\u2014<\/aside>\n<aside><\/aside>\n<aside class=\"ihpadding\">\n<h2>Paracet ti ganger dyrere p\u00e5 apoteket<\/h2>\n<p>[14.12.2022] Prisen p\u00e5 Paracet hos v\u00e5rt lokale apotek er opptil <strong>ti ganger h\u00f8yere<\/strong> enn \u00e5 kj\u00f8pe tilsvarende p\u00e5 postordre, da er prisen sammenlignet pr tablett. Allerede for 10-15 \u00e5r siden var vi innom en kolonialbutikk i Skottland og ble klar over den vanvittige prisforskjellen. N\u00e5 kan Paracet o.l. kj\u00f8pes p\u00e5 postordre i Norge og fra andre land.<\/p>\n<\/aside>\n<p><strong>Paracetamol 500mg standard:<\/strong><\/p>\n<ul>\n<li>Apotek, Mosj\u00f8en: kr 47.90 (20 tabl)<\/li>\n<li>Rema Mosj\u00f8en: kr 34.90 (20 tabl)<\/li>\n<li><a href=\"https:\/\/www.farmasiet.no\/catalog\/feber-og-forkjolelse\/febernedsettende\/paracet-tab--500mg-20,5000208\">Farmasiet<\/a>, postordre: kr 19.00 (20 tabl)<\/li>\n<li><a href=\"https:\/\/www.chemistdirect.co.uk\/paracetamol-500mg-tablets\/prd-o38\">ChemistDirect<\/a>, England, postordre: kr 7.90 (36 tabl)<\/li>\n<\/ul>\n<aside class=\"ihpadding\">\u2014\u2014\u2014\u2014\u2014\u2014\u2014\u2014\u2014\u2014\u2014\u2014\u2014\u2014\u2014\u2014\u2014\u2014\u2014<\/aside>\n<aside><\/aside>\n<h2><\/h2>\n<h2>-31.9 ved Majavatn, -24.5 i Mosj\u00f8en<\/h2>\n<p>[13.12.2022] Trollkulda holder taket enn\u00e5, men som regel er vinterens kaldeste periode i slutten av januar, ca en m\u00e5ned etter vintersolverv. I kveld ble det m\u00e5lt -31.9 grader ved en av de offisielle m\u00e5lestasjonene p\u00e5 Majavatn, og temperaturen p\u00e5 flyplassen i Mosj\u00f8en ble m\u00e5lt til -24.5 grader. Og en kj\u00f8retur i Marka i morges viste uoffisielle -28 grader p\u00e5 bilens termometer.<\/p>\n<p>Men terrenget spiller en stor rolle, det er stillest\u00e5ende kuldegroper som lager rekorder. Vi som har fartet mye i Kjems\u00e5sen opp gjennom \u00e5rene har kun opplevd -27 p\u00e5 det kaldeste. Det skyldes at kaldlufta \u201crenner\u201d nedover mot byen. Det samme sjekket vi for noen \u00e5r siden da det var -37 ved Fustvatnet, da var det ca ti grader mildere i Herringbotten under Brurskanken. Det ligger en del h\u00f8yere og kaldlufta \u201crenner\u201d ogs\u00e5 her nedover.<\/p>\n<ul>\n<li><a href=\"https:\/\/www.yr.no\/nb\/i-n%C3%A6rheten\/1-252958\/Norge\/Nordland\/Vefsn\/Mosj%C3%B8en\">M\u00e5lepunkt Mosj\u00f8en (flyplassen)<\/a><\/li>\n<li><a href=\"https:\/\/www.yr.no\/nb\/i-n%C3%A6rheten\/5-77403\/Norge\/Nordland\/Grane\/E6%20Majavatn\">M\u00e5lepunkt Majavatn<\/a><\/li>\n<\/ul>\n<p>\u2014\u2014\u2014\u2014\u2014\u2014\u2014\u2014\u2014\u2014\u2014\u2014\u2014\u2014\u2014\u2014\u2014\u2014\u2014<\/p>\n<aside class=\"ihpadding\">\n<h2>Sport p\u00e5 mosjoen.com<\/h2>\n<p>[25.11.2022] Vi kommer som tidligere sesonger til \u00e5 legge ut tips om viktige sportssendinger under \u201cHva skjer?\u201d, spesielt n\u00e5 som den popul\u00e6re vintersesongen er begynt. Det vi ikke gj\u00f8r er \u00e5 reklamere for sportssendinger som g\u00e5r p\u00e5 spesielle betalingskanaler, f.eks. Viasport, man betaler nok for \u00e5 se p\u00e5 standardkanaler som NRK, TV2 og TV3.<\/p>\n<p>Men vi l\u00f8ser dette med \u00e5 linke opp lukkede sportssendinger til tidtakingssystemet hos FIS. Kveldens utforrenn i Lake Louise sendes lukket, men vi har laget link til tidtakingen slik at oss nerder kan f\u00f8lge rennet live med alle mellomtider og oppdaterte resultater.<\/p>\n<p>Og for de som savner tips om kamper i fotball-VM, vi har ingen planer om \u00e5 legge ut info om sendinger fra et arrang\u00f8rland som hverken har frihet, likestilling eller demokrati. Og hvor ulike legninger er forbudt ved lov.<\/p>\n<p>\u2014\u2014\u2014\u2014\u2014\u2014\u2014\u2014\u2014\u2014\u2014\u2014\u2014\u2014\u2014\u2014\u2014\u2014\u2014<\/p>\n<h2>Vefsn \u00f8ker befolkningen, ned i andre<\/h2>\n<p>[17.11.2022] I siste kvartal har Vefsn en \u00f8kning p\u00e5 5 personer, mens de andre bykommunene p\u00e5 Helgeland har nedgang. Rana g\u00e5r ned med hele 35 personer slik at Rana n\u00e5 har samme befolkningstall som i 1969, dvs 26084 personer.<\/p>\n<p>Flere tall: <a href=\"https:\/\/www.ssb.no\/statbank\/table\/01222\/\">https:\/\/www.ssb.no\/statbank\/table\/01222\/<\/a><\/p>\n<p>\u2014\u2014\u2014\u2014\u2014\u2014\u2014\u2014\u2014\u2014\u2014\u2014\u2014\u2014\u2014\u2014\u2014\u2014\u2014<\/p>\n<h2>Tjente 229 mill p\u00e5 Bergen Carbon Solutions<\/h2>\n<p>[10.11.2022] Toppoppslaget i dagens Helgelendingen er at Bergen Carbon Solutions utsetter mulig satsing i Mosj\u00f8en p\u00e5 ubestemt tid i flere \u00e5r. Samtidig melder Dagens N\u00e6ringsliv at storinvestor \u00d8ystein Stray Spetalen (Saga Pure) n\u00e5 selger seg helt ut av selskapet, han hadde en nettogevinst p\u00e5 229 mill kroner p\u00e5 salget.<\/p>\n<p><a href=\"https:\/\/www.helg.no\/nye-utsettelser-og-ny-sjef-vi-onsker-ikke-a-implementere-umoden-teknologi\/s\/5-24-807285\">Les mer i Helgelendingen<\/a><br \/>\n<a href=\"https:\/\/investor.dn.no\/#!\/Oversikt\/Direkte\/123330\">Les mer i Dagens N\u00e6ringsliv<\/a><\/p>\n<p>\u2014\u2014\u2014\u2014\u2014\u2014\u2014\u2014\u2014\u2014\u2014\u2014\u2014\u2014\u2014\u2014\u2014\u2014\u2014<\/p>\n<h2>Fant over 50 ekstra ledige stillinger p\u00e5 Helgeland<\/h2>\n<p>[07.11.2022] Vi holder p\u00e5 med en st\u00f8rre oppgradering av v\u00e5re portaler, da legger vi bl.a. ut nye tjenester, lett tilgjengelig for alle. Vi har n\u00e5 ogs\u00e5 med ledige stillinger fra FINN, den kommersielle tjenesten som har tatt opp kampen med NAV.<\/p>\n<p>NAV har en stor avdeling i Rana som har ansvaret for registrering av ledige stillinger p\u00e5 landsbasis. NAV har registrert flere stillinger enn FINN, men har ikke fulgt med i timen. Selv ledige stillinger fra storsatsingen Freyr i Rana f\u00e5r de ikke med seg, men det gj\u00f8r FINN.<\/p>\n<p>Ved en sjekk fant vi over 50 ledige stillinger p\u00e5 Helgeland som kun FINN har fanget opp, men ikke NAV. Men n\u00e5 finner du <strong>alle<\/strong> ledige stillinger, b\u00e5de fra NAV og FINN, p\u00e5 mosjoen.com og v\u00e5re andre portaler p\u00e5 Helgeland.<br \/>\n<strong>Ingen andre i Norge har denne tjenesten.<\/strong><\/p>\n<p><strong>V\u00e5r sterke anbefaling:<\/strong> Sjekk b\u00e5de NAV og FINN p\u00e5 mosjoen.com for \u00e5 f\u00e5 med deg alle ledige jobber i omr\u00e5det.<\/p>\n<p>\u2014\u2014\u2014\u2014\u2014\u2014\u2014\u2014\u2014\u2014\u2014\u2014\u2014\u2014\u2014\u2014\u2014\u2014\u2014<\/p>\n<h2>Ny funksjon: Ledige stillinger fra b\u00e5de NAV og FINN<\/h2>\n<p>[04.11.2022] Vi har begynt \u00e5 oppgradere mosjoen.com med en del nye funksjoner. Som eneste i landet har vi n\u00e5 med ledige stillinger fra b\u00e5de NAV og FINN. P\u00e5 mosjoen.com finner man alle ledige stillinger i Vefsn, Grane og Hattfjelldal.<\/p>\n<p>Desverre er det ingen samordning mellom offentlige NAV og kommersielle FINN. F.eks ligger det n\u00e5 ute en stilling som systemutvikler p\u00e5 Alcoa i Mosj\u00f8en, den finner man bare hos FINN, ikke hos NAV. Mens andre stillinger kan dukke opp hos begge, s\u00e5 man m\u00e5 sjekke ekstra.<\/p>\n<p>NAVs sentrale enhet for registrering av ledige stillinger ligger i Rana, vi har v\u00e6rt p\u00e5 dem om \u00e5 f\u00e5 med seg alle ledige stillinger, men nei. S\u00e5 da programmerte vi en egen modul som leser FINN, det tok ca en time inkludert testing \u2013 og problemet var l\u00f8st.<\/p>\n<p>\u2014\u2014\u2014\u2014\u2014\u2014\u2014\u2014\u2014\u2014\u2014\u2014\u2014\u2014\u2014\u2014\u2014\u2014\u2014<\/p>\n<h2>mosjoen.com er tilbake<\/h2>\n<p>[14.10.2022] Vi beklager nedetiden de siste dagene, men n\u00e5 er vi tilbake p\u00e5 ny server. V\u00e5r gamle serverleverand\u00f8r i Tyskland ble kj\u00f8pt opp og la ned den den gamle tjenesten litt for raskt, s\u00e5 vi m\u00e5tte ha storflytting av \u00f8rten nettsteder til en helt ny server i K\u00f6ln i Tyskland. Kunder og mail var prioritert, men gratistjenester som mosjoen.com tok vi til slutt. Den nye serveren er ogs\u00e5 en Linux-basert virtuell server, satt opp og driftet herfra, men kan gjerne driftes fra fritidshuset uti \u00f8yan med vanlig mobilnett om man \u00f8nsker. Serveren er ogs\u00e5 mye raskere enn den gamle, oppgraderte prosessorer, mer RAM og super-rask SSD-disk (gammel harddisk er historie).<\/p>\n<p>N\u00e5 skal vi bryte oss p\u00e5 en st\u00f8rre oppgradering av mosjoen.com o.l. portaler. Ny profil, nye funksjoner og flere nyheter i en oversiktlig presentasjon med et enkelt vedlikehold.<\/p>\n<p><a href=\"https:\/\/mosjoen.com\/kontakt\"><strong>Send oss gjerne \u00f8nsker og tips!<\/strong><\/a><\/p>\n<p>\u2014\u2014\u2014\u2014\u2014\u2014\u2014\u2014\u2014\u2014\u2014\u2014\u2014\u2014\u2014\u2014\u2014\u2014\u2014<\/p>\n<h2>Agurknytt: Gravearbeid p\u00e5 MRK senteret<\/h2>\n<p>[29.07.2022] Vi har i mange \u00e5r blitt underholdt av medias behov for \u00e5 f\u00e5 fram nyheter om sommeren, spesielt n\u00e5r det skjer lite. Flesteparten av journalistene har tatt ferie, og de som eventuelt skal intervjues har ogs\u00e5 ferie. Da blir det produsert s\u00e5kalt agurknytt med relativt meningsl\u00f8st innhold. Vefsn No har ikke produsert lokalstoff fra Vefsn p\u00e5 flere uker, mens Helgelendingen sl\u00e5r til med en innertier av en agurknytt:<\/p>\n<p><em>Gravearbeid p\u00e5 MRK senteret<\/em><\/p>\n<p><em>Mosj\u00f8en ressurs og kompetansesenter har gravd opp en dieseltank og venter n\u00e5 p\u00e5 asfaltering. \u2013 Vi har gravd opp en dieseltank. Deretter skal vi asfaltere. Vi m\u00e5 vente med asfalteringen til firmaet vi har leid inn til \u00e5 asfaltere kommer tilbake fra ferie. Dieseltanken brukte vi til varme og slikt, men vi har ikke hatt bruk for den p\u00e5 noen \u00e5r, sier leder for MRK senteret Wenche Stenersen. (<a href=\"https:\/\/www.helg.no\/lokalnytt-helgelendingen-rapporterer-om-stort-og-smatt-i-distriktet\/f\/5-24-555968\">Link<\/a>)<\/em><\/p>\n<p>Men mosjoen.com er ikke noe bedre,<br \/>\nvi tilbyr gammel ferdigprodusert agurknytt.<br \/>\nLes mer: <a href=\"https:\/\/oppfinnerkontoret.no\/agurknytt\/\"><strong>agurknytt.no<\/strong><\/a><\/p>\n<p>Ha fortsatt god sommer!<\/p>\n<p>\u2014\u2014\u2014\u2014\u2014\u2014\u2014\u2014\u2014\u2014\u2014\u2014\u2014\u2014\u2014\u2014\u2014\u2014\u2014<\/p>\n<h2>Tips: Sjekk fjernkontrollen f\u00f8r du handler<\/h2>\n<p>[24.07.2022] N\u00e5r du kj\u00f8per et nytt produkt som er rimelig avhengig av fjernkontroll, sjekk at dette er ekte tr\u00e5dl\u00f8st f\u00f8r du kj\u00f8per, ikke bare infrar\u00f8dt som tidligere. Hvis du fremdeles m\u00e5 rette fjernkontrollen direkte mot produktet for \u00e5 f\u00e5 noe reaksjon, s\u00e5 vitner det om gammeldags teknologi i produktet. Ligg unna og velg et annet produkt.<\/p>\n<p>En moderne radiostyrt fjernkontroll kan styre et produkt selv om det er plassert i et lukket skap, eller man sitter litt kinkig til. Infrar\u00f8dt er greit \u00e5 bruke i fotoceller, det brukte vi n\u00e5r vi bygde tidtaking til slal\u00e5mklubben for 40 \u00e5r siden. Men styringsteknologien har g\u00e5tt videre \u2013 for lengst.<\/p>\n<p>Hvis du synes dette er en fillesak, s\u00e5 blir du etterhvert passe irritert p\u00e5 alt skrammelet av bokser som m\u00e5 v\u00e6re godt synlig p\u00e5 benken eller i hylla fordi de kan bare fjernstyres av infrar\u00f8dt lys. Men v\u00e5r lille Xiaomi chromecast-dings med ledninger ligger langt inni et skap fordi fjernkontrollen er tr\u00e5dl\u00f8s med radiob\u00f8lger.<\/p>\n<p>\u2014\u2014\u2014\u2014\u2014\u2014\u2014\u2014\u2014\u2014\u2014\u2014\u2014\u2014\u2014\u2014\u2014\u2014\u2014<\/p>\n<h2>Mosj\u00f8mann satser 100 mill p\u00e5 spill<\/h2>\n<p>[12.07.2022] Mosj\u00f8mannen Morten Romslo som i 2018 vant rundt 300 millioner i Vikinglotto, satser n\u00e5 over 100 millioner p\u00e5 \u00e5 kj\u00f8pe seg inn i spill- og teknologiimperiet til investoren Morten Klein, det melder <a href=\"https:\/\/finansavisen.no\/nyheter\/teknologi\/2022\/07\/11\/7897598\/lotto-millionaer-satser-100-mill.-pa-spillkonge\">Finansavisen<\/a>.<\/p>\n<p>Se mer: <a href=\"https:\/\/www.nettavisen.no\/okonomi\/dorvakt-gjorde-superkarriere-na-er-han-god-for-to-milliarder\/s\/12-95-3424259238\">Om Morten Klein<\/a> | <a href=\"https:\/\/www.proff.no\/roller\/morten-klein\/oslo\/330567\/\">Virksomheter Morten Klein<\/a><\/p>\n<p>\u2014\u2014\u2014\u2014\u2014\u2014\u2014\u2014\u2014\u2014\u2014\u2014\u2014\u2014\u2014\u2014\u2014\u2014\u2014<\/p>\n<h2>Jazz med Arvid Martinsen Band 1985<\/h2>\n<p>[20.06.2022] Musikkfest og Galleria n\u00e6rmer seg med stormskritt. Her kan dere lade opp med Arvid Martinsen Band fra Varangerfestivalen i 1985, sendt p\u00e5 NRK. Dette var en softjazz-utgave av Arvid som noen av oss vil ha mer av. Her er flere kjente fjes med, bl.a. Doffen p\u00e5 gitar. Arvid, n\u00e5 71 \u00e5r, skal bidra under \u00e5rets musikkfest, men i en litt annen setting enn dette.<\/p>\n<p><strong><a href=\"https:\/\/youtu.be\/hMcBphGC74k\">Se opptak fra 1985 her\u2026<\/a><\/strong><\/p>\n<p>\u2014\u2014\u2014\u2014\u2014\u2014\u2014\u2014\u2014\u2014\u2014\u2014\u2014\u2014\u2014\u2014\u2014\u2014\u2014<\/p>\n<h2>Ny webtjeneste for kysttrafikken<\/h2>\n<p>[01.06.2022] Kystverket er n\u00e5 klar med NAIS, en ny norsk webtjeneste som viser kysttrafikken live. NAIS virker bedre enn MarineTraffic, oppdatert i sanntid og uten st\u00f8yende reklame.<\/p>\n<p>Her er en link til NAIS direkte mot v\u00e5r lokale havn.<br \/>\nZoom deg inn og ut og f\u00e5 bedre oversikt: <strong><a href=\"https:\/\/nais.kystverket.no\/point\/13.19136_65.837\">NAIS<\/a><\/strong><\/p>\n<p>\u2014\u2014\u2014\u2014\u2014\u2014\u2014\u2014\u2014\u2014\u2014\u2014\u2014\u2014\u2014\u2014\u2014\u2014\u2014<\/p>\n<h2>Befolkningstall: Opp i Vefsn, ned i Rana<\/h2>\n<p>[19.05.2022] I dag ble nye befolkningstall for siste kvartal presentert fra Statistisk Sentralbyr\u00e5. Som i forrige kvartal ble det ogs\u00e5 denne gang \u00f8kning i Vefsn og nedgang i Rana.<\/p>\n<p>Det er ogs\u00e5 verdt \u00e5 merke seg at Rana n\u00e5 har samme befolkningstall som for 53 \u00e5r siden (1969), dette til tross for tilf\u00f8rsel av mange statlige arbeidsplasser, samt satsing p\u00e5 nye virksomheter.<\/p>\n<p>Befolkning f\u00f8rste kvartal 2022:<\/p>\n<ul>\n<li>Vefsn:\u00a0 \u00a0 \u00a0 \u00a0 \u00a0 13242\u00a0 +9<\/li>\n<li>Br\u00f8nn\u00f8y:\u00a0 \u00a0 \u00a0 \u00a07780\u00a0 +3<\/li>\n<li>Alstahaug:\u00a0 \u00a0 7316\u00a0 -17<\/li>\n<li>Rana:\u00a0 \u00a0 \u00a0 \u00a0 \u00a0 \u00a026073 -19<\/li>\n<\/ul>\n<p><a href=\"https:\/\/www.ssb.no\/statbank\/table\/01222\/\">Sjekk tallene her hos SSB<\/a><\/p>\n<p>\u2014\u2014\u2014\u2014\u2014\u2014\u2014\u2014\u2014\u2014\u2014\u2014\u2014\u2014\u2014\u2014\u2014\u2014\u2014<\/p>\n<h2>De lyse sommernettene kommer n\u00e5<\/h2>\n<p>[17.05.2022] Da vi var russ og herjet ute hele natta, la vi merke til at den lyse sommernatta dukket opp. Er det bl\u00e5 himmel natt til 17. mai, s\u00e5 blir det lyst hele natta p\u00e5 breddegraden Mosj\u00f8en ligger p\u00e5. Men v\u00e6ret p\u00e5virker, er det overskyet s\u00e5 vil det ta noen dager ekstra f\u00f8r det blir helt lyst natta gjennom. Dessuten ligger Mosj\u00f8en inneklemt mellom fjell, ute i kystens \u00e5pne landskap blir det enn\u00e5 lysere p\u00e5 natta.<\/p>\n<p>Vi hadde noen fordeler med \u00e5 v\u00e6re russ for noen \u00e5r siden. All undervisning og eksamener var ferdig f\u00f8r 17. mai, s\u00e5 det var bare \u00e5 sl\u00e5 seg l\u00f8s\u2026<\/p>\n<p>N\u00e5 har vi vel to m\u00e5neder med lyse sommernetter foran oss her p\u00e5 Helgeland.<br \/>\nNyt det!<\/p>\n<p>\u2014\u2014\u2014\u2014\u2014\u2014\u2014\u2014\u2014\u2014\u2014\u2014\u2014\u2014\u2014\u2014\u2014\u2014\u2014<\/p>\n<h2>Ledige jobber i Mosj\u00f8en forsvinner \u2013 svikt hos NAV p\u00e5 Mo<\/h2>\n<p>[02.05.2022] NAV har et stort servicesenter med over hundre ansatte i Mo i Rana, disse registrerer og legger ut ledige stillinger i Norge. Trodde vi. Men de greier ikke f\u00e5 med seg opplagte stillingsannonser som legges ut.<\/p>\n<p>F.eks. stillingene til den nye fabrikken til Bergen Carbon Solutions i Mosj\u00f8en har ikke NAV f\u00e5tt med seg. De er derfor ikke med i oversikten over ledige stillinger fra arbeidsmarkedsetaten (NAV) som bl.a. ligger p\u00e5 <a href=\"https:\/\/mosjoen.com\">mosjoen.com<\/a>. Heller ikke de utlyste ledige stillingene hos storsatsingen Freyr p\u00e5 Mo har NAV f\u00e5tt med seg, se oversikt p\u00e5 <a href=\"https:\/\/moirana.com\">moirana.com<\/a><\/p>\n<p>Pr 2. mai er det n\u00e5 over 40 stillinger som NAV ikke har f\u00e5tt med seg i sin lokale stillingsoversikt for Rana, bl.a. fra Coop, Elkj\u00f8p, Rusta, Freyr, Amedia, Volvo, PostNord, m.fl.. Disse stillingene er kun synlige hos Finn. Vi ser den samme tendensen for Vefsn, og slik er det sannsynligvis for alle NAVs stillingsoversikter i hele landet. Totalt har NAV flere stillinger enn Finn, men det er flere alvorlige hull i NAVs oversikter.<\/p>\n<p>N\u00e5 har b\u00e5de Bergen Carbon Solutions og Freyr brukt Finn til stillingsannonsering og betalt for det. Men de er ikke hos NAV. <strong>Men p\u00e5 NAV sine websider st\u00e5r det: \u201c<a href=\"https:\/\/www.nav.no\/no\/bedrift\/rekruttering\/rekruttere-hjelp-og-selvhjelp\/overfor-dine-stillinger-elektronisk_kap\">Annonserer du stillingene dine p\u00e5 finn.no, blir de automatisk overf\u00f8rt og vist p\u00e5 Arbeidsplassen<\/a> (ledige stillinger hos NAV).\u201d<\/strong> Noen av stillingsannonsene ble allerede lagt ut p\u00e5 Finn i mars, likevel har ikke NAV f\u00e5tt de med seg enn\u00e5 \u2013 i mai.<\/p>\n<p>Vi sp\u00f8r oss, hvorfor har ingen hos NAV f\u00e5tt med seg at dette ikke har fungert p\u00e5 sv\u00e6rt lenge, faktisk flere \u00e5r. Vi har selv utviklet ulike automatiserte datasystemer i flere ti\u00e5r, men vi har s\u00e5pass erfaring at vi vet at teknologi ikke er 100%, da bygger man inn uavhengig overv\u00e5king og automatisk varsling ved rutinesvikt.<\/p>\n<p>Det er meget overraskende at NAVs Servicesenter p\u00e5 Mo ikke f\u00e5r med seg slike viktige ledige stillinger, og det er trist for de arbeidss\u00f8kende. Desverre er det ikke f\u00f8rste gang de siste \u00e5rene vi oppdager store mangler ved NAVs arbeid p\u00e5 Mo, noe vi har varslet dem om tidligere. Men noen h\u00f8yere opp b\u00f8r n\u00e5 ta en gjennomgang av NAVs virksomhet p\u00e5 Mo.<\/p>\n<p>V\u00e6r klar over at NAV er en statlig offentlig enhet, mens Finn er et helkommersielt selskap.<\/p>\n<p>NB: Hvis savnede stillinger n\u00e5 plutselig dukker opp hos NAV, s\u00e5 er det for at vi har tatt tak i dette og varslet NAV p\u00e5 nytt om det.<\/p>\n<ul>\n<li>Vefsn: <a href=\"https:\/\/arbeidsplassen.nav.no\/stillinger?municipals[]=NORDLAND.VEFSN&amp;counties[]=NORDLAND\">Ledige stillinger NAV<\/a><\/li>\n<li>Vefsn: <a href=\"https:\/\/www.finn.no\/job\/fulltime\/search.html?abTestKey=rerank&amp;location=2.20001.20018.20377&amp;sort=RELEVANCE\">Ledige stillinger Finn<\/a><\/li>\n<li>Rana: <a href=\"https:\/\/arbeidsplassen.nav.no\/stillinger?municipals[]=NORDLAND.RANA&amp;counties[]=NORDLAND\">Ledige stillinger NAV<\/a><\/li>\n<li>Rana: <a href=\"https:\/\/www.finn.no\/job\/fulltime\/search.html?abTestKey=rerank&amp;location=2.20001.20018.20383&amp;sort=RELEVANCE\">Ledige stillinger Finn<\/a><\/li>\n<li><a href=\"https:\/\/www.google.com\/search?q=nav+servicesenter&amp;oq=nav+servicesenter&amp;aqs=chrome.0.69i59j46i175i199i512j69i59j69i60l3.5428j0j4&amp;sourceid=chrome&amp;ie=UTF-8\">NAV Servicesenter<\/a><\/li>\n<\/ul>\n<p>\u2014\u2014\u2014\u2014\u2014\u2014\u2014\u2014\u2014\u2014\u2014\u2014\u2014\u2014\u2014\u2014\u2014\u2014\u2014<\/p>\n<h2>Klassisk nordvest<\/h2>\n<p>[26.04.2022] Noen av dere har kanskje lagt merke til det helt spesielle v\u00e6ret vi f\u00e5r n\u00e5r vinden kommer fra nordvest, dvs fra Gr\u00f8nland og \u201cdalstr\u00f8ka\u201d nordaf\u00f8rr. Da kommer en iskald vind der v\u00e6ret skifter ca hvert 10. minutt mellom sn\u00f8byger og bl\u00e5 himmel.<\/p>\n<p>En amerikaner som arbeidet p\u00e5 Alcoa for noen f\u00e5 \u00e5r siden sa det s\u00e5 enkelt: \u2013 If you don\u2019t like the weather in Mosj\u00f8en, just wait five minutes.<\/p>\n<p>\u2014\u2014\u2014\u2014\u2014\u2014\u2014\u2014\u2014\u2014\u2014\u2014\u2014\u2014\u2014\u2014\u2014\u2014\u2014<\/p>\n<h2>Ubrukbare dupedingser<\/h2>\n<p>[25.04.2022] Vi har i \u00e5revis hjulpet folk \u00e5 komme i kontakt med sine tekniske duppedingser, spesielt TV og radioer. Stadig vekk klikker folk seg vekk fra sine normalinnstillinger og mister b\u00e5de lyd og bilde. Og da m\u00e5 noen med en millimeter mer teknisk kompetanse inn og hjelpe.<\/p>\n<p>Det er en ting som provoserer oss voldsomt, det er folk som sier \u201cdette m\u00e5 folk l\u00e6re seg\u201d. Slik er det ikke, vi er forskjellige. Mange av oss har ikke teknisk interesse til \u00e5 l\u00e6re seg alle mulige krumspring med ulike fjernkontroller.<\/p>\n<p>L\u00f8sningen er egentlige enkel og kunne v\u00e6rt gjort for mange \u00e5r siden: La fjernkontrollene f\u00e5 en standardknapp som heter <strong>NORMAL<\/strong>. N\u00e5r man trykker p\u00e5 den s\u00e5 blir f.eks. TV-en satt tilbake til normalinnstillinger og man kan se videre. Teknisk er det uhyre enkelt \u00e5 designe inn en slik funksjon.<\/p>\n<p>Folk betaler gjerne 10-20000 kroner for en avansert TV hos forhandleren. Eneste m\u00e5ten \u00e5 f\u00e5 inn en slik \u201cnormalknapp\u201d er at kundene begynner \u00e5 be om avslag hos forhandlere n\u00e5r apparatet mangler en, kanskje da g\u00e5r beskjeden tilbake til ingeni\u00f8rene i Korea eller Japan.<\/p>\n<p>\u2014\u2014\u2014\u2014\u2014\u2014\u2014\u2014\u2014\u2014\u2014\u2014\u2014\u2014\u2014\u2014\u2014\u2014\u2014<\/p>\n<h2>Ikke uvanlig med finv\u00e6r framover<\/h2>\n<p>[21.04.2022] I f\u00f8lge v\u00e6rstatistikken er mai og juni de m\u00e5nedene med minst nedb\u00f8r her i distriktet. Det kommer normalt tre-fire ganger mer nedb\u00f8r pr m\u00e5ned p\u00e5 slutten av \u00e5ret.<br \/>\nS\u00e5 nyt v\u00e6ret n\u00e5!<\/p>\n<p>Mer info: <a href=\"https:\/\/www.yr.no\/nb\/historikk\/graf\/1-252958\/Norge\/Nordland\/Vefsn\/Mosj%C3%B8en\">Statistikk<\/a><\/p>\n<p>\u2014\u2014\u2014\u2014\u2014\u2014\u2014\u2014\u2014\u2014\u2014\u2014\u2014\u2014\u2014\u2014\u2014\u2014\u2014<\/p>\n<h2>Kjems\u00e5sen Alpinsenter stengt hele p\u00e5sken<\/h2>\n<p>[11.04.2022] Kjems\u00e5sen Alpinsenter er stengt hele p\u00e5sken i \u00e5r. V\u00e6rforholdene er meldt bra i hele perioden, og det er over en meter sn\u00f8 i anlegget. Dagens drivere har ikke lykkes med \u00e5 organisere driften slik som tidligere drivere. Det er f\u00f8rste gang siden anlegget ble etablert for over 50 \u00e5r siden at anlegget er stengt i p\u00e5sken (hvis man ser bort fra korona og spesielle sn\u00f8forhold).<\/p>\n<p>Toppheisen til Mark\u00e5sen (550 moh) har v\u00e6rt stengt de siste syv \u00e5rene under n\u00e5v\u00e6rende styre. Den \u00e5pnet i 2006 til en kostnad av 3.2 mill og l\u00f8ftet hele anlegget. Den ga en rekke nye muligheter, bl.a. b\u00e5de til fartsrenn og offpiste. Men toppheisen har desverre ikke g\u00e5tt siden 2015, den ble nok litt vanskelig \u00e5 drive n\u00e5r dagens styre overtok og de gamle driverne og ekspertisen ble erkl\u00e6rt u\u00f8nsket.<\/p>\n<p>I alpinanlegget p\u00e5 Skillevollen p\u00e5 Mo meldes det om ekstra stor tilstr\u00f8mming hittil i p\u00e5sken: <strong><a href=\"https:\/\/www.google.no\/search?hl=no&amp;ie=UTF-8&amp;oe=UTF-8&amp;q=Skillevollen%20fikk%20en%20knallstart%20p%C3%A5%20p%C3%A5skeferien:%20-%20Det%20var%20veldig%20mye%20folk,%20noe%20vi%20egentlig%20ikke%20er%20vant%20med\">Les mer\u2026<\/a><\/strong><\/p>\n<p>Oversikt over alternative alpinmuligheter p\u00e5 Helgeland og i Sverige finner dere p\u00e5 denne uavhengige nettsiden: <a href=\"https:\/\/kjemsasen.com\"><strong>kjemsasen.com<\/strong><\/a><\/p>\n<p>\u2014\u2014\u2014\u2014\u2014\u2014\u2014\u2014\u2014\u2014\u2014\u2014\u2014\u2014\u2014\u2014\u2014\u2014\u2014<\/p>\n<h2>Ikke betal overpris for batteri<\/h2>\n<p>[08.03.2022] Vi har flere ganger tipset om dette, men m\u00e5 bare gjenta det, ikke betal overpris for merkevarer. Det er ekstremt liten forskjell i driftstid p\u00e5 f.eks. Duracell og andre merker, men Duracell kan v\u00e6re 3-4 ganger dyrere. Den siste testen av oppladbare lommebatterier som ble gjort viste at til og med Biltema\u2019s batterier hadde bedre kapasitet enn Duracell, og er 3 ganger billigere!<\/p>\n<p>Rema m.fl. har i mange \u00e5r plassert Duracell o.l. strategisk p\u00e5 stativ n\u00e6rt kassene, mens de rimelige merkene blir n\u00e6rmest gj\u00f8mt bort. Dette stemmer ikke med lavpris-profilen kjedene profilerer seg med.<\/p>\n<p>Mange av batteritestene har kommentarfelt, og der dukker det opp en del personer som snakker ned billigmerkene. Men det er en velkjent reaksjon n\u00e5r man oppdager at man har betalt overpris, man forsvarer sine kj\u00f8p med tvilsomme argumenter. Vi er personer med tung elektronikk-kompetanse som har brukt og m\u00e5lt billigbatterier i mange \u00e5r, og vi har aldri hatt tr\u00f8bbel med slike.<\/p>\n<p>En rekke batteritester opp gjennom \u00e5rene bekrefter det vi vet, man f\u00e5r tre-fire ganger mer kraft igjen for hver krone ved \u00e5 velge billigbatteri.<\/p>\n<p>Mer info: <a href=\"https:\/\/www.tek.no\/samletest\/i\/Bj2Xme\/det-beste-oppladbare-batteriet\">Test av oppladbare lommebatterier<\/a><\/p>\n<p>\u2014\u2014\u2014\u2014\u2014\u2014\u2014\u2014\u2014\u2014\u2014\u2014\u2014\u2014\u2014\u2014\u2014\u2014\u2014<\/p>\n<h2>Kjems\u00e5sen sliter med \u00e5pningstidene<\/h2>\n<p>[06.03.2022] I ei normaluke har Kjems\u00e5sen \u00e5pent fire dager. Men denne vinterferien har v\u00e6rt krise for alpinfolket, kun onsdagskveld var det \u00e5pent, helga stengt. Det var ikke v\u00e6ret som hadde skylda.<\/p>\n<p>Entusiastene som drev anlegget tidligere kan fortelle at de faktisk greide \u00e5 holde noen dager ekstra \u00e5pent i vinterferien, til og med ordnet med ekstrabusser til Kjems\u00e5sen p\u00e5 dagtid midt i uka.<\/p>\n<p>Men det er scooterfolk som driver anlegget n\u00e5. Det skal v\u00e6re et scooter-arrangement ei helg senere i mars, og da stenges bakken for alpinister.<\/p>\n<p>Ogs\u00e5 \u00e5pningstidene i p\u00e5sken har de siste \u00e5rene v\u00e6rt nede p\u00e5 et lavm\u00e5l i forhold til tidligere tider. Da blir det til at mange reiser over til Sverige for \u00e5 kj\u00f8re slal\u00e5m der.<\/p>\n<p>\u2014\u2014\u2014\u2014\u2014\u2014\u2014\u2014\u2014\u2014\u2014\u2014\u2014\u2014\u2014\u2014\u2014\u2014\u2014<\/p>\n<h2>Tilfluktsrom i Vefsn<\/h2>\n<p>[28.02.2022] I forbindelse med de siste dagers hendelser i Ukraina sjekket vi opp informasjon om lokale tilfluktsrom i Vefsn. Det er DSB, Direktoratet for Samfunnssikkerhet og Beredskap, som har oversikt over disse, dvs kun de offentlige.<\/p>\n<p>Men det var skremmende \u00e5 sjekke opp denne feilprosjekterte tjenesten. Det var nesten umulig \u00e5 f\u00e5 opp websidene pga litt ekstra belastning \u2013 i fredstid. Vi har allerede meldt det inn til DSB.<\/p>\n<p>Men fra kartet vi etterhvert fikk opp, laget vi en enkel oversikt over offentlige tilfluktsrom i Vefsn. Det er bare ni stykker, de private finnes ingen oversikt over:<\/p>\n<ul>\n<li>Vefsn kommune, kommunehuset<\/li>\n<li>Olderskog skole<\/li>\n<li>Kulstad skole<\/li>\n<li>Mosj\u00f8en videreg\u00e5ende skole, sentrum<\/li>\n<li>Egedes gt 15, Kilv\u00e6rbygget<\/li>\n<li>C.M. Havigs gt 28<\/li>\n<li>H\u00e5reks gt 13<\/li>\n<li>Strandgata 36, Husfliden<\/li>\n<li>Strandgata 33, Sparebanken<\/li>\n<\/ul>\n<p>Mer info: <a href=\"https:\/\/www.sivilforsvaret.no\/dette-er-sivilforsvaret\/tilfluktsrom\/\">Tilfluktsrom<\/a><\/p>\n<p>\u2014\u2014\u2014\u2014\u2014\u2014\u2014\u2014\u2014\u2014\u2014\u2014\u2014\u2014\u2014\u2014\u2014\u2014\u2014<\/p>\n<h2>Folketall: 13 opp i Vefsn, 65 ned i Rana<\/h2>\n<p>[24.02.2022] Oppdaterte befolkningstall for siste kvartal er n\u00e5 klar fra SSB. Vi ser ogs\u00e5 at folketallet i Rana n\u00e5 er n\u00f8yktig lik som for 52 \u00e5r siden, i 1970. Her er dagens viktigste tall:<\/p>\n<ul>\n<li>Vefsn:\u00a0 \u00a0 \u00a0 \u00a0 13233\u00a0 \u00a0+13<\/li>\n<li>Br\u00f8nn\u00f8y:\u00a0 \u00a0 \u00a07777\u00a0 \u00a0+11<\/li>\n<li>Alstahaug:\u00a0 7333\u00a0 \u00a0 -19<\/li>\n<li>Rana:\u00a0 \u00a0 \u00a0 \u00a0 \u00a026092\u00a0 \u00a0 -65<\/li>\n<\/ul>\n<p>Disse tallene har tydeligvis ikke falt i smak i Rana, for <a href=\"https:\/\/ranano.no\/\">Rana No<\/a> har kommet med oppslaget \u201cEneste by med pluss i folketallet\u201d. Siste kvartal gikk folketallet i Rana ned med 65 personer, men i hele 2021 steg befolkningen i Rana med 9 personer. Hvis det fortsetter slik s\u00e5 vil de f\u00e5 til en \u00f8kning p\u00e5 8-9000 personer, slik de planlegger, i l\u00f8pet av omtrent 950 \u00e5r\u2026<\/p>\n<p>Som man skj\u00f8nner, det er lett \u00e5 avspore med statistikk.<\/p>\n<p>Kilde: <a href=\"https:\/\/www.ssb.no\/befolkning\/folketall\/statistikk\/befolkning\">Statistisk Sentralbyr\u00e5<\/a><\/p>\n<p>\u2014\u2014\u2014\u2014\u2014\u2014\u2014\u2014\u2014\u2014\u2014\u2014\u2014\u2014\u2014\u2014\u2014\u2014\u2014<\/p>\n<h2>Nyregistrerte virksomheter siste 10 \u00e5r<\/h2>\n<p>[08.02.2022] Vi har sjekket tall fra Br\u00f8nn\u00f8ysundregistrene de siste 10 \u00e5r ang\u00e5ende nyregistrerte virksomheter i bykommunene p\u00e5 Helgeland. Det viser en jevn utvikling, ingen byer utmerker seg spesielt.<\/p>\n<p><strong>Nyregistrerte virksomheter siste 10 \u00e5r (2012-2021):<br \/>\n<\/strong>Klikk p\u00e5 hver kommune for detaljert info<strong><br \/>\n<\/strong><\/p>\n<ul>\n<li><a href=\"https:\/\/w2.brreg.no\/kunngjoring\/kombisok.jsp?datoFra=01.01.2012&amp;datoTil=31.12.2021&amp;id_region=100&amp;id_fylke=18&amp;id_kommune=1824&amp;id_niva1=2&amp;id_bransje1=0\"><strong>Vefsn<\/strong><\/a>:\u00a0 \u00a0 \u00a0 \u00a0 \u00a0 712 | 54 pr 1000 innb<\/li>\n<li><strong><a href=\"https:\/\/w2.brreg.no\/kunngjoring\/kombisok.jsp?datoFra=01.01.2012&amp;datoTil=31.12.2021&amp;id_region=100&amp;id_fylke=18&amp;id_kommune=1833&amp;id_niva1=2&amp;id_bransje1=0\">Rana<\/a>:<\/strong>\u00a0 \u00a0 \u00a0 \u00a0 \u00a01415 | 54 pr 1000 innb<\/li>\n<li><a href=\"https:\/\/w2.brreg.no\/kunngjoring\/kombisok.jsp?datoFra=01.01.2012&amp;datoTil=31.12.2021&amp;id_region=100&amp;id_fylke=18&amp;id_kommune=1820&amp;id_niva1=2&amp;id_bransje1=0\"><strong>Alstahaug<\/strong><\/a>:\u00a0 431 | 58 pr 1000 innb<\/li>\n<li><strong><a href=\"https:\/\/w2.brreg.no\/kunngjoring\/kombisok.jsp?datoFra=01.01.2012&amp;datoTil=31.12.2021&amp;id_region=100&amp;id_fylke=18&amp;id_kommune=1813&amp;id_niva1=2&amp;id_bransje1=0\">Br\u00f8nn\u00f8y<\/a>:<\/strong>\u00a0 412 | 52 pr 1000 innb<\/li>\n<\/ul>\n<p>\u2014\u2014\u2014\u2014\u2014\u2014\u2014\u2014\u2014\u2014\u2014\u2014\u2014\u2014\u2014\u2014\u2014\u2014\u2014<\/p>\n<h2>Trygt i Nordland<\/h2>\n<p>[04.02.2022] Vi lever et ganske ganske greit liv her nord med lav kriminalitet. Norge er sv\u00e6rt langt ned p\u00e5 verdensstatistikken i antall drap pr innbygger, og i Norge er Nordland det tryggeste fylket. Vi har faktisk seks ganger f\u00e6rre drap pr innbygger i forhold til Oslo som har flest. Sammenlignet med et passe sivilisert land som USA, s\u00e5 er det over 40 ganger flere drap der i snitt pr innbygger enn i Nordland.<\/p>\n<ul>\n<li><a href=\"https:\/\/www.nrk.no\/drept-pa-apen-gate-i-oslo-1.15829411\">Drap i Norge\/Oslo<\/a><\/li>\n<li><a href=\"https:\/\/en.wikipedia.org\/wiki\/List_of_countries_by_intentional_homicide_rate\">Drapsstatistikk verden<\/a><\/li>\n<\/ul>\n<p>\u2014\u2014\u2014\u2014\u2014\u2014\u2014\u2014\u2014\u2014\u2014\u2014\u2014\u2014\u2014\u2014\u2014\u2014\u2014<\/p>\n<h2>All ny kraft sendes ut av regionen<\/h2>\n<p>[20.01.2022] Nok en gang er utbygging av Vefsna kommet p\u00e5 sakskartet, <a href=\"https:\/\/www.nrk.no\/vestland\/desse-ti-elvane-vil-hogre-slutte-a-verne-1.15816166\">denne gang via H\u00f8yre<\/a>. Men fakta er at vi har nok kraft her nord, Nordland har ca 40% kraftoverskudd. Utbyggingen av vindkrafta p\u00e5 \u00d8yfjellet kommer i tillegg.<\/p>\n<p>N\u00e5r det gjelder Vefsna, s\u00e5 er den allerede regulert ved at vannet fra Haustreisdalen (bak Reinfjellet) i mange \u00e5r har v\u00e6rt overf\u00f8rt i tunnel til R\u00f8ssvatnet. Dessuten er Vefsna n\u00e5 vernet.<\/p>\n<p>S\u00e5 all ny kraft som skal produseres m\u00e5 sendes ut av fylket. N\u00e5r vindkraftanlegget p\u00e5 \u00d8yfjellet sier de selger alt til Alcoa, s\u00e5 betyr det at mer av produksjonen i R\u00f8ss\u00e5ga m\u00e5 selges ut av regionen.<\/p>\n<p>Slike store kraftutbygginger skaper f\u00e5 faste lokale arbeidplasser. Disse kraftutbyggingene eies i hovedsak av Staten og utenlandske eiere, s\u00e5 det er minimalt av gjevinsten som blir lagt igjen i regionen. Men det er Helgeland som f\u00e5r redusert naturen.<\/p>\n<p>Helgelandkraft har lite med disse \u00e5 gj\u00f8re, de har i hovedsak ansvar for lokal spredning av kraft ut til folk og n\u00e6ringsliv. Og det selskapet er eid av kommunene p\u00e5 Helgeland, s\u00e5 her havner overskuddet lokalt.<\/p>\n<p>\u2014\u2014\u2014\u2014\u2014\u2014\u2014\u2014\u2014\u2014\u2014\u2014\u2014\u2014\u2014\u2014\u2014\u2014\u2014<\/p>\n<h2>Stort ras i Kulstadsj\u00f8en i 1940<\/h2>\n<p>[11.01.2022] I forbindelse med planer om bruk av Nesbruk-tomta, foreg\u00e5r det n\u00e5 grunnboring i omr\u00e5det, b\u00e5de p\u00e5 land og i sj\u00f8grunn. Spesialb\u00e5ten <a href=\"https:\/\/amron.no\/\">Amron<\/a> er for tiden leid inn til form\u00e5let.<\/p>\n<p>Ved utbyggingen av jernbanen nordover i 1940, gikk det et st\u00f8rre undersj\u00f8isk ras i Kulstadsj\u00f8en. Det nylagte jernbanesporet, kaia ved kooperativens dampskipsekspedisjon, samt en lastebil forsvant i fjorden. Det ble fulgt opp av en del mindre ras i omr\u00e5det i dagene etterp\u00e5.<\/p>\n<p>Jernbanelinja ble etterp\u00e5 bygd opp p\u00e5 fast grunn lenger inn, st\u00e5r det i rapporten.<\/p>\n<p><a href=\"https:\/\/www.ngu.no\/filearchive\/NGUPublikasjoner\/NGUnr_167_Holmsen_67_69.pdf\">Se rapporten her\u2026<\/a><\/p>\n<p>\u2014\u2014\u2014\u2014\u2014\u2014\u2014\u2014\u2014\u2014\u2014\u2014\u2014\u2014\u2014\u2014\u2014\u2014\u2014<\/p>\n<h2>TV3 \u00f8delegger for vinteridretten<\/h2>\n<p>[08.01.2022] <strong>Kommentar:<\/strong> Vi nordmenn er gjennom mange \u00e5r vant med at norske TV-kanaler har gitt et godt TV-tilbud for vinteridretten. Selv n\u00e5r TV2 kom inn som reklamekanal og overtok noen rettigheter, s\u00e5 ble tilbudet gjort tilgjengelig for allmenheten.<\/p>\n<p>Men TV3-konsernet ypper seg n\u00e5 og \u00f8delegger rett og slett for idretten. Langrenn og hopp v\u00e5ger de ikke gj\u00f8re noe med enn\u00e5, det sendes forel\u00f8pig \u00e5pent. Men alpint og snowboard er forsvunnet over p\u00e5 betalingskanalene Viaplay. De gj\u00f8r det s\u00e5 utspekulert at de kan sende f\u00f8rste omgang \u00e5pent, men hvis du skal se andre omgang, m\u00e5 du ha et ekstra abonnement til flere tusen kroner.<\/p>\n<p>Resultatet er at dette \u00f8delegger oppmerksomheten til idretten, det g\u00e5r utover b\u00e5de rekruttering og reklameinntekter, ogs\u00e5 lokalt. Dette burde idrettsforbundet ta alvorlig.<\/p>\n<p>TV3 er s\u00e5 kynisk at de ikke bryr seg om norske lover. Derfor ligger \u201credaksjonen\u201d i London og sender reklame p\u00e5 bl.a. 1. juledag og 1. nytt\u00e5rsdag, mens andre norske reklamekanaler m\u00e5 f\u00f8lge norsk lov og sender derfor alternativ informasjon p\u00e5 disse dagene. TV3 sender ogs\u00e5 reklame for spilleselskap, noe som ogs\u00e5 er forbudt i Norge.<\/p>\n<p>Vi er sterk tilhenger av et \u00e5pent og godt basistilbud p\u00e5 TV. Det er ikke alle som har r\u00e5d til \u00e5 kj\u00f8pe ekstra-abonnement.<\/p>\n<p>\u2014\u2014\u2014\u2014\u2014\u2014\u2014\u2014\u2014\u2014\u2014\u2014\u2014\u2014\u2014\u2014\u2014\u2014\u2014<\/p>\n<h2>Gjennombrudd for Bergen Carbon Solutions<\/h2>\n<p>[20.12.2021] Bergen Carbon Solutions som planlegger produksjon av karbonfiber p\u00e5 Nesbruk-tomta, har hatt et st\u00f8rre teknologisk gjennombrudd.<\/p>\n<p>Les mer her: <a href=\"https:\/\/e24.no\/det-groenne-skiftet\/i\/wO0noo\/bergen-carbon-solutions-melder-om-teknologisk-gjennombrot\">E24<\/a> , <a href=\"https:\/\/finansavisen.no\/nyheter\/energi\/2021\/12\/20\/7792148\/vellykket-oppstart-for-bcs-klar-for-kraftig-produksjonsvekst?internal_source=sistenytt\">Finansavisen<\/a><\/p>\n<p>\u2014\u2014\u2014\u2014\u2014\u2014\u2014\u2014\u2014\u2014\u2014\u2014\u2014\u2014\u2014\u2014\u2014\u2014\u2014<\/p>\n<h2>Kjent bilopphugger etablerer seg<\/h2>\n<p>[14.12.2021] En ny bedrift for bilopph\u00f8gging og resirkulering er under etablering i Mosj\u00f8en. Det er den kjente artisten Bjarne Br\u00f8ndbo fra DDE som etablerer Bil1Din Helgeland AS med samme adresse som SHMIL.<\/p>\n<p>Et annet navn som hadde passet for gamle vrak er DDV (Det Det Var)\u2026<\/p>\n<p><a href=\"https:\/\/w2.brreg.no\/kunngjoring\/hent_en.jsp?kid=20210000760451&amp;sokeverdi=928331156&amp;spraak=nb\">Mer info\u2026<\/a><\/p>\n<p>\u2014\u2014\u2014\u2014\u2014\u2014\u2014\u2014\u2014\u2014\u2014\u2014\u2014\u2014\u2014\u2014\u2014\u2014\u2014<\/p>\n<h2>Sport p\u00e5 TV smuldres opp<\/h2>\n<p>[11.12.2021] Vi har pr\u00f8vd \u00e5 holde en viss oversikt over de mest popul\u00e6re idrettene og legge ut sendetidspunkter. Men dette er blitt sv\u00e6rt utfordrende etter at det har blitt spredt p\u00e5 mange flere kanaler. Vi legger kun ut arrangement som g\u00e5r p\u00e5 \u00e5pne kanaler tilgjengelig for folk flest med basis-abonnement.<\/p>\n<p>Et eksempel p\u00e5 utviklingen er dagens World Cup storslal\u00e5m der 1. omgang ble sendt \u00e5pent p\u00e5 TV3, mens 2. omgang ble sendt p\u00e5 en betalingskanal, et ekstra-abonnement som koster over 3000 kroner \u00e5ret. Det er ikke verdt det, og det er ikke alle som har r\u00e5d til det. Resultatet er at seertallene og engasjementet for idretten g\u00e5r ned, dette b\u00f8r idrettsforbundet ta p\u00e5 alvor.<\/p>\n<p>\u2014\u2014\u2014\u2014\u2014\u2014\u2014\u2014\u2014\u2014\u2014\u2014\u2014\u2014\u2014\u2014\u2014\u2014\u2014<\/p>\n<h2>Tips: Sjekk sv\u00e6rt lokale temperaturer<\/h2>\n<p>[07.12.2021] Vi har en rekke interessante tjenester linket opp p\u00e5 v\u00e5re undersider, her er et eksempel: Ved \u00e5 velge <a href=\"https:\/\/mosjoen.com\/vaeret\/\"><strong>V\u00e6ret<\/strong><\/a> i hovedmenyen p\u00e5 denne siden, og s\u00e5 velge <a href=\"https:\/\/weathermap.netatmo.com\/?zoom=11&amp;type=temp&amp;param=Filter&amp;maplayer=Map&amp;lat=65.87&amp;lng=13.2&amp;lang=undefined\"><strong>Lokale v\u00e6rstasjoner<\/strong><\/a> i undermenyen p\u00e5 v\u00e6rsiden, s\u00e5 f\u00e5r man opp helt oppdaterte m\u00e5linger fra en rekke private v\u00e6rstasjoner i distriktet.<\/p>\n<p>Om man \u00f8nsker litt ekstra info, s\u00e5 er det bare \u00e5 klikke p\u00e5 temperaturpunktet. F.eks ser vi i dag at en v\u00e6rstasjon ved Trofors har registrert -20.1 grader som kaldest i l\u00f8pet av siste d\u00f8gn.<\/p>\n<p>Men v\u00e6r oppmerksom p\u00e5 at denne tjenesten kan virke litt treg p\u00e5 skjermen, dette er ikke noe vi kan gj\u00f8re noe med.<\/p>\n<p>\u2014\u2014\u2014\u2014\u2014\u2014\u2014\u2014\u2014\u2014\u2014\u2014\u2014\u2014\u2014\u2014\u2014\u2014\u2014<\/p>\n<h2>Nedgang i befolkningen<\/h2>\n<p>[18.11.2021] I siste kvartal var det en nedgang i folketallet i alle bykommunene p\u00e5 Helgeland. Her er tallene:<\/p>\n<ul>\n<li>Vefsn:\u00a0 \u00a0 \u00a0 \u00a0 \u00a0 -38<\/li>\n<li>Rana:\u00a0 \u00a0 \u00a0 \u00a0 \u00a0 \u00a0 \u00a0-8<\/li>\n<li>Alstahaug:\u00a0 -25<\/li>\n<li>Br\u00f8nn\u00f8y:\u00a0 \u00a0 \u00a0-31<\/li>\n<\/ul>\n<p>Sammenlignet med over 50 \u00e5r gamle tall fra 1970, s\u00e5 har det ikke v\u00e6rt s\u00e6rlige endringer i befolkningen p\u00e5 Helgeland siden da:<\/p>\n<ul>\n<li>Vefsn:\u00a0 \u00a0 \u00a0 \u00a0 \u00a0-1%<\/li>\n<li>Rana:\u00a0 \u00a0 \u00a0 \u00a0 \u00a0 \u00a00%<\/li>\n<\/ul>\n<p>Bod\u00f8 derimot, fortsetter \u00e5 \u00f8ke befolkningen med 186 peroner siste kvartal.<br \/>\nI siste 50 \u00e5rs periode har de hatt en \u00f8kning p\u00e5 70%.<\/p>\n<p>Kilde: <a href=\"https:\/\/www.ssb.no\/befolkning\/folketall\/statistikk\/befolkning\">Statistisk Sentralbyr\u00e5<\/a><\/p>\n<p>\u2014\u2014\u2014\u2014\u2014\u2014\u2014\u2014\u2014\u2014\u2014\u2014\u2014\u2014\u2014\u2014\u2014\u2014\u2014<\/p>\n<h2><a href=\"https:\/\/mosjoen.com\/nyheter-backup\/\" target=\"_blank\" rel=\"noopener\">Se eldre nyheter\u2026<\/a><\/h2>\n<p>&nbsp;<\/p>\n<\/aside>\n<\/div>\n<p>Views: 147<\/p>","protected":false},"excerpt":{"rendered":"<p>LOKALE FAGMILJ\u00d8 FORSVINNER (Republisert 04.09.2024) (Fra mosj\u00f8en.com) (Alle innleggene her er skrevet av \u00d8yvinn Hjorthen, Info Helgeland). Det g\u00e5r fint \u00e5 drive med h\u00f8yteknologi her i Mosj\u00f8en, men likevel flyttes &#8230; <\/p>\n<p class=\"read-more-container\"><a title=\"Interessante kommentarer fra midt i Norge\" class=\"read-more button\" href=\"https:\/\/lokalmagasinet.no\/?p=22533#more-22533\">Les mer<span class=\"screen-reader-text\">Interessante kommentarer fra midt i Norge<\/span><\/a><\/p>\n","protected":false},"author":6,"featured_media":0,"comment_status":"closed","ping_status":"closed","sticky":false,"template":"","format":"standard","meta":{"footnotes":""},"categories":[1],"tags":[],"class_list":["post-22533","post","type-post","status-publish","format-standard","hentry","category-aktuelt"],"yoast_head":"<!-- This site is optimized with the Yoast SEO plugin v27.4 - https:\/\/yoast.com\/product\/yoast-seo-wordpress\/ -->\n<title>Interessante kommentarer fra midt i Norge | Lokalmagasinet.no<\/title>\n<meta name=\"robots\" content=\"index, follow, max-snippet:-1, max-image-preview:large, max-video-preview:-1\" \/>\n<link rel=\"canonical\" href=\"https:\/\/lokalmagasinet.no\/?p=22533\" \/>\n<meta property=\"og:locale\" content=\"nn_NO\" \/>\n<meta property=\"og:type\" content=\"article\" \/>\n<meta property=\"og:title\" content=\"Interessante kommentarer fra midt i Norge | Lokalmagasinet.no\" \/>\n<meta property=\"og:description\" content=\"LOKALE FAGMILJ\u00d8 FORSVINNER (Republisert 04.09.2024) (Fra mosj\u00f8en.com) (Alle innleggene her er skrevet av \u00d8yvinn Hjorthen, Info Helgeland). Det g\u00e5r fint \u00e5 drive med h\u00f8yteknologi her i Mosj\u00f8en, men likevel flyttes ... Les merInteressante kommentarer fra midt i Norge\" \/>\n<meta property=\"og:url\" content=\"https:\/\/lokalmagasinet.no\/?p=22533\" \/>\n<meta property=\"og:site_name\" content=\"Lokalmagasinet.no\" \/>\n<meta property=\"article:publisher\" content=\"https:\/\/www.facebook.com\/sveinharald.strand.1\" \/>\n<meta property=\"article:author\" content=\"https:\/\/www.facebook.com\/sveinharald.strand.1\" \/>\n<meta property=\"article:published_time\" content=\"2024-09-03T22:46:56+00:00\" \/>\n<meta property=\"article:modified_time\" content=\"2024-09-04T14:58:32+00:00\" \/>\n<meta property=\"og:image\" content=\"https:\/\/mosjoen.com\/wp-content\/uploads\/2023\/06\/IMG_20230620_141550-scaled.jpg\" \/>\n<meta name=\"author\" content=\"Svein-Harald Strand\" \/>\n<meta name=\"twitter:card\" content=\"summary_large_image\" \/>\n<meta name=\"twitter:creator\" content=\"@LMExtra\" \/>\n<meta name=\"twitter:site\" content=\"@LMExtra\" \/>\n<meta name=\"twitter:label1\" content=\"Written by\" \/>\n\t<meta name=\"twitter:data1\" content=\"Svein-Harald Strand\" \/>\n\t<meta name=\"twitter:label2\" content=\"Est. reading time\" \/>\n\t<meta name=\"twitter:data2\" content=\"70 minutt\" \/>\n<script type=\"application\/ld+json\" class=\"yoast-schema-graph\">{\"@context\":\"https:\\\/\\\/schema.org\",\"@graph\":[{\"@type\":\"Article\",\"@id\":\"https:\\\/\\\/lokalmagasinet.no\\\/?p=22533#article\",\"isPartOf\":{\"@id\":\"https:\\\/\\\/lokalmagasinet.no\\\/?p=22533\"},\"author\":{\"name\":\"Svein-Harald Strand\",\"@id\":\"https:\\\/\\\/lokalmagasinet.no\\\/#\\\/schema\\\/person\\\/2e8d221708d3aaf6f577275b5bba4310\"},\"headline\":\"Interessante kommentarer fra midt i Norge\",\"datePublished\":\"2024-09-03T22:46:56+00:00\",\"dateModified\":\"2024-09-04T14:58:32+00:00\",\"mainEntityOfPage\":{\"@id\":\"https:\\\/\\\/lokalmagasinet.no\\\/?p=22533\"},\"wordCount\":14024,\"publisher\":{\"@id\":\"https:\\\/\\\/lokalmagasinet.no\\\/#organization\"},\"image\":{\"@id\":\"https:\\\/\\\/lokalmagasinet.no\\\/?p=22533#primaryimage\"},\"thumbnailUrl\":\"https:\\\/\\\/mosjoen.com\\\/wp-content\\\/uploads\\\/2023\\\/06\\\/IMG_20230620_141550-scaled.jpg\",\"articleSection\":[\"Aktuelt\"],\"inLanguage\":\"nn-NO\"},{\"@type\":\"WebPage\",\"@id\":\"https:\\\/\\\/lokalmagasinet.no\\\/?p=22533\",\"url\":\"https:\\\/\\\/lokalmagasinet.no\\\/?p=22533\",\"name\":\"Interessante kommentarer fra midt i Norge | Lokalmagasinet.no\",\"isPartOf\":{\"@id\":\"https:\\\/\\\/lokalmagasinet.no\\\/#website\"},\"primaryImageOfPage\":{\"@id\":\"https:\\\/\\\/lokalmagasinet.no\\\/?p=22533#primaryimage\"},\"image\":{\"@id\":\"https:\\\/\\\/lokalmagasinet.no\\\/?p=22533#primaryimage\"},\"thumbnailUrl\":\"https:\\\/\\\/mosjoen.com\\\/wp-content\\\/uploads\\\/2023\\\/06\\\/IMG_20230620_141550-scaled.jpg\",\"datePublished\":\"2024-09-03T22:46:56+00:00\",\"dateModified\":\"2024-09-04T14:58:32+00:00\",\"breadcrumb\":{\"@id\":\"https:\\\/\\\/lokalmagasinet.no\\\/?p=22533#breadcrumb\"},\"inLanguage\":\"nn-NO\",\"potentialAction\":[{\"@type\":\"ReadAction\",\"target\":[\"https:\\\/\\\/lokalmagasinet.no\\\/?p=22533\"]}]},{\"@type\":\"ImageObject\",\"inLanguage\":\"nn-NO\",\"@id\":\"https:\\\/\\\/lokalmagasinet.no\\\/?p=22533#primaryimage\",\"url\":\"https:\\\/\\\/mosjoen.com\\\/wp-content\\\/uploads\\\/2023\\\/06\\\/IMG_20230620_141550-scaled.jpg\",\"contentUrl\":\"https:\\\/\\\/mosjoen.com\\\/wp-content\\\/uploads\\\/2023\\\/06\\\/IMG_20230620_141550-scaled.jpg\"},{\"@type\":\"BreadcrumbList\",\"@id\":\"https:\\\/\\\/lokalmagasinet.no\\\/?p=22533#breadcrumb\",\"itemListElement\":[{\"@type\":\"ListItem\",\"position\":1,\"name\":\"Hjem\",\"item\":\"https:\\\/\\\/lokalmagasinet.no\\\/\"},{\"@type\":\"ListItem\",\"position\":2,\"name\":\"Interessante kommentarer fra midt i Norge\"}]},{\"@type\":\"WebSite\",\"@id\":\"https:\\\/\\\/lokalmagasinet.no\\\/#website\",\"url\":\"https:\\\/\\\/lokalmagasinet.no\\\/\",\"name\":\"Lokalmagasinet.no\",\"description\":\"Fra fortid og n\u00e5tid. Med st\u00e5sted i det n\u00e6re. Siden 2002.\",\"publisher\":{\"@id\":\"https:\\\/\\\/lokalmagasinet.no\\\/#organization\"},\"potentialAction\":[{\"@type\":\"SearchAction\",\"target\":{\"@type\":\"EntryPoint\",\"urlTemplate\":\"https:\\\/\\\/lokalmagasinet.no\\\/?s={search_term_string}\"},\"query-input\":{\"@type\":\"PropertyValueSpecification\",\"valueRequired\":true,\"valueName\":\"search_term_string\"}}],\"inLanguage\":\"nn-NO\"},{\"@type\":\"Organization\",\"@id\":\"https:\\\/\\\/lokalmagasinet.no\\\/#organization\",\"name\":\"Lokalmagasinet.no\",\"url\":\"https:\\\/\\\/lokalmagasinet.no\\\/\",\"logo\":{\"@type\":\"ImageObject\",\"inLanguage\":\"nn-NO\",\"@id\":\"https:\\\/\\\/lokalmagasinet.no\\\/#\\\/schema\\\/logo\\\/image\\\/\",\"url\":\"https:\\\/\\\/lokalmagasinet.no\\\/wp-content\\\/uploads\\\/2021\\\/03\\\/cropped-cropped-cropped-cropped-cropped-cropped-lmlogo-e1640691300821.jpg\",\"contentUrl\":\"https:\\\/\\\/lokalmagasinet.no\\\/wp-content\\\/uploads\\\/2021\\\/03\\\/cropped-cropped-cropped-cropped-cropped-cropped-lmlogo-e1640691300821.jpg\",\"width\":72,\"height\":118,\"caption\":\"Lokalmagasinet.no\"},\"image\":{\"@id\":\"https:\\\/\\\/lokalmagasinet.no\\\/#\\\/schema\\\/logo\\\/image\\\/\"},\"sameAs\":[\"https:\\\/\\\/www.facebook.com\\\/sveinharald.strand.1\",\"https:\\\/\\\/x.com\\\/LMExtra\"]},{\"@type\":\"Person\",\"@id\":\"https:\\\/\\\/lokalmagasinet.no\\\/#\\\/schema\\\/person\\\/2e8d221708d3aaf6f577275b5bba4310\",\"name\":\"Svein-Harald Strand\",\"image\":{\"@type\":\"ImageObject\",\"inLanguage\":\"nn-NO\",\"@id\":\"https:\\\/\\\/secure.gravatar.com\\\/avatar\\\/c487434bdf6cd7c12e4a88877ae4b12c38d22b7ad64292b49d33ed7503bb7ce1?s=96&d=mm&r=g\",\"url\":\"https:\\\/\\\/secure.gravatar.com\\\/avatar\\\/c487434bdf6cd7c12e4a88877ae4b12c38d22b7ad64292b49d33ed7503bb7ce1?s=96&d=mm&r=g\",\"contentUrl\":\"https:\\\/\\\/secure.gravatar.com\\\/avatar\\\/c487434bdf6cd7c12e4a88877ae4b12c38d22b7ad64292b49d33ed7503bb7ce1?s=96&d=mm&r=g\",\"caption\":\"Svein-Harald Strand\"},\"description\":\"(F. 26.12.1945) Redakt\u00f8r, journalist og informasjonsarbeider siden 1968. ||| I 1963: Redaksjonell praktikant i 8 m\u00e5neder p\u00e5 full tid i Helgeland Arbeiderblad i hjembyen Mosj\u00f8en. ||| Arbeidende pensjonist med hjemmekontor fra 2008 (AFP) og videre som folkepensjonist til n\u00e5.\",\"sameAs\":[\"https:\\\/\\\/lokalmagasinet.no\\\/\",\"https:\\\/\\\/www.facebook.com\\\/sveinharald.strand.1\",\"https:\\\/\\\/x.com\\\/LMExtra\"],\"url\":\"https:\\\/\\\/lokalmagasinet.no\\\/?author=6\"}]}<\/script>\n<!-- \/ Yoast SEO plugin. -->","yoast_head_json":{"title":"Interessante kommentarer fra midt i Norge | Lokalmagasinet.no","robots":{"index":"index","follow":"follow","max-snippet":"max-snippet:-1","max-image-preview":"max-image-preview:large","max-video-preview":"max-video-preview:-1"},"canonical":"https:\/\/lokalmagasinet.no\/?p=22533","og_locale":"nn_NO","og_type":"article","og_title":"Interessante kommentarer fra midt i Norge | Lokalmagasinet.no","og_description":"LOKALE FAGMILJ\u00d8 FORSVINNER (Republisert 04.09.2024) (Fra mosj\u00f8en.com) (Alle innleggene her er skrevet av \u00d8yvinn Hjorthen, Info Helgeland). Det g\u00e5r fint \u00e5 drive med h\u00f8yteknologi her i Mosj\u00f8en, men likevel flyttes ... Les merInteressante kommentarer fra midt i Norge","og_url":"https:\/\/lokalmagasinet.no\/?p=22533","og_site_name":"Lokalmagasinet.no","article_publisher":"https:\/\/www.facebook.com\/sveinharald.strand.1","article_author":"https:\/\/www.facebook.com\/sveinharald.strand.1","article_published_time":"2024-09-03T22:46:56+00:00","article_modified_time":"2024-09-04T14:58:32+00:00","og_image":[{"url":"https:\/\/mosjoen.com\/wp-content\/uploads\/2023\/06\/IMG_20230620_141550-scaled.jpg","type":"","width":"","height":""}],"author":"Svein-Harald Strand","twitter_card":"summary_large_image","twitter_creator":"@LMExtra","twitter_site":"@LMExtra","twitter_misc":{"Written by":"Svein-Harald Strand","Est. reading time":"70 minutt"},"schema":{"@context":"https:\/\/schema.org","@graph":[{"@type":"Article","@id":"https:\/\/lokalmagasinet.no\/?p=22533#article","isPartOf":{"@id":"https:\/\/lokalmagasinet.no\/?p=22533"},"author":{"name":"Svein-Harald Strand","@id":"https:\/\/lokalmagasinet.no\/#\/schema\/person\/2e8d221708d3aaf6f577275b5bba4310"},"headline":"Interessante kommentarer fra midt i Norge","datePublished":"2024-09-03T22:46:56+00:00","dateModified":"2024-09-04T14:58:32+00:00","mainEntityOfPage":{"@id":"https:\/\/lokalmagasinet.no\/?p=22533"},"wordCount":14024,"publisher":{"@id":"https:\/\/lokalmagasinet.no\/#organization"},"image":{"@id":"https:\/\/lokalmagasinet.no\/?p=22533#primaryimage"},"thumbnailUrl":"https:\/\/mosjoen.com\/wp-content\/uploads\/2023\/06\/IMG_20230620_141550-scaled.jpg","articleSection":["Aktuelt"],"inLanguage":"nn-NO"},{"@type":"WebPage","@id":"https:\/\/lokalmagasinet.no\/?p=22533","url":"https:\/\/lokalmagasinet.no\/?p=22533","name":"Interessante kommentarer fra midt i Norge | Lokalmagasinet.no","isPartOf":{"@id":"https:\/\/lokalmagasinet.no\/#website"},"primaryImageOfPage":{"@id":"https:\/\/lokalmagasinet.no\/?p=22533#primaryimage"},"image":{"@id":"https:\/\/lokalmagasinet.no\/?p=22533#primaryimage"},"thumbnailUrl":"https:\/\/mosjoen.com\/wp-content\/uploads\/2023\/06\/IMG_20230620_141550-scaled.jpg","datePublished":"2024-09-03T22:46:56+00:00","dateModified":"2024-09-04T14:58:32+00:00","breadcrumb":{"@id":"https:\/\/lokalmagasinet.no\/?p=22533#breadcrumb"},"inLanguage":"nn-NO","potentialAction":[{"@type":"ReadAction","target":["https:\/\/lokalmagasinet.no\/?p=22533"]}]},{"@type":"ImageObject","inLanguage":"nn-NO","@id":"https:\/\/lokalmagasinet.no\/?p=22533#primaryimage","url":"https:\/\/mosjoen.com\/wp-content\/uploads\/2023\/06\/IMG_20230620_141550-scaled.jpg","contentUrl":"https:\/\/mosjoen.com\/wp-content\/uploads\/2023\/06\/IMG_20230620_141550-scaled.jpg"},{"@type":"BreadcrumbList","@id":"https:\/\/lokalmagasinet.no\/?p=22533#breadcrumb","itemListElement":[{"@type":"ListItem","position":1,"name":"Hjem","item":"https:\/\/lokalmagasinet.no\/"},{"@type":"ListItem","position":2,"name":"Interessante kommentarer fra midt i Norge"}]},{"@type":"WebSite","@id":"https:\/\/lokalmagasinet.no\/#website","url":"https:\/\/lokalmagasinet.no\/","name":"Lokalmagasinet.no","description":"Fra fortid og n\u00e5tid. Med st\u00e5sted i det n\u00e6re. Siden 2002.","publisher":{"@id":"https:\/\/lokalmagasinet.no\/#organization"},"potentialAction":[{"@type":"SearchAction","target":{"@type":"EntryPoint","urlTemplate":"https:\/\/lokalmagasinet.no\/?s={search_term_string}"},"query-input":{"@type":"PropertyValueSpecification","valueRequired":true,"valueName":"search_term_string"}}],"inLanguage":"nn-NO"},{"@type":"Organization","@id":"https:\/\/lokalmagasinet.no\/#organization","name":"Lokalmagasinet.no","url":"https:\/\/lokalmagasinet.no\/","logo":{"@type":"ImageObject","inLanguage":"nn-NO","@id":"https:\/\/lokalmagasinet.no\/#\/schema\/logo\/image\/","url":"https:\/\/lokalmagasinet.no\/wp-content\/uploads\/2021\/03\/cropped-cropped-cropped-cropped-cropped-cropped-lmlogo-e1640691300821.jpg","contentUrl":"https:\/\/lokalmagasinet.no\/wp-content\/uploads\/2021\/03\/cropped-cropped-cropped-cropped-cropped-cropped-lmlogo-e1640691300821.jpg","width":72,"height":118,"caption":"Lokalmagasinet.no"},"image":{"@id":"https:\/\/lokalmagasinet.no\/#\/schema\/logo\/image\/"},"sameAs":["https:\/\/www.facebook.com\/sveinharald.strand.1","https:\/\/x.com\/LMExtra"]},{"@type":"Person","@id":"https:\/\/lokalmagasinet.no\/#\/schema\/person\/2e8d221708d3aaf6f577275b5bba4310","name":"Svein-Harald Strand","image":{"@type":"ImageObject","inLanguage":"nn-NO","@id":"https:\/\/secure.gravatar.com\/avatar\/c487434bdf6cd7c12e4a88877ae4b12c38d22b7ad64292b49d33ed7503bb7ce1?s=96&d=mm&r=g","url":"https:\/\/secure.gravatar.com\/avatar\/c487434bdf6cd7c12e4a88877ae4b12c38d22b7ad64292b49d33ed7503bb7ce1?s=96&d=mm&r=g","contentUrl":"https:\/\/secure.gravatar.com\/avatar\/c487434bdf6cd7c12e4a88877ae4b12c38d22b7ad64292b49d33ed7503bb7ce1?s=96&d=mm&r=g","caption":"Svein-Harald Strand"},"description":"(F. 26.12.1945) Redakt\u00f8r, journalist og informasjonsarbeider siden 1968. ||| I 1963: Redaksjonell praktikant i 8 m\u00e5neder p\u00e5 full tid i Helgeland Arbeiderblad i hjembyen Mosj\u00f8en. ||| Arbeidende pensjonist med hjemmekontor fra 2008 (AFP) og videre som folkepensjonist til n\u00e5.","sameAs":["https:\/\/lokalmagasinet.no\/","https:\/\/www.facebook.com\/sveinharald.strand.1","https:\/\/x.com\/LMExtra"],"url":"https:\/\/lokalmagasinet.no\/?author=6"}]}},"_links":{"self":[{"href":"https:\/\/lokalmagasinet.no\/index.php?rest_route=\/wp\/v2\/posts\/22533","targetHints":{"allow":["GET"]}}],"collection":[{"href":"https:\/\/lokalmagasinet.no\/index.php?rest_route=\/wp\/v2\/posts"}],"about":[{"href":"https:\/\/lokalmagasinet.no\/index.php?rest_route=\/wp\/v2\/types\/post"}],"author":[{"embeddable":true,"href":"https:\/\/lokalmagasinet.no\/index.php?rest_route=\/wp\/v2\/users\/6"}],"replies":[{"embeddable":true,"href":"https:\/\/lokalmagasinet.no\/index.php?rest_route=%2Fwp%2Fv2%2Fcomments&post=22533"}],"version-history":[{"count":10,"href":"https:\/\/lokalmagasinet.no\/index.php?rest_route=\/wp\/v2\/posts\/22533\/revisions"}],"predecessor-version":[{"id":24923,"href":"https:\/\/lokalmagasinet.no\/index.php?rest_route=\/wp\/v2\/posts\/22533\/revisions\/24923"}],"wp:attachment":[{"href":"https:\/\/lokalmagasinet.no\/index.php?rest_route=%2Fwp%2Fv2%2Fmedia&parent=22533"}],"wp:term":[{"taxonomy":"category","embeddable":true,"href":"https:\/\/lokalmagasinet.no\/index.php?rest_route=%2Fwp%2Fv2%2Fcategories&post=22533"},{"taxonomy":"post_tag","embeddable":true,"href":"https:\/\/lokalmagasinet.no\/index.php?rest_route=%2Fwp%2Fv2%2Ftags&post=22533"}],"curies":[{"name":"wp","href":"https:\/\/api.w.org\/{rel}","templated":true}]}}