{"id":22535,"date":"2024-03-14T10:11:59","date_gmt":"2024-03-14T09:11:59","guid":{"rendered":"https:\/\/lokalmagasinet.no\/?p=22535"},"modified":"2024-03-14T10:11:59","modified_gmt":"2024-03-14T09:11:59","slug":"lokale-fagmiljo-forsvinner","status":"publish","type":"post","link":"https:\/\/lokalmagasinet.no\/?p=22535","title":{"rendered":"Lokale fagmilj\u00f8 forsvinner"},"content":{"rendered":"<figure id=\"attachment_931\" aria-describedby=\"caption-attachment-931\" style=\"width: 350px\" class=\"wp-caption aligncenter\"><img loading=\"lazy\" decoding=\"async\" class=\"size-full wp-image-931\" src=\"https:\/\/lokalmagasinet.no\/wp-content\/uploads\/2021\/02\/pcarbeid_350.jpg\" alt=\"\" width=\"350\" height=\"263\" srcset=\"https:\/\/lokalmagasinet.no\/wp-content\/uploads\/2021\/02\/pcarbeid_350.jpg 350w, https:\/\/lokalmagasinet.no\/wp-content\/uploads\/2021\/02\/pcarbeid_350-300x225.jpg 300w\" sizes=\"auto, (max-width: 350px) 100vw, 350px\" \/><figcaption id=\"caption-attachment-931\" class=\"wp-caption-text\">Illustrasjon: LM Arkivfoto \/ Svein-H. Strand)<\/figcaption><\/figure>\n<p>(Publisert 14.03.24) (Av \u00d8yvinn Hjorthen\/mosj\u00f8en.com) <strong>Det g\u00e5r fint an \u00e5 drive med h\u00f8yteknologi her i Mosj\u00f8en. Likevel flyttes flere tekniske tjenester i mange bransjer over til mer sentrale str\u00f8k.<\/strong><\/p>\n<p>Internett-revolusjonen som startet for 20-30 \u00e5r siden har snudd opp ned p\u00e5 det meste. Alt burde ligge til rette for \u00e5 bygge opp lokale h\u00f8yteknologiske milj\u00f8, men det er det omvendte som skjer. Og ingen lokalt bryr seg.<\/p>\n<p>Vi driver b\u00e5de utvikling og drift herfra. Og vi holder oss rimelig oppdatert faglig fordi verden er blitt s\u00e5 mye mindre via nett, desssuten er vi like nysgjerrige som f\u00f8r. Men fagfeltet har blitt s\u00e5 omfattende at man har m\u00e5ttet spesialisere seg for flere \u00e5r siden for \u00e5 holde f\u00f8lge.<\/p>\n<p><strong>Et eksempel p\u00e5 internasjonaliseringen er v\u00e5r egen Linux-baserte webserver med alle portaler og kunder. Den st\u00e5r i Tyskland, men vi har satt den opp og drifter den herfra.<\/strong><\/p>\n<p>Da v\u00e5r gamle server totalkollapset for et par \u00e5r siden mens jeg var ei helg p\u00e5 Vega, trengtes det tyngre kunnskap. S\u00e5 jeg surfet rundt etter ekspertise i USA, og fant et konsulentselskap som kunne g\u00e5 dypt ned i Linux-servere.<\/p>\n<p>Vi betalte for noen konsulenttimer og fikk fikset serveren til neste dag uten \u00e5 reinstallere noe. Alt ble ordnet via vanlig mobilnett fra Vega.<\/p>\n<p>N\u00e5 har vi en nyere server, ogs\u00e5 i Tyskland, den har g\u00e5tt uten en eneste stopp i over et \u00e5r.<\/p>\n<p>V\u00e5re portaler har i mange \u00e5r kj\u00f8rt med et malsystem fra et lite firma i Britsh Columbia, og vi har flere ganger f\u00e5tt hjelp til forbedringer fra dem.<\/p>\n<p><strong>Ogs\u00e5 andre standardmoduler vi bruker kommer fra sm\u00e5 leverand\u00f8rer verden over. Men de unike nyhetsmodulene har vi utviklet selv.<\/strong><\/p>\n<p>Nylig kj\u00f8pte vi flere komplette mikrodatamaskiner fra Kina p\u00e5 st\u00f8rrelse med et kredittkort for rundt 50 kr pr stk. De kan programmeres og brukes til bl.a. datainnsamling, styring og overv\u00e5king,<\/p>\n<p>Og trenger vi avanserte l\u00f8sninger, s\u00e5 finner vi fort hjelp i tunge utviklingsmilj\u00f8 p\u00e5 nett.<\/p>\n<p>S\u00e5 til yngre talenter i dag: Ikke brenn inne foran spillskjermen, kom dere ut og ta utdanning! Vi hadde ikke slikt tilgjengelig da vi studerte, vi m\u00e5tte utvikle spillprogrammer selv &#8211; og l\u00e6rte en masse av det.<\/p>\n<p><strong>Selvstudium er greit n\u00e5r man m\u00e5, men verdien av et godt faglig skolemilj\u00f8 der man har full fokus kan ikke undervurderes. <\/strong><\/p>\n<p>Og f\u00e5 gjerne med litt praksis; altfor mange tekniske produkter er utviklet av noen som ikke skj\u00f8nner milj\u00f8et det skal brukes i.<\/p>\n<p>Views: 61<\/p>","protected":false},"excerpt":{"rendered":"<p>(Publisert 14.03.24) (Av \u00d8yvinn Hjorthen\/mosj\u00f8en.com) Det g\u00e5r fint an \u00e5 drive med h\u00f8yteknologi her i Mosj\u00f8en. Likevel flyttes flere tekniske tjenester i mange bransjer over til mer sentrale str\u00f8k. Internett-revolusjonen &#8230; <\/p>\n<p class=\"read-more-container\"><a title=\"Lokale fagmilj\u00f8 forsvinner\" class=\"read-more button\" href=\"https:\/\/lokalmagasinet.no\/?p=22535#more-22535\">Les mer<span class=\"screen-reader-text\">Lokale fagmilj\u00f8 forsvinner<\/span><\/a><\/p>\n","protected":false},"author":6,"featured_media":0,"comment_status":"closed","ping_status":"closed","sticky":false,"template":"","format":"standard","meta":{"footnotes":""},"categories":[1],"tags":[],"class_list":["post-22535","post","type-post","status-publish","format-standard","hentry","category-aktuelt"],"yoast_head":"<!-- This site is optimized with the Yoast SEO plugin v27.4 - https:\/\/yoast.com\/product\/yoast-seo-wordpress\/ -->\n<title>Lokale fagmilj\u00f8 forsvinner | Lokalmagasinet.no<\/title>\n<meta name=\"robots\" content=\"index, follow, max-snippet:-1, max-image-preview:large, max-video-preview:-1\" \/>\n<link rel=\"canonical\" href=\"https:\/\/lokalmagasinet.no\/?p=22535\" \/>\n<meta property=\"og:locale\" content=\"nn_NO\" \/>\n<meta property=\"og:type\" content=\"article\" \/>\n<meta property=\"og:title\" content=\"Lokale fagmilj\u00f8 forsvinner | Lokalmagasinet.no\" \/>\n<meta property=\"og:description\" content=\"(Publisert 14.03.24) (Av \u00d8yvinn Hjorthen\/mosj\u00f8en.com) Det g\u00e5r fint an \u00e5 drive med h\u00f8yteknologi her i Mosj\u00f8en. Likevel flyttes flere tekniske tjenester i mange bransjer over til mer sentrale str\u00f8k. Internett-revolusjonen ... Les merLokale fagmilj\u00f8 forsvinner\" \/>\n<meta property=\"og:url\" content=\"https:\/\/lokalmagasinet.no\/?p=22535\" \/>\n<meta property=\"og:site_name\" content=\"Lokalmagasinet.no\" \/>\n<meta property=\"article:publisher\" content=\"https:\/\/www.facebook.com\/sveinharald.strand.1\" \/>\n<meta property=\"article:author\" content=\"https:\/\/www.facebook.com\/sveinharald.strand.1\" \/>\n<meta property=\"article:published_time\" content=\"2024-03-14T09:11:59+00:00\" \/>\n<meta property=\"og:image\" content=\"https:\/\/lokalmagasinet.no\/wp-content\/uploads\/2021\/02\/pcarbeid_350.jpg\" \/>\n<meta name=\"author\" content=\"Svein-Harald Strand\" \/>\n<meta name=\"twitter:card\" content=\"summary_large_image\" \/>\n<meta name=\"twitter:creator\" content=\"@LMExtra\" \/>\n<meta name=\"twitter:site\" content=\"@LMExtra\" \/>\n<meta name=\"twitter:label1\" content=\"Written by\" \/>\n\t<meta name=\"twitter:data1\" content=\"Svein-Harald Strand\" \/>\n\t<meta name=\"twitter:label2\" content=\"Est. reading time\" \/>\n\t<meta name=\"twitter:data2\" content=\"2 minutt\" \/>\n<script type=\"application\/ld+json\" class=\"yoast-schema-graph\">{\"@context\":\"https:\\\/\\\/schema.org\",\"@graph\":[{\"@type\":\"Article\",\"@id\":\"https:\\\/\\\/lokalmagasinet.no\\\/?p=22535#article\",\"isPartOf\":{\"@id\":\"https:\\\/\\\/lokalmagasinet.no\\\/?p=22535\"},\"author\":{\"name\":\"Svein-Harald Strand\",\"@id\":\"https:\\\/\\\/lokalmagasinet.no\\\/#\\\/schema\\\/person\\\/2e8d221708d3aaf6f577275b5bba4310\"},\"headline\":\"Lokale fagmilj\u00f8 forsvinner\",\"datePublished\":\"2024-03-14T09:11:59+00:00\",\"mainEntityOfPage\":{\"@id\":\"https:\\\/\\\/lokalmagasinet.no\\\/?p=22535\"},\"wordCount\":440,\"publisher\":{\"@id\":\"https:\\\/\\\/lokalmagasinet.no\\\/#organization\"},\"image\":{\"@id\":\"https:\\\/\\\/lokalmagasinet.no\\\/?p=22535#primaryimage\"},\"thumbnailUrl\":\"https:\\\/\\\/lokalmagasinet.no\\\/wp-content\\\/uploads\\\/2021\\\/02\\\/pcarbeid_350.jpg\",\"articleSection\":[\"Aktuelt\"],\"inLanguage\":\"nn-NO\"},{\"@type\":\"WebPage\",\"@id\":\"https:\\\/\\\/lokalmagasinet.no\\\/?p=22535\",\"url\":\"https:\\\/\\\/lokalmagasinet.no\\\/?p=22535\",\"name\":\"Lokale fagmilj\u00f8 forsvinner | Lokalmagasinet.no\",\"isPartOf\":{\"@id\":\"https:\\\/\\\/lokalmagasinet.no\\\/#website\"},\"primaryImageOfPage\":{\"@id\":\"https:\\\/\\\/lokalmagasinet.no\\\/?p=22535#primaryimage\"},\"image\":{\"@id\":\"https:\\\/\\\/lokalmagasinet.no\\\/?p=22535#primaryimage\"},\"thumbnailUrl\":\"https:\\\/\\\/lokalmagasinet.no\\\/wp-content\\\/uploads\\\/2021\\\/02\\\/pcarbeid_350.jpg\",\"datePublished\":\"2024-03-14T09:11:59+00:00\",\"breadcrumb\":{\"@id\":\"https:\\\/\\\/lokalmagasinet.no\\\/?p=22535#breadcrumb\"},\"inLanguage\":\"nn-NO\",\"potentialAction\":[{\"@type\":\"ReadAction\",\"target\":[\"https:\\\/\\\/lokalmagasinet.no\\\/?p=22535\"]}]},{\"@type\":\"ImageObject\",\"inLanguage\":\"nn-NO\",\"@id\":\"https:\\\/\\\/lokalmagasinet.no\\\/?p=22535#primaryimage\",\"url\":\"https:\\\/\\\/lokalmagasinet.no\\\/wp-content\\\/uploads\\\/2021\\\/02\\\/pcarbeid_350.jpg\",\"contentUrl\":\"https:\\\/\\\/lokalmagasinet.no\\\/wp-content\\\/uploads\\\/2021\\\/02\\\/pcarbeid_350.jpg\",\"width\":350,\"height\":263,\"caption\":\"Illustrasjon: LM Arkivfoto\"},{\"@type\":\"BreadcrumbList\",\"@id\":\"https:\\\/\\\/lokalmagasinet.no\\\/?p=22535#breadcrumb\",\"itemListElement\":[{\"@type\":\"ListItem\",\"position\":1,\"name\":\"Hjem\",\"item\":\"https:\\\/\\\/lokalmagasinet.no\\\/\"},{\"@type\":\"ListItem\",\"position\":2,\"name\":\"Lokale fagmilj\u00f8 forsvinner\"}]},{\"@type\":\"WebSite\",\"@id\":\"https:\\\/\\\/lokalmagasinet.no\\\/#website\",\"url\":\"https:\\\/\\\/lokalmagasinet.no\\\/\",\"name\":\"Lokalmagasinet.no\",\"description\":\"Fra fortid og n\u00e5tid. Med st\u00e5sted i det n\u00e6re. Siden 2002.\",\"publisher\":{\"@id\":\"https:\\\/\\\/lokalmagasinet.no\\\/#organization\"},\"potentialAction\":[{\"@type\":\"SearchAction\",\"target\":{\"@type\":\"EntryPoint\",\"urlTemplate\":\"https:\\\/\\\/lokalmagasinet.no\\\/?s={search_term_string}\"},\"query-input\":{\"@type\":\"PropertyValueSpecification\",\"valueRequired\":true,\"valueName\":\"search_term_string\"}}],\"inLanguage\":\"nn-NO\"},{\"@type\":\"Organization\",\"@id\":\"https:\\\/\\\/lokalmagasinet.no\\\/#organization\",\"name\":\"Lokalmagasinet.no\",\"url\":\"https:\\\/\\\/lokalmagasinet.no\\\/\",\"logo\":{\"@type\":\"ImageObject\",\"inLanguage\":\"nn-NO\",\"@id\":\"https:\\\/\\\/lokalmagasinet.no\\\/#\\\/schema\\\/logo\\\/image\\\/\",\"url\":\"https:\\\/\\\/lokalmagasinet.no\\\/wp-content\\\/uploads\\\/2021\\\/03\\\/cropped-cropped-cropped-cropped-cropped-cropped-lmlogo-e1640691300821.jpg\",\"contentUrl\":\"https:\\\/\\\/lokalmagasinet.no\\\/wp-content\\\/uploads\\\/2021\\\/03\\\/cropped-cropped-cropped-cropped-cropped-cropped-lmlogo-e1640691300821.jpg\",\"width\":72,\"height\":118,\"caption\":\"Lokalmagasinet.no\"},\"image\":{\"@id\":\"https:\\\/\\\/lokalmagasinet.no\\\/#\\\/schema\\\/logo\\\/image\\\/\"},\"sameAs\":[\"https:\\\/\\\/www.facebook.com\\\/sveinharald.strand.1\",\"https:\\\/\\\/x.com\\\/LMExtra\"]},{\"@type\":\"Person\",\"@id\":\"https:\\\/\\\/lokalmagasinet.no\\\/#\\\/schema\\\/person\\\/2e8d221708d3aaf6f577275b5bba4310\",\"name\":\"Svein-Harald Strand\",\"image\":{\"@type\":\"ImageObject\",\"inLanguage\":\"nn-NO\",\"@id\":\"https:\\\/\\\/secure.gravatar.com\\\/avatar\\\/c487434bdf6cd7c12e4a88877ae4b12c38d22b7ad64292b49d33ed7503bb7ce1?s=96&d=mm&r=g\",\"url\":\"https:\\\/\\\/secure.gravatar.com\\\/avatar\\\/c487434bdf6cd7c12e4a88877ae4b12c38d22b7ad64292b49d33ed7503bb7ce1?s=96&d=mm&r=g\",\"contentUrl\":\"https:\\\/\\\/secure.gravatar.com\\\/avatar\\\/c487434bdf6cd7c12e4a88877ae4b12c38d22b7ad64292b49d33ed7503bb7ce1?s=96&d=mm&r=g\",\"caption\":\"Svein-Harald Strand\"},\"description\":\"(F. 26.12.1945) Redakt\u00f8r, journalist og informasjonsarbeider siden 1968. ||| I 1963: Redaksjonell praktikant i 8 m\u00e5neder p\u00e5 full tid i Helgeland Arbeiderblad i hjembyen Mosj\u00f8en. ||| Arbeidende pensjonist med hjemmekontor fra 2008 (AFP) og videre som folkepensjonist til n\u00e5.\",\"sameAs\":[\"https:\\\/\\\/lokalmagasinet.no\\\/\",\"https:\\\/\\\/www.facebook.com\\\/sveinharald.strand.1\",\"https:\\\/\\\/x.com\\\/LMExtra\"],\"url\":\"https:\\\/\\\/lokalmagasinet.no\\\/?author=6\"}]}<\/script>\n<!-- \/ Yoast SEO plugin. -->","yoast_head_json":{"title":"Lokale fagmilj\u00f8 forsvinner | Lokalmagasinet.no","robots":{"index":"index","follow":"follow","max-snippet":"max-snippet:-1","max-image-preview":"max-image-preview:large","max-video-preview":"max-video-preview:-1"},"canonical":"https:\/\/lokalmagasinet.no\/?p=22535","og_locale":"nn_NO","og_type":"article","og_title":"Lokale fagmilj\u00f8 forsvinner | Lokalmagasinet.no","og_description":"(Publisert 14.03.24) (Av \u00d8yvinn Hjorthen\/mosj\u00f8en.com) Det g\u00e5r fint an \u00e5 drive med h\u00f8yteknologi her i Mosj\u00f8en. Likevel flyttes flere tekniske tjenester i mange bransjer over til mer sentrale str\u00f8k. Internett-revolusjonen ... Les merLokale fagmilj\u00f8 forsvinner","og_url":"https:\/\/lokalmagasinet.no\/?p=22535","og_site_name":"Lokalmagasinet.no","article_publisher":"https:\/\/www.facebook.com\/sveinharald.strand.1","article_author":"https:\/\/www.facebook.com\/sveinharald.strand.1","article_published_time":"2024-03-14T09:11:59+00:00","og_image":[{"url":"https:\/\/lokalmagasinet.no\/wp-content\/uploads\/2021\/02\/pcarbeid_350.jpg","type":"","width":"","height":""}],"author":"Svein-Harald Strand","twitter_card":"summary_large_image","twitter_creator":"@LMExtra","twitter_site":"@LMExtra","twitter_misc":{"Written by":"Svein-Harald Strand","Est. reading time":"2 minutt"},"schema":{"@context":"https:\/\/schema.org","@graph":[{"@type":"Article","@id":"https:\/\/lokalmagasinet.no\/?p=22535#article","isPartOf":{"@id":"https:\/\/lokalmagasinet.no\/?p=22535"},"author":{"name":"Svein-Harald Strand","@id":"https:\/\/lokalmagasinet.no\/#\/schema\/person\/2e8d221708d3aaf6f577275b5bba4310"},"headline":"Lokale fagmilj\u00f8 forsvinner","datePublished":"2024-03-14T09:11:59+00:00","mainEntityOfPage":{"@id":"https:\/\/lokalmagasinet.no\/?p=22535"},"wordCount":440,"publisher":{"@id":"https:\/\/lokalmagasinet.no\/#organization"},"image":{"@id":"https:\/\/lokalmagasinet.no\/?p=22535#primaryimage"},"thumbnailUrl":"https:\/\/lokalmagasinet.no\/wp-content\/uploads\/2021\/02\/pcarbeid_350.jpg","articleSection":["Aktuelt"],"inLanguage":"nn-NO"},{"@type":"WebPage","@id":"https:\/\/lokalmagasinet.no\/?p=22535","url":"https:\/\/lokalmagasinet.no\/?p=22535","name":"Lokale fagmilj\u00f8 forsvinner | Lokalmagasinet.no","isPartOf":{"@id":"https:\/\/lokalmagasinet.no\/#website"},"primaryImageOfPage":{"@id":"https:\/\/lokalmagasinet.no\/?p=22535#primaryimage"},"image":{"@id":"https:\/\/lokalmagasinet.no\/?p=22535#primaryimage"},"thumbnailUrl":"https:\/\/lokalmagasinet.no\/wp-content\/uploads\/2021\/02\/pcarbeid_350.jpg","datePublished":"2024-03-14T09:11:59+00:00","breadcrumb":{"@id":"https:\/\/lokalmagasinet.no\/?p=22535#breadcrumb"},"inLanguage":"nn-NO","potentialAction":[{"@type":"ReadAction","target":["https:\/\/lokalmagasinet.no\/?p=22535"]}]},{"@type":"ImageObject","inLanguage":"nn-NO","@id":"https:\/\/lokalmagasinet.no\/?p=22535#primaryimage","url":"https:\/\/lokalmagasinet.no\/wp-content\/uploads\/2021\/02\/pcarbeid_350.jpg","contentUrl":"https:\/\/lokalmagasinet.no\/wp-content\/uploads\/2021\/02\/pcarbeid_350.jpg","width":350,"height":263,"caption":"Illustrasjon: LM Arkivfoto"},{"@type":"BreadcrumbList","@id":"https:\/\/lokalmagasinet.no\/?p=22535#breadcrumb","itemListElement":[{"@type":"ListItem","position":1,"name":"Hjem","item":"https:\/\/lokalmagasinet.no\/"},{"@type":"ListItem","position":2,"name":"Lokale fagmilj\u00f8 forsvinner"}]},{"@type":"WebSite","@id":"https:\/\/lokalmagasinet.no\/#website","url":"https:\/\/lokalmagasinet.no\/","name":"Lokalmagasinet.no","description":"Fra fortid og n\u00e5tid. Med st\u00e5sted i det n\u00e6re. Siden 2002.","publisher":{"@id":"https:\/\/lokalmagasinet.no\/#organization"},"potentialAction":[{"@type":"SearchAction","target":{"@type":"EntryPoint","urlTemplate":"https:\/\/lokalmagasinet.no\/?s={search_term_string}"},"query-input":{"@type":"PropertyValueSpecification","valueRequired":true,"valueName":"search_term_string"}}],"inLanguage":"nn-NO"},{"@type":"Organization","@id":"https:\/\/lokalmagasinet.no\/#organization","name":"Lokalmagasinet.no","url":"https:\/\/lokalmagasinet.no\/","logo":{"@type":"ImageObject","inLanguage":"nn-NO","@id":"https:\/\/lokalmagasinet.no\/#\/schema\/logo\/image\/","url":"https:\/\/lokalmagasinet.no\/wp-content\/uploads\/2021\/03\/cropped-cropped-cropped-cropped-cropped-cropped-lmlogo-e1640691300821.jpg","contentUrl":"https:\/\/lokalmagasinet.no\/wp-content\/uploads\/2021\/03\/cropped-cropped-cropped-cropped-cropped-cropped-lmlogo-e1640691300821.jpg","width":72,"height":118,"caption":"Lokalmagasinet.no"},"image":{"@id":"https:\/\/lokalmagasinet.no\/#\/schema\/logo\/image\/"},"sameAs":["https:\/\/www.facebook.com\/sveinharald.strand.1","https:\/\/x.com\/LMExtra"]},{"@type":"Person","@id":"https:\/\/lokalmagasinet.no\/#\/schema\/person\/2e8d221708d3aaf6f577275b5bba4310","name":"Svein-Harald Strand","image":{"@type":"ImageObject","inLanguage":"nn-NO","@id":"https:\/\/secure.gravatar.com\/avatar\/c487434bdf6cd7c12e4a88877ae4b12c38d22b7ad64292b49d33ed7503bb7ce1?s=96&d=mm&r=g","url":"https:\/\/secure.gravatar.com\/avatar\/c487434bdf6cd7c12e4a88877ae4b12c38d22b7ad64292b49d33ed7503bb7ce1?s=96&d=mm&r=g","contentUrl":"https:\/\/secure.gravatar.com\/avatar\/c487434bdf6cd7c12e4a88877ae4b12c38d22b7ad64292b49d33ed7503bb7ce1?s=96&d=mm&r=g","caption":"Svein-Harald Strand"},"description":"(F. 26.12.1945) Redakt\u00f8r, journalist og informasjonsarbeider siden 1968. ||| I 1963: Redaksjonell praktikant i 8 m\u00e5neder p\u00e5 full tid i Helgeland Arbeiderblad i hjembyen Mosj\u00f8en. ||| Arbeidende pensjonist med hjemmekontor fra 2008 (AFP) og videre som folkepensjonist til n\u00e5.","sameAs":["https:\/\/lokalmagasinet.no\/","https:\/\/www.facebook.com\/sveinharald.strand.1","https:\/\/x.com\/LMExtra"],"url":"https:\/\/lokalmagasinet.no\/?author=6"}]}},"_links":{"self":[{"href":"https:\/\/lokalmagasinet.no\/index.php?rest_route=\/wp\/v2\/posts\/22535","targetHints":{"allow":["GET"]}}],"collection":[{"href":"https:\/\/lokalmagasinet.no\/index.php?rest_route=\/wp\/v2\/posts"}],"about":[{"href":"https:\/\/lokalmagasinet.no\/index.php?rest_route=\/wp\/v2\/types\/post"}],"author":[{"embeddable":true,"href":"https:\/\/lokalmagasinet.no\/index.php?rest_route=\/wp\/v2\/users\/6"}],"replies":[{"embeddable":true,"href":"https:\/\/lokalmagasinet.no\/index.php?rest_route=%2Fwp%2Fv2%2Fcomments&post=22535"}],"version-history":[{"count":10,"href":"https:\/\/lokalmagasinet.no\/index.php?rest_route=\/wp\/v2\/posts\/22535\/revisions"}],"predecessor-version":[{"id":22550,"href":"https:\/\/lokalmagasinet.no\/index.php?rest_route=\/wp\/v2\/posts\/22535\/revisions\/22550"}],"wp:attachment":[{"href":"https:\/\/lokalmagasinet.no\/index.php?rest_route=%2Fwp%2Fv2%2Fmedia&parent=22535"}],"wp:term":[{"taxonomy":"category","embeddable":true,"href":"https:\/\/lokalmagasinet.no\/index.php?rest_route=%2Fwp%2Fv2%2Fcategories&post=22535"},{"taxonomy":"post_tag","embeddable":true,"href":"https:\/\/lokalmagasinet.no\/index.php?rest_route=%2Fwp%2Fv2%2Ftags&post=22535"}],"curies":[{"name":"wp","href":"https:\/\/api.w.org\/{rel}","templated":true}]}}