{"id":22774,"date":"2024-03-24T12:06:43","date_gmt":"2024-03-24T11:06:43","guid":{"rendered":"https:\/\/lokalmagasinet.no\/?p=22774"},"modified":"2024-03-24T12:06:43","modified_gmt":"2024-03-24T11:06:43","slug":"det-viktigste-er-a-delta","status":"publish","type":"post","link":"https:\/\/lokalmagasinet.no\/?p=22774","title":{"rendered":"Det viktigste er \u00e5 delta!"},"content":{"rendered":"<div><strong>Tenk deg at du inviterer kj\u00e6resten med p\u00e5 kino, men ikke f\u00e5r sitte ved siden av hen fordi du sitter i rullestol og ikke kan bestille ordin\u00e6r billett n\u00e6r rullestolplassene. Eller at du er avhengig av \u00e5 sitte p\u00e5 f\u00f8rste rad for \u00e5 ha mulighet til \u00e5 se, og dermed alltid m\u00e5 kj\u00f8pe de dyreste billettene p\u00e5 teater, i operaen eller p\u00e5 konsert.<\/strong><\/div>\n<div><\/div>\n<p>&nbsp;<\/p>\n<p><span class=\"i_skrift_stor\">(Fra LM 06.12.19) (Republisert 24.03.24) Mange funksjonshemmede og kronisk syke har en aktiv fritid. Men mange m\u00f8ter ogs\u00e5 p\u00e5 hindringer som gj\u00f8r det umulig for dem \u00e5 delta. \u00c5tte av ti funksjonshemmede \u00f8nsker \u00e5 delta mer i sosiale aktiviteter, if\u00f8lge forskningen til Ramm og Otnes (2013).<\/span><\/p>\n<div>3. desember var FNs internasjonale dag for funksjonshemmede. \u00c5rets tema: Demokratisk deltakelse og deltakelse p\u00e5 kultur- og fritid. If\u00f8lge FNs konvensjon om rettighetene til mennesker med nedsatt funksjonsevne (CRPD), har funksjonshemmede rett til \u00ab\u00e5 ha et aktivt liv gjennom deltakelse i kultur, fritid og idrett\u00bb (artikkel 30). Likestillings- og diskriminerings-lovgivningen sl\u00e5r ogs\u00e5 fast at funksjonshemmede har rett til tilrettelegging for \u00e5 kunne delta p\u00e5 lik linje med andre. <em>Men det er forskjell <\/em><span class=\"i_skrift_stor\"><em>p\u00e5 \u00e5 ha rett og \u00e5 f\u00e5 rett.<\/em> <\/span><em><span class=\"i_skrift_stor\">Unders\u00f8kelsen \u00abDet viktigste er \u00e5 delta\u00bb, i regi av Unge funksjonshemmede og FFO, viser at mange blir utestengt p\u00e5 grunn av funksjonshemming eller kronisk sykdom.<br \/>\n<\/span><\/em><\/div>\n<div><em><span class=\"i_skrift_stor\">\u00a0<\/span><\/em><\/div>\n<div><span class=\"i_skrift_stor\">Sm\u00e5 og store hindre st\u00e5r i veien for deltakelse: manglende transport- og parkeringsmuligheter, manglende tilgjengelighet og universell utforming, mangelfulle assistanseordninger, negative holdninger og fordommer og mangel p\u00e5 informasjon, for \u00e5 nevne noen.<br \/>\n<\/span><\/div>\n<div><span class=\"i_skrift_stor\">\u00a0<\/span><\/div>\n<div><span class=\"i_skrift_stor\">If\u00f8lge Ramm og Otnes (2013) var det 22 prosent av personer med nedsatt funksjonsevne som ikke hadde deltatt i kulturelle aktiviteter det siste \u00e5ret. For den \u00f8vrige befolkningen var prosentandelen 13. <\/span><span class=\"i_skrift_stor\">If\u00f8lge v\u00e5r unders\u00f8kelse er det aller st\u00f8rste hinderet mangel p\u00e5 informasjon om tilgjengelighet: Finnes det HC-toalett, ledelinjer, teleslynge, heis, sittemuligheter? Hvordan er de akustiske forholdene i lokalet? Er det langt \u00e5 g\u00e5 fra n\u00e6rmeste parkeringsplass? Denne informasjonen ville gjort det mye enklere \u00e5 delta for veldig mange \u2013 ogs\u00e5 funksjonsfriske.<br \/>\n<\/span><\/div>\n<div><span class=\"i_skrift_stor\">\u00a0<\/span><\/div>\n<div><span class=\"i_skrift_stor\">DEN GODE NYHETEN er at dette ikke koster noe! Det er informasjon som kan legges ut p\u00e5 nettsidene til butikker, spisesteder, arrangementer og kulturtilbydere, og kanskje p\u00e5 sikt ogs\u00e5 standardiseres. <\/span><span class=\"i_skrift_stor\">Kanskje kunne sertifiserings-ordningen \u00abTilgjengelighetsmerket\u00bb, som norske konsertarrang\u00f8rer st\u00e5r bak, utvides til ogs\u00e5 \u00e5 gjelde andre arenaer? <\/span><span class=\"i_skrift_stor\">Mange m\u00f8ter ogs\u00e5 p\u00e5 utilsiktede problemer, som for eksempel at det ikke er mulig \u00e5 bestille plass for ledsager p\u00e5 nett, eller at det ikke er mulig \u00e5 sitte flere rullestolbrukere sammen p\u00e5 kino og teater for eksempel. <em>Hvorfor er det ikke mulig \u00e5 f\u00e5 flyttbare seter som gj\u00f8r det mulig for rullestolbrukere \u00e5 oppleve en forestilling eller en film sammen med familien eller kj\u00e6resten sin?<\/em><\/span><\/div>\n<div><\/div>\n<div><\/div>\n<div><\/div>\n<div><span class=\"i_skrift_stor\"> FOR NOEN GRUPPER er st\u00f8y, blinkende lys og store menneskemengder vanskelig. En respondent i unders\u00f8kelsen v\u00e5r forteller om en skobutikk som egen \u00e5pningstid for de nevroatypiske (autisme, ADHD, tourettes etc.) Da er bakgrunnsmusikken sl\u00e5tt av, det er f\u00e5 mennesker og lite st\u00f8y i lokalet.<br \/>\n<\/span><\/div>\n<div><span class=\"i_skrift_stor\">\u00a0<\/span><\/div>\n<div><span class=\"i_skrift_stor\">Dette burde v\u00e6re en id\u00e9 for flere! Noen kinoer har enkelte kinofremvisninger med dempet lyd og litt lys i salen, tilrettelagt for eldre og andre grupper som ikke trives i totalt m\u00f8rke med h\u00f8y lyd. <\/span><span class=\"i_skrift_stor\">Bufdir antar at ca. 600 000 mennesker i Norge har en funksjonsnedsettelse. Hver niende nordmann har fylt 70 \u00e5r. I 2060 vil hver femte person v\u00e6re 70 \u00e5r eller eldre, if\u00f8lge SSBs framskrivninger.<br \/>\n<\/span><\/div>\n<div><span class=\"i_skrift_stor\">\u00a0<\/span><\/div>\n<div><span class=\"i_skrift_stor\"><strong>Det \u00e5 tilrettelegge for funksjonshemmede er \u00e5 tilrettelegge for folk flest, og burde v\u00e6re \u00abbra for business\u00bb. Det viktigste er \u00e5 delta!<\/strong> <\/span><\/div>\n<p>&nbsp;<\/p>\n<p><span class=\"i_skrift_stor\"><u>MARIANN SAUGERUD<\/u><br \/>\nStyreleder i FFO Akershus<\/span><\/p>\n<p>Views: 114<\/p>","protected":false},"excerpt":{"rendered":"<p>Tenk deg at du inviterer kj\u00e6resten med p\u00e5 kino, men ikke f\u00e5r sitte ved siden av hen fordi du sitter i rullestol og ikke kan bestille ordin\u00e6r billett n\u00e6r rullestolplassene. &#8230; <\/p>\n<p class=\"read-more-container\"><a title=\"Det viktigste er \u00e5 delta!\" class=\"read-more button\" href=\"https:\/\/lokalmagasinet.no\/?p=22774#more-22774\">Les mer<span class=\"screen-reader-text\">Det viktigste er \u00e5 delta!<\/span><\/a><\/p>\n","protected":false},"author":6,"featured_media":0,"comment_status":"closed","ping_status":"closed","sticky":false,"template":"","format":"standard","meta":{"footnotes":""},"categories":[1],"tags":[],"class_list":["post-22774","post","type-post","status-publish","format-standard","hentry","category-aktuelt"],"yoast_head":"<!-- This site is optimized with the Yoast SEO plugin v27.4 - https:\/\/yoast.com\/product\/yoast-seo-wordpress\/ -->\n<title>Det viktigste er \u00e5 delta! | Lokalmagasinet.no<\/title>\n<meta name=\"robots\" content=\"index, follow, max-snippet:-1, max-image-preview:large, max-video-preview:-1\" \/>\n<link rel=\"canonical\" href=\"https:\/\/lokalmagasinet.no\/?p=22774\" \/>\n<meta property=\"og:locale\" content=\"nn_NO\" \/>\n<meta property=\"og:type\" content=\"article\" \/>\n<meta property=\"og:title\" content=\"Det viktigste er \u00e5 delta! | Lokalmagasinet.no\" \/>\n<meta property=\"og:description\" content=\"Tenk deg at du inviterer kj\u00e6resten med p\u00e5 kino, men ikke f\u00e5r sitte ved siden av hen fordi du sitter i rullestol og ikke kan bestille ordin\u00e6r billett n\u00e6r rullestolplassene. ... Les merDet viktigste er \u00e5 delta!\" \/>\n<meta property=\"og:url\" content=\"https:\/\/lokalmagasinet.no\/?p=22774\" \/>\n<meta property=\"og:site_name\" content=\"Lokalmagasinet.no\" \/>\n<meta property=\"article:publisher\" content=\"https:\/\/www.facebook.com\/sveinharald.strand.1\" \/>\n<meta property=\"article:author\" content=\"https:\/\/www.facebook.com\/sveinharald.strand.1\" \/>\n<meta property=\"article:published_time\" content=\"2024-03-24T11:06:43+00:00\" \/>\n<meta property=\"og:image\" content=\"https:\/\/lokalmagasinet.no\/wp-content\/uploads\/2022\/02\/sonsskjarg_kystp_500.jpg\" \/>\n\t<meta property=\"og:image:width\" content=\"500\" \/>\n\t<meta property=\"og:image:height\" content=\"332\" \/>\n\t<meta property=\"og:image:type\" content=\"image\/jpeg\" \/>\n<meta name=\"author\" content=\"Svein-Harald Strand\" \/>\n<meta name=\"twitter:card\" content=\"summary_large_image\" \/>\n<meta name=\"twitter:creator\" content=\"@LMExtra\" \/>\n<meta name=\"twitter:site\" content=\"@LMExtra\" \/>\n<meta name=\"twitter:label1\" content=\"Written by\" \/>\n\t<meta name=\"twitter:data1\" content=\"Svein-Harald Strand\" \/>\n\t<meta name=\"twitter:label2\" content=\"Est. reading time\" \/>\n\t<meta name=\"twitter:data2\" content=\"3 minutt\" \/>\n<script type=\"application\/ld+json\" class=\"yoast-schema-graph\">{\"@context\":\"https:\\\/\\\/schema.org\",\"@graph\":[{\"@type\":\"Article\",\"@id\":\"https:\\\/\\\/lokalmagasinet.no\\\/?p=22774#article\",\"isPartOf\":{\"@id\":\"https:\\\/\\\/lokalmagasinet.no\\\/?p=22774\"},\"author\":{\"name\":\"Svein-Harald Strand\",\"@id\":\"https:\\\/\\\/lokalmagasinet.no\\\/#\\\/schema\\\/person\\\/2e8d221708d3aaf6f577275b5bba4310\"},\"headline\":\"Det viktigste er \u00e5 delta!\",\"datePublished\":\"2024-03-24T11:06:43+00:00\",\"mainEntityOfPage\":{\"@id\":\"https:\\\/\\\/lokalmagasinet.no\\\/?p=22774\"},\"wordCount\":585,\"publisher\":{\"@id\":\"https:\\\/\\\/lokalmagasinet.no\\\/#organization\"},\"articleSection\":[\"Aktuelt\"],\"inLanguage\":\"nn-NO\"},{\"@type\":\"WebPage\",\"@id\":\"https:\\\/\\\/lokalmagasinet.no\\\/?p=22774\",\"url\":\"https:\\\/\\\/lokalmagasinet.no\\\/?p=22774\",\"name\":\"Det viktigste er \u00e5 delta! | Lokalmagasinet.no\",\"isPartOf\":{\"@id\":\"https:\\\/\\\/lokalmagasinet.no\\\/#website\"},\"datePublished\":\"2024-03-24T11:06:43+00:00\",\"breadcrumb\":{\"@id\":\"https:\\\/\\\/lokalmagasinet.no\\\/?p=22774#breadcrumb\"},\"inLanguage\":\"nn-NO\",\"potentialAction\":[{\"@type\":\"ReadAction\",\"target\":[\"https:\\\/\\\/lokalmagasinet.no\\\/?p=22774\"]}]},{\"@type\":\"BreadcrumbList\",\"@id\":\"https:\\\/\\\/lokalmagasinet.no\\\/?p=22774#breadcrumb\",\"itemListElement\":[{\"@type\":\"ListItem\",\"position\":1,\"name\":\"Hjem\",\"item\":\"https:\\\/\\\/lokalmagasinet.no\\\/\"},{\"@type\":\"ListItem\",\"position\":2,\"name\":\"Det viktigste er \u00e5 delta!\"}]},{\"@type\":\"WebSite\",\"@id\":\"https:\\\/\\\/lokalmagasinet.no\\\/#website\",\"url\":\"https:\\\/\\\/lokalmagasinet.no\\\/\",\"name\":\"Lokalmagasinet.no\",\"description\":\"Fra fortid og n\u00e5tid. Med st\u00e5sted i det n\u00e6re. Siden 2002.\",\"publisher\":{\"@id\":\"https:\\\/\\\/lokalmagasinet.no\\\/#organization\"},\"potentialAction\":[{\"@type\":\"SearchAction\",\"target\":{\"@type\":\"EntryPoint\",\"urlTemplate\":\"https:\\\/\\\/lokalmagasinet.no\\\/?s={search_term_string}\"},\"query-input\":{\"@type\":\"PropertyValueSpecification\",\"valueRequired\":true,\"valueName\":\"search_term_string\"}}],\"inLanguage\":\"nn-NO\"},{\"@type\":\"Organization\",\"@id\":\"https:\\\/\\\/lokalmagasinet.no\\\/#organization\",\"name\":\"Lokalmagasinet.no\",\"url\":\"https:\\\/\\\/lokalmagasinet.no\\\/\",\"logo\":{\"@type\":\"ImageObject\",\"inLanguage\":\"nn-NO\",\"@id\":\"https:\\\/\\\/lokalmagasinet.no\\\/#\\\/schema\\\/logo\\\/image\\\/\",\"url\":\"https:\\\/\\\/lokalmagasinet.no\\\/wp-content\\\/uploads\\\/2021\\\/03\\\/cropped-cropped-cropped-cropped-cropped-cropped-lmlogo-e1640691300821.jpg\",\"contentUrl\":\"https:\\\/\\\/lokalmagasinet.no\\\/wp-content\\\/uploads\\\/2021\\\/03\\\/cropped-cropped-cropped-cropped-cropped-cropped-lmlogo-e1640691300821.jpg\",\"width\":72,\"height\":118,\"caption\":\"Lokalmagasinet.no\"},\"image\":{\"@id\":\"https:\\\/\\\/lokalmagasinet.no\\\/#\\\/schema\\\/logo\\\/image\\\/\"},\"sameAs\":[\"https:\\\/\\\/www.facebook.com\\\/sveinharald.strand.1\",\"https:\\\/\\\/x.com\\\/LMExtra\"]},{\"@type\":\"Person\",\"@id\":\"https:\\\/\\\/lokalmagasinet.no\\\/#\\\/schema\\\/person\\\/2e8d221708d3aaf6f577275b5bba4310\",\"name\":\"Svein-Harald Strand\",\"image\":{\"@type\":\"ImageObject\",\"inLanguage\":\"nn-NO\",\"@id\":\"https:\\\/\\\/secure.gravatar.com\\\/avatar\\\/c487434bdf6cd7c12e4a88877ae4b12c38d22b7ad64292b49d33ed7503bb7ce1?s=96&d=mm&r=g\",\"url\":\"https:\\\/\\\/secure.gravatar.com\\\/avatar\\\/c487434bdf6cd7c12e4a88877ae4b12c38d22b7ad64292b49d33ed7503bb7ce1?s=96&d=mm&r=g\",\"contentUrl\":\"https:\\\/\\\/secure.gravatar.com\\\/avatar\\\/c487434bdf6cd7c12e4a88877ae4b12c38d22b7ad64292b49d33ed7503bb7ce1?s=96&d=mm&r=g\",\"caption\":\"Svein-Harald Strand\"},\"description\":\"(F. 26.12.1945) Redakt\u00f8r, journalist og informasjonsarbeider siden 1968. ||| I 1963: Redaksjonell praktikant i 8 m\u00e5neder p\u00e5 full tid i Helgeland Arbeiderblad i hjembyen Mosj\u00f8en. ||| Arbeidende pensjonist med hjemmekontor fra 2008 (AFP) og videre som folkepensjonist til n\u00e5.\",\"sameAs\":[\"https:\\\/\\\/lokalmagasinet.no\\\/\",\"https:\\\/\\\/www.facebook.com\\\/sveinharald.strand.1\",\"https:\\\/\\\/x.com\\\/LMExtra\"],\"url\":\"https:\\\/\\\/lokalmagasinet.no\\\/?author=6\"}]}<\/script>\n<!-- \/ Yoast SEO plugin. -->","yoast_head_json":{"title":"Det viktigste er \u00e5 delta! | Lokalmagasinet.no","robots":{"index":"index","follow":"follow","max-snippet":"max-snippet:-1","max-image-preview":"max-image-preview:large","max-video-preview":"max-video-preview:-1"},"canonical":"https:\/\/lokalmagasinet.no\/?p=22774","og_locale":"nn_NO","og_type":"article","og_title":"Det viktigste er \u00e5 delta! | Lokalmagasinet.no","og_description":"Tenk deg at du inviterer kj\u00e6resten med p\u00e5 kino, men ikke f\u00e5r sitte ved siden av hen fordi du sitter i rullestol og ikke kan bestille ordin\u00e6r billett n\u00e6r rullestolplassene. ... Les merDet viktigste er \u00e5 delta!","og_url":"https:\/\/lokalmagasinet.no\/?p=22774","og_site_name":"Lokalmagasinet.no","article_publisher":"https:\/\/www.facebook.com\/sveinharald.strand.1","article_author":"https:\/\/www.facebook.com\/sveinharald.strand.1","article_published_time":"2024-03-24T11:06:43+00:00","og_image":[{"width":500,"height":332,"url":"https:\/\/lokalmagasinet.no\/wp-content\/uploads\/2022\/02\/sonsskjarg_kystp_500.jpg","type":"image\/jpeg"}],"author":"Svein-Harald Strand","twitter_card":"summary_large_image","twitter_creator":"@LMExtra","twitter_site":"@LMExtra","twitter_misc":{"Written by":"Svein-Harald Strand","Est. reading time":"3 minutt"},"schema":{"@context":"https:\/\/schema.org","@graph":[{"@type":"Article","@id":"https:\/\/lokalmagasinet.no\/?p=22774#article","isPartOf":{"@id":"https:\/\/lokalmagasinet.no\/?p=22774"},"author":{"name":"Svein-Harald Strand","@id":"https:\/\/lokalmagasinet.no\/#\/schema\/person\/2e8d221708d3aaf6f577275b5bba4310"},"headline":"Det viktigste er \u00e5 delta!","datePublished":"2024-03-24T11:06:43+00:00","mainEntityOfPage":{"@id":"https:\/\/lokalmagasinet.no\/?p=22774"},"wordCount":585,"publisher":{"@id":"https:\/\/lokalmagasinet.no\/#organization"},"articleSection":["Aktuelt"],"inLanguage":"nn-NO"},{"@type":"WebPage","@id":"https:\/\/lokalmagasinet.no\/?p=22774","url":"https:\/\/lokalmagasinet.no\/?p=22774","name":"Det viktigste er \u00e5 delta! | Lokalmagasinet.no","isPartOf":{"@id":"https:\/\/lokalmagasinet.no\/#website"},"datePublished":"2024-03-24T11:06:43+00:00","breadcrumb":{"@id":"https:\/\/lokalmagasinet.no\/?p=22774#breadcrumb"},"inLanguage":"nn-NO","potentialAction":[{"@type":"ReadAction","target":["https:\/\/lokalmagasinet.no\/?p=22774"]}]},{"@type":"BreadcrumbList","@id":"https:\/\/lokalmagasinet.no\/?p=22774#breadcrumb","itemListElement":[{"@type":"ListItem","position":1,"name":"Hjem","item":"https:\/\/lokalmagasinet.no\/"},{"@type":"ListItem","position":2,"name":"Det viktigste er \u00e5 delta!"}]},{"@type":"WebSite","@id":"https:\/\/lokalmagasinet.no\/#website","url":"https:\/\/lokalmagasinet.no\/","name":"Lokalmagasinet.no","description":"Fra fortid og n\u00e5tid. Med st\u00e5sted i det n\u00e6re. Siden 2002.","publisher":{"@id":"https:\/\/lokalmagasinet.no\/#organization"},"potentialAction":[{"@type":"SearchAction","target":{"@type":"EntryPoint","urlTemplate":"https:\/\/lokalmagasinet.no\/?s={search_term_string}"},"query-input":{"@type":"PropertyValueSpecification","valueRequired":true,"valueName":"search_term_string"}}],"inLanguage":"nn-NO"},{"@type":"Organization","@id":"https:\/\/lokalmagasinet.no\/#organization","name":"Lokalmagasinet.no","url":"https:\/\/lokalmagasinet.no\/","logo":{"@type":"ImageObject","inLanguage":"nn-NO","@id":"https:\/\/lokalmagasinet.no\/#\/schema\/logo\/image\/","url":"https:\/\/lokalmagasinet.no\/wp-content\/uploads\/2021\/03\/cropped-cropped-cropped-cropped-cropped-cropped-lmlogo-e1640691300821.jpg","contentUrl":"https:\/\/lokalmagasinet.no\/wp-content\/uploads\/2021\/03\/cropped-cropped-cropped-cropped-cropped-cropped-lmlogo-e1640691300821.jpg","width":72,"height":118,"caption":"Lokalmagasinet.no"},"image":{"@id":"https:\/\/lokalmagasinet.no\/#\/schema\/logo\/image\/"},"sameAs":["https:\/\/www.facebook.com\/sveinharald.strand.1","https:\/\/x.com\/LMExtra"]},{"@type":"Person","@id":"https:\/\/lokalmagasinet.no\/#\/schema\/person\/2e8d221708d3aaf6f577275b5bba4310","name":"Svein-Harald Strand","image":{"@type":"ImageObject","inLanguage":"nn-NO","@id":"https:\/\/secure.gravatar.com\/avatar\/c487434bdf6cd7c12e4a88877ae4b12c38d22b7ad64292b49d33ed7503bb7ce1?s=96&d=mm&r=g","url":"https:\/\/secure.gravatar.com\/avatar\/c487434bdf6cd7c12e4a88877ae4b12c38d22b7ad64292b49d33ed7503bb7ce1?s=96&d=mm&r=g","contentUrl":"https:\/\/secure.gravatar.com\/avatar\/c487434bdf6cd7c12e4a88877ae4b12c38d22b7ad64292b49d33ed7503bb7ce1?s=96&d=mm&r=g","caption":"Svein-Harald Strand"},"description":"(F. 26.12.1945) Redakt\u00f8r, journalist og informasjonsarbeider siden 1968. ||| I 1963: Redaksjonell praktikant i 8 m\u00e5neder p\u00e5 full tid i Helgeland Arbeiderblad i hjembyen Mosj\u00f8en. ||| Arbeidende pensjonist med hjemmekontor fra 2008 (AFP) og videre som folkepensjonist til n\u00e5.","sameAs":["https:\/\/lokalmagasinet.no\/","https:\/\/www.facebook.com\/sveinharald.strand.1","https:\/\/x.com\/LMExtra"],"url":"https:\/\/lokalmagasinet.no\/?author=6"}]}},"_links":{"self":[{"href":"https:\/\/lokalmagasinet.no\/index.php?rest_route=\/wp\/v2\/posts\/22774","targetHints":{"allow":["GET"]}}],"collection":[{"href":"https:\/\/lokalmagasinet.no\/index.php?rest_route=\/wp\/v2\/posts"}],"about":[{"href":"https:\/\/lokalmagasinet.no\/index.php?rest_route=\/wp\/v2\/types\/post"}],"author":[{"embeddable":true,"href":"https:\/\/lokalmagasinet.no\/index.php?rest_route=\/wp\/v2\/users\/6"}],"replies":[{"embeddable":true,"href":"https:\/\/lokalmagasinet.no\/index.php?rest_route=%2Fwp%2Fv2%2Fcomments&post=22774"}],"version-history":[{"count":43,"href":"https:\/\/lokalmagasinet.no\/index.php?rest_route=\/wp\/v2\/posts\/22774\/revisions"}],"predecessor-version":[{"id":22819,"href":"https:\/\/lokalmagasinet.no\/index.php?rest_route=\/wp\/v2\/posts\/22774\/revisions\/22819"}],"wp:attachment":[{"href":"https:\/\/lokalmagasinet.no\/index.php?rest_route=%2Fwp%2Fv2%2Fmedia&parent=22774"}],"wp:term":[{"taxonomy":"category","embeddable":true,"href":"https:\/\/lokalmagasinet.no\/index.php?rest_route=%2Fwp%2Fv2%2Fcategories&post=22774"},{"taxonomy":"post_tag","embeddable":true,"href":"https:\/\/lokalmagasinet.no\/index.php?rest_route=%2Fwp%2Fv2%2Ftags&post=22774"}],"curies":[{"name":"wp","href":"https:\/\/api.w.org\/{rel}","templated":true}]}}