{"id":23025,"date":"2024-04-01T15:54:58","date_gmt":"2024-04-01T13:54:58","guid":{"rendered":"https:\/\/lokalmagasinet.no\/?p=23025"},"modified":"2024-04-02T10:32:14","modified_gmt":"2024-04-02T08:32:14","slug":"vil-avgi-son-til-moss","status":"publish","type":"post","link":"https:\/\/lokalmagasinet.no\/?p=23025","title":{"rendered":"VIL AVGI SON TIL MOSS!"},"content":{"rendered":"<figure id=\"attachment_14702\" aria-describedby=\"caption-attachment-14702\" style=\"width: 300px\" class=\"wp-caption alignleft\"><img loading=\"lazy\" decoding=\"async\" class=\"size-full wp-image-14702\" src=\"https:\/\/lokalmagasinet.no\/wp-content\/uploads\/2023\/02\/ser_opp_300.jpg\" alt=\"\" width=\"300\" height=\"224\" srcset=\"https:\/\/lokalmagasinet.no\/wp-content\/uploads\/2023\/02\/ser_opp_300.jpg 300w, https:\/\/lokalmagasinet.no\/wp-content\/uploads\/2023\/02\/ser_opp_300-150x112.jpg 150w\" sizes=\"auto, (max-width: 300px) 100vw, 300px\" \/><figcaption id=\"caption-attachment-14702\" class=\"wp-caption-text\">Ill.foto: <em>Apropos flyttingen av Post i Butikk fra Kiwi i Son sentrum til Rema 1000, p\u00e5 S\u00f8ndre Brevik, nesten ved grensen til Moss: &#8211; Hvor blei det av postboksa, Jenny? &#8211; Fl\u00f8y dem virkelig nesten helt til Moss, eller?<\/em> (LM Arkivfoto \/ stock.exchng)<\/figcaption><\/figure>\n<p><span class=\"ih_overskrift_4\">(Publisert 01.04.24) (Endret 02.04.24) <strong>DETTE VAR V\u00c5R APRILSP\u00d8K I \u00c5R. Men ikke tatt ut av &laquo;tomme lufta&raquo;. F\u00f8rste setning var fra en melding i LM dette \u00e5ret, med henvisning til en sann nyhetssak i \u00d8stlandets Blad: <\/strong><\/span><\/p>\n<p><strong><span class=\"ih_overskrift_2\">Et utvalg i Frogn Venstre ville i 2004 dele Follo inn i bare tre kommuner, mot dagens seks. Resten er en sp\u00f8k. Dette er alts\u00e5 ikke en sak Venstres lokallag har tatt opp igjen. <\/span><\/strong><\/p>\n<p><strong><span class=\"ih_overskrift_2\">Men med dette som utgangspunkt, har vi &laquo;spunnet en tr\u00e5d&raquo; som jo kan v\u00e6re interessant nok, eller hva?<br \/>\n<\/span><\/strong><\/p>\n<p>&nbsp;<\/p>\n<p><span class=\"ih_overskrift_2\">Utvalget vil n\u00e5 i tillegg<em> flytte fylkesgrensen<\/em>, slik at soningene blir \u00f8stfoldinger og innbyggere i Moss kommune. <\/span><\/p>\n<p><span class=\"ih_overskrift_2\"><strong>Men hvor fylkesgrensen da skal g\u00e5, sies det ikke noe om.<\/strong><br \/>\n<\/span><\/p>\n<p>Gjennom \u00e5rene har flyttetilhengere mer enn \u00e9n gang hentet opp lokale kart &#8211; og p\u00e5pekt at en ny kommunegrense med fordel kunne g\u00e5 ved Tjennskj\u00e6rnet. (Ved gamle E6).<\/p>\n<p>H\u00d8LEN M\u00c5TTE DA ligge innenfor den nye grensen. s\u00e5vidt det er. Uansett: Enkelte mossinger vil i s\u00e5 fall f\u00e5 oppfylt en dr\u00f8m om \u00e5 f\u00e5 det gamle ladestedet med sine vakre, fredede bygninger Spinnerig\u00e5rden og Thorneg\u00e5rden innenfor sine grenser.<\/p>\n<p>Men noen soninger f\u00e5r kanskje oppleve at vonde dr\u00f8mmer g\u00e5r i oppfyllelse&#8230;<em><strong> St.<\/strong><\/em><\/p>\n<p><span class=\"expandableItem\">FOLLO I AKERSHUS fylke er <\/span><span class=\"expandableItem\">omr\u00e5det som ligger mellom Oslo og \u00d8stfold, p\u00e5 \u00f8stsiden av Oslofjorden. <\/span><span class=\"expandableItem\">Det best\u00e5r av de seks kommunene Nesodden, Frogn, Nordre Follo, Vestby, \u00c5s og <em>\u00f8stenfor:<\/em> Enebakk. <\/span><span class=\"expandableItem\">Enebakk inng\u00e5r likevel i sin helhet administrativt i Follo. <\/span><span class=\"expandableItem\"><em>Navnet Follo<\/em> er avledet fra Folden, det gamle navnet p\u00e5 Oslofjorden. (Fra Wikipedia.no)<br \/>\n<\/span><\/p>\n<p>Views: 91<\/p>","protected":false},"excerpt":{"rendered":"<p>(Publisert 01.04.24) (Endret 02.04.24) DETTE VAR V\u00c5R APRILSP\u00d8K I \u00c5R. Men ikke tatt ut av &laquo;tomme lufta&raquo;. F\u00f8rste setning var fra en melding i LM dette \u00e5ret, med henvisning til &#8230; <\/p>\n<p class=\"read-more-container\"><a title=\"VIL AVGI SON TIL MOSS!\" class=\"read-more button\" href=\"https:\/\/lokalmagasinet.no\/?p=23025#more-23025\">Les mer<span class=\"screen-reader-text\">VIL AVGI SON TIL MOSS!<\/span><\/a><\/p>\n","protected":false},"author":6,"featured_media":0,"comment_status":"closed","ping_status":"closed","sticky":false,"template":"","format":"standard","meta":{"footnotes":""},"categories":[1,25,15],"tags":[],"class_list":["post-23025","post","type-post","status-publish","format-standard","hentry","category-aktuelt","category-kortnytt","category-lokalnytt"],"yoast_head":"<!-- This site is optimized with the Yoast SEO plugin v27.5 - https:\/\/yoast.com\/product\/yoast-seo-wordpress\/ -->\n<title>VIL AVGI SON TIL MOSS! | Lokalmagasinet.no<\/title>\n<meta name=\"robots\" content=\"index, follow, max-snippet:-1, max-image-preview:large, max-video-preview:-1\" \/>\n<link rel=\"canonical\" href=\"https:\/\/lokalmagasinet.no\/?p=23025\" \/>\n<meta property=\"og:locale\" content=\"nn_NO\" \/>\n<meta property=\"og:type\" content=\"article\" \/>\n<meta property=\"og:title\" content=\"VIL AVGI SON TIL MOSS! | Lokalmagasinet.no\" \/>\n<meta property=\"og:description\" content=\"(Publisert 01.04.24) (Endret 02.04.24) DETTE VAR V\u00c5R APRILSP\u00d8K I \u00c5R. Men ikke tatt ut av &laquo;tomme lufta&raquo;. F\u00f8rste setning var fra en melding i LM dette \u00e5ret, med henvisning til ... Les merVIL AVGI SON TIL MOSS!\" \/>\n<meta property=\"og:url\" content=\"https:\/\/lokalmagasinet.no\/?p=23025\" \/>\n<meta property=\"og:site_name\" content=\"Lokalmagasinet.no\" \/>\n<meta property=\"article:publisher\" content=\"https:\/\/www.facebook.com\/sveinharald.strand.1\" \/>\n<meta property=\"article:author\" content=\"https:\/\/www.facebook.com\/sveinharald.strand.1\" \/>\n<meta property=\"article:published_time\" content=\"2024-04-01T13:54:58+00:00\" \/>\n<meta property=\"article:modified_time\" content=\"2024-04-02T08:32:14+00:00\" \/>\n<meta property=\"og:image\" content=\"https:\/\/lokalmagasinet.no\/wp-content\/uploads\/2023\/02\/ser_opp_300.jpg\" \/>\n<meta name=\"author\" content=\"Svein-Harald Strand\" \/>\n<meta name=\"twitter:card\" content=\"summary_large_image\" \/>\n<meta name=\"twitter:creator\" content=\"@LMExtra\" \/>\n<meta name=\"twitter:site\" content=\"@LMExtra\" \/>\n<meta name=\"twitter:label1\" content=\"Written by\" \/>\n\t<meta name=\"twitter:data1\" content=\"Svein-Harald Strand\" \/>\n\t<meta name=\"twitter:label2\" content=\"Est. reading time\" \/>\n\t<meta name=\"twitter:data2\" content=\"2 minutt\" \/>\n<script type=\"application\/ld+json\" class=\"yoast-schema-graph\">{\"@context\":\"https:\\\/\\\/schema.org\",\"@graph\":[{\"@type\":\"Article\",\"@id\":\"https:\\\/\\\/lokalmagasinet.no\\\/?p=23025#article\",\"isPartOf\":{\"@id\":\"https:\\\/\\\/lokalmagasinet.no\\\/?p=23025\"},\"author\":{\"name\":\"Svein-Harald Strand\",\"@id\":\"https:\\\/\\\/lokalmagasinet.no\\\/#\\\/schema\\\/person\\\/2e8d221708d3aaf6f577275b5bba4310\"},\"headline\":\"VIL AVGI SON TIL MOSS!\",\"datePublished\":\"2024-04-01T13:54:58+00:00\",\"dateModified\":\"2024-04-02T08:32:14+00:00\",\"mainEntityOfPage\":{\"@id\":\"https:\\\/\\\/lokalmagasinet.no\\\/?p=23025\"},\"wordCount\":324,\"publisher\":{\"@id\":\"https:\\\/\\\/lokalmagasinet.no\\\/#organization\"},\"image\":{\"@id\":\"https:\\\/\\\/lokalmagasinet.no\\\/?p=23025#primaryimage\"},\"thumbnailUrl\":\"https:\\\/\\\/lokalmagasinet.no\\\/wp-content\\\/uploads\\\/2023\\\/02\\\/ser_opp_300.jpg\",\"articleSection\":[\"Aktuelt\",\"Kortnytt\",\"Lokalnytt\"],\"inLanguage\":\"nn-NO\"},{\"@type\":\"WebPage\",\"@id\":\"https:\\\/\\\/lokalmagasinet.no\\\/?p=23025\",\"url\":\"https:\\\/\\\/lokalmagasinet.no\\\/?p=23025\",\"name\":\"VIL AVGI SON TIL MOSS! | Lokalmagasinet.no\",\"isPartOf\":{\"@id\":\"https:\\\/\\\/lokalmagasinet.no\\\/#website\"},\"primaryImageOfPage\":{\"@id\":\"https:\\\/\\\/lokalmagasinet.no\\\/?p=23025#primaryimage\"},\"image\":{\"@id\":\"https:\\\/\\\/lokalmagasinet.no\\\/?p=23025#primaryimage\"},\"thumbnailUrl\":\"https:\\\/\\\/lokalmagasinet.no\\\/wp-content\\\/uploads\\\/2023\\\/02\\\/ser_opp_300.jpg\",\"datePublished\":\"2024-04-01T13:54:58+00:00\",\"dateModified\":\"2024-04-02T08:32:14+00:00\",\"breadcrumb\":{\"@id\":\"https:\\\/\\\/lokalmagasinet.no\\\/?p=23025#breadcrumb\"},\"inLanguage\":\"nn-NO\",\"potentialAction\":[{\"@type\":\"ReadAction\",\"target\":[\"https:\\\/\\\/lokalmagasinet.no\\\/?p=23025\"]}]},{\"@type\":\"ImageObject\",\"inLanguage\":\"nn-NO\",\"@id\":\"https:\\\/\\\/lokalmagasinet.no\\\/?p=23025#primaryimage\",\"url\":\"https:\\\/\\\/lokalmagasinet.no\\\/wp-content\\\/uploads\\\/2023\\\/02\\\/ser_opp_300.jpg\",\"contentUrl\":\"https:\\\/\\\/lokalmagasinet.no\\\/wp-content\\\/uploads\\\/2023\\\/02\\\/ser_opp_300.jpg\",\"width\":300,\"height\":224,\"caption\":\"- Hvor blei det av postboksa, Jenny? - Fl\u00f8y dem virkelig nesten helt til Moss, eller? (LM Arkivfoto)\"},{\"@type\":\"BreadcrumbList\",\"@id\":\"https:\\\/\\\/lokalmagasinet.no\\\/?p=23025#breadcrumb\",\"itemListElement\":[{\"@type\":\"ListItem\",\"position\":1,\"name\":\"Hjem\",\"item\":\"https:\\\/\\\/lokalmagasinet.no\\\/\"},{\"@type\":\"ListItem\",\"position\":2,\"name\":\"VIL AVGI SON TIL MOSS!\"}]},{\"@type\":\"WebSite\",\"@id\":\"https:\\\/\\\/lokalmagasinet.no\\\/#website\",\"url\":\"https:\\\/\\\/lokalmagasinet.no\\\/\",\"name\":\"Lokalmagasinet.no\",\"description\":\"Fra fortid og n\u00e5tid. Med st\u00e5sted i det n\u00e6re. Siden 2002.\",\"publisher\":{\"@id\":\"https:\\\/\\\/lokalmagasinet.no\\\/#organization\"},\"potentialAction\":[{\"@type\":\"SearchAction\",\"target\":{\"@type\":\"EntryPoint\",\"urlTemplate\":\"https:\\\/\\\/lokalmagasinet.no\\\/?s={search_term_string}\"},\"query-input\":{\"@type\":\"PropertyValueSpecification\",\"valueRequired\":true,\"valueName\":\"search_term_string\"}}],\"inLanguage\":\"nn-NO\"},{\"@type\":\"Organization\",\"@id\":\"https:\\\/\\\/lokalmagasinet.no\\\/#organization\",\"name\":\"Lokalmagasinet.no\",\"url\":\"https:\\\/\\\/lokalmagasinet.no\\\/\",\"logo\":{\"@type\":\"ImageObject\",\"inLanguage\":\"nn-NO\",\"@id\":\"https:\\\/\\\/lokalmagasinet.no\\\/#\\\/schema\\\/logo\\\/image\\\/\",\"url\":\"https:\\\/\\\/lokalmagasinet.no\\\/wp-content\\\/uploads\\\/2021\\\/03\\\/cropped-cropped-cropped-cropped-cropped-cropped-lmlogo-e1640691300821.jpg\",\"contentUrl\":\"https:\\\/\\\/lokalmagasinet.no\\\/wp-content\\\/uploads\\\/2021\\\/03\\\/cropped-cropped-cropped-cropped-cropped-cropped-lmlogo-e1640691300821.jpg\",\"width\":72,\"height\":118,\"caption\":\"Lokalmagasinet.no\"},\"image\":{\"@id\":\"https:\\\/\\\/lokalmagasinet.no\\\/#\\\/schema\\\/logo\\\/image\\\/\"},\"sameAs\":[\"https:\\\/\\\/www.facebook.com\\\/sveinharald.strand.1\",\"https:\\\/\\\/x.com\\\/LMExtra\"]},{\"@type\":\"Person\",\"@id\":\"https:\\\/\\\/lokalmagasinet.no\\\/#\\\/schema\\\/person\\\/2e8d221708d3aaf6f577275b5bba4310\",\"name\":\"Svein-Harald Strand\",\"image\":{\"@type\":\"ImageObject\",\"inLanguage\":\"nn-NO\",\"@id\":\"https:\\\/\\\/secure.gravatar.com\\\/avatar\\\/c487434bdf6cd7c12e4a88877ae4b12c38d22b7ad64292b49d33ed7503bb7ce1?s=96&d=mm&r=g\",\"url\":\"https:\\\/\\\/secure.gravatar.com\\\/avatar\\\/c487434bdf6cd7c12e4a88877ae4b12c38d22b7ad64292b49d33ed7503bb7ce1?s=96&d=mm&r=g\",\"contentUrl\":\"https:\\\/\\\/secure.gravatar.com\\\/avatar\\\/c487434bdf6cd7c12e4a88877ae4b12c38d22b7ad64292b49d33ed7503bb7ce1?s=96&d=mm&r=g\",\"caption\":\"Svein-Harald Strand\"},\"description\":\"(F. 26.12.1945) Redakt\u00f8r, journalist og informasjonsarbeider siden 1968. ||| I 1963: Redaksjonell praktikant i 8 m\u00e5neder p\u00e5 full tid i Helgeland Arbeiderblad i hjembyen Mosj\u00f8en. ||| Arbeidende pensjonist med hjemmekontor fra 2008 (AFP) og videre som folkepensjonist til n\u00e5.\",\"sameAs\":[\"https:\\\/\\\/lokalmagasinet.no\\\/\",\"https:\\\/\\\/www.facebook.com\\\/sveinharald.strand.1\",\"https:\\\/\\\/x.com\\\/LMExtra\"],\"url\":\"https:\\\/\\\/lokalmagasinet.no\\\/?author=6\"}]}<\/script>\n<!-- \/ Yoast SEO plugin. -->","yoast_head_json":{"title":"VIL AVGI SON TIL MOSS! | Lokalmagasinet.no","robots":{"index":"index","follow":"follow","max-snippet":"max-snippet:-1","max-image-preview":"max-image-preview:large","max-video-preview":"max-video-preview:-1"},"canonical":"https:\/\/lokalmagasinet.no\/?p=23025","og_locale":"nn_NO","og_type":"article","og_title":"VIL AVGI SON TIL MOSS! | Lokalmagasinet.no","og_description":"(Publisert 01.04.24) (Endret 02.04.24) DETTE VAR V\u00c5R APRILSP\u00d8K I \u00c5R. Men ikke tatt ut av &laquo;tomme lufta&raquo;. F\u00f8rste setning var fra en melding i LM dette \u00e5ret, med henvisning til ... Les merVIL AVGI SON TIL MOSS!","og_url":"https:\/\/lokalmagasinet.no\/?p=23025","og_site_name":"Lokalmagasinet.no","article_publisher":"https:\/\/www.facebook.com\/sveinharald.strand.1","article_author":"https:\/\/www.facebook.com\/sveinharald.strand.1","article_published_time":"2024-04-01T13:54:58+00:00","article_modified_time":"2024-04-02T08:32:14+00:00","og_image":[{"url":"https:\/\/lokalmagasinet.no\/wp-content\/uploads\/2023\/02\/ser_opp_300.jpg","type":"","width":"","height":""}],"author":"Svein-Harald Strand","twitter_card":"summary_large_image","twitter_creator":"@LMExtra","twitter_site":"@LMExtra","twitter_misc":{"Written by":"Svein-Harald Strand","Est. reading time":"2 minutt"},"schema":{"@context":"https:\/\/schema.org","@graph":[{"@type":"Article","@id":"https:\/\/lokalmagasinet.no\/?p=23025#article","isPartOf":{"@id":"https:\/\/lokalmagasinet.no\/?p=23025"},"author":{"name":"Svein-Harald Strand","@id":"https:\/\/lokalmagasinet.no\/#\/schema\/person\/2e8d221708d3aaf6f577275b5bba4310"},"headline":"VIL AVGI SON TIL MOSS!","datePublished":"2024-04-01T13:54:58+00:00","dateModified":"2024-04-02T08:32:14+00:00","mainEntityOfPage":{"@id":"https:\/\/lokalmagasinet.no\/?p=23025"},"wordCount":324,"publisher":{"@id":"https:\/\/lokalmagasinet.no\/#organization"},"image":{"@id":"https:\/\/lokalmagasinet.no\/?p=23025#primaryimage"},"thumbnailUrl":"https:\/\/lokalmagasinet.no\/wp-content\/uploads\/2023\/02\/ser_opp_300.jpg","articleSection":["Aktuelt","Kortnytt","Lokalnytt"],"inLanguage":"nn-NO"},{"@type":"WebPage","@id":"https:\/\/lokalmagasinet.no\/?p=23025","url":"https:\/\/lokalmagasinet.no\/?p=23025","name":"VIL AVGI SON TIL MOSS! | Lokalmagasinet.no","isPartOf":{"@id":"https:\/\/lokalmagasinet.no\/#website"},"primaryImageOfPage":{"@id":"https:\/\/lokalmagasinet.no\/?p=23025#primaryimage"},"image":{"@id":"https:\/\/lokalmagasinet.no\/?p=23025#primaryimage"},"thumbnailUrl":"https:\/\/lokalmagasinet.no\/wp-content\/uploads\/2023\/02\/ser_opp_300.jpg","datePublished":"2024-04-01T13:54:58+00:00","dateModified":"2024-04-02T08:32:14+00:00","breadcrumb":{"@id":"https:\/\/lokalmagasinet.no\/?p=23025#breadcrumb"},"inLanguage":"nn-NO","potentialAction":[{"@type":"ReadAction","target":["https:\/\/lokalmagasinet.no\/?p=23025"]}]},{"@type":"ImageObject","inLanguage":"nn-NO","@id":"https:\/\/lokalmagasinet.no\/?p=23025#primaryimage","url":"https:\/\/lokalmagasinet.no\/wp-content\/uploads\/2023\/02\/ser_opp_300.jpg","contentUrl":"https:\/\/lokalmagasinet.no\/wp-content\/uploads\/2023\/02\/ser_opp_300.jpg","width":300,"height":224,"caption":"- Hvor blei det av postboksa, Jenny? - Fl\u00f8y dem virkelig nesten helt til Moss, eller? (LM Arkivfoto)"},{"@type":"BreadcrumbList","@id":"https:\/\/lokalmagasinet.no\/?p=23025#breadcrumb","itemListElement":[{"@type":"ListItem","position":1,"name":"Hjem","item":"https:\/\/lokalmagasinet.no\/"},{"@type":"ListItem","position":2,"name":"VIL AVGI SON TIL MOSS!"}]},{"@type":"WebSite","@id":"https:\/\/lokalmagasinet.no\/#website","url":"https:\/\/lokalmagasinet.no\/","name":"Lokalmagasinet.no","description":"Fra fortid og n\u00e5tid. Med st\u00e5sted i det n\u00e6re. Siden 2002.","publisher":{"@id":"https:\/\/lokalmagasinet.no\/#organization"},"potentialAction":[{"@type":"SearchAction","target":{"@type":"EntryPoint","urlTemplate":"https:\/\/lokalmagasinet.no\/?s={search_term_string}"},"query-input":{"@type":"PropertyValueSpecification","valueRequired":true,"valueName":"search_term_string"}}],"inLanguage":"nn-NO"},{"@type":"Organization","@id":"https:\/\/lokalmagasinet.no\/#organization","name":"Lokalmagasinet.no","url":"https:\/\/lokalmagasinet.no\/","logo":{"@type":"ImageObject","inLanguage":"nn-NO","@id":"https:\/\/lokalmagasinet.no\/#\/schema\/logo\/image\/","url":"https:\/\/lokalmagasinet.no\/wp-content\/uploads\/2021\/03\/cropped-cropped-cropped-cropped-cropped-cropped-lmlogo-e1640691300821.jpg","contentUrl":"https:\/\/lokalmagasinet.no\/wp-content\/uploads\/2021\/03\/cropped-cropped-cropped-cropped-cropped-cropped-lmlogo-e1640691300821.jpg","width":72,"height":118,"caption":"Lokalmagasinet.no"},"image":{"@id":"https:\/\/lokalmagasinet.no\/#\/schema\/logo\/image\/"},"sameAs":["https:\/\/www.facebook.com\/sveinharald.strand.1","https:\/\/x.com\/LMExtra"]},{"@type":"Person","@id":"https:\/\/lokalmagasinet.no\/#\/schema\/person\/2e8d221708d3aaf6f577275b5bba4310","name":"Svein-Harald Strand","image":{"@type":"ImageObject","inLanguage":"nn-NO","@id":"https:\/\/secure.gravatar.com\/avatar\/c487434bdf6cd7c12e4a88877ae4b12c38d22b7ad64292b49d33ed7503bb7ce1?s=96&d=mm&r=g","url":"https:\/\/secure.gravatar.com\/avatar\/c487434bdf6cd7c12e4a88877ae4b12c38d22b7ad64292b49d33ed7503bb7ce1?s=96&d=mm&r=g","contentUrl":"https:\/\/secure.gravatar.com\/avatar\/c487434bdf6cd7c12e4a88877ae4b12c38d22b7ad64292b49d33ed7503bb7ce1?s=96&d=mm&r=g","caption":"Svein-Harald Strand"},"description":"(F. 26.12.1945) Redakt\u00f8r, journalist og informasjonsarbeider siden 1968. ||| I 1963: Redaksjonell praktikant i 8 m\u00e5neder p\u00e5 full tid i Helgeland Arbeiderblad i hjembyen Mosj\u00f8en. ||| Arbeidende pensjonist med hjemmekontor fra 2008 (AFP) og videre som folkepensjonist til n\u00e5.","sameAs":["https:\/\/lokalmagasinet.no\/","https:\/\/www.facebook.com\/sveinharald.strand.1","https:\/\/x.com\/LMExtra"],"url":"https:\/\/lokalmagasinet.no\/?author=6"}]}},"_links":{"self":[{"href":"https:\/\/lokalmagasinet.no\/index.php?rest_route=\/wp\/v2\/posts\/23025","targetHints":{"allow":["GET"]}}],"collection":[{"href":"https:\/\/lokalmagasinet.no\/index.php?rest_route=\/wp\/v2\/posts"}],"about":[{"href":"https:\/\/lokalmagasinet.no\/index.php?rest_route=\/wp\/v2\/types\/post"}],"author":[{"embeddable":true,"href":"https:\/\/lokalmagasinet.no\/index.php?rest_route=\/wp\/v2\/users\/6"}],"replies":[{"embeddable":true,"href":"https:\/\/lokalmagasinet.no\/index.php?rest_route=%2Fwp%2Fv2%2Fcomments&post=23025"}],"version-history":[{"count":18,"href":"https:\/\/lokalmagasinet.no\/index.php?rest_route=\/wp\/v2\/posts\/23025\/revisions"}],"predecessor-version":[{"id":23055,"href":"https:\/\/lokalmagasinet.no\/index.php?rest_route=\/wp\/v2\/posts\/23025\/revisions\/23055"}],"wp:attachment":[{"href":"https:\/\/lokalmagasinet.no\/index.php?rest_route=%2Fwp%2Fv2%2Fmedia&parent=23025"}],"wp:term":[{"taxonomy":"category","embeddable":true,"href":"https:\/\/lokalmagasinet.no\/index.php?rest_route=%2Fwp%2Fv2%2Fcategories&post=23025"},{"taxonomy":"post_tag","embeddable":true,"href":"https:\/\/lokalmagasinet.no\/index.php?rest_route=%2Fwp%2Fv2%2Ftags&post=23025"}],"curies":[{"name":"wp","href":"https:\/\/api.w.org\/{rel}","templated":true}]}}