{"id":23102,"date":"2024-04-10T22:47:43","date_gmt":"2024-04-10T20:47:43","guid":{"rendered":"https:\/\/lokalmagasinet.no\/?p=23102"},"modified":"2024-04-11T17:00:48","modified_gmt":"2024-04-11T15:00:48","slug":"nynorskens-historie-i-vefsn","status":"publish","type":"post","link":"https:\/\/lokalmagasinet.no\/?p=23102","title":{"rendered":"Nynorskens historie i Vefsn"},"content":{"rendered":"<p><img loading=\"lazy\" decoding=\"async\" class=\"alignnone size-full wp-image-23236\" src=\"https:\/\/lokalmagasinet.no\/wp-content\/uploads\/2024\/04\/standard_compressed_ivar-aasen.jpg\" alt=\"\" width=\"700\" height=\"925\" srcset=\"https:\/\/lokalmagasinet.no\/wp-content\/uploads\/2024\/04\/standard_compressed_ivar-aasen.jpg 700w, https:\/\/lokalmagasinet.no\/wp-content\/uploads\/2024\/04\/standard_compressed_ivar-aasen-227x300.jpg 227w, https:\/\/lokalmagasinet.no\/wp-content\/uploads\/2024\/04\/standard_compressed_ivar-aasen-114x150.jpg 114w\" sizes=\"auto, (max-width: 700px) 100vw, 700px\" \/><\/p>\n<p><em><span class=\"mw-mmv-title\">Eit portrett av spr\u00e5kforskaren, spr\u00e5kgrunnleggjaren og diktaren Ivar Aasen (1813-1896). Biletet er teke i 1871 d\u00e5 Aasen var 58 \u00e5r gammal. At han endeleg let seg avfotografere, hadde ein s\u00e6rleg grunn. Systra hans, Ingeborg Melset, bad han om \u00e5 f\u00e5 eit bilete. I dagboka 11. august 1871 skriv Aasen: &laquo;Hos en Fotograf&raquo;. To dagar seinare les vi: &laquo;Hos Fotografen 1 dl. Slet Hum\u00f8r&raquo;. <\/span><\/em><span class=\"mw-mmv-title\">(<\/span><span class=\"mw-mmv-title\">Kjelde: Djupedal, Reidar (1988): &laquo;Ivar Aasen og den nye svartekunsten&raquo;. Syn og Segn 1-2\/1988)<br \/>\n<\/span><\/p>\n<p>(Publisert 10.04.24) (Tekst- og kildesamling redigert av Svein-H. Strand. Del 1) <strong>&laquo;Nynorskens far&raquo;, Ivar Aasen, reiste nordover fr\u00e5 Vestlandet og kom seg heilt til Troms\u00f8. Det har et v\u00e6rt skrevet at han ikkje kom lenger enn til Midt-Helgeland fordi pengene ikkje strakk til. Men p\u00e5 nettet st\u00e5r det no faktisk at han kom seg heilt nord til Troms\u00f8.<br \/>\n<\/strong><\/p>\n<p>Okke som er, han laga interessante opptegnelser om mellom anna talem\u00e5ter p\u00e5 Helgeland. Og om ord brukt i Vefsn som han meinte hadde r\u00f8tter i b\u00e5de gamalnorsk og dialekter p\u00e5 Vestlandet.<\/p>\n<p>Vefsnm\u00e5let er dialekta som vert tala i det meste av kommunane Vefsn, Grane, Hattfjelldal, Leirfjord, Vevelstad, Alstahaug, Her\u00f8y og den s\u00f8rlege delen av D\u00f8nna.<\/p>\n<p>Her er ei oversikt over relativt ny litteratur om emnet:<\/p>\n<p>Per Sj\u00e5vik (1951) fr\u00e5 Mosj\u00f8en, lektor ved Mosj\u00f8en videreg\u00e5ende skole, har skrive om dialektar og stadnamn p\u00e5 Helgeland. Mellom anna:<\/p>\n<ul>\n<li>\u00abDialektane p\u00e5 S\u00f8r-Helgeland\u00bb, I \u00c5rbok for Helgeland 1998-99, side 44-59 (nynorsk)<\/li>\n<li>\u00abUtviklingstendenser i Vefsnm\u00e5let\u00bb Hovedoppgave i nordisk, Universitetet i Trondheim 1984 (bokm\u00e5l)<\/li>\n<li>\u00abNynorsk i Vefsn. Innf\u00f8ring i nynorsk med Vefsn-dialekten som grunnlag\u00bb, 1982\n<ul>\n<li id=\"cite_note-:3-1\"><span class=\"reference-text\"><cite class=\"citation book\">Per Sj\u00e5vik (1998). \u00abDialektane p\u00e5 Helgeland\u00bb. <i>\u00c5rbok for Helgeland<\/i>.<\/cite><\/span><\/li>\n<li id=\"cite_note-2\"><\/li>\n<li id=\"cite_note-2\"><span class=\"reference-text\">Etter Hallfrid Christiansen <i>Norske dialekter<\/i>, i Kjell \u00d8ksendal: M\u00e5lf\u00f8ret i vefsnbygdene<\/span><\/li>\n<li id=\"cite_note-:0-3\"><\/li>\n<li id=\"cite_note-:0-3\"><span class=\"reference-text\">Kjell \u00d8ksendal: M\u00e5lf\u00f8ret i vefsnbygdene, i Vefsn bygdebok b. III (Mosj\u00f8en 1977)<\/span><\/li>\n<li id=\"cite_note-:4-4\"><\/li>\n<li id=\"cite_note-:4-4\"><span class=\"reference-text\"><cite class=\"citation book\"><em>\u00d8yvind Jenssen: <\/em><i>Helgelandsm\u00e5let i Leirfjord<\/i>.<\/cite><\/span><\/li>\n<li id=\"cite_note-:1-5\"><\/li>\n<li id=\"cite_note-:1-5\"><span class=\"reference-text\">Vilhjelm Riksheim (1921): <i>Ljodvoksteren i<\/i> Vefsn-m\u00e5let<i>. Kra.<\/i><\/span><\/li>\n<li id=\"cite_note-:2-6\"><\/li>\n<li id=\"cite_note-:2-6\"><span class=\"reference-text\"><cite class=\"citation book\">Reidar Svare (1950). <i>Far etter fedrane: Folkeminne innsamla i Vefsn<\/i>. Vefsn Historielag.<\/cite><\/span><\/li>\n<li id=\"cite_note-7\"><\/li>\n<li id=\"cite_note-7\"><span class=\"reference-text\">Ivar Aasen Dagb\u00f8ker 1846-50<\/span><\/li>\n<li id=\"cite_note-:5-8\"><\/li>\n<li id=\"cite_note-:5-8\"><span class=\"reference-text\">Om Heming Ivar Aasen: <i>Pr\u00f8ver af Landsmaalet i Norge<\/i><\/span><\/li>\n<li><\/li>\n<li><span class=\"reference-text\"><cite class=\"citation book\">Halvard Lundestad (2004). <i>Ordsamling fr\u00e5 Vefsn<\/i> (2 utg.).<\/cite><\/span>\n<div id=\"bodyContent\" class=\"vector-body ve-init-mw-desktopArticleTarget-targetContainer\" aria-labelledby=\"firstHeading\" data-mw-ve-target-container=\"\">\n<div id=\"mw-content-text\" class=\"mw-body-content ve-init-mw-desktopArticleTarget-editableContent\">\n<div class=\"mw-content-ltr mw-parser-output\" dir=\"ltr\" lang=\"nn\">\n<div class=\"reflist\">\n<div class=\"mw-references-wrap\"><\/div>\n<\/div>\n<\/div>\n<\/div>\n<\/div>\n<\/li>\n<\/ul>\n<\/li>\n<\/ul>\n<p>Views: 164<\/p>","protected":false},"excerpt":{"rendered":"<p>Eit portrett av spr\u00e5kforskaren, spr\u00e5kgrunnleggjaren og diktaren Ivar Aasen (1813-1896). Biletet er teke i 1871 d\u00e5 Aasen var 58 \u00e5r gammal. At han endeleg let seg avfotografere, hadde ein s\u00e6rleg &#8230; <\/p>\n<p class=\"read-more-container\"><a title=\"Nynorskens historie i Vefsn\" class=\"read-more button\" href=\"https:\/\/lokalmagasinet.no\/?p=23102#more-23102\">Les mer<span class=\"screen-reader-text\">Nynorskens historie i Vefsn<\/span><\/a><\/p>\n","protected":false},"author":6,"featured_media":0,"comment_status":"closed","ping_status":"closed","sticky":false,"template":"","format":"standard","meta":{"footnotes":""},"categories":[1,121],"tags":[],"class_list":["post-23102","post","type-post","status-publish","format-standard","hentry","category-aktuelt","category-nynorsk"],"yoast_head":"<!-- This site is optimized with the Yoast SEO plugin v27.4 - https:\/\/yoast.com\/product\/yoast-seo-wordpress\/ -->\n<title>Nynorskens historie i Vefsn | Lokalmagasinet.no<\/title>\n<meta name=\"robots\" content=\"index, follow, max-snippet:-1, max-image-preview:large, max-video-preview:-1\" \/>\n<link rel=\"canonical\" href=\"https:\/\/lokalmagasinet.no\/?p=23102\" \/>\n<meta property=\"og:locale\" content=\"nn_NO\" \/>\n<meta property=\"og:type\" content=\"article\" \/>\n<meta property=\"og:title\" content=\"Nynorskens historie i Vefsn | Lokalmagasinet.no\" \/>\n<meta property=\"og:description\" content=\"Eit portrett av spr\u00e5kforskaren, spr\u00e5kgrunnleggjaren og diktaren Ivar Aasen (1813-1896). Biletet er teke i 1871 d\u00e5 Aasen var 58 \u00e5r gammal. At han endeleg let seg avfotografere, hadde ein s\u00e6rleg ... Les merNynorskens historie i Vefsn\" \/>\n<meta property=\"og:url\" content=\"https:\/\/lokalmagasinet.no\/?p=23102\" \/>\n<meta property=\"og:site_name\" content=\"Lokalmagasinet.no\" \/>\n<meta property=\"article:publisher\" content=\"https:\/\/www.facebook.com\/sveinharald.strand.1\" \/>\n<meta property=\"article:author\" content=\"https:\/\/www.facebook.com\/sveinharald.strand.1\" \/>\n<meta property=\"article:published_time\" content=\"2024-04-10T20:47:43+00:00\" \/>\n<meta property=\"article:modified_time\" content=\"2024-04-11T15:00:48+00:00\" \/>\n<meta property=\"og:image\" content=\"https:\/\/lokalmagasinet.no\/wp-content\/uploads\/2024\/04\/standard_compressed_ivar-aasen.jpg\" \/>\n<meta name=\"author\" content=\"Svein-Harald Strand\" \/>\n<meta name=\"twitter:card\" content=\"summary_large_image\" \/>\n<meta name=\"twitter:creator\" content=\"@LMExtra\" \/>\n<meta name=\"twitter:site\" content=\"@LMExtra\" \/>\n<meta name=\"twitter:label1\" content=\"Written by\" \/>\n\t<meta name=\"twitter:data1\" content=\"Svein-Harald Strand\" \/>\n\t<meta name=\"twitter:label2\" content=\"Est. reading time\" \/>\n\t<meta name=\"twitter:data2\" content=\"2 minutt\" \/>\n<script type=\"application\/ld+json\" class=\"yoast-schema-graph\">{\"@context\":\"https:\\\/\\\/schema.org\",\"@graph\":[{\"@type\":\"Article\",\"@id\":\"https:\\\/\\\/lokalmagasinet.no\\\/?p=23102#article\",\"isPartOf\":{\"@id\":\"https:\\\/\\\/lokalmagasinet.no\\\/?p=23102\"},\"author\":{\"name\":\"Svein-Harald Strand\",\"@id\":\"https:\\\/\\\/lokalmagasinet.no\\\/#\\\/schema\\\/person\\\/2e8d221708d3aaf6f577275b5bba4310\"},\"headline\":\"Nynorskens historie i Vefsn\",\"datePublished\":\"2024-04-10T20:47:43+00:00\",\"dateModified\":\"2024-04-11T15:00:48+00:00\",\"mainEntityOfPage\":{\"@id\":\"https:\\\/\\\/lokalmagasinet.no\\\/?p=23102\"},\"wordCount\":347,\"publisher\":{\"@id\":\"https:\\\/\\\/lokalmagasinet.no\\\/#organization\"},\"image\":{\"@id\":\"https:\\\/\\\/lokalmagasinet.no\\\/?p=23102#primaryimage\"},\"thumbnailUrl\":\"https:\\\/\\\/lokalmagasinet.no\\\/wp-content\\\/uploads\\\/2024\\\/04\\\/standard_compressed_ivar-aasen.jpg\",\"articleSection\":[\"Aktuelt\",\"Nynorsk\"],\"inLanguage\":\"nn-NO\"},{\"@type\":\"WebPage\",\"@id\":\"https:\\\/\\\/lokalmagasinet.no\\\/?p=23102\",\"url\":\"https:\\\/\\\/lokalmagasinet.no\\\/?p=23102\",\"name\":\"Nynorskens historie i Vefsn | Lokalmagasinet.no\",\"isPartOf\":{\"@id\":\"https:\\\/\\\/lokalmagasinet.no\\\/#website\"},\"primaryImageOfPage\":{\"@id\":\"https:\\\/\\\/lokalmagasinet.no\\\/?p=23102#primaryimage\"},\"image\":{\"@id\":\"https:\\\/\\\/lokalmagasinet.no\\\/?p=23102#primaryimage\"},\"thumbnailUrl\":\"https:\\\/\\\/lokalmagasinet.no\\\/wp-content\\\/uploads\\\/2024\\\/04\\\/standard_compressed_ivar-aasen.jpg\",\"datePublished\":\"2024-04-10T20:47:43+00:00\",\"dateModified\":\"2024-04-11T15:00:48+00:00\",\"breadcrumb\":{\"@id\":\"https:\\\/\\\/lokalmagasinet.no\\\/?p=23102#breadcrumb\"},\"inLanguage\":\"nn-NO\",\"potentialAction\":[{\"@type\":\"ReadAction\",\"target\":[\"https:\\\/\\\/lokalmagasinet.no\\\/?p=23102\"]}]},{\"@type\":\"ImageObject\",\"inLanguage\":\"nn-NO\",\"@id\":\"https:\\\/\\\/lokalmagasinet.no\\\/?p=23102#primaryimage\",\"url\":\"https:\\\/\\\/lokalmagasinet.no\\\/wp-content\\\/uploads\\\/2024\\\/04\\\/standard_compressed_ivar-aasen.jpg\",\"contentUrl\":\"https:\\\/\\\/lokalmagasinet.no\\\/wp-content\\\/uploads\\\/2024\\\/04\\\/standard_compressed_ivar-aasen.jpg\",\"width\":700,\"height\":925},{\"@type\":\"BreadcrumbList\",\"@id\":\"https:\\\/\\\/lokalmagasinet.no\\\/?p=23102#breadcrumb\",\"itemListElement\":[{\"@type\":\"ListItem\",\"position\":1,\"name\":\"Hjem\",\"item\":\"https:\\\/\\\/lokalmagasinet.no\\\/\"},{\"@type\":\"ListItem\",\"position\":2,\"name\":\"Nynorskens historie i Vefsn\"}]},{\"@type\":\"WebSite\",\"@id\":\"https:\\\/\\\/lokalmagasinet.no\\\/#website\",\"url\":\"https:\\\/\\\/lokalmagasinet.no\\\/\",\"name\":\"Lokalmagasinet.no\",\"description\":\"Fra fortid og n\u00e5tid. Med st\u00e5sted i det n\u00e6re. Siden 2002.\",\"publisher\":{\"@id\":\"https:\\\/\\\/lokalmagasinet.no\\\/#organization\"},\"potentialAction\":[{\"@type\":\"SearchAction\",\"target\":{\"@type\":\"EntryPoint\",\"urlTemplate\":\"https:\\\/\\\/lokalmagasinet.no\\\/?s={search_term_string}\"},\"query-input\":{\"@type\":\"PropertyValueSpecification\",\"valueRequired\":true,\"valueName\":\"search_term_string\"}}],\"inLanguage\":\"nn-NO\"},{\"@type\":\"Organization\",\"@id\":\"https:\\\/\\\/lokalmagasinet.no\\\/#organization\",\"name\":\"Lokalmagasinet.no\",\"url\":\"https:\\\/\\\/lokalmagasinet.no\\\/\",\"logo\":{\"@type\":\"ImageObject\",\"inLanguage\":\"nn-NO\",\"@id\":\"https:\\\/\\\/lokalmagasinet.no\\\/#\\\/schema\\\/logo\\\/image\\\/\",\"url\":\"https:\\\/\\\/lokalmagasinet.no\\\/wp-content\\\/uploads\\\/2021\\\/03\\\/cropped-cropped-cropped-cropped-cropped-cropped-lmlogo-e1640691300821.jpg\",\"contentUrl\":\"https:\\\/\\\/lokalmagasinet.no\\\/wp-content\\\/uploads\\\/2021\\\/03\\\/cropped-cropped-cropped-cropped-cropped-cropped-lmlogo-e1640691300821.jpg\",\"width\":72,\"height\":118,\"caption\":\"Lokalmagasinet.no\"},\"image\":{\"@id\":\"https:\\\/\\\/lokalmagasinet.no\\\/#\\\/schema\\\/logo\\\/image\\\/\"},\"sameAs\":[\"https:\\\/\\\/www.facebook.com\\\/sveinharald.strand.1\",\"https:\\\/\\\/x.com\\\/LMExtra\"]},{\"@type\":\"Person\",\"@id\":\"https:\\\/\\\/lokalmagasinet.no\\\/#\\\/schema\\\/person\\\/2e8d221708d3aaf6f577275b5bba4310\",\"name\":\"Svein-Harald Strand\",\"image\":{\"@type\":\"ImageObject\",\"inLanguage\":\"nn-NO\",\"@id\":\"https:\\\/\\\/secure.gravatar.com\\\/avatar\\\/c487434bdf6cd7c12e4a88877ae4b12c38d22b7ad64292b49d33ed7503bb7ce1?s=96&d=mm&r=g\",\"url\":\"https:\\\/\\\/secure.gravatar.com\\\/avatar\\\/c487434bdf6cd7c12e4a88877ae4b12c38d22b7ad64292b49d33ed7503bb7ce1?s=96&d=mm&r=g\",\"contentUrl\":\"https:\\\/\\\/secure.gravatar.com\\\/avatar\\\/c487434bdf6cd7c12e4a88877ae4b12c38d22b7ad64292b49d33ed7503bb7ce1?s=96&d=mm&r=g\",\"caption\":\"Svein-Harald Strand\"},\"description\":\"(F. 26.12.1945) Redakt\u00f8r, journalist og informasjonsarbeider siden 1968. ||| I 1963: Redaksjonell praktikant i 8 m\u00e5neder p\u00e5 full tid i Helgeland Arbeiderblad i hjembyen Mosj\u00f8en. ||| Arbeidende pensjonist med hjemmekontor fra 2008 (AFP) og videre som folkepensjonist til n\u00e5.\",\"sameAs\":[\"https:\\\/\\\/lokalmagasinet.no\\\/\",\"https:\\\/\\\/www.facebook.com\\\/sveinharald.strand.1\",\"https:\\\/\\\/x.com\\\/LMExtra\"],\"url\":\"https:\\\/\\\/lokalmagasinet.no\\\/?author=6\"}]}<\/script>\n<!-- \/ Yoast SEO plugin. -->","yoast_head_json":{"title":"Nynorskens historie i Vefsn | Lokalmagasinet.no","robots":{"index":"index","follow":"follow","max-snippet":"max-snippet:-1","max-image-preview":"max-image-preview:large","max-video-preview":"max-video-preview:-1"},"canonical":"https:\/\/lokalmagasinet.no\/?p=23102","og_locale":"nn_NO","og_type":"article","og_title":"Nynorskens historie i Vefsn | Lokalmagasinet.no","og_description":"Eit portrett av spr\u00e5kforskaren, spr\u00e5kgrunnleggjaren og diktaren Ivar Aasen (1813-1896). Biletet er teke i 1871 d\u00e5 Aasen var 58 \u00e5r gammal. At han endeleg let seg avfotografere, hadde ein s\u00e6rleg ... Les merNynorskens historie i Vefsn","og_url":"https:\/\/lokalmagasinet.no\/?p=23102","og_site_name":"Lokalmagasinet.no","article_publisher":"https:\/\/www.facebook.com\/sveinharald.strand.1","article_author":"https:\/\/www.facebook.com\/sveinharald.strand.1","article_published_time":"2024-04-10T20:47:43+00:00","article_modified_time":"2024-04-11T15:00:48+00:00","og_image":[{"url":"https:\/\/lokalmagasinet.no\/wp-content\/uploads\/2024\/04\/standard_compressed_ivar-aasen.jpg","type":"","width":"","height":""}],"author":"Svein-Harald Strand","twitter_card":"summary_large_image","twitter_creator":"@LMExtra","twitter_site":"@LMExtra","twitter_misc":{"Written by":"Svein-Harald Strand","Est. reading time":"2 minutt"},"schema":{"@context":"https:\/\/schema.org","@graph":[{"@type":"Article","@id":"https:\/\/lokalmagasinet.no\/?p=23102#article","isPartOf":{"@id":"https:\/\/lokalmagasinet.no\/?p=23102"},"author":{"name":"Svein-Harald Strand","@id":"https:\/\/lokalmagasinet.no\/#\/schema\/person\/2e8d221708d3aaf6f577275b5bba4310"},"headline":"Nynorskens historie i Vefsn","datePublished":"2024-04-10T20:47:43+00:00","dateModified":"2024-04-11T15:00:48+00:00","mainEntityOfPage":{"@id":"https:\/\/lokalmagasinet.no\/?p=23102"},"wordCount":347,"publisher":{"@id":"https:\/\/lokalmagasinet.no\/#organization"},"image":{"@id":"https:\/\/lokalmagasinet.no\/?p=23102#primaryimage"},"thumbnailUrl":"https:\/\/lokalmagasinet.no\/wp-content\/uploads\/2024\/04\/standard_compressed_ivar-aasen.jpg","articleSection":["Aktuelt","Nynorsk"],"inLanguage":"nn-NO"},{"@type":"WebPage","@id":"https:\/\/lokalmagasinet.no\/?p=23102","url":"https:\/\/lokalmagasinet.no\/?p=23102","name":"Nynorskens historie i Vefsn | Lokalmagasinet.no","isPartOf":{"@id":"https:\/\/lokalmagasinet.no\/#website"},"primaryImageOfPage":{"@id":"https:\/\/lokalmagasinet.no\/?p=23102#primaryimage"},"image":{"@id":"https:\/\/lokalmagasinet.no\/?p=23102#primaryimage"},"thumbnailUrl":"https:\/\/lokalmagasinet.no\/wp-content\/uploads\/2024\/04\/standard_compressed_ivar-aasen.jpg","datePublished":"2024-04-10T20:47:43+00:00","dateModified":"2024-04-11T15:00:48+00:00","breadcrumb":{"@id":"https:\/\/lokalmagasinet.no\/?p=23102#breadcrumb"},"inLanguage":"nn-NO","potentialAction":[{"@type":"ReadAction","target":["https:\/\/lokalmagasinet.no\/?p=23102"]}]},{"@type":"ImageObject","inLanguage":"nn-NO","@id":"https:\/\/lokalmagasinet.no\/?p=23102#primaryimage","url":"https:\/\/lokalmagasinet.no\/wp-content\/uploads\/2024\/04\/standard_compressed_ivar-aasen.jpg","contentUrl":"https:\/\/lokalmagasinet.no\/wp-content\/uploads\/2024\/04\/standard_compressed_ivar-aasen.jpg","width":700,"height":925},{"@type":"BreadcrumbList","@id":"https:\/\/lokalmagasinet.no\/?p=23102#breadcrumb","itemListElement":[{"@type":"ListItem","position":1,"name":"Hjem","item":"https:\/\/lokalmagasinet.no\/"},{"@type":"ListItem","position":2,"name":"Nynorskens historie i Vefsn"}]},{"@type":"WebSite","@id":"https:\/\/lokalmagasinet.no\/#website","url":"https:\/\/lokalmagasinet.no\/","name":"Lokalmagasinet.no","description":"Fra fortid og n\u00e5tid. Med st\u00e5sted i det n\u00e6re. Siden 2002.","publisher":{"@id":"https:\/\/lokalmagasinet.no\/#organization"},"potentialAction":[{"@type":"SearchAction","target":{"@type":"EntryPoint","urlTemplate":"https:\/\/lokalmagasinet.no\/?s={search_term_string}"},"query-input":{"@type":"PropertyValueSpecification","valueRequired":true,"valueName":"search_term_string"}}],"inLanguage":"nn-NO"},{"@type":"Organization","@id":"https:\/\/lokalmagasinet.no\/#organization","name":"Lokalmagasinet.no","url":"https:\/\/lokalmagasinet.no\/","logo":{"@type":"ImageObject","inLanguage":"nn-NO","@id":"https:\/\/lokalmagasinet.no\/#\/schema\/logo\/image\/","url":"https:\/\/lokalmagasinet.no\/wp-content\/uploads\/2021\/03\/cropped-cropped-cropped-cropped-cropped-cropped-lmlogo-e1640691300821.jpg","contentUrl":"https:\/\/lokalmagasinet.no\/wp-content\/uploads\/2021\/03\/cropped-cropped-cropped-cropped-cropped-cropped-lmlogo-e1640691300821.jpg","width":72,"height":118,"caption":"Lokalmagasinet.no"},"image":{"@id":"https:\/\/lokalmagasinet.no\/#\/schema\/logo\/image\/"},"sameAs":["https:\/\/www.facebook.com\/sveinharald.strand.1","https:\/\/x.com\/LMExtra"]},{"@type":"Person","@id":"https:\/\/lokalmagasinet.no\/#\/schema\/person\/2e8d221708d3aaf6f577275b5bba4310","name":"Svein-Harald Strand","image":{"@type":"ImageObject","inLanguage":"nn-NO","@id":"https:\/\/secure.gravatar.com\/avatar\/c487434bdf6cd7c12e4a88877ae4b12c38d22b7ad64292b49d33ed7503bb7ce1?s=96&d=mm&r=g","url":"https:\/\/secure.gravatar.com\/avatar\/c487434bdf6cd7c12e4a88877ae4b12c38d22b7ad64292b49d33ed7503bb7ce1?s=96&d=mm&r=g","contentUrl":"https:\/\/secure.gravatar.com\/avatar\/c487434bdf6cd7c12e4a88877ae4b12c38d22b7ad64292b49d33ed7503bb7ce1?s=96&d=mm&r=g","caption":"Svein-Harald Strand"},"description":"(F. 26.12.1945) Redakt\u00f8r, journalist og informasjonsarbeider siden 1968. ||| I 1963: Redaksjonell praktikant i 8 m\u00e5neder p\u00e5 full tid i Helgeland Arbeiderblad i hjembyen Mosj\u00f8en. ||| Arbeidende pensjonist med hjemmekontor fra 2008 (AFP) og videre som folkepensjonist til n\u00e5.","sameAs":["https:\/\/lokalmagasinet.no\/","https:\/\/www.facebook.com\/sveinharald.strand.1","https:\/\/x.com\/LMExtra"],"url":"https:\/\/lokalmagasinet.no\/?author=6"}]}},"_links":{"self":[{"href":"https:\/\/lokalmagasinet.no\/index.php?rest_route=\/wp\/v2\/posts\/23102","targetHints":{"allow":["GET"]}}],"collection":[{"href":"https:\/\/lokalmagasinet.no\/index.php?rest_route=\/wp\/v2\/posts"}],"about":[{"href":"https:\/\/lokalmagasinet.no\/index.php?rest_route=\/wp\/v2\/types\/post"}],"author":[{"embeddable":true,"href":"https:\/\/lokalmagasinet.no\/index.php?rest_route=\/wp\/v2\/users\/6"}],"replies":[{"embeddable":true,"href":"https:\/\/lokalmagasinet.no\/index.php?rest_route=%2Fwp%2Fv2%2Fcomments&post=23102"}],"version-history":[{"count":18,"href":"https:\/\/lokalmagasinet.no\/index.php?rest_route=\/wp\/v2\/posts\/23102\/revisions"}],"predecessor-version":[{"id":23257,"href":"https:\/\/lokalmagasinet.no\/index.php?rest_route=\/wp\/v2\/posts\/23102\/revisions\/23257"}],"wp:attachment":[{"href":"https:\/\/lokalmagasinet.no\/index.php?rest_route=%2Fwp%2Fv2%2Fmedia&parent=23102"}],"wp:term":[{"taxonomy":"category","embeddable":true,"href":"https:\/\/lokalmagasinet.no\/index.php?rest_route=%2Fwp%2Fv2%2Fcategories&post=23102"},{"taxonomy":"post_tag","embeddable":true,"href":"https:\/\/lokalmagasinet.no\/index.php?rest_route=%2Fwp%2Fv2%2Ftags&post=23102"}],"curies":[{"name":"wp","href":"https:\/\/api.w.org\/{rel}","templated":true}]}}