{"id":23222,"date":"2024-06-16T19:50:40","date_gmt":"2024-06-16T17:50:40","guid":{"rendered":"https:\/\/lokalmagasinet.no\/?p=23222"},"modified":"2024-06-16T20:10:03","modified_gmt":"2024-06-16T18:10:03","slug":"kun-ikke-fullt-sa-smittsomt-lenger","status":"publish","type":"post","link":"https:\/\/lokalmagasinet.no\/?p=23222","title":{"rendered":"&laquo;Kun&raquo; &#8211; ikke fullt s\u00e5 smittsomt lenger?"},"content":{"rendered":"<figure id=\"attachment_1310\" aria-describedby=\"caption-attachment-1310\" style=\"width: 200px\" class=\"wp-caption alignleft\"><img loading=\"lazy\" decoding=\"async\" class=\"wp-image-1310\" src=\"https:\/\/lokalmagasinet.no\/wp-content\/uploads\/2021\/02\/gladunge_stock.jpg\" alt=\"\" width=\"200\" height=\"133\" \/><figcaption id=\"caption-attachment-1310\" class=\"wp-caption-text\">(Illustrasjon: LM Arkivfoto\/stock.exchng)<\/figcaption><\/figure>\n<p>(Publisert 16.06.24) <strong>Feil eller overdreven bruk av adjektivet &laquo;kun&raquo; kan kanskje leses og h\u00f8res <em>litt<\/em> mindre n\u00e5 enn for ikke lenge siden.<\/strong><\/p>\n<p>Da kunne det periodevis se ut som at det var smittsomt. Noe det kanskje, i overf\u00f8rt betydning, ogs\u00e5 var for enkelte medier og journalister som ikke hadde &laquo;vaksinert&raquo; seg.<\/p>\n<p>For\u00a0 eksempel ved \u00e5 lese LMs verste eksempler. Som &#8211; i en ulykkesmelding p\u00e5 internett &#8211; at <em>&laquo;hun ble kun 15 \u00e5r&raquo;<\/em>.<\/p>\n<p>Uansett &#8211; det greie adverbet &laquo;bare&raquo; st\u00e5r fortsatt i bokm\u00e5lsordlista, dere! Mens &laquo;kun&raquo; kan brukes som en <strong><em>ekstra sterk understrekning<\/em><\/strong>. For eksempel n\u00e5r det bare er den spesielle tingen, bestemmelsen eller prisen som gjelder.<\/p>\n<p>Sistnevnte bruksomr\u00e5de er jo n\u00e6rmest blitt fast innhold p\u00e5 plakater av mange slag i v\u00e5r hverdag &#8211; i butikken og i reklame generelt. Greit nok.<\/p>\n<p><strong>Og s\u00e5 har vi v\u00e5rt juridiske bokm\u00e5lsspr\u00e5k, der behovet s\u00e5 \u00e5 si ligger i kortene.<\/strong><\/p>\n<p style=\"text-align: center;\">NOEN EKSEMPLER FRA I \u00c5R<\/p>\n<p>Men her er da noen eksempler fra i \u00e5r; setninger der &laquo;bare&raquo; b\u00e5de kunne og burde v\u00e6rt brukt. I stedet for det som opprinnelig fant veien inn i det norske spr\u00e5k <em>via danske &laquo;ikkun&raquo;. <\/em>(Om nynorsk, se nedenfor.)<em><br \/>\n<\/em><\/p>\n<p><em>| Det er kun da vi gr\u00e5ter, vi menn. <\/em>(Tidligere alpinist, i tilbakeblikk p\u00e5 OL i Lillehammer, NRK 02.03.24)<\/p>\n<p><em>| Kun fire minutter igjen! <\/em>(NRK TV-sporten, direktesending 11.02.24)<\/p>\n<p>|<em> En sykebil kan kun v\u00e6re ett sted av gangen.<\/em> (NRK.no 09.04.24)<\/p>\n<p><em>| Iran valgte den mildeste formen for straff mot Israel og gikk kun til angrep mot milit\u00e6re m\u00e5l, <\/em>(NRK.no 15.04.24) \u00a0\u00a0\u00a0\u00a0\u00a0\u00a0\u00a0\u00a0\u00a0\u00a0\u00a0\u00a0\u00a0\u00a0\u00a0\u00a0\u00a0\u00a0\u00a0\u00a0\u00a0\u00a0\u00a0\u00a0\u00a0\u00a0\u00a0\u00a0\u00a0\u00a0\u00a0\u00a0\u00a0\u00a0\u00a0\u00a0\u00a0\u00a0\u00a0\u00a0\u00a0\u00a0\u00a0\u00a0\u00a0\u00a0\u00a0\u00a0\u00a0\u00a0\u00a0\u00a0\u00a0\u00a0\u00a0\u00a0\u00a0\u00a0\u00a0\u00a0\u00a0\u00a0\u00a0\u00a0\u00a0\u00a0\u00a0\u00a0\u00a0\u00a0\u00a0\u00a0\u00a0\u00a0\u00a0\u00a0\u00a0\u00a0\u00a0\u00a0\u00a0\u00a0\u00a0\u00a0\u00a0\u00a0\u00a0\u00a0\u00a0\u00a0\u00a0\u00a0\u00a0\u00a0\u00a0\u00a0\u00a0\u00a0\u00a0\u00a0\u00a0\u00a0\u00a0\u00a0\u00a0\u00a0\u00a0\u00a0\u00a0\u00a0\u00a0\u00a0\u00a0\u00a0\u00a0\u00a0\u00a0\u00a0\u00a0\u00a0\u00a0\u00a0\u00a0\u00a0\u00a0\u00a0\u00a0\u00a0\u00a0\u00a0\u00a0\u00a0\u00a0\u00a0\u00a0\u00a0\u00a0 P.S. P\u00e5 nynorsk finnes ikke adverbet; likevel er &laquo;kun&raquo; \u00e5 h\u00f8re i nynorsk talem\u00e5l en sjelden gang. I ordlista deres st\u00e5r det i alle fall <em>&laquo;berre&raquo;<\/em> &#8211; og BARE det&#8230;<\/p>\n<p><em><strong>oopserver<\/strong><\/em><\/p>\n<h5><\/h5>\n<p>Views: 70<\/p>","protected":false},"excerpt":{"rendered":"<p>(Publisert 16.06.24) Feil eller overdreven bruk av adjektivet &laquo;kun&raquo; kan kanskje leses og h\u00f8res litt mindre n\u00e5 enn for ikke lenge siden. Da kunne det periodevis se ut som at &#8230; <\/p>\n<p class=\"read-more-container\"><a title=\"&laquo;Kun&raquo; &#8211; ikke fullt s\u00e5 smittsomt lenger?\" class=\"read-more button\" href=\"https:\/\/lokalmagasinet.no\/?p=23222#more-23222\">Les mer<span class=\"screen-reader-text\">&laquo;Kun&raquo; &#8211; ikke fullt s\u00e5 smittsomt lenger?<\/span><\/a><\/p>\n","protected":false},"author":6,"featured_media":0,"comment_status":"closed","ping_status":"closed","sticky":false,"template":"","format":"standard","meta":{"footnotes":""},"categories":[1,74],"tags":[],"class_list":["post-23222","post","type-post","status-publish","format-standard","hentry","category-aktuelt","category-sprak"],"yoast_head":"<!-- This site is optimized with the Yoast SEO plugin v27.4 - https:\/\/yoast.com\/product\/yoast-seo-wordpress\/ -->\n<title>&quot;Kun&quot; - ikke fullt s\u00e5 smittsomt lenger? | Lokalmagasinet.no<\/title>\n<meta name=\"robots\" content=\"index, follow, max-snippet:-1, max-image-preview:large, max-video-preview:-1\" \/>\n<link rel=\"canonical\" href=\"https:\/\/lokalmagasinet.no\/?p=23222\" \/>\n<meta property=\"og:locale\" content=\"nn_NO\" \/>\n<meta property=\"og:type\" content=\"article\" \/>\n<meta property=\"og:title\" content=\"&quot;Kun&quot; - ikke fullt s\u00e5 smittsomt lenger? | Lokalmagasinet.no\" \/>\n<meta property=\"og:description\" content=\"(Publisert 16.06.24) Feil eller overdreven bruk av adjektivet &laquo;kun&raquo; kan kanskje leses og h\u00f8res litt mindre n\u00e5 enn for ikke lenge siden. Da kunne det periodevis se ut som at ... Les mer&laquo;Kun&raquo; &#8211; ikke fullt s\u00e5 smittsomt lenger?\" \/>\n<meta property=\"og:url\" content=\"https:\/\/lokalmagasinet.no\/?p=23222\" \/>\n<meta property=\"og:site_name\" content=\"Lokalmagasinet.no\" \/>\n<meta property=\"article:publisher\" content=\"https:\/\/www.facebook.com\/sveinharald.strand.1\" \/>\n<meta property=\"article:author\" content=\"https:\/\/www.facebook.com\/sveinharald.strand.1\" \/>\n<meta property=\"article:published_time\" content=\"2024-06-16T17:50:40+00:00\" \/>\n<meta property=\"article:modified_time\" content=\"2024-06-16T18:10:03+00:00\" \/>\n<meta property=\"og:image\" content=\"https:\/\/lokalmagasinet.no\/wp-content\/uploads\/2021\/02\/gladunge_stock.jpg\" \/>\n<meta name=\"author\" content=\"Svein-Harald Strand\" \/>\n<meta name=\"twitter:card\" content=\"summary_large_image\" \/>\n<meta name=\"twitter:creator\" content=\"@LMExtra\" \/>\n<meta name=\"twitter:site\" content=\"@LMExtra\" \/>\n<meta name=\"twitter:label1\" content=\"Written by\" \/>\n\t<meta name=\"twitter:data1\" content=\"Svein-Harald Strand\" \/>\n\t<meta name=\"twitter:label2\" content=\"Est. reading time\" \/>\n\t<meta name=\"twitter:data2\" content=\"2 minutt\" \/>\n<script type=\"application\/ld+json\" class=\"yoast-schema-graph\">{\"@context\":\"https:\\\/\\\/schema.org\",\"@graph\":[{\"@type\":\"Article\",\"@id\":\"https:\\\/\\\/lokalmagasinet.no\\\/?p=23222#article\",\"isPartOf\":{\"@id\":\"https:\\\/\\\/lokalmagasinet.no\\\/?p=23222\"},\"author\":{\"name\":\"Svein-Harald Strand\",\"@id\":\"https:\\\/\\\/lokalmagasinet.no\\\/#\\\/schema\\\/person\\\/2e8d221708d3aaf6f577275b5bba4310\"},\"headline\":\"&laquo;Kun&raquo; &#8211; ikke fullt s\u00e5 smittsomt lenger?\",\"datePublished\":\"2024-06-16T17:50:40+00:00\",\"dateModified\":\"2024-06-16T18:10:03+00:00\",\"mainEntityOfPage\":{\"@id\":\"https:\\\/\\\/lokalmagasinet.no\\\/?p=23222\"},\"wordCount\":311,\"publisher\":{\"@id\":\"https:\\\/\\\/lokalmagasinet.no\\\/#organization\"},\"image\":{\"@id\":\"https:\\\/\\\/lokalmagasinet.no\\\/?p=23222#primaryimage\"},\"thumbnailUrl\":\"https:\\\/\\\/lokalmagasinet.no\\\/wp-content\\\/uploads\\\/2021\\\/02\\\/gladunge_stock.jpg\",\"articleSection\":[\"Aktuelt\",\"Spr\u00e5k\"],\"inLanguage\":\"nn-NO\"},{\"@type\":\"WebPage\",\"@id\":\"https:\\\/\\\/lokalmagasinet.no\\\/?p=23222\",\"url\":\"https:\\\/\\\/lokalmagasinet.no\\\/?p=23222\",\"name\":\"\\\"Kun\\\" - ikke fullt s\u00e5 smittsomt lenger? | Lokalmagasinet.no\",\"isPartOf\":{\"@id\":\"https:\\\/\\\/lokalmagasinet.no\\\/#website\"},\"primaryImageOfPage\":{\"@id\":\"https:\\\/\\\/lokalmagasinet.no\\\/?p=23222#primaryimage\"},\"image\":{\"@id\":\"https:\\\/\\\/lokalmagasinet.no\\\/?p=23222#primaryimage\"},\"thumbnailUrl\":\"https:\\\/\\\/lokalmagasinet.no\\\/wp-content\\\/uploads\\\/2021\\\/02\\\/gladunge_stock.jpg\",\"datePublished\":\"2024-06-16T17:50:40+00:00\",\"dateModified\":\"2024-06-16T18:10:03+00:00\",\"breadcrumb\":{\"@id\":\"https:\\\/\\\/lokalmagasinet.no\\\/?p=23222#breadcrumb\"},\"inLanguage\":\"nn-NO\",\"potentialAction\":[{\"@type\":\"ReadAction\",\"target\":[\"https:\\\/\\\/lokalmagasinet.no\\\/?p=23222\"]}]},{\"@type\":\"ImageObject\",\"inLanguage\":\"nn-NO\",\"@id\":\"https:\\\/\\\/lokalmagasinet.no\\\/?p=23222#primaryimage\",\"url\":\"https:\\\/\\\/lokalmagasinet.no\\\/wp-content\\\/uploads\\\/2021\\\/02\\\/gladunge_stock.jpg\",\"contentUrl\":\"https:\\\/\\\/lokalmagasinet.no\\\/wp-content\\\/uploads\\\/2021\\\/02\\\/gladunge_stock.jpg\",\"width\":300,\"height\":200,\"caption\":\"(Illustrasjon: LM Arkivfoto \\\/stock.exchng))\"},{\"@type\":\"BreadcrumbList\",\"@id\":\"https:\\\/\\\/lokalmagasinet.no\\\/?p=23222#breadcrumb\",\"itemListElement\":[{\"@type\":\"ListItem\",\"position\":1,\"name\":\"Hjem\",\"item\":\"https:\\\/\\\/lokalmagasinet.no\\\/\"},{\"@type\":\"ListItem\",\"position\":2,\"name\":\"&#8220;Kun&#8221; &#8211; ikke fullt s\u00e5 smittsomt lenger?\"}]},{\"@type\":\"WebSite\",\"@id\":\"https:\\\/\\\/lokalmagasinet.no\\\/#website\",\"url\":\"https:\\\/\\\/lokalmagasinet.no\\\/\",\"name\":\"Lokalmagasinet.no\",\"description\":\"Fra fortid og n\u00e5tid. Med st\u00e5sted i det n\u00e6re. Siden 2002.\",\"publisher\":{\"@id\":\"https:\\\/\\\/lokalmagasinet.no\\\/#organization\"},\"potentialAction\":[{\"@type\":\"SearchAction\",\"target\":{\"@type\":\"EntryPoint\",\"urlTemplate\":\"https:\\\/\\\/lokalmagasinet.no\\\/?s={search_term_string}\"},\"query-input\":{\"@type\":\"PropertyValueSpecification\",\"valueRequired\":true,\"valueName\":\"search_term_string\"}}],\"inLanguage\":\"nn-NO\"},{\"@type\":\"Organization\",\"@id\":\"https:\\\/\\\/lokalmagasinet.no\\\/#organization\",\"name\":\"Lokalmagasinet.no\",\"url\":\"https:\\\/\\\/lokalmagasinet.no\\\/\",\"logo\":{\"@type\":\"ImageObject\",\"inLanguage\":\"nn-NO\",\"@id\":\"https:\\\/\\\/lokalmagasinet.no\\\/#\\\/schema\\\/logo\\\/image\\\/\",\"url\":\"https:\\\/\\\/lokalmagasinet.no\\\/wp-content\\\/uploads\\\/2021\\\/03\\\/cropped-cropped-cropped-cropped-cropped-cropped-lmlogo-e1640691300821.jpg\",\"contentUrl\":\"https:\\\/\\\/lokalmagasinet.no\\\/wp-content\\\/uploads\\\/2021\\\/03\\\/cropped-cropped-cropped-cropped-cropped-cropped-lmlogo-e1640691300821.jpg\",\"width\":72,\"height\":118,\"caption\":\"Lokalmagasinet.no\"},\"image\":{\"@id\":\"https:\\\/\\\/lokalmagasinet.no\\\/#\\\/schema\\\/logo\\\/image\\\/\"},\"sameAs\":[\"https:\\\/\\\/www.facebook.com\\\/sveinharald.strand.1\",\"https:\\\/\\\/x.com\\\/LMExtra\"]},{\"@type\":\"Person\",\"@id\":\"https:\\\/\\\/lokalmagasinet.no\\\/#\\\/schema\\\/person\\\/2e8d221708d3aaf6f577275b5bba4310\",\"name\":\"Svein-Harald Strand\",\"image\":{\"@type\":\"ImageObject\",\"inLanguage\":\"nn-NO\",\"@id\":\"https:\\\/\\\/secure.gravatar.com\\\/avatar\\\/c487434bdf6cd7c12e4a88877ae4b12c38d22b7ad64292b49d33ed7503bb7ce1?s=96&d=mm&r=g\",\"url\":\"https:\\\/\\\/secure.gravatar.com\\\/avatar\\\/c487434bdf6cd7c12e4a88877ae4b12c38d22b7ad64292b49d33ed7503bb7ce1?s=96&d=mm&r=g\",\"contentUrl\":\"https:\\\/\\\/secure.gravatar.com\\\/avatar\\\/c487434bdf6cd7c12e4a88877ae4b12c38d22b7ad64292b49d33ed7503bb7ce1?s=96&d=mm&r=g\",\"caption\":\"Svein-Harald Strand\"},\"description\":\"(F. 26.12.1945) Redakt\u00f8r, journalist og informasjonsarbeider siden 1968. ||| I 1963: Redaksjonell praktikant i 8 m\u00e5neder p\u00e5 full tid i Helgeland Arbeiderblad i hjembyen Mosj\u00f8en. ||| Arbeidende pensjonist med hjemmekontor fra 2008 (AFP) og videre som folkepensjonist til n\u00e5.\",\"sameAs\":[\"https:\\\/\\\/lokalmagasinet.no\\\/\",\"https:\\\/\\\/www.facebook.com\\\/sveinharald.strand.1\",\"https:\\\/\\\/x.com\\\/LMExtra\"],\"url\":\"https:\\\/\\\/lokalmagasinet.no\\\/?author=6\"}]}<\/script>\n<!-- \/ Yoast SEO plugin. -->","yoast_head_json":{"title":"\"Kun\" - ikke fullt s\u00e5 smittsomt lenger? | Lokalmagasinet.no","robots":{"index":"index","follow":"follow","max-snippet":"max-snippet:-1","max-image-preview":"max-image-preview:large","max-video-preview":"max-video-preview:-1"},"canonical":"https:\/\/lokalmagasinet.no\/?p=23222","og_locale":"nn_NO","og_type":"article","og_title":"\"Kun\" - ikke fullt s\u00e5 smittsomt lenger? | Lokalmagasinet.no","og_description":"(Publisert 16.06.24) Feil eller overdreven bruk av adjektivet &laquo;kun&raquo; kan kanskje leses og h\u00f8res litt mindre n\u00e5 enn for ikke lenge siden. Da kunne det periodevis se ut som at ... Les mer&laquo;Kun&raquo; &#8211; ikke fullt s\u00e5 smittsomt lenger?","og_url":"https:\/\/lokalmagasinet.no\/?p=23222","og_site_name":"Lokalmagasinet.no","article_publisher":"https:\/\/www.facebook.com\/sveinharald.strand.1","article_author":"https:\/\/www.facebook.com\/sveinharald.strand.1","article_published_time":"2024-06-16T17:50:40+00:00","article_modified_time":"2024-06-16T18:10:03+00:00","og_image":[{"url":"https:\/\/lokalmagasinet.no\/wp-content\/uploads\/2021\/02\/gladunge_stock.jpg","type":"","width":"","height":""}],"author":"Svein-Harald Strand","twitter_card":"summary_large_image","twitter_creator":"@LMExtra","twitter_site":"@LMExtra","twitter_misc":{"Written by":"Svein-Harald Strand","Est. reading time":"2 minutt"},"schema":{"@context":"https:\/\/schema.org","@graph":[{"@type":"Article","@id":"https:\/\/lokalmagasinet.no\/?p=23222#article","isPartOf":{"@id":"https:\/\/lokalmagasinet.no\/?p=23222"},"author":{"name":"Svein-Harald Strand","@id":"https:\/\/lokalmagasinet.no\/#\/schema\/person\/2e8d221708d3aaf6f577275b5bba4310"},"headline":"&laquo;Kun&raquo; &#8211; ikke fullt s\u00e5 smittsomt lenger?","datePublished":"2024-06-16T17:50:40+00:00","dateModified":"2024-06-16T18:10:03+00:00","mainEntityOfPage":{"@id":"https:\/\/lokalmagasinet.no\/?p=23222"},"wordCount":311,"publisher":{"@id":"https:\/\/lokalmagasinet.no\/#organization"},"image":{"@id":"https:\/\/lokalmagasinet.no\/?p=23222#primaryimage"},"thumbnailUrl":"https:\/\/lokalmagasinet.no\/wp-content\/uploads\/2021\/02\/gladunge_stock.jpg","articleSection":["Aktuelt","Spr\u00e5k"],"inLanguage":"nn-NO"},{"@type":"WebPage","@id":"https:\/\/lokalmagasinet.no\/?p=23222","url":"https:\/\/lokalmagasinet.no\/?p=23222","name":"\"Kun\" - ikke fullt s\u00e5 smittsomt lenger? | Lokalmagasinet.no","isPartOf":{"@id":"https:\/\/lokalmagasinet.no\/#website"},"primaryImageOfPage":{"@id":"https:\/\/lokalmagasinet.no\/?p=23222#primaryimage"},"image":{"@id":"https:\/\/lokalmagasinet.no\/?p=23222#primaryimage"},"thumbnailUrl":"https:\/\/lokalmagasinet.no\/wp-content\/uploads\/2021\/02\/gladunge_stock.jpg","datePublished":"2024-06-16T17:50:40+00:00","dateModified":"2024-06-16T18:10:03+00:00","breadcrumb":{"@id":"https:\/\/lokalmagasinet.no\/?p=23222#breadcrumb"},"inLanguage":"nn-NO","potentialAction":[{"@type":"ReadAction","target":["https:\/\/lokalmagasinet.no\/?p=23222"]}]},{"@type":"ImageObject","inLanguage":"nn-NO","@id":"https:\/\/lokalmagasinet.no\/?p=23222#primaryimage","url":"https:\/\/lokalmagasinet.no\/wp-content\/uploads\/2021\/02\/gladunge_stock.jpg","contentUrl":"https:\/\/lokalmagasinet.no\/wp-content\/uploads\/2021\/02\/gladunge_stock.jpg","width":300,"height":200,"caption":"(Illustrasjon: LM Arkivfoto \/stock.exchng))"},{"@type":"BreadcrumbList","@id":"https:\/\/lokalmagasinet.no\/?p=23222#breadcrumb","itemListElement":[{"@type":"ListItem","position":1,"name":"Hjem","item":"https:\/\/lokalmagasinet.no\/"},{"@type":"ListItem","position":2,"name":"&#8220;Kun&#8221; &#8211; ikke fullt s\u00e5 smittsomt lenger?"}]},{"@type":"WebSite","@id":"https:\/\/lokalmagasinet.no\/#website","url":"https:\/\/lokalmagasinet.no\/","name":"Lokalmagasinet.no","description":"Fra fortid og n\u00e5tid. Med st\u00e5sted i det n\u00e6re. Siden 2002.","publisher":{"@id":"https:\/\/lokalmagasinet.no\/#organization"},"potentialAction":[{"@type":"SearchAction","target":{"@type":"EntryPoint","urlTemplate":"https:\/\/lokalmagasinet.no\/?s={search_term_string}"},"query-input":{"@type":"PropertyValueSpecification","valueRequired":true,"valueName":"search_term_string"}}],"inLanguage":"nn-NO"},{"@type":"Organization","@id":"https:\/\/lokalmagasinet.no\/#organization","name":"Lokalmagasinet.no","url":"https:\/\/lokalmagasinet.no\/","logo":{"@type":"ImageObject","inLanguage":"nn-NO","@id":"https:\/\/lokalmagasinet.no\/#\/schema\/logo\/image\/","url":"https:\/\/lokalmagasinet.no\/wp-content\/uploads\/2021\/03\/cropped-cropped-cropped-cropped-cropped-cropped-lmlogo-e1640691300821.jpg","contentUrl":"https:\/\/lokalmagasinet.no\/wp-content\/uploads\/2021\/03\/cropped-cropped-cropped-cropped-cropped-cropped-lmlogo-e1640691300821.jpg","width":72,"height":118,"caption":"Lokalmagasinet.no"},"image":{"@id":"https:\/\/lokalmagasinet.no\/#\/schema\/logo\/image\/"},"sameAs":["https:\/\/www.facebook.com\/sveinharald.strand.1","https:\/\/x.com\/LMExtra"]},{"@type":"Person","@id":"https:\/\/lokalmagasinet.no\/#\/schema\/person\/2e8d221708d3aaf6f577275b5bba4310","name":"Svein-Harald Strand","image":{"@type":"ImageObject","inLanguage":"nn-NO","@id":"https:\/\/secure.gravatar.com\/avatar\/c487434bdf6cd7c12e4a88877ae4b12c38d22b7ad64292b49d33ed7503bb7ce1?s=96&d=mm&r=g","url":"https:\/\/secure.gravatar.com\/avatar\/c487434bdf6cd7c12e4a88877ae4b12c38d22b7ad64292b49d33ed7503bb7ce1?s=96&d=mm&r=g","contentUrl":"https:\/\/secure.gravatar.com\/avatar\/c487434bdf6cd7c12e4a88877ae4b12c38d22b7ad64292b49d33ed7503bb7ce1?s=96&d=mm&r=g","caption":"Svein-Harald Strand"},"description":"(F. 26.12.1945) Redakt\u00f8r, journalist og informasjonsarbeider siden 1968. ||| I 1963: Redaksjonell praktikant i 8 m\u00e5neder p\u00e5 full tid i Helgeland Arbeiderblad i hjembyen Mosj\u00f8en. ||| Arbeidende pensjonist med hjemmekontor fra 2008 (AFP) og videre som folkepensjonist til n\u00e5.","sameAs":["https:\/\/lokalmagasinet.no\/","https:\/\/www.facebook.com\/sveinharald.strand.1","https:\/\/x.com\/LMExtra"],"url":"https:\/\/lokalmagasinet.no\/?author=6"}]}},"_links":{"self":[{"href":"https:\/\/lokalmagasinet.no\/index.php?rest_route=\/wp\/v2\/posts\/23222","targetHints":{"allow":["GET"]}}],"collection":[{"href":"https:\/\/lokalmagasinet.no\/index.php?rest_route=\/wp\/v2\/posts"}],"about":[{"href":"https:\/\/lokalmagasinet.no\/index.php?rest_route=\/wp\/v2\/types\/post"}],"author":[{"embeddable":true,"href":"https:\/\/lokalmagasinet.no\/index.php?rest_route=\/wp\/v2\/users\/6"}],"replies":[{"embeddable":true,"href":"https:\/\/lokalmagasinet.no\/index.php?rest_route=%2Fwp%2Fv2%2Fcomments&post=23222"}],"version-history":[{"count":24,"href":"https:\/\/lokalmagasinet.no\/index.php?rest_route=\/wp\/v2\/posts\/23222\/revisions"}],"predecessor-version":[{"id":24740,"href":"https:\/\/lokalmagasinet.no\/index.php?rest_route=\/wp\/v2\/posts\/23222\/revisions\/24740"}],"wp:attachment":[{"href":"https:\/\/lokalmagasinet.no\/index.php?rest_route=%2Fwp%2Fv2%2Fmedia&parent=23222"}],"wp:term":[{"taxonomy":"category","embeddable":true,"href":"https:\/\/lokalmagasinet.no\/index.php?rest_route=%2Fwp%2Fv2%2Fcategories&post=23222"},{"taxonomy":"post_tag","embeddable":true,"href":"https:\/\/lokalmagasinet.no\/index.php?rest_route=%2Fwp%2Fv2%2Ftags&post=23222"}],"curies":[{"name":"wp","href":"https:\/\/api.w.org\/{rel}","templated":true}]}}