{"id":23401,"date":"2024-04-18T20:30:03","date_gmt":"2024-04-18T18:30:03","guid":{"rendered":"https:\/\/lokalmagasinet.no\/?p=23401"},"modified":"2024-04-18T20:30:03","modified_gmt":"2024-04-18T18:30:03","slug":"tekst-tv-pa-nett-vi-undersoker-feilen-na","status":"publish","type":"post","link":"https:\/\/lokalmagasinet.no\/?p=23401","title":{"rendered":"Tekst-TV p\u00e5 nett: &#8211; Vi unders\u00f8ker feilen n\u00e5"},"content":{"rendered":"<p><img loading=\"lazy\" decoding=\"async\" class=\"size-full wp-image-20067 alignleft\" src=\"https:\/\/lokalmagasinet.no\/wp-content\/uploads\/2023\/11\/Oyet.jpg\" alt=\"\" width=\"162\" height=\"200\" srcset=\"https:\/\/lokalmagasinet.no\/wp-content\/uploads\/2023\/11\/Oyet.jpg 162w, https:\/\/lokalmagasinet.no\/wp-content\/uploads\/2023\/11\/Oyet-122x150.jpg 122w\" sizes=\"auto, (max-width: 162px) 100vw, 162px\" \/>(Publisert 18.04.24) (Ill.: stock.exchng) <strong>Etter at vi nylig henvendte oss til NRK &#8211; om problemene med nettutgaven av Tekst-TV &#8211; s\u00e5 har vi i dag f\u00e5tt svar. Det er ikke s\u00e6rlig oppl\u00f8ftende. <\/strong><\/p>\n<p>I en tilbakemelding p\u00e5 epost fra pressevakt Marit Holmquist Fenne, opplyser produktopplysningssjef <em>Audun Aas<\/em>:<\/p>\n<p>&#8211; Vi unders\u00f8ker feilen n\u00e5, men s\u00e5 langt har vi ikke funnet noen effektiv l\u00f8sning p\u00e5 problemet og kan heller ikke garantere at vi gj\u00f8r det.<\/p>\n<p>Aas tilf\u00f8yer:<\/p>\n<p>&#8211; NRK fors\u00f8ker \u00e5 opprettholde Tekst-TV som tilbud etter beste evne. Men det er dessverre stadig mer krevende \u00e5 holde et s\u00e5 gammelt system feilfritt n\u00e5r det skal hente innholdet sitt fra digitale kilder som er i stadig endring og modernisering.<\/p>\n<p><strong>Da vet vi det. Men hvorfor ikke ta ned produktet med det samme? <\/strong><\/p>\n<p>Slik det er n\u00e5, spesielt p\u00e5 <em>nyhetene<\/em> &#8211; med blant annet en forlengst utdaterte sak (fra valget i 2023!) som<em> alltid kommer opp<\/em> n\u00e5r vi trykker p\u00e5 et det aktuelle tall i menyen &#8211; s\u00e5 er det helt form\u00e5lsl\u00f8st!<\/p>\n<p><a href=\"https:\/\/lokalmagasinet.no\/wp-content\/uploads\/2024\/04\/NRK-Tekst-TV-105.htm\">NRK Tekst-TV &#8211; 105<\/a> (skroll opp for \u00e5 se valgmeldingen).<\/p>\n<p>Ikke minst er det uheldig for institusjonens omd\u00f8mme. Her i redaksjonen vil det bli vurdert om vi skal midlertidig avpublisere det vi har liggende.<\/p>\n<p>Kom tilbake hvis og n\u00e5r dere finner &laquo;en effektiv l\u00f8sning p\u00e5 problemet&raquo;, NRK. I mellomtiden klarer vi oss godt med originalen i TV-ruta.<\/p>\n<p>OG HVORFOR IKKE kontakte Sveriges Televisjon? Se her hva de klarer der &#8211; i en stor redaksjon, men likevel &#8211; s\u00e5 bra! <a href=\"https:\/\/texttv.nu\/\">https:\/\/texttv.nu\/<\/a><\/p>\n<p><strong>Red.<\/strong><\/p>\n<p>&nbsp;<\/p>\n<p>&nbsp;<\/p>\n<p>&nbsp;<\/p>\n<p>Views: 75<\/p>","protected":false},"excerpt":{"rendered":"<p>(Publisert 18.04.24) (Ill.: stock.exchng) Etter at vi nylig henvendte oss til NRK &#8211; om problemene med nettutgaven av Tekst-TV &#8211; s\u00e5 har vi i dag f\u00e5tt svar. Det er ikke &#8230; <\/p>\n<p class=\"read-more-container\"><a title=\"Tekst-TV p\u00e5 nett: &#8211; Vi unders\u00f8ker feilen n\u00e5\" class=\"read-more button\" href=\"https:\/\/lokalmagasinet.no\/?p=23401#more-23401\">Les mer<span class=\"screen-reader-text\">Tekst-TV p\u00e5 nett: &#8211; Vi unders\u00f8ker feilen n\u00e5<\/span><\/a><\/p>\n","protected":false},"author":6,"featured_media":0,"comment_status":"closed","ping_status":"closed","sticky":false,"template":"","format":"standard","meta":{"footnotes":""},"categories":[1,111,71],"tags":[],"class_list":["post-23401","post","type-post","status-publish","format-standard","hentry","category-aktuelt","category-kommentar","category-samfunn-og-sikkerhet"],"yoast_head":"<!-- This site is optimized with the Yoast SEO plugin v27.4 - https:\/\/yoast.com\/product\/yoast-seo-wordpress\/ -->\n<title>Tekst-TV p\u00e5 nett: - Vi unders\u00f8ker feilen n\u00e5 | Lokalmagasinet.no<\/title>\n<meta name=\"robots\" content=\"index, follow, max-snippet:-1, max-image-preview:large, max-video-preview:-1\" \/>\n<link rel=\"canonical\" href=\"https:\/\/lokalmagasinet.no\/?p=23401\" \/>\n<meta property=\"og:locale\" content=\"nn_NO\" \/>\n<meta property=\"og:type\" content=\"article\" \/>\n<meta property=\"og:title\" content=\"Tekst-TV p\u00e5 nett: - Vi unders\u00f8ker feilen n\u00e5 | Lokalmagasinet.no\" \/>\n<meta property=\"og:description\" content=\"(Publisert 18.04.24) (Ill.: stock.exchng) Etter at vi nylig henvendte oss til NRK &#8211; om problemene med nettutgaven av Tekst-TV &#8211; s\u00e5 har vi i dag f\u00e5tt svar. Det er ikke ... Les merTekst-TV p\u00e5 nett: &#8211; Vi unders\u00f8ker feilen n\u00e5\" \/>\n<meta property=\"og:url\" content=\"https:\/\/lokalmagasinet.no\/?p=23401\" \/>\n<meta property=\"og:site_name\" content=\"Lokalmagasinet.no\" \/>\n<meta property=\"article:publisher\" content=\"https:\/\/www.facebook.com\/sveinharald.strand.1\" \/>\n<meta property=\"article:author\" content=\"https:\/\/www.facebook.com\/sveinharald.strand.1\" \/>\n<meta property=\"article:published_time\" content=\"2024-04-18T18:30:03+00:00\" \/>\n<meta property=\"og:image\" content=\"https:\/\/lokalmagasinet.no\/wp-content\/uploads\/2023\/11\/Oyet.jpg\" \/>\n<meta name=\"author\" content=\"Svein-Harald Strand\" \/>\n<meta name=\"twitter:card\" content=\"summary_large_image\" \/>\n<meta name=\"twitter:creator\" content=\"@LMExtra\" \/>\n<meta name=\"twitter:site\" content=\"@LMExtra\" \/>\n<meta name=\"twitter:label1\" content=\"Written by\" \/>\n\t<meta name=\"twitter:data1\" content=\"Svein-Harald Strand\" \/>\n\t<meta name=\"twitter:label2\" content=\"Est. reading time\" \/>\n\t<meta name=\"twitter:data2\" content=\"1 minutt\" \/>\n<script type=\"application\/ld+json\" class=\"yoast-schema-graph\">{\"@context\":\"https:\\\/\\\/schema.org\",\"@graph\":[{\"@type\":\"Article\",\"@id\":\"https:\\\/\\\/lokalmagasinet.no\\\/?p=23401#article\",\"isPartOf\":{\"@id\":\"https:\\\/\\\/lokalmagasinet.no\\\/?p=23401\"},\"author\":{\"name\":\"Svein-Harald Strand\",\"@id\":\"https:\\\/\\\/lokalmagasinet.no\\\/#\\\/schema\\\/person\\\/2e8d221708d3aaf6f577275b5bba4310\"},\"headline\":\"Tekst-TV p\u00e5 nett: &#8211; Vi unders\u00f8ker feilen n\u00e5\",\"datePublished\":\"2024-04-18T18:30:03+00:00\",\"mainEntityOfPage\":{\"@id\":\"https:\\\/\\\/lokalmagasinet.no\\\/?p=23401\"},\"wordCount\":272,\"publisher\":{\"@id\":\"https:\\\/\\\/lokalmagasinet.no\\\/#organization\"},\"image\":{\"@id\":\"https:\\\/\\\/lokalmagasinet.no\\\/?p=23401#primaryimage\"},\"thumbnailUrl\":\"https:\\\/\\\/lokalmagasinet.no\\\/wp-content\\\/uploads\\\/2023\\\/11\\\/Oyet.jpg\",\"articleSection\":[\"Aktuelt\",\"Kommentar\",\"Samfunn og sikkerhet\"],\"inLanguage\":\"nn-NO\"},{\"@type\":\"WebPage\",\"@id\":\"https:\\\/\\\/lokalmagasinet.no\\\/?p=23401\",\"url\":\"https:\\\/\\\/lokalmagasinet.no\\\/?p=23401\",\"name\":\"Tekst-TV p\u00e5 nett: - Vi unders\u00f8ker feilen n\u00e5 | Lokalmagasinet.no\",\"isPartOf\":{\"@id\":\"https:\\\/\\\/lokalmagasinet.no\\\/#website\"},\"primaryImageOfPage\":{\"@id\":\"https:\\\/\\\/lokalmagasinet.no\\\/?p=23401#primaryimage\"},\"image\":{\"@id\":\"https:\\\/\\\/lokalmagasinet.no\\\/?p=23401#primaryimage\"},\"thumbnailUrl\":\"https:\\\/\\\/lokalmagasinet.no\\\/wp-content\\\/uploads\\\/2023\\\/11\\\/Oyet.jpg\",\"datePublished\":\"2024-04-18T18:30:03+00:00\",\"breadcrumb\":{\"@id\":\"https:\\\/\\\/lokalmagasinet.no\\\/?p=23401#breadcrumb\"},\"inLanguage\":\"nn-NO\",\"potentialAction\":[{\"@type\":\"ReadAction\",\"target\":[\"https:\\\/\\\/lokalmagasinet.no\\\/?p=23401\"]}]},{\"@type\":\"ImageObject\",\"inLanguage\":\"nn-NO\",\"@id\":\"https:\\\/\\\/lokalmagasinet.no\\\/?p=23401#primaryimage\",\"url\":\"https:\\\/\\\/lokalmagasinet.no\\\/wp-content\\\/uploads\\\/2023\\\/11\\\/Oyet.jpg\",\"contentUrl\":\"https:\\\/\\\/lokalmagasinet.no\\\/wp-content\\\/uploads\\\/2023\\\/11\\\/Oyet.jpg\",\"width\":162,\"height\":200},{\"@type\":\"BreadcrumbList\",\"@id\":\"https:\\\/\\\/lokalmagasinet.no\\\/?p=23401#breadcrumb\",\"itemListElement\":[{\"@type\":\"ListItem\",\"position\":1,\"name\":\"Hjem\",\"item\":\"https:\\\/\\\/lokalmagasinet.no\\\/\"},{\"@type\":\"ListItem\",\"position\":2,\"name\":\"Tekst-TV p\u00e5 nett: &#8211; Vi unders\u00f8ker feilen n\u00e5\"}]},{\"@type\":\"WebSite\",\"@id\":\"https:\\\/\\\/lokalmagasinet.no\\\/#website\",\"url\":\"https:\\\/\\\/lokalmagasinet.no\\\/\",\"name\":\"Lokalmagasinet.no\",\"description\":\"Fra fortid og n\u00e5tid. Med st\u00e5sted i det n\u00e6re. Siden 2002.\",\"publisher\":{\"@id\":\"https:\\\/\\\/lokalmagasinet.no\\\/#organization\"},\"potentialAction\":[{\"@type\":\"SearchAction\",\"target\":{\"@type\":\"EntryPoint\",\"urlTemplate\":\"https:\\\/\\\/lokalmagasinet.no\\\/?s={search_term_string}\"},\"query-input\":{\"@type\":\"PropertyValueSpecification\",\"valueRequired\":true,\"valueName\":\"search_term_string\"}}],\"inLanguage\":\"nn-NO\"},{\"@type\":\"Organization\",\"@id\":\"https:\\\/\\\/lokalmagasinet.no\\\/#organization\",\"name\":\"Lokalmagasinet.no\",\"url\":\"https:\\\/\\\/lokalmagasinet.no\\\/\",\"logo\":{\"@type\":\"ImageObject\",\"inLanguage\":\"nn-NO\",\"@id\":\"https:\\\/\\\/lokalmagasinet.no\\\/#\\\/schema\\\/logo\\\/image\\\/\",\"url\":\"https:\\\/\\\/lokalmagasinet.no\\\/wp-content\\\/uploads\\\/2021\\\/03\\\/cropped-cropped-cropped-cropped-cropped-cropped-lmlogo-e1640691300821.jpg\",\"contentUrl\":\"https:\\\/\\\/lokalmagasinet.no\\\/wp-content\\\/uploads\\\/2021\\\/03\\\/cropped-cropped-cropped-cropped-cropped-cropped-lmlogo-e1640691300821.jpg\",\"width\":72,\"height\":118,\"caption\":\"Lokalmagasinet.no\"},\"image\":{\"@id\":\"https:\\\/\\\/lokalmagasinet.no\\\/#\\\/schema\\\/logo\\\/image\\\/\"},\"sameAs\":[\"https:\\\/\\\/www.facebook.com\\\/sveinharald.strand.1\",\"https:\\\/\\\/x.com\\\/LMExtra\"]},{\"@type\":\"Person\",\"@id\":\"https:\\\/\\\/lokalmagasinet.no\\\/#\\\/schema\\\/person\\\/2e8d221708d3aaf6f577275b5bba4310\",\"name\":\"Svein-Harald Strand\",\"image\":{\"@type\":\"ImageObject\",\"inLanguage\":\"nn-NO\",\"@id\":\"https:\\\/\\\/secure.gravatar.com\\\/avatar\\\/c487434bdf6cd7c12e4a88877ae4b12c38d22b7ad64292b49d33ed7503bb7ce1?s=96&d=mm&r=g\",\"url\":\"https:\\\/\\\/secure.gravatar.com\\\/avatar\\\/c487434bdf6cd7c12e4a88877ae4b12c38d22b7ad64292b49d33ed7503bb7ce1?s=96&d=mm&r=g\",\"contentUrl\":\"https:\\\/\\\/secure.gravatar.com\\\/avatar\\\/c487434bdf6cd7c12e4a88877ae4b12c38d22b7ad64292b49d33ed7503bb7ce1?s=96&d=mm&r=g\",\"caption\":\"Svein-Harald Strand\"},\"description\":\"(F. 26.12.1945) Redakt\u00f8r, journalist og informasjonsarbeider siden 1968. ||| I 1963: Redaksjonell praktikant i 8 m\u00e5neder p\u00e5 full tid i Helgeland Arbeiderblad i hjembyen Mosj\u00f8en. ||| Arbeidende pensjonist med hjemmekontor fra 2008 (AFP) og videre som folkepensjonist til n\u00e5.\",\"sameAs\":[\"https:\\\/\\\/lokalmagasinet.no\\\/\",\"https:\\\/\\\/www.facebook.com\\\/sveinharald.strand.1\",\"https:\\\/\\\/x.com\\\/LMExtra\"],\"url\":\"https:\\\/\\\/lokalmagasinet.no\\\/?author=6\"}]}<\/script>\n<!-- \/ Yoast SEO plugin. -->","yoast_head_json":{"title":"Tekst-TV p\u00e5 nett: - Vi unders\u00f8ker feilen n\u00e5 | Lokalmagasinet.no","robots":{"index":"index","follow":"follow","max-snippet":"max-snippet:-1","max-image-preview":"max-image-preview:large","max-video-preview":"max-video-preview:-1"},"canonical":"https:\/\/lokalmagasinet.no\/?p=23401","og_locale":"nn_NO","og_type":"article","og_title":"Tekst-TV p\u00e5 nett: - Vi unders\u00f8ker feilen n\u00e5 | Lokalmagasinet.no","og_description":"(Publisert 18.04.24) (Ill.: stock.exchng) Etter at vi nylig henvendte oss til NRK &#8211; om problemene med nettutgaven av Tekst-TV &#8211; s\u00e5 har vi i dag f\u00e5tt svar. Det er ikke ... Les merTekst-TV p\u00e5 nett: &#8211; Vi unders\u00f8ker feilen n\u00e5","og_url":"https:\/\/lokalmagasinet.no\/?p=23401","og_site_name":"Lokalmagasinet.no","article_publisher":"https:\/\/www.facebook.com\/sveinharald.strand.1","article_author":"https:\/\/www.facebook.com\/sveinharald.strand.1","article_published_time":"2024-04-18T18:30:03+00:00","og_image":[{"url":"https:\/\/lokalmagasinet.no\/wp-content\/uploads\/2023\/11\/Oyet.jpg","type":"","width":"","height":""}],"author":"Svein-Harald Strand","twitter_card":"summary_large_image","twitter_creator":"@LMExtra","twitter_site":"@LMExtra","twitter_misc":{"Written by":"Svein-Harald Strand","Est. reading time":"1 minutt"},"schema":{"@context":"https:\/\/schema.org","@graph":[{"@type":"Article","@id":"https:\/\/lokalmagasinet.no\/?p=23401#article","isPartOf":{"@id":"https:\/\/lokalmagasinet.no\/?p=23401"},"author":{"name":"Svein-Harald Strand","@id":"https:\/\/lokalmagasinet.no\/#\/schema\/person\/2e8d221708d3aaf6f577275b5bba4310"},"headline":"Tekst-TV p\u00e5 nett: &#8211; Vi unders\u00f8ker feilen n\u00e5","datePublished":"2024-04-18T18:30:03+00:00","mainEntityOfPage":{"@id":"https:\/\/lokalmagasinet.no\/?p=23401"},"wordCount":272,"publisher":{"@id":"https:\/\/lokalmagasinet.no\/#organization"},"image":{"@id":"https:\/\/lokalmagasinet.no\/?p=23401#primaryimage"},"thumbnailUrl":"https:\/\/lokalmagasinet.no\/wp-content\/uploads\/2023\/11\/Oyet.jpg","articleSection":["Aktuelt","Kommentar","Samfunn og sikkerhet"],"inLanguage":"nn-NO"},{"@type":"WebPage","@id":"https:\/\/lokalmagasinet.no\/?p=23401","url":"https:\/\/lokalmagasinet.no\/?p=23401","name":"Tekst-TV p\u00e5 nett: - Vi unders\u00f8ker feilen n\u00e5 | Lokalmagasinet.no","isPartOf":{"@id":"https:\/\/lokalmagasinet.no\/#website"},"primaryImageOfPage":{"@id":"https:\/\/lokalmagasinet.no\/?p=23401#primaryimage"},"image":{"@id":"https:\/\/lokalmagasinet.no\/?p=23401#primaryimage"},"thumbnailUrl":"https:\/\/lokalmagasinet.no\/wp-content\/uploads\/2023\/11\/Oyet.jpg","datePublished":"2024-04-18T18:30:03+00:00","breadcrumb":{"@id":"https:\/\/lokalmagasinet.no\/?p=23401#breadcrumb"},"inLanguage":"nn-NO","potentialAction":[{"@type":"ReadAction","target":["https:\/\/lokalmagasinet.no\/?p=23401"]}]},{"@type":"ImageObject","inLanguage":"nn-NO","@id":"https:\/\/lokalmagasinet.no\/?p=23401#primaryimage","url":"https:\/\/lokalmagasinet.no\/wp-content\/uploads\/2023\/11\/Oyet.jpg","contentUrl":"https:\/\/lokalmagasinet.no\/wp-content\/uploads\/2023\/11\/Oyet.jpg","width":162,"height":200},{"@type":"BreadcrumbList","@id":"https:\/\/lokalmagasinet.no\/?p=23401#breadcrumb","itemListElement":[{"@type":"ListItem","position":1,"name":"Hjem","item":"https:\/\/lokalmagasinet.no\/"},{"@type":"ListItem","position":2,"name":"Tekst-TV p\u00e5 nett: &#8211; Vi unders\u00f8ker feilen n\u00e5"}]},{"@type":"WebSite","@id":"https:\/\/lokalmagasinet.no\/#website","url":"https:\/\/lokalmagasinet.no\/","name":"Lokalmagasinet.no","description":"Fra fortid og n\u00e5tid. Med st\u00e5sted i det n\u00e6re. Siden 2002.","publisher":{"@id":"https:\/\/lokalmagasinet.no\/#organization"},"potentialAction":[{"@type":"SearchAction","target":{"@type":"EntryPoint","urlTemplate":"https:\/\/lokalmagasinet.no\/?s={search_term_string}"},"query-input":{"@type":"PropertyValueSpecification","valueRequired":true,"valueName":"search_term_string"}}],"inLanguage":"nn-NO"},{"@type":"Organization","@id":"https:\/\/lokalmagasinet.no\/#organization","name":"Lokalmagasinet.no","url":"https:\/\/lokalmagasinet.no\/","logo":{"@type":"ImageObject","inLanguage":"nn-NO","@id":"https:\/\/lokalmagasinet.no\/#\/schema\/logo\/image\/","url":"https:\/\/lokalmagasinet.no\/wp-content\/uploads\/2021\/03\/cropped-cropped-cropped-cropped-cropped-cropped-lmlogo-e1640691300821.jpg","contentUrl":"https:\/\/lokalmagasinet.no\/wp-content\/uploads\/2021\/03\/cropped-cropped-cropped-cropped-cropped-cropped-lmlogo-e1640691300821.jpg","width":72,"height":118,"caption":"Lokalmagasinet.no"},"image":{"@id":"https:\/\/lokalmagasinet.no\/#\/schema\/logo\/image\/"},"sameAs":["https:\/\/www.facebook.com\/sveinharald.strand.1","https:\/\/x.com\/LMExtra"]},{"@type":"Person","@id":"https:\/\/lokalmagasinet.no\/#\/schema\/person\/2e8d221708d3aaf6f577275b5bba4310","name":"Svein-Harald Strand","image":{"@type":"ImageObject","inLanguage":"nn-NO","@id":"https:\/\/secure.gravatar.com\/avatar\/c487434bdf6cd7c12e4a88877ae4b12c38d22b7ad64292b49d33ed7503bb7ce1?s=96&d=mm&r=g","url":"https:\/\/secure.gravatar.com\/avatar\/c487434bdf6cd7c12e4a88877ae4b12c38d22b7ad64292b49d33ed7503bb7ce1?s=96&d=mm&r=g","contentUrl":"https:\/\/secure.gravatar.com\/avatar\/c487434bdf6cd7c12e4a88877ae4b12c38d22b7ad64292b49d33ed7503bb7ce1?s=96&d=mm&r=g","caption":"Svein-Harald Strand"},"description":"(F. 26.12.1945) Redakt\u00f8r, journalist og informasjonsarbeider siden 1968. ||| I 1963: Redaksjonell praktikant i 8 m\u00e5neder p\u00e5 full tid i Helgeland Arbeiderblad i hjembyen Mosj\u00f8en. ||| Arbeidende pensjonist med hjemmekontor fra 2008 (AFP) og videre som folkepensjonist til n\u00e5.","sameAs":["https:\/\/lokalmagasinet.no\/","https:\/\/www.facebook.com\/sveinharald.strand.1","https:\/\/x.com\/LMExtra"],"url":"https:\/\/lokalmagasinet.no\/?author=6"}]}},"_links":{"self":[{"href":"https:\/\/lokalmagasinet.no\/index.php?rest_route=\/wp\/v2\/posts\/23401","targetHints":{"allow":["GET"]}}],"collection":[{"href":"https:\/\/lokalmagasinet.no\/index.php?rest_route=\/wp\/v2\/posts"}],"about":[{"href":"https:\/\/lokalmagasinet.no\/index.php?rest_route=\/wp\/v2\/types\/post"}],"author":[{"embeddable":true,"href":"https:\/\/lokalmagasinet.no\/index.php?rest_route=\/wp\/v2\/users\/6"}],"replies":[{"embeddable":true,"href":"https:\/\/lokalmagasinet.no\/index.php?rest_route=%2Fwp%2Fv2%2Fcomments&post=23401"}],"version-history":[{"count":13,"href":"https:\/\/lokalmagasinet.no\/index.php?rest_route=\/wp\/v2\/posts\/23401\/revisions"}],"predecessor-version":[{"id":23415,"href":"https:\/\/lokalmagasinet.no\/index.php?rest_route=\/wp\/v2\/posts\/23401\/revisions\/23415"}],"wp:attachment":[{"href":"https:\/\/lokalmagasinet.no\/index.php?rest_route=%2Fwp%2Fv2%2Fmedia&parent=23401"}],"wp:term":[{"taxonomy":"category","embeddable":true,"href":"https:\/\/lokalmagasinet.no\/index.php?rest_route=%2Fwp%2Fv2%2Fcategories&post=23401"},{"taxonomy":"post_tag","embeddable":true,"href":"https:\/\/lokalmagasinet.no\/index.php?rest_route=%2Fwp%2Fv2%2Ftags&post=23401"}],"curies":[{"name":"wp","href":"https:\/\/api.w.org\/{rel}","templated":true}]}}