{"id":24440,"date":"2024-05-29T18:22:55","date_gmt":"2024-05-29T16:22:55","guid":{"rendered":"https:\/\/lokalmagasinet.no\/?p=24440"},"modified":"2024-05-29T18:22:55","modified_gmt":"2024-05-29T16:22:55","slug":"i-steinlens-fotspor-paris-aulestad-tur-retur","status":"publish","type":"post","link":"https:\/\/lokalmagasinet.no\/?p=24440","title":{"rendered":"I Steinlens fotspor &#8211; Paris-Aulestad tur-retur"},"content":{"rendered":"<p><span data-darkreader-inline-color=\"\"><img loading=\"lazy\" decoding=\"async\" class=\"size-full wp-image-24433 alignleft\" src=\"https:\/\/lokalmagasinet.no\/wp-content\/uploads\/2024\/05\/Bokomslag-I-Steinlens-fotspor-1.jpg\" alt=\"\" width=\"446\" height=\"470\" \/><\/span><\/p>\n<p>&nbsp;<\/p>\n<p><span data-darkreader-inline-color=\"\">(Publisert 29.05.24) <strong>Har du sett plakaten fra kabareten <em>Chat Noir<\/em> i Paris? Kunstneren bak den, Th\u00e9ophile-Alexandre Steinlen, var en sveitsiskf\u00f8dt fransk maler, grafiker og illustrat\u00f8r. Han ble kjent for sine kattemotiver og andre japansk-inspirerte kunstplakater i art nouveau-stil.<\/strong><br \/>\n<\/span><\/p>\n<p><span data-darkreader-inline-color=\"\">\u00a0<\/span><span data-darkreader-inline-color=\"\">(Redigert pressemelding) Sommeren 1901 kom Steinlen til Aulestad i Gausdal. Her var han gjest hos Karoline og Bj\u00f8rnstjerne Bj\u00f8rnson fra juli til oktober. Han malte og tegnet flere verk denne sommeren og h\u00f8sten, og skrev daglig hjem til Paris. Brev og postkort. Dette bes\u00f8ket er likevel et lite kjent kapittel i hans biografi og kunstnerliv.<\/span><\/p>\n<p>&#8211; Postkortene er en interessant kilde &#8211; og til n\u00e5 ukjent i Norge &#8211; der man kan f\u00f8lge en franskmanns daglige betraktninger av opplevelser i Norge gjennom fire m\u00e5neder i \u00e5ret 1901, sier sier fagredakt\u00f8r og konservator Else Braut ved Maihaugen.<\/p>\n<p><span data-darkreader-inline-color=\"\">De private postkortene og brevene Steinlen sendte hjem til Frankrike, er en viktig kilde som ikke tidligere er kjent for offentligheten eller unders\u00f8kt vitenskapelig. Boka gir ny kunnskap som b\u00e5de er lokal og internasjonal.<\/span><\/p>\n<p><span data-darkreader-inline-color=\"\">I l\u00f8pet av reisen og oppholdet i Norge skrev Steinlen s\u00e5 mange som 141 postkort til datteren Colette p\u00e5 tolv \u00e5r. Artiklene i denne antologien bruker postkortene og brevene som kilder, og er skrevet av blant andre\u00a0 kunstkritikere og forskere ved Lillehammer museum og Universitetet i Stavanger.<\/span><\/p>\n<p><span data-darkreader-inline-color=\"\"><strong>KORTENE ER SOM EN REISEDAGBOK<\/strong> med sm\u00e5 hilsener knyttet til det han tenkte og opplevde. Han skrev minst ett kort hver dag til datteren, men ogs\u00e5 noen titalls brev til kona \u00c9milie. Postkortene og brevene gir et nytt perspektiv p\u00e5 kunstnerskapet, livet og forbindelsen han hadde til Norge. <\/span><\/p>\n<p><span data-darkreader-inline-color=\"\">Artiklene i denne antologien bruker postkortene og brevene som kilder, og er skrevet av blant andre\u00a0 kunstkritikere og forskere ved Lillehammer museum og Universitetet i Stavanger.\u00a0<\/span><\/p>\n<p>&#8211; Jeg synes det er spesielt interessant at den gjengir alle postkortene Th\u00e9ophile-Alexandre Steinlen skrev fra sitt fire m\u00e5neder lange opphold i Norge til datteren i Paris. Her formidler han natur og kultur, folk han m\u00f8ter, landskaper han ser og opplevelser han deltar i, sier fagredakt\u00f8r og konservator Else Braut ved Maihaugen.<\/p>\n<p>&#8211; Han sammenlikner ofte det norske landskapet med det sveitsiske, hans f\u00f8deland, og et landskap datteren ogs\u00e5 kjenner. P\u00e5 denne m\u00e5ten har han henne med p\u00e5 turen, tilf\u00f8yer hun.<\/p>\n<p><strong>Museumsforlaget<\/strong><br \/>\nISBN 9788283051537<\/p>\n<p>240 sider\u00a0\u00a0\u00a0 Hard perm<\/p>\n<p>Norsk og fransk tekst. Utgivelse: mai 2024<\/p>\n<p>Bokas nettside: <a href=\"https:\/\/museumsforlaget.no\/produkt\/i-steinlens-fotspor\/\" data-saferedirecturl=\"https:\/\/www.google.com\/url?q=https:\/\/museumsforlaget.no\/produkt\/i-steinlens-fotspor\/&amp;source=gmail&amp;ust=1717085525531000&amp;usg=AOvVaw3sKW1DoxztPoy4MCQRN_kl\"> I Steinlens fotspor &#8211; Museumsforlaget<\/a><\/p>\n<p>&nbsp;<\/p>\n<p>Views: 92<\/p>","protected":false},"excerpt":{"rendered":"<p>&nbsp; (Publisert 29.05.24) Har du sett plakaten fra kabareten Chat Noir i Paris? Kunstneren bak den, Th\u00e9ophile-Alexandre Steinlen, var en sveitsiskf\u00f8dt fransk maler, grafiker og illustrat\u00f8r. Han ble kjent for &#8230; <\/p>\n<p class=\"read-more-container\"><a title=\"I Steinlens fotspor &#8211; Paris-Aulestad tur-retur\" class=\"read-more button\" href=\"https:\/\/lokalmagasinet.no\/?p=24440#more-24440\">Les mer<span class=\"screen-reader-text\">I Steinlens fotspor &#8211; Paris-Aulestad tur-retur<\/span><\/a><\/p>\n","protected":false},"author":6,"featured_media":0,"comment_status":"closed","ping_status":"closed","sticky":false,"template":"","format":"standard","meta":{"footnotes":""},"categories":[1,77],"tags":[],"class_list":["post-24440","post","type-post","status-publish","format-standard","hentry","category-aktuelt","category-bokslipp"],"yoast_head":"<!-- This site is optimized with the Yoast SEO plugin v27.4 - https:\/\/yoast.com\/product\/yoast-seo-wordpress\/ -->\n<title>I Steinlens fotspor - Paris-Aulestad tur-retur | Lokalmagasinet.no<\/title>\n<meta name=\"robots\" content=\"index, follow, max-snippet:-1, max-image-preview:large, max-video-preview:-1\" \/>\n<link rel=\"canonical\" href=\"https:\/\/lokalmagasinet.no\/?p=24440\" \/>\n<meta property=\"og:locale\" content=\"nn_NO\" \/>\n<meta property=\"og:type\" content=\"article\" \/>\n<meta property=\"og:title\" content=\"I Steinlens fotspor - Paris-Aulestad tur-retur | Lokalmagasinet.no\" \/>\n<meta property=\"og:description\" content=\"&nbsp; (Publisert 29.05.24) Har du sett plakaten fra kabareten Chat Noir i Paris? Kunstneren bak den, Th\u00e9ophile-Alexandre Steinlen, var en sveitsiskf\u00f8dt fransk maler, grafiker og illustrat\u00f8r. Han ble kjent for ... Les merI Steinlens fotspor &#8211; Paris-Aulestad tur-retur\" \/>\n<meta property=\"og:url\" content=\"https:\/\/lokalmagasinet.no\/?p=24440\" \/>\n<meta property=\"og:site_name\" content=\"Lokalmagasinet.no\" \/>\n<meta property=\"article:publisher\" content=\"https:\/\/www.facebook.com\/sveinharald.strand.1\" \/>\n<meta property=\"article:author\" content=\"https:\/\/www.facebook.com\/sveinharald.strand.1\" \/>\n<meta property=\"article:published_time\" content=\"2024-05-29T16:22:55+00:00\" \/>\n<meta property=\"og:image\" content=\"https:\/\/lokalmagasinet.no\/wp-content\/uploads\/2024\/05\/Bokomslag-I-Steinlens-fotspor-1.jpg\" \/>\n<meta name=\"author\" content=\"Svein-Harald Strand\" \/>\n<meta name=\"twitter:card\" content=\"summary_large_image\" \/>\n<meta name=\"twitter:creator\" content=\"@LMExtra\" \/>\n<meta name=\"twitter:site\" content=\"@LMExtra\" \/>\n<meta name=\"twitter:label1\" content=\"Written by\" \/>\n\t<meta name=\"twitter:data1\" content=\"Svein-Harald Strand\" \/>\n\t<meta name=\"twitter:label2\" content=\"Est. reading time\" \/>\n\t<meta name=\"twitter:data2\" content=\"2 minutt\" \/>\n<script type=\"application\/ld+json\" class=\"yoast-schema-graph\">{\"@context\":\"https:\\\/\\\/schema.org\",\"@graph\":[{\"@type\":\"Article\",\"@id\":\"https:\\\/\\\/lokalmagasinet.no\\\/?p=24440#article\",\"isPartOf\":{\"@id\":\"https:\\\/\\\/lokalmagasinet.no\\\/?p=24440\"},\"author\":{\"name\":\"Svein-Harald Strand\",\"@id\":\"https:\\\/\\\/lokalmagasinet.no\\\/#\\\/schema\\\/person\\\/2e8d221708d3aaf6f577275b5bba4310\"},\"headline\":\"I Steinlens fotspor &#8211; Paris-Aulestad tur-retur\",\"datePublished\":\"2024-05-29T16:22:55+00:00\",\"mainEntityOfPage\":{\"@id\":\"https:\\\/\\\/lokalmagasinet.no\\\/?p=24440\"},\"wordCount\":412,\"publisher\":{\"@id\":\"https:\\\/\\\/lokalmagasinet.no\\\/#organization\"},\"image\":{\"@id\":\"https:\\\/\\\/lokalmagasinet.no\\\/?p=24440#primaryimage\"},\"thumbnailUrl\":\"https:\\\/\\\/lokalmagasinet.no\\\/wp-content\\\/uploads\\\/2024\\\/05\\\/Bokomslag-I-Steinlens-fotspor-1.jpg\",\"articleSection\":[\"Aktuelt\",\"Bokslipp\"],\"inLanguage\":\"nn-NO\"},{\"@type\":\"WebPage\",\"@id\":\"https:\\\/\\\/lokalmagasinet.no\\\/?p=24440\",\"url\":\"https:\\\/\\\/lokalmagasinet.no\\\/?p=24440\",\"name\":\"I Steinlens fotspor - Paris-Aulestad tur-retur | Lokalmagasinet.no\",\"isPartOf\":{\"@id\":\"https:\\\/\\\/lokalmagasinet.no\\\/#website\"},\"primaryImageOfPage\":{\"@id\":\"https:\\\/\\\/lokalmagasinet.no\\\/?p=24440#primaryimage\"},\"image\":{\"@id\":\"https:\\\/\\\/lokalmagasinet.no\\\/?p=24440#primaryimage\"},\"thumbnailUrl\":\"https:\\\/\\\/lokalmagasinet.no\\\/wp-content\\\/uploads\\\/2024\\\/05\\\/Bokomslag-I-Steinlens-fotspor-1.jpg\",\"datePublished\":\"2024-05-29T16:22:55+00:00\",\"breadcrumb\":{\"@id\":\"https:\\\/\\\/lokalmagasinet.no\\\/?p=24440#breadcrumb\"},\"inLanguage\":\"nn-NO\",\"potentialAction\":[{\"@type\":\"ReadAction\",\"target\":[\"https:\\\/\\\/lokalmagasinet.no\\\/?p=24440\"]}]},{\"@type\":\"ImageObject\",\"inLanguage\":\"nn-NO\",\"@id\":\"https:\\\/\\\/lokalmagasinet.no\\\/?p=24440#primaryimage\",\"url\":\"\",\"contentUrl\":\"\"},{\"@type\":\"BreadcrumbList\",\"@id\":\"https:\\\/\\\/lokalmagasinet.no\\\/?p=24440#breadcrumb\",\"itemListElement\":[{\"@type\":\"ListItem\",\"position\":1,\"name\":\"Hjem\",\"item\":\"https:\\\/\\\/lokalmagasinet.no\\\/\"},{\"@type\":\"ListItem\",\"position\":2,\"name\":\"I Steinlens fotspor &#8211; Paris-Aulestad tur-retur\"}]},{\"@type\":\"WebSite\",\"@id\":\"https:\\\/\\\/lokalmagasinet.no\\\/#website\",\"url\":\"https:\\\/\\\/lokalmagasinet.no\\\/\",\"name\":\"Lokalmagasinet.no\",\"description\":\"Fra fortid og n\u00e5tid. Med st\u00e5sted i det n\u00e6re. Siden 2002.\",\"publisher\":{\"@id\":\"https:\\\/\\\/lokalmagasinet.no\\\/#organization\"},\"potentialAction\":[{\"@type\":\"SearchAction\",\"target\":{\"@type\":\"EntryPoint\",\"urlTemplate\":\"https:\\\/\\\/lokalmagasinet.no\\\/?s={search_term_string}\"},\"query-input\":{\"@type\":\"PropertyValueSpecification\",\"valueRequired\":true,\"valueName\":\"search_term_string\"}}],\"inLanguage\":\"nn-NO\"},{\"@type\":\"Organization\",\"@id\":\"https:\\\/\\\/lokalmagasinet.no\\\/#organization\",\"name\":\"Lokalmagasinet.no\",\"url\":\"https:\\\/\\\/lokalmagasinet.no\\\/\",\"logo\":{\"@type\":\"ImageObject\",\"inLanguage\":\"nn-NO\",\"@id\":\"https:\\\/\\\/lokalmagasinet.no\\\/#\\\/schema\\\/logo\\\/image\\\/\",\"url\":\"https:\\\/\\\/lokalmagasinet.no\\\/wp-content\\\/uploads\\\/2021\\\/03\\\/cropped-cropped-cropped-cropped-cropped-cropped-lmlogo-e1640691300821.jpg\",\"contentUrl\":\"https:\\\/\\\/lokalmagasinet.no\\\/wp-content\\\/uploads\\\/2021\\\/03\\\/cropped-cropped-cropped-cropped-cropped-cropped-lmlogo-e1640691300821.jpg\",\"width\":72,\"height\":118,\"caption\":\"Lokalmagasinet.no\"},\"image\":{\"@id\":\"https:\\\/\\\/lokalmagasinet.no\\\/#\\\/schema\\\/logo\\\/image\\\/\"},\"sameAs\":[\"https:\\\/\\\/www.facebook.com\\\/sveinharald.strand.1\",\"https:\\\/\\\/x.com\\\/LMExtra\"]},{\"@type\":\"Person\",\"@id\":\"https:\\\/\\\/lokalmagasinet.no\\\/#\\\/schema\\\/person\\\/2e8d221708d3aaf6f577275b5bba4310\",\"name\":\"Svein-Harald Strand\",\"image\":{\"@type\":\"ImageObject\",\"inLanguage\":\"nn-NO\",\"@id\":\"https:\\\/\\\/secure.gravatar.com\\\/avatar\\\/c487434bdf6cd7c12e4a88877ae4b12c38d22b7ad64292b49d33ed7503bb7ce1?s=96&d=mm&r=g\",\"url\":\"https:\\\/\\\/secure.gravatar.com\\\/avatar\\\/c487434bdf6cd7c12e4a88877ae4b12c38d22b7ad64292b49d33ed7503bb7ce1?s=96&d=mm&r=g\",\"contentUrl\":\"https:\\\/\\\/secure.gravatar.com\\\/avatar\\\/c487434bdf6cd7c12e4a88877ae4b12c38d22b7ad64292b49d33ed7503bb7ce1?s=96&d=mm&r=g\",\"caption\":\"Svein-Harald Strand\"},\"description\":\"(F. 26.12.1945) Redakt\u00f8r, journalist og informasjonsarbeider siden 1968. ||| I 1963: Redaksjonell praktikant i 8 m\u00e5neder p\u00e5 full tid i Helgeland Arbeiderblad i hjembyen Mosj\u00f8en. ||| Arbeidende pensjonist med hjemmekontor fra 2008 (AFP) og videre som folkepensjonist til n\u00e5.\",\"sameAs\":[\"https:\\\/\\\/lokalmagasinet.no\\\/\",\"https:\\\/\\\/www.facebook.com\\\/sveinharald.strand.1\",\"https:\\\/\\\/x.com\\\/LMExtra\"],\"url\":\"https:\\\/\\\/lokalmagasinet.no\\\/?author=6\"}]}<\/script>\n<!-- \/ Yoast SEO plugin. -->","yoast_head_json":{"title":"I Steinlens fotspor - Paris-Aulestad tur-retur | Lokalmagasinet.no","robots":{"index":"index","follow":"follow","max-snippet":"max-snippet:-1","max-image-preview":"max-image-preview:large","max-video-preview":"max-video-preview:-1"},"canonical":"https:\/\/lokalmagasinet.no\/?p=24440","og_locale":"nn_NO","og_type":"article","og_title":"I Steinlens fotspor - Paris-Aulestad tur-retur | Lokalmagasinet.no","og_description":"&nbsp; (Publisert 29.05.24) Har du sett plakaten fra kabareten Chat Noir i Paris? Kunstneren bak den, Th\u00e9ophile-Alexandre Steinlen, var en sveitsiskf\u00f8dt fransk maler, grafiker og illustrat\u00f8r. Han ble kjent for ... Les merI Steinlens fotspor &#8211; Paris-Aulestad tur-retur","og_url":"https:\/\/lokalmagasinet.no\/?p=24440","og_site_name":"Lokalmagasinet.no","article_publisher":"https:\/\/www.facebook.com\/sveinharald.strand.1","article_author":"https:\/\/www.facebook.com\/sveinharald.strand.1","article_published_time":"2024-05-29T16:22:55+00:00","og_image":[{"url":"https:\/\/lokalmagasinet.no\/wp-content\/uploads\/2024\/05\/Bokomslag-I-Steinlens-fotspor-1.jpg","type":"","width":"","height":""}],"author":"Svein-Harald Strand","twitter_card":"summary_large_image","twitter_creator":"@LMExtra","twitter_site":"@LMExtra","twitter_misc":{"Written by":"Svein-Harald Strand","Est. reading time":"2 minutt"},"schema":{"@context":"https:\/\/schema.org","@graph":[{"@type":"Article","@id":"https:\/\/lokalmagasinet.no\/?p=24440#article","isPartOf":{"@id":"https:\/\/lokalmagasinet.no\/?p=24440"},"author":{"name":"Svein-Harald Strand","@id":"https:\/\/lokalmagasinet.no\/#\/schema\/person\/2e8d221708d3aaf6f577275b5bba4310"},"headline":"I Steinlens fotspor &#8211; Paris-Aulestad tur-retur","datePublished":"2024-05-29T16:22:55+00:00","mainEntityOfPage":{"@id":"https:\/\/lokalmagasinet.no\/?p=24440"},"wordCount":412,"publisher":{"@id":"https:\/\/lokalmagasinet.no\/#organization"},"image":{"@id":"https:\/\/lokalmagasinet.no\/?p=24440#primaryimage"},"thumbnailUrl":"https:\/\/lokalmagasinet.no\/wp-content\/uploads\/2024\/05\/Bokomslag-I-Steinlens-fotspor-1.jpg","articleSection":["Aktuelt","Bokslipp"],"inLanguage":"nn-NO"},{"@type":"WebPage","@id":"https:\/\/lokalmagasinet.no\/?p=24440","url":"https:\/\/lokalmagasinet.no\/?p=24440","name":"I Steinlens fotspor - Paris-Aulestad tur-retur | Lokalmagasinet.no","isPartOf":{"@id":"https:\/\/lokalmagasinet.no\/#website"},"primaryImageOfPage":{"@id":"https:\/\/lokalmagasinet.no\/?p=24440#primaryimage"},"image":{"@id":"https:\/\/lokalmagasinet.no\/?p=24440#primaryimage"},"thumbnailUrl":"https:\/\/lokalmagasinet.no\/wp-content\/uploads\/2024\/05\/Bokomslag-I-Steinlens-fotspor-1.jpg","datePublished":"2024-05-29T16:22:55+00:00","breadcrumb":{"@id":"https:\/\/lokalmagasinet.no\/?p=24440#breadcrumb"},"inLanguage":"nn-NO","potentialAction":[{"@type":"ReadAction","target":["https:\/\/lokalmagasinet.no\/?p=24440"]}]},{"@type":"ImageObject","inLanguage":"nn-NO","@id":"https:\/\/lokalmagasinet.no\/?p=24440#primaryimage","url":"","contentUrl":""},{"@type":"BreadcrumbList","@id":"https:\/\/lokalmagasinet.no\/?p=24440#breadcrumb","itemListElement":[{"@type":"ListItem","position":1,"name":"Hjem","item":"https:\/\/lokalmagasinet.no\/"},{"@type":"ListItem","position":2,"name":"I Steinlens fotspor &#8211; Paris-Aulestad tur-retur"}]},{"@type":"WebSite","@id":"https:\/\/lokalmagasinet.no\/#website","url":"https:\/\/lokalmagasinet.no\/","name":"Lokalmagasinet.no","description":"Fra fortid og n\u00e5tid. Med st\u00e5sted i det n\u00e6re. Siden 2002.","publisher":{"@id":"https:\/\/lokalmagasinet.no\/#organization"},"potentialAction":[{"@type":"SearchAction","target":{"@type":"EntryPoint","urlTemplate":"https:\/\/lokalmagasinet.no\/?s={search_term_string}"},"query-input":{"@type":"PropertyValueSpecification","valueRequired":true,"valueName":"search_term_string"}}],"inLanguage":"nn-NO"},{"@type":"Organization","@id":"https:\/\/lokalmagasinet.no\/#organization","name":"Lokalmagasinet.no","url":"https:\/\/lokalmagasinet.no\/","logo":{"@type":"ImageObject","inLanguage":"nn-NO","@id":"https:\/\/lokalmagasinet.no\/#\/schema\/logo\/image\/","url":"https:\/\/lokalmagasinet.no\/wp-content\/uploads\/2021\/03\/cropped-cropped-cropped-cropped-cropped-cropped-lmlogo-e1640691300821.jpg","contentUrl":"https:\/\/lokalmagasinet.no\/wp-content\/uploads\/2021\/03\/cropped-cropped-cropped-cropped-cropped-cropped-lmlogo-e1640691300821.jpg","width":72,"height":118,"caption":"Lokalmagasinet.no"},"image":{"@id":"https:\/\/lokalmagasinet.no\/#\/schema\/logo\/image\/"},"sameAs":["https:\/\/www.facebook.com\/sveinharald.strand.1","https:\/\/x.com\/LMExtra"]},{"@type":"Person","@id":"https:\/\/lokalmagasinet.no\/#\/schema\/person\/2e8d221708d3aaf6f577275b5bba4310","name":"Svein-Harald Strand","image":{"@type":"ImageObject","inLanguage":"nn-NO","@id":"https:\/\/secure.gravatar.com\/avatar\/c487434bdf6cd7c12e4a88877ae4b12c38d22b7ad64292b49d33ed7503bb7ce1?s=96&d=mm&r=g","url":"https:\/\/secure.gravatar.com\/avatar\/c487434bdf6cd7c12e4a88877ae4b12c38d22b7ad64292b49d33ed7503bb7ce1?s=96&d=mm&r=g","contentUrl":"https:\/\/secure.gravatar.com\/avatar\/c487434bdf6cd7c12e4a88877ae4b12c38d22b7ad64292b49d33ed7503bb7ce1?s=96&d=mm&r=g","caption":"Svein-Harald Strand"},"description":"(F. 26.12.1945) Redakt\u00f8r, journalist og informasjonsarbeider siden 1968. ||| I 1963: Redaksjonell praktikant i 8 m\u00e5neder p\u00e5 full tid i Helgeland Arbeiderblad i hjembyen Mosj\u00f8en. ||| Arbeidende pensjonist med hjemmekontor fra 2008 (AFP) og videre som folkepensjonist til n\u00e5.","sameAs":["https:\/\/lokalmagasinet.no\/","https:\/\/www.facebook.com\/sveinharald.strand.1","https:\/\/x.com\/LMExtra"],"url":"https:\/\/lokalmagasinet.no\/?author=6"}]}},"_links":{"self":[{"href":"https:\/\/lokalmagasinet.no\/index.php?rest_route=\/wp\/v2\/posts\/24440","targetHints":{"allow":["GET"]}}],"collection":[{"href":"https:\/\/lokalmagasinet.no\/index.php?rest_route=\/wp\/v2\/posts"}],"about":[{"href":"https:\/\/lokalmagasinet.no\/index.php?rest_route=\/wp\/v2\/types\/post"}],"author":[{"embeddable":true,"href":"https:\/\/lokalmagasinet.no\/index.php?rest_route=\/wp\/v2\/users\/6"}],"replies":[{"embeddable":true,"href":"https:\/\/lokalmagasinet.no\/index.php?rest_route=%2Fwp%2Fv2%2Fcomments&post=24440"}],"version-history":[{"count":7,"href":"https:\/\/lokalmagasinet.no\/index.php?rest_route=\/wp\/v2\/posts\/24440\/revisions"}],"predecessor-version":[{"id":24447,"href":"https:\/\/lokalmagasinet.no\/index.php?rest_route=\/wp\/v2\/posts\/24440\/revisions\/24447"}],"wp:attachment":[{"href":"https:\/\/lokalmagasinet.no\/index.php?rest_route=%2Fwp%2Fv2%2Fmedia&parent=24440"}],"wp:term":[{"taxonomy":"category","embeddable":true,"href":"https:\/\/lokalmagasinet.no\/index.php?rest_route=%2Fwp%2Fv2%2Fcategories&post=24440"},{"taxonomy":"post_tag","embeddable":true,"href":"https:\/\/lokalmagasinet.no\/index.php?rest_route=%2Fwp%2Fv2%2Ftags&post=24440"}],"curies":[{"name":"wp","href":"https:\/\/api.w.org\/{rel}","templated":true}]}}