{"id":24491,"date":"2024-06-03T20:53:12","date_gmt":"2024-06-03T18:53:12","guid":{"rendered":"https:\/\/lokalmagasinet.no\/?p=24491"},"modified":"2024-06-03T20:55:32","modified_gmt":"2024-06-03T18:55:32","slug":"blant-de-forste-norske-som-levde-av-a-vaere-forfatter","status":"publish","type":"post","link":"https:\/\/lokalmagasinet.no\/?p=24491","title":{"rendered":"Blant de f\u00f8rste norske som levde av \u00e5 v\u00e6re forfatter"},"content":{"rendered":"<div id=\"bodyContent\" class=\"vector-body\">\n<figure id=\"attachment_9515\" aria-describedby=\"caption-attachment-9515\" style=\"width: 150px\" class=\"wp-caption alignleft\"><img loading=\"lazy\" decoding=\"async\" class=\"size-full wp-image-9515\" src=\"https:\/\/lokalmagasinet.no\/wp-content\/uploads\/2022\/04\/nilskjaer.jpg\" alt=\"\" width=\"150\" height=\"207\" srcset=\"https:\/\/lokalmagasinet.no\/wp-content\/uploads\/2022\/04\/nilskjaer.jpg 150w, https:\/\/lokalmagasinet.no\/wp-content\/uploads\/2022\/04\/nilskjaer-109x150.jpg 109w\" sizes=\"auto, (max-width: 150px) 100vw, 150px\" \/><figcaption id=\"caption-attachment-9515\" class=\"wp-caption-text\">Tegning av Nils Kj\u00e6r. (LM Arkivfoto)<\/figcaption><\/figure>\n<p>(Publisert 03.06.24) (Redigert fra no.wikipedia) <strong>Nils Kj\u00e6r (f\u00f8dt 11. september 1870 i <a title=\"Holmestrand\" href=\"https:\/\/lokalhistoriewiki.no\/wiki\/Holmestrand\">Holmestrand<\/a>, d\u00f8d 9. februar 1924) var forfatter, essayist og litter\u00e6r kritiker. Han var en av de f\u00f8rste i norsk litteraturhistorie som levde av forfatterskapet sitt uten \u00e5 ha fast yrkesmessig tilknytning noe sted.<\/strong><\/p>\n<\/div>\n<div id=\"content\" class=\"mw-body ve-init-mw-desktopArticleTarget-targetContainer\" role=\"main\">\n<div id=\"bodyContent\" class=\"vector-body\">\n<div id=\"mw-content-text\" class=\"mw-body-content mw-content-ltr\" dir=\"ltr\" lang=\"nb\">\n<div class=\"mw-parser-output\">\n<p>Kj\u00e6r vokste opp i Holmestrand som s\u00f8nn av skipper Nils Henrik Kj\u00e6r (1833\u20131873) og Christine Smestad (1837\u20131915), og ble gift i 1896 med l\u00e6rer og oversetter <a class=\"new\" title=\"Fredrikke Margrete Dons (1872\u20131956) (siden finnes ikke)\" href=\"https:\/\/lokalhistoriewiki.no\/index.php?title=Fredrikke_Margrete_Dons_(1872%E2%80%931956)&amp;action=edit&amp;redlink=1\">Fredrikke Margrete \u00abMaggen\u00bb Dons<\/a> (1872\u20131956).<\/p>\n<p>I 1893 stiftet han, sammen med <a title=\"Erik M\u00f8inichen Lie\" href=\"https:\/\/lokalhistoriewiki.no\/wiki\/Erik_M%C3%B8inichen_Lie\">Erik M\u00f8inichen Lie<\/a> og <a title=\"Jens Thiis (1870\u20131942)\" href=\"https:\/\/lokalhistoriewiki.no\/wiki\/Jens_Thiis_(1870%E2%80%931942)\">Jens Thiis<\/a> <a title=\"Den norske Forfatterforening\" href=\"https:\/\/lokalhistoriewiki.no\/wiki\/Den_norske_Forfatterforening\">Den norske Forfatterforening<\/a>.<\/p>\n<p>Kj\u00e6r var en hyppig gjest p\u00e5 en rekke av Kristianias kaf\u00e9er. Kretsen rundt Kj\u00e6r ble kalt \u00abetter-bohemene\u00bb. Han mest kjente verk er skuespillet <i>Det lykkelige valg<\/i> fra 1913, en satirisk komedie om m\u00e5lsaken, avholdssak, bedehuskristendom og politisk spill.<\/p>\n<p>Kj\u00e6r er ellers kjent for sine skarpsindige epistler, k\u00e5serier og reisebrev, i tillegg til sine mange litteraturkritikker i hovedstadsavisene. Han fikk tilnavnene \u00abHuggormen\u00bb og \u00abGullpennen\u00bb, og var en kjent person i sin samtid.<\/p>\n<p>Kj\u00e6r d\u00f8de i sitt hjem \u00abPj\u00e5ken\u00bb i Son, 52 \u00e5r gammel.<\/p>\n<p>Finn Hald leser &laquo;Julibrev fra Son&raquo;:<a class=\"external autonumber\" href=\"https:\/\/www.youtube.com\/watch?v=whTvII2VwBM&amp;t=16s\" rel=\"nofollow\">[1]<\/a><\/p>\n<h2><span id=\"Carl_N.C3.A6rup:\"><\/span><span id=\"Carl_N\u00e6rup:\" class=\"mw-headline\">Carl N\u00e6rup:<\/span><\/h2>\n<table>\n<tbody>\n<tr>\n<td>Nils Kj\u00e6r har aldri pr\u00f8vd \u00e5 hevde sig ved sin tyngde og kvantum, den dystre, sakelige videnskabelige grundighet synes ikke \u00e5 v\u00e6re hans m\u00e5l, hvad han s\u00f8ker og finner er kvalitet, det er kvintessensen, det ferdigformede og fullkomne, en svunnen sommers eventyr- og lykkestemning, dens sol og sang og duft, samlet i sum, utkrystet og krystalisert, p\u00e5 et par sider skj\u00f8nn og sindig prosa, hundrede dagers velv\u00e6re og velbefinnende, sm\u00e5 bekymringer og store tilfredsheter, sublimert og koncentrert til et lite ordspillende, farvefunklende, billedglitrende, yppig facittert og tilslepet essay.Han var v\u00e5rt sprogs f\u00f8rste skribent, gullpennen, mesterh\u00e5nden, den fullkomne artist, den f\u00f8dte poet og ordkunstner, som allerede i begynnelsen skrev bedre enn de andre og siden til stadighet bedre enn de beste.<\/td>\n<\/tr>\n<tr>\n<td colspan=\"3\"><em>(Fra vennen Carl N\u00e6rups nekrolog)<\/em><\/td>\n<\/tr>\n<\/tbody>\n<\/table>\n<p>&nbsp;<\/p>\n<\/div>\n<\/div>\n<div id=\"catlinks\" class=\"catlinks\" data-mw=\"interface\">\n<div id=\"mw-normal-catlinks\" class=\"mw-normal-catlinks\"><\/div>\n<\/div>\n<\/div>\n<\/div>\n<div id=\"mw-navigation\">\n<div id=\"mw-head\">\n<div id=\"right-navigation\">\n<div id=\"p-search\" class=\"vector-search-box-vue vector-search-box-show-thumbnail vector-search-box-auto-expand-width vector-search-box\" role=\"search\">\n<div><\/div>\n<\/div>\n<\/div>\n<\/div>\n<\/div>\n<footer id=\"footer\" class=\"mw-footer\" role=\"contentinfo\">\n<ul id=\"footer-info\"><\/ul>\n<\/footer>\n<p>Views: 58<\/p>","protected":false},"excerpt":{"rendered":"<p>(Publisert 03.06.24) (Redigert fra no.wikipedia) Nils Kj\u00e6r (f\u00f8dt 11. september 1870 i Holmestrand, d\u00f8d 9. februar 1924) var forfatter, essayist og litter\u00e6r kritiker. Han var en av de f\u00f8rste i &#8230; <\/p>\n<p class=\"read-more-container\"><a title=\"Blant de f\u00f8rste norske som levde av \u00e5 v\u00e6re forfatter\" class=\"read-more button\" href=\"https:\/\/lokalmagasinet.no\/?p=24491#more-24491\">Les mer<span class=\"screen-reader-text\">Blant de f\u00f8rste norske som levde av \u00e5 v\u00e6re forfatter<\/span><\/a><\/p>\n","protected":false},"author":6,"featured_media":0,"comment_status":"closed","ping_status":"closed","sticky":false,"template":"","format":"standard","meta":{"footnotes":""},"categories":[1],"tags":[],"class_list":["post-24491","post","type-post","status-publish","format-standard","hentry","category-aktuelt"],"yoast_head":"<!-- This site is optimized with the Yoast SEO plugin v27.4 - https:\/\/yoast.com\/product\/yoast-seo-wordpress\/ -->\n<title>Blant de f\u00f8rste norske som levde av \u00e5 v\u00e6re forfatter | Lokalmagasinet.no<\/title>\n<meta name=\"robots\" content=\"index, follow, max-snippet:-1, max-image-preview:large, max-video-preview:-1\" \/>\n<link rel=\"canonical\" href=\"https:\/\/lokalmagasinet.no\/?p=24491\" \/>\n<meta property=\"og:locale\" content=\"nn_NO\" \/>\n<meta property=\"og:type\" content=\"article\" \/>\n<meta property=\"og:title\" content=\"Blant de f\u00f8rste norske som levde av \u00e5 v\u00e6re forfatter | Lokalmagasinet.no\" \/>\n<meta property=\"og:description\" content=\"(Publisert 03.06.24) (Redigert fra no.wikipedia) Nils Kj\u00e6r (f\u00f8dt 11. september 1870 i Holmestrand, d\u00f8d 9. februar 1924) var forfatter, essayist og litter\u00e6r kritiker. Han var en av de f\u00f8rste i ... Les merBlant de f\u00f8rste norske som levde av \u00e5 v\u00e6re forfatter\" \/>\n<meta property=\"og:url\" content=\"https:\/\/lokalmagasinet.no\/?p=24491\" \/>\n<meta property=\"og:site_name\" content=\"Lokalmagasinet.no\" \/>\n<meta property=\"article:publisher\" content=\"https:\/\/www.facebook.com\/sveinharald.strand.1\" \/>\n<meta property=\"article:author\" content=\"https:\/\/www.facebook.com\/sveinharald.strand.1\" \/>\n<meta property=\"article:published_time\" content=\"2024-06-03T18:53:12+00:00\" \/>\n<meta property=\"article:modified_time\" content=\"2024-06-03T18:55:32+00:00\" \/>\n<meta property=\"og:image\" content=\"https:\/\/lokalmagasinet.no\/wp-content\/uploads\/2022\/04\/nilskjaer.jpg\" \/>\n<meta name=\"author\" content=\"Svein-Harald Strand\" \/>\n<meta name=\"twitter:card\" content=\"summary_large_image\" \/>\n<meta name=\"twitter:creator\" content=\"@LMExtra\" \/>\n<meta name=\"twitter:site\" content=\"@LMExtra\" \/>\n<meta name=\"twitter:label1\" content=\"Written by\" \/>\n\t<meta name=\"twitter:data1\" content=\"Svein-Harald Strand\" \/>\n\t<meta name=\"twitter:label2\" content=\"Est. reading time\" \/>\n\t<meta name=\"twitter:data2\" content=\"2 minutt\" \/>\n<script type=\"application\/ld+json\" class=\"yoast-schema-graph\">{\"@context\":\"https:\\\/\\\/schema.org\",\"@graph\":[{\"@type\":\"Article\",\"@id\":\"https:\\\/\\\/lokalmagasinet.no\\\/?p=24491#article\",\"isPartOf\":{\"@id\":\"https:\\\/\\\/lokalmagasinet.no\\\/?p=24491\"},\"author\":{\"name\":\"Svein-Harald Strand\",\"@id\":\"https:\\\/\\\/lokalmagasinet.no\\\/#\\\/schema\\\/person\\\/2e8d221708d3aaf6f577275b5bba4310\"},\"headline\":\"Blant de f\u00f8rste norske som levde av \u00e5 v\u00e6re forfatter\",\"datePublished\":\"2024-06-03T18:53:12+00:00\",\"dateModified\":\"2024-06-03T18:55:32+00:00\",\"mainEntityOfPage\":{\"@id\":\"https:\\\/\\\/lokalmagasinet.no\\\/?p=24491\"},\"wordCount\":351,\"publisher\":{\"@id\":\"https:\\\/\\\/lokalmagasinet.no\\\/#organization\"},\"image\":{\"@id\":\"https:\\\/\\\/lokalmagasinet.no\\\/?p=24491#primaryimage\"},\"thumbnailUrl\":\"https:\\\/\\\/lokalmagasinet.no\\\/wp-content\\\/uploads\\\/2022\\\/04\\\/nilskjaer.jpg\",\"articleSection\":[\"Aktuelt\"],\"inLanguage\":\"nn-NO\"},{\"@type\":\"WebPage\",\"@id\":\"https:\\\/\\\/lokalmagasinet.no\\\/?p=24491\",\"url\":\"https:\\\/\\\/lokalmagasinet.no\\\/?p=24491\",\"name\":\"Blant de f\u00f8rste norske som levde av \u00e5 v\u00e6re forfatter | Lokalmagasinet.no\",\"isPartOf\":{\"@id\":\"https:\\\/\\\/lokalmagasinet.no\\\/#website\"},\"primaryImageOfPage\":{\"@id\":\"https:\\\/\\\/lokalmagasinet.no\\\/?p=24491#primaryimage\"},\"image\":{\"@id\":\"https:\\\/\\\/lokalmagasinet.no\\\/?p=24491#primaryimage\"},\"thumbnailUrl\":\"https:\\\/\\\/lokalmagasinet.no\\\/wp-content\\\/uploads\\\/2022\\\/04\\\/nilskjaer.jpg\",\"datePublished\":\"2024-06-03T18:53:12+00:00\",\"dateModified\":\"2024-06-03T18:55:32+00:00\",\"breadcrumb\":{\"@id\":\"https:\\\/\\\/lokalmagasinet.no\\\/?p=24491#breadcrumb\"},\"inLanguage\":\"nn-NO\",\"potentialAction\":[{\"@type\":\"ReadAction\",\"target\":[\"https:\\\/\\\/lokalmagasinet.no\\\/?p=24491\"]}]},{\"@type\":\"ImageObject\",\"inLanguage\":\"nn-NO\",\"@id\":\"https:\\\/\\\/lokalmagasinet.no\\\/?p=24491#primaryimage\",\"url\":\"https:\\\/\\\/lokalmagasinet.no\\\/wp-content\\\/uploads\\\/2022\\\/04\\\/nilskjaer.jpg\",\"contentUrl\":\"https:\\\/\\\/lokalmagasinet.no\\\/wp-content\\\/uploads\\\/2022\\\/04\\\/nilskjaer.jpg\",\"width\":150,\"height\":207,\"caption\":\"Tegning av Nils Kj\u00e6r. Hva het tegneren? (LM Arkivfoto)\"},{\"@type\":\"BreadcrumbList\",\"@id\":\"https:\\\/\\\/lokalmagasinet.no\\\/?p=24491#breadcrumb\",\"itemListElement\":[{\"@type\":\"ListItem\",\"position\":1,\"name\":\"Hjem\",\"item\":\"https:\\\/\\\/lokalmagasinet.no\\\/\"},{\"@type\":\"ListItem\",\"position\":2,\"name\":\"Blant de f\u00f8rste norske som levde av \u00e5 v\u00e6re forfatter\"}]},{\"@type\":\"WebSite\",\"@id\":\"https:\\\/\\\/lokalmagasinet.no\\\/#website\",\"url\":\"https:\\\/\\\/lokalmagasinet.no\\\/\",\"name\":\"Lokalmagasinet.no\",\"description\":\"Fra fortid og n\u00e5tid. Med st\u00e5sted i det n\u00e6re. Siden 2002.\",\"publisher\":{\"@id\":\"https:\\\/\\\/lokalmagasinet.no\\\/#organization\"},\"potentialAction\":[{\"@type\":\"SearchAction\",\"target\":{\"@type\":\"EntryPoint\",\"urlTemplate\":\"https:\\\/\\\/lokalmagasinet.no\\\/?s={search_term_string}\"},\"query-input\":{\"@type\":\"PropertyValueSpecification\",\"valueRequired\":true,\"valueName\":\"search_term_string\"}}],\"inLanguage\":\"nn-NO\"},{\"@type\":\"Organization\",\"@id\":\"https:\\\/\\\/lokalmagasinet.no\\\/#organization\",\"name\":\"Lokalmagasinet.no\",\"url\":\"https:\\\/\\\/lokalmagasinet.no\\\/\",\"logo\":{\"@type\":\"ImageObject\",\"inLanguage\":\"nn-NO\",\"@id\":\"https:\\\/\\\/lokalmagasinet.no\\\/#\\\/schema\\\/logo\\\/image\\\/\",\"url\":\"https:\\\/\\\/lokalmagasinet.no\\\/wp-content\\\/uploads\\\/2021\\\/03\\\/cropped-cropped-cropped-cropped-cropped-cropped-lmlogo-e1640691300821.jpg\",\"contentUrl\":\"https:\\\/\\\/lokalmagasinet.no\\\/wp-content\\\/uploads\\\/2021\\\/03\\\/cropped-cropped-cropped-cropped-cropped-cropped-lmlogo-e1640691300821.jpg\",\"width\":72,\"height\":118,\"caption\":\"Lokalmagasinet.no\"},\"image\":{\"@id\":\"https:\\\/\\\/lokalmagasinet.no\\\/#\\\/schema\\\/logo\\\/image\\\/\"},\"sameAs\":[\"https:\\\/\\\/www.facebook.com\\\/sveinharald.strand.1\",\"https:\\\/\\\/x.com\\\/LMExtra\"]},{\"@type\":\"Person\",\"@id\":\"https:\\\/\\\/lokalmagasinet.no\\\/#\\\/schema\\\/person\\\/2e8d221708d3aaf6f577275b5bba4310\",\"name\":\"Svein-Harald Strand\",\"image\":{\"@type\":\"ImageObject\",\"inLanguage\":\"nn-NO\",\"@id\":\"https:\\\/\\\/secure.gravatar.com\\\/avatar\\\/c487434bdf6cd7c12e4a88877ae4b12c38d22b7ad64292b49d33ed7503bb7ce1?s=96&d=mm&r=g\",\"url\":\"https:\\\/\\\/secure.gravatar.com\\\/avatar\\\/c487434bdf6cd7c12e4a88877ae4b12c38d22b7ad64292b49d33ed7503bb7ce1?s=96&d=mm&r=g\",\"contentUrl\":\"https:\\\/\\\/secure.gravatar.com\\\/avatar\\\/c487434bdf6cd7c12e4a88877ae4b12c38d22b7ad64292b49d33ed7503bb7ce1?s=96&d=mm&r=g\",\"caption\":\"Svein-Harald Strand\"},\"description\":\"(F. 26.12.1945) Redakt\u00f8r, journalist og informasjonsarbeider siden 1968. ||| I 1963: Redaksjonell praktikant i 8 m\u00e5neder p\u00e5 full tid i Helgeland Arbeiderblad i hjembyen Mosj\u00f8en. ||| Arbeidende pensjonist med hjemmekontor fra 2008 (AFP) og videre som folkepensjonist til n\u00e5.\",\"sameAs\":[\"https:\\\/\\\/lokalmagasinet.no\\\/\",\"https:\\\/\\\/www.facebook.com\\\/sveinharald.strand.1\",\"https:\\\/\\\/x.com\\\/LMExtra\"],\"url\":\"https:\\\/\\\/lokalmagasinet.no\\\/?author=6\"}]}<\/script>\n<!-- \/ Yoast SEO plugin. -->","yoast_head_json":{"title":"Blant de f\u00f8rste norske som levde av \u00e5 v\u00e6re forfatter | Lokalmagasinet.no","robots":{"index":"index","follow":"follow","max-snippet":"max-snippet:-1","max-image-preview":"max-image-preview:large","max-video-preview":"max-video-preview:-1"},"canonical":"https:\/\/lokalmagasinet.no\/?p=24491","og_locale":"nn_NO","og_type":"article","og_title":"Blant de f\u00f8rste norske som levde av \u00e5 v\u00e6re forfatter | Lokalmagasinet.no","og_description":"(Publisert 03.06.24) (Redigert fra no.wikipedia) Nils Kj\u00e6r (f\u00f8dt 11. september 1870 i Holmestrand, d\u00f8d 9. februar 1924) var forfatter, essayist og litter\u00e6r kritiker. Han var en av de f\u00f8rste i ... Les merBlant de f\u00f8rste norske som levde av \u00e5 v\u00e6re forfatter","og_url":"https:\/\/lokalmagasinet.no\/?p=24491","og_site_name":"Lokalmagasinet.no","article_publisher":"https:\/\/www.facebook.com\/sveinharald.strand.1","article_author":"https:\/\/www.facebook.com\/sveinharald.strand.1","article_published_time":"2024-06-03T18:53:12+00:00","article_modified_time":"2024-06-03T18:55:32+00:00","og_image":[{"url":"https:\/\/lokalmagasinet.no\/wp-content\/uploads\/2022\/04\/nilskjaer.jpg","type":"","width":"","height":""}],"author":"Svein-Harald Strand","twitter_card":"summary_large_image","twitter_creator":"@LMExtra","twitter_site":"@LMExtra","twitter_misc":{"Written by":"Svein-Harald Strand","Est. reading time":"2 minutt"},"schema":{"@context":"https:\/\/schema.org","@graph":[{"@type":"Article","@id":"https:\/\/lokalmagasinet.no\/?p=24491#article","isPartOf":{"@id":"https:\/\/lokalmagasinet.no\/?p=24491"},"author":{"name":"Svein-Harald Strand","@id":"https:\/\/lokalmagasinet.no\/#\/schema\/person\/2e8d221708d3aaf6f577275b5bba4310"},"headline":"Blant de f\u00f8rste norske som levde av \u00e5 v\u00e6re forfatter","datePublished":"2024-06-03T18:53:12+00:00","dateModified":"2024-06-03T18:55:32+00:00","mainEntityOfPage":{"@id":"https:\/\/lokalmagasinet.no\/?p=24491"},"wordCount":351,"publisher":{"@id":"https:\/\/lokalmagasinet.no\/#organization"},"image":{"@id":"https:\/\/lokalmagasinet.no\/?p=24491#primaryimage"},"thumbnailUrl":"https:\/\/lokalmagasinet.no\/wp-content\/uploads\/2022\/04\/nilskjaer.jpg","articleSection":["Aktuelt"],"inLanguage":"nn-NO"},{"@type":"WebPage","@id":"https:\/\/lokalmagasinet.no\/?p=24491","url":"https:\/\/lokalmagasinet.no\/?p=24491","name":"Blant de f\u00f8rste norske som levde av \u00e5 v\u00e6re forfatter | Lokalmagasinet.no","isPartOf":{"@id":"https:\/\/lokalmagasinet.no\/#website"},"primaryImageOfPage":{"@id":"https:\/\/lokalmagasinet.no\/?p=24491#primaryimage"},"image":{"@id":"https:\/\/lokalmagasinet.no\/?p=24491#primaryimage"},"thumbnailUrl":"https:\/\/lokalmagasinet.no\/wp-content\/uploads\/2022\/04\/nilskjaer.jpg","datePublished":"2024-06-03T18:53:12+00:00","dateModified":"2024-06-03T18:55:32+00:00","breadcrumb":{"@id":"https:\/\/lokalmagasinet.no\/?p=24491#breadcrumb"},"inLanguage":"nn-NO","potentialAction":[{"@type":"ReadAction","target":["https:\/\/lokalmagasinet.no\/?p=24491"]}]},{"@type":"ImageObject","inLanguage":"nn-NO","@id":"https:\/\/lokalmagasinet.no\/?p=24491#primaryimage","url":"https:\/\/lokalmagasinet.no\/wp-content\/uploads\/2022\/04\/nilskjaer.jpg","contentUrl":"https:\/\/lokalmagasinet.no\/wp-content\/uploads\/2022\/04\/nilskjaer.jpg","width":150,"height":207,"caption":"Tegning av Nils Kj\u00e6r. Hva het tegneren? (LM Arkivfoto)"},{"@type":"BreadcrumbList","@id":"https:\/\/lokalmagasinet.no\/?p=24491#breadcrumb","itemListElement":[{"@type":"ListItem","position":1,"name":"Hjem","item":"https:\/\/lokalmagasinet.no\/"},{"@type":"ListItem","position":2,"name":"Blant de f\u00f8rste norske som levde av \u00e5 v\u00e6re forfatter"}]},{"@type":"WebSite","@id":"https:\/\/lokalmagasinet.no\/#website","url":"https:\/\/lokalmagasinet.no\/","name":"Lokalmagasinet.no","description":"Fra fortid og n\u00e5tid. Med st\u00e5sted i det n\u00e6re. Siden 2002.","publisher":{"@id":"https:\/\/lokalmagasinet.no\/#organization"},"potentialAction":[{"@type":"SearchAction","target":{"@type":"EntryPoint","urlTemplate":"https:\/\/lokalmagasinet.no\/?s={search_term_string}"},"query-input":{"@type":"PropertyValueSpecification","valueRequired":true,"valueName":"search_term_string"}}],"inLanguage":"nn-NO"},{"@type":"Organization","@id":"https:\/\/lokalmagasinet.no\/#organization","name":"Lokalmagasinet.no","url":"https:\/\/lokalmagasinet.no\/","logo":{"@type":"ImageObject","inLanguage":"nn-NO","@id":"https:\/\/lokalmagasinet.no\/#\/schema\/logo\/image\/","url":"https:\/\/lokalmagasinet.no\/wp-content\/uploads\/2021\/03\/cropped-cropped-cropped-cropped-cropped-cropped-lmlogo-e1640691300821.jpg","contentUrl":"https:\/\/lokalmagasinet.no\/wp-content\/uploads\/2021\/03\/cropped-cropped-cropped-cropped-cropped-cropped-lmlogo-e1640691300821.jpg","width":72,"height":118,"caption":"Lokalmagasinet.no"},"image":{"@id":"https:\/\/lokalmagasinet.no\/#\/schema\/logo\/image\/"},"sameAs":["https:\/\/www.facebook.com\/sveinharald.strand.1","https:\/\/x.com\/LMExtra"]},{"@type":"Person","@id":"https:\/\/lokalmagasinet.no\/#\/schema\/person\/2e8d221708d3aaf6f577275b5bba4310","name":"Svein-Harald Strand","image":{"@type":"ImageObject","inLanguage":"nn-NO","@id":"https:\/\/secure.gravatar.com\/avatar\/c487434bdf6cd7c12e4a88877ae4b12c38d22b7ad64292b49d33ed7503bb7ce1?s=96&d=mm&r=g","url":"https:\/\/secure.gravatar.com\/avatar\/c487434bdf6cd7c12e4a88877ae4b12c38d22b7ad64292b49d33ed7503bb7ce1?s=96&d=mm&r=g","contentUrl":"https:\/\/secure.gravatar.com\/avatar\/c487434bdf6cd7c12e4a88877ae4b12c38d22b7ad64292b49d33ed7503bb7ce1?s=96&d=mm&r=g","caption":"Svein-Harald Strand"},"description":"(F. 26.12.1945) Redakt\u00f8r, journalist og informasjonsarbeider siden 1968. ||| I 1963: Redaksjonell praktikant i 8 m\u00e5neder p\u00e5 full tid i Helgeland Arbeiderblad i hjembyen Mosj\u00f8en. ||| Arbeidende pensjonist med hjemmekontor fra 2008 (AFP) og videre som folkepensjonist til n\u00e5.","sameAs":["https:\/\/lokalmagasinet.no\/","https:\/\/www.facebook.com\/sveinharald.strand.1","https:\/\/x.com\/LMExtra"],"url":"https:\/\/lokalmagasinet.no\/?author=6"}]}},"_links":{"self":[{"href":"https:\/\/lokalmagasinet.no\/index.php?rest_route=\/wp\/v2\/posts\/24491","targetHints":{"allow":["GET"]}}],"collection":[{"href":"https:\/\/lokalmagasinet.no\/index.php?rest_route=\/wp\/v2\/posts"}],"about":[{"href":"https:\/\/lokalmagasinet.no\/index.php?rest_route=\/wp\/v2\/types\/post"}],"author":[{"embeddable":true,"href":"https:\/\/lokalmagasinet.no\/index.php?rest_route=\/wp\/v2\/users\/6"}],"replies":[{"embeddable":true,"href":"https:\/\/lokalmagasinet.no\/index.php?rest_route=%2Fwp%2Fv2%2Fcomments&post=24491"}],"version-history":[{"count":11,"href":"https:\/\/lokalmagasinet.no\/index.php?rest_route=\/wp\/v2\/posts\/24491\/revisions"}],"predecessor-version":[{"id":24517,"href":"https:\/\/lokalmagasinet.no\/index.php?rest_route=\/wp\/v2\/posts\/24491\/revisions\/24517"}],"wp:attachment":[{"href":"https:\/\/lokalmagasinet.no\/index.php?rest_route=%2Fwp%2Fv2%2Fmedia&parent=24491"}],"wp:term":[{"taxonomy":"category","embeddable":true,"href":"https:\/\/lokalmagasinet.no\/index.php?rest_route=%2Fwp%2Fv2%2Fcategories&post=24491"},{"taxonomy":"post_tag","embeddable":true,"href":"https:\/\/lokalmagasinet.no\/index.php?rest_route=%2Fwp%2Fv2%2Ftags&post=24491"}],"curies":[{"name":"wp","href":"https:\/\/api.w.org\/{rel}","templated":true}]}}