{"id":24504,"date":"2024-06-02T19:35:56","date_gmt":"2024-06-02T17:35:56","guid":{"rendered":"https:\/\/lokalmagasinet.no\/?p=24504"},"modified":"2024-06-02T19:35:56","modified_gmt":"2024-06-02T17:35:56","slug":"oktober-1964-jodinnen-og-jeg-pa-vei-til-vapnene","status":"publish","type":"post","link":"https:\/\/lokalmagasinet.no\/?p=24504","title":{"rendered":"Oktober 1964: J\u00f8dinnen og jeg p\u00e5 vei til v\u00e5pnene"},"content":{"rendered":"<h6 align=\"center\"><span class=\"i_skrift_stor\"><img loading=\"lazy\" decoding=\"async\" class=\"alignnone\" src=\"https:\/\/web.archive.org\/web\/20120409115359im_\/http:\/\/www.lokalmagasinet.no\/ipub\/media\/israkvinnmilit.jpg\" alt=\"\" width=\"505\" height=\"339\" align=\"middle\" \/><\/span><\/h6>\n<h6 align=\"center\"><span class=\"i_skrift_stor\">Avdeling med kvinnelige israelske soldater 1965. FOTO fra magasinet LIFEs arkiv p\u00e5 nett.<\/span><\/h6>\n<h1 align=\"center\"><span class=\"i_skrift_stor\">OKTOBER 1964. <\/span><\/h1>\n<h1 align=\"center\"><span class=\"i_skrift_stor\">J\u00d8DINNEN OG JEG P\u00c5 VEI TIL V\u00c5PNENE<\/span><\/h1>\n<h1 align=\"center\"><span class=\"i_skrift_stor\">Det begynte s\u00e5nn <\/span><\/h1>\n<h1 align=\"center\"><span class=\"i_skrift_stor\">at jeg kom kjekt<br \/>\nombord i toget<\/span><\/h1>\n<h1 align=\"center\"><span class=\"i_skrift_stor\">og ved siden av deg var en fin plass<\/span><\/h1>\n<p>Du var s\u00e5 s\u00f8t og blid<br \/>\nsnakket engelsk<\/p>\n<p>Hei, hvor skal du alene<br \/>\nmed s\u00f8rg\u00e5ende dagtog<br \/>\np\u00e5 Nordlandsbanen<br \/>\nen str\u00e5lende<br \/>\ntidlig oktoberdag<\/p>\n<p>Og hvor har du v\u00e6rt<\/p>\n<p>Hjem til Israel<br \/>\netter to m\u00e5neder<br \/>\nhos samefolket<br \/>\ndet flotte folket<\/p>\n<p>Duverden<\/p>\n<p>JEG<br \/>\n&#8211; \u00e5 jeg skal til v\u00e5pnene<br \/>\nfor \u00e5 l\u00e6re<br \/>\n\u00e5 beskytte landet<br \/>\nsa jeg<br \/>\neller noe s\u00e5nt<\/p>\n<p>Ett \u00e5r i &laquo;forsen&raquo;<br \/>\nsom vi sa, ha ha<\/p>\n<p>DU DA<\/p>\n<p>Skal ogs\u00e5 til v\u00e5pnene<\/p>\n<p>TO \u00e5r i &laquo;forsen&raquo;<br \/>\nsa hun<\/p>\n<p>To plikt\u00e5r ved v\u00e5pnene<br \/>\nfor den unge j\u00f8dinnen<br \/>\njeg sikkert ikke tilfeldig<br \/>\ndelte plass med<\/p>\n<p>Ja vi hadde l\u00e6rt om Israel<br \/>\nsom trengte alle<br \/>\nsine unge til v\u00e5pnene<br \/>\nkvinner som menn<\/p>\n<h1 align=\"center\"><span class=\"i_skrift_stor\">omgitt av farer som de var<br \/>\ni sitt hellige land<br \/>\nlandet FN gav dem<\/span><\/h1>\n<h6 align=\"center\"><span class=\"i_skrift_stor\">1948<\/span><\/h6>\n<p>Mitt land<\/p>\n<h6 align=\"center\"><span class=\"i_skrift_stor\">trengte bare unge menn<br \/>\nog var bare truet<br \/>\nav russerne <\/span><\/h6>\n<h6 align=\"center\"><span class=\"i_skrift_stor\">1965<\/span><\/h6>\n<p>S\u00e5 vidt vi kunne se i alle fall<br \/>\nmen hvem vet<\/p>\n<p>Bare at v\u00e5pnene ventet<br \/>\np\u00e5 oss begge<br \/>\ngode \u00e5 ha som de er<br \/>\nbare ikke atombomben kommer<\/p>\n<p>Nok om det<\/p>\n<p>Toget kj\u00f8rte og kj\u00f8rte<br \/>\nog vi pratet og pratet<br \/>\nmen ingen ting om v\u00e5pen ingen ting om v\u00e5pen<\/p>\n<p>Tror vi pratet om alt<br \/>\nog ingen ting<\/p>\n<p>Og vi sov<br \/>\nskulder mot skulder<\/p>\n<p>Og vi v\u00e5knet<br \/>\nskulder mot skulder<\/p>\n<p>S\u00e5 pratet vi igjen<br \/>\nlitt om alt<\/p>\n<h6 align=\"center\"><span class=\"i_skrift_stor\">men ingen ting om v\u00e5pen ingen ting om v\u00e5pen<\/span><\/h6>\n<p>Og vi dormet<br \/>\nskulder mot skulder<br \/>\neller var det nesten<br \/>\nkinn mot kinn<\/p>\n<p>Reisen hundre mil p\u00e5 skinner<\/p>\n<h6 align=\"center\"><span class=\"i_skrift_stor\">var som skapt for oss<br \/>\np\u00e5 vei til v\u00e5pnene vi m\u00e5tte l\u00e6re<\/span><\/h6>\n<p>Vi m\u00e5tte jo skilles\u00a0og i Oslo ga du meg<\/p>\n<h6 align=\"center\"><span class=\"i_skrift_stor\">tenk <\/span><span class=\"i_skrift_stor\">din lykketing<br \/>\ndin sjuhodete j\u00f8diske lysestake<br \/>\nsom din takk for f\u00f8lget<\/span><\/h6>\n<p>Bare takk takk<br \/>\nog klem klem<br \/>\nhadde jeg \u00e5 gi<\/p>\n<h6 align=\"center\"><span class=\"i_skrift_stor\">s\u00e5 dumt<\/span><\/h6>\n<p>Men jeg glemmer deg alts\u00e5<\/p>\n<div align=\"center\">\n<h6>aldri<\/h6>\n<\/div>\n<h6 align=\"center\"><span class=\"i_skrift_stor\">Shalom! For deg og din nasjon<br \/>\nog dine palestinske br\u00f8dre og s\u00f8stre<\/span><\/h6>\n<p>SVEIN-HARALD STRAND<\/p>\n<h6 align=\"center\"><span class=\"i_skrift_stor\">\u00a0<\/span><span class=\"i_skrift_stor\">Juni 2010<\/span><\/h6>\n<p>Views: 55<\/p>","protected":false},"excerpt":{"rendered":"<p>Avdeling med kvinnelige israelske soldater 1965. FOTO fra magasinet LIFEs arkiv p\u00e5 nett. OKTOBER 1964. J\u00d8DINNEN OG JEG P\u00c5 VEI TIL V\u00c5PNENE Det begynte s\u00e5nn at jeg kom kjekt ombord &#8230; <\/p>\n<p class=\"read-more-container\"><a title=\"Oktober 1964: J\u00f8dinnen og jeg p\u00e5 vei til v\u00e5pnene\" class=\"read-more button\" href=\"https:\/\/lokalmagasinet.no\/?p=24504#more-24504\">Les mer<span class=\"screen-reader-text\">Oktober 1964: J\u00f8dinnen og jeg p\u00e5 vei til v\u00e5pnene<\/span><\/a><\/p>\n","protected":false},"author":6,"featured_media":0,"comment_status":"closed","ping_status":"closed","sticky":false,"template":"","format":"standard","meta":{"footnotes":""},"categories":[1,35],"tags":[],"class_list":["post-24504","post","type-post","status-publish","format-standard","hentry","category-aktuelt","category-minner"],"yoast_head":"<!-- This site is optimized with the Yoast SEO plugin v27.4 - https:\/\/yoast.com\/product\/yoast-seo-wordpress\/ -->\n<title>Oktober 1964: J\u00f8dinnen og jeg p\u00e5 vei til v\u00e5pnene | Lokalmagasinet.no<\/title>\n<meta name=\"robots\" content=\"index, follow, max-snippet:-1, max-image-preview:large, max-video-preview:-1\" \/>\n<link rel=\"canonical\" href=\"https:\/\/lokalmagasinet.no\/?p=24504\" \/>\n<meta property=\"og:locale\" content=\"nn_NO\" \/>\n<meta property=\"og:type\" content=\"article\" \/>\n<meta property=\"og:title\" content=\"Oktober 1964: J\u00f8dinnen og jeg p\u00e5 vei til v\u00e5pnene | Lokalmagasinet.no\" \/>\n<meta property=\"og:description\" content=\"Avdeling med kvinnelige israelske soldater 1965. FOTO fra magasinet LIFEs arkiv p\u00e5 nett. OKTOBER 1964. J\u00d8DINNEN OG JEG P\u00c5 VEI TIL V\u00c5PNENE Det begynte s\u00e5nn at jeg kom kjekt ombord ... Les merOktober 1964: J\u00f8dinnen og jeg p\u00e5 vei til v\u00e5pnene\" \/>\n<meta property=\"og:url\" content=\"https:\/\/lokalmagasinet.no\/?p=24504\" \/>\n<meta property=\"og:site_name\" content=\"Lokalmagasinet.no\" \/>\n<meta property=\"article:publisher\" content=\"https:\/\/www.facebook.com\/sveinharald.strand.1\" \/>\n<meta property=\"article:author\" content=\"https:\/\/www.facebook.com\/sveinharald.strand.1\" \/>\n<meta property=\"article:published_time\" content=\"2024-06-02T17:35:56+00:00\" \/>\n<meta property=\"og:image\" content=\"https:\/\/web.archive.org\/web\/20120409115359im_\/http:\/\/www.lokalmagasinet.no\/ipub\/media\/israkvinnmilit.jpg\" \/>\n<meta name=\"author\" content=\"Svein-Harald Strand\" \/>\n<meta name=\"twitter:card\" content=\"summary_large_image\" \/>\n<meta name=\"twitter:creator\" content=\"@LMExtra\" \/>\n<meta name=\"twitter:site\" content=\"@LMExtra\" \/>\n<meta name=\"twitter:label1\" content=\"Written by\" \/>\n\t<meta name=\"twitter:data1\" content=\"Svein-Harald Strand\" \/>\n\t<meta name=\"twitter:label2\" content=\"Est. reading time\" \/>\n\t<meta name=\"twitter:data2\" content=\"2 minutt\" \/>\n<script type=\"application\/ld+json\" class=\"yoast-schema-graph\">{\"@context\":\"https:\\\/\\\/schema.org\",\"@graph\":[{\"@type\":\"Article\",\"@id\":\"https:\\\/\\\/lokalmagasinet.no\\\/?p=24504#article\",\"isPartOf\":{\"@id\":\"https:\\\/\\\/lokalmagasinet.no\\\/?p=24504\"},\"author\":{\"name\":\"Svein-Harald Strand\",\"@id\":\"https:\\\/\\\/lokalmagasinet.no\\\/#\\\/schema\\\/person\\\/2e8d221708d3aaf6f577275b5bba4310\"},\"headline\":\"Oktober 1964: J\u00f8dinnen og jeg p\u00e5 vei til v\u00e5pnene\",\"datePublished\":\"2024-06-02T17:35:56+00:00\",\"mainEntityOfPage\":{\"@id\":\"https:\\\/\\\/lokalmagasinet.no\\\/?p=24504\"},\"wordCount\":383,\"publisher\":{\"@id\":\"https:\\\/\\\/lokalmagasinet.no\\\/#organization\"},\"image\":{\"@id\":\"https:\\\/\\\/lokalmagasinet.no\\\/?p=24504#primaryimage\"},\"thumbnailUrl\":\"https:\\\/\\\/web.archive.org\\\/web\\\/20120409115359im_\\\/http:\\\/\\\/www.lokalmagasinet.no\\\/ipub\\\/media\\\/israkvinnmilit.jpg\",\"articleSection\":[\"Aktuelt\",\"Minner\"],\"inLanguage\":\"nn-NO\"},{\"@type\":\"WebPage\",\"@id\":\"https:\\\/\\\/lokalmagasinet.no\\\/?p=24504\",\"url\":\"https:\\\/\\\/lokalmagasinet.no\\\/?p=24504\",\"name\":\"Oktober 1964: J\u00f8dinnen og jeg p\u00e5 vei til v\u00e5pnene | Lokalmagasinet.no\",\"isPartOf\":{\"@id\":\"https:\\\/\\\/lokalmagasinet.no\\\/#website\"},\"primaryImageOfPage\":{\"@id\":\"https:\\\/\\\/lokalmagasinet.no\\\/?p=24504#primaryimage\"},\"image\":{\"@id\":\"https:\\\/\\\/lokalmagasinet.no\\\/?p=24504#primaryimage\"},\"thumbnailUrl\":\"https:\\\/\\\/web.archive.org\\\/web\\\/20120409115359im_\\\/http:\\\/\\\/www.lokalmagasinet.no\\\/ipub\\\/media\\\/israkvinnmilit.jpg\",\"datePublished\":\"2024-06-02T17:35:56+00:00\",\"breadcrumb\":{\"@id\":\"https:\\\/\\\/lokalmagasinet.no\\\/?p=24504#breadcrumb\"},\"inLanguage\":\"nn-NO\",\"potentialAction\":[{\"@type\":\"ReadAction\",\"target\":[\"https:\\\/\\\/lokalmagasinet.no\\\/?p=24504\"]}]},{\"@type\":\"ImageObject\",\"inLanguage\":\"nn-NO\",\"@id\":\"https:\\\/\\\/lokalmagasinet.no\\\/?p=24504#primaryimage\",\"url\":\"https:\\\/\\\/web.archive.org\\\/web\\\/20120409115359im_\\\/http:\\\/\\\/www.lokalmagasinet.no\\\/ipub\\\/media\\\/israkvinnmilit.jpg\",\"contentUrl\":\"https:\\\/\\\/web.archive.org\\\/web\\\/20120409115359im_\\\/http:\\\/\\\/www.lokalmagasinet.no\\\/ipub\\\/media\\\/israkvinnmilit.jpg\"},{\"@type\":\"BreadcrumbList\",\"@id\":\"https:\\\/\\\/lokalmagasinet.no\\\/?p=24504#breadcrumb\",\"itemListElement\":[{\"@type\":\"ListItem\",\"position\":1,\"name\":\"Hjem\",\"item\":\"https:\\\/\\\/lokalmagasinet.no\\\/\"},{\"@type\":\"ListItem\",\"position\":2,\"name\":\"Oktober 1964: J\u00f8dinnen og jeg p\u00e5 vei til v\u00e5pnene\"}]},{\"@type\":\"WebSite\",\"@id\":\"https:\\\/\\\/lokalmagasinet.no\\\/#website\",\"url\":\"https:\\\/\\\/lokalmagasinet.no\\\/\",\"name\":\"Lokalmagasinet.no\",\"description\":\"Fra fortid og n\u00e5tid. Med st\u00e5sted i det n\u00e6re. Siden 2002.\",\"publisher\":{\"@id\":\"https:\\\/\\\/lokalmagasinet.no\\\/#organization\"},\"potentialAction\":[{\"@type\":\"SearchAction\",\"target\":{\"@type\":\"EntryPoint\",\"urlTemplate\":\"https:\\\/\\\/lokalmagasinet.no\\\/?s={search_term_string}\"},\"query-input\":{\"@type\":\"PropertyValueSpecification\",\"valueRequired\":true,\"valueName\":\"search_term_string\"}}],\"inLanguage\":\"nn-NO\"},{\"@type\":\"Organization\",\"@id\":\"https:\\\/\\\/lokalmagasinet.no\\\/#organization\",\"name\":\"Lokalmagasinet.no\",\"url\":\"https:\\\/\\\/lokalmagasinet.no\\\/\",\"logo\":{\"@type\":\"ImageObject\",\"inLanguage\":\"nn-NO\",\"@id\":\"https:\\\/\\\/lokalmagasinet.no\\\/#\\\/schema\\\/logo\\\/image\\\/\",\"url\":\"https:\\\/\\\/lokalmagasinet.no\\\/wp-content\\\/uploads\\\/2021\\\/03\\\/cropped-cropped-cropped-cropped-cropped-cropped-lmlogo-e1640691300821.jpg\",\"contentUrl\":\"https:\\\/\\\/lokalmagasinet.no\\\/wp-content\\\/uploads\\\/2021\\\/03\\\/cropped-cropped-cropped-cropped-cropped-cropped-lmlogo-e1640691300821.jpg\",\"width\":72,\"height\":118,\"caption\":\"Lokalmagasinet.no\"},\"image\":{\"@id\":\"https:\\\/\\\/lokalmagasinet.no\\\/#\\\/schema\\\/logo\\\/image\\\/\"},\"sameAs\":[\"https:\\\/\\\/www.facebook.com\\\/sveinharald.strand.1\",\"https:\\\/\\\/x.com\\\/LMExtra\"]},{\"@type\":\"Person\",\"@id\":\"https:\\\/\\\/lokalmagasinet.no\\\/#\\\/schema\\\/person\\\/2e8d221708d3aaf6f577275b5bba4310\",\"name\":\"Svein-Harald Strand\",\"image\":{\"@type\":\"ImageObject\",\"inLanguage\":\"nn-NO\",\"@id\":\"https:\\\/\\\/secure.gravatar.com\\\/avatar\\\/c487434bdf6cd7c12e4a88877ae4b12c38d22b7ad64292b49d33ed7503bb7ce1?s=96&d=mm&r=g\",\"url\":\"https:\\\/\\\/secure.gravatar.com\\\/avatar\\\/c487434bdf6cd7c12e4a88877ae4b12c38d22b7ad64292b49d33ed7503bb7ce1?s=96&d=mm&r=g\",\"contentUrl\":\"https:\\\/\\\/secure.gravatar.com\\\/avatar\\\/c487434bdf6cd7c12e4a88877ae4b12c38d22b7ad64292b49d33ed7503bb7ce1?s=96&d=mm&r=g\",\"caption\":\"Svein-Harald Strand\"},\"description\":\"(F. 26.12.1945) Redakt\u00f8r, journalist og informasjonsarbeider siden 1968. ||| I 1963: Redaksjonell praktikant i 8 m\u00e5neder p\u00e5 full tid i Helgeland Arbeiderblad i hjembyen Mosj\u00f8en. ||| Arbeidende pensjonist med hjemmekontor fra 2008 (AFP) og videre som folkepensjonist til n\u00e5.\",\"sameAs\":[\"https:\\\/\\\/lokalmagasinet.no\\\/\",\"https:\\\/\\\/www.facebook.com\\\/sveinharald.strand.1\",\"https:\\\/\\\/x.com\\\/LMExtra\"],\"url\":\"https:\\\/\\\/lokalmagasinet.no\\\/?author=6\"}]}<\/script>\n<!-- \/ Yoast SEO plugin. -->","yoast_head_json":{"title":"Oktober 1964: J\u00f8dinnen og jeg p\u00e5 vei til v\u00e5pnene | Lokalmagasinet.no","robots":{"index":"index","follow":"follow","max-snippet":"max-snippet:-1","max-image-preview":"max-image-preview:large","max-video-preview":"max-video-preview:-1"},"canonical":"https:\/\/lokalmagasinet.no\/?p=24504","og_locale":"nn_NO","og_type":"article","og_title":"Oktober 1964: J\u00f8dinnen og jeg p\u00e5 vei til v\u00e5pnene | Lokalmagasinet.no","og_description":"Avdeling med kvinnelige israelske soldater 1965. FOTO fra magasinet LIFEs arkiv p\u00e5 nett. OKTOBER 1964. J\u00d8DINNEN OG JEG P\u00c5 VEI TIL V\u00c5PNENE Det begynte s\u00e5nn at jeg kom kjekt ombord ... Les merOktober 1964: J\u00f8dinnen og jeg p\u00e5 vei til v\u00e5pnene","og_url":"https:\/\/lokalmagasinet.no\/?p=24504","og_site_name":"Lokalmagasinet.no","article_publisher":"https:\/\/www.facebook.com\/sveinharald.strand.1","article_author":"https:\/\/www.facebook.com\/sveinharald.strand.1","article_published_time":"2024-06-02T17:35:56+00:00","og_image":[{"url":"https:\/\/web.archive.org\/web\/20120409115359im_\/http:\/\/www.lokalmagasinet.no\/ipub\/media\/israkvinnmilit.jpg","type":"","width":"","height":""}],"author":"Svein-Harald Strand","twitter_card":"summary_large_image","twitter_creator":"@LMExtra","twitter_site":"@LMExtra","twitter_misc":{"Written by":"Svein-Harald Strand","Est. reading time":"2 minutt"},"schema":{"@context":"https:\/\/schema.org","@graph":[{"@type":"Article","@id":"https:\/\/lokalmagasinet.no\/?p=24504#article","isPartOf":{"@id":"https:\/\/lokalmagasinet.no\/?p=24504"},"author":{"name":"Svein-Harald Strand","@id":"https:\/\/lokalmagasinet.no\/#\/schema\/person\/2e8d221708d3aaf6f577275b5bba4310"},"headline":"Oktober 1964: J\u00f8dinnen og jeg p\u00e5 vei til v\u00e5pnene","datePublished":"2024-06-02T17:35:56+00:00","mainEntityOfPage":{"@id":"https:\/\/lokalmagasinet.no\/?p=24504"},"wordCount":383,"publisher":{"@id":"https:\/\/lokalmagasinet.no\/#organization"},"image":{"@id":"https:\/\/lokalmagasinet.no\/?p=24504#primaryimage"},"thumbnailUrl":"https:\/\/web.archive.org\/web\/20120409115359im_\/http:\/\/www.lokalmagasinet.no\/ipub\/media\/israkvinnmilit.jpg","articleSection":["Aktuelt","Minner"],"inLanguage":"nn-NO"},{"@type":"WebPage","@id":"https:\/\/lokalmagasinet.no\/?p=24504","url":"https:\/\/lokalmagasinet.no\/?p=24504","name":"Oktober 1964: J\u00f8dinnen og jeg p\u00e5 vei til v\u00e5pnene | Lokalmagasinet.no","isPartOf":{"@id":"https:\/\/lokalmagasinet.no\/#website"},"primaryImageOfPage":{"@id":"https:\/\/lokalmagasinet.no\/?p=24504#primaryimage"},"image":{"@id":"https:\/\/lokalmagasinet.no\/?p=24504#primaryimage"},"thumbnailUrl":"https:\/\/web.archive.org\/web\/20120409115359im_\/http:\/\/www.lokalmagasinet.no\/ipub\/media\/israkvinnmilit.jpg","datePublished":"2024-06-02T17:35:56+00:00","breadcrumb":{"@id":"https:\/\/lokalmagasinet.no\/?p=24504#breadcrumb"},"inLanguage":"nn-NO","potentialAction":[{"@type":"ReadAction","target":["https:\/\/lokalmagasinet.no\/?p=24504"]}]},{"@type":"ImageObject","inLanguage":"nn-NO","@id":"https:\/\/lokalmagasinet.no\/?p=24504#primaryimage","url":"https:\/\/web.archive.org\/web\/20120409115359im_\/http:\/\/www.lokalmagasinet.no\/ipub\/media\/israkvinnmilit.jpg","contentUrl":"https:\/\/web.archive.org\/web\/20120409115359im_\/http:\/\/www.lokalmagasinet.no\/ipub\/media\/israkvinnmilit.jpg"},{"@type":"BreadcrumbList","@id":"https:\/\/lokalmagasinet.no\/?p=24504#breadcrumb","itemListElement":[{"@type":"ListItem","position":1,"name":"Hjem","item":"https:\/\/lokalmagasinet.no\/"},{"@type":"ListItem","position":2,"name":"Oktober 1964: J\u00f8dinnen og jeg p\u00e5 vei til v\u00e5pnene"}]},{"@type":"WebSite","@id":"https:\/\/lokalmagasinet.no\/#website","url":"https:\/\/lokalmagasinet.no\/","name":"Lokalmagasinet.no","description":"Fra fortid og n\u00e5tid. Med st\u00e5sted i det n\u00e6re. Siden 2002.","publisher":{"@id":"https:\/\/lokalmagasinet.no\/#organization"},"potentialAction":[{"@type":"SearchAction","target":{"@type":"EntryPoint","urlTemplate":"https:\/\/lokalmagasinet.no\/?s={search_term_string}"},"query-input":{"@type":"PropertyValueSpecification","valueRequired":true,"valueName":"search_term_string"}}],"inLanguage":"nn-NO"},{"@type":"Organization","@id":"https:\/\/lokalmagasinet.no\/#organization","name":"Lokalmagasinet.no","url":"https:\/\/lokalmagasinet.no\/","logo":{"@type":"ImageObject","inLanguage":"nn-NO","@id":"https:\/\/lokalmagasinet.no\/#\/schema\/logo\/image\/","url":"https:\/\/lokalmagasinet.no\/wp-content\/uploads\/2021\/03\/cropped-cropped-cropped-cropped-cropped-cropped-lmlogo-e1640691300821.jpg","contentUrl":"https:\/\/lokalmagasinet.no\/wp-content\/uploads\/2021\/03\/cropped-cropped-cropped-cropped-cropped-cropped-lmlogo-e1640691300821.jpg","width":72,"height":118,"caption":"Lokalmagasinet.no"},"image":{"@id":"https:\/\/lokalmagasinet.no\/#\/schema\/logo\/image\/"},"sameAs":["https:\/\/www.facebook.com\/sveinharald.strand.1","https:\/\/x.com\/LMExtra"]},{"@type":"Person","@id":"https:\/\/lokalmagasinet.no\/#\/schema\/person\/2e8d221708d3aaf6f577275b5bba4310","name":"Svein-Harald Strand","image":{"@type":"ImageObject","inLanguage":"nn-NO","@id":"https:\/\/secure.gravatar.com\/avatar\/c487434bdf6cd7c12e4a88877ae4b12c38d22b7ad64292b49d33ed7503bb7ce1?s=96&d=mm&r=g","url":"https:\/\/secure.gravatar.com\/avatar\/c487434bdf6cd7c12e4a88877ae4b12c38d22b7ad64292b49d33ed7503bb7ce1?s=96&d=mm&r=g","contentUrl":"https:\/\/secure.gravatar.com\/avatar\/c487434bdf6cd7c12e4a88877ae4b12c38d22b7ad64292b49d33ed7503bb7ce1?s=96&d=mm&r=g","caption":"Svein-Harald Strand"},"description":"(F. 26.12.1945) Redakt\u00f8r, journalist og informasjonsarbeider siden 1968. ||| I 1963: Redaksjonell praktikant i 8 m\u00e5neder p\u00e5 full tid i Helgeland Arbeiderblad i hjembyen Mosj\u00f8en. ||| Arbeidende pensjonist med hjemmekontor fra 2008 (AFP) og videre som folkepensjonist til n\u00e5.","sameAs":["https:\/\/lokalmagasinet.no\/","https:\/\/www.facebook.com\/sveinharald.strand.1","https:\/\/x.com\/LMExtra"],"url":"https:\/\/lokalmagasinet.no\/?author=6"}]}},"_links":{"self":[{"href":"https:\/\/lokalmagasinet.no\/index.php?rest_route=\/wp\/v2\/posts\/24504","targetHints":{"allow":["GET"]}}],"collection":[{"href":"https:\/\/lokalmagasinet.no\/index.php?rest_route=\/wp\/v2\/posts"}],"about":[{"href":"https:\/\/lokalmagasinet.no\/index.php?rest_route=\/wp\/v2\/types\/post"}],"author":[{"embeddable":true,"href":"https:\/\/lokalmagasinet.no\/index.php?rest_route=\/wp\/v2\/users\/6"}],"replies":[{"embeddable":true,"href":"https:\/\/lokalmagasinet.no\/index.php?rest_route=%2Fwp%2Fv2%2Fcomments&post=24504"}],"version-history":[{"count":1,"href":"https:\/\/lokalmagasinet.no\/index.php?rest_route=\/wp\/v2\/posts\/24504\/revisions"}],"predecessor-version":[{"id":24505,"href":"https:\/\/lokalmagasinet.no\/index.php?rest_route=\/wp\/v2\/posts\/24504\/revisions\/24505"}],"wp:attachment":[{"href":"https:\/\/lokalmagasinet.no\/index.php?rest_route=%2Fwp%2Fv2%2Fmedia&parent=24504"}],"wp:term":[{"taxonomy":"category","embeddable":true,"href":"https:\/\/lokalmagasinet.no\/index.php?rest_route=%2Fwp%2Fv2%2Fcategories&post=24504"},{"taxonomy":"post_tag","embeddable":true,"href":"https:\/\/lokalmagasinet.no\/index.php?rest_route=%2Fwp%2Fv2%2Ftags&post=24504"}],"curies":[{"name":"wp","href":"https:\/\/api.w.org\/{rel}","templated":true}]}}