{"id":24867,"date":"2024-09-01T16:46:57","date_gmt":"2024-09-01T14:46:57","guid":{"rendered":"https:\/\/lokalmagasinet.no\/?p=24867"},"modified":"2024-09-01T16:48:35","modified_gmt":"2024-09-01T14:48:35","slug":"tre-son-bilder-i-stor-kontrast","status":"publish","type":"post","link":"https:\/\/lokalmagasinet.no\/?p=24867","title":{"rendered":"Tre Son-bilder i stor kontrast"},"content":{"rendered":"<p>(Publisert 01.09.2024) Ingen nye bilder her. Men det f\u00e5r s\u00e5 v\u00e6re. Kontrasten mellom dem er i alle fall stor nok &#8211; b\u00e5de i tid og n\u00e5r det gjelder motiv. Og noen av dere var kanskje ikke LM-lesere da bildene ble publisert f\u00f8rste gang. Det \u00f8verste, tatt av Son-fotograf Sturla Strand, trenger strengt tatt ingen bildetekst, mens det andre er et gammelt luftfoto av anlegget p\u00e5 dav\u00e6rende &laquo;Kugrava&raquo;, da det ble bygget b\u00e5ter der. (Foto stilt til r\u00e5dighet av Reidar Johansen, Son.) Til nederste arkivbilde, tatt av LMs redakt\u00f8r, f\u00f8lger bildeteksten med.<\/p>\n<p><img loading=\"lazy\" decoding=\"async\" class=\"alignnone size-full wp-image-24538\" src=\"https:\/\/lokalmagasinet.no\/wp-content\/uploads\/2024\/06\/Sommerkveld-i-havna.jpg\" alt=\"\" width=\"800\" height=\"309\" srcset=\"https:\/\/lokalmagasinet.no\/wp-content\/uploads\/2024\/06\/Sommerkveld-i-havna.jpg 800w, https:\/\/lokalmagasinet.no\/wp-content\/uploads\/2024\/06\/Sommerkveld-i-havna-300x116.jpg 300w, https:\/\/lokalmagasinet.no\/wp-content\/uploads\/2024\/06\/Sommerkveld-i-havna-150x58.jpg 150w, https:\/\/lokalmagasinet.no\/wp-content\/uploads\/2024\/06\/Sommerkveld-i-havna-768x297.jpg 768w\" sizes=\"auto, (max-width: 800px) 100vw, 800px\" \/><\/p>\n<p><img loading=\"lazy\" decoding=\"async\" class=\"alignnone size-full wp-image-24755\" src=\"https:\/\/lokalmagasinet.no\/wp-content\/uploads\/2024\/06\/sonslipp1stor.jpg\" alt=\"\" width=\"600\" height=\"286\" srcset=\"https:\/\/lokalmagasinet.no\/wp-content\/uploads\/2024\/06\/sonslipp1stor.jpg 600w, https:\/\/lokalmagasinet.no\/wp-content\/uploads\/2024\/06\/sonslipp1stor-300x143.jpg 300w, https:\/\/lokalmagasinet.no\/wp-content\/uploads\/2024\/06\/sonslipp1stor-150x72.jpg 150w\" sizes=\"auto, (max-width: 600px) 100vw, 600px\" \/><\/p>\n<figure id=\"attachment_24553\" aria-describedby=\"caption-attachment-24553\" style=\"width: 1024px\" class=\"wp-caption alignleft\"><img loading=\"lazy\" decoding=\"async\" class=\"wp-image-24553 size-full\" src=\"https:\/\/lokalmagasinet.no\/wp-content\/uploads\/2024\/06\/Sommer-og-kystkultur.jpg\" alt=\"\" width=\"1024\" height=\"768\" data-wp-editing=\"1\" srcset=\"https:\/\/lokalmagasinet.no\/wp-content\/uploads\/2024\/06\/Sommer-og-kystkultur.jpg 1024w, https:\/\/lokalmagasinet.no\/wp-content\/uploads\/2024\/06\/Sommer-og-kystkultur-300x225.jpg 300w, https:\/\/lokalmagasinet.no\/wp-content\/uploads\/2024\/06\/Sommer-og-kystkultur-150x113.jpg 150w, https:\/\/lokalmagasinet.no\/wp-content\/uploads\/2024\/06\/Sommer-og-kystkultur-768x576.jpg 768w\" sizes=\"auto, (max-width: 1024px) 100vw, 1024px\" \/><figcaption id=\"caption-attachment-24553\" class=\"wp-caption-text\">Sommerarrangement p\u00e5 Son Kystkultursenter et \u00e5r f\u00f8r senteret ble kommunens eiendom. (LM Arkivfoto\/Svein-H. Strand)<\/figcaption><\/figure>\n<p>Views: 82<\/p>","protected":false},"excerpt":{"rendered":"<p>(Publisert 01.09.2024) Ingen nye bilder her. Men det f\u00e5r s\u00e5 v\u00e6re. Kontrasten mellom dem er i alle fall stor nok &#8211; b\u00e5de i tid og n\u00e5r det gjelder motiv. Og &#8230; <\/p>\n<p class=\"read-more-container\"><a title=\"Tre Son-bilder i stor kontrast\" class=\"read-more button\" href=\"https:\/\/lokalmagasinet.no\/?p=24867#more-24867\">Les mer<span class=\"screen-reader-text\">Tre Son-bilder i stor kontrast<\/span><\/a><\/p>\n","protected":false},"author":6,"featured_media":0,"comment_status":"closed","ping_status":"closed","sticky":false,"template":"","format":"standard","meta":{"footnotes":""},"categories":[1],"tags":[],"class_list":["post-24867","post","type-post","status-publish","format-standard","hentry","category-aktuelt"],"yoast_head":"<!-- This site is optimized with the Yoast SEO plugin v27.4 - https:\/\/yoast.com\/product\/yoast-seo-wordpress\/ -->\n<title>Tre Son-bilder i stor kontrast | Lokalmagasinet.no<\/title>\n<meta name=\"robots\" content=\"index, follow, max-snippet:-1, max-image-preview:large, max-video-preview:-1\" \/>\n<link rel=\"canonical\" href=\"https:\/\/lokalmagasinet.no\/?p=24867\" \/>\n<meta property=\"og:locale\" content=\"nn_NO\" \/>\n<meta property=\"og:type\" content=\"article\" \/>\n<meta property=\"og:title\" content=\"Tre Son-bilder i stor kontrast | Lokalmagasinet.no\" \/>\n<meta property=\"og:description\" content=\"(Publisert 01.09.2024) Ingen nye bilder her. Men det f\u00e5r s\u00e5 v\u00e6re. Kontrasten mellom dem er i alle fall stor nok &#8211; b\u00e5de i tid og n\u00e5r det gjelder motiv. Og ... Les merTre Son-bilder i stor kontrast\" \/>\n<meta property=\"og:url\" content=\"https:\/\/lokalmagasinet.no\/?p=24867\" \/>\n<meta property=\"og:site_name\" content=\"Lokalmagasinet.no\" \/>\n<meta property=\"article:publisher\" content=\"https:\/\/www.facebook.com\/sveinharald.strand.1\" \/>\n<meta property=\"article:author\" content=\"https:\/\/www.facebook.com\/sveinharald.strand.1\" \/>\n<meta property=\"article:published_time\" content=\"2024-09-01T14:46:57+00:00\" \/>\n<meta property=\"article:modified_time\" content=\"2024-09-01T14:48:35+00:00\" \/>\n<meta property=\"og:image\" content=\"https:\/\/lokalmagasinet.no\/wp-content\/uploads\/2024\/06\/Sommerkveld-i-havna.jpg\" \/>\n<meta name=\"author\" content=\"Svein-Harald Strand\" \/>\n<meta name=\"twitter:card\" content=\"summary_large_image\" \/>\n<meta name=\"twitter:creator\" content=\"@LMExtra\" \/>\n<meta name=\"twitter:site\" content=\"@LMExtra\" \/>\n<meta name=\"twitter:label1\" content=\"Written by\" \/>\n\t<meta name=\"twitter:data1\" content=\"Svein-Harald Strand\" \/>\n\t<meta name=\"twitter:label2\" content=\"Est. reading time\" \/>\n\t<meta name=\"twitter:data2\" content=\"1 minutt\" \/>\n<script type=\"application\/ld+json\" class=\"yoast-schema-graph\">{\"@context\":\"https:\\\/\\\/schema.org\",\"@graph\":[{\"@type\":\"Article\",\"@id\":\"https:\\\/\\\/lokalmagasinet.no\\\/?p=24867#article\",\"isPartOf\":{\"@id\":\"https:\\\/\\\/lokalmagasinet.no\\\/?p=24867\"},\"author\":{\"name\":\"Svein-Harald Strand\",\"@id\":\"https:\\\/\\\/lokalmagasinet.no\\\/#\\\/schema\\\/person\\\/2e8d221708d3aaf6f577275b5bba4310\"},\"headline\":\"Tre Son-bilder i stor kontrast\",\"datePublished\":\"2024-09-01T14:46:57+00:00\",\"dateModified\":\"2024-09-01T14:48:35+00:00\",\"mainEntityOfPage\":{\"@id\":\"https:\\\/\\\/lokalmagasinet.no\\\/?p=24867\"},\"wordCount\":128,\"publisher\":{\"@id\":\"https:\\\/\\\/lokalmagasinet.no\\\/#organization\"},\"image\":{\"@id\":\"https:\\\/\\\/lokalmagasinet.no\\\/?p=24867#primaryimage\"},\"thumbnailUrl\":\"https:\\\/\\\/lokalmagasinet.no\\\/wp-content\\\/uploads\\\/2024\\\/06\\\/Sommerkveld-i-havna.jpg\",\"articleSection\":[\"Aktuelt\"],\"inLanguage\":\"nn-NO\"},{\"@type\":\"WebPage\",\"@id\":\"https:\\\/\\\/lokalmagasinet.no\\\/?p=24867\",\"url\":\"https:\\\/\\\/lokalmagasinet.no\\\/?p=24867\",\"name\":\"Tre Son-bilder i stor kontrast | Lokalmagasinet.no\",\"isPartOf\":{\"@id\":\"https:\\\/\\\/lokalmagasinet.no\\\/#website\"},\"primaryImageOfPage\":{\"@id\":\"https:\\\/\\\/lokalmagasinet.no\\\/?p=24867#primaryimage\"},\"image\":{\"@id\":\"https:\\\/\\\/lokalmagasinet.no\\\/?p=24867#primaryimage\"},\"thumbnailUrl\":\"https:\\\/\\\/lokalmagasinet.no\\\/wp-content\\\/uploads\\\/2024\\\/06\\\/Sommerkveld-i-havna.jpg\",\"datePublished\":\"2024-09-01T14:46:57+00:00\",\"dateModified\":\"2024-09-01T14:48:35+00:00\",\"breadcrumb\":{\"@id\":\"https:\\\/\\\/lokalmagasinet.no\\\/?p=24867#breadcrumb\"},\"inLanguage\":\"nn-NO\",\"potentialAction\":[{\"@type\":\"ReadAction\",\"target\":[\"https:\\\/\\\/lokalmagasinet.no\\\/?p=24867\"]}]},{\"@type\":\"ImageObject\",\"inLanguage\":\"nn-NO\",\"@id\":\"https:\\\/\\\/lokalmagasinet.no\\\/?p=24867#primaryimage\",\"url\":\"https:\\\/\\\/lokalmagasinet.no\\\/wp-content\\\/uploads\\\/2024\\\/06\\\/Sommerkveld-i-havna.jpg\",\"contentUrl\":\"https:\\\/\\\/lokalmagasinet.no\\\/wp-content\\\/uploads\\\/2024\\\/06\\\/Sommerkveld-i-havna.jpg\",\"width\":800,\"height\":309},{\"@type\":\"BreadcrumbList\",\"@id\":\"https:\\\/\\\/lokalmagasinet.no\\\/?p=24867#breadcrumb\",\"itemListElement\":[{\"@type\":\"ListItem\",\"position\":1,\"name\":\"Hjem\",\"item\":\"https:\\\/\\\/lokalmagasinet.no\\\/\"},{\"@type\":\"ListItem\",\"position\":2,\"name\":\"Tre Son-bilder i stor kontrast\"}]},{\"@type\":\"WebSite\",\"@id\":\"https:\\\/\\\/lokalmagasinet.no\\\/#website\",\"url\":\"https:\\\/\\\/lokalmagasinet.no\\\/\",\"name\":\"Lokalmagasinet.no\",\"description\":\"Fra fortid og n\u00e5tid. Med st\u00e5sted i det n\u00e6re. Siden 2002.\",\"publisher\":{\"@id\":\"https:\\\/\\\/lokalmagasinet.no\\\/#organization\"},\"potentialAction\":[{\"@type\":\"SearchAction\",\"target\":{\"@type\":\"EntryPoint\",\"urlTemplate\":\"https:\\\/\\\/lokalmagasinet.no\\\/?s={search_term_string}\"},\"query-input\":{\"@type\":\"PropertyValueSpecification\",\"valueRequired\":true,\"valueName\":\"search_term_string\"}}],\"inLanguage\":\"nn-NO\"},{\"@type\":\"Organization\",\"@id\":\"https:\\\/\\\/lokalmagasinet.no\\\/#organization\",\"name\":\"Lokalmagasinet.no\",\"url\":\"https:\\\/\\\/lokalmagasinet.no\\\/\",\"logo\":{\"@type\":\"ImageObject\",\"inLanguage\":\"nn-NO\",\"@id\":\"https:\\\/\\\/lokalmagasinet.no\\\/#\\\/schema\\\/logo\\\/image\\\/\",\"url\":\"https:\\\/\\\/lokalmagasinet.no\\\/wp-content\\\/uploads\\\/2021\\\/03\\\/cropped-cropped-cropped-cropped-cropped-cropped-lmlogo-e1640691300821.jpg\",\"contentUrl\":\"https:\\\/\\\/lokalmagasinet.no\\\/wp-content\\\/uploads\\\/2021\\\/03\\\/cropped-cropped-cropped-cropped-cropped-cropped-lmlogo-e1640691300821.jpg\",\"width\":72,\"height\":118,\"caption\":\"Lokalmagasinet.no\"},\"image\":{\"@id\":\"https:\\\/\\\/lokalmagasinet.no\\\/#\\\/schema\\\/logo\\\/image\\\/\"},\"sameAs\":[\"https:\\\/\\\/www.facebook.com\\\/sveinharald.strand.1\",\"https:\\\/\\\/x.com\\\/LMExtra\"]},{\"@type\":\"Person\",\"@id\":\"https:\\\/\\\/lokalmagasinet.no\\\/#\\\/schema\\\/person\\\/2e8d221708d3aaf6f577275b5bba4310\",\"name\":\"Svein-Harald Strand\",\"image\":{\"@type\":\"ImageObject\",\"inLanguage\":\"nn-NO\",\"@id\":\"https:\\\/\\\/secure.gravatar.com\\\/avatar\\\/c487434bdf6cd7c12e4a88877ae4b12c38d22b7ad64292b49d33ed7503bb7ce1?s=96&d=mm&r=g\",\"url\":\"https:\\\/\\\/secure.gravatar.com\\\/avatar\\\/c487434bdf6cd7c12e4a88877ae4b12c38d22b7ad64292b49d33ed7503bb7ce1?s=96&d=mm&r=g\",\"contentUrl\":\"https:\\\/\\\/secure.gravatar.com\\\/avatar\\\/c487434bdf6cd7c12e4a88877ae4b12c38d22b7ad64292b49d33ed7503bb7ce1?s=96&d=mm&r=g\",\"caption\":\"Svein-Harald Strand\"},\"description\":\"(F. 26.12.1945) Redakt\u00f8r, journalist og informasjonsarbeider siden 1968. ||| I 1963: Redaksjonell praktikant i 8 m\u00e5neder p\u00e5 full tid i Helgeland Arbeiderblad i hjembyen Mosj\u00f8en. ||| Arbeidende pensjonist med hjemmekontor fra 2008 (AFP) og videre som folkepensjonist til n\u00e5.\",\"sameAs\":[\"https:\\\/\\\/lokalmagasinet.no\\\/\",\"https:\\\/\\\/www.facebook.com\\\/sveinharald.strand.1\",\"https:\\\/\\\/x.com\\\/LMExtra\"],\"url\":\"https:\\\/\\\/lokalmagasinet.no\\\/?author=6\"}]}<\/script>\n<!-- \/ Yoast SEO plugin. -->","yoast_head_json":{"title":"Tre Son-bilder i stor kontrast | Lokalmagasinet.no","robots":{"index":"index","follow":"follow","max-snippet":"max-snippet:-1","max-image-preview":"max-image-preview:large","max-video-preview":"max-video-preview:-1"},"canonical":"https:\/\/lokalmagasinet.no\/?p=24867","og_locale":"nn_NO","og_type":"article","og_title":"Tre Son-bilder i stor kontrast | Lokalmagasinet.no","og_description":"(Publisert 01.09.2024) Ingen nye bilder her. Men det f\u00e5r s\u00e5 v\u00e6re. Kontrasten mellom dem er i alle fall stor nok &#8211; b\u00e5de i tid og n\u00e5r det gjelder motiv. Og ... Les merTre Son-bilder i stor kontrast","og_url":"https:\/\/lokalmagasinet.no\/?p=24867","og_site_name":"Lokalmagasinet.no","article_publisher":"https:\/\/www.facebook.com\/sveinharald.strand.1","article_author":"https:\/\/www.facebook.com\/sveinharald.strand.1","article_published_time":"2024-09-01T14:46:57+00:00","article_modified_time":"2024-09-01T14:48:35+00:00","og_image":[{"url":"https:\/\/lokalmagasinet.no\/wp-content\/uploads\/2024\/06\/Sommerkveld-i-havna.jpg","type":"","width":"","height":""}],"author":"Svein-Harald Strand","twitter_card":"summary_large_image","twitter_creator":"@LMExtra","twitter_site":"@LMExtra","twitter_misc":{"Written by":"Svein-Harald Strand","Est. reading time":"1 minutt"},"schema":{"@context":"https:\/\/schema.org","@graph":[{"@type":"Article","@id":"https:\/\/lokalmagasinet.no\/?p=24867#article","isPartOf":{"@id":"https:\/\/lokalmagasinet.no\/?p=24867"},"author":{"name":"Svein-Harald Strand","@id":"https:\/\/lokalmagasinet.no\/#\/schema\/person\/2e8d221708d3aaf6f577275b5bba4310"},"headline":"Tre Son-bilder i stor kontrast","datePublished":"2024-09-01T14:46:57+00:00","dateModified":"2024-09-01T14:48:35+00:00","mainEntityOfPage":{"@id":"https:\/\/lokalmagasinet.no\/?p=24867"},"wordCount":128,"publisher":{"@id":"https:\/\/lokalmagasinet.no\/#organization"},"image":{"@id":"https:\/\/lokalmagasinet.no\/?p=24867#primaryimage"},"thumbnailUrl":"https:\/\/lokalmagasinet.no\/wp-content\/uploads\/2024\/06\/Sommerkveld-i-havna.jpg","articleSection":["Aktuelt"],"inLanguage":"nn-NO"},{"@type":"WebPage","@id":"https:\/\/lokalmagasinet.no\/?p=24867","url":"https:\/\/lokalmagasinet.no\/?p=24867","name":"Tre Son-bilder i stor kontrast | Lokalmagasinet.no","isPartOf":{"@id":"https:\/\/lokalmagasinet.no\/#website"},"primaryImageOfPage":{"@id":"https:\/\/lokalmagasinet.no\/?p=24867#primaryimage"},"image":{"@id":"https:\/\/lokalmagasinet.no\/?p=24867#primaryimage"},"thumbnailUrl":"https:\/\/lokalmagasinet.no\/wp-content\/uploads\/2024\/06\/Sommerkveld-i-havna.jpg","datePublished":"2024-09-01T14:46:57+00:00","dateModified":"2024-09-01T14:48:35+00:00","breadcrumb":{"@id":"https:\/\/lokalmagasinet.no\/?p=24867#breadcrumb"},"inLanguage":"nn-NO","potentialAction":[{"@type":"ReadAction","target":["https:\/\/lokalmagasinet.no\/?p=24867"]}]},{"@type":"ImageObject","inLanguage":"nn-NO","@id":"https:\/\/lokalmagasinet.no\/?p=24867#primaryimage","url":"https:\/\/lokalmagasinet.no\/wp-content\/uploads\/2024\/06\/Sommerkveld-i-havna.jpg","contentUrl":"https:\/\/lokalmagasinet.no\/wp-content\/uploads\/2024\/06\/Sommerkveld-i-havna.jpg","width":800,"height":309},{"@type":"BreadcrumbList","@id":"https:\/\/lokalmagasinet.no\/?p=24867#breadcrumb","itemListElement":[{"@type":"ListItem","position":1,"name":"Hjem","item":"https:\/\/lokalmagasinet.no\/"},{"@type":"ListItem","position":2,"name":"Tre Son-bilder i stor kontrast"}]},{"@type":"WebSite","@id":"https:\/\/lokalmagasinet.no\/#website","url":"https:\/\/lokalmagasinet.no\/","name":"Lokalmagasinet.no","description":"Fra fortid og n\u00e5tid. Med st\u00e5sted i det n\u00e6re. Siden 2002.","publisher":{"@id":"https:\/\/lokalmagasinet.no\/#organization"},"potentialAction":[{"@type":"SearchAction","target":{"@type":"EntryPoint","urlTemplate":"https:\/\/lokalmagasinet.no\/?s={search_term_string}"},"query-input":{"@type":"PropertyValueSpecification","valueRequired":true,"valueName":"search_term_string"}}],"inLanguage":"nn-NO"},{"@type":"Organization","@id":"https:\/\/lokalmagasinet.no\/#organization","name":"Lokalmagasinet.no","url":"https:\/\/lokalmagasinet.no\/","logo":{"@type":"ImageObject","inLanguage":"nn-NO","@id":"https:\/\/lokalmagasinet.no\/#\/schema\/logo\/image\/","url":"https:\/\/lokalmagasinet.no\/wp-content\/uploads\/2021\/03\/cropped-cropped-cropped-cropped-cropped-cropped-lmlogo-e1640691300821.jpg","contentUrl":"https:\/\/lokalmagasinet.no\/wp-content\/uploads\/2021\/03\/cropped-cropped-cropped-cropped-cropped-cropped-lmlogo-e1640691300821.jpg","width":72,"height":118,"caption":"Lokalmagasinet.no"},"image":{"@id":"https:\/\/lokalmagasinet.no\/#\/schema\/logo\/image\/"},"sameAs":["https:\/\/www.facebook.com\/sveinharald.strand.1","https:\/\/x.com\/LMExtra"]},{"@type":"Person","@id":"https:\/\/lokalmagasinet.no\/#\/schema\/person\/2e8d221708d3aaf6f577275b5bba4310","name":"Svein-Harald Strand","image":{"@type":"ImageObject","inLanguage":"nn-NO","@id":"https:\/\/secure.gravatar.com\/avatar\/c487434bdf6cd7c12e4a88877ae4b12c38d22b7ad64292b49d33ed7503bb7ce1?s=96&d=mm&r=g","url":"https:\/\/secure.gravatar.com\/avatar\/c487434bdf6cd7c12e4a88877ae4b12c38d22b7ad64292b49d33ed7503bb7ce1?s=96&d=mm&r=g","contentUrl":"https:\/\/secure.gravatar.com\/avatar\/c487434bdf6cd7c12e4a88877ae4b12c38d22b7ad64292b49d33ed7503bb7ce1?s=96&d=mm&r=g","caption":"Svein-Harald Strand"},"description":"(F. 26.12.1945) Redakt\u00f8r, journalist og informasjonsarbeider siden 1968. ||| I 1963: Redaksjonell praktikant i 8 m\u00e5neder p\u00e5 full tid i Helgeland Arbeiderblad i hjembyen Mosj\u00f8en. ||| Arbeidende pensjonist med hjemmekontor fra 2008 (AFP) og videre som folkepensjonist til n\u00e5.","sameAs":["https:\/\/lokalmagasinet.no\/","https:\/\/www.facebook.com\/sveinharald.strand.1","https:\/\/x.com\/LMExtra"],"url":"https:\/\/lokalmagasinet.no\/?author=6"}]}},"_links":{"self":[{"href":"https:\/\/lokalmagasinet.no\/index.php?rest_route=\/wp\/v2\/posts\/24867","targetHints":{"allow":["GET"]}}],"collection":[{"href":"https:\/\/lokalmagasinet.no\/index.php?rest_route=\/wp\/v2\/posts"}],"about":[{"href":"https:\/\/lokalmagasinet.no\/index.php?rest_route=\/wp\/v2\/types\/post"}],"author":[{"embeddable":true,"href":"https:\/\/lokalmagasinet.no\/index.php?rest_route=\/wp\/v2\/users\/6"}],"replies":[{"embeddable":true,"href":"https:\/\/lokalmagasinet.no\/index.php?rest_route=%2Fwp%2Fv2%2Fcomments&post=24867"}],"version-history":[{"count":2,"href":"https:\/\/lokalmagasinet.no\/index.php?rest_route=\/wp\/v2\/posts\/24867\/revisions"}],"predecessor-version":[{"id":24879,"href":"https:\/\/lokalmagasinet.no\/index.php?rest_route=\/wp\/v2\/posts\/24867\/revisions\/24879"}],"wp:attachment":[{"href":"https:\/\/lokalmagasinet.no\/index.php?rest_route=%2Fwp%2Fv2%2Fmedia&parent=24867"}],"wp:term":[{"taxonomy":"category","embeddable":true,"href":"https:\/\/lokalmagasinet.no\/index.php?rest_route=%2Fwp%2Fv2%2Fcategories&post=24867"},{"taxonomy":"post_tag","embeddable":true,"href":"https:\/\/lokalmagasinet.no\/index.php?rest_route=%2Fwp%2Fv2%2Ftags&post=24867"}],"curies":[{"name":"wp","href":"https:\/\/api.w.org\/{rel}","templated":true}]}}