{"id":24869,"date":"2024-09-01T16:06:52","date_gmt":"2024-09-01T14:06:52","guid":{"rendered":"https:\/\/lokalmagasinet.no\/?p=24869"},"modified":"2024-09-01T16:19:42","modified_gmt":"2024-09-01T14:19:42","slug":"da-kom-leserne-lopende","status":"publish","type":"post","link":"https:\/\/lokalmagasinet.no\/?p=24869","title":{"rendered":"Da kom leserne L\u00d8PENDE!"},"content":{"rendered":"<figure id=\"attachment_7367\" aria-describedby=\"caption-attachment-7367\" style=\"width: 688px\" class=\"wp-caption alignnone\"><img loading=\"lazy\" decoding=\"async\" class=\"size-full wp-image-7367\" src=\"https:\/\/lokalmagasinet.no\/wp-content\/uploads\/2021\/12\/Birgit-Skarstein-2-i-2014.jpg\" alt=\"\" width=\"688\" height=\"875\" srcset=\"https:\/\/lokalmagasinet.no\/wp-content\/uploads\/2021\/12\/Birgit-Skarstein-2-i-2014.jpg 688w, https:\/\/lokalmagasinet.no\/wp-content\/uploads\/2021\/12\/Birgit-Skarstein-2-i-2014-236x300.jpg 236w, https:\/\/lokalmagasinet.no\/wp-content\/uploads\/2021\/12\/Birgit-Skarstein-2-i-2014-118x150.jpg 118w\" sizes=\"auto, (max-width: 688px) 100vw, 688px\" \/><figcaption id=\"caption-attachment-7367\" class=\"wp-caption-text\"><em>Birgit Skarstein. Den beste og flotteste 1. mai-taleren vi har h\u00f8rt i Son? \u00c5ret var 2014. MEN I ETTERMIDDAG skulle vi ha en illustrasjon til at vi ved 16-tiden hadde hatt nesten 400 bes\u00f8k p\u00e5 LM, mens det p\u00e5 de f\u00f8rste dagene etter &laquo;gjen\u00e5pningen&raquo; l\u00e5 p\u00e5 mellom 15 og 20. Til en sak om dette, skulle det i bildebasen ligge en illustrasjon p\u00e5 s\u00f8keordet &laquo;Flott&raquo;. I stedet fikk vi opp dette bildet. Tilfeldigvis &#8211; og det er helt sant! &#8211; hadde vi nettopp sett et TV-intervju med Skarstein fra Paralympics 2024, etter at hun i dag fikk s\u00f8lvmedalje i \u00f8velsen singel roing. Gratukerer! Dette er jo vel s\u00e5 flott som v\u00e5r egen nye &laquo;pers&raquo;, ikke sant, og bildet skal derfor f\u00e5 st\u00e5.<\/em> (LM Arkivfoto \/ Svein-H. Strand)<\/figcaption><\/figure>\n<p>(Publisert 01.09.24) <strong>Ny m\u00e5ned, nye bes\u00f8kstall: Mens bes\u00f8ket i g\u00e5r var p\u00e5 22, s\u00e5 rundet vi 300-tallet allerede ved 12-tiden i dag.<\/strong><\/p>\n<p>Ikke har vi annonsert og ikke har vi delt de f\u00f8rste innleggene p\u00e5 lokale Facebook-sider.<\/p>\n<p>Med andre ord: <em>Budstikka<\/em> har g\u00e5tt &#8211; LM er oppe og g\u00e5r igjen!<\/p>\n<p>Takk for det, det var en hyggelig og inspirerende start p\u00e5 arbeidsdagen her.<\/p>\n<p>At vi i g\u00e5r ikke fikk v\u00e5r nye Wi-Fi installert og opp \u00e5 g\u00e5 som planlagt, f\u00e5r heller v\u00e6re. VTTT (Visse ting tar tid.)<\/p>\n<p>N\u00e5 kontakter vi liks\u00e5godt leverand\u00f8r Telenor og ber dem sende noen som kan gj\u00f8re det for oss.<\/p>\n<p><em><strong>St.<\/strong><\/em><\/p>\n<p>&nbsp;<\/p>\n<p>Views: 57<\/p>","protected":false},"excerpt":{"rendered":"<p>(Publisert 01.09.24) Ny m\u00e5ned, nye bes\u00f8kstall: Mens bes\u00f8ket i g\u00e5r var p\u00e5 22, s\u00e5 rundet vi 300-tallet allerede ved 12-tiden i dag. Ikke har vi annonsert og ikke har vi &#8230; <\/p>\n<p class=\"read-more-container\"><a title=\"Da kom leserne L\u00d8PENDE!\" class=\"read-more button\" href=\"https:\/\/lokalmagasinet.no\/?p=24869#more-24869\">Les mer<span class=\"screen-reader-text\">Da kom leserne L\u00d8PENDE!<\/span><\/a><\/p>\n","protected":false},"author":6,"featured_media":0,"comment_status":"closed","ping_status":"closed","sticky":false,"template":"","format":"standard","meta":{"footnotes":""},"categories":[1],"tags":[],"class_list":["post-24869","post","type-post","status-publish","format-standard","hentry","category-aktuelt"],"yoast_head":"<!-- This site is optimized with the Yoast SEO plugin v27.4 - https:\/\/yoast.com\/product\/yoast-seo-wordpress\/ -->\n<title>Da kom leserne L\u00d8PENDE! | Lokalmagasinet.no<\/title>\n<meta name=\"robots\" content=\"index, follow, max-snippet:-1, max-image-preview:large, max-video-preview:-1\" \/>\n<link rel=\"canonical\" href=\"https:\/\/lokalmagasinet.no\/?p=24869\" \/>\n<meta property=\"og:locale\" content=\"nn_NO\" \/>\n<meta property=\"og:type\" content=\"article\" \/>\n<meta property=\"og:title\" content=\"Da kom leserne L\u00d8PENDE! | Lokalmagasinet.no\" \/>\n<meta property=\"og:description\" content=\"(Publisert 01.09.24) Ny m\u00e5ned, nye bes\u00f8kstall: Mens bes\u00f8ket i g\u00e5r var p\u00e5 22, s\u00e5 rundet vi 300-tallet allerede ved 12-tiden i dag. Ikke har vi annonsert og ikke har vi ... Les merDa kom leserne L\u00d8PENDE!\" \/>\n<meta property=\"og:url\" content=\"https:\/\/lokalmagasinet.no\/?p=24869\" \/>\n<meta property=\"og:site_name\" content=\"Lokalmagasinet.no\" \/>\n<meta property=\"article:publisher\" content=\"https:\/\/www.facebook.com\/sveinharald.strand.1\" \/>\n<meta property=\"article:author\" content=\"https:\/\/www.facebook.com\/sveinharald.strand.1\" \/>\n<meta property=\"article:published_time\" content=\"2024-09-01T14:06:52+00:00\" \/>\n<meta property=\"article:modified_time\" content=\"2024-09-01T14:19:42+00:00\" \/>\n<meta property=\"og:image\" content=\"https:\/\/lokalmagasinet.no\/wp-content\/uploads\/2021\/12\/Birgit-Skarstein-2-i-2014.jpg\" \/>\n<meta name=\"author\" content=\"Svein-Harald Strand\" \/>\n<meta name=\"twitter:card\" content=\"summary_large_image\" \/>\n<meta name=\"twitter:creator\" content=\"@LMExtra\" \/>\n<meta name=\"twitter:site\" content=\"@LMExtra\" \/>\n<meta name=\"twitter:label1\" content=\"Written by\" \/>\n\t<meta name=\"twitter:data1\" content=\"Svein-Harald Strand\" \/>\n\t<meta name=\"twitter:label2\" content=\"Est. reading time\" \/>\n\t<meta name=\"twitter:data2\" content=\"1 minutt\" \/>\n<script type=\"application\/ld+json\" class=\"yoast-schema-graph\">{\"@context\":\"https:\\\/\\\/schema.org\",\"@graph\":[{\"@type\":\"Article\",\"@id\":\"https:\\\/\\\/lokalmagasinet.no\\\/?p=24869#article\",\"isPartOf\":{\"@id\":\"https:\\\/\\\/lokalmagasinet.no\\\/?p=24869\"},\"author\":{\"name\":\"Svein-Harald Strand\",\"@id\":\"https:\\\/\\\/lokalmagasinet.no\\\/#\\\/schema\\\/person\\\/2e8d221708d3aaf6f577275b5bba4310\"},\"headline\":\"Da kom leserne L\u00d8PENDE!\",\"datePublished\":\"2024-09-01T14:06:52+00:00\",\"dateModified\":\"2024-09-01T14:19:42+00:00\",\"mainEntityOfPage\":{\"@id\":\"https:\\\/\\\/lokalmagasinet.no\\\/?p=24869\"},\"wordCount\":256,\"publisher\":{\"@id\":\"https:\\\/\\\/lokalmagasinet.no\\\/#organization\"},\"image\":{\"@id\":\"https:\\\/\\\/lokalmagasinet.no\\\/?p=24869#primaryimage\"},\"thumbnailUrl\":\"https:\\\/\\\/lokalmagasinet.no\\\/wp-content\\\/uploads\\\/2021\\\/12\\\/Birgit-Skarstein-2-i-2014.jpg\",\"articleSection\":[\"Aktuelt\"],\"inLanguage\":\"nn-NO\"},{\"@type\":\"WebPage\",\"@id\":\"https:\\\/\\\/lokalmagasinet.no\\\/?p=24869\",\"url\":\"https:\\\/\\\/lokalmagasinet.no\\\/?p=24869\",\"name\":\"Da kom leserne L\u00d8PENDE! | Lokalmagasinet.no\",\"isPartOf\":{\"@id\":\"https:\\\/\\\/lokalmagasinet.no\\\/#website\"},\"primaryImageOfPage\":{\"@id\":\"https:\\\/\\\/lokalmagasinet.no\\\/?p=24869#primaryimage\"},\"image\":{\"@id\":\"https:\\\/\\\/lokalmagasinet.no\\\/?p=24869#primaryimage\"},\"thumbnailUrl\":\"https:\\\/\\\/lokalmagasinet.no\\\/wp-content\\\/uploads\\\/2021\\\/12\\\/Birgit-Skarstein-2-i-2014.jpg\",\"datePublished\":\"2024-09-01T14:06:52+00:00\",\"dateModified\":\"2024-09-01T14:19:42+00:00\",\"breadcrumb\":{\"@id\":\"https:\\\/\\\/lokalmagasinet.no\\\/?p=24869#breadcrumb\"},\"inLanguage\":\"nn-NO\",\"potentialAction\":[{\"@type\":\"ReadAction\",\"target\":[\"https:\\\/\\\/lokalmagasinet.no\\\/?p=24869\"]}]},{\"@type\":\"ImageObject\",\"inLanguage\":\"nn-NO\",\"@id\":\"https:\\\/\\\/lokalmagasinet.no\\\/?p=24869#primaryimage\",\"url\":\"https:\\\/\\\/lokalmagasinet.no\\\/wp-content\\\/uploads\\\/2021\\\/12\\\/Birgit-Skarstein-2-i-2014.jpg\",\"contentUrl\":\"https:\\\/\\\/lokalmagasinet.no\\\/wp-content\\\/uploads\\\/2021\\\/12\\\/Birgit-Skarstein-2-i-2014.jpg\",\"width\":688,\"height\":875,\"caption\":\"Birgit Skarstein. Den beste og flotteste 1. mai-taleren som vi noen gang har h\u00f8rt i Son? Kanskje det, du! \u00c5ret var 2014, og talen ble holdt p\u00e5 Son torg fordi det p\u00e5gikk utbedringsarbeider i Glenneparken, (LM Arkivfoto \\\/ Svein-H. Strand)\"},{\"@type\":\"BreadcrumbList\",\"@id\":\"https:\\\/\\\/lokalmagasinet.no\\\/?p=24869#breadcrumb\",\"itemListElement\":[{\"@type\":\"ListItem\",\"position\":1,\"name\":\"Hjem\",\"item\":\"https:\\\/\\\/lokalmagasinet.no\\\/\"},{\"@type\":\"ListItem\",\"position\":2,\"name\":\"Da kom leserne L\u00d8PENDE!\"}]},{\"@type\":\"WebSite\",\"@id\":\"https:\\\/\\\/lokalmagasinet.no\\\/#website\",\"url\":\"https:\\\/\\\/lokalmagasinet.no\\\/\",\"name\":\"Lokalmagasinet.no\",\"description\":\"Fra fortid og n\u00e5tid. Med st\u00e5sted i det n\u00e6re. Siden 2002.\",\"publisher\":{\"@id\":\"https:\\\/\\\/lokalmagasinet.no\\\/#organization\"},\"potentialAction\":[{\"@type\":\"SearchAction\",\"target\":{\"@type\":\"EntryPoint\",\"urlTemplate\":\"https:\\\/\\\/lokalmagasinet.no\\\/?s={search_term_string}\"},\"query-input\":{\"@type\":\"PropertyValueSpecification\",\"valueRequired\":true,\"valueName\":\"search_term_string\"}}],\"inLanguage\":\"nn-NO\"},{\"@type\":\"Organization\",\"@id\":\"https:\\\/\\\/lokalmagasinet.no\\\/#organization\",\"name\":\"Lokalmagasinet.no\",\"url\":\"https:\\\/\\\/lokalmagasinet.no\\\/\",\"logo\":{\"@type\":\"ImageObject\",\"inLanguage\":\"nn-NO\",\"@id\":\"https:\\\/\\\/lokalmagasinet.no\\\/#\\\/schema\\\/logo\\\/image\\\/\",\"url\":\"https:\\\/\\\/lokalmagasinet.no\\\/wp-content\\\/uploads\\\/2021\\\/03\\\/cropped-cropped-cropped-cropped-cropped-cropped-lmlogo-e1640691300821.jpg\",\"contentUrl\":\"https:\\\/\\\/lokalmagasinet.no\\\/wp-content\\\/uploads\\\/2021\\\/03\\\/cropped-cropped-cropped-cropped-cropped-cropped-lmlogo-e1640691300821.jpg\",\"width\":72,\"height\":118,\"caption\":\"Lokalmagasinet.no\"},\"image\":{\"@id\":\"https:\\\/\\\/lokalmagasinet.no\\\/#\\\/schema\\\/logo\\\/image\\\/\"},\"sameAs\":[\"https:\\\/\\\/www.facebook.com\\\/sveinharald.strand.1\",\"https:\\\/\\\/x.com\\\/LMExtra\"]},{\"@type\":\"Person\",\"@id\":\"https:\\\/\\\/lokalmagasinet.no\\\/#\\\/schema\\\/person\\\/2e8d221708d3aaf6f577275b5bba4310\",\"name\":\"Svein-Harald Strand\",\"image\":{\"@type\":\"ImageObject\",\"inLanguage\":\"nn-NO\",\"@id\":\"https:\\\/\\\/secure.gravatar.com\\\/avatar\\\/c487434bdf6cd7c12e4a88877ae4b12c38d22b7ad64292b49d33ed7503bb7ce1?s=96&d=mm&r=g\",\"url\":\"https:\\\/\\\/secure.gravatar.com\\\/avatar\\\/c487434bdf6cd7c12e4a88877ae4b12c38d22b7ad64292b49d33ed7503bb7ce1?s=96&d=mm&r=g\",\"contentUrl\":\"https:\\\/\\\/secure.gravatar.com\\\/avatar\\\/c487434bdf6cd7c12e4a88877ae4b12c38d22b7ad64292b49d33ed7503bb7ce1?s=96&d=mm&r=g\",\"caption\":\"Svein-Harald Strand\"},\"description\":\"(F. 26.12.1945) Redakt\u00f8r, journalist og informasjonsarbeider siden 1968. ||| I 1963: Redaksjonell praktikant i 8 m\u00e5neder p\u00e5 full tid i Helgeland Arbeiderblad i hjembyen Mosj\u00f8en. ||| Arbeidende pensjonist med hjemmekontor fra 2008 (AFP) og videre som folkepensjonist til n\u00e5.\",\"sameAs\":[\"https:\\\/\\\/lokalmagasinet.no\\\/\",\"https:\\\/\\\/www.facebook.com\\\/sveinharald.strand.1\",\"https:\\\/\\\/x.com\\\/LMExtra\"],\"url\":\"https:\\\/\\\/lokalmagasinet.no\\\/?author=6\"}]}<\/script>\n<!-- \/ Yoast SEO plugin. -->","yoast_head_json":{"title":"Da kom leserne L\u00d8PENDE! | Lokalmagasinet.no","robots":{"index":"index","follow":"follow","max-snippet":"max-snippet:-1","max-image-preview":"max-image-preview:large","max-video-preview":"max-video-preview:-1"},"canonical":"https:\/\/lokalmagasinet.no\/?p=24869","og_locale":"nn_NO","og_type":"article","og_title":"Da kom leserne L\u00d8PENDE! | Lokalmagasinet.no","og_description":"(Publisert 01.09.24) Ny m\u00e5ned, nye bes\u00f8kstall: Mens bes\u00f8ket i g\u00e5r var p\u00e5 22, s\u00e5 rundet vi 300-tallet allerede ved 12-tiden i dag. Ikke har vi annonsert og ikke har vi ... Les merDa kom leserne L\u00d8PENDE!","og_url":"https:\/\/lokalmagasinet.no\/?p=24869","og_site_name":"Lokalmagasinet.no","article_publisher":"https:\/\/www.facebook.com\/sveinharald.strand.1","article_author":"https:\/\/www.facebook.com\/sveinharald.strand.1","article_published_time":"2024-09-01T14:06:52+00:00","article_modified_time":"2024-09-01T14:19:42+00:00","og_image":[{"url":"https:\/\/lokalmagasinet.no\/wp-content\/uploads\/2021\/12\/Birgit-Skarstein-2-i-2014.jpg","type":"","width":"","height":""}],"author":"Svein-Harald Strand","twitter_card":"summary_large_image","twitter_creator":"@LMExtra","twitter_site":"@LMExtra","twitter_misc":{"Written by":"Svein-Harald Strand","Est. reading time":"1 minutt"},"schema":{"@context":"https:\/\/schema.org","@graph":[{"@type":"Article","@id":"https:\/\/lokalmagasinet.no\/?p=24869#article","isPartOf":{"@id":"https:\/\/lokalmagasinet.no\/?p=24869"},"author":{"name":"Svein-Harald Strand","@id":"https:\/\/lokalmagasinet.no\/#\/schema\/person\/2e8d221708d3aaf6f577275b5bba4310"},"headline":"Da kom leserne L\u00d8PENDE!","datePublished":"2024-09-01T14:06:52+00:00","dateModified":"2024-09-01T14:19:42+00:00","mainEntityOfPage":{"@id":"https:\/\/lokalmagasinet.no\/?p=24869"},"wordCount":256,"publisher":{"@id":"https:\/\/lokalmagasinet.no\/#organization"},"image":{"@id":"https:\/\/lokalmagasinet.no\/?p=24869#primaryimage"},"thumbnailUrl":"https:\/\/lokalmagasinet.no\/wp-content\/uploads\/2021\/12\/Birgit-Skarstein-2-i-2014.jpg","articleSection":["Aktuelt"],"inLanguage":"nn-NO"},{"@type":"WebPage","@id":"https:\/\/lokalmagasinet.no\/?p=24869","url":"https:\/\/lokalmagasinet.no\/?p=24869","name":"Da kom leserne L\u00d8PENDE! | Lokalmagasinet.no","isPartOf":{"@id":"https:\/\/lokalmagasinet.no\/#website"},"primaryImageOfPage":{"@id":"https:\/\/lokalmagasinet.no\/?p=24869#primaryimage"},"image":{"@id":"https:\/\/lokalmagasinet.no\/?p=24869#primaryimage"},"thumbnailUrl":"https:\/\/lokalmagasinet.no\/wp-content\/uploads\/2021\/12\/Birgit-Skarstein-2-i-2014.jpg","datePublished":"2024-09-01T14:06:52+00:00","dateModified":"2024-09-01T14:19:42+00:00","breadcrumb":{"@id":"https:\/\/lokalmagasinet.no\/?p=24869#breadcrumb"},"inLanguage":"nn-NO","potentialAction":[{"@type":"ReadAction","target":["https:\/\/lokalmagasinet.no\/?p=24869"]}]},{"@type":"ImageObject","inLanguage":"nn-NO","@id":"https:\/\/lokalmagasinet.no\/?p=24869#primaryimage","url":"https:\/\/lokalmagasinet.no\/wp-content\/uploads\/2021\/12\/Birgit-Skarstein-2-i-2014.jpg","contentUrl":"https:\/\/lokalmagasinet.no\/wp-content\/uploads\/2021\/12\/Birgit-Skarstein-2-i-2014.jpg","width":688,"height":875,"caption":"Birgit Skarstein. Den beste og flotteste 1. mai-taleren som vi noen gang har h\u00f8rt i Son? Kanskje det, du! \u00c5ret var 2014, og talen ble holdt p\u00e5 Son torg fordi det p\u00e5gikk utbedringsarbeider i Glenneparken, (LM Arkivfoto \/ Svein-H. Strand)"},{"@type":"BreadcrumbList","@id":"https:\/\/lokalmagasinet.no\/?p=24869#breadcrumb","itemListElement":[{"@type":"ListItem","position":1,"name":"Hjem","item":"https:\/\/lokalmagasinet.no\/"},{"@type":"ListItem","position":2,"name":"Da kom leserne L\u00d8PENDE!"}]},{"@type":"WebSite","@id":"https:\/\/lokalmagasinet.no\/#website","url":"https:\/\/lokalmagasinet.no\/","name":"Lokalmagasinet.no","description":"Fra fortid og n\u00e5tid. Med st\u00e5sted i det n\u00e6re. Siden 2002.","publisher":{"@id":"https:\/\/lokalmagasinet.no\/#organization"},"potentialAction":[{"@type":"SearchAction","target":{"@type":"EntryPoint","urlTemplate":"https:\/\/lokalmagasinet.no\/?s={search_term_string}"},"query-input":{"@type":"PropertyValueSpecification","valueRequired":true,"valueName":"search_term_string"}}],"inLanguage":"nn-NO"},{"@type":"Organization","@id":"https:\/\/lokalmagasinet.no\/#organization","name":"Lokalmagasinet.no","url":"https:\/\/lokalmagasinet.no\/","logo":{"@type":"ImageObject","inLanguage":"nn-NO","@id":"https:\/\/lokalmagasinet.no\/#\/schema\/logo\/image\/","url":"https:\/\/lokalmagasinet.no\/wp-content\/uploads\/2021\/03\/cropped-cropped-cropped-cropped-cropped-cropped-lmlogo-e1640691300821.jpg","contentUrl":"https:\/\/lokalmagasinet.no\/wp-content\/uploads\/2021\/03\/cropped-cropped-cropped-cropped-cropped-cropped-lmlogo-e1640691300821.jpg","width":72,"height":118,"caption":"Lokalmagasinet.no"},"image":{"@id":"https:\/\/lokalmagasinet.no\/#\/schema\/logo\/image\/"},"sameAs":["https:\/\/www.facebook.com\/sveinharald.strand.1","https:\/\/x.com\/LMExtra"]},{"@type":"Person","@id":"https:\/\/lokalmagasinet.no\/#\/schema\/person\/2e8d221708d3aaf6f577275b5bba4310","name":"Svein-Harald Strand","image":{"@type":"ImageObject","inLanguage":"nn-NO","@id":"https:\/\/secure.gravatar.com\/avatar\/c487434bdf6cd7c12e4a88877ae4b12c38d22b7ad64292b49d33ed7503bb7ce1?s=96&d=mm&r=g","url":"https:\/\/secure.gravatar.com\/avatar\/c487434bdf6cd7c12e4a88877ae4b12c38d22b7ad64292b49d33ed7503bb7ce1?s=96&d=mm&r=g","contentUrl":"https:\/\/secure.gravatar.com\/avatar\/c487434bdf6cd7c12e4a88877ae4b12c38d22b7ad64292b49d33ed7503bb7ce1?s=96&d=mm&r=g","caption":"Svein-Harald Strand"},"description":"(F. 26.12.1945) Redakt\u00f8r, journalist og informasjonsarbeider siden 1968. ||| I 1963: Redaksjonell praktikant i 8 m\u00e5neder p\u00e5 full tid i Helgeland Arbeiderblad i hjembyen Mosj\u00f8en. ||| Arbeidende pensjonist med hjemmekontor fra 2008 (AFP) og videre som folkepensjonist til n\u00e5.","sameAs":["https:\/\/lokalmagasinet.no\/","https:\/\/www.facebook.com\/sveinharald.strand.1","https:\/\/x.com\/LMExtra"],"url":"https:\/\/lokalmagasinet.no\/?author=6"}]}},"_links":{"self":[{"href":"https:\/\/lokalmagasinet.no\/index.php?rest_route=\/wp\/v2\/posts\/24869","targetHints":{"allow":["GET"]}}],"collection":[{"href":"https:\/\/lokalmagasinet.no\/index.php?rest_route=\/wp\/v2\/posts"}],"about":[{"href":"https:\/\/lokalmagasinet.no\/index.php?rest_route=\/wp\/v2\/types\/post"}],"author":[{"embeddable":true,"href":"https:\/\/lokalmagasinet.no\/index.php?rest_route=\/wp\/v2\/users\/6"}],"replies":[{"embeddable":true,"href":"https:\/\/lokalmagasinet.no\/index.php?rest_route=%2Fwp%2Fv2%2Fcomments&post=24869"}],"version-history":[{"count":8,"href":"https:\/\/lokalmagasinet.no\/index.php?rest_route=\/wp\/v2\/posts\/24869\/revisions"}],"predecessor-version":[{"id":24871,"href":"https:\/\/lokalmagasinet.no\/index.php?rest_route=\/wp\/v2\/posts\/24869\/revisions\/24871"}],"wp:attachment":[{"href":"https:\/\/lokalmagasinet.no\/index.php?rest_route=%2Fwp%2Fv2%2Fmedia&parent=24869"}],"wp:term":[{"taxonomy":"category","embeddable":true,"href":"https:\/\/lokalmagasinet.no\/index.php?rest_route=%2Fwp%2Fv2%2Fcategories&post=24869"},{"taxonomy":"post_tag","embeddable":true,"href":"https:\/\/lokalmagasinet.no\/index.php?rest_route=%2Fwp%2Fv2%2Ftags&post=24869"}],"curies":[{"name":"wp","href":"https:\/\/api.w.org\/{rel}","templated":true}]}}