{"id":24880,"date":"2024-09-01T22:49:42","date_gmt":"2024-09-01T20:49:42","guid":{"rendered":"https:\/\/lokalmagasinet.no\/?p=24880"},"modified":"2024-09-03T10:56:01","modified_gmt":"2024-09-03T08:56:01","slug":"pa-jordet-om-orajordet","status":"publish","type":"post","link":"https:\/\/lokalmagasinet.no\/?p=24880","title":{"rendered":"P\u00e5 jordet om \u00d8rajordet"},"content":{"rendered":"<p><img loading=\"lazy\" decoding=\"async\" class=\"size-full wp-image-23041 alignleft\" src=\"https:\/\/lokalmagasinet.no\/wp-content\/uploads\/2021\/03\/cropped-cropped-cropped-cropped-cropped-cropped-lmlogo-e1640691300821.jpg\" alt=\"\" width=\"72\" height=\"118\" \/>(Publisert 01.09.2024, endret 02.09.2024) (Kommentar: Svein-H. Strand) <strong>IGJEN er et forslag om utbygging av \u00d8rajordet i Son som boligfelt lagt fram. Planer for dette har v\u00e6rt lansert og blitt nedstemt en rekke ganger de siste \u00e5rene. Hvor ofte skal det v\u00e6re mulig \u00e5 &laquo;g\u00e5 til start&raquo; igjen i en sak som dette?<\/strong><\/p>\n<div class=\"xv55zj0 x1vvkbs x1rg5ohu xxymvpz\">\n<div class=\"xmjcpbm x1tlxs6b x1g8br2z x1gn5b1j x230xth x9f619 xzsf02u x1rg5ohu xdj266r x11i5rnm xat24cr x1mh8g0r x193iq5w x1mzt3pk x1n2onr6 xeaf4i8 x13faqbe\">\n<div class=\"xwib8y2 xn6708d x1ye3gou x1y1aw1k\">\n<div class=\"x1lliihq xjkvuk6 x1iorvi4\">\n<div class=\"xdj266r x11i5rnm xat24cr x1mh8g0r x1vvkbs\">\n<div dir=\"auto\">Vestby kommunestyre er en &laquo;smeltedigel&raquo; med et overordnet m\u00e5l om \u00e5 ta vare p\u00e5 HELE kommunen.<\/div>\n<div dir=\"auto\"><\/div>\n<div dir=\"auto\">Men lar det seg egentlig gj\u00f8re n\u00e5r det kommer til planverk, forslag og vedtak? N\u00e5r nesten halve kommunen lever og bor i Son? Et tidligere ladested og egen kommune som ble tvangs-sammensluttet med Vestby i 1965?<\/div>\n<div dir=\"auto\"><\/div>\n<div dir=\"auto\"><strong>Son &#8211; fra grensen med Moss\/\u00d8stfold (og nordover til Kjenn?) &#8211; burde ha status som bydel, med egen bydelsforvaltning.<\/strong><\/div>\n<div dir=\"auto\"><\/div>\n<div dir=\"auto\">TANKEN OM \u00e5 innlemme Son i Moss kommune har gjennom \u00e5rene v\u00e6rt luftet flere ganger, ogs\u00e5 i en offentlig utredning fra \u00d8stfold-siden.<\/div>\n<div dir=\"auto\"><\/div>\n<div dir=\"auto\">Det kunne v\u00e6re interessant om en revidert versjon av dette ble luftet igjen. Ogs\u00e5 i formelle innspill.<\/div>\n<div dir=\"auto\"><\/div>\n<div dir=\"auto\"><strong>Dette kunne s\u00e5 konkludere med en sterk oppfordring: Om \u00e5 nedsette en arbeidsgruppe for \u00e5 utarbeide en uttalelse. En fra hver av de to kommunene, naturlig nok.<\/strong><\/div>\n<div dir=\"auto\"><\/div>\n<div dir=\"auto\">I UTGANGSPUNKTET m\u00e5 det kanskje forventes at den regionale tilh\u00f8righet &#8211; henholdsvis Follo, Moss\/Rygge og V\u00e5ler &#8211; legger f\u00f8ringer for de to uttalelser. En oppgave som burde v\u00e6re b\u00e5de overkommelig og interessant.<\/div>\n<\/div>\n<\/div>\n<div dir=\"auto\"><\/div>\n<p>EN FORTSATT RELEVANT UTTALELSE:<\/p>\n<\/div>\n<\/div>\n<\/div>\n<div dir=\"auto\">Kommentarer til notat fra firmaet Grunnteknikk AS. Gitt 18.01.2024 av ingeni\u00f8rgeolog Asbj\u00f8rn Halvorsen.<\/div>\n<div dir=\"auto\"><\/div>\n<div dir=\"auto\"><strong>Innledning:<\/strong><\/div>\n<div dir=\"auto\">P\u00e5 vegne av Soon og Omegns vel utarbeidet Asbj\u00f8rn Halvorsen 02. februar 2023 et notat med tittelen \u00ab\u00d8rajordet, Son &#8211; Grunnforhold og KVIKKLEIRE-PROBLEMATIKK\u00bb.<\/div>\n<div dir=\"auto\"><\/div>\n<div dir=\"auto\">For \u00e5 f\u00e5 en n\u00e6rmere avklaring av forhold knyttet til erosjonsproblematikk, foretok han 25. august 2023 opplodding av vanndybder i den aktuelle strekning av S\u00e5na (H\u00f8lenselva, <em>red. anm.<\/em>).<\/div>\n<div dir=\"auto\"><\/div>\n<div dir=\"auto\">\u00d8rajordet-saken ble behandlet av Plan- og milj\u00f8utvalget i Vestby kommune den 28.08.2023, med f\u00f8lgende konklusjon vedr. grunnunders\u00f8kelser angitt i saksprotokoll:<\/div>\n<div dir=\"auto\"><\/div>\n<div dir=\"auto\">\u00abSaken sendes tilbake til administrasjonen for oppf\u00f8lging av f\u00f8lgende:<\/div>\n<div dir=\"auto\"><\/div>\n<div dir=\"auto\">1. F\u00f8r planforslaget endelig vedtas skal det gjennomf\u00f8res nye grunnunders\u00f8kelser innenfor planomr\u00e5det. Unders\u00f8kelsene skal gjennomf\u00f8res av et uavhengig selskap, og skal gi svar p\u00e5 om planlagt bebyggelse trygt kan opparbeides.\u00bb<\/div>\n<div dir=\"auto\"><\/div>\n<div dir=\"auto\">P\u00e5 oppdrag fra Signaturhagen Bolig AS, s\u00e5 utarbeidet firmaet Grunnteknikk AS et notat datert 10.10.2023, med tittelen <em>\u00abVestby. Son, \u00d8rajordet Kvalitetssikring vurdering av omr\u00e5destabilitet\/skredfare iht. NVEs kvikkleireveileder 1\/2019\u00bb<\/em>.<\/div>\n<div dir=\"auto\"><\/div>\n<div dir=\"auto\"><strong>Konklusjon:<\/strong><\/div>\n<div dir=\"auto\"><strong>Sikkert svar p\u00e5 om planlagt bebyggelse p\u00e5 \u00d8rajordet trygt kan opparbeides, forutsetter grundigere unders\u00f8kelser og vurderinger enn hva som tidligere er utf\u00f8rt og som er godkjent av Grunnteknikk AS.<\/strong><\/div>\n<div dir=\"auto\"><\/div>\n<div dir=\"auto\">Begrunnelse for denne konklusjonen er gitt nedenfor.<\/div>\n<div dir=\"auto\"><\/div>\n<div dir=\"auto\"><em>Kommentarer til notat fra Grunnteknikk AS<\/em><\/div>\n<div dir=\"auto\">Ordlyden i oppdragsbestilling til Grunnteknikk AS fra Signaturhagen er ikke kjent, men oppdraget synes ikke \u00e5 v\u00e6re utf\u00f8rt i samsvar med hva som ble angitt i saksprotokoll fra m\u00f8tet i Plan- og milj\u00f8utvalget 28.08.2023.<\/div>\n<div dir=\"auto\"><\/div>\n<div dir=\"auto\"><strong>Det er opplyst i notatet at Grunnteknikk ikke har inspisert \u00d8rajordet, med andre ord at vurderingene deres bare har v\u00e6rt utf\u00f8rt som skrivebordsarbeid.<\/strong><\/div>\n<div dir=\"auto\"><\/div>\n<div dir=\"auto\">Det er ikke utf\u00f8rt nye grunnunders\u00f8kelser, og h\u00e5ndtering av grunnforholds-problematikk kan generelt virke overfladisk. Det gjelder s\u00e6rlig hvordan stabilitet kan p\u00e5virkes av erosjon i elveleie og langs elvebredder, noe som igjen er p\u00e5virket av v\u00e6rforhold (som ekstremv\u00e6r<em>).<\/em><\/div>\n<div dir=\"auto\"><\/div>\n<div dir=\"auto\">I en tabell (ikke tatt med her, <em>red. anm.<\/em>) er det opplistet dokumenter som Grunnteknikk har mottatt.<\/div>\n<div dir=\"auto\"><\/div>\n<div dir=\"auto\">Et viktig Multiconsult notat, datert 08.06.2018 og med tittelen \u00abVurdering av flomfare og sikringstiltak for Sonskilen\u00bb (med vurderinger for \u00d8rajordet), er i<em>kke opplyst mottatt. <\/em>Dette gjelder ogs\u00e5:<\/div>\n<div dir=\"auto\"><\/div>\n<div dir=\"auto\">Notat fra Sweco Norge AS, datert 15.02.2022: \u00abRisiko- og s\u00e5rbarhetsanalyse i forbindelse med detaljregulering av Signaturhagen p\u00e5 \u00d8rajordet i Son i Vestby kommune.\u00bb<\/div>\n<div dir=\"auto\"><\/div>\n<div dir=\"auto\">SLIK ST\u00c5R ALTS\u00c5 saken n\u00e5r det gjelder en faktor som sikkerhet for liv og helse. Alt tilsier derfor at denne utbyggingsplanen b\u00f8r legges d\u00f8d en gang for alle.<\/div>\n<p>Views: 229<\/p>","protected":false},"excerpt":{"rendered":"<p>(Publisert 01.09.2024, endret 02.09.2024) (Kommentar: Svein-H. Strand) IGJEN er et forslag om utbygging av \u00d8rajordet i Son som boligfelt lagt fram. Planer for dette har v\u00e6rt lansert og blitt nedstemt &#8230; <\/p>\n<p class=\"read-more-container\"><a title=\"P\u00e5 jordet om \u00d8rajordet\" class=\"read-more button\" href=\"https:\/\/lokalmagasinet.no\/?p=24880#more-24880\">Les mer<span class=\"screen-reader-text\">P\u00e5 jordet om \u00d8rajordet<\/span><\/a><\/p>\n","protected":false},"author":6,"featured_media":0,"comment_status":"closed","ping_status":"closed","sticky":false,"template":"","format":"standard","meta":{"footnotes":""},"categories":[1],"tags":[],"class_list":["post-24880","post","type-post","status-publish","format-standard","hentry","category-aktuelt"],"yoast_head":"<!-- This site is optimized with the Yoast SEO plugin v27.4 - https:\/\/yoast.com\/product\/yoast-seo-wordpress\/ -->\n<title>P\u00e5 jordet om \u00d8rajordet | Lokalmagasinet.no<\/title>\n<meta name=\"robots\" content=\"index, follow, max-snippet:-1, max-image-preview:large, max-video-preview:-1\" \/>\n<link rel=\"canonical\" href=\"https:\/\/lokalmagasinet.no\/?p=24880\" \/>\n<meta property=\"og:locale\" content=\"nn_NO\" \/>\n<meta property=\"og:type\" content=\"article\" \/>\n<meta property=\"og:title\" content=\"P\u00e5 jordet om \u00d8rajordet | Lokalmagasinet.no\" \/>\n<meta property=\"og:description\" content=\"(Publisert 01.09.2024, endret 02.09.2024) (Kommentar: Svein-H. Strand) IGJEN er et forslag om utbygging av \u00d8rajordet i Son som boligfelt lagt fram. Planer for dette har v\u00e6rt lansert og blitt nedstemt ... Les merP\u00e5 jordet om \u00d8rajordet\" \/>\n<meta property=\"og:url\" content=\"https:\/\/lokalmagasinet.no\/?p=24880\" \/>\n<meta property=\"og:site_name\" content=\"Lokalmagasinet.no\" \/>\n<meta property=\"article:publisher\" content=\"https:\/\/www.facebook.com\/sveinharald.strand.1\" \/>\n<meta property=\"article:author\" content=\"https:\/\/www.facebook.com\/sveinharald.strand.1\" \/>\n<meta property=\"article:published_time\" content=\"2024-09-01T20:49:42+00:00\" \/>\n<meta property=\"article:modified_time\" content=\"2024-09-03T08:56:01+00:00\" \/>\n<meta property=\"og:image\" content=\"https:\/\/lokalmagasinet.no\/wp-content\/uploads\/2021\/03\/cropped-cropped-cropped-cropped-cropped-cropped-lmlogo-e1640691300821.jpg\" \/>\n<meta name=\"author\" content=\"Svein-Harald Strand\" \/>\n<meta name=\"twitter:card\" content=\"summary_large_image\" \/>\n<meta name=\"twitter:creator\" content=\"@LMExtra\" \/>\n<meta name=\"twitter:site\" content=\"@LMExtra\" \/>\n<meta name=\"twitter:label1\" content=\"Written by\" \/>\n\t<meta name=\"twitter:data1\" content=\"Svein-Harald Strand\" \/>\n\t<meta name=\"twitter:label2\" content=\"Est. reading time\" \/>\n\t<meta name=\"twitter:data2\" content=\"3 minutt\" \/>\n<script type=\"application\/ld+json\" class=\"yoast-schema-graph\">{\"@context\":\"https:\\\/\\\/schema.org\",\"@graph\":[{\"@type\":\"Article\",\"@id\":\"https:\\\/\\\/lokalmagasinet.no\\\/?p=24880#article\",\"isPartOf\":{\"@id\":\"https:\\\/\\\/lokalmagasinet.no\\\/?p=24880\"},\"author\":{\"name\":\"Svein-Harald Strand\",\"@id\":\"https:\\\/\\\/lokalmagasinet.no\\\/#\\\/schema\\\/person\\\/2e8d221708d3aaf6f577275b5bba4310\"},\"headline\":\"P\u00e5 jordet om \u00d8rajordet\",\"datePublished\":\"2024-09-01T20:49:42+00:00\",\"dateModified\":\"2024-09-03T08:56:01+00:00\",\"mainEntityOfPage\":{\"@id\":\"https:\\\/\\\/lokalmagasinet.no\\\/?p=24880\"},\"wordCount\":646,\"publisher\":{\"@id\":\"https:\\\/\\\/lokalmagasinet.no\\\/#organization\"},\"image\":{\"@id\":\"https:\\\/\\\/lokalmagasinet.no\\\/?p=24880#primaryimage\"},\"thumbnailUrl\":\"https:\\\/\\\/lokalmagasinet.no\\\/wp-content\\\/uploads\\\/2021\\\/03\\\/cropped-cropped-cropped-cropped-cropped-cropped-lmlogo-e1640691300821.jpg\",\"articleSection\":[\"Aktuelt\"],\"inLanguage\":\"nn-NO\"},{\"@type\":\"WebPage\",\"@id\":\"https:\\\/\\\/lokalmagasinet.no\\\/?p=24880\",\"url\":\"https:\\\/\\\/lokalmagasinet.no\\\/?p=24880\",\"name\":\"P\u00e5 jordet om \u00d8rajordet | Lokalmagasinet.no\",\"isPartOf\":{\"@id\":\"https:\\\/\\\/lokalmagasinet.no\\\/#website\"},\"primaryImageOfPage\":{\"@id\":\"https:\\\/\\\/lokalmagasinet.no\\\/?p=24880#primaryimage\"},\"image\":{\"@id\":\"https:\\\/\\\/lokalmagasinet.no\\\/?p=24880#primaryimage\"},\"thumbnailUrl\":\"https:\\\/\\\/lokalmagasinet.no\\\/wp-content\\\/uploads\\\/2021\\\/03\\\/cropped-cropped-cropped-cropped-cropped-cropped-lmlogo-e1640691300821.jpg\",\"datePublished\":\"2024-09-01T20:49:42+00:00\",\"dateModified\":\"2024-09-03T08:56:01+00:00\",\"breadcrumb\":{\"@id\":\"https:\\\/\\\/lokalmagasinet.no\\\/?p=24880#breadcrumb\"},\"inLanguage\":\"nn-NO\",\"potentialAction\":[{\"@type\":\"ReadAction\",\"target\":[\"https:\\\/\\\/lokalmagasinet.no\\\/?p=24880\"]}]},{\"@type\":\"ImageObject\",\"inLanguage\":\"nn-NO\",\"@id\":\"https:\\\/\\\/lokalmagasinet.no\\\/?p=24880#primaryimage\",\"url\":\"https:\\\/\\\/lokalmagasinet.no\\\/wp-content\\\/uploads\\\/2021\\\/03\\\/cropped-cropped-cropped-cropped-cropped-cropped-lmlogo-e1640691300821.jpg\",\"contentUrl\":\"https:\\\/\\\/lokalmagasinet.no\\\/wp-content\\\/uploads\\\/2021\\\/03\\\/cropped-cropped-cropped-cropped-cropped-cropped-lmlogo-e1640691300821.jpg\",\"width\":72,\"height\":118},{\"@type\":\"BreadcrumbList\",\"@id\":\"https:\\\/\\\/lokalmagasinet.no\\\/?p=24880#breadcrumb\",\"itemListElement\":[{\"@type\":\"ListItem\",\"position\":1,\"name\":\"Hjem\",\"item\":\"https:\\\/\\\/lokalmagasinet.no\\\/\"},{\"@type\":\"ListItem\",\"position\":2,\"name\":\"P\u00e5 jordet om \u00d8rajordet\"}]},{\"@type\":\"WebSite\",\"@id\":\"https:\\\/\\\/lokalmagasinet.no\\\/#website\",\"url\":\"https:\\\/\\\/lokalmagasinet.no\\\/\",\"name\":\"Lokalmagasinet.no\",\"description\":\"Fra fortid og n\u00e5tid. Med st\u00e5sted i det n\u00e6re. Siden 2002.\",\"publisher\":{\"@id\":\"https:\\\/\\\/lokalmagasinet.no\\\/#organization\"},\"potentialAction\":[{\"@type\":\"SearchAction\",\"target\":{\"@type\":\"EntryPoint\",\"urlTemplate\":\"https:\\\/\\\/lokalmagasinet.no\\\/?s={search_term_string}\"},\"query-input\":{\"@type\":\"PropertyValueSpecification\",\"valueRequired\":true,\"valueName\":\"search_term_string\"}}],\"inLanguage\":\"nn-NO\"},{\"@type\":\"Organization\",\"@id\":\"https:\\\/\\\/lokalmagasinet.no\\\/#organization\",\"name\":\"Lokalmagasinet.no\",\"url\":\"https:\\\/\\\/lokalmagasinet.no\\\/\",\"logo\":{\"@type\":\"ImageObject\",\"inLanguage\":\"nn-NO\",\"@id\":\"https:\\\/\\\/lokalmagasinet.no\\\/#\\\/schema\\\/logo\\\/image\\\/\",\"url\":\"https:\\\/\\\/lokalmagasinet.no\\\/wp-content\\\/uploads\\\/2021\\\/03\\\/cropped-cropped-cropped-cropped-cropped-cropped-lmlogo-e1640691300821.jpg\",\"contentUrl\":\"https:\\\/\\\/lokalmagasinet.no\\\/wp-content\\\/uploads\\\/2021\\\/03\\\/cropped-cropped-cropped-cropped-cropped-cropped-lmlogo-e1640691300821.jpg\",\"width\":72,\"height\":118,\"caption\":\"Lokalmagasinet.no\"},\"image\":{\"@id\":\"https:\\\/\\\/lokalmagasinet.no\\\/#\\\/schema\\\/logo\\\/image\\\/\"},\"sameAs\":[\"https:\\\/\\\/www.facebook.com\\\/sveinharald.strand.1\",\"https:\\\/\\\/x.com\\\/LMExtra\"]},{\"@type\":\"Person\",\"@id\":\"https:\\\/\\\/lokalmagasinet.no\\\/#\\\/schema\\\/person\\\/2e8d221708d3aaf6f577275b5bba4310\",\"name\":\"Svein-Harald Strand\",\"image\":{\"@type\":\"ImageObject\",\"inLanguage\":\"nn-NO\",\"@id\":\"https:\\\/\\\/secure.gravatar.com\\\/avatar\\\/c487434bdf6cd7c12e4a88877ae4b12c38d22b7ad64292b49d33ed7503bb7ce1?s=96&d=mm&r=g\",\"url\":\"https:\\\/\\\/secure.gravatar.com\\\/avatar\\\/c487434bdf6cd7c12e4a88877ae4b12c38d22b7ad64292b49d33ed7503bb7ce1?s=96&d=mm&r=g\",\"contentUrl\":\"https:\\\/\\\/secure.gravatar.com\\\/avatar\\\/c487434bdf6cd7c12e4a88877ae4b12c38d22b7ad64292b49d33ed7503bb7ce1?s=96&d=mm&r=g\",\"caption\":\"Svein-Harald Strand\"},\"description\":\"(F. 26.12.1945) Redakt\u00f8r, journalist og informasjonsarbeider siden 1968. ||| I 1963: Redaksjonell praktikant i 8 m\u00e5neder p\u00e5 full tid i Helgeland Arbeiderblad i hjembyen Mosj\u00f8en. ||| Arbeidende pensjonist med hjemmekontor fra 2008 (AFP) og videre som folkepensjonist til n\u00e5.\",\"sameAs\":[\"https:\\\/\\\/lokalmagasinet.no\\\/\",\"https:\\\/\\\/www.facebook.com\\\/sveinharald.strand.1\",\"https:\\\/\\\/x.com\\\/LMExtra\"],\"url\":\"https:\\\/\\\/lokalmagasinet.no\\\/?author=6\"}]}<\/script>\n<!-- \/ Yoast SEO plugin. -->","yoast_head_json":{"title":"P\u00e5 jordet om \u00d8rajordet | Lokalmagasinet.no","robots":{"index":"index","follow":"follow","max-snippet":"max-snippet:-1","max-image-preview":"max-image-preview:large","max-video-preview":"max-video-preview:-1"},"canonical":"https:\/\/lokalmagasinet.no\/?p=24880","og_locale":"nn_NO","og_type":"article","og_title":"P\u00e5 jordet om \u00d8rajordet | Lokalmagasinet.no","og_description":"(Publisert 01.09.2024, endret 02.09.2024) (Kommentar: Svein-H. Strand) IGJEN er et forslag om utbygging av \u00d8rajordet i Son som boligfelt lagt fram. Planer for dette har v\u00e6rt lansert og blitt nedstemt ... Les merP\u00e5 jordet om \u00d8rajordet","og_url":"https:\/\/lokalmagasinet.no\/?p=24880","og_site_name":"Lokalmagasinet.no","article_publisher":"https:\/\/www.facebook.com\/sveinharald.strand.1","article_author":"https:\/\/www.facebook.com\/sveinharald.strand.1","article_published_time":"2024-09-01T20:49:42+00:00","article_modified_time":"2024-09-03T08:56:01+00:00","og_image":[{"url":"https:\/\/lokalmagasinet.no\/wp-content\/uploads\/2021\/03\/cropped-cropped-cropped-cropped-cropped-cropped-lmlogo-e1640691300821.jpg","type":"","width":"","height":""}],"author":"Svein-Harald Strand","twitter_card":"summary_large_image","twitter_creator":"@LMExtra","twitter_site":"@LMExtra","twitter_misc":{"Written by":"Svein-Harald Strand","Est. reading time":"3 minutt"},"schema":{"@context":"https:\/\/schema.org","@graph":[{"@type":"Article","@id":"https:\/\/lokalmagasinet.no\/?p=24880#article","isPartOf":{"@id":"https:\/\/lokalmagasinet.no\/?p=24880"},"author":{"name":"Svein-Harald Strand","@id":"https:\/\/lokalmagasinet.no\/#\/schema\/person\/2e8d221708d3aaf6f577275b5bba4310"},"headline":"P\u00e5 jordet om \u00d8rajordet","datePublished":"2024-09-01T20:49:42+00:00","dateModified":"2024-09-03T08:56:01+00:00","mainEntityOfPage":{"@id":"https:\/\/lokalmagasinet.no\/?p=24880"},"wordCount":646,"publisher":{"@id":"https:\/\/lokalmagasinet.no\/#organization"},"image":{"@id":"https:\/\/lokalmagasinet.no\/?p=24880#primaryimage"},"thumbnailUrl":"https:\/\/lokalmagasinet.no\/wp-content\/uploads\/2021\/03\/cropped-cropped-cropped-cropped-cropped-cropped-lmlogo-e1640691300821.jpg","articleSection":["Aktuelt"],"inLanguage":"nn-NO"},{"@type":"WebPage","@id":"https:\/\/lokalmagasinet.no\/?p=24880","url":"https:\/\/lokalmagasinet.no\/?p=24880","name":"P\u00e5 jordet om \u00d8rajordet | Lokalmagasinet.no","isPartOf":{"@id":"https:\/\/lokalmagasinet.no\/#website"},"primaryImageOfPage":{"@id":"https:\/\/lokalmagasinet.no\/?p=24880#primaryimage"},"image":{"@id":"https:\/\/lokalmagasinet.no\/?p=24880#primaryimage"},"thumbnailUrl":"https:\/\/lokalmagasinet.no\/wp-content\/uploads\/2021\/03\/cropped-cropped-cropped-cropped-cropped-cropped-lmlogo-e1640691300821.jpg","datePublished":"2024-09-01T20:49:42+00:00","dateModified":"2024-09-03T08:56:01+00:00","breadcrumb":{"@id":"https:\/\/lokalmagasinet.no\/?p=24880#breadcrumb"},"inLanguage":"nn-NO","potentialAction":[{"@type":"ReadAction","target":["https:\/\/lokalmagasinet.no\/?p=24880"]}]},{"@type":"ImageObject","inLanguage":"nn-NO","@id":"https:\/\/lokalmagasinet.no\/?p=24880#primaryimage","url":"https:\/\/lokalmagasinet.no\/wp-content\/uploads\/2021\/03\/cropped-cropped-cropped-cropped-cropped-cropped-lmlogo-e1640691300821.jpg","contentUrl":"https:\/\/lokalmagasinet.no\/wp-content\/uploads\/2021\/03\/cropped-cropped-cropped-cropped-cropped-cropped-lmlogo-e1640691300821.jpg","width":72,"height":118},{"@type":"BreadcrumbList","@id":"https:\/\/lokalmagasinet.no\/?p=24880#breadcrumb","itemListElement":[{"@type":"ListItem","position":1,"name":"Hjem","item":"https:\/\/lokalmagasinet.no\/"},{"@type":"ListItem","position":2,"name":"P\u00e5 jordet om \u00d8rajordet"}]},{"@type":"WebSite","@id":"https:\/\/lokalmagasinet.no\/#website","url":"https:\/\/lokalmagasinet.no\/","name":"Lokalmagasinet.no","description":"Fra fortid og n\u00e5tid. Med st\u00e5sted i det n\u00e6re. Siden 2002.","publisher":{"@id":"https:\/\/lokalmagasinet.no\/#organization"},"potentialAction":[{"@type":"SearchAction","target":{"@type":"EntryPoint","urlTemplate":"https:\/\/lokalmagasinet.no\/?s={search_term_string}"},"query-input":{"@type":"PropertyValueSpecification","valueRequired":true,"valueName":"search_term_string"}}],"inLanguage":"nn-NO"},{"@type":"Organization","@id":"https:\/\/lokalmagasinet.no\/#organization","name":"Lokalmagasinet.no","url":"https:\/\/lokalmagasinet.no\/","logo":{"@type":"ImageObject","inLanguage":"nn-NO","@id":"https:\/\/lokalmagasinet.no\/#\/schema\/logo\/image\/","url":"https:\/\/lokalmagasinet.no\/wp-content\/uploads\/2021\/03\/cropped-cropped-cropped-cropped-cropped-cropped-lmlogo-e1640691300821.jpg","contentUrl":"https:\/\/lokalmagasinet.no\/wp-content\/uploads\/2021\/03\/cropped-cropped-cropped-cropped-cropped-cropped-lmlogo-e1640691300821.jpg","width":72,"height":118,"caption":"Lokalmagasinet.no"},"image":{"@id":"https:\/\/lokalmagasinet.no\/#\/schema\/logo\/image\/"},"sameAs":["https:\/\/www.facebook.com\/sveinharald.strand.1","https:\/\/x.com\/LMExtra"]},{"@type":"Person","@id":"https:\/\/lokalmagasinet.no\/#\/schema\/person\/2e8d221708d3aaf6f577275b5bba4310","name":"Svein-Harald Strand","image":{"@type":"ImageObject","inLanguage":"nn-NO","@id":"https:\/\/secure.gravatar.com\/avatar\/c487434bdf6cd7c12e4a88877ae4b12c38d22b7ad64292b49d33ed7503bb7ce1?s=96&d=mm&r=g","url":"https:\/\/secure.gravatar.com\/avatar\/c487434bdf6cd7c12e4a88877ae4b12c38d22b7ad64292b49d33ed7503bb7ce1?s=96&d=mm&r=g","contentUrl":"https:\/\/secure.gravatar.com\/avatar\/c487434bdf6cd7c12e4a88877ae4b12c38d22b7ad64292b49d33ed7503bb7ce1?s=96&d=mm&r=g","caption":"Svein-Harald Strand"},"description":"(F. 26.12.1945) Redakt\u00f8r, journalist og informasjonsarbeider siden 1968. ||| I 1963: Redaksjonell praktikant i 8 m\u00e5neder p\u00e5 full tid i Helgeland Arbeiderblad i hjembyen Mosj\u00f8en. ||| Arbeidende pensjonist med hjemmekontor fra 2008 (AFP) og videre som folkepensjonist til n\u00e5.","sameAs":["https:\/\/lokalmagasinet.no\/","https:\/\/www.facebook.com\/sveinharald.strand.1","https:\/\/x.com\/LMExtra"],"url":"https:\/\/lokalmagasinet.no\/?author=6"}]}},"_links":{"self":[{"href":"https:\/\/lokalmagasinet.no\/index.php?rest_route=\/wp\/v2\/posts\/24880","targetHints":{"allow":["GET"]}}],"collection":[{"href":"https:\/\/lokalmagasinet.no\/index.php?rest_route=\/wp\/v2\/posts"}],"about":[{"href":"https:\/\/lokalmagasinet.no\/index.php?rest_route=\/wp\/v2\/types\/post"}],"author":[{"embeddable":true,"href":"https:\/\/lokalmagasinet.no\/index.php?rest_route=\/wp\/v2\/users\/6"}],"replies":[{"embeddable":true,"href":"https:\/\/lokalmagasinet.no\/index.php?rest_route=%2Fwp%2Fv2%2Fcomments&post=24880"}],"version-history":[{"count":10,"href":"https:\/\/lokalmagasinet.no\/index.php?rest_route=\/wp\/v2\/posts\/24880\/revisions"}],"predecessor-version":[{"id":24899,"href":"https:\/\/lokalmagasinet.no\/index.php?rest_route=\/wp\/v2\/posts\/24880\/revisions\/24899"}],"wp:attachment":[{"href":"https:\/\/lokalmagasinet.no\/index.php?rest_route=%2Fwp%2Fv2%2Fmedia&parent=24880"}],"wp:term":[{"taxonomy":"category","embeddable":true,"href":"https:\/\/lokalmagasinet.no\/index.php?rest_route=%2Fwp%2Fv2%2Fcategories&post=24880"},{"taxonomy":"post_tag","embeddable":true,"href":"https:\/\/lokalmagasinet.no\/index.php?rest_route=%2Fwp%2Fv2%2Ftags&post=24880"}],"curies":[{"name":"wp","href":"https:\/\/api.w.org\/{rel}","templated":true}]}}