{"id":25043,"date":"2024-09-09T16:24:05","date_gmt":"2024-09-09T14:24:05","guid":{"rendered":"https:\/\/lokalmagasinet.no\/?p=25043"},"modified":"2024-09-09T22:30:44","modified_gmt":"2024-09-09T20:30:44","slug":"to-kvinner-star-fram-i-ludvigsen-saken","status":"publish","type":"post","link":"https:\/\/lokalmagasinet.no\/?p=25043","title":{"rendered":"To kvinner st\u00e5r fram i Ludvigsen-saken"},"content":{"rendered":"<div class=\"media-top-relation article--c-PJLV article--c-PJLV-jUxSzN-cv article--c-PJLV-jcQkYo-cv \">\n<div class=\"amedia-image-wrap article--c-jSaLvY article--c-jSaLvY-ktTmaa-isTopImage-true article--c-jSaLvY-hAZEyi-cv article--c-jSaLvY-drPtda-cv\">\n<figure>\n<div class=\"article-image-wrap\"><img loading=\"lazy\" decoding=\"async\" class=\"size-full wp-image-23041 alignleft\" src=\"https:\/\/lokalmagasinet.no\/wp-content\/uploads\/2021\/03\/cropped-cropped-cropped-cropped-cropped-cropped-lmlogo-e1640691300821.jpg\" alt=\"\" width=\"72\" height=\"118\" \/>(Publisert 09.09.2024) <strong>To kvinner st\u00e5r n\u00e5 fram i varslingssaken mot Vestby-ordf\u00f8rer Tom Anders Ludvigsen. Og rapporten fra advokatfirmaet Hjort fastsl\u00e5r, if\u00f8lge Vestby Avis, i flere punkter at ordf\u00f8reren har brutt kommunens etiske regler.<\/strong><\/div>\n<\/figure>\n<\/div>\n<\/div>\n<div class=\"body-text article--c-cmpvrW article--c-cmpvrW-kSfkLy-cv\" data-content=\"body-text\">\n<div class=\"article--c-hkHMHp article--c-hkHMHp-klqYQS-design-default article--c-hkHMHp-gJPCve-cv article-body\">\n<p>Som fortalt i LM l\u00f8rdag, startet det i v\u00e5res med at H\u00f8yres gruppeleder \u00c5shild Fagerjord sendte et varsel mot ordf\u00f8reren. Fordi han kysset henne p\u00e5 panna ute i gangen etter kommunestyrets mars-m\u00f8te.<\/p>\n<p>Nylig ble det sendt et nytt varsel &#8211; n\u00e5 fra fire Vestby-politikere med ulik partitilknytning. To av dem sto i g\u00e5r fram i Vestby Avis som varslere i denne siste saken.<\/p>\n<p>De to er innvalgt i kommunestyret fra partier som har en samarbeidsavtale med Arbeiderpartiet. De sitter alts\u00e5 i posisjon med Ludvigsen etter fjor\u00e5rets kommunestyrevalg.<\/p>\n<p><strong>Tone Skretting (Sp) varslet om tidligere hendelser, Karen Moe M\u00f8llerop (MDG) om en episode hun har v\u00e6rt vitne til.<\/strong><\/p>\n<p>\u2013 Jeg velger \u00e5 st\u00e5 fram som en av varslerne. Men det handler ikke om meg som person, understreker Tone Skretting til VA.<\/p>\n<\/div>\n<\/div>\n<p>\u2013 Dette er ingen hyggelig sak \u00e5 v\u00e6re involvert i. Jeg har hatt mye \u00e5 tenke p\u00e5. Men situasjonen er viktigere enn meg som person. Det stemmer at Ludvigsens oppf\u00f8rsel har v\u00e6rt et problem flere ganger tidligere. Mange har har sagt ifra p\u00e5 ulike m\u00e5ter &#8211; uten at det har skjedd en varig endring. Da jeg fikk h\u00f8re hva de har opplevd, s\u00e5 tenkte jeg at det er p\u00e5 tide at jeg selv sier ifra, sier Skretting til avisa.<\/p>\n<p>Og Karen Moe M\u00f8llerop sier:<\/p>\n<p>\u2013 Vi er fire mennesker som synes at det n\u00e5 m\u00e5tte varsles &#8211; og p\u00e5 en formell, riktig m\u00e5te. Vi mangler rutiner og retningslinjer for \u00e5 varsle om hendelser mellom folkevalgte i kommunen. S\u00e5 det har ogs\u00e5 v\u00e6rt viktig \u00e5 f\u00e5 dette belyst gjennom en slik prosess.<\/p>\n<p style=\"text-align: center;\"><strong>ORDF\u00d8REREN VAR TILH\u00d8RER I KONTROLLUTVALGET<\/strong><\/p>\n<p>Kontrollutvalget hadde m\u00f8te sist torsdag &#8211; med ordf\u00f8reren som tilh\u00f8rer &#8211; der man gikk gjennom advokatrapporten. Utvalget skulle ikke ta stilling til selve innholdet, men sette seg inn i det og oversende rapporten til kommunestyret.<\/p>\n<p>ETTER M\u00d8TET sa Ludvigsen til Vestby Avis at varslingssakene var &laquo;politisk motivert&raquo;, og at det har v\u00e6rt belastende for ham og hans familie.<\/p>\n<p><strong>Han stilte ogs\u00e5 sp\u00f8rsm\u00e5l ved pengebruken da kontrollutvalget satte et eksternt advokatfirma p\u00e5 saken.<\/strong><\/p>\n<p>Tone Skretting synes det er patetisk av ordf\u00f8reren \u00e5 flytte oppmerksomheten bort fra det saken egentlig handler om &#8211; og \u00e5 bagatellisere hvor alvorlig det hele er.<\/p>\n<p><strong>&#8211; Det har sikkert v\u00e6rt en belastning for ham, men ogs\u00e5 for folk som har v\u00e6rt utsatt for hans oppf\u00f8rsel. Og han har selv satt seg i denne situasjonen, tilf\u00f8yer Skretting til Vestby Avis.<\/strong><\/p>\n<p>Ludvigsen og advokat Erling H\u00f8yte har f\u00e5tt se og lese kritikken i saken, men har ikke svart p\u00e5 henvendelser fra Vestby Avis. I tidligere saker om varslene har H\u00f8yte forklart at Ludvigsen har <em>&laquo;lagt seg p\u00e5 en linje der han ikke kommenterer noe forel\u00f8pig.&raquo;<\/em><\/p>\n<p>Men Skretting og M\u00f8llerop har merket seg Ludvigsens uttalelse om at det hele er politisk motivert.<\/p>\n<p style=\"text-align: center;\">&#8211; SYSTEMATISK KRITIKKVERDIG ADFERD<\/p>\n<p>\u2013 Dette handler om en systematisk kritikkverdig adferd overfor kvinnelige folkevalgte. Det er h\u00e5rreisende at Ludvigsen pr\u00f8ver \u00e5 gj\u00f8re dette til en partipolitisk sak. Jeg og Tone er representanter for partier som samarbeider med ordf\u00f8reren og hans parti i kommunestyret. Varslingene mot ham har ingenting med partipolitikk \u00e5 gj\u00f8re, dette g\u00e5r p\u00e5 en oppf\u00f8rsel som ikke h\u00f8rer noen sted hjemme, understreker Karen Moe M\u00f8llerop.<\/p>\n<p>Tone Skretting rister ogs\u00e5 p\u00e5 hodet n\u00e5r begrepet \u00abpolitisk motivert\u00bb svirrer i lufta:<\/p>\n<p>\u2013 Vi som har varslet kommer fra ulike partier p\u00e5 tvers av politiske allianser. Jeg er for eksempel uenig med \u00c5shild Fagerjord og H\u00f8yre i mange saker. Men dette handler om mennesker og det \u00e5 skape et godt arbeidsklima i kommunestyret som ogs\u00e5 gir trygghet for kvinnelige politikere.<\/p>\n<p>M\u00f8llerop og Skretting er forn\u00f8yde med at kontrollutvalget bestilte oppdraget hos et eksternt advokatfirma. Dette selv om b\u00e5de Ludvigsen og andre har sagt at kommunens faste advokater kunne f\u00e5tt oppdraget.<\/p>\n<p>\u2013 De som jobber i ulike funksjoner for kommunen er en del av et helhetlig samspill. Det kan bli tette b\u00e5nd og mulighet for p\u00e5virkning. Det er fornuftig \u00e5 f\u00e5 en ekstern part til \u00e5 se p\u00e5 slike saker. Det gir en trygghet &#8211; b\u00e5de for den som varsler og den som det varsles mot, poengterer Tone Skretting.<\/p>\n<p>Hun f\u00e5r st\u00f8tte av Karen Moe M\u00f8llerop:<\/p>\n<p>\u2013 Vi er lettet over at kontrollutvalget har tatt dette p\u00e5 alvor. Jeg forst\u00e5r at utvalget har brukt eksterne granskere fordi kommunen selv ikke har tilgang til den juridiske kompetansen som trengs for \u00e5 greie ut disse sp\u00f8rsm\u00e5lene.<\/p>\n<p><em>\u00abAlle varslerne har sagt helt klart at dette ikke handler om ulovligheter som for eksempel seksuell trakassering, det dreier seg om hersketeknikker\u00bb<\/em>, sa Ludvigsen til Vestby Avis etter m\u00f8tet i kontrollutvalget der han alts\u00e5 selv var tilh\u00f8rer.<\/p>\n<p>\u2013 Dette er helt feil, sier Karen Moe M\u00f8llerop til VA og tilf\u00f8yer:<\/p>\n<p>\u2013 Det ordf\u00f8reren sier er en feilsitering av det som st\u00e5r i rapporten! Vi har beskrevet <em>hendelsesforl\u00f8pet<\/em> i de ulike episodene, men <em>har ikke sagt<\/em> <em>at vi mener det ikke er trakassering<\/em>. Advokaten skriver <em>at de ikke har hatt grunnlag for \u00e5 vurdere<\/em> om dette kan betegnes som trakassering eller seksuell trakassering. Det betyr jo ikke at det ikke kan v\u00e6re snakk om trakassering!<\/p>\n<p>Moe M\u00f8llerop avslutter:<\/p>\n<p>\u2013 En ordf\u00f8rer er kommunens \u00f8verste ombudsperson, med ansvar for at det er respekt og tillit som preger folkevalgte organer. Det er trist at dette tar tid og oppmerksomhet bort fra de politiske sakene. Samtidig er det en alvorlig sak som m\u00e5 behandles skikkelig. Dette handler om tilliten til lokaldemokratiet v\u00e5rt.<\/p>\n<p>Views: 100<\/p>","protected":false},"excerpt":{"rendered":"<p>(Publisert 09.09.2024) To kvinner st\u00e5r n\u00e5 fram i varslingssaken mot Vestby-ordf\u00f8rer Tom Anders Ludvigsen. Og rapporten fra advokatfirmaet Hjort fastsl\u00e5r, if\u00f8lge Vestby Avis, i flere punkter at ordf\u00f8reren har brutt &#8230; <\/p>\n<p class=\"read-more-container\"><a title=\"To kvinner st\u00e5r fram i Ludvigsen-saken\" class=\"read-more button\" href=\"https:\/\/lokalmagasinet.no\/?p=25043#more-25043\">Les mer<span class=\"screen-reader-text\">To kvinner st\u00e5r fram i Ludvigsen-saken<\/span><\/a><\/p>\n","protected":false},"author":6,"featured_media":0,"comment_status":"closed","ping_status":"closed","sticky":false,"template":"","format":"standard","meta":{"footnotes":""},"categories":[1,81],"tags":[],"class_list":["post-25043","post","type-post","status-publish","format-standard","hentry","category-aktuelt","category-lokalpolitikk"],"yoast_head":"<!-- This site is optimized with the Yoast SEO plugin v27.4 - https:\/\/yoast.com\/product\/yoast-seo-wordpress\/ -->\n<title>To kvinner st\u00e5r fram i Ludvigsen-saken | Lokalmagasinet.no<\/title>\n<meta name=\"robots\" content=\"index, follow, max-snippet:-1, max-image-preview:large, max-video-preview:-1\" \/>\n<link rel=\"canonical\" href=\"https:\/\/lokalmagasinet.no\/?p=25043\" \/>\n<meta property=\"og:locale\" content=\"nn_NO\" \/>\n<meta property=\"og:type\" content=\"article\" \/>\n<meta property=\"og:title\" content=\"To kvinner st\u00e5r fram i Ludvigsen-saken | Lokalmagasinet.no\" \/>\n<meta property=\"og:description\" content=\"(Publisert 09.09.2024) To kvinner st\u00e5r n\u00e5 fram i varslingssaken mot Vestby-ordf\u00f8rer Tom Anders Ludvigsen. Og rapporten fra advokatfirmaet Hjort fastsl\u00e5r, if\u00f8lge Vestby Avis, i flere punkter at ordf\u00f8reren har brutt ... Les merTo kvinner st\u00e5r fram i Ludvigsen-saken\" \/>\n<meta property=\"og:url\" content=\"https:\/\/lokalmagasinet.no\/?p=25043\" \/>\n<meta property=\"og:site_name\" content=\"Lokalmagasinet.no\" \/>\n<meta property=\"article:publisher\" content=\"https:\/\/www.facebook.com\/sveinharald.strand.1\" \/>\n<meta property=\"article:author\" content=\"https:\/\/www.facebook.com\/sveinharald.strand.1\" \/>\n<meta property=\"article:published_time\" content=\"2024-09-09T14:24:05+00:00\" \/>\n<meta property=\"article:modified_time\" content=\"2024-09-09T20:30:44+00:00\" \/>\n<meta property=\"og:image\" content=\"https:\/\/lokalmagasinet.no\/wp-content\/uploads\/2021\/03\/cropped-cropped-cropped-cropped-cropped-cropped-lmlogo-e1640691300821.jpg\" \/>\n<meta name=\"author\" content=\"Svein-Harald Strand\" \/>\n<meta name=\"twitter:card\" content=\"summary_large_image\" \/>\n<meta name=\"twitter:creator\" content=\"@LMExtra\" \/>\n<meta name=\"twitter:site\" content=\"@LMExtra\" \/>\n<meta name=\"twitter:label1\" content=\"Written by\" \/>\n\t<meta name=\"twitter:data1\" content=\"Svein-Harald Strand\" \/>\n\t<meta name=\"twitter:label2\" content=\"Est. reading time\" \/>\n\t<meta name=\"twitter:data2\" content=\"5 minutt\" \/>\n<script type=\"application\/ld+json\" class=\"yoast-schema-graph\">{\"@context\":\"https:\\\/\\\/schema.org\",\"@graph\":[{\"@type\":\"Article\",\"@id\":\"https:\\\/\\\/lokalmagasinet.no\\\/?p=25043#article\",\"isPartOf\":{\"@id\":\"https:\\\/\\\/lokalmagasinet.no\\\/?p=25043\"},\"author\":{\"name\":\"Svein-Harald Strand\",\"@id\":\"https:\\\/\\\/lokalmagasinet.no\\\/#\\\/schema\\\/person\\\/2e8d221708d3aaf6f577275b5bba4310\"},\"headline\":\"To kvinner st\u00e5r fram i Ludvigsen-saken\",\"datePublished\":\"2024-09-09T14:24:05+00:00\",\"dateModified\":\"2024-09-09T20:30:44+00:00\",\"mainEntityOfPage\":{\"@id\":\"https:\\\/\\\/lokalmagasinet.no\\\/?p=25043\"},\"wordCount\":980,\"publisher\":{\"@id\":\"https:\\\/\\\/lokalmagasinet.no\\\/#organization\"},\"image\":{\"@id\":\"https:\\\/\\\/lokalmagasinet.no\\\/?p=25043#primaryimage\"},\"thumbnailUrl\":\"https:\\\/\\\/lokalmagasinet.no\\\/wp-content\\\/uploads\\\/2021\\\/03\\\/cropped-cropped-cropped-cropped-cropped-cropped-lmlogo-e1640691300821.jpg\",\"articleSection\":[\"Aktuelt\",\"Lokalpolitikk\"],\"inLanguage\":\"nn-NO\"},{\"@type\":\"WebPage\",\"@id\":\"https:\\\/\\\/lokalmagasinet.no\\\/?p=25043\",\"url\":\"https:\\\/\\\/lokalmagasinet.no\\\/?p=25043\",\"name\":\"To kvinner st\u00e5r fram i Ludvigsen-saken | Lokalmagasinet.no\",\"isPartOf\":{\"@id\":\"https:\\\/\\\/lokalmagasinet.no\\\/#website\"},\"primaryImageOfPage\":{\"@id\":\"https:\\\/\\\/lokalmagasinet.no\\\/?p=25043#primaryimage\"},\"image\":{\"@id\":\"https:\\\/\\\/lokalmagasinet.no\\\/?p=25043#primaryimage\"},\"thumbnailUrl\":\"https:\\\/\\\/lokalmagasinet.no\\\/wp-content\\\/uploads\\\/2021\\\/03\\\/cropped-cropped-cropped-cropped-cropped-cropped-lmlogo-e1640691300821.jpg\",\"datePublished\":\"2024-09-09T14:24:05+00:00\",\"dateModified\":\"2024-09-09T20:30:44+00:00\",\"breadcrumb\":{\"@id\":\"https:\\\/\\\/lokalmagasinet.no\\\/?p=25043#breadcrumb\"},\"inLanguage\":\"nn-NO\",\"potentialAction\":[{\"@type\":\"ReadAction\",\"target\":[\"https:\\\/\\\/lokalmagasinet.no\\\/?p=25043\"]}]},{\"@type\":\"ImageObject\",\"inLanguage\":\"nn-NO\",\"@id\":\"https:\\\/\\\/lokalmagasinet.no\\\/?p=25043#primaryimage\",\"url\":\"https:\\\/\\\/lokalmagasinet.no\\\/wp-content\\\/uploads\\\/2021\\\/03\\\/cropped-cropped-cropped-cropped-cropped-cropped-lmlogo-e1640691300821.jpg\",\"contentUrl\":\"https:\\\/\\\/lokalmagasinet.no\\\/wp-content\\\/uploads\\\/2021\\\/03\\\/cropped-cropped-cropped-cropped-cropped-cropped-lmlogo-e1640691300821.jpg\",\"width\":72,\"height\":118},{\"@type\":\"BreadcrumbList\",\"@id\":\"https:\\\/\\\/lokalmagasinet.no\\\/?p=25043#breadcrumb\",\"itemListElement\":[{\"@type\":\"ListItem\",\"position\":1,\"name\":\"Hjem\",\"item\":\"https:\\\/\\\/lokalmagasinet.no\\\/\"},{\"@type\":\"ListItem\",\"position\":2,\"name\":\"To kvinner st\u00e5r fram i Ludvigsen-saken\"}]},{\"@type\":\"WebSite\",\"@id\":\"https:\\\/\\\/lokalmagasinet.no\\\/#website\",\"url\":\"https:\\\/\\\/lokalmagasinet.no\\\/\",\"name\":\"Lokalmagasinet.no\",\"description\":\"Fra fortid og n\u00e5tid. Med st\u00e5sted i det n\u00e6re. Siden 2002.\",\"publisher\":{\"@id\":\"https:\\\/\\\/lokalmagasinet.no\\\/#organization\"},\"potentialAction\":[{\"@type\":\"SearchAction\",\"target\":{\"@type\":\"EntryPoint\",\"urlTemplate\":\"https:\\\/\\\/lokalmagasinet.no\\\/?s={search_term_string}\"},\"query-input\":{\"@type\":\"PropertyValueSpecification\",\"valueRequired\":true,\"valueName\":\"search_term_string\"}}],\"inLanguage\":\"nn-NO\"},{\"@type\":\"Organization\",\"@id\":\"https:\\\/\\\/lokalmagasinet.no\\\/#organization\",\"name\":\"Lokalmagasinet.no\",\"url\":\"https:\\\/\\\/lokalmagasinet.no\\\/\",\"logo\":{\"@type\":\"ImageObject\",\"inLanguage\":\"nn-NO\",\"@id\":\"https:\\\/\\\/lokalmagasinet.no\\\/#\\\/schema\\\/logo\\\/image\\\/\",\"url\":\"https:\\\/\\\/lokalmagasinet.no\\\/wp-content\\\/uploads\\\/2021\\\/03\\\/cropped-cropped-cropped-cropped-cropped-cropped-lmlogo-e1640691300821.jpg\",\"contentUrl\":\"https:\\\/\\\/lokalmagasinet.no\\\/wp-content\\\/uploads\\\/2021\\\/03\\\/cropped-cropped-cropped-cropped-cropped-cropped-lmlogo-e1640691300821.jpg\",\"width\":72,\"height\":118,\"caption\":\"Lokalmagasinet.no\"},\"image\":{\"@id\":\"https:\\\/\\\/lokalmagasinet.no\\\/#\\\/schema\\\/logo\\\/image\\\/\"},\"sameAs\":[\"https:\\\/\\\/www.facebook.com\\\/sveinharald.strand.1\",\"https:\\\/\\\/x.com\\\/LMExtra\"]},{\"@type\":\"Person\",\"@id\":\"https:\\\/\\\/lokalmagasinet.no\\\/#\\\/schema\\\/person\\\/2e8d221708d3aaf6f577275b5bba4310\",\"name\":\"Svein-Harald Strand\",\"image\":{\"@type\":\"ImageObject\",\"inLanguage\":\"nn-NO\",\"@id\":\"https:\\\/\\\/secure.gravatar.com\\\/avatar\\\/c487434bdf6cd7c12e4a88877ae4b12c38d22b7ad64292b49d33ed7503bb7ce1?s=96&d=mm&r=g\",\"url\":\"https:\\\/\\\/secure.gravatar.com\\\/avatar\\\/c487434bdf6cd7c12e4a88877ae4b12c38d22b7ad64292b49d33ed7503bb7ce1?s=96&d=mm&r=g\",\"contentUrl\":\"https:\\\/\\\/secure.gravatar.com\\\/avatar\\\/c487434bdf6cd7c12e4a88877ae4b12c38d22b7ad64292b49d33ed7503bb7ce1?s=96&d=mm&r=g\",\"caption\":\"Svein-Harald Strand\"},\"description\":\"(F. 26.12.1945) Redakt\u00f8r, journalist og informasjonsarbeider siden 1968. ||| I 1963: Redaksjonell praktikant i 8 m\u00e5neder p\u00e5 full tid i Helgeland Arbeiderblad i hjembyen Mosj\u00f8en. ||| Arbeidende pensjonist med hjemmekontor fra 2008 (AFP) og videre som folkepensjonist til n\u00e5.\",\"sameAs\":[\"https:\\\/\\\/lokalmagasinet.no\\\/\",\"https:\\\/\\\/www.facebook.com\\\/sveinharald.strand.1\",\"https:\\\/\\\/x.com\\\/LMExtra\"],\"url\":\"https:\\\/\\\/lokalmagasinet.no\\\/?author=6\"}]}<\/script>\n<!-- \/ Yoast SEO plugin. -->","yoast_head_json":{"title":"To kvinner st\u00e5r fram i Ludvigsen-saken | Lokalmagasinet.no","robots":{"index":"index","follow":"follow","max-snippet":"max-snippet:-1","max-image-preview":"max-image-preview:large","max-video-preview":"max-video-preview:-1"},"canonical":"https:\/\/lokalmagasinet.no\/?p=25043","og_locale":"nn_NO","og_type":"article","og_title":"To kvinner st\u00e5r fram i Ludvigsen-saken | Lokalmagasinet.no","og_description":"(Publisert 09.09.2024) To kvinner st\u00e5r n\u00e5 fram i varslingssaken mot Vestby-ordf\u00f8rer Tom Anders Ludvigsen. Og rapporten fra advokatfirmaet Hjort fastsl\u00e5r, if\u00f8lge Vestby Avis, i flere punkter at ordf\u00f8reren har brutt ... Les merTo kvinner st\u00e5r fram i Ludvigsen-saken","og_url":"https:\/\/lokalmagasinet.no\/?p=25043","og_site_name":"Lokalmagasinet.no","article_publisher":"https:\/\/www.facebook.com\/sveinharald.strand.1","article_author":"https:\/\/www.facebook.com\/sveinharald.strand.1","article_published_time":"2024-09-09T14:24:05+00:00","article_modified_time":"2024-09-09T20:30:44+00:00","og_image":[{"url":"https:\/\/lokalmagasinet.no\/wp-content\/uploads\/2021\/03\/cropped-cropped-cropped-cropped-cropped-cropped-lmlogo-e1640691300821.jpg","type":"","width":"","height":""}],"author":"Svein-Harald Strand","twitter_card":"summary_large_image","twitter_creator":"@LMExtra","twitter_site":"@LMExtra","twitter_misc":{"Written by":"Svein-Harald Strand","Est. reading time":"5 minutt"},"schema":{"@context":"https:\/\/schema.org","@graph":[{"@type":"Article","@id":"https:\/\/lokalmagasinet.no\/?p=25043#article","isPartOf":{"@id":"https:\/\/lokalmagasinet.no\/?p=25043"},"author":{"name":"Svein-Harald Strand","@id":"https:\/\/lokalmagasinet.no\/#\/schema\/person\/2e8d221708d3aaf6f577275b5bba4310"},"headline":"To kvinner st\u00e5r fram i Ludvigsen-saken","datePublished":"2024-09-09T14:24:05+00:00","dateModified":"2024-09-09T20:30:44+00:00","mainEntityOfPage":{"@id":"https:\/\/lokalmagasinet.no\/?p=25043"},"wordCount":980,"publisher":{"@id":"https:\/\/lokalmagasinet.no\/#organization"},"image":{"@id":"https:\/\/lokalmagasinet.no\/?p=25043#primaryimage"},"thumbnailUrl":"https:\/\/lokalmagasinet.no\/wp-content\/uploads\/2021\/03\/cropped-cropped-cropped-cropped-cropped-cropped-lmlogo-e1640691300821.jpg","articleSection":["Aktuelt","Lokalpolitikk"],"inLanguage":"nn-NO"},{"@type":"WebPage","@id":"https:\/\/lokalmagasinet.no\/?p=25043","url":"https:\/\/lokalmagasinet.no\/?p=25043","name":"To kvinner st\u00e5r fram i Ludvigsen-saken | Lokalmagasinet.no","isPartOf":{"@id":"https:\/\/lokalmagasinet.no\/#website"},"primaryImageOfPage":{"@id":"https:\/\/lokalmagasinet.no\/?p=25043#primaryimage"},"image":{"@id":"https:\/\/lokalmagasinet.no\/?p=25043#primaryimage"},"thumbnailUrl":"https:\/\/lokalmagasinet.no\/wp-content\/uploads\/2021\/03\/cropped-cropped-cropped-cropped-cropped-cropped-lmlogo-e1640691300821.jpg","datePublished":"2024-09-09T14:24:05+00:00","dateModified":"2024-09-09T20:30:44+00:00","breadcrumb":{"@id":"https:\/\/lokalmagasinet.no\/?p=25043#breadcrumb"},"inLanguage":"nn-NO","potentialAction":[{"@type":"ReadAction","target":["https:\/\/lokalmagasinet.no\/?p=25043"]}]},{"@type":"ImageObject","inLanguage":"nn-NO","@id":"https:\/\/lokalmagasinet.no\/?p=25043#primaryimage","url":"https:\/\/lokalmagasinet.no\/wp-content\/uploads\/2021\/03\/cropped-cropped-cropped-cropped-cropped-cropped-lmlogo-e1640691300821.jpg","contentUrl":"https:\/\/lokalmagasinet.no\/wp-content\/uploads\/2021\/03\/cropped-cropped-cropped-cropped-cropped-cropped-lmlogo-e1640691300821.jpg","width":72,"height":118},{"@type":"BreadcrumbList","@id":"https:\/\/lokalmagasinet.no\/?p=25043#breadcrumb","itemListElement":[{"@type":"ListItem","position":1,"name":"Hjem","item":"https:\/\/lokalmagasinet.no\/"},{"@type":"ListItem","position":2,"name":"To kvinner st\u00e5r fram i Ludvigsen-saken"}]},{"@type":"WebSite","@id":"https:\/\/lokalmagasinet.no\/#website","url":"https:\/\/lokalmagasinet.no\/","name":"Lokalmagasinet.no","description":"Fra fortid og n\u00e5tid. Med st\u00e5sted i det n\u00e6re. Siden 2002.","publisher":{"@id":"https:\/\/lokalmagasinet.no\/#organization"},"potentialAction":[{"@type":"SearchAction","target":{"@type":"EntryPoint","urlTemplate":"https:\/\/lokalmagasinet.no\/?s={search_term_string}"},"query-input":{"@type":"PropertyValueSpecification","valueRequired":true,"valueName":"search_term_string"}}],"inLanguage":"nn-NO"},{"@type":"Organization","@id":"https:\/\/lokalmagasinet.no\/#organization","name":"Lokalmagasinet.no","url":"https:\/\/lokalmagasinet.no\/","logo":{"@type":"ImageObject","inLanguage":"nn-NO","@id":"https:\/\/lokalmagasinet.no\/#\/schema\/logo\/image\/","url":"https:\/\/lokalmagasinet.no\/wp-content\/uploads\/2021\/03\/cropped-cropped-cropped-cropped-cropped-cropped-lmlogo-e1640691300821.jpg","contentUrl":"https:\/\/lokalmagasinet.no\/wp-content\/uploads\/2021\/03\/cropped-cropped-cropped-cropped-cropped-cropped-lmlogo-e1640691300821.jpg","width":72,"height":118,"caption":"Lokalmagasinet.no"},"image":{"@id":"https:\/\/lokalmagasinet.no\/#\/schema\/logo\/image\/"},"sameAs":["https:\/\/www.facebook.com\/sveinharald.strand.1","https:\/\/x.com\/LMExtra"]},{"@type":"Person","@id":"https:\/\/lokalmagasinet.no\/#\/schema\/person\/2e8d221708d3aaf6f577275b5bba4310","name":"Svein-Harald Strand","image":{"@type":"ImageObject","inLanguage":"nn-NO","@id":"https:\/\/secure.gravatar.com\/avatar\/c487434bdf6cd7c12e4a88877ae4b12c38d22b7ad64292b49d33ed7503bb7ce1?s=96&d=mm&r=g","url":"https:\/\/secure.gravatar.com\/avatar\/c487434bdf6cd7c12e4a88877ae4b12c38d22b7ad64292b49d33ed7503bb7ce1?s=96&d=mm&r=g","contentUrl":"https:\/\/secure.gravatar.com\/avatar\/c487434bdf6cd7c12e4a88877ae4b12c38d22b7ad64292b49d33ed7503bb7ce1?s=96&d=mm&r=g","caption":"Svein-Harald Strand"},"description":"(F. 26.12.1945) Redakt\u00f8r, journalist og informasjonsarbeider siden 1968. ||| I 1963: Redaksjonell praktikant i 8 m\u00e5neder p\u00e5 full tid i Helgeland Arbeiderblad i hjembyen Mosj\u00f8en. ||| Arbeidende pensjonist med hjemmekontor fra 2008 (AFP) og videre som folkepensjonist til n\u00e5.","sameAs":["https:\/\/lokalmagasinet.no\/","https:\/\/www.facebook.com\/sveinharald.strand.1","https:\/\/x.com\/LMExtra"],"url":"https:\/\/lokalmagasinet.no\/?author=6"}]}},"_links":{"self":[{"href":"https:\/\/lokalmagasinet.no\/index.php?rest_route=\/wp\/v2\/posts\/25043","targetHints":{"allow":["GET"]}}],"collection":[{"href":"https:\/\/lokalmagasinet.no\/index.php?rest_route=\/wp\/v2\/posts"}],"about":[{"href":"https:\/\/lokalmagasinet.no\/index.php?rest_route=\/wp\/v2\/types\/post"}],"author":[{"embeddable":true,"href":"https:\/\/lokalmagasinet.no\/index.php?rest_route=\/wp\/v2\/users\/6"}],"replies":[{"embeddable":true,"href":"https:\/\/lokalmagasinet.no\/index.php?rest_route=%2Fwp%2Fv2%2Fcomments&post=25043"}],"version-history":[{"count":26,"href":"https:\/\/lokalmagasinet.no\/index.php?rest_route=\/wp\/v2\/posts\/25043\/revisions"}],"predecessor-version":[{"id":25077,"href":"https:\/\/lokalmagasinet.no\/index.php?rest_route=\/wp\/v2\/posts\/25043\/revisions\/25077"}],"wp:attachment":[{"href":"https:\/\/lokalmagasinet.no\/index.php?rest_route=%2Fwp%2Fv2%2Fmedia&parent=25043"}],"wp:term":[{"taxonomy":"category","embeddable":true,"href":"https:\/\/lokalmagasinet.no\/index.php?rest_route=%2Fwp%2Fv2%2Fcategories&post=25043"},{"taxonomy":"post_tag","embeddable":true,"href":"https:\/\/lokalmagasinet.no\/index.php?rest_route=%2Fwp%2Fv2%2Ftags&post=25043"}],"curies":[{"name":"wp","href":"https:\/\/api.w.org\/{rel}","templated":true}]}}