{"id":25481,"date":"2025-01-20T16:11:52","date_gmt":"2025-01-20T15:11:52","guid":{"rendered":"https:\/\/lokalmagasinet.no\/?p=25481"},"modified":"2025-01-20T21:29:57","modified_gmt":"2025-01-20T20:29:57","slug":"trump-er-en-dypt-uvitende-mann","status":"publish","type":"post","link":"https:\/\/lokalmagasinet.no\/?p=25481","title":{"rendered":"&laquo;Trump er en dypt uvitende mann&raquo;"},"content":{"rendered":"<p><a href=\"https:\/\/lokalmagasinet.no\/wp-content\/uploads\/2021\/03\/cropped-cropped-cropped-cropped-cropped-cropped-lmlogo-e1640691300821.jpg\"><img loading=\"lazy\" decoding=\"async\" class=\"size-full wp-image-23041 alignleft\" src=\"https:\/\/lokalmagasinet.no\/wp-content\/uploads\/2021\/03\/cropped-cropped-cropped-cropped-cropped-cropped-lmlogo-e1640691300821.jpg\" alt=\"\" width=\"72\" height=\"118\" \/><\/a>(Publisert 20.01.25) (Kommentar) <strong>At USA har f\u00e5tt ny president i dag er p\u00e5 sett og vis en historisk dag ogs\u00e5 for mange andre land. Og &#8211; for \u00e5 si det mildt &#8211; det er langt mellom hurraropene. Ja, en kronikk i Forsvarets Forum er spekket med negative kommentarer. Om mannen Donald Trump personlig &#8211; og om selve hendelsen, som allerede i overskriften karakteriseres som &laquo;en amerikansk katastrofe&raquo;. <\/strong><\/p>\n<p>HER ER NOEN UTDRAG fra kronikken til <span class=\"firstname \">Jan T.<\/span> <span class=\"lastname \">Gross, oversatt til norsk for Forsvarets Forum.<\/span><em> Gross er p<span class=\"description \">rofessor emeritus i krig og samfunn og professor emeritus i historie ved Princeton University.<\/span><\/em><strong><br \/>\n<\/strong><\/p>\n<div class=\"articleHeader column image_gradient_opacity-20 color_mobile_image_gradient_opacity-20 hasCaption\" data-element-guid=\"41e93ab1-fde7-4c1d-dfa3-7a534c3a989a\">\n<div class=\"media\">\n<figure class=\"headerImage\" data-element-guid=\"48d4ea98-1867-4134-85b6-caa75c0058d5\">\n<div class=\"img fullwidthTarget\"><picture><source srcset=\"https:\/\/image.forsvaretsforum.no\/418217.webp?imageId=418217&amp;x=0.00&amp;y=0.00&amp;cropw=100.00&amp;croph=100.00&amp;width=2116&amp;height=1418&amp;format=webp\" type=\"image\/webp\" media=\"(min-width: 768px)\" \/><source srcset=\"https:\/\/image.forsvaretsforum.no\/418217.webp?imageId=418217&amp;x=0.00&amp;y=0.00&amp;cropw=100.00&amp;croph=100.00&amp;width=2116&amp;height=1418&amp;format=jpg\" type=\"image\/jpeg\" media=\"(min-width: 768px)\" \/><source srcset=\"https:\/\/image.forsvaretsforum.no\/418217.webp?imageId=418217&amp;x=0.00&amp;y=0.00&amp;cropw=100.00&amp;croph=100.00&amp;width=960&amp;height=644&amp;format=webp\" type=\"image\/webp\" media=\"(max-width: 767px)\" \/><source srcset=\"https:\/\/image.forsvaretsforum.no\/418217.webp?imageId=418217&amp;x=0.00&amp;y=0.00&amp;cropw=100.00&amp;croph=100.00&amp;width=960&amp;height=644&amp;format=jpg\" type=\"image\/jpeg\" media=\"(max-width: 767px)\" \/><img loading=\"lazy\" decoding=\"async\" title=\"INNSETTES: Mandag 20. januar innsettes Donald Trump som amerikanernes president for andre gang. Illustrasjonsfoto fra en pressekonferanse tidligere i januar.\" src=\"https:\/\/image.forsvaretsforum.no\/418217.webp?imageId=418217&amp;x=0.00&amp;y=0.00&amp;cropw=100.00&amp;croph=100.00&amp;width=960&amp;height=644&amp;format=jpg\" alt=\"\" width=\"480\" height=\"322\" \/><\/picture><\/div>\n<div class=\"img fullwidthTarget\"><em>Illustrasjonsfoto fra en pressekonferanse tidligere i januar. <\/em>Foto: Evan Vucci, AP, NTB<\/div>\n<\/figure>\n<\/div>\n<\/div>\n<div class=\"bodytext large-12 small-12 medium-12\" data-element-guid=\"23b3de87-570a-46d1-fcd7-7ee11d15c74a\">\n<p>&nbsp;<\/p>\n<p><strong>&#8211; Trump er en dypt uvitende mann. Hans kunnskap om verden ser ut til \u00e5 begrense seg til det han har tilegnet seg ved \u00e5 se p\u00e5 TV.\u00a0<\/strong><\/p>\n<p>&#8211; I l\u00f8pet av hans f\u00f8rste presidentperiode ble verdens ledere, s\u00e6rlig mange av de europeiske politikerne han m\u00f8tte, lamsl\u00e5tt av hans mentale helse (tabula rasa).<\/p>\n<p>&#8211; Som om uvitenhet ikke var ille nok, har USAs kommende president blitt tiltalt for seksuelle overgrep og er en d\u00f8mt forbryter.<\/p>\n<p><strong>&#8211; Han er en venn av innvandrings-fiendtlige nasjonalister og rasister, en kuppmaker og oppvigler og en seriel\u00f8gner som fremhever fiktive kannibalers dyder.<\/strong><\/p>\n<p>&#8211; Han er en klassisk svindler \u2013 og mer enn halvparten av USAs velgere ser ikke ut til \u00e5 f\u00e5 nok av ham.<\/p>\n<p class=\"font-weight-bold m-font-weight-bold\" data-lab-font_weight=\"font-weight-bold\">&#8211; Lenge f\u00f8r presidentvalget i 2024 visste den politiske eliten i USA alt som var \u00e5 vite om Trump \u2013 at han var uskikket til \u00e5 lede landet.<\/p>\n<article class=\"column desktop-floatLeft mobile-floatLeft small-12 large-4 small-abs-12 large-abs-4 \" data-element-guid=\"437ab352-d674-4e66-84c1-23e110ac9ee6\" data-site-alias=\"forsvaretsforum\" data-section=\"debatt\" data-instance=\"408374\">\n<div class=\"content\">\n<div class=\"media \">\n<figure class=\"\" data-element-guid=\"b9fff47e-7b6f-4a76-b144-85ce35f725a4\">\n<div class=\"img fullwidthTarget\"><picture><source srcset=\"https:\/\/image.forsvaretsforum.no\/408445.webp?imageId=408445&amp;x=0.00&amp;y=0.00&amp;cropw=100.00&amp;croph=100.00&amp;heightx=0.00&amp;heighty=0.00&amp;heightw=100.00&amp;heighth=100.00&amp;width=706&amp;height=474&amp;format=webp\" type=\"image\/webp\" media=\"(min-width: 768px)\" \/><source srcset=\"https:\/\/image.forsvaretsforum.no\/408445.webp?imageId=408445&amp;x=0.00&amp;y=0.00&amp;cropw=100.00&amp;croph=100.00&amp;heightx=0.00&amp;heighty=0.00&amp;heightw=100.00&amp;heighth=100.00&amp;width=706&amp;height=474&amp;format=jpg\" type=\"image\/jpeg\" media=\"(min-width: 768px)\" \/><source srcset=\"https:\/\/image.forsvaretsforum.no\/408445.webp?imageId=408445&amp;x=0.00&amp;y=0.00&amp;cropw=100.00&amp;croph=100.00&amp;heightx=0.00&amp;heighty=0.00&amp;heightw=100.00&amp;heighth=100.00&amp;width=960&amp;height=644&amp;format=webp\" type=\"image\/webp\" media=\"(max-width: 767px)\" \/><source srcset=\"https:\/\/image.forsvaretsforum.no\/408445.webp?imageId=408445&amp;x=0.00&amp;y=0.00&amp;cropw=100.00&amp;croph=100.00&amp;heightx=0.00&amp;heighty=0.00&amp;heightw=100.00&amp;heighth=100.00&amp;width=960&amp;height=644&amp;format=jpg\" type=\"image\/jpeg\" media=\"(max-width: 767px)\" \/><\/picture><\/div>\n<\/figure>\n<\/div>\n<\/div>\n<\/article>\n<p>&#8211; Trump ble stilt for riksrett to ganger i l\u00f8pet av sin f\u00f8rste presidentperiode, og to ganger ble han erkl\u00e6rt skikket av senatorer fra sitt eget parti til \u00e5 v\u00e6re leder for Vestens st\u00f8rste demokrati.<\/p>\n<p>&#8211; Ved \u00e5 stemme for \u00e5 frikjenne Trump to ganger, nektet de republikanske senatorene \u00e5 diskvalifisere Trump som amerikansk president, og gjorde det dermed \u2013 med overlegg \u2013 mulig for ham \u00e5 vende tilbake til Det hvite hus.<\/p>\n<p><strong>&#8211; Ringvirkningene av denne katastrofen g\u00e5r langt utover det \u00e5 gj\u00f8re skam p\u00e5 den amerikanske dr\u00f8mmen. Dette undergraver grunnlaget for den politiske ordenen verden over.<\/strong><\/p>\n<p>&#8211; Hvordan kan vi med rak rygg rette en pekefinger mot ledere som Aleksandr Lukasjenko og Nicol\u00e1s Maduro n\u00e5r de fornekter resultatene av valg de har tapt? Og hvordan kan vi bevare v\u00e5r troverdighet, og hva kan vi forvente n\u00e5r vi kritiserer Vladimir Putin for l\u00f8gnene om hans morderiske krig i Ukraina, n\u00e5r USA har en president som spinner alternative fakta?<\/p>\n<article class=\"column desktop-floatLeft mobile-floatLeft small-12 large-4 small-abs-12 large-abs-4 \" data-element-guid=\"fe88934b-540a-4709-a665-5416673fadda\" data-site-alias=\"forsvaretsforum\" data-section=\"debatt\" data-instance=\"403924\">\n<div class=\"content\">\n<div class=\"media \">\n<figure class=\"\" data-element-guid=\"193e5a22-bd8d-46e9-aa9f-258c7442d359\">\n<div class=\"img fullwidthTarget\"><picture><source srcset=\"https:\/\/image.forsvaretsforum.no\/404032.webp?imageId=404032&amp;x=0.00&amp;y=0.00&amp;cropw=100.00&amp;croph=100.00&amp;heightx=0.00&amp;heighty=0.00&amp;heightw=100.00&amp;heighth=100.00&amp;width=706&amp;height=474&amp;format=webp\" type=\"image\/webp\" media=\"(min-width: 768px)\" \/><source srcset=\"https:\/\/image.forsvaretsforum.no\/404032.webp?imageId=404032&amp;x=0.00&amp;y=0.00&amp;cropw=100.00&amp;croph=100.00&amp;heightx=0.00&amp;heighty=0.00&amp;heightw=100.00&amp;heighth=100.00&amp;width=706&amp;height=474&amp;format=jpg\" type=\"image\/jpeg\" media=\"(min-width: 768px)\" \/><source srcset=\"https:\/\/image.forsvaretsforum.no\/404032.webp?imageId=404032&amp;x=0.00&amp;y=0.00&amp;cropw=100.00&amp;croph=100.00&amp;heightx=0.00&amp;heighty=0.00&amp;heightw=100.00&amp;heighth=100.00&amp;width=960&amp;height=644&amp;format=webp\" type=\"image\/webp\" media=\"(max-width: 767px)\" \/><source srcset=\"https:\/\/image.forsvaretsforum.no\/404032.webp?imageId=404032&amp;x=0.00&amp;y=0.00&amp;cropw=100.00&amp;croph=100.00&amp;heightx=0.00&amp;heighty=0.00&amp;heightw=100.00&amp;heighth=100.00&amp;width=960&amp;height=644&amp;format=jpg\" type=\"image\/jpeg\" media=\"(max-width: 767px)\" \/><\/picture><\/div>\n<\/figure>\n<\/div>\n<\/div>\n<\/article>\n<p>&#8211; Men til tross for sin gode forst\u00e5else av menneskelig d\u00e5rskap og personlig overmot, klarte de ikke \u00e5 reise institusjonelle voller for \u00e5 beskytte USAs grunnlov mot den tidligere programlederen for et reality-show og eieren av Miss Universe-k\u00e5ringen.<\/p>\n<p>&#8211; En mann som etter sigende spaserte uanmeldt inn i en garderobe full av halvnakne ten\u00e5ringsdeltakere i en missekonkurranse, er i ferd med \u00e5 kj\u00f8re grunnlovsfedrenes intrikate og inspirerende opplysningsprosjekt i gr\u00f8fta.<\/p>\n<p>&#8211; \u00c5 bygge og opprettholde en liberal institusjonell orden krever mange \u00e5r, om ikke generasjoner, med hardt arbeid s\u00e5 vel som visjon\u00e6re embetsmenn og et og annet mirakel.<\/p>\n<p>&#8211; Hvor lang tid vil det ta \u00e5 gjenoppbygge det Trump vil \u00f8delegge?<\/p>\n<p>&nbsp;<\/p>\n<p>LES HELE KRONIKKEN HER: <strong><a href=\"https:\/\/www.forsvaretsforum.no\/demokrati-donald-trump-meninger\/en-amerikansk-katastrofe\/418212\">https:\/\/www.forsvaretsforum.no\/demokrati-donald-trump-meninger\/en-amerikansk-katastrofe\/418212<\/a><\/strong><\/p>\n<\/div>\n<p>Views: 98<\/p>","protected":false},"excerpt":{"rendered":"<p>(Publisert 20.01.25) (Kommentar) At USA har f\u00e5tt ny president i dag er p\u00e5 sett og vis en historisk dag ogs\u00e5 for mange andre land. Og &#8211; for \u00e5 si det &#8230; <\/p>\n<p class=\"read-more-container\"><a title=\"&laquo;Trump er en dypt uvitende mann&raquo;\" class=\"read-more button\" href=\"https:\/\/lokalmagasinet.no\/?p=25481#more-25481\">Les mer<span class=\"screen-reader-text\">&laquo;Trump er en dypt uvitende mann&raquo;<\/span><\/a><\/p>\n","protected":false},"author":6,"featured_media":0,"comment_status":"closed","ping_status":"closed","sticky":false,"template":"","format":"standard","meta":{"footnotes":""},"categories":[1],"tags":[],"class_list":["post-25481","post","type-post","status-publish","format-standard","hentry","category-aktuelt"],"yoast_head":"<!-- This site is optimized with the Yoast SEO plugin v27.5 - https:\/\/yoast.com\/product\/yoast-seo-wordpress\/ -->\n<title>&quot;Trump er en dypt uvitende mann&quot; | Lokalmagasinet.no<\/title>\n<meta name=\"robots\" content=\"index, follow, max-snippet:-1, max-image-preview:large, max-video-preview:-1\" \/>\n<link rel=\"canonical\" href=\"https:\/\/lokalmagasinet.no\/?p=25481\" \/>\n<meta property=\"og:locale\" content=\"nn_NO\" \/>\n<meta property=\"og:type\" content=\"article\" \/>\n<meta property=\"og:title\" content=\"&quot;Trump er en dypt uvitende mann&quot; | Lokalmagasinet.no\" \/>\n<meta property=\"og:description\" content=\"(Publisert 20.01.25) (Kommentar) At USA har f\u00e5tt ny president i dag er p\u00e5 sett og vis en historisk dag ogs\u00e5 for mange andre land. Og &#8211; for \u00e5 si det ... Les mer&laquo;Trump er en dypt uvitende mann&raquo;\" \/>\n<meta property=\"og:url\" content=\"https:\/\/lokalmagasinet.no\/?p=25481\" \/>\n<meta property=\"og:site_name\" content=\"Lokalmagasinet.no\" \/>\n<meta property=\"article:publisher\" content=\"https:\/\/www.facebook.com\/sveinharald.strand.1\" \/>\n<meta property=\"article:author\" content=\"https:\/\/www.facebook.com\/sveinharald.strand.1\" \/>\n<meta property=\"article:published_time\" content=\"2025-01-20T15:11:52+00:00\" \/>\n<meta property=\"article:modified_time\" content=\"2025-01-20T20:29:57+00:00\" \/>\n<meta property=\"og:image\" content=\"https:\/\/lokalmagasinet.no\/wp-content\/uploads\/2021\/03\/cropped-cropped-cropped-cropped-cropped-cropped-lmlogo-e1640691300821.jpg\" \/>\n\t<meta property=\"og:image:width\" content=\"72\" \/>\n\t<meta property=\"og:image:height\" content=\"118\" \/>\n\t<meta property=\"og:image:type\" content=\"image\/jpeg\" \/>\n<meta name=\"author\" content=\"Svein-Harald Strand\" \/>\n<meta name=\"twitter:card\" content=\"summary_large_image\" \/>\n<meta name=\"twitter:creator\" content=\"@LMExtra\" \/>\n<meta name=\"twitter:site\" content=\"@LMExtra\" \/>\n<meta name=\"twitter:label1\" content=\"Written by\" \/>\n\t<meta name=\"twitter:data1\" content=\"Svein-Harald Strand\" \/>\n\t<meta name=\"twitter:label2\" content=\"Est. reading time\" \/>\n\t<meta name=\"twitter:data2\" content=\"3 minutt\" \/>\n<script type=\"application\/ld+json\" class=\"yoast-schema-graph\">{\"@context\":\"https:\\\/\\\/schema.org\",\"@graph\":[{\"@type\":\"Article\",\"@id\":\"https:\\\/\\\/lokalmagasinet.no\\\/?p=25481#article\",\"isPartOf\":{\"@id\":\"https:\\\/\\\/lokalmagasinet.no\\\/?p=25481\"},\"author\":{\"name\":\"Svein-Harald Strand\",\"@id\":\"https:\\\/\\\/lokalmagasinet.no\\\/#\\\/schema\\\/person\\\/2e8d221708d3aaf6f577275b5bba4310\"},\"headline\":\"&laquo;Trump er en dypt uvitende mann&raquo;\",\"datePublished\":\"2025-01-20T15:11:52+00:00\",\"dateModified\":\"2025-01-20T20:29:57+00:00\",\"mainEntityOfPage\":{\"@id\":\"https:\\\/\\\/lokalmagasinet.no\\\/?p=25481\"},\"wordCount\":554,\"publisher\":{\"@id\":\"https:\\\/\\\/lokalmagasinet.no\\\/#organization\"},\"image\":{\"@id\":\"https:\\\/\\\/lokalmagasinet.no\\\/?p=25481#primaryimage\"},\"thumbnailUrl\":\"https:\\\/\\\/lokalmagasinet.no\\\/wp-content\\\/uploads\\\/2021\\\/03\\\/cropped-cropped-cropped-cropped-cropped-cropped-lmlogo-e1640691300821.jpg\",\"articleSection\":[\"Aktuelt\"],\"inLanguage\":\"nn-NO\"},{\"@type\":\"WebPage\",\"@id\":\"https:\\\/\\\/lokalmagasinet.no\\\/?p=25481\",\"url\":\"https:\\\/\\\/lokalmagasinet.no\\\/?p=25481\",\"name\":\"\\\"Trump er en dypt uvitende mann\\\" | Lokalmagasinet.no\",\"isPartOf\":{\"@id\":\"https:\\\/\\\/lokalmagasinet.no\\\/#website\"},\"primaryImageOfPage\":{\"@id\":\"https:\\\/\\\/lokalmagasinet.no\\\/?p=25481#primaryimage\"},\"image\":{\"@id\":\"https:\\\/\\\/lokalmagasinet.no\\\/?p=25481#primaryimage\"},\"thumbnailUrl\":\"https:\\\/\\\/lokalmagasinet.no\\\/wp-content\\\/uploads\\\/2021\\\/03\\\/cropped-cropped-cropped-cropped-cropped-cropped-lmlogo-e1640691300821.jpg\",\"datePublished\":\"2025-01-20T15:11:52+00:00\",\"dateModified\":\"2025-01-20T20:29:57+00:00\",\"breadcrumb\":{\"@id\":\"https:\\\/\\\/lokalmagasinet.no\\\/?p=25481#breadcrumb\"},\"inLanguage\":\"nn-NO\",\"potentialAction\":[{\"@type\":\"ReadAction\",\"target\":[\"https:\\\/\\\/lokalmagasinet.no\\\/?p=25481\"]}]},{\"@type\":\"ImageObject\",\"inLanguage\":\"nn-NO\",\"@id\":\"https:\\\/\\\/lokalmagasinet.no\\\/?p=25481#primaryimage\",\"url\":\"https:\\\/\\\/lokalmagasinet.no\\\/wp-content\\\/uploads\\\/2021\\\/03\\\/cropped-cropped-cropped-cropped-cropped-cropped-lmlogo-e1640691300821.jpg\",\"contentUrl\":\"https:\\\/\\\/lokalmagasinet.no\\\/wp-content\\\/uploads\\\/2021\\\/03\\\/cropped-cropped-cropped-cropped-cropped-cropped-lmlogo-e1640691300821.jpg\",\"width\":72,\"height\":118},{\"@type\":\"BreadcrumbList\",\"@id\":\"https:\\\/\\\/lokalmagasinet.no\\\/?p=25481#breadcrumb\",\"itemListElement\":[{\"@type\":\"ListItem\",\"position\":1,\"name\":\"Hjem\",\"item\":\"https:\\\/\\\/lokalmagasinet.no\\\/\"},{\"@type\":\"ListItem\",\"position\":2,\"name\":\"&laquo;Trump er en dypt uvitende mann&raquo;\"}]},{\"@type\":\"WebSite\",\"@id\":\"https:\\\/\\\/lokalmagasinet.no\\\/#website\",\"url\":\"https:\\\/\\\/lokalmagasinet.no\\\/\",\"name\":\"Lokalmagasinet.no\",\"description\":\"Fra fortid og n\u00e5tid. Med st\u00e5sted i det n\u00e6re. Siden 2002.\",\"publisher\":{\"@id\":\"https:\\\/\\\/lokalmagasinet.no\\\/#organization\"},\"potentialAction\":[{\"@type\":\"SearchAction\",\"target\":{\"@type\":\"EntryPoint\",\"urlTemplate\":\"https:\\\/\\\/lokalmagasinet.no\\\/?s={search_term_string}\"},\"query-input\":{\"@type\":\"PropertyValueSpecification\",\"valueRequired\":true,\"valueName\":\"search_term_string\"}}],\"inLanguage\":\"nn-NO\"},{\"@type\":\"Organization\",\"@id\":\"https:\\\/\\\/lokalmagasinet.no\\\/#organization\",\"name\":\"Lokalmagasinet.no\",\"url\":\"https:\\\/\\\/lokalmagasinet.no\\\/\",\"logo\":{\"@type\":\"ImageObject\",\"inLanguage\":\"nn-NO\",\"@id\":\"https:\\\/\\\/lokalmagasinet.no\\\/#\\\/schema\\\/logo\\\/image\\\/\",\"url\":\"https:\\\/\\\/lokalmagasinet.no\\\/wp-content\\\/uploads\\\/2021\\\/03\\\/cropped-cropped-cropped-cropped-cropped-cropped-lmlogo-e1640691300821.jpg\",\"contentUrl\":\"https:\\\/\\\/lokalmagasinet.no\\\/wp-content\\\/uploads\\\/2021\\\/03\\\/cropped-cropped-cropped-cropped-cropped-cropped-lmlogo-e1640691300821.jpg\",\"width\":72,\"height\":118,\"caption\":\"Lokalmagasinet.no\"},\"image\":{\"@id\":\"https:\\\/\\\/lokalmagasinet.no\\\/#\\\/schema\\\/logo\\\/image\\\/\"},\"sameAs\":[\"https:\\\/\\\/www.facebook.com\\\/sveinharald.strand.1\",\"https:\\\/\\\/x.com\\\/LMExtra\"]},{\"@type\":\"Person\",\"@id\":\"https:\\\/\\\/lokalmagasinet.no\\\/#\\\/schema\\\/person\\\/2e8d221708d3aaf6f577275b5bba4310\",\"name\":\"Svein-Harald Strand\",\"image\":{\"@type\":\"ImageObject\",\"inLanguage\":\"nn-NO\",\"@id\":\"https:\\\/\\\/secure.gravatar.com\\\/avatar\\\/c487434bdf6cd7c12e4a88877ae4b12c38d22b7ad64292b49d33ed7503bb7ce1?s=96&d=mm&r=g\",\"url\":\"https:\\\/\\\/secure.gravatar.com\\\/avatar\\\/c487434bdf6cd7c12e4a88877ae4b12c38d22b7ad64292b49d33ed7503bb7ce1?s=96&d=mm&r=g\",\"contentUrl\":\"https:\\\/\\\/secure.gravatar.com\\\/avatar\\\/c487434bdf6cd7c12e4a88877ae4b12c38d22b7ad64292b49d33ed7503bb7ce1?s=96&d=mm&r=g\",\"caption\":\"Svein-Harald Strand\"},\"description\":\"(F. 26.12.1945) Redakt\u00f8r, journalist og informasjonsarbeider siden 1968. ||| I 1963: Redaksjonell praktikant i 8 m\u00e5neder p\u00e5 full tid i Helgeland Arbeiderblad i hjembyen Mosj\u00f8en. ||| Arbeidende pensjonist med hjemmekontor fra 2008 (AFP) og videre som folkepensjonist til n\u00e5.\",\"sameAs\":[\"https:\\\/\\\/lokalmagasinet.no\\\/\",\"https:\\\/\\\/www.facebook.com\\\/sveinharald.strand.1\",\"https:\\\/\\\/x.com\\\/LMExtra\"],\"url\":\"https:\\\/\\\/lokalmagasinet.no\\\/?author=6\"}]}<\/script>\n<!-- \/ Yoast SEO plugin. -->","yoast_head_json":{"title":"\"Trump er en dypt uvitende mann\" | Lokalmagasinet.no","robots":{"index":"index","follow":"follow","max-snippet":"max-snippet:-1","max-image-preview":"max-image-preview:large","max-video-preview":"max-video-preview:-1"},"canonical":"https:\/\/lokalmagasinet.no\/?p=25481","og_locale":"nn_NO","og_type":"article","og_title":"\"Trump er en dypt uvitende mann\" | Lokalmagasinet.no","og_description":"(Publisert 20.01.25) (Kommentar) At USA har f\u00e5tt ny president i dag er p\u00e5 sett og vis en historisk dag ogs\u00e5 for mange andre land. Og &#8211; for \u00e5 si det ... Les mer&laquo;Trump er en dypt uvitende mann&raquo;","og_url":"https:\/\/lokalmagasinet.no\/?p=25481","og_site_name":"Lokalmagasinet.no","article_publisher":"https:\/\/www.facebook.com\/sveinharald.strand.1","article_author":"https:\/\/www.facebook.com\/sveinharald.strand.1","article_published_time":"2025-01-20T15:11:52+00:00","article_modified_time":"2025-01-20T20:29:57+00:00","og_image":[{"width":72,"height":118,"url":"https:\/\/lokalmagasinet.no\/wp-content\/uploads\/2021\/03\/cropped-cropped-cropped-cropped-cropped-cropped-lmlogo-e1640691300821.jpg","type":"image\/jpeg"}],"author":"Svein-Harald Strand","twitter_card":"summary_large_image","twitter_creator":"@LMExtra","twitter_site":"@LMExtra","twitter_misc":{"Written by":"Svein-Harald Strand","Est. reading time":"3 minutt"},"schema":{"@context":"https:\/\/schema.org","@graph":[{"@type":"Article","@id":"https:\/\/lokalmagasinet.no\/?p=25481#article","isPartOf":{"@id":"https:\/\/lokalmagasinet.no\/?p=25481"},"author":{"name":"Svein-Harald Strand","@id":"https:\/\/lokalmagasinet.no\/#\/schema\/person\/2e8d221708d3aaf6f577275b5bba4310"},"headline":"&laquo;Trump er en dypt uvitende mann&raquo;","datePublished":"2025-01-20T15:11:52+00:00","dateModified":"2025-01-20T20:29:57+00:00","mainEntityOfPage":{"@id":"https:\/\/lokalmagasinet.no\/?p=25481"},"wordCount":554,"publisher":{"@id":"https:\/\/lokalmagasinet.no\/#organization"},"image":{"@id":"https:\/\/lokalmagasinet.no\/?p=25481#primaryimage"},"thumbnailUrl":"https:\/\/lokalmagasinet.no\/wp-content\/uploads\/2021\/03\/cropped-cropped-cropped-cropped-cropped-cropped-lmlogo-e1640691300821.jpg","articleSection":["Aktuelt"],"inLanguage":"nn-NO"},{"@type":"WebPage","@id":"https:\/\/lokalmagasinet.no\/?p=25481","url":"https:\/\/lokalmagasinet.no\/?p=25481","name":"\"Trump er en dypt uvitende mann\" | Lokalmagasinet.no","isPartOf":{"@id":"https:\/\/lokalmagasinet.no\/#website"},"primaryImageOfPage":{"@id":"https:\/\/lokalmagasinet.no\/?p=25481#primaryimage"},"image":{"@id":"https:\/\/lokalmagasinet.no\/?p=25481#primaryimage"},"thumbnailUrl":"https:\/\/lokalmagasinet.no\/wp-content\/uploads\/2021\/03\/cropped-cropped-cropped-cropped-cropped-cropped-lmlogo-e1640691300821.jpg","datePublished":"2025-01-20T15:11:52+00:00","dateModified":"2025-01-20T20:29:57+00:00","breadcrumb":{"@id":"https:\/\/lokalmagasinet.no\/?p=25481#breadcrumb"},"inLanguage":"nn-NO","potentialAction":[{"@type":"ReadAction","target":["https:\/\/lokalmagasinet.no\/?p=25481"]}]},{"@type":"ImageObject","inLanguage":"nn-NO","@id":"https:\/\/lokalmagasinet.no\/?p=25481#primaryimage","url":"https:\/\/lokalmagasinet.no\/wp-content\/uploads\/2021\/03\/cropped-cropped-cropped-cropped-cropped-cropped-lmlogo-e1640691300821.jpg","contentUrl":"https:\/\/lokalmagasinet.no\/wp-content\/uploads\/2021\/03\/cropped-cropped-cropped-cropped-cropped-cropped-lmlogo-e1640691300821.jpg","width":72,"height":118},{"@type":"BreadcrumbList","@id":"https:\/\/lokalmagasinet.no\/?p=25481#breadcrumb","itemListElement":[{"@type":"ListItem","position":1,"name":"Hjem","item":"https:\/\/lokalmagasinet.no\/"},{"@type":"ListItem","position":2,"name":"&laquo;Trump er en dypt uvitende mann&raquo;"}]},{"@type":"WebSite","@id":"https:\/\/lokalmagasinet.no\/#website","url":"https:\/\/lokalmagasinet.no\/","name":"Lokalmagasinet.no","description":"Fra fortid og n\u00e5tid. Med st\u00e5sted i det n\u00e6re. Siden 2002.","publisher":{"@id":"https:\/\/lokalmagasinet.no\/#organization"},"potentialAction":[{"@type":"SearchAction","target":{"@type":"EntryPoint","urlTemplate":"https:\/\/lokalmagasinet.no\/?s={search_term_string}"},"query-input":{"@type":"PropertyValueSpecification","valueRequired":true,"valueName":"search_term_string"}}],"inLanguage":"nn-NO"},{"@type":"Organization","@id":"https:\/\/lokalmagasinet.no\/#organization","name":"Lokalmagasinet.no","url":"https:\/\/lokalmagasinet.no\/","logo":{"@type":"ImageObject","inLanguage":"nn-NO","@id":"https:\/\/lokalmagasinet.no\/#\/schema\/logo\/image\/","url":"https:\/\/lokalmagasinet.no\/wp-content\/uploads\/2021\/03\/cropped-cropped-cropped-cropped-cropped-cropped-lmlogo-e1640691300821.jpg","contentUrl":"https:\/\/lokalmagasinet.no\/wp-content\/uploads\/2021\/03\/cropped-cropped-cropped-cropped-cropped-cropped-lmlogo-e1640691300821.jpg","width":72,"height":118,"caption":"Lokalmagasinet.no"},"image":{"@id":"https:\/\/lokalmagasinet.no\/#\/schema\/logo\/image\/"},"sameAs":["https:\/\/www.facebook.com\/sveinharald.strand.1","https:\/\/x.com\/LMExtra"]},{"@type":"Person","@id":"https:\/\/lokalmagasinet.no\/#\/schema\/person\/2e8d221708d3aaf6f577275b5bba4310","name":"Svein-Harald Strand","image":{"@type":"ImageObject","inLanguage":"nn-NO","@id":"https:\/\/secure.gravatar.com\/avatar\/c487434bdf6cd7c12e4a88877ae4b12c38d22b7ad64292b49d33ed7503bb7ce1?s=96&d=mm&r=g","url":"https:\/\/secure.gravatar.com\/avatar\/c487434bdf6cd7c12e4a88877ae4b12c38d22b7ad64292b49d33ed7503bb7ce1?s=96&d=mm&r=g","contentUrl":"https:\/\/secure.gravatar.com\/avatar\/c487434bdf6cd7c12e4a88877ae4b12c38d22b7ad64292b49d33ed7503bb7ce1?s=96&d=mm&r=g","caption":"Svein-Harald Strand"},"description":"(F. 26.12.1945) Redakt\u00f8r, journalist og informasjonsarbeider siden 1968. ||| I 1963: Redaksjonell praktikant i 8 m\u00e5neder p\u00e5 full tid i Helgeland Arbeiderblad i hjembyen Mosj\u00f8en. ||| Arbeidende pensjonist med hjemmekontor fra 2008 (AFP) og videre som folkepensjonist til n\u00e5.","sameAs":["https:\/\/lokalmagasinet.no\/","https:\/\/www.facebook.com\/sveinharald.strand.1","https:\/\/x.com\/LMExtra"],"url":"https:\/\/lokalmagasinet.no\/?author=6"}]}},"_links":{"self":[{"href":"https:\/\/lokalmagasinet.no\/index.php?rest_route=\/wp\/v2\/posts\/25481","targetHints":{"allow":["GET"]}}],"collection":[{"href":"https:\/\/lokalmagasinet.no\/index.php?rest_route=\/wp\/v2\/posts"}],"about":[{"href":"https:\/\/lokalmagasinet.no\/index.php?rest_route=\/wp\/v2\/types\/post"}],"author":[{"embeddable":true,"href":"https:\/\/lokalmagasinet.no\/index.php?rest_route=\/wp\/v2\/users\/6"}],"replies":[{"embeddable":true,"href":"https:\/\/lokalmagasinet.no\/index.php?rest_route=%2Fwp%2Fv2%2Fcomments&post=25481"}],"version-history":[{"count":14,"href":"https:\/\/lokalmagasinet.no\/index.php?rest_route=\/wp\/v2\/posts\/25481\/revisions"}],"predecessor-version":[{"id":25495,"href":"https:\/\/lokalmagasinet.no\/index.php?rest_route=\/wp\/v2\/posts\/25481\/revisions\/25495"}],"wp:attachment":[{"href":"https:\/\/lokalmagasinet.no\/index.php?rest_route=%2Fwp%2Fv2%2Fmedia&parent=25481"}],"wp:term":[{"taxonomy":"category","embeddable":true,"href":"https:\/\/lokalmagasinet.no\/index.php?rest_route=%2Fwp%2Fv2%2Fcategories&post=25481"},{"taxonomy":"post_tag","embeddable":true,"href":"https:\/\/lokalmagasinet.no\/index.php?rest_route=%2Fwp%2Fv2%2Ftags&post=25481"}],"curies":[{"name":"wp","href":"https:\/\/api.w.org\/{rel}","templated":true}]}}