{"id":25554,"date":"2025-01-28T02:25:54","date_gmt":"2025-01-28T01:25:54","guid":{"rendered":"https:\/\/lokalmagasinet.no\/?p=25554"},"modified":"2025-01-28T16:09:20","modified_gmt":"2025-01-28T15:09:20","slug":"ikke-mye-brak-om-sprak","status":"publish","type":"post","link":"https:\/\/lokalmagasinet.no\/?p=25554","title":{"rendered":"Ikke mye br\u00e5k om spr\u00e5k"},"content":{"rendered":"<p><a href=\"https:\/\/lokalmagasinet.no\/wp-content\/uploads\/2022\/02\/Oyet.jpg\"><img loading=\"lazy\" decoding=\"async\" class=\"size-full wp-image-8615 alignleft\" src=\"https:\/\/lokalmagasinet.no\/wp-content\/uploads\/2022\/02\/Oyet.jpg\" alt=\"\" width=\"162\" height=\"200\" srcset=\"https:\/\/lokalmagasinet.no\/wp-content\/uploads\/2022\/02\/Oyet.jpg 162w, https:\/\/lokalmagasinet.no\/wp-content\/uploads\/2022\/02\/Oyet-122x150.jpg 122w\" sizes=\"auto, (max-width: 162px) 100vw, 162px\" \/><\/a>(Publisert 28.01.25) (K\u00e5seri)<strong> Mye br\u00e5k har det jo ikke v\u00e6rt.<\/strong> Men g<strong>jennom \u00e5rene har vi skrevet en god del om spr\u00e5k, godt og d\u00e5rlig spr\u00e5k &#8211; ikke minst om feil bruk av adjektivet &laquo;kun&raquo;, i stedet for &laquo;bare&raquo;. <\/strong><\/p>\n<p>Nynorsk har vi sannelig ogs\u00e5 v\u00e6rt innom<strong>. Men i <\/strong>dag bare litt om det norske spr\u00e5ket p\u00e5 TV, blant annet p\u00e5 reklameinnslag.<\/p>\n<p>Heter det for eksempel &laquo;Du liker kaffe <em>p\u00e5 morgenen<\/em>&laquo;, eller skal det v\u00e6re &laquo;<em>om morgenen&raquo;<\/em>?<\/p>\n<p>Jeg t\u00f8r \u00e5 si at &laquo;<em>om<\/em>&raquo; er det rette her. Men vet du hva? I innslaget h\u00f8rer vi faktisk f\u00f8rst &laquo;p\u00e5&raquo; og til slutt &laquo;om&raquo;-varianten.<\/p>\n<p>Du snakker om helgardering!<\/p>\n<p><em>Og s\u00e5<\/em> var det en tiltakende tendens: At det i stedet for &laquo;og s\u00e5&raquo; st\u00e5r OGS\u00c5 &#8211; og det i starten p\u00e5 en setning! Som her: &laquo;OGS\u00c5 er det jo selvf\u00f8lgelig de som liker begge deler.&raquo; (Tjenestetorget.no, januar 2025)<\/p>\n<p><strong>I nyhetsspr\u00e5ket: Legg ellers merke til ordet &laquo;<em>at&raquo;<\/em> &#8211; som stadig oftere mangler i setninger. &laquo;At&raquo; er forresten et ord i klassen <em>subjunksjon.<\/em><\/strong><\/p>\n<p>TIL SLUTT bare et par &laquo;kun&raquo;-saker &#8211; ja, det er stadig nok av dem, ogs\u00e5 i muntlig spr\u00e5k:<\/p>\n<p>&laquo;Norge har satt opp charterfly for flyktninger. Men kun 38 vil v\u00e6re med.&raquo; (Aftenposten 11.05.22)<\/p>\n<p>&laquo;Det tar kun noen minutter \u00e5 bytte&raquo;. (Sport p\u00e5 NRK.)<\/p>\n<p>Og det var alt for denne gang. Send oss gjerne tips om feil bruk av det norske spr\u00e5k.<\/p>\n<p><em>St.<\/em><\/p>\n<p>Views: 55<\/p>","protected":false},"excerpt":{"rendered":"<p>(Publisert 28.01.25) (K\u00e5seri) Mye br\u00e5k har det jo ikke v\u00e6rt. Men gjennom \u00e5rene har vi skrevet en god del om spr\u00e5k, godt og d\u00e5rlig spr\u00e5k &#8211; ikke minst om feil &#8230; <\/p>\n<p class=\"read-more-container\"><a title=\"Ikke mye br\u00e5k om spr\u00e5k\" class=\"read-more button\" href=\"https:\/\/lokalmagasinet.no\/?p=25554#more-25554\">Les mer<span class=\"screen-reader-text\">Ikke mye br\u00e5k om spr\u00e5k<\/span><\/a><\/p>\n","protected":false},"author":6,"featured_media":0,"comment_status":"closed","ping_status":"closed","sticky":false,"template":"","format":"standard","meta":{"footnotes":""},"categories":[1],"tags":[],"class_list":["post-25554","post","type-post","status-publish","format-standard","hentry","category-aktuelt"],"yoast_head":"<!-- This site is optimized with the Yoast SEO plugin v27.5 - https:\/\/yoast.com\/product\/yoast-seo-wordpress\/ -->\n<title>Ikke mye br\u00e5k om spr\u00e5k | Lokalmagasinet.no<\/title>\n<meta name=\"robots\" content=\"index, follow, max-snippet:-1, max-image-preview:large, max-video-preview:-1\" \/>\n<link rel=\"canonical\" href=\"https:\/\/lokalmagasinet.no\/?p=25554\" \/>\n<meta property=\"og:locale\" content=\"nn_NO\" \/>\n<meta property=\"og:type\" content=\"article\" \/>\n<meta property=\"og:title\" content=\"Ikke mye br\u00e5k om spr\u00e5k | Lokalmagasinet.no\" \/>\n<meta property=\"og:description\" content=\"(Publisert 28.01.25) (K\u00e5seri) Mye br\u00e5k har det jo ikke v\u00e6rt. Men gjennom \u00e5rene har vi skrevet en god del om spr\u00e5k, godt og d\u00e5rlig spr\u00e5k &#8211; ikke minst om feil ... Les merIkke mye br\u00e5k om spr\u00e5k\" \/>\n<meta property=\"og:url\" content=\"https:\/\/lokalmagasinet.no\/?p=25554\" \/>\n<meta property=\"og:site_name\" content=\"Lokalmagasinet.no\" \/>\n<meta property=\"article:publisher\" content=\"https:\/\/www.facebook.com\/sveinharald.strand.1\" \/>\n<meta property=\"article:author\" content=\"https:\/\/www.facebook.com\/sveinharald.strand.1\" \/>\n<meta property=\"article:published_time\" content=\"2025-01-28T01:25:54+00:00\" \/>\n<meta property=\"article:modified_time\" content=\"2025-01-28T15:09:20+00:00\" \/>\n<meta property=\"og:image\" content=\"https:\/\/lokalmagasinet.no\/wp-content\/uploads\/2022\/02\/Oyet.jpg\" \/>\n\t<meta property=\"og:image:width\" content=\"162\" \/>\n\t<meta property=\"og:image:height\" content=\"200\" \/>\n\t<meta property=\"og:image:type\" content=\"image\/jpeg\" \/>\n<meta name=\"author\" content=\"Svein-Harald Strand\" \/>\n<meta name=\"twitter:card\" content=\"summary_large_image\" \/>\n<meta name=\"twitter:creator\" content=\"@LMExtra\" \/>\n<meta name=\"twitter:site\" content=\"@LMExtra\" \/>\n<meta name=\"twitter:label1\" content=\"Written by\" \/>\n\t<meta name=\"twitter:data1\" content=\"Svein-Harald Strand\" \/>\n\t<meta name=\"twitter:label2\" content=\"Est. reading time\" \/>\n\t<meta name=\"twitter:data2\" content=\"1 minutt\" \/>\n<script type=\"application\/ld+json\" class=\"yoast-schema-graph\">{\"@context\":\"https:\\\/\\\/schema.org\",\"@graph\":[{\"@type\":\"Article\",\"@id\":\"https:\\\/\\\/lokalmagasinet.no\\\/?p=25554#article\",\"isPartOf\":{\"@id\":\"https:\\\/\\\/lokalmagasinet.no\\\/?p=25554\"},\"author\":{\"name\":\"Svein-Harald Strand\",\"@id\":\"https:\\\/\\\/lokalmagasinet.no\\\/#\\\/schema\\\/person\\\/2e8d221708d3aaf6f577275b5bba4310\"},\"headline\":\"Ikke mye br\u00e5k om spr\u00e5k\",\"datePublished\":\"2025-01-28T01:25:54+00:00\",\"dateModified\":\"2025-01-28T15:09:20+00:00\",\"mainEntityOfPage\":{\"@id\":\"https:\\\/\\\/lokalmagasinet.no\\\/?p=25554\"},\"wordCount\":250,\"publisher\":{\"@id\":\"https:\\\/\\\/lokalmagasinet.no\\\/#organization\"},\"image\":{\"@id\":\"https:\\\/\\\/lokalmagasinet.no\\\/?p=25554#primaryimage\"},\"thumbnailUrl\":\"https:\\\/\\\/lokalmagasinet.no\\\/wp-content\\\/uploads\\\/2022\\\/02\\\/Oyet.jpg\",\"articleSection\":[\"Aktuelt\"],\"inLanguage\":\"nn-NO\"},{\"@type\":\"WebPage\",\"@id\":\"https:\\\/\\\/lokalmagasinet.no\\\/?p=25554\",\"url\":\"https:\\\/\\\/lokalmagasinet.no\\\/?p=25554\",\"name\":\"Ikke mye br\u00e5k om spr\u00e5k | Lokalmagasinet.no\",\"isPartOf\":{\"@id\":\"https:\\\/\\\/lokalmagasinet.no\\\/#website\"},\"primaryImageOfPage\":{\"@id\":\"https:\\\/\\\/lokalmagasinet.no\\\/?p=25554#primaryimage\"},\"image\":{\"@id\":\"https:\\\/\\\/lokalmagasinet.no\\\/?p=25554#primaryimage\"},\"thumbnailUrl\":\"https:\\\/\\\/lokalmagasinet.no\\\/wp-content\\\/uploads\\\/2022\\\/02\\\/Oyet.jpg\",\"datePublished\":\"2025-01-28T01:25:54+00:00\",\"dateModified\":\"2025-01-28T15:09:20+00:00\",\"breadcrumb\":{\"@id\":\"https:\\\/\\\/lokalmagasinet.no\\\/?p=25554#breadcrumb\"},\"inLanguage\":\"nn-NO\",\"potentialAction\":[{\"@type\":\"ReadAction\",\"target\":[\"https:\\\/\\\/lokalmagasinet.no\\\/?p=25554\"]}]},{\"@type\":\"ImageObject\",\"inLanguage\":\"nn-NO\",\"@id\":\"https:\\\/\\\/lokalmagasinet.no\\\/?p=25554#primaryimage\",\"url\":\"https:\\\/\\\/lokalmagasinet.no\\\/wp-content\\\/uploads\\\/2022\\\/02\\\/Oyet.jpg\",\"contentUrl\":\"https:\\\/\\\/lokalmagasinet.no\\\/wp-content\\\/uploads\\\/2022\\\/02\\\/Oyet.jpg\",\"width\":162,\"height\":200},{\"@type\":\"BreadcrumbList\",\"@id\":\"https:\\\/\\\/lokalmagasinet.no\\\/?p=25554#breadcrumb\",\"itemListElement\":[{\"@type\":\"ListItem\",\"position\":1,\"name\":\"Hjem\",\"item\":\"https:\\\/\\\/lokalmagasinet.no\\\/\"},{\"@type\":\"ListItem\",\"position\":2,\"name\":\"Ikke mye br\u00e5k om spr\u00e5k\"}]},{\"@type\":\"WebSite\",\"@id\":\"https:\\\/\\\/lokalmagasinet.no\\\/#website\",\"url\":\"https:\\\/\\\/lokalmagasinet.no\\\/\",\"name\":\"Lokalmagasinet.no\",\"description\":\"Fra fortid og n\u00e5tid. Med st\u00e5sted i det n\u00e6re. Siden 2002.\",\"publisher\":{\"@id\":\"https:\\\/\\\/lokalmagasinet.no\\\/#organization\"},\"potentialAction\":[{\"@type\":\"SearchAction\",\"target\":{\"@type\":\"EntryPoint\",\"urlTemplate\":\"https:\\\/\\\/lokalmagasinet.no\\\/?s={search_term_string}\"},\"query-input\":{\"@type\":\"PropertyValueSpecification\",\"valueRequired\":true,\"valueName\":\"search_term_string\"}}],\"inLanguage\":\"nn-NO\"},{\"@type\":\"Organization\",\"@id\":\"https:\\\/\\\/lokalmagasinet.no\\\/#organization\",\"name\":\"Lokalmagasinet.no\",\"url\":\"https:\\\/\\\/lokalmagasinet.no\\\/\",\"logo\":{\"@type\":\"ImageObject\",\"inLanguage\":\"nn-NO\",\"@id\":\"https:\\\/\\\/lokalmagasinet.no\\\/#\\\/schema\\\/logo\\\/image\\\/\",\"url\":\"https:\\\/\\\/lokalmagasinet.no\\\/wp-content\\\/uploads\\\/2021\\\/03\\\/cropped-cropped-cropped-cropped-cropped-cropped-lmlogo-e1640691300821.jpg\",\"contentUrl\":\"https:\\\/\\\/lokalmagasinet.no\\\/wp-content\\\/uploads\\\/2021\\\/03\\\/cropped-cropped-cropped-cropped-cropped-cropped-lmlogo-e1640691300821.jpg\",\"width\":72,\"height\":118,\"caption\":\"Lokalmagasinet.no\"},\"image\":{\"@id\":\"https:\\\/\\\/lokalmagasinet.no\\\/#\\\/schema\\\/logo\\\/image\\\/\"},\"sameAs\":[\"https:\\\/\\\/www.facebook.com\\\/sveinharald.strand.1\",\"https:\\\/\\\/x.com\\\/LMExtra\"]},{\"@type\":\"Person\",\"@id\":\"https:\\\/\\\/lokalmagasinet.no\\\/#\\\/schema\\\/person\\\/2e8d221708d3aaf6f577275b5bba4310\",\"name\":\"Svein-Harald Strand\",\"image\":{\"@type\":\"ImageObject\",\"inLanguage\":\"nn-NO\",\"@id\":\"https:\\\/\\\/secure.gravatar.com\\\/avatar\\\/c487434bdf6cd7c12e4a88877ae4b12c38d22b7ad64292b49d33ed7503bb7ce1?s=96&d=mm&r=g\",\"url\":\"https:\\\/\\\/secure.gravatar.com\\\/avatar\\\/c487434bdf6cd7c12e4a88877ae4b12c38d22b7ad64292b49d33ed7503bb7ce1?s=96&d=mm&r=g\",\"contentUrl\":\"https:\\\/\\\/secure.gravatar.com\\\/avatar\\\/c487434bdf6cd7c12e4a88877ae4b12c38d22b7ad64292b49d33ed7503bb7ce1?s=96&d=mm&r=g\",\"caption\":\"Svein-Harald Strand\"},\"description\":\"(F. 26.12.1945) Redakt\u00f8r, journalist og informasjonsarbeider siden 1968. ||| I 1963: Redaksjonell praktikant i 8 m\u00e5neder p\u00e5 full tid i Helgeland Arbeiderblad i hjembyen Mosj\u00f8en. ||| Arbeidende pensjonist med hjemmekontor fra 2008 (AFP) og videre som folkepensjonist til n\u00e5.\",\"sameAs\":[\"https:\\\/\\\/lokalmagasinet.no\\\/\",\"https:\\\/\\\/www.facebook.com\\\/sveinharald.strand.1\",\"https:\\\/\\\/x.com\\\/LMExtra\"],\"url\":\"https:\\\/\\\/lokalmagasinet.no\\\/?author=6\"}]}<\/script>\n<!-- \/ Yoast SEO plugin. -->","yoast_head_json":{"title":"Ikke mye br\u00e5k om spr\u00e5k | Lokalmagasinet.no","robots":{"index":"index","follow":"follow","max-snippet":"max-snippet:-1","max-image-preview":"max-image-preview:large","max-video-preview":"max-video-preview:-1"},"canonical":"https:\/\/lokalmagasinet.no\/?p=25554","og_locale":"nn_NO","og_type":"article","og_title":"Ikke mye br\u00e5k om spr\u00e5k | Lokalmagasinet.no","og_description":"(Publisert 28.01.25) (K\u00e5seri) Mye br\u00e5k har det jo ikke v\u00e6rt. Men gjennom \u00e5rene har vi skrevet en god del om spr\u00e5k, godt og d\u00e5rlig spr\u00e5k &#8211; ikke minst om feil ... Les merIkke mye br\u00e5k om spr\u00e5k","og_url":"https:\/\/lokalmagasinet.no\/?p=25554","og_site_name":"Lokalmagasinet.no","article_publisher":"https:\/\/www.facebook.com\/sveinharald.strand.1","article_author":"https:\/\/www.facebook.com\/sveinharald.strand.1","article_published_time":"2025-01-28T01:25:54+00:00","article_modified_time":"2025-01-28T15:09:20+00:00","og_image":[{"width":162,"height":200,"url":"https:\/\/lokalmagasinet.no\/wp-content\/uploads\/2022\/02\/Oyet.jpg","type":"image\/jpeg"}],"author":"Svein-Harald Strand","twitter_card":"summary_large_image","twitter_creator":"@LMExtra","twitter_site":"@LMExtra","twitter_misc":{"Written by":"Svein-Harald Strand","Est. reading time":"1 minutt"},"schema":{"@context":"https:\/\/schema.org","@graph":[{"@type":"Article","@id":"https:\/\/lokalmagasinet.no\/?p=25554#article","isPartOf":{"@id":"https:\/\/lokalmagasinet.no\/?p=25554"},"author":{"name":"Svein-Harald Strand","@id":"https:\/\/lokalmagasinet.no\/#\/schema\/person\/2e8d221708d3aaf6f577275b5bba4310"},"headline":"Ikke mye br\u00e5k om spr\u00e5k","datePublished":"2025-01-28T01:25:54+00:00","dateModified":"2025-01-28T15:09:20+00:00","mainEntityOfPage":{"@id":"https:\/\/lokalmagasinet.no\/?p=25554"},"wordCount":250,"publisher":{"@id":"https:\/\/lokalmagasinet.no\/#organization"},"image":{"@id":"https:\/\/lokalmagasinet.no\/?p=25554#primaryimage"},"thumbnailUrl":"https:\/\/lokalmagasinet.no\/wp-content\/uploads\/2022\/02\/Oyet.jpg","articleSection":["Aktuelt"],"inLanguage":"nn-NO"},{"@type":"WebPage","@id":"https:\/\/lokalmagasinet.no\/?p=25554","url":"https:\/\/lokalmagasinet.no\/?p=25554","name":"Ikke mye br\u00e5k om spr\u00e5k | Lokalmagasinet.no","isPartOf":{"@id":"https:\/\/lokalmagasinet.no\/#website"},"primaryImageOfPage":{"@id":"https:\/\/lokalmagasinet.no\/?p=25554#primaryimage"},"image":{"@id":"https:\/\/lokalmagasinet.no\/?p=25554#primaryimage"},"thumbnailUrl":"https:\/\/lokalmagasinet.no\/wp-content\/uploads\/2022\/02\/Oyet.jpg","datePublished":"2025-01-28T01:25:54+00:00","dateModified":"2025-01-28T15:09:20+00:00","breadcrumb":{"@id":"https:\/\/lokalmagasinet.no\/?p=25554#breadcrumb"},"inLanguage":"nn-NO","potentialAction":[{"@type":"ReadAction","target":["https:\/\/lokalmagasinet.no\/?p=25554"]}]},{"@type":"ImageObject","inLanguage":"nn-NO","@id":"https:\/\/lokalmagasinet.no\/?p=25554#primaryimage","url":"https:\/\/lokalmagasinet.no\/wp-content\/uploads\/2022\/02\/Oyet.jpg","contentUrl":"https:\/\/lokalmagasinet.no\/wp-content\/uploads\/2022\/02\/Oyet.jpg","width":162,"height":200},{"@type":"BreadcrumbList","@id":"https:\/\/lokalmagasinet.no\/?p=25554#breadcrumb","itemListElement":[{"@type":"ListItem","position":1,"name":"Hjem","item":"https:\/\/lokalmagasinet.no\/"},{"@type":"ListItem","position":2,"name":"Ikke mye br\u00e5k om spr\u00e5k"}]},{"@type":"WebSite","@id":"https:\/\/lokalmagasinet.no\/#website","url":"https:\/\/lokalmagasinet.no\/","name":"Lokalmagasinet.no","description":"Fra fortid og n\u00e5tid. Med st\u00e5sted i det n\u00e6re. Siden 2002.","publisher":{"@id":"https:\/\/lokalmagasinet.no\/#organization"},"potentialAction":[{"@type":"SearchAction","target":{"@type":"EntryPoint","urlTemplate":"https:\/\/lokalmagasinet.no\/?s={search_term_string}"},"query-input":{"@type":"PropertyValueSpecification","valueRequired":true,"valueName":"search_term_string"}}],"inLanguage":"nn-NO"},{"@type":"Organization","@id":"https:\/\/lokalmagasinet.no\/#organization","name":"Lokalmagasinet.no","url":"https:\/\/lokalmagasinet.no\/","logo":{"@type":"ImageObject","inLanguage":"nn-NO","@id":"https:\/\/lokalmagasinet.no\/#\/schema\/logo\/image\/","url":"https:\/\/lokalmagasinet.no\/wp-content\/uploads\/2021\/03\/cropped-cropped-cropped-cropped-cropped-cropped-lmlogo-e1640691300821.jpg","contentUrl":"https:\/\/lokalmagasinet.no\/wp-content\/uploads\/2021\/03\/cropped-cropped-cropped-cropped-cropped-cropped-lmlogo-e1640691300821.jpg","width":72,"height":118,"caption":"Lokalmagasinet.no"},"image":{"@id":"https:\/\/lokalmagasinet.no\/#\/schema\/logo\/image\/"},"sameAs":["https:\/\/www.facebook.com\/sveinharald.strand.1","https:\/\/x.com\/LMExtra"]},{"@type":"Person","@id":"https:\/\/lokalmagasinet.no\/#\/schema\/person\/2e8d221708d3aaf6f577275b5bba4310","name":"Svein-Harald Strand","image":{"@type":"ImageObject","inLanguage":"nn-NO","@id":"https:\/\/secure.gravatar.com\/avatar\/c487434bdf6cd7c12e4a88877ae4b12c38d22b7ad64292b49d33ed7503bb7ce1?s=96&d=mm&r=g","url":"https:\/\/secure.gravatar.com\/avatar\/c487434bdf6cd7c12e4a88877ae4b12c38d22b7ad64292b49d33ed7503bb7ce1?s=96&d=mm&r=g","contentUrl":"https:\/\/secure.gravatar.com\/avatar\/c487434bdf6cd7c12e4a88877ae4b12c38d22b7ad64292b49d33ed7503bb7ce1?s=96&d=mm&r=g","caption":"Svein-Harald Strand"},"description":"(F. 26.12.1945) Redakt\u00f8r, journalist og informasjonsarbeider siden 1968. ||| I 1963: Redaksjonell praktikant i 8 m\u00e5neder p\u00e5 full tid i Helgeland Arbeiderblad i hjembyen Mosj\u00f8en. ||| Arbeidende pensjonist med hjemmekontor fra 2008 (AFP) og videre som folkepensjonist til n\u00e5.","sameAs":["https:\/\/lokalmagasinet.no\/","https:\/\/www.facebook.com\/sveinharald.strand.1","https:\/\/x.com\/LMExtra"],"url":"https:\/\/lokalmagasinet.no\/?author=6"}]}},"_links":{"self":[{"href":"https:\/\/lokalmagasinet.no\/index.php?rest_route=\/wp\/v2\/posts\/25554","targetHints":{"allow":["GET"]}}],"collection":[{"href":"https:\/\/lokalmagasinet.no\/index.php?rest_route=\/wp\/v2\/posts"}],"about":[{"href":"https:\/\/lokalmagasinet.no\/index.php?rest_route=\/wp\/v2\/types\/post"}],"author":[{"embeddable":true,"href":"https:\/\/lokalmagasinet.no\/index.php?rest_route=\/wp\/v2\/users\/6"}],"replies":[{"embeddable":true,"href":"https:\/\/lokalmagasinet.no\/index.php?rest_route=%2Fwp%2Fv2%2Fcomments&post=25554"}],"version-history":[{"count":8,"href":"https:\/\/lokalmagasinet.no\/index.php?rest_route=\/wp\/v2\/posts\/25554\/revisions"}],"predecessor-version":[{"id":25571,"href":"https:\/\/lokalmagasinet.no\/index.php?rest_route=\/wp\/v2\/posts\/25554\/revisions\/25571"}],"wp:attachment":[{"href":"https:\/\/lokalmagasinet.no\/index.php?rest_route=%2Fwp%2Fv2%2Fmedia&parent=25554"}],"wp:term":[{"taxonomy":"category","embeddable":true,"href":"https:\/\/lokalmagasinet.no\/index.php?rest_route=%2Fwp%2Fv2%2Fcategories&post=25554"},{"taxonomy":"post_tag","embeddable":true,"href":"https:\/\/lokalmagasinet.no\/index.php?rest_route=%2Fwp%2Fv2%2Ftags&post=25554"}],"curies":[{"name":"wp","href":"https:\/\/api.w.org\/{rel}","templated":true}]}}