{"id":2606,"date":"2023-05-13T13:05:18","date_gmt":"2023-05-13T11:05:18","guid":{"rendered":"http:\/\/lokalmagasinet.no\/?page_id=2606"},"modified":"2023-05-13T16:17:41","modified_gmt":"2023-05-13T14:17:41","slug":"vestby-en-selvstendig-enklave","status":"publish","type":"post","link":"https:\/\/lokalmagasinet.no\/?p=2606","title":{"rendered":"Vestby &#8211; en selvstendig enklave?"},"content":{"rendered":"<div class=\"entry-content\">\n<p><img loading=\"lazy\" decoding=\"async\" class=\"alignnone size-full wp-image-752\" src=\"http:\/\/lokalmagasinet.no\/wp-content\/uploads\/2021\/02\/sjoroveralex.jpg\" alt=\"\" width=\"960\" height=\"731\" srcset=\"https:\/\/lokalmagasinet.no\/wp-content\/uploads\/2021\/02\/sjoroveralex.jpg 960w, https:\/\/lokalmagasinet.no\/wp-content\/uploads\/2021\/02\/sjoroveralex-300x228.jpg 300w, https:\/\/lokalmagasinet.no\/wp-content\/uploads\/2021\/02\/sjoroveralex-768x585.jpg 768w\" sizes=\"auto, (max-width: 960px) 100vw, 960px\" \/><\/p>\n<p style=\"text-align: center;\"><span style=\"font-family: arial, helvetica, sans-serif;\">LM Arkivfoto \/ Svein-H. Strand<\/span><\/p>\n<p class=\"has-drop-cap has-medium-font-size\"><span style=\"font-size: 18pt;\"><em>Norge var en gang en nasjon som besto av mange sm\u00e5 og store lokale og regionale \u201criker\u201d. Herfra stammer begrepet nessekonger. Det satt liksom \u00e9n konge p\u00e5 hvert nes og styrte over hver sin vik med innland og \u2013 i beste fall \u2013 litt omland dersom ingen hadde akslet seg til sm\u00e5konge med en aldri s\u00e5 liten h\u00e6r av bondesoldater.<\/em><\/span><\/p>\n<p style=\"text-align: center;\">(K\u00c5SERI av Svein-H. Strand) (Fra LM 08.09.08.)<\/p>\n<p style=\"text-align: center;\">(Republisert p\u00e5 WordPress 29.03.21 og 13.05.23)<\/p>\n<p><span style=\"font-size: 14pt;\">Olav (den hellige) Haraldsson, som titusener av oss n\u00e5levende nordmenn faktisk har et slektsskap til, samlet s\u00e5 angivelig Norge til ett rike i 1030. Det skjedde gjennom et r\u00e5tt og brutalt slag med et tankevekkende sterkt kristent fortegn som har holdt seg fram til dagen i dag. Hoder ble kappet av og overkropper sprettet opp s\u00e5 innvoller t\u00f8yt ut og ble liggende p\u00e5 Stiklestads ellers julivakre slagmark. Kanskje ikke rart at de bad sterke b\u00f8nner til sin gud b\u00e5de f\u00f8r og etter bestialitetene. Og etterp\u00e5 skjedde det angivelig mirakler med Olav, s\u00e5 han kunne helliggj\u00f8res.<\/span><\/p>\n<figure class=\"wp-block-image is-resized\"><\/figure>\n<p><img loading=\"lazy\" decoding=\"async\" class=\"size-full wp-image-2677 alignright\" src=\"http:\/\/lokalmagasinet.no\/wp-content\/uploads\/2021\/03\/skyggesand_slossing_stock.jpg\" alt=\"\" width=\"300\" height=\"199\" \/><\/p>\n<p class=\"has-text-align-left\" style=\"text-align: right;\"><em><span style=\"font-size: 12pt;\">Illustrasjonsfoto: Stock.exchng<\/span><\/em><\/p>\n<p><span style=\"font-size: 14pt;\">Men det var egentlig mye utap\u00e5 at riket ble samlet p\u00e5 Stiklestad i Verdal? En grei start p\u00e5 den store nasjonsbyggingen. En nasjonsbygging som etter hvert kom s\u00e5 langt at landet ble passe lekkert for \u00e5 bli lydrike under henholdsvis Danmark og Sverige i hundreder av \u00e5r.<\/span><\/p>\n<p><span style=\"font-size: 14pt;\">Min u\u00e6rb\u00f8dige p\u00e5stand er: Viktige deler av dagens kommunale selvstyre er for en stor del en fortsettelse av tiden med nessekonger, bare at den gang hadde de ikke noe som liknet Norske Kommuners Sentralforbund. Det skal vi se mer p\u00e5. Men f\u00f8rst dette tilbakeblikket:<\/span><\/p>\n<p><span style=\"font-size: 14pt;\">Nessekonge-styret var p\u00e5 mange m\u00e5ter en rasjonell styreform. Det var datidens lokale selvstyre, dannet ikke minst gjennom f\u00f8ringer som geografien og topografien la. Men det hadde selvf\u00f8lgelig ikke framtiden for seg i et rimelig sterkt territorialt, kulturelt og spr\u00e5klig fellesskap, s\u00e5 langstrakt som <em>Norv\u00e9gr<\/em> \u2013 vegen mot nord \u2013 var.<\/span><\/p>\n<p><span style=\"font-size: 14pt;\">Dette da i motsetning til hva som faktisk var tilfelle i statsdannelser med territorier i den virkelig lille skala. Ja, alle kjenner v\u00e5re h\u00f8yst oppeg\u00e5ende europeiske lilleputtstater Andorra, Liechtenstein, Monaco og San Marino. Fire stykker, faktisk, og hurra for dem. Ja fem da, hvis du i denne sammenheng absolutt vil regne med ogs\u00e5 Vatikanstaten, den verdslige delen av Vatikanets katolske Hellige Sj\u00f8 med paven i\u00a0 sjefsstolen.<\/span><\/p>\n<p><span style=\"font-size: 14pt;\">Sveits \u2013 som vi heldigvis ogs\u00e5 fortsatt har med oss \u2013 ble liksom en mellomting. Men Sveits best\u00e5r typisk nok av veldig selvstyrte regioner der n\u00e6r sagt alt mulig legges ut til folkeavstemming og n\u00e6r sagt alle er forn\u00f8yde med b\u00e5de dette og styresettet generelt.<\/span><\/p>\n<p><em><span style=\"font-size: 12pt;\">(LM ill.foto: Svein-H. Strand)<\/span><\/em><\/p>\n<p><span style=\"font-size: 14pt;\"><img loading=\"lazy\" decoding=\"async\" class=\"size-full wp-image-2676 alignleft\" src=\"http:\/\/lokalmagasinet.no\/wp-content\/uploads\/2021\/03\/trolltreet_0407_liten.jpg\" alt=\"\" width=\"221\" height=\"166\" \/>Nok om lilleputtstatene, og attende til Norv\u00e9gr. Mye m\u00e5tte gj\u00f8res, og mye ble gjort, for \u00e5 fremme riksstyret og Norge som en god og form\u00e5lstjenlig statsdannelse. B\u00e5de i forhold til det innlysende, prosaiske innenlandske behov for \u00e5 ha ulike enhetlige ordninger, og for relasjonene til v\u00e5re naboland. Reguleringen av statsorganenes og borgernes hverdag kunne jo ikke sprike i alle retninger!<\/span><\/p>\n<p><span style=\"font-size: 14pt;\">Men det var fortsatt behov for lokale og regionale styringsordninger, og regler for disse. Det var jo ikke hensiktsmessig at staten &#8211; og dens personifiserte representanter rundt omkring &#8211; detaljstyrte riket, og d\u00e9t helt ned til grendeniv\u00e5. Flere konsepter ble derfor pr\u00f8vd med mer og mindre hell. Noen ble utdaterte av samfunnsutviklingen i seg selv.<\/span><\/p>\n<p><span style=\"font-size: 14pt;\">Men saker og ting gikk seg pragmatisk til, i st\u00f8rre og mindre grad, enda det da som n\u00e5 alltid var noen som var \u201cstrukturelt uenige\u201d i det meste. Konstruksjoner basert p\u00e5 fornuft og felles nytte i forholdet mellom sentralmakten og \u201cdistriktsmakten\u201d fikk r\u00e5 grunnen, stort sett.<\/span><\/p>\n<p style=\"text-align: right;\"><em>(Illustrasjon: Stock.exchng)<\/em><\/p>\n<figure class=\"wp-block-image is-resized\"><\/figure>\n<p><img loading=\"lazy\" decoding=\"async\" class=\"size-full wp-image-2675 alignright\" src=\"http:\/\/lokalmagasinet.no\/wp-content\/uploads\/2021\/03\/brillerogklubbe_200.jpg\" alt=\"\" width=\"200\" height=\"150\" \/><\/p>\n<p><span style=\"font-size: 14pt;\">Tiden gikk, og i 1838 fikk vi formannskapslovene. Det ble et vannskille for det som i dag omtales som det lokale selvstyre, som det er et like stort behov for i dag som da loven tok til \u00e5 gjelde, 1. januar det \u00e5ret, n\u00e6r ett \u00e5r etter det historiske vedtaket.<\/span><\/p>\n<p><span style=\"font-size: 14pt;\"><strong>For \u00e5 gj\u00f8re en lang historie kort: Det lokale selvstyre som prinsipp, for det som var hensiktsmessig \u00e5 styre lokalt, er blitt godt brukt og omfavnet, for \u00e5 si det s\u00e5nn. <\/strong><\/span><\/p>\n<p><span style=\"font-size: 14pt;\">Men n\u00e5r det kommer til penger: Hvor mye er det <em>egentlig<\/em> \u00e5 styre for, n\u00e5r de lovp\u00e5lagte tiltakene, staten og fylkeskommunen har f\u00e5tt sitt?\u00a0 Selvf\u00f8lgelig ikke nok, sett fra en ordf\u00f8rer og r\u00e5dmanns side. Men det er n\u00e5 s\u00e5nn det er, dere.<\/span><\/p>\n<p><span style=\"font-size: 14pt;\">S\u00e5 er det da noen \u2013 og n\u00e5 begynner vi omsider \u00e5 komme til poenget \u2013 som synes at det kommunale selvstyre ikke bare burde styrkes, men ogs\u00e5 <em>utvides<\/em>. Og da snakker vi strengt tatt ikke om penger, men om hva staten ved regjeringen og nasjonalforsamlingen Stortinget skal <em>bestemme<\/em> p\u00e5 kommunenes vegne.<\/span><\/p>\n<p><span style=\"font-size: 14pt;\"><strong>Eller sagt p\u00e5 en annen m\u00e5te: Mange som jobber med og i kommunene, og som ofte har det som en karrierevei, vil at kommunene skal f\u00e5 <em>bestemme mer selv<\/em>. Og da snakker vi ikke om hvorvidt de skal ha pengespill-automater eller ei, for <em>der<\/em> hersker det utvilsomt et statlig diktatur overfor kommunene. <\/strong><\/span><\/p>\n<p><span style=\"font-size: 14pt;\">Nei, vi snakker for eksempel om en del lovp\u00e5lagte ting som mange kommuneansatte og ledende politikere veldig godt kunne tenke seg \u00e5 velge selv om de vil tilby innbyggerne sine. For eksempel: Hvorfor skal fattige Nedre Nissedal tvinges til \u00e5 ha alle de tilbudene som rike \u00d8vre Bl\u00e6rum har? Og s\u00e5 videre.<\/span><\/p>\n<figure class=\"wp-block-image is-resized\"><\/figure>\n<p><em><span style=\"font-size: 12pt;\">Illustrasjon: Stock.exchng<\/span><\/em><\/p>\n<p><span style=\"font-size: 14pt;\"><img loading=\"lazy\" decoding=\"async\" class=\"size-full wp-image-2674 alignleft\" src=\"http:\/\/lokalmagasinet.no\/wp-content\/uploads\/2021\/03\/skeptical_stock.jpg\" alt=\"\" width=\"300\" height=\"206\" \/>\u2013 Mer selvstyre! Mer selvstyre, ropes det fra fjorder, fjell og daler. Ja, hele regioner vil ha selvstyre, med rike Vestlandet i front. Hvor dette f\u00f8rer hen, blir veldig spennende \u00e5 se. Et regionenes Europa er jo ogs\u00e5 en slags EU-visjon.<\/span><br \/>\n<span style=\"font-size: 14pt;\"><strong><br \/>\nMen for dem som ikke lever s\u00e5 lenge at de f\u00e5r se, s\u00e5 finnes det andre muligheter for \u00e5 utvide handlingsrommet overfor sentrale myndigheter <\/strong>\u2013 <strong>fylkesmyndigheter ogs\u00e5. <em>De kan nemlig nekte for at den overordnede myndighet har rett! <\/em><\/strong><\/span><\/p>\n<p><span style=\"font-size: 14pt;\">Vestby blir mer og mer en s\u00e5nn kommune, hva det n\u00e5 kommer av.<\/span><\/p>\n<p><span style=\"font-size: 14pt;\">\u2013 Vi har hjemmel for rammetillatelsen, vi. Hjemmelen ligger i reguleringsplanen for omr\u00e5det. Det sier r\u00e5dmann Knut Haugestad n\u00e5r fylkeskommunen sier nei p\u00e5 formelt grunnlag, nei til at en stor bedriftsetablering, et s\u00e5kalt outlet-senter, kan settes i gang rent anleggsmessig.<\/span><\/p>\n<p><span style=\"font-size: 14pt;\"><em>\u2013 Dette er ikke god nok hjemmel, svarer fylkesr\u00e5dmannen tilbake.<\/em><\/span><\/p>\n<p><span style=\"font-size: 14pt;\">Store bedrifter som vil fort p\u00e5 plass er tydeligvis snadder for dem som leder kommunen v\u00e5r. For her lukter det masse penger til en kommunekasse p\u00e5 randen av sammenbrudd n\u00e5 n\u00e5r en diger l\u00e5negjeld skal betjenes fullt ut, ikke bare med renter.<\/span><\/p>\n<p><span style=\"font-size: 14pt;\"><strong>Fylkesr\u00e5dmannen er naturlig nok betenkt over at tiltaket er vurdert og godkjent <em>p\u00e5 grunnlag av en 23 \u00e5r gammel reguleringsplan.<\/em> En reguleringsplan som var utarbeidet konkret med tanke p\u00e5 en utvidelse av Det Norske M\u00f8belsenter!<\/strong><\/span><\/p>\n<p><span style=\"font-size: 14pt;\">MILJ\u00d8VERNDEPARTEMENTET <strong>\u2013 <\/strong>og n\u00e5 er vi h\u00f8yt oppe i linjen, som det heter i store organisasjoner <strong>\u2013 <\/strong>kommer ogs\u00e5 p\u00e5 banen.<\/span><\/p>\n<p><span style=\"font-size: 14pt;\">De sier til kommunen at den ikke m\u00e5 gi denne typen tillatelser. Ikke til noen! Ikke f\u00f8r <em>Rikspolitisk bestemmelse om kj\u00f8pesentre<\/em> er vedtatt.<\/span><\/p>\n<p><span style=\"font-size: 14pt;\">Men r\u00e5dmannen lar seg ikke bli tilrettevist av departementet p\u00e5 denne m\u00e5ten.<\/span><\/p>\n<p><span style=\"font-size: 14pt;\"><strong> \u2013 Departementet varsler om en framtidig lovendring. <em>Fra kommunens side <\/em>s\u00e5 er <em>gjeldende rett<\/em> et godt utgangspunkt. Framtid er framtid, sier han \u2013 ikke fortrolig over matpakka i lunsjpausen, men til \u00d8stlandets Blad.<\/strong><\/span><\/p>\n<p><span style=\"font-size: 14pt;\">S\u00e5 der har du l\u00f8senordene: \u201cGjeldende rett\u201d. Og: \u201cFramtid er framtid\u201d. Utlagt: Kom ikke her og snakk til oss om bestemmelser som kommer, for de finnes ikke. Ja, de beh\u00f8ver vi ikke ta det minste hensyn til f\u00f8r den dagen de er her. Ikke vi i Vestby.<\/span><\/p>\n<p><span style=\"font-size: 14pt;\">Men historien slutter ikke der. For kommunen har ikke bare r\u00e5dmann Haugestad som en slags v\u00e5r tids nessekonge. I sitt svarbrev til b\u00e5de Fylkesmannens milj\u00f8vernavdeling og Akershus fylkeskommune hevder kommunens bygningssjef at det ikke er s\u00e5kalt motstrid mellom reguleringsplanen og kommuneplanen for Vestby. Og fylkesdelplanen for Vestby er dessuten ikke juridisk bindende, alts\u00e5, if\u00f8lge bygningssjefen.<\/span><\/p>\n<p><span style=\"font-size: 14pt;\">Derfor, if\u00f8lge samme bygningssjef:<\/span><\/p>\n<p><span style=\"font-size: 14pt;\"><em> \u201cBestemmelser i fylkesdelplan er s\u00e5ledes ikke hjemmelsgrunnlag for verken avslag eller tillatelser i byggesaksbehandlingen av rammes\u00f8knader og igangsettingss\u00f8knader etter plan- og bygningslovens paragraf 93.\u201d <\/em><\/span><\/p>\n<p><span style=\"font-size: 14pt;\">Men hvorfor vet de ikke det som bygningssjefen vet, de som jobber i Akershus fylkeskommune? Og hvorfor tror Milj\u00f8verndepartementet at de kan diktere r\u00e5dmann Knut Haugestad saker og ting? Jeg forst\u00e5r rett og slett ikke dette.<\/span><\/p>\n<p><span style=\"font-size: 14pt;\">Dessuten: Vet ikke b\u00e5de fylkeskommunen og departementet at dersom Haugestad og tillike bygningssjefen skulle falle i kamp, s\u00e5 har vi jo alltid r\u00e5dmannens spesialr\u00e5dgiver? Han som reiser inn til selveste statens representant i Oslo og Akershus for \u00e5 opponere, n\u00e5r denne Fylkesmannen g\u00e5r ham imot i en viktig klagesak i Vestby-riket.<\/span><\/p>\n<p><span style=\"font-size: 14pt;\">Bak spesalr\u00e5dgiveren igjen har vi sannelig et helt lite politisk lokalvern-kompani best\u00e5ende av ordf\u00f8rer, varaordf\u00f8rer og gruppeledere i Ap og Frp, dersom det skulle bli mannefall i hele frontavsnittet. Jo, vi st\u00e5r oss veldig godt!<\/span><\/p>\n<p><span style=\"font-size: 14pt;\"><strong>S\u00e5 hvorfor tar ikke Vestby skrittet fullt ut og s\u00f8ker om l\u00f8srivelse fra kongeriket?<br \/>\n<\/strong><\/span><br \/>\n<span style=\"font-size: 14pt;\">Jeg vet rett og slett ikke, dere. Men kan det v\u00e6re fordi det er bedre for maktmenneskene, s\u00e5nn som det er n\u00e5? Et frihetlig demoteknokrati som egentlig er en fordekt nessekonge-enklave helt s\u00f8r i Akershus? Du kan jo tenke over saken selv.<\/span><\/p>\n<\/div>\n<p>Views: 587<\/p>","protected":false},"excerpt":{"rendered":"<p>LM Arkivfoto \/ Svein-H. Strand Norge var en gang en nasjon som besto av mange sm\u00e5 og store lokale og regionale \u201criker\u201d. Herfra stammer begrepet nessekonger. Det satt liksom \u00e9n &#8230; <\/p>\n<p class=\"read-more-container\"><a title=\"Vestby &#8211; en selvstendig enklave?\" class=\"read-more button\" href=\"https:\/\/lokalmagasinet.no\/?p=2606#more-2606\">Les mer<span class=\"screen-reader-text\">Vestby &#8211; en selvstendig enklave?<\/span><\/a><\/p>\n","protected":false},"author":6,"featured_media":8348,"comment_status":"closed","ping_status":"open","sticky":false,"template":"","format":"standard","meta":{"footnotes":""},"categories":[42],"tags":[],"class_list":["post-2606","post","type-post","status-publish","format-standard","has-post-thumbnail","hentry","category-kaseri"],"yoast_head":"<!-- This site is optimized with the Yoast SEO plugin v27.4 - https:\/\/yoast.com\/product\/yoast-seo-wordpress\/ -->\n<title>Vestby - en selvstendig enklave? | Lokalmagasinet.no<\/title>\n<meta name=\"robots\" content=\"index, follow, max-snippet:-1, max-image-preview:large, max-video-preview:-1\" \/>\n<link rel=\"canonical\" href=\"https:\/\/lokalmagasinet.no\/?p=2606\" \/>\n<meta property=\"og:locale\" content=\"nn_NO\" \/>\n<meta property=\"og:type\" content=\"article\" \/>\n<meta property=\"og:title\" content=\"Vestby - en selvstendig enklave? | Lokalmagasinet.no\" \/>\n<meta property=\"og:description\" content=\"LM Arkivfoto \/ Svein-H. Strand Norge var en gang en nasjon som besto av mange sm\u00e5 og store lokale og regionale \u201criker\u201d. Herfra stammer begrepet nessekonger. Det satt liksom \u00e9n ... Les merVestby &#8211; en selvstendig enklave?\" \/>\n<meta property=\"og:url\" content=\"https:\/\/lokalmagasinet.no\/?p=2606\" \/>\n<meta property=\"og:site_name\" content=\"Lokalmagasinet.no\" \/>\n<meta property=\"article:publisher\" content=\"https:\/\/www.facebook.com\/sveinharald.strand.1\" \/>\n<meta property=\"article:author\" content=\"https:\/\/www.facebook.com\/sveinharald.strand.1\" \/>\n<meta property=\"article:published_time\" content=\"2023-05-13T11:05:18+00:00\" \/>\n<meta property=\"article:modified_time\" content=\"2023-05-13T14:17:41+00:00\" \/>\n<meta property=\"og:image\" content=\"https:\/\/lokalmagasinet.no\/wp-content\/uploads\/2022\/02\/119139405_3494524527328927_7635221720616051023_n.jpg\" \/>\n\t<meta property=\"og:image:width\" content=\"425\" \/>\n\t<meta property=\"og:image:height\" content=\"282\" \/>\n\t<meta property=\"og:image:type\" content=\"image\/jpeg\" \/>\n<meta name=\"author\" content=\"Svein-Harald Strand\" \/>\n<meta name=\"twitter:card\" content=\"summary_large_image\" \/>\n<meta name=\"twitter:creator\" content=\"@LMExtra\" \/>\n<meta name=\"twitter:site\" content=\"@LMExtra\" \/>\n<meta name=\"twitter:label1\" content=\"Written by\" \/>\n\t<meta name=\"twitter:data1\" content=\"Svein-Harald Strand\" \/>\n\t<meta name=\"twitter:label2\" content=\"Est. reading time\" \/>\n\t<meta name=\"twitter:data2\" content=\"8 minutt\" \/>\n<script type=\"application\/ld+json\" class=\"yoast-schema-graph\">{\"@context\":\"https:\\\/\\\/schema.org\",\"@graph\":[{\"@type\":\"Article\",\"@id\":\"https:\\\/\\\/lokalmagasinet.no\\\/?p=2606#article\",\"isPartOf\":{\"@id\":\"https:\\\/\\\/lokalmagasinet.no\\\/?p=2606\"},\"author\":{\"name\":\"Svein-Harald Strand\",\"@id\":\"https:\\\/\\\/lokalmagasinet.no\\\/#\\\/schema\\\/person\\\/2e8d221708d3aaf6f577275b5bba4310\"},\"headline\":\"Vestby &#8211; en selvstendig enklave?\",\"datePublished\":\"2023-05-13T11:05:18+00:00\",\"dateModified\":\"2023-05-13T14:17:41+00:00\",\"mainEntityOfPage\":{\"@id\":\"https:\\\/\\\/lokalmagasinet.no\\\/?p=2606\"},\"wordCount\":1561,\"publisher\":{\"@id\":\"https:\\\/\\\/lokalmagasinet.no\\\/#organization\"},\"image\":{\"@id\":\"https:\\\/\\\/lokalmagasinet.no\\\/?p=2606#primaryimage\"},\"thumbnailUrl\":\"https:\\\/\\\/lokalmagasinet.no\\\/wp-content\\\/uploads\\\/2022\\\/02\\\/119139405_3494524527328927_7635221720616051023_n.jpg\",\"articleSection\":[\"K\u00e5seri\"],\"inLanguage\":\"nn-NO\"},{\"@type\":\"WebPage\",\"@id\":\"https:\\\/\\\/lokalmagasinet.no\\\/?p=2606\",\"url\":\"https:\\\/\\\/lokalmagasinet.no\\\/?p=2606\",\"name\":\"Vestby - en selvstendig enklave? | Lokalmagasinet.no\",\"isPartOf\":{\"@id\":\"https:\\\/\\\/lokalmagasinet.no\\\/#website\"},\"primaryImageOfPage\":{\"@id\":\"https:\\\/\\\/lokalmagasinet.no\\\/?p=2606#primaryimage\"},\"image\":{\"@id\":\"https:\\\/\\\/lokalmagasinet.no\\\/?p=2606#primaryimage\"},\"thumbnailUrl\":\"https:\\\/\\\/lokalmagasinet.no\\\/wp-content\\\/uploads\\\/2022\\\/02\\\/119139405_3494524527328927_7635221720616051023_n.jpg\",\"datePublished\":\"2023-05-13T11:05:18+00:00\",\"dateModified\":\"2023-05-13T14:17:41+00:00\",\"breadcrumb\":{\"@id\":\"https:\\\/\\\/lokalmagasinet.no\\\/?p=2606#breadcrumb\"},\"inLanguage\":\"nn-NO\",\"potentialAction\":[{\"@type\":\"ReadAction\",\"target\":[\"https:\\\/\\\/lokalmagasinet.no\\\/?p=2606\"]}]},{\"@type\":\"ImageObject\",\"inLanguage\":\"nn-NO\",\"@id\":\"https:\\\/\\\/lokalmagasinet.no\\\/?p=2606#primaryimage\",\"url\":\"https:\\\/\\\/lokalmagasinet.no\\\/wp-content\\\/uploads\\\/2022\\\/02\\\/119139405_3494524527328927_7635221720616051023_n.jpg\",\"contentUrl\":\"https:\\\/\\\/lokalmagasinet.no\\\/wp-content\\\/uploads\\\/2022\\\/02\\\/119139405_3494524527328927_7635221720616051023_n.jpg\",\"width\":425,\"height\":282,\"caption\":\"R\u00e5dhuset i Vestby kommune, i stasjonsbyen Vestby. (LM Arkivfoto \\\/ Svein-H. Strand)\"},{\"@type\":\"BreadcrumbList\",\"@id\":\"https:\\\/\\\/lokalmagasinet.no\\\/?p=2606#breadcrumb\",\"itemListElement\":[{\"@type\":\"ListItem\",\"position\":1,\"name\":\"Hjem\",\"item\":\"https:\\\/\\\/lokalmagasinet.no\\\/\"},{\"@type\":\"ListItem\",\"position\":2,\"name\":\"Vestby &#8211; en selvstendig enklave?\"}]},{\"@type\":\"WebSite\",\"@id\":\"https:\\\/\\\/lokalmagasinet.no\\\/#website\",\"url\":\"https:\\\/\\\/lokalmagasinet.no\\\/\",\"name\":\"Lokalmagasinet.no\",\"description\":\"Fra fortid og n\u00e5tid. Med st\u00e5sted i det n\u00e6re. Siden 2002.\",\"publisher\":{\"@id\":\"https:\\\/\\\/lokalmagasinet.no\\\/#organization\"},\"potentialAction\":[{\"@type\":\"SearchAction\",\"target\":{\"@type\":\"EntryPoint\",\"urlTemplate\":\"https:\\\/\\\/lokalmagasinet.no\\\/?s={search_term_string}\"},\"query-input\":{\"@type\":\"PropertyValueSpecification\",\"valueRequired\":true,\"valueName\":\"search_term_string\"}}],\"inLanguage\":\"nn-NO\"},{\"@type\":\"Organization\",\"@id\":\"https:\\\/\\\/lokalmagasinet.no\\\/#organization\",\"name\":\"Lokalmagasinet.no\",\"url\":\"https:\\\/\\\/lokalmagasinet.no\\\/\",\"logo\":{\"@type\":\"ImageObject\",\"inLanguage\":\"nn-NO\",\"@id\":\"https:\\\/\\\/lokalmagasinet.no\\\/#\\\/schema\\\/logo\\\/image\\\/\",\"url\":\"https:\\\/\\\/lokalmagasinet.no\\\/wp-content\\\/uploads\\\/2021\\\/03\\\/cropped-cropped-cropped-cropped-cropped-cropped-lmlogo-e1640691300821.jpg\",\"contentUrl\":\"https:\\\/\\\/lokalmagasinet.no\\\/wp-content\\\/uploads\\\/2021\\\/03\\\/cropped-cropped-cropped-cropped-cropped-cropped-lmlogo-e1640691300821.jpg\",\"width\":72,\"height\":118,\"caption\":\"Lokalmagasinet.no\"},\"image\":{\"@id\":\"https:\\\/\\\/lokalmagasinet.no\\\/#\\\/schema\\\/logo\\\/image\\\/\"},\"sameAs\":[\"https:\\\/\\\/www.facebook.com\\\/sveinharald.strand.1\",\"https:\\\/\\\/x.com\\\/LMExtra\"]},{\"@type\":\"Person\",\"@id\":\"https:\\\/\\\/lokalmagasinet.no\\\/#\\\/schema\\\/person\\\/2e8d221708d3aaf6f577275b5bba4310\",\"name\":\"Svein-Harald Strand\",\"image\":{\"@type\":\"ImageObject\",\"inLanguage\":\"nn-NO\",\"@id\":\"https:\\\/\\\/secure.gravatar.com\\\/avatar\\\/c487434bdf6cd7c12e4a88877ae4b12c38d22b7ad64292b49d33ed7503bb7ce1?s=96&d=mm&r=g\",\"url\":\"https:\\\/\\\/secure.gravatar.com\\\/avatar\\\/c487434bdf6cd7c12e4a88877ae4b12c38d22b7ad64292b49d33ed7503bb7ce1?s=96&d=mm&r=g\",\"contentUrl\":\"https:\\\/\\\/secure.gravatar.com\\\/avatar\\\/c487434bdf6cd7c12e4a88877ae4b12c38d22b7ad64292b49d33ed7503bb7ce1?s=96&d=mm&r=g\",\"caption\":\"Svein-Harald Strand\"},\"description\":\"(F. 26.12.1945) Redakt\u00f8r, journalist og informasjonsarbeider siden 1968. ||| I 1963: Redaksjonell praktikant i 8 m\u00e5neder p\u00e5 full tid i Helgeland Arbeiderblad i hjembyen Mosj\u00f8en. ||| Arbeidende pensjonist med hjemmekontor fra 2008 (AFP) og videre som folkepensjonist til n\u00e5.\",\"sameAs\":[\"https:\\\/\\\/lokalmagasinet.no\\\/\",\"https:\\\/\\\/www.facebook.com\\\/sveinharald.strand.1\",\"https:\\\/\\\/x.com\\\/LMExtra\"],\"url\":\"https:\\\/\\\/lokalmagasinet.no\\\/?author=6\"}]}<\/script>\n<!-- \/ Yoast SEO plugin. -->","yoast_head_json":{"title":"Vestby - en selvstendig enklave? | Lokalmagasinet.no","robots":{"index":"index","follow":"follow","max-snippet":"max-snippet:-1","max-image-preview":"max-image-preview:large","max-video-preview":"max-video-preview:-1"},"canonical":"https:\/\/lokalmagasinet.no\/?p=2606","og_locale":"nn_NO","og_type":"article","og_title":"Vestby - en selvstendig enklave? | Lokalmagasinet.no","og_description":"LM Arkivfoto \/ Svein-H. Strand Norge var en gang en nasjon som besto av mange sm\u00e5 og store lokale og regionale \u201criker\u201d. Herfra stammer begrepet nessekonger. Det satt liksom \u00e9n ... Les merVestby &#8211; en selvstendig enklave?","og_url":"https:\/\/lokalmagasinet.no\/?p=2606","og_site_name":"Lokalmagasinet.no","article_publisher":"https:\/\/www.facebook.com\/sveinharald.strand.1","article_author":"https:\/\/www.facebook.com\/sveinharald.strand.1","article_published_time":"2023-05-13T11:05:18+00:00","article_modified_time":"2023-05-13T14:17:41+00:00","og_image":[{"width":425,"height":282,"url":"https:\/\/lokalmagasinet.no\/wp-content\/uploads\/2022\/02\/119139405_3494524527328927_7635221720616051023_n.jpg","type":"image\/jpeg"}],"author":"Svein-Harald Strand","twitter_card":"summary_large_image","twitter_creator":"@LMExtra","twitter_site":"@LMExtra","twitter_misc":{"Written by":"Svein-Harald Strand","Est. reading time":"8 minutt"},"schema":{"@context":"https:\/\/schema.org","@graph":[{"@type":"Article","@id":"https:\/\/lokalmagasinet.no\/?p=2606#article","isPartOf":{"@id":"https:\/\/lokalmagasinet.no\/?p=2606"},"author":{"name":"Svein-Harald Strand","@id":"https:\/\/lokalmagasinet.no\/#\/schema\/person\/2e8d221708d3aaf6f577275b5bba4310"},"headline":"Vestby &#8211; en selvstendig enklave?","datePublished":"2023-05-13T11:05:18+00:00","dateModified":"2023-05-13T14:17:41+00:00","mainEntityOfPage":{"@id":"https:\/\/lokalmagasinet.no\/?p=2606"},"wordCount":1561,"publisher":{"@id":"https:\/\/lokalmagasinet.no\/#organization"},"image":{"@id":"https:\/\/lokalmagasinet.no\/?p=2606#primaryimage"},"thumbnailUrl":"https:\/\/lokalmagasinet.no\/wp-content\/uploads\/2022\/02\/119139405_3494524527328927_7635221720616051023_n.jpg","articleSection":["K\u00e5seri"],"inLanguage":"nn-NO"},{"@type":"WebPage","@id":"https:\/\/lokalmagasinet.no\/?p=2606","url":"https:\/\/lokalmagasinet.no\/?p=2606","name":"Vestby - en selvstendig enklave? | Lokalmagasinet.no","isPartOf":{"@id":"https:\/\/lokalmagasinet.no\/#website"},"primaryImageOfPage":{"@id":"https:\/\/lokalmagasinet.no\/?p=2606#primaryimage"},"image":{"@id":"https:\/\/lokalmagasinet.no\/?p=2606#primaryimage"},"thumbnailUrl":"https:\/\/lokalmagasinet.no\/wp-content\/uploads\/2022\/02\/119139405_3494524527328927_7635221720616051023_n.jpg","datePublished":"2023-05-13T11:05:18+00:00","dateModified":"2023-05-13T14:17:41+00:00","breadcrumb":{"@id":"https:\/\/lokalmagasinet.no\/?p=2606#breadcrumb"},"inLanguage":"nn-NO","potentialAction":[{"@type":"ReadAction","target":["https:\/\/lokalmagasinet.no\/?p=2606"]}]},{"@type":"ImageObject","inLanguage":"nn-NO","@id":"https:\/\/lokalmagasinet.no\/?p=2606#primaryimage","url":"https:\/\/lokalmagasinet.no\/wp-content\/uploads\/2022\/02\/119139405_3494524527328927_7635221720616051023_n.jpg","contentUrl":"https:\/\/lokalmagasinet.no\/wp-content\/uploads\/2022\/02\/119139405_3494524527328927_7635221720616051023_n.jpg","width":425,"height":282,"caption":"R\u00e5dhuset i Vestby kommune, i stasjonsbyen Vestby. (LM Arkivfoto \/ Svein-H. Strand)"},{"@type":"BreadcrumbList","@id":"https:\/\/lokalmagasinet.no\/?p=2606#breadcrumb","itemListElement":[{"@type":"ListItem","position":1,"name":"Hjem","item":"https:\/\/lokalmagasinet.no\/"},{"@type":"ListItem","position":2,"name":"Vestby &#8211; en selvstendig enklave?"}]},{"@type":"WebSite","@id":"https:\/\/lokalmagasinet.no\/#website","url":"https:\/\/lokalmagasinet.no\/","name":"Lokalmagasinet.no","description":"Fra fortid og n\u00e5tid. Med st\u00e5sted i det n\u00e6re. Siden 2002.","publisher":{"@id":"https:\/\/lokalmagasinet.no\/#organization"},"potentialAction":[{"@type":"SearchAction","target":{"@type":"EntryPoint","urlTemplate":"https:\/\/lokalmagasinet.no\/?s={search_term_string}"},"query-input":{"@type":"PropertyValueSpecification","valueRequired":true,"valueName":"search_term_string"}}],"inLanguage":"nn-NO"},{"@type":"Organization","@id":"https:\/\/lokalmagasinet.no\/#organization","name":"Lokalmagasinet.no","url":"https:\/\/lokalmagasinet.no\/","logo":{"@type":"ImageObject","inLanguage":"nn-NO","@id":"https:\/\/lokalmagasinet.no\/#\/schema\/logo\/image\/","url":"https:\/\/lokalmagasinet.no\/wp-content\/uploads\/2021\/03\/cropped-cropped-cropped-cropped-cropped-cropped-lmlogo-e1640691300821.jpg","contentUrl":"https:\/\/lokalmagasinet.no\/wp-content\/uploads\/2021\/03\/cropped-cropped-cropped-cropped-cropped-cropped-lmlogo-e1640691300821.jpg","width":72,"height":118,"caption":"Lokalmagasinet.no"},"image":{"@id":"https:\/\/lokalmagasinet.no\/#\/schema\/logo\/image\/"},"sameAs":["https:\/\/www.facebook.com\/sveinharald.strand.1","https:\/\/x.com\/LMExtra"]},{"@type":"Person","@id":"https:\/\/lokalmagasinet.no\/#\/schema\/person\/2e8d221708d3aaf6f577275b5bba4310","name":"Svein-Harald Strand","image":{"@type":"ImageObject","inLanguage":"nn-NO","@id":"https:\/\/secure.gravatar.com\/avatar\/c487434bdf6cd7c12e4a88877ae4b12c38d22b7ad64292b49d33ed7503bb7ce1?s=96&d=mm&r=g","url":"https:\/\/secure.gravatar.com\/avatar\/c487434bdf6cd7c12e4a88877ae4b12c38d22b7ad64292b49d33ed7503bb7ce1?s=96&d=mm&r=g","contentUrl":"https:\/\/secure.gravatar.com\/avatar\/c487434bdf6cd7c12e4a88877ae4b12c38d22b7ad64292b49d33ed7503bb7ce1?s=96&d=mm&r=g","caption":"Svein-Harald Strand"},"description":"(F. 26.12.1945) Redakt\u00f8r, journalist og informasjonsarbeider siden 1968. ||| I 1963: Redaksjonell praktikant i 8 m\u00e5neder p\u00e5 full tid i Helgeland Arbeiderblad i hjembyen Mosj\u00f8en. ||| Arbeidende pensjonist med hjemmekontor fra 2008 (AFP) og videre som folkepensjonist til n\u00e5.","sameAs":["https:\/\/lokalmagasinet.no\/","https:\/\/www.facebook.com\/sveinharald.strand.1","https:\/\/x.com\/LMExtra"],"url":"https:\/\/lokalmagasinet.no\/?author=6"}]}},"_links":{"self":[{"href":"https:\/\/lokalmagasinet.no\/index.php?rest_route=\/wp\/v2\/posts\/2606","targetHints":{"allow":["GET"]}}],"collection":[{"href":"https:\/\/lokalmagasinet.no\/index.php?rest_route=\/wp\/v2\/posts"}],"about":[{"href":"https:\/\/lokalmagasinet.no\/index.php?rest_route=\/wp\/v2\/types\/post"}],"author":[{"embeddable":true,"href":"https:\/\/lokalmagasinet.no\/index.php?rest_route=\/wp\/v2\/users\/6"}],"replies":[{"embeddable":true,"href":"https:\/\/lokalmagasinet.no\/index.php?rest_route=%2Fwp%2Fv2%2Fcomments&post=2606"}],"version-history":[{"count":33,"href":"https:\/\/lokalmagasinet.no\/index.php?rest_route=\/wp\/v2\/posts\/2606\/revisions"}],"predecessor-version":[{"id":15980,"href":"https:\/\/lokalmagasinet.no\/index.php?rest_route=\/wp\/v2\/posts\/2606\/revisions\/15980"}],"wp:featuredmedia":[{"embeddable":true,"href":"https:\/\/lokalmagasinet.no\/index.php?rest_route=\/wp\/v2\/media\/8348"}],"wp:attachment":[{"href":"https:\/\/lokalmagasinet.no\/index.php?rest_route=%2Fwp%2Fv2%2Fmedia&parent=2606"}],"wp:term":[{"taxonomy":"category","embeddable":true,"href":"https:\/\/lokalmagasinet.no\/index.php?rest_route=%2Fwp%2Fv2%2Fcategories&post=2606"},{"taxonomy":"post_tag","embeddable":true,"href":"https:\/\/lokalmagasinet.no\/index.php?rest_route=%2Fwp%2Fv2%2Ftags&post=2606"}],"curies":[{"name":"wp","href":"https:\/\/api.w.org\/{rel}","templated":true}]}}