{"id":26102,"date":"2025-02-20T23:04:24","date_gmt":"2025-02-20T22:04:24","guid":{"rendered":"https:\/\/lokalmagasinet.no\/?p=26102"},"modified":"2025-02-21T11:55:47","modified_gmt":"2025-02-21T10:55:47","slug":"mosjoen-150-ar-pioner-for-organisert-idrett-i-landsdelen","status":"publish","type":"post","link":"https:\/\/lokalmagasinet.no\/?p=26102","title":{"rendered":"#Mosj\u00f8en 150 \u00c5R Pioner for organisert idrett i landsdelen"},"content":{"rendered":"<p><a href=\"https:\/\/lokalmagasinet.no\/wp-content\/uploads\/2021\/02\/Mosjoen-Hornmusikk-med-pappa-og-meg.jpg\"><img loading=\"lazy\" decoding=\"async\" class=\"alignleft wp-image-1011 size-medium\" src=\"https:\/\/lokalmagasinet.no\/wp-content\/uploads\/2021\/02\/Mosjoen-Hornmusikk-med-pappa-og-meg-300x196.jpg\" alt=\"\" width=\"300\" height=\"196\" srcset=\"https:\/\/lokalmagasinet.no\/wp-content\/uploads\/2021\/02\/Mosjoen-Hornmusikk-med-pappa-og-meg-300x196.jpg 300w, https:\/\/lokalmagasinet.no\/wp-content\/uploads\/2021\/02\/Mosjoen-Hornmusikk-med-pappa-og-meg-768x502.jpg 768w, https:\/\/lokalmagasinet.no\/wp-content\/uploads\/2021\/02\/Mosjoen-Hornmusikk-med-pappa-og-meg.jpg 1024w\" sizes=\"auto, (max-width: 300px) 100vw, 300px\" \/><\/a>(Publisert 20.02.25) (Del 2) <strong>Mosj\u00f8en var en pioner med organisert idrett i landsdelen. I boka om idrettslagets virksomhet gjennom 100 \u00e5r kan vi ogs\u00e5 lese at <em>&laquo;det er bemerkelsesverdig hvordan vefsningene oppfanget tidstr\u00f8mningene, ikke bare ved \u00e5 registrere dem, men ved \u00e5 organisere seg og g\u00e5 aktivt inn i dem.&raquo;<\/em><\/strong><\/p>\n<p><strong>Mosj\u00f8en Hornmusikk<\/strong> (bildet) var en realitet allerede fra 1880. (Et av de tre f\u00f8rste korpsene som ble startet i Norge &#8211; og som lever og blomstrer den dag i dag. (<em>red.anm.<\/em>)<\/p>\n<p>Misjonsforeningene var noen av de f\u00f8rste, og s\u00e5 fulgte de f\u00f8rste sangforeningene.<\/p>\n<p>POLITISKE PARTI ble stiftet. I 1869: Bondevennene. I 1880 kom b\u00e5de Venstre og H\u00f8ire.<\/p>\n<p>Sitater: <em>&laquo;Det er vel kjent at vefsningene var et Venstre-reir med liberal holdning i by og bygd.&raquo;<\/em><\/p>\n<p>Og: <em>&laquo;F\u00f8r \u00e5rhundreskiftet rant ut, var ogs\u00e5 <code>den farlige Venstre-skolen<\/code>, Vefsn Folkeh\u00f8gskole, rotfast.&raquo;<\/em><\/p>\n<p>HENRIK MOE JACOBSEN, bystyrerepresentant for Mosj\u00f8en Arbeiderparti i 1920-1931, startet Vefsna Arbeiderblad\u00a0 i 1929, og ble redakt\u00f8r der.<\/p>\n<p>Senere ble han redakt\u00f8r av Helgeland Arbeiderblad, mens Vefsna Arbeiderblad gikk inn i <em>Helgeland Arbeiderblad<\/em> fra 1931.<\/p>\n<p>(Avisa lever fortsatt, men endret navn til <em>Helgelendingen<\/em> for noen \u00e5r siden, med helg.no som nettavisen deres heter. (<em>red. anm.<\/em>)<\/p>\n<p>DEN TYSKE OKKPASJONEN. Tyskerne okkuperte Mosj\u00f8en under hele krigen fra mai 1940 til mai 1945.<\/p>\n<p>I Del 3 skal vi se litt om hvordan dette p\u00e5virket idrettsbevegelsen i Mosj\u00f8en by og i Vefsn kommune som byen da var omsluttet av. Og om idrettslagets enest\u00e5ende arbeid med <em>revyoppsetninger<\/em> etter krigen.<\/p>\n<p><em><strong>St.<\/strong><\/em><\/p>\n<p>&nbsp;<\/p>\n<p>&nbsp;<\/p>\n<p>Views: 54<\/p>","protected":false},"excerpt":{"rendered":"<p>(Publisert 20.02.25) (Del 2) Mosj\u00f8en var en pioner med organisert idrett i landsdelen. I boka om idrettslagets virksomhet gjennom 100 \u00e5r kan vi ogs\u00e5 lese at &laquo;det er bemerkelsesverdig hvordan &#8230; <\/p>\n<p class=\"read-more-container\"><a title=\"#Mosj\u00f8en 150 \u00c5R Pioner for organisert idrett i landsdelen\" class=\"read-more button\" href=\"https:\/\/lokalmagasinet.no\/?p=26102#more-26102\">Les mer<span class=\"screen-reader-text\">#Mosj\u00f8en 150 \u00c5R Pioner for organisert idrett i landsdelen<\/span><\/a><\/p>\n","protected":false},"author":6,"featured_media":0,"comment_status":"closed","ping_status":"closed","sticky":false,"template":"","format":"standard","meta":{"footnotes":""},"categories":[7],"tags":[],"class_list":["post-26102","post","type-post","status-publish","format-standard","hentry","category-historisk-arkiv"],"yoast_head":"<!-- This site is optimized with the Yoast SEO plugin v27.5 - https:\/\/yoast.com\/product\/yoast-seo-wordpress\/ -->\n<title>#Mosj\u00f8en 150 \u00c5R Pioner for organisert idrett i landsdelen | Lokalmagasinet.no<\/title>\n<meta name=\"robots\" content=\"index, follow, max-snippet:-1, max-image-preview:large, max-video-preview:-1\" \/>\n<link rel=\"canonical\" href=\"https:\/\/lokalmagasinet.no\/?p=26102\" \/>\n<meta property=\"og:locale\" content=\"nn_NO\" \/>\n<meta property=\"og:type\" content=\"article\" \/>\n<meta property=\"og:title\" content=\"#Mosj\u00f8en 150 \u00c5R Pioner for organisert idrett i landsdelen | Lokalmagasinet.no\" \/>\n<meta property=\"og:description\" content=\"(Publisert 20.02.25) (Del 2) Mosj\u00f8en var en pioner med organisert idrett i landsdelen. I boka om idrettslagets virksomhet gjennom 100 \u00e5r kan vi ogs\u00e5 lese at &laquo;det er bemerkelsesverdig hvordan ... Les mer#Mosj\u00f8en 150 \u00c5R Pioner for organisert idrett i landsdelen\" \/>\n<meta property=\"og:url\" content=\"https:\/\/lokalmagasinet.no\/?p=26102\" \/>\n<meta property=\"og:site_name\" content=\"Lokalmagasinet.no\" \/>\n<meta property=\"article:publisher\" content=\"https:\/\/www.facebook.com\/sveinharald.strand.1\" \/>\n<meta property=\"article:author\" content=\"https:\/\/www.facebook.com\/sveinharald.strand.1\" \/>\n<meta property=\"article:published_time\" content=\"2025-02-20T22:04:24+00:00\" \/>\n<meta property=\"article:modified_time\" content=\"2025-02-21T10:55:47+00:00\" \/>\n<meta property=\"og:image\" content=\"https:\/\/lokalmagasinet.no\/wp-content\/uploads\/2021\/02\/Mosjoen-Hornmusikk-med-pappa-og-meg.jpg\" \/>\n\t<meta property=\"og:image:width\" content=\"1024\" \/>\n\t<meta property=\"og:image:height\" content=\"669\" \/>\n\t<meta property=\"og:image:type\" content=\"image\/jpeg\" \/>\n<meta name=\"author\" content=\"Svein-Harald Strand\" \/>\n<meta name=\"twitter:card\" content=\"summary_large_image\" \/>\n<meta name=\"twitter:creator\" content=\"@LMExtra\" \/>\n<meta name=\"twitter:site\" content=\"@LMExtra\" \/>\n<meta name=\"twitter:label1\" content=\"Written by\" \/>\n\t<meta name=\"twitter:data1\" content=\"Svein-Harald Strand\" \/>\n\t<meta name=\"twitter:label2\" content=\"Est. reading time\" \/>\n\t<meta name=\"twitter:data2\" content=\"1 minutt\" \/>\n<script type=\"application\/ld+json\" class=\"yoast-schema-graph\">{\"@context\":\"https:\\\/\\\/schema.org\",\"@graph\":[{\"@type\":\"Article\",\"@id\":\"https:\\\/\\\/lokalmagasinet.no\\\/?p=26102#article\",\"isPartOf\":{\"@id\":\"https:\\\/\\\/lokalmagasinet.no\\\/?p=26102\"},\"author\":{\"name\":\"Svein-Harald Strand\",\"@id\":\"https:\\\/\\\/lokalmagasinet.no\\\/#\\\/schema\\\/person\\\/2e8d221708d3aaf6f577275b5bba4310\"},\"headline\":\"#Mosj\u00f8en 150 \u00c5R Pioner for organisert idrett i landsdelen\",\"datePublished\":\"2025-02-20T22:04:24+00:00\",\"dateModified\":\"2025-02-21T10:55:47+00:00\",\"mainEntityOfPage\":{\"@id\":\"https:\\\/\\\/lokalmagasinet.no\\\/?p=26102\"},\"wordCount\":256,\"publisher\":{\"@id\":\"https:\\\/\\\/lokalmagasinet.no\\\/#organization\"},\"image\":{\"@id\":\"https:\\\/\\\/lokalmagasinet.no\\\/?p=26102#primaryimage\"},\"thumbnailUrl\":\"https:\\\/\\\/lokalmagasinet.no\\\/wp-content\\\/uploads\\\/2021\\\/02\\\/Mosjoen-Hornmusikk-med-pappa-og-meg-300x196.jpg\",\"articleSection\":[\"Historisk\"],\"inLanguage\":\"nn-NO\"},{\"@type\":\"WebPage\",\"@id\":\"https:\\\/\\\/lokalmagasinet.no\\\/?p=26102\",\"url\":\"https:\\\/\\\/lokalmagasinet.no\\\/?p=26102\",\"name\":\"#Mosj\u00f8en 150 \u00c5R Pioner for organisert idrett i landsdelen | Lokalmagasinet.no\",\"isPartOf\":{\"@id\":\"https:\\\/\\\/lokalmagasinet.no\\\/#website\"},\"primaryImageOfPage\":{\"@id\":\"https:\\\/\\\/lokalmagasinet.no\\\/?p=26102#primaryimage\"},\"image\":{\"@id\":\"https:\\\/\\\/lokalmagasinet.no\\\/?p=26102#primaryimage\"},\"thumbnailUrl\":\"https:\\\/\\\/lokalmagasinet.no\\\/wp-content\\\/uploads\\\/2021\\\/02\\\/Mosjoen-Hornmusikk-med-pappa-og-meg-300x196.jpg\",\"datePublished\":\"2025-02-20T22:04:24+00:00\",\"dateModified\":\"2025-02-21T10:55:47+00:00\",\"breadcrumb\":{\"@id\":\"https:\\\/\\\/lokalmagasinet.no\\\/?p=26102#breadcrumb\"},\"inLanguage\":\"nn-NO\",\"potentialAction\":[{\"@type\":\"ReadAction\",\"target\":[\"https:\\\/\\\/lokalmagasinet.no\\\/?p=26102\"]}]},{\"@type\":\"ImageObject\",\"inLanguage\":\"nn-NO\",\"@id\":\"https:\\\/\\\/lokalmagasinet.no\\\/?p=26102#primaryimage\",\"url\":\"https:\\\/\\\/lokalmagasinet.no\\\/wp-content\\\/uploads\\\/2021\\\/02\\\/Mosjoen-Hornmusikk-med-pappa-og-meg.jpg\",\"contentUrl\":\"https:\\\/\\\/lokalmagasinet.no\\\/wp-content\\\/uploads\\\/2021\\\/02\\\/Mosjoen-Hornmusikk-med-pappa-og-meg.jpg\",\"width\":1024,\"height\":669},{\"@type\":\"BreadcrumbList\",\"@id\":\"https:\\\/\\\/lokalmagasinet.no\\\/?p=26102#breadcrumb\",\"itemListElement\":[{\"@type\":\"ListItem\",\"position\":1,\"name\":\"Hjem\",\"item\":\"https:\\\/\\\/lokalmagasinet.no\\\/\"},{\"@type\":\"ListItem\",\"position\":2,\"name\":\"#Mosj\u00f8en 150 \u00c5R Pioner for organisert idrett i landsdelen\"}]},{\"@type\":\"WebSite\",\"@id\":\"https:\\\/\\\/lokalmagasinet.no\\\/#website\",\"url\":\"https:\\\/\\\/lokalmagasinet.no\\\/\",\"name\":\"Lokalmagasinet.no\",\"description\":\"Fra fortid og n\u00e5tid. Med st\u00e5sted i det n\u00e6re. Siden 2002.\",\"publisher\":{\"@id\":\"https:\\\/\\\/lokalmagasinet.no\\\/#organization\"},\"potentialAction\":[{\"@type\":\"SearchAction\",\"target\":{\"@type\":\"EntryPoint\",\"urlTemplate\":\"https:\\\/\\\/lokalmagasinet.no\\\/?s={search_term_string}\"},\"query-input\":{\"@type\":\"PropertyValueSpecification\",\"valueRequired\":true,\"valueName\":\"search_term_string\"}}],\"inLanguage\":\"nn-NO\"},{\"@type\":\"Organization\",\"@id\":\"https:\\\/\\\/lokalmagasinet.no\\\/#organization\",\"name\":\"Lokalmagasinet.no\",\"url\":\"https:\\\/\\\/lokalmagasinet.no\\\/\",\"logo\":{\"@type\":\"ImageObject\",\"inLanguage\":\"nn-NO\",\"@id\":\"https:\\\/\\\/lokalmagasinet.no\\\/#\\\/schema\\\/logo\\\/image\\\/\",\"url\":\"https:\\\/\\\/lokalmagasinet.no\\\/wp-content\\\/uploads\\\/2021\\\/03\\\/cropped-cropped-cropped-cropped-cropped-cropped-lmlogo-e1640691300821.jpg\",\"contentUrl\":\"https:\\\/\\\/lokalmagasinet.no\\\/wp-content\\\/uploads\\\/2021\\\/03\\\/cropped-cropped-cropped-cropped-cropped-cropped-lmlogo-e1640691300821.jpg\",\"width\":72,\"height\":118,\"caption\":\"Lokalmagasinet.no\"},\"image\":{\"@id\":\"https:\\\/\\\/lokalmagasinet.no\\\/#\\\/schema\\\/logo\\\/image\\\/\"},\"sameAs\":[\"https:\\\/\\\/www.facebook.com\\\/sveinharald.strand.1\",\"https:\\\/\\\/x.com\\\/LMExtra\"]},{\"@type\":\"Person\",\"@id\":\"https:\\\/\\\/lokalmagasinet.no\\\/#\\\/schema\\\/person\\\/2e8d221708d3aaf6f577275b5bba4310\",\"name\":\"Svein-Harald Strand\",\"image\":{\"@type\":\"ImageObject\",\"inLanguage\":\"nn-NO\",\"@id\":\"https:\\\/\\\/secure.gravatar.com\\\/avatar\\\/c487434bdf6cd7c12e4a88877ae4b12c38d22b7ad64292b49d33ed7503bb7ce1?s=96&d=mm&r=g\",\"url\":\"https:\\\/\\\/secure.gravatar.com\\\/avatar\\\/c487434bdf6cd7c12e4a88877ae4b12c38d22b7ad64292b49d33ed7503bb7ce1?s=96&d=mm&r=g\",\"contentUrl\":\"https:\\\/\\\/secure.gravatar.com\\\/avatar\\\/c487434bdf6cd7c12e4a88877ae4b12c38d22b7ad64292b49d33ed7503bb7ce1?s=96&d=mm&r=g\",\"caption\":\"Svein-Harald Strand\"},\"description\":\"(F. 26.12.1945) Redakt\u00f8r, journalist og informasjonsarbeider siden 1968. ||| I 1963: Redaksjonell praktikant i 8 m\u00e5neder p\u00e5 full tid i Helgeland Arbeiderblad i hjembyen Mosj\u00f8en. ||| Arbeidende pensjonist med hjemmekontor fra 2008 (AFP) og videre som folkepensjonist til n\u00e5.\",\"sameAs\":[\"https:\\\/\\\/lokalmagasinet.no\\\/\",\"https:\\\/\\\/www.facebook.com\\\/sveinharald.strand.1\",\"https:\\\/\\\/x.com\\\/LMExtra\"],\"url\":\"https:\\\/\\\/lokalmagasinet.no\\\/?author=6\"}]}<\/script>\n<!-- \/ Yoast SEO plugin. -->","yoast_head_json":{"title":"#Mosj\u00f8en 150 \u00c5R Pioner for organisert idrett i landsdelen | Lokalmagasinet.no","robots":{"index":"index","follow":"follow","max-snippet":"max-snippet:-1","max-image-preview":"max-image-preview:large","max-video-preview":"max-video-preview:-1"},"canonical":"https:\/\/lokalmagasinet.no\/?p=26102","og_locale":"nn_NO","og_type":"article","og_title":"#Mosj\u00f8en 150 \u00c5R Pioner for organisert idrett i landsdelen | Lokalmagasinet.no","og_description":"(Publisert 20.02.25) (Del 2) Mosj\u00f8en var en pioner med organisert idrett i landsdelen. I boka om idrettslagets virksomhet gjennom 100 \u00e5r kan vi ogs\u00e5 lese at &laquo;det er bemerkelsesverdig hvordan ... Les mer#Mosj\u00f8en 150 \u00c5R Pioner for organisert idrett i landsdelen","og_url":"https:\/\/lokalmagasinet.no\/?p=26102","og_site_name":"Lokalmagasinet.no","article_publisher":"https:\/\/www.facebook.com\/sveinharald.strand.1","article_author":"https:\/\/www.facebook.com\/sveinharald.strand.1","article_published_time":"2025-02-20T22:04:24+00:00","article_modified_time":"2025-02-21T10:55:47+00:00","og_image":[{"width":1024,"height":669,"url":"https:\/\/lokalmagasinet.no\/wp-content\/uploads\/2021\/02\/Mosjoen-Hornmusikk-med-pappa-og-meg.jpg","type":"image\/jpeg"}],"author":"Svein-Harald Strand","twitter_card":"summary_large_image","twitter_creator":"@LMExtra","twitter_site":"@LMExtra","twitter_misc":{"Written by":"Svein-Harald Strand","Est. reading time":"1 minutt"},"schema":{"@context":"https:\/\/schema.org","@graph":[{"@type":"Article","@id":"https:\/\/lokalmagasinet.no\/?p=26102#article","isPartOf":{"@id":"https:\/\/lokalmagasinet.no\/?p=26102"},"author":{"name":"Svein-Harald Strand","@id":"https:\/\/lokalmagasinet.no\/#\/schema\/person\/2e8d221708d3aaf6f577275b5bba4310"},"headline":"#Mosj\u00f8en 150 \u00c5R Pioner for organisert idrett i landsdelen","datePublished":"2025-02-20T22:04:24+00:00","dateModified":"2025-02-21T10:55:47+00:00","mainEntityOfPage":{"@id":"https:\/\/lokalmagasinet.no\/?p=26102"},"wordCount":256,"publisher":{"@id":"https:\/\/lokalmagasinet.no\/#organization"},"image":{"@id":"https:\/\/lokalmagasinet.no\/?p=26102#primaryimage"},"thumbnailUrl":"https:\/\/lokalmagasinet.no\/wp-content\/uploads\/2021\/02\/Mosjoen-Hornmusikk-med-pappa-og-meg-300x196.jpg","articleSection":["Historisk"],"inLanguage":"nn-NO"},{"@type":"WebPage","@id":"https:\/\/lokalmagasinet.no\/?p=26102","url":"https:\/\/lokalmagasinet.no\/?p=26102","name":"#Mosj\u00f8en 150 \u00c5R Pioner for organisert idrett i landsdelen | Lokalmagasinet.no","isPartOf":{"@id":"https:\/\/lokalmagasinet.no\/#website"},"primaryImageOfPage":{"@id":"https:\/\/lokalmagasinet.no\/?p=26102#primaryimage"},"image":{"@id":"https:\/\/lokalmagasinet.no\/?p=26102#primaryimage"},"thumbnailUrl":"https:\/\/lokalmagasinet.no\/wp-content\/uploads\/2021\/02\/Mosjoen-Hornmusikk-med-pappa-og-meg-300x196.jpg","datePublished":"2025-02-20T22:04:24+00:00","dateModified":"2025-02-21T10:55:47+00:00","breadcrumb":{"@id":"https:\/\/lokalmagasinet.no\/?p=26102#breadcrumb"},"inLanguage":"nn-NO","potentialAction":[{"@type":"ReadAction","target":["https:\/\/lokalmagasinet.no\/?p=26102"]}]},{"@type":"ImageObject","inLanguage":"nn-NO","@id":"https:\/\/lokalmagasinet.no\/?p=26102#primaryimage","url":"https:\/\/lokalmagasinet.no\/wp-content\/uploads\/2021\/02\/Mosjoen-Hornmusikk-med-pappa-og-meg.jpg","contentUrl":"https:\/\/lokalmagasinet.no\/wp-content\/uploads\/2021\/02\/Mosjoen-Hornmusikk-med-pappa-og-meg.jpg","width":1024,"height":669},{"@type":"BreadcrumbList","@id":"https:\/\/lokalmagasinet.no\/?p=26102#breadcrumb","itemListElement":[{"@type":"ListItem","position":1,"name":"Hjem","item":"https:\/\/lokalmagasinet.no\/"},{"@type":"ListItem","position":2,"name":"#Mosj\u00f8en 150 \u00c5R Pioner for organisert idrett i landsdelen"}]},{"@type":"WebSite","@id":"https:\/\/lokalmagasinet.no\/#website","url":"https:\/\/lokalmagasinet.no\/","name":"Lokalmagasinet.no","description":"Fra fortid og n\u00e5tid. Med st\u00e5sted i det n\u00e6re. Siden 2002.","publisher":{"@id":"https:\/\/lokalmagasinet.no\/#organization"},"potentialAction":[{"@type":"SearchAction","target":{"@type":"EntryPoint","urlTemplate":"https:\/\/lokalmagasinet.no\/?s={search_term_string}"},"query-input":{"@type":"PropertyValueSpecification","valueRequired":true,"valueName":"search_term_string"}}],"inLanguage":"nn-NO"},{"@type":"Organization","@id":"https:\/\/lokalmagasinet.no\/#organization","name":"Lokalmagasinet.no","url":"https:\/\/lokalmagasinet.no\/","logo":{"@type":"ImageObject","inLanguage":"nn-NO","@id":"https:\/\/lokalmagasinet.no\/#\/schema\/logo\/image\/","url":"https:\/\/lokalmagasinet.no\/wp-content\/uploads\/2021\/03\/cropped-cropped-cropped-cropped-cropped-cropped-lmlogo-e1640691300821.jpg","contentUrl":"https:\/\/lokalmagasinet.no\/wp-content\/uploads\/2021\/03\/cropped-cropped-cropped-cropped-cropped-cropped-lmlogo-e1640691300821.jpg","width":72,"height":118,"caption":"Lokalmagasinet.no"},"image":{"@id":"https:\/\/lokalmagasinet.no\/#\/schema\/logo\/image\/"},"sameAs":["https:\/\/www.facebook.com\/sveinharald.strand.1","https:\/\/x.com\/LMExtra"]},{"@type":"Person","@id":"https:\/\/lokalmagasinet.no\/#\/schema\/person\/2e8d221708d3aaf6f577275b5bba4310","name":"Svein-Harald Strand","image":{"@type":"ImageObject","inLanguage":"nn-NO","@id":"https:\/\/secure.gravatar.com\/avatar\/c487434bdf6cd7c12e4a88877ae4b12c38d22b7ad64292b49d33ed7503bb7ce1?s=96&d=mm&r=g","url":"https:\/\/secure.gravatar.com\/avatar\/c487434bdf6cd7c12e4a88877ae4b12c38d22b7ad64292b49d33ed7503bb7ce1?s=96&d=mm&r=g","contentUrl":"https:\/\/secure.gravatar.com\/avatar\/c487434bdf6cd7c12e4a88877ae4b12c38d22b7ad64292b49d33ed7503bb7ce1?s=96&d=mm&r=g","caption":"Svein-Harald Strand"},"description":"(F. 26.12.1945) Redakt\u00f8r, journalist og informasjonsarbeider siden 1968. ||| I 1963: Redaksjonell praktikant i 8 m\u00e5neder p\u00e5 full tid i Helgeland Arbeiderblad i hjembyen Mosj\u00f8en. ||| Arbeidende pensjonist med hjemmekontor fra 2008 (AFP) og videre som folkepensjonist til n\u00e5.","sameAs":["https:\/\/lokalmagasinet.no\/","https:\/\/www.facebook.com\/sveinharald.strand.1","https:\/\/x.com\/LMExtra"],"url":"https:\/\/lokalmagasinet.no\/?author=6"}]}},"_links":{"self":[{"href":"https:\/\/lokalmagasinet.no\/index.php?rest_route=\/wp\/v2\/posts\/26102","targetHints":{"allow":["GET"]}}],"collection":[{"href":"https:\/\/lokalmagasinet.no\/index.php?rest_route=\/wp\/v2\/posts"}],"about":[{"href":"https:\/\/lokalmagasinet.no\/index.php?rest_route=\/wp\/v2\/types\/post"}],"author":[{"embeddable":true,"href":"https:\/\/lokalmagasinet.no\/index.php?rest_route=\/wp\/v2\/users\/6"}],"replies":[{"embeddable":true,"href":"https:\/\/lokalmagasinet.no\/index.php?rest_route=%2Fwp%2Fv2%2Fcomments&post=26102"}],"version-history":[{"count":19,"href":"https:\/\/lokalmagasinet.no\/index.php?rest_route=\/wp\/v2\/posts\/26102\/revisions"}],"predecessor-version":[{"id":26147,"href":"https:\/\/lokalmagasinet.no\/index.php?rest_route=\/wp\/v2\/posts\/26102\/revisions\/26147"}],"wp:attachment":[{"href":"https:\/\/lokalmagasinet.no\/index.php?rest_route=%2Fwp%2Fv2%2Fmedia&parent=26102"}],"wp:term":[{"taxonomy":"category","embeddable":true,"href":"https:\/\/lokalmagasinet.no\/index.php?rest_route=%2Fwp%2Fv2%2Fcategories&post=26102"},{"taxonomy":"post_tag","embeddable":true,"href":"https:\/\/lokalmagasinet.no\/index.php?rest_route=%2Fwp%2Fv2%2Ftags&post=26102"}],"curies":[{"name":"wp","href":"https:\/\/api.w.org\/{rel}","templated":true}]}}