{"id":26161,"date":"2025-03-11T14:24:16","date_gmt":"2025-03-11T13:24:16","guid":{"rendered":"https:\/\/lokalmagasinet.no\/?p=26161"},"modified":"2025-03-11T16:45:34","modified_gmt":"2025-03-11T15:45:34","slug":"mosjoen-150-ar-etterkrigstiden-gjenreising-og-nyreising","status":"publish","type":"post","link":"https:\/\/lokalmagasinet.no\/?p=26161","title":{"rendered":"#Mosj\u00f8en 150 \u00e5r &#8211; Etterkrigstiden, gjenreising og nyreising"},"content":{"rendered":"<figure id=\"attachment_16357\" aria-describedby=\"caption-attachment-16357\" style=\"width: 300px\" class=\"wp-caption alignleft\"><a href=\"https:\/\/lokalmagasinet.no\/wp-content\/uploads\/2023\/06\/Mosjoen_sjogata_-foto_-Bjornar-Pettersen-1.jpg\"><img loading=\"lazy\" decoding=\"async\" class=\"size-medium wp-image-16357\" src=\"https:\/\/lokalmagasinet.no\/wp-content\/uploads\/2023\/06\/Mosjoen_sjogata_-foto_-Bjornar-Pettersen-1-300x176.jpg\" alt=\"\" width=\"300\" height=\"176\" srcset=\"https:\/\/lokalmagasinet.no\/wp-content\/uploads\/2023\/06\/Mosjoen_sjogata_-foto_-Bjornar-Pettersen-1-300x176.jpg 300w, https:\/\/lokalmagasinet.no\/wp-content\/uploads\/2023\/06\/Mosjoen_sjogata_-foto_-Bjornar-Pettersen-1-1024x601.jpg 1024w, https:\/\/lokalmagasinet.no\/wp-content\/uploads\/2023\/06\/Mosjoen_sjogata_-foto_-Bjornar-Pettersen-1-150x88.jpg 150w, https:\/\/lokalmagasinet.no\/wp-content\/uploads\/2023\/06\/Mosjoen_sjogata_-foto_-Bjornar-Pettersen-1-768x450.jpg 768w, https:\/\/lokalmagasinet.no\/wp-content\/uploads\/2023\/06\/Mosjoen_sjogata_-foto_-Bjornar-Pettersen-1-1536x901.jpg 1536w, https:\/\/lokalmagasinet.no\/wp-content\/uploads\/2023\/06\/Mosjoen_sjogata_-foto_-Bjornar-Pettersen-1.jpg 2000w\" sizes=\"auto, (max-width: 300px) 100vw, 300px\" \/><\/a><figcaption id=\"caption-attachment-16357\" class=\"wp-caption-text\">Illustrasjon:<em> Brygger lengst nord i Sj\u00f8gata i Mosj\u00f8en.<\/em><\/figcaption><\/figure>\n<p>(Publisert 11.03.25) (Byjubileet\/Del 4) Etterkrigstiden i byen midt i Norge ble i \u00f8kende grad preget av at ulike offentlige institusjoner ble gjenreist. F\u00f8rst fra sommeren 1945 og fram til 1950, da de f\u00f8rste etterkrigsbarna startet p\u00e5 folkeskolen.<\/p>\n<p>Etter hvert kom nyreising av sentrale offentlige institsjoner og sosiale tiltak. Fram til 1958 som ble et historisk merke\u00e5r med produksjonsstart p\u00e5 aluminiumsverket i februar.<\/p>\n<p>I EN MASTEROPPGAVE om okkupasjonstiden og frigj\u00f8ringen kan vi lese:<\/p>\n<p>&laquo;Mosj\u00f8en hadde p\u00e5 denne tiden rundt 2200 innbyggere og skulle bli senter for et enormt hjelpe- og helsearbeid. I moderne tid er tvangsevakueringen \u00e5 betrakte som den st\u00f8rste forflyttingen av mennesker i norsk historie.<\/p>\n<p>Hele Finnmark fylke og de \u00f8stligste delene av Troms fylke ble brent ned og lagt i ruiner da nazistene gjennomf\u00f8rte sin retrett fra fronten i nord mot Sovjetunionen.<\/p>\n<p>Om lag 50 000 av de 70 000 menneskene som bodde i de tvangsevakuerte omr\u00e5dene ble tvunget ut av hjemmene sine og sendt s\u00f8rover med fiskesk\u00f8yter, sm\u00e5 kuttere, tyske lasteskip og noen reiste langs veiene. (Noen av disse var kort innom Mosj\u00f8en med sin store havn. <em>red. anm.)<\/em><\/p>\n<p>De resterende 20. 000 ble det som ble kalt huleboere eller overvintrere. Som navnene tilsier er dette folk som klarte \u00e5 stikke seg unna tyskerne.&raquo;<\/p>\n<p>Views: 60<\/p>","protected":false},"excerpt":{"rendered":"<p>(Publisert 11.03.25) (Byjubileet\/Del 4) Etterkrigstiden i byen midt i Norge ble i \u00f8kende grad preget av at ulike offentlige institusjoner ble gjenreist. F\u00f8rst fra sommeren 1945 og fram til 1950, &#8230; <\/p>\n<p class=\"read-more-container\"><a title=\"#Mosj\u00f8en 150 \u00e5r &#8211; Etterkrigstiden, gjenreising og nyreising\" class=\"read-more button\" href=\"https:\/\/lokalmagasinet.no\/?p=26161#more-26161\">Les mer<span class=\"screen-reader-text\">#Mosj\u00f8en 150 \u00e5r &#8211; Etterkrigstiden, gjenreising og nyreising<\/span><\/a><\/p>\n","protected":false},"author":6,"featured_media":0,"comment_status":"closed","ping_status":"closed","sticky":false,"template":"","format":"standard","meta":{"footnotes":""},"categories":[1,7],"tags":[],"class_list":["post-26161","post","type-post","status-publish","format-standard","hentry","category-aktuelt","category-historisk-arkiv"],"yoast_head":"<!-- This site is optimized with the Yoast SEO plugin v27.4 - https:\/\/yoast.com\/product\/yoast-seo-wordpress\/ -->\n<title>#Mosj\u00f8en 150 \u00e5r - Etterkrigstiden, gjenreising og nyreising | Lokalmagasinet.no<\/title>\n<meta name=\"robots\" content=\"index, follow, max-snippet:-1, max-image-preview:large, max-video-preview:-1\" \/>\n<link rel=\"canonical\" href=\"https:\/\/lokalmagasinet.no\/?p=26161\" \/>\n<meta property=\"og:locale\" content=\"nn_NO\" \/>\n<meta property=\"og:type\" content=\"article\" \/>\n<meta property=\"og:title\" content=\"#Mosj\u00f8en 150 \u00e5r - Etterkrigstiden, gjenreising og nyreising | Lokalmagasinet.no\" \/>\n<meta property=\"og:description\" content=\"(Publisert 11.03.25) (Byjubileet\/Del 4) Etterkrigstiden i byen midt i Norge ble i \u00f8kende grad preget av at ulike offentlige institusjoner ble gjenreist. F\u00f8rst fra sommeren 1945 og fram til 1950, ... Les mer#Mosj\u00f8en 150 \u00e5r &#8211; Etterkrigstiden, gjenreising og nyreising\" \/>\n<meta property=\"og:url\" content=\"https:\/\/lokalmagasinet.no\/?p=26161\" \/>\n<meta property=\"og:site_name\" content=\"Lokalmagasinet.no\" \/>\n<meta property=\"article:publisher\" content=\"https:\/\/www.facebook.com\/sveinharald.strand.1\" \/>\n<meta property=\"article:author\" content=\"https:\/\/www.facebook.com\/sveinharald.strand.1\" \/>\n<meta property=\"article:published_time\" content=\"2025-03-11T13:24:16+00:00\" \/>\n<meta property=\"article:modified_time\" content=\"2025-03-11T15:45:34+00:00\" \/>\n<meta property=\"og:image\" content=\"https:\/\/lokalmagasinet.no\/wp-content\/uploads\/2023\/06\/Mosjoen_sjogata_-foto_-Bjornar-Pettersen-1.jpg\" \/>\n\t<meta property=\"og:image:width\" content=\"2000\" \/>\n\t<meta property=\"og:image:height\" content=\"1173\" \/>\n\t<meta property=\"og:image:type\" content=\"image\/jpeg\" \/>\n<meta name=\"author\" content=\"Svein-Harald Strand\" \/>\n<meta name=\"twitter:card\" content=\"summary_large_image\" \/>\n<meta name=\"twitter:creator\" content=\"@LMExtra\" \/>\n<meta name=\"twitter:site\" content=\"@LMExtra\" \/>\n<meta name=\"twitter:label1\" content=\"Written by\" \/>\n\t<meta name=\"twitter:data1\" content=\"Svein-Harald Strand\" \/>\n\t<meta name=\"twitter:label2\" content=\"Est. reading time\" \/>\n\t<meta name=\"twitter:data2\" content=\"1 minutt\" \/>\n<script type=\"application\/ld+json\" class=\"yoast-schema-graph\">{\"@context\":\"https:\\\/\\\/schema.org\",\"@graph\":[{\"@type\":\"Article\",\"@id\":\"https:\\\/\\\/lokalmagasinet.no\\\/?p=26161#article\",\"isPartOf\":{\"@id\":\"https:\\\/\\\/lokalmagasinet.no\\\/?p=26161\"},\"author\":{\"name\":\"Svein-Harald Strand\",\"@id\":\"https:\\\/\\\/lokalmagasinet.no\\\/#\\\/schema\\\/person\\\/2e8d221708d3aaf6f577275b5bba4310\"},\"headline\":\"#Mosj\u00f8en 150 \u00e5r &#8211; Etterkrigstiden, gjenreising og nyreising\",\"datePublished\":\"2025-03-11T13:24:16+00:00\",\"dateModified\":\"2025-03-11T15:45:34+00:00\",\"mainEntityOfPage\":{\"@id\":\"https:\\\/\\\/lokalmagasinet.no\\\/?p=26161\"},\"wordCount\":230,\"publisher\":{\"@id\":\"https:\\\/\\\/lokalmagasinet.no\\\/#organization\"},\"image\":{\"@id\":\"https:\\\/\\\/lokalmagasinet.no\\\/?p=26161#primaryimage\"},\"thumbnailUrl\":\"https:\\\/\\\/lokalmagasinet.no\\\/wp-content\\\/uploads\\\/2023\\\/06\\\/Mosjoen_sjogata_-foto_-Bjornar-Pettersen-1-300x176.jpg\",\"articleSection\":[\"Aktuelt\",\"Historisk\"],\"inLanguage\":\"nn-NO\"},{\"@type\":\"WebPage\",\"@id\":\"https:\\\/\\\/lokalmagasinet.no\\\/?p=26161\",\"url\":\"https:\\\/\\\/lokalmagasinet.no\\\/?p=26161\",\"name\":\"#Mosj\u00f8en 150 \u00e5r - Etterkrigstiden, gjenreising og nyreising | Lokalmagasinet.no\",\"isPartOf\":{\"@id\":\"https:\\\/\\\/lokalmagasinet.no\\\/#website\"},\"primaryImageOfPage\":{\"@id\":\"https:\\\/\\\/lokalmagasinet.no\\\/?p=26161#primaryimage\"},\"image\":{\"@id\":\"https:\\\/\\\/lokalmagasinet.no\\\/?p=26161#primaryimage\"},\"thumbnailUrl\":\"https:\\\/\\\/lokalmagasinet.no\\\/wp-content\\\/uploads\\\/2023\\\/06\\\/Mosjoen_sjogata_-foto_-Bjornar-Pettersen-1-300x176.jpg\",\"datePublished\":\"2025-03-11T13:24:16+00:00\",\"dateModified\":\"2025-03-11T15:45:34+00:00\",\"breadcrumb\":{\"@id\":\"https:\\\/\\\/lokalmagasinet.no\\\/?p=26161#breadcrumb\"},\"inLanguage\":\"nn-NO\",\"potentialAction\":[{\"@type\":\"ReadAction\",\"target\":[\"https:\\\/\\\/lokalmagasinet.no\\\/?p=26161\"]}]},{\"@type\":\"ImageObject\",\"inLanguage\":\"nn-NO\",\"@id\":\"https:\\\/\\\/lokalmagasinet.no\\\/?p=26161#primaryimage\",\"url\":\"https:\\\/\\\/lokalmagasinet.no\\\/wp-content\\\/uploads\\\/2023\\\/06\\\/Mosjoen_sjogata_-foto_-Bjornar-Pettersen-1.jpg\",\"contentUrl\":\"https:\\\/\\\/lokalmagasinet.no\\\/wp-content\\\/uploads\\\/2023\\\/06\\\/Mosjoen_sjogata_-foto_-Bjornar-Pettersen-1.jpg\",\"width\":2000,\"height\":1173,\"caption\":\"Sj\u00f8gata brygger, Mosj\u00f8en. Sj\u00f8gata docks, Mosj\u00f8en.\"},{\"@type\":\"BreadcrumbList\",\"@id\":\"https:\\\/\\\/lokalmagasinet.no\\\/?p=26161#breadcrumb\",\"itemListElement\":[{\"@type\":\"ListItem\",\"position\":1,\"name\":\"Hjem\",\"item\":\"https:\\\/\\\/lokalmagasinet.no\\\/\"},{\"@type\":\"ListItem\",\"position\":2,\"name\":\"#Mosj\u00f8en 150 \u00e5r &#8211; Etterkrigstiden, gjenreising og nyreising\"}]},{\"@type\":\"WebSite\",\"@id\":\"https:\\\/\\\/lokalmagasinet.no\\\/#website\",\"url\":\"https:\\\/\\\/lokalmagasinet.no\\\/\",\"name\":\"Lokalmagasinet.no\",\"description\":\"Fra fortid og n\u00e5tid. Med st\u00e5sted i det n\u00e6re. Siden 2002.\",\"publisher\":{\"@id\":\"https:\\\/\\\/lokalmagasinet.no\\\/#organization\"},\"potentialAction\":[{\"@type\":\"SearchAction\",\"target\":{\"@type\":\"EntryPoint\",\"urlTemplate\":\"https:\\\/\\\/lokalmagasinet.no\\\/?s={search_term_string}\"},\"query-input\":{\"@type\":\"PropertyValueSpecification\",\"valueRequired\":true,\"valueName\":\"search_term_string\"}}],\"inLanguage\":\"nn-NO\"},{\"@type\":\"Organization\",\"@id\":\"https:\\\/\\\/lokalmagasinet.no\\\/#organization\",\"name\":\"Lokalmagasinet.no\",\"url\":\"https:\\\/\\\/lokalmagasinet.no\\\/\",\"logo\":{\"@type\":\"ImageObject\",\"inLanguage\":\"nn-NO\",\"@id\":\"https:\\\/\\\/lokalmagasinet.no\\\/#\\\/schema\\\/logo\\\/image\\\/\",\"url\":\"https:\\\/\\\/lokalmagasinet.no\\\/wp-content\\\/uploads\\\/2021\\\/03\\\/cropped-cropped-cropped-cropped-cropped-cropped-lmlogo-e1640691300821.jpg\",\"contentUrl\":\"https:\\\/\\\/lokalmagasinet.no\\\/wp-content\\\/uploads\\\/2021\\\/03\\\/cropped-cropped-cropped-cropped-cropped-cropped-lmlogo-e1640691300821.jpg\",\"width\":72,\"height\":118,\"caption\":\"Lokalmagasinet.no\"},\"image\":{\"@id\":\"https:\\\/\\\/lokalmagasinet.no\\\/#\\\/schema\\\/logo\\\/image\\\/\"},\"sameAs\":[\"https:\\\/\\\/www.facebook.com\\\/sveinharald.strand.1\",\"https:\\\/\\\/x.com\\\/LMExtra\"]},{\"@type\":\"Person\",\"@id\":\"https:\\\/\\\/lokalmagasinet.no\\\/#\\\/schema\\\/person\\\/2e8d221708d3aaf6f577275b5bba4310\",\"name\":\"Svein-Harald Strand\",\"image\":{\"@type\":\"ImageObject\",\"inLanguage\":\"nn-NO\",\"@id\":\"https:\\\/\\\/secure.gravatar.com\\\/avatar\\\/c487434bdf6cd7c12e4a88877ae4b12c38d22b7ad64292b49d33ed7503bb7ce1?s=96&d=mm&r=g\",\"url\":\"https:\\\/\\\/secure.gravatar.com\\\/avatar\\\/c487434bdf6cd7c12e4a88877ae4b12c38d22b7ad64292b49d33ed7503bb7ce1?s=96&d=mm&r=g\",\"contentUrl\":\"https:\\\/\\\/secure.gravatar.com\\\/avatar\\\/c487434bdf6cd7c12e4a88877ae4b12c38d22b7ad64292b49d33ed7503bb7ce1?s=96&d=mm&r=g\",\"caption\":\"Svein-Harald Strand\"},\"description\":\"(F. 26.12.1945) Redakt\u00f8r, journalist og informasjonsarbeider siden 1968. ||| I 1963: Redaksjonell praktikant i 8 m\u00e5neder p\u00e5 full tid i Helgeland Arbeiderblad i hjembyen Mosj\u00f8en. ||| Arbeidende pensjonist med hjemmekontor fra 2008 (AFP) og videre som folkepensjonist til n\u00e5.\",\"sameAs\":[\"https:\\\/\\\/lokalmagasinet.no\\\/\",\"https:\\\/\\\/www.facebook.com\\\/sveinharald.strand.1\",\"https:\\\/\\\/x.com\\\/LMExtra\"],\"url\":\"https:\\\/\\\/lokalmagasinet.no\\\/?author=6\"}]}<\/script>\n<!-- \/ Yoast SEO plugin. -->","yoast_head_json":{"title":"#Mosj\u00f8en 150 \u00e5r - Etterkrigstiden, gjenreising og nyreising | Lokalmagasinet.no","robots":{"index":"index","follow":"follow","max-snippet":"max-snippet:-1","max-image-preview":"max-image-preview:large","max-video-preview":"max-video-preview:-1"},"canonical":"https:\/\/lokalmagasinet.no\/?p=26161","og_locale":"nn_NO","og_type":"article","og_title":"#Mosj\u00f8en 150 \u00e5r - Etterkrigstiden, gjenreising og nyreising | Lokalmagasinet.no","og_description":"(Publisert 11.03.25) (Byjubileet\/Del 4) Etterkrigstiden i byen midt i Norge ble i \u00f8kende grad preget av at ulike offentlige institusjoner ble gjenreist. F\u00f8rst fra sommeren 1945 og fram til 1950, ... Les mer#Mosj\u00f8en 150 \u00e5r &#8211; Etterkrigstiden, gjenreising og nyreising","og_url":"https:\/\/lokalmagasinet.no\/?p=26161","og_site_name":"Lokalmagasinet.no","article_publisher":"https:\/\/www.facebook.com\/sveinharald.strand.1","article_author":"https:\/\/www.facebook.com\/sveinharald.strand.1","article_published_time":"2025-03-11T13:24:16+00:00","article_modified_time":"2025-03-11T15:45:34+00:00","og_image":[{"width":2000,"height":1173,"url":"https:\/\/lokalmagasinet.no\/wp-content\/uploads\/2023\/06\/Mosjoen_sjogata_-foto_-Bjornar-Pettersen-1.jpg","type":"image\/jpeg"}],"author":"Svein-Harald Strand","twitter_card":"summary_large_image","twitter_creator":"@LMExtra","twitter_site":"@LMExtra","twitter_misc":{"Written by":"Svein-Harald Strand","Est. reading time":"1 minutt"},"schema":{"@context":"https:\/\/schema.org","@graph":[{"@type":"Article","@id":"https:\/\/lokalmagasinet.no\/?p=26161#article","isPartOf":{"@id":"https:\/\/lokalmagasinet.no\/?p=26161"},"author":{"name":"Svein-Harald Strand","@id":"https:\/\/lokalmagasinet.no\/#\/schema\/person\/2e8d221708d3aaf6f577275b5bba4310"},"headline":"#Mosj\u00f8en 150 \u00e5r &#8211; Etterkrigstiden, gjenreising og nyreising","datePublished":"2025-03-11T13:24:16+00:00","dateModified":"2025-03-11T15:45:34+00:00","mainEntityOfPage":{"@id":"https:\/\/lokalmagasinet.no\/?p=26161"},"wordCount":230,"publisher":{"@id":"https:\/\/lokalmagasinet.no\/#organization"},"image":{"@id":"https:\/\/lokalmagasinet.no\/?p=26161#primaryimage"},"thumbnailUrl":"https:\/\/lokalmagasinet.no\/wp-content\/uploads\/2023\/06\/Mosjoen_sjogata_-foto_-Bjornar-Pettersen-1-300x176.jpg","articleSection":["Aktuelt","Historisk"],"inLanguage":"nn-NO"},{"@type":"WebPage","@id":"https:\/\/lokalmagasinet.no\/?p=26161","url":"https:\/\/lokalmagasinet.no\/?p=26161","name":"#Mosj\u00f8en 150 \u00e5r - Etterkrigstiden, gjenreising og nyreising | Lokalmagasinet.no","isPartOf":{"@id":"https:\/\/lokalmagasinet.no\/#website"},"primaryImageOfPage":{"@id":"https:\/\/lokalmagasinet.no\/?p=26161#primaryimage"},"image":{"@id":"https:\/\/lokalmagasinet.no\/?p=26161#primaryimage"},"thumbnailUrl":"https:\/\/lokalmagasinet.no\/wp-content\/uploads\/2023\/06\/Mosjoen_sjogata_-foto_-Bjornar-Pettersen-1-300x176.jpg","datePublished":"2025-03-11T13:24:16+00:00","dateModified":"2025-03-11T15:45:34+00:00","breadcrumb":{"@id":"https:\/\/lokalmagasinet.no\/?p=26161#breadcrumb"},"inLanguage":"nn-NO","potentialAction":[{"@type":"ReadAction","target":["https:\/\/lokalmagasinet.no\/?p=26161"]}]},{"@type":"ImageObject","inLanguage":"nn-NO","@id":"https:\/\/lokalmagasinet.no\/?p=26161#primaryimage","url":"https:\/\/lokalmagasinet.no\/wp-content\/uploads\/2023\/06\/Mosjoen_sjogata_-foto_-Bjornar-Pettersen-1.jpg","contentUrl":"https:\/\/lokalmagasinet.no\/wp-content\/uploads\/2023\/06\/Mosjoen_sjogata_-foto_-Bjornar-Pettersen-1.jpg","width":2000,"height":1173,"caption":"Sj\u00f8gata brygger, Mosj\u00f8en. Sj\u00f8gata docks, Mosj\u00f8en."},{"@type":"BreadcrumbList","@id":"https:\/\/lokalmagasinet.no\/?p=26161#breadcrumb","itemListElement":[{"@type":"ListItem","position":1,"name":"Hjem","item":"https:\/\/lokalmagasinet.no\/"},{"@type":"ListItem","position":2,"name":"#Mosj\u00f8en 150 \u00e5r &#8211; Etterkrigstiden, gjenreising og nyreising"}]},{"@type":"WebSite","@id":"https:\/\/lokalmagasinet.no\/#website","url":"https:\/\/lokalmagasinet.no\/","name":"Lokalmagasinet.no","description":"Fra fortid og n\u00e5tid. Med st\u00e5sted i det n\u00e6re. Siden 2002.","publisher":{"@id":"https:\/\/lokalmagasinet.no\/#organization"},"potentialAction":[{"@type":"SearchAction","target":{"@type":"EntryPoint","urlTemplate":"https:\/\/lokalmagasinet.no\/?s={search_term_string}"},"query-input":{"@type":"PropertyValueSpecification","valueRequired":true,"valueName":"search_term_string"}}],"inLanguage":"nn-NO"},{"@type":"Organization","@id":"https:\/\/lokalmagasinet.no\/#organization","name":"Lokalmagasinet.no","url":"https:\/\/lokalmagasinet.no\/","logo":{"@type":"ImageObject","inLanguage":"nn-NO","@id":"https:\/\/lokalmagasinet.no\/#\/schema\/logo\/image\/","url":"https:\/\/lokalmagasinet.no\/wp-content\/uploads\/2021\/03\/cropped-cropped-cropped-cropped-cropped-cropped-lmlogo-e1640691300821.jpg","contentUrl":"https:\/\/lokalmagasinet.no\/wp-content\/uploads\/2021\/03\/cropped-cropped-cropped-cropped-cropped-cropped-lmlogo-e1640691300821.jpg","width":72,"height":118,"caption":"Lokalmagasinet.no"},"image":{"@id":"https:\/\/lokalmagasinet.no\/#\/schema\/logo\/image\/"},"sameAs":["https:\/\/www.facebook.com\/sveinharald.strand.1","https:\/\/x.com\/LMExtra"]},{"@type":"Person","@id":"https:\/\/lokalmagasinet.no\/#\/schema\/person\/2e8d221708d3aaf6f577275b5bba4310","name":"Svein-Harald Strand","image":{"@type":"ImageObject","inLanguage":"nn-NO","@id":"https:\/\/secure.gravatar.com\/avatar\/c487434bdf6cd7c12e4a88877ae4b12c38d22b7ad64292b49d33ed7503bb7ce1?s=96&d=mm&r=g","url":"https:\/\/secure.gravatar.com\/avatar\/c487434bdf6cd7c12e4a88877ae4b12c38d22b7ad64292b49d33ed7503bb7ce1?s=96&d=mm&r=g","contentUrl":"https:\/\/secure.gravatar.com\/avatar\/c487434bdf6cd7c12e4a88877ae4b12c38d22b7ad64292b49d33ed7503bb7ce1?s=96&d=mm&r=g","caption":"Svein-Harald Strand"},"description":"(F. 26.12.1945) Redakt\u00f8r, journalist og informasjonsarbeider siden 1968. ||| I 1963: Redaksjonell praktikant i 8 m\u00e5neder p\u00e5 full tid i Helgeland Arbeiderblad i hjembyen Mosj\u00f8en. ||| Arbeidende pensjonist med hjemmekontor fra 2008 (AFP) og videre som folkepensjonist til n\u00e5.","sameAs":["https:\/\/lokalmagasinet.no\/","https:\/\/www.facebook.com\/sveinharald.strand.1","https:\/\/x.com\/LMExtra"],"url":"https:\/\/lokalmagasinet.no\/?author=6"}]}},"_links":{"self":[{"href":"https:\/\/lokalmagasinet.no\/index.php?rest_route=\/wp\/v2\/posts\/26161","targetHints":{"allow":["GET"]}}],"collection":[{"href":"https:\/\/lokalmagasinet.no\/index.php?rest_route=\/wp\/v2\/posts"}],"about":[{"href":"https:\/\/lokalmagasinet.no\/index.php?rest_route=\/wp\/v2\/types\/post"}],"author":[{"embeddable":true,"href":"https:\/\/lokalmagasinet.no\/index.php?rest_route=\/wp\/v2\/users\/6"}],"replies":[{"embeddable":true,"href":"https:\/\/lokalmagasinet.no\/index.php?rest_route=%2Fwp%2Fv2%2Fcomments&post=26161"}],"version-history":[{"count":9,"href":"https:\/\/lokalmagasinet.no\/index.php?rest_route=\/wp\/v2\/posts\/26161\/revisions"}],"predecessor-version":[{"id":26606,"href":"https:\/\/lokalmagasinet.no\/index.php?rest_route=\/wp\/v2\/posts\/26161\/revisions\/26606"}],"wp:attachment":[{"href":"https:\/\/lokalmagasinet.no\/index.php?rest_route=%2Fwp%2Fv2%2Fmedia&parent=26161"}],"wp:term":[{"taxonomy":"category","embeddable":true,"href":"https:\/\/lokalmagasinet.no\/index.php?rest_route=%2Fwp%2Fv2%2Fcategories&post=26161"},{"taxonomy":"post_tag","embeddable":true,"href":"https:\/\/lokalmagasinet.no\/index.php?rest_route=%2Fwp%2Fv2%2Ftags&post=26161"}],"curies":[{"name":"wp","href":"https:\/\/api.w.org\/{rel}","templated":true}]}}