{"id":26365,"date":"2025-03-02T01:11:54","date_gmt":"2025-03-02T00:11:54","guid":{"rendered":"https:\/\/lokalmagasinet.no\/?page_id=26365"},"modified":"2025-03-02T01:17:25","modified_gmt":"2025-03-02T00:17:25","slug":"litt-av-hvert-fra-usa-og-japan-til-lillehammer-og-bodo","status":"publish","type":"post","link":"https:\/\/lokalmagasinet.no\/?p=26365","title":{"rendered":"Litt av hvert &#8211; fra USA og Japan til Lillehammer og Bod\u00f8"},"content":{"rendered":"<p><a href=\"https:\/\/lokalmagasinet.no\/wp-content\/uploads\/2022\/02\/Oyet.jpg\"><img loading=\"lazy\" decoding=\"async\" class=\"size-full wp-image-8615 alignleft\" src=\"https:\/\/lokalmagasinet.no\/wp-content\/uploads\/2022\/02\/Oyet.jpg\" alt=\"\" width=\"162\" height=\"200\" srcset=\"https:\/\/lokalmagasinet.no\/wp-content\/uploads\/2022\/02\/Oyet.jpg 162w, https:\/\/lokalmagasinet.no\/wp-content\/uploads\/2022\/02\/Oyet-122x150.jpg 122w\" sizes=\"auto, (max-width: 162px) 100vw, 162px\" \/><\/a>(Publisert 02.03.25) <strong>President Trump vil omgj\u00f8re Gaza-stripen til et Middelhavets Riviera. Han vil at de som bor p\u00e5 Gaza-stripen skal tvangsflyttes. Dette vil v\u00e6re brudd p\u00e5 folkeretten<\/strong>.<\/p>\n<p>&#8211; En republikaner i Kongressen vil at USA skal melde seg ut av FN.<\/p>\n<p>&#8211; Republikaneren sier driften er kostbar. Og at de finansier store deler av driften, men uten at dette fremmer USAs interesser.<\/p>\n<p>&#8211; Men et viktig organ som FN &#8211; med 139 medlemsland &#8211; trenger en solid administrasjon rundt dette, blir det p\u00e5pekt.<\/p>\n<p>&#8211; LEVEALDEREN \u00f8ker stadig i Norge. For menn er den n\u00e5 i gjennomsnitt 81,4 \u00e5r, for kvinner 84,6 \u00e5r.<\/p>\n<p>&#8211; I JAPAN falt det en dag i februar <em>ti centimeter sn\u00f8 i timen<\/em>.<\/p>\n<p>&#8211; MILLIONENE renner inn for fotballklubben Bod\u00f8\/Glimt.<\/p>\n<p>&#8211; NORGE\u00a0 HAR verdens eneste <em>valgte<\/em> monarki. 69 % av innbyggerne st\u00f8tter n\u00e5 monarkiet.<\/p>\n<p>&#8211; OSTEH\u00d8VELEN ble oppfunnet og patentert av Thor Bj\u00f8rklund i Lillehammer for 100 \u00e5r siden.<\/p>\n<p>&nbsp;<\/p>\n<p>Views: 51<\/p>","protected":false},"excerpt":{"rendered":"<p>(Publisert 02.03.25) President Trump vil omgj\u00f8re Gaza-stripen til et Middelhavets Riviera. Han vil at de som bor p\u00e5 Gaza-stripen skal tvangsflyttes. Dette vil v\u00e6re brudd p\u00e5 folkeretten. &#8211; En republikaner &#8230; <\/p>\n<p class=\"read-more-container\"><a title=\"Litt av hvert &#8211; fra USA og Japan til Lillehammer og Bod\u00f8\" class=\"read-more button\" href=\"https:\/\/lokalmagasinet.no\/?p=26365#more-26365\">Les mer<span class=\"screen-reader-text\">Litt av hvert &#8211; fra USA og Japan til Lillehammer og Bod\u00f8<\/span><\/a><\/p>\n","protected":false},"author":6,"featured_media":0,"comment_status":"closed","ping_status":"closed","sticky":false,"template":"","format":"standard","meta":{"footnotes":""},"categories":[],"tags":[],"class_list":["post-26365","post","type-post","status-publish","format-standard","hentry"],"yoast_head":"<!-- This site is optimized with the Yoast SEO plugin v27.5 - https:\/\/yoast.com\/product\/yoast-seo-wordpress\/ -->\n<title>Litt av hvert - fra USA og Japan til Lillehammer og Bod\u00f8 | Lokalmagasinet.no<\/title>\n<meta name=\"robots\" content=\"index, follow, max-snippet:-1, max-image-preview:large, max-video-preview:-1\" \/>\n<link rel=\"canonical\" href=\"https:\/\/lokalmagasinet.no\/?p=26365\" \/>\n<meta property=\"og:locale\" content=\"nn_NO\" \/>\n<meta property=\"og:type\" content=\"article\" \/>\n<meta property=\"og:title\" content=\"Litt av hvert - fra USA og Japan til Lillehammer og Bod\u00f8 | Lokalmagasinet.no\" \/>\n<meta property=\"og:description\" content=\"(Publisert 02.03.25) President Trump vil omgj\u00f8re Gaza-stripen til et Middelhavets Riviera. Han vil at de som bor p\u00e5 Gaza-stripen skal tvangsflyttes. Dette vil v\u00e6re brudd p\u00e5 folkeretten. &#8211; En republikaner ... Les merLitt av hvert &#8211; fra USA og Japan til Lillehammer og Bod\u00f8\" \/>\n<meta property=\"og:url\" content=\"https:\/\/lokalmagasinet.no\/?p=26365\" \/>\n<meta property=\"og:site_name\" content=\"Lokalmagasinet.no\" \/>\n<meta property=\"article:publisher\" content=\"https:\/\/www.facebook.com\/sveinharald.strand.1\" \/>\n<meta property=\"article:author\" content=\"https:\/\/www.facebook.com\/sveinharald.strand.1\" \/>\n<meta property=\"article:published_time\" content=\"2025-03-02T00:11:54+00:00\" \/>\n<meta property=\"article:modified_time\" content=\"2025-03-02T00:17:25+00:00\" \/>\n<meta property=\"og:image\" content=\"https:\/\/lokalmagasinet.no\/wp-content\/uploads\/2022\/02\/Oyet.jpg\" \/>\n\t<meta property=\"og:image:width\" content=\"162\" \/>\n\t<meta property=\"og:image:height\" content=\"200\" \/>\n\t<meta property=\"og:image:type\" content=\"image\/jpeg\" \/>\n<meta name=\"author\" content=\"Svein-Harald Strand\" \/>\n<meta name=\"twitter:card\" content=\"summary_large_image\" \/>\n<meta name=\"twitter:creator\" content=\"@LMExtra\" \/>\n<meta name=\"twitter:site\" content=\"@LMExtra\" \/>\n<meta name=\"twitter:label1\" content=\"Written by\" \/>\n\t<meta name=\"twitter:data1\" content=\"Svein-Harald Strand\" \/>\n\t<meta name=\"twitter:label2\" content=\"Est. reading time\" \/>\n\t<meta name=\"twitter:data2\" content=\"1 minutt\" \/>\n<script type=\"application\/ld+json\" class=\"yoast-schema-graph\">{\"@context\":\"https:\\\/\\\/schema.org\",\"@graph\":[{\"@type\":\"Article\",\"@id\":\"https:\\\/\\\/lokalmagasinet.no\\\/?p=26365#article\",\"isPartOf\":{\"@id\":\"https:\\\/\\\/lokalmagasinet.no\\\/?p=26365\"},\"author\":{\"name\":\"Svein-Harald Strand\",\"@id\":\"https:\\\/\\\/lokalmagasinet.no\\\/#\\\/schema\\\/person\\\/2e8d221708d3aaf6f577275b5bba4310\"},\"headline\":\"Litt av hvert &#8211; fra USA og Japan til Lillehammer og Bod\u00f8\",\"datePublished\":\"2025-03-02T00:11:54+00:00\",\"dateModified\":\"2025-03-02T00:17:25+00:00\",\"mainEntityOfPage\":{\"@id\":\"https:\\\/\\\/lokalmagasinet.no\\\/?p=26365\"},\"wordCount\":165,\"publisher\":{\"@id\":\"https:\\\/\\\/lokalmagasinet.no\\\/#organization\"},\"image\":{\"@id\":\"https:\\\/\\\/lokalmagasinet.no\\\/?p=26365#primaryimage\"},\"thumbnailUrl\":\"https:\\\/\\\/lokalmagasinet.no\\\/wp-content\\\/uploads\\\/2022\\\/02\\\/Oyet.jpg\",\"inLanguage\":\"nn-NO\"},{\"@type\":\"WebPage\",\"@id\":\"https:\\\/\\\/lokalmagasinet.no\\\/?p=26365\",\"url\":\"https:\\\/\\\/lokalmagasinet.no\\\/?p=26365\",\"name\":\"Litt av hvert - fra USA og Japan til Lillehammer og Bod\u00f8 | Lokalmagasinet.no\",\"isPartOf\":{\"@id\":\"https:\\\/\\\/lokalmagasinet.no\\\/#website\"},\"primaryImageOfPage\":{\"@id\":\"https:\\\/\\\/lokalmagasinet.no\\\/?p=26365#primaryimage\"},\"image\":{\"@id\":\"https:\\\/\\\/lokalmagasinet.no\\\/?p=26365#primaryimage\"},\"thumbnailUrl\":\"https:\\\/\\\/lokalmagasinet.no\\\/wp-content\\\/uploads\\\/2022\\\/02\\\/Oyet.jpg\",\"datePublished\":\"2025-03-02T00:11:54+00:00\",\"dateModified\":\"2025-03-02T00:17:25+00:00\",\"breadcrumb\":{\"@id\":\"https:\\\/\\\/lokalmagasinet.no\\\/?p=26365#breadcrumb\"},\"inLanguage\":\"nn-NO\",\"potentialAction\":[{\"@type\":\"ReadAction\",\"target\":[\"https:\\\/\\\/lokalmagasinet.no\\\/?p=26365\"]}]},{\"@type\":\"ImageObject\",\"inLanguage\":\"nn-NO\",\"@id\":\"https:\\\/\\\/lokalmagasinet.no\\\/?p=26365#primaryimage\",\"url\":\"https:\\\/\\\/lokalmagasinet.no\\\/wp-content\\\/uploads\\\/2022\\\/02\\\/Oyet.jpg\",\"contentUrl\":\"https:\\\/\\\/lokalmagasinet.no\\\/wp-content\\\/uploads\\\/2022\\\/02\\\/Oyet.jpg\",\"width\":162,\"height\":200},{\"@type\":\"BreadcrumbList\",\"@id\":\"https:\\\/\\\/lokalmagasinet.no\\\/?p=26365#breadcrumb\",\"itemListElement\":[{\"@type\":\"ListItem\",\"position\":1,\"name\":\"Hjem\",\"item\":\"https:\\\/\\\/lokalmagasinet.no\\\/\"},{\"@type\":\"ListItem\",\"position\":2,\"name\":\"Litt av hvert &#8211; fra USA og Japan til Lillehammer og Bod\u00f8\"}]},{\"@type\":\"WebSite\",\"@id\":\"https:\\\/\\\/lokalmagasinet.no\\\/#website\",\"url\":\"https:\\\/\\\/lokalmagasinet.no\\\/\",\"name\":\"Lokalmagasinet.no\",\"description\":\"Fra fortid og n\u00e5tid. Med st\u00e5sted i det n\u00e6re. Siden 2002.\",\"publisher\":{\"@id\":\"https:\\\/\\\/lokalmagasinet.no\\\/#organization\"},\"potentialAction\":[{\"@type\":\"SearchAction\",\"target\":{\"@type\":\"EntryPoint\",\"urlTemplate\":\"https:\\\/\\\/lokalmagasinet.no\\\/?s={search_term_string}\"},\"query-input\":{\"@type\":\"PropertyValueSpecification\",\"valueRequired\":true,\"valueName\":\"search_term_string\"}}],\"inLanguage\":\"nn-NO\"},{\"@type\":\"Organization\",\"@id\":\"https:\\\/\\\/lokalmagasinet.no\\\/#organization\",\"name\":\"Lokalmagasinet.no\",\"url\":\"https:\\\/\\\/lokalmagasinet.no\\\/\",\"logo\":{\"@type\":\"ImageObject\",\"inLanguage\":\"nn-NO\",\"@id\":\"https:\\\/\\\/lokalmagasinet.no\\\/#\\\/schema\\\/logo\\\/image\\\/\",\"url\":\"https:\\\/\\\/lokalmagasinet.no\\\/wp-content\\\/uploads\\\/2021\\\/03\\\/cropped-cropped-cropped-cropped-cropped-cropped-lmlogo-e1640691300821.jpg\",\"contentUrl\":\"https:\\\/\\\/lokalmagasinet.no\\\/wp-content\\\/uploads\\\/2021\\\/03\\\/cropped-cropped-cropped-cropped-cropped-cropped-lmlogo-e1640691300821.jpg\",\"width\":72,\"height\":118,\"caption\":\"Lokalmagasinet.no\"},\"image\":{\"@id\":\"https:\\\/\\\/lokalmagasinet.no\\\/#\\\/schema\\\/logo\\\/image\\\/\"},\"sameAs\":[\"https:\\\/\\\/www.facebook.com\\\/sveinharald.strand.1\",\"https:\\\/\\\/x.com\\\/LMExtra\"]},{\"@type\":\"Person\",\"@id\":\"https:\\\/\\\/lokalmagasinet.no\\\/#\\\/schema\\\/person\\\/2e8d221708d3aaf6f577275b5bba4310\",\"name\":\"Svein-Harald Strand\",\"image\":{\"@type\":\"ImageObject\",\"inLanguage\":\"nn-NO\",\"@id\":\"https:\\\/\\\/secure.gravatar.com\\\/avatar\\\/c487434bdf6cd7c12e4a88877ae4b12c38d22b7ad64292b49d33ed7503bb7ce1?s=96&d=mm&r=g\",\"url\":\"https:\\\/\\\/secure.gravatar.com\\\/avatar\\\/c487434bdf6cd7c12e4a88877ae4b12c38d22b7ad64292b49d33ed7503bb7ce1?s=96&d=mm&r=g\",\"contentUrl\":\"https:\\\/\\\/secure.gravatar.com\\\/avatar\\\/c487434bdf6cd7c12e4a88877ae4b12c38d22b7ad64292b49d33ed7503bb7ce1?s=96&d=mm&r=g\",\"caption\":\"Svein-Harald Strand\"},\"description\":\"(F. 26.12.1945) Redakt\u00f8r, journalist og informasjonsarbeider siden 1968. ||| I 1963: Redaksjonell praktikant i 8 m\u00e5neder p\u00e5 full tid i Helgeland Arbeiderblad i hjembyen Mosj\u00f8en. ||| Arbeidende pensjonist med hjemmekontor fra 2008 (AFP) og videre som folkepensjonist til n\u00e5.\",\"sameAs\":[\"https:\\\/\\\/lokalmagasinet.no\\\/\",\"https:\\\/\\\/www.facebook.com\\\/sveinharald.strand.1\",\"https:\\\/\\\/x.com\\\/LMExtra\"],\"url\":\"https:\\\/\\\/lokalmagasinet.no\\\/?author=6\"}]}<\/script>\n<!-- \/ Yoast SEO plugin. -->","yoast_head_json":{"title":"Litt av hvert - fra USA og Japan til Lillehammer og Bod\u00f8 | Lokalmagasinet.no","robots":{"index":"index","follow":"follow","max-snippet":"max-snippet:-1","max-image-preview":"max-image-preview:large","max-video-preview":"max-video-preview:-1"},"canonical":"https:\/\/lokalmagasinet.no\/?p=26365","og_locale":"nn_NO","og_type":"article","og_title":"Litt av hvert - fra USA og Japan til Lillehammer og Bod\u00f8 | Lokalmagasinet.no","og_description":"(Publisert 02.03.25) President Trump vil omgj\u00f8re Gaza-stripen til et Middelhavets Riviera. Han vil at de som bor p\u00e5 Gaza-stripen skal tvangsflyttes. Dette vil v\u00e6re brudd p\u00e5 folkeretten. &#8211; En republikaner ... Les merLitt av hvert &#8211; fra USA og Japan til Lillehammer og Bod\u00f8","og_url":"https:\/\/lokalmagasinet.no\/?p=26365","og_site_name":"Lokalmagasinet.no","article_publisher":"https:\/\/www.facebook.com\/sveinharald.strand.1","article_author":"https:\/\/www.facebook.com\/sveinharald.strand.1","article_published_time":"2025-03-02T00:11:54+00:00","article_modified_time":"2025-03-02T00:17:25+00:00","og_image":[{"width":162,"height":200,"url":"https:\/\/lokalmagasinet.no\/wp-content\/uploads\/2022\/02\/Oyet.jpg","type":"image\/jpeg"}],"author":"Svein-Harald Strand","twitter_card":"summary_large_image","twitter_creator":"@LMExtra","twitter_site":"@LMExtra","twitter_misc":{"Written by":"Svein-Harald Strand","Est. reading time":"1 minutt"},"schema":{"@context":"https:\/\/schema.org","@graph":[{"@type":"Article","@id":"https:\/\/lokalmagasinet.no\/?p=26365#article","isPartOf":{"@id":"https:\/\/lokalmagasinet.no\/?p=26365"},"author":{"name":"Svein-Harald Strand","@id":"https:\/\/lokalmagasinet.no\/#\/schema\/person\/2e8d221708d3aaf6f577275b5bba4310"},"headline":"Litt av hvert &#8211; fra USA og Japan til Lillehammer og Bod\u00f8","datePublished":"2025-03-02T00:11:54+00:00","dateModified":"2025-03-02T00:17:25+00:00","mainEntityOfPage":{"@id":"https:\/\/lokalmagasinet.no\/?p=26365"},"wordCount":165,"publisher":{"@id":"https:\/\/lokalmagasinet.no\/#organization"},"image":{"@id":"https:\/\/lokalmagasinet.no\/?p=26365#primaryimage"},"thumbnailUrl":"https:\/\/lokalmagasinet.no\/wp-content\/uploads\/2022\/02\/Oyet.jpg","inLanguage":"nn-NO"},{"@type":"WebPage","@id":"https:\/\/lokalmagasinet.no\/?p=26365","url":"https:\/\/lokalmagasinet.no\/?p=26365","name":"Litt av hvert - fra USA og Japan til Lillehammer og Bod\u00f8 | Lokalmagasinet.no","isPartOf":{"@id":"https:\/\/lokalmagasinet.no\/#website"},"primaryImageOfPage":{"@id":"https:\/\/lokalmagasinet.no\/?p=26365#primaryimage"},"image":{"@id":"https:\/\/lokalmagasinet.no\/?p=26365#primaryimage"},"thumbnailUrl":"https:\/\/lokalmagasinet.no\/wp-content\/uploads\/2022\/02\/Oyet.jpg","datePublished":"2025-03-02T00:11:54+00:00","dateModified":"2025-03-02T00:17:25+00:00","breadcrumb":{"@id":"https:\/\/lokalmagasinet.no\/?p=26365#breadcrumb"},"inLanguage":"nn-NO","potentialAction":[{"@type":"ReadAction","target":["https:\/\/lokalmagasinet.no\/?p=26365"]}]},{"@type":"ImageObject","inLanguage":"nn-NO","@id":"https:\/\/lokalmagasinet.no\/?p=26365#primaryimage","url":"https:\/\/lokalmagasinet.no\/wp-content\/uploads\/2022\/02\/Oyet.jpg","contentUrl":"https:\/\/lokalmagasinet.no\/wp-content\/uploads\/2022\/02\/Oyet.jpg","width":162,"height":200},{"@type":"BreadcrumbList","@id":"https:\/\/lokalmagasinet.no\/?p=26365#breadcrumb","itemListElement":[{"@type":"ListItem","position":1,"name":"Hjem","item":"https:\/\/lokalmagasinet.no\/"},{"@type":"ListItem","position":2,"name":"Litt av hvert &#8211; fra USA og Japan til Lillehammer og Bod\u00f8"}]},{"@type":"WebSite","@id":"https:\/\/lokalmagasinet.no\/#website","url":"https:\/\/lokalmagasinet.no\/","name":"Lokalmagasinet.no","description":"Fra fortid og n\u00e5tid. Med st\u00e5sted i det n\u00e6re. Siden 2002.","publisher":{"@id":"https:\/\/lokalmagasinet.no\/#organization"},"potentialAction":[{"@type":"SearchAction","target":{"@type":"EntryPoint","urlTemplate":"https:\/\/lokalmagasinet.no\/?s={search_term_string}"},"query-input":{"@type":"PropertyValueSpecification","valueRequired":true,"valueName":"search_term_string"}}],"inLanguage":"nn-NO"},{"@type":"Organization","@id":"https:\/\/lokalmagasinet.no\/#organization","name":"Lokalmagasinet.no","url":"https:\/\/lokalmagasinet.no\/","logo":{"@type":"ImageObject","inLanguage":"nn-NO","@id":"https:\/\/lokalmagasinet.no\/#\/schema\/logo\/image\/","url":"https:\/\/lokalmagasinet.no\/wp-content\/uploads\/2021\/03\/cropped-cropped-cropped-cropped-cropped-cropped-lmlogo-e1640691300821.jpg","contentUrl":"https:\/\/lokalmagasinet.no\/wp-content\/uploads\/2021\/03\/cropped-cropped-cropped-cropped-cropped-cropped-lmlogo-e1640691300821.jpg","width":72,"height":118,"caption":"Lokalmagasinet.no"},"image":{"@id":"https:\/\/lokalmagasinet.no\/#\/schema\/logo\/image\/"},"sameAs":["https:\/\/www.facebook.com\/sveinharald.strand.1","https:\/\/x.com\/LMExtra"]},{"@type":"Person","@id":"https:\/\/lokalmagasinet.no\/#\/schema\/person\/2e8d221708d3aaf6f577275b5bba4310","name":"Svein-Harald Strand","image":{"@type":"ImageObject","inLanguage":"nn-NO","@id":"https:\/\/secure.gravatar.com\/avatar\/c487434bdf6cd7c12e4a88877ae4b12c38d22b7ad64292b49d33ed7503bb7ce1?s=96&d=mm&r=g","url":"https:\/\/secure.gravatar.com\/avatar\/c487434bdf6cd7c12e4a88877ae4b12c38d22b7ad64292b49d33ed7503bb7ce1?s=96&d=mm&r=g","contentUrl":"https:\/\/secure.gravatar.com\/avatar\/c487434bdf6cd7c12e4a88877ae4b12c38d22b7ad64292b49d33ed7503bb7ce1?s=96&d=mm&r=g","caption":"Svein-Harald Strand"},"description":"(F. 26.12.1945) Redakt\u00f8r, journalist og informasjonsarbeider siden 1968. ||| I 1963: Redaksjonell praktikant i 8 m\u00e5neder p\u00e5 full tid i Helgeland Arbeiderblad i hjembyen Mosj\u00f8en. ||| Arbeidende pensjonist med hjemmekontor fra 2008 (AFP) og videre som folkepensjonist til n\u00e5.","sameAs":["https:\/\/lokalmagasinet.no\/","https:\/\/www.facebook.com\/sveinharald.strand.1","https:\/\/x.com\/LMExtra"],"url":"https:\/\/lokalmagasinet.no\/?author=6"}]}},"_links":{"self":[{"href":"https:\/\/lokalmagasinet.no\/index.php?rest_route=\/wp\/v2\/posts\/26365","targetHints":{"allow":["GET"]}}],"collection":[{"href":"https:\/\/lokalmagasinet.no\/index.php?rest_route=\/wp\/v2\/posts"}],"about":[{"href":"https:\/\/lokalmagasinet.no\/index.php?rest_route=\/wp\/v2\/types\/post"}],"author":[{"embeddable":true,"href":"https:\/\/lokalmagasinet.no\/index.php?rest_route=\/wp\/v2\/users\/6"}],"replies":[{"embeddable":true,"href":"https:\/\/lokalmagasinet.no\/index.php?rest_route=%2Fwp%2Fv2%2Fcomments&post=26365"}],"version-history":[{"count":9,"href":"https:\/\/lokalmagasinet.no\/index.php?rest_route=\/wp\/v2\/posts\/26365\/revisions"}],"predecessor-version":[{"id":26374,"href":"https:\/\/lokalmagasinet.no\/index.php?rest_route=\/wp\/v2\/posts\/26365\/revisions\/26374"}],"wp:attachment":[{"href":"https:\/\/lokalmagasinet.no\/index.php?rest_route=%2Fwp%2Fv2%2Fmedia&parent=26365"}],"wp:term":[{"taxonomy":"category","embeddable":true,"href":"https:\/\/lokalmagasinet.no\/index.php?rest_route=%2Fwp%2Fv2%2Fcategories&post=26365"},{"taxonomy":"post_tag","embeddable":true,"href":"https:\/\/lokalmagasinet.no\/index.php?rest_route=%2Fwp%2Fv2%2Ftags&post=26365"}],"curies":[{"name":"wp","href":"https:\/\/api.w.org\/{rel}","templated":true}]}}