{"id":26509,"date":"2025-03-07T15:48:17","date_gmt":"2025-03-07T14:48:17","guid":{"rendered":"https:\/\/lokalmagasinet.no\/?p=26509"},"modified":"2025-03-07T16:51:24","modified_gmt":"2025-03-07T15:51:24","slug":"bra-brakk-bratt-staven-hvor-var-du-da","status":"publish","type":"post","link":"https:\/\/lokalmagasinet.no\/?p=26509","title":{"rendered":"Br\u00e5 brakk br\u00e5tt staven &#8211; HVOR VAR DU da?"},"content":{"rendered":"<div id=\"center_col\" class=\"s6JM6d ufC5Cb\" role=\"main\">\n<div id=\"res\" class=\"eqAnXb\">\n<div id=\"search\">\n<div data-hveid=\"CAkQBw\" data-ved=\"2ahUKEwjO0YHGl_aLAxWAIRAIHXkBMEcQGnoECAkQBw\">\n<div id=\"rso\" class=\"dURPMd\" data-async-context=\"query:Oddvar%20Br%C3%A5%20er%20---%20gammel\">\n<div class=\"MjjYud\">\n<div class=\"cUnQKe\" data-initq=\"oddvar br\u00e5 er --- gammel\" data-qc=\"ChlvZGR2YXIgYnLDpSBlciAtLS0gZ2FtbWVsEAp9DZo7Pw\" data-ulkwtsb=\"1\" data-hveid=\"CD8QAA\" data-ved=\"2ahUKEwjO0YHGl_aLAxWAIRAIHXkBMEcQuU4oAHoECD8QAA\">\n<div class=\"Wt5Tfe\">\n<div id=\"_tfbJZ46jNIDDwPAP-YLAuQQ_75\" class=\"LQCGqc\" data-bs=\"c-MK4FLxKMvMyU5VOLy0SCGpKDE7W8E_JaUssUjBqejwUt3iksSy1Dx7ia-yRqpSyhnoSvMhSpOAShUgSrkcuGQ8yvKLFMrys4tLUpENU8gvKLCXOO9vJCslnYGkBNkQoBIuIy5RsAlJQIyk3V5iB7eRmJRIBkwOSR-XF5eCR1lqrkJ6YhmKlal5CnmVYKfZSywy0WA0UpSSz4ApRLYYoZDLA2pWWWJeiUJGalFRKlA4LbWkBKgmU8HQ0sLIXmJzHtwk3Mq4dLiE_ECBlZ0HCixYWL6TMhKWEsxDlxBgBAA\" data-sgrd=\"true\">\n<div>\n<div id=\"tfbJZ46jNIDDwPAP-YLAuQQ__77\">\n<div class=\"wQiwMc related-question-pair\" data-lk=\"Gh9odmVtIGdhdiBvZGR2YXIgYnLDpSBlbiBueSBzdGF2\" data-q=\"Hvem gav Oddvar Br\u00e5 en ny stav?\" data-ved=\"2ahUKEwjO0YHGl_aLAxWAIRAIHXkBMEcQq7kBKAB6BAhHEAA\">\n<div class=\"roMIYb o3PDvf HYvwY oST1qe g7pt6d ilulF h373nd J2MhIb\" data-dic=\"\" data-ullb=\"\" data-g=\"\" data-sm=\"\">\n<div id=\"_tfbJZ46jNIDDwPAP-YLAuQQ_86\" class=\"bCOlv\" data-ved=\"2ahUKEwjO0YHGl_aLAxWAIRAIHXkBMEcQ7NUEegQIRxAE\">\n<div class=\"IZE3Td\">\n<div class=\"r2fjmd t0bRye Sbgr0\" data-hveid=\"CEcQBQ\" data-ved=\"2ahUKEwjO0YHGl_aLAxWAIRAIHXkBMEcQu04oAHoECEcQBQ\">\n<div id=\"tfbJZ46jNIDDwPAP-YLAuQQ__78\">\n<div class=\"wDYxhc\" data-md=\"61\">\n<div class=\"LGOjhe\" data-attrid=\"wa:\/description\" data-hveid=\"CEkQAA\">\n<figure id=\"attachment_1310\" aria-describedby=\"caption-attachment-1310\" style=\"width: 300px\" class=\"wp-caption alignleft\"><a href=\"https:\/\/lokalmagasinet.no\/wp-content\/uploads\/2021\/02\/gladunge_stock.jpg\"><img loading=\"lazy\" decoding=\"async\" class=\"size-full wp-image-1310\" src=\"https:\/\/lokalmagasinet.no\/wp-content\/uploads\/2021\/02\/gladunge_stock.jpg\" alt=\"\" width=\"300\" height=\"200\" \/><\/a><figcaption id=\"caption-attachment-1310\" class=\"wp-caption-text\">ILLUSTRASJON: (LM Arkivfoto\/stock.exchng)<\/figcaption><\/figure>\n<p><span class=\"ILfuVd\" lang=\"no\"><span class=\"hgKElc\">(Publisert 07.03.25) (Ski-VM Extra) <strong>Mens kommentator Herwig Carlsen skriker, og TVNorge st\u00e5r stile, er det Terje Bogen som kommer som ei kanonkule p\u00e5 ski. Han spretter over et gjerde, f\u00f8r han f\u00e5r gitt Oddvar Br\u00e5 en ny stav.<\/strong><\/span><\/span><\/p>\n<\/div>\n<\/div>\n<div data-attrid=\"wa:\/description\" data-hveid=\"CEkQAA\"><\/div>\n<div data-attrid=\"wa:\/description\" data-hveid=\"CEkQAA\">Oddvar Br\u00e5 var allerede en anerkjent langrennsl\u00f8per p\u00e5 80-tallet da han deltok i stafetten p\u00e5 Holmenkollen. Han hadde vunnet flere verdenscuprenn og VM-medaljer.<\/div>\n<div data-attrid=\"wa:\/description\" data-hveid=\"CEkQAA\"><\/div>\n<div data-attrid=\"wa:\/description\" data-hveid=\"CEkQAA\"><em>&laquo;Hvor var du da Oddvar Br\u00e5 brakk staven?&raquo;<\/em> Dette ble etter hvert en frase &#8211; i likhet med andre historiske hendelser med norske idrettsut\u00f8vere. Som <em>&laquo;\u00c5 hoppe etter Wirkola&raquo;<\/em><\/div>\n<div class=\"wDYxhc\" data-md=\"61\">\n<div data-attrid=\"wa:\/description\" data-hveid=\"CEkQAA\"><\/div>\n<div data-attrid=\"wa:\/description\" data-hveid=\"CEkQAA\"><\/div>\n<div data-attrid=\"wa:\/description\" data-hveid=\"CEkQAA\"><\/div>\n<div class=\"LGOjhe\" data-attrid=\"wa:\/description\" data-hveid=\"CEkQAA\"><span class=\"ILfuVd\" lang=\"no\"><span class=\"hgKElc\">&#8211; Uten Terje Bogen hadde det ikke blitt noe gull, fastslo Oddvar Br\u00e5 overfor Dagbladet, 40 \u00e5r og noen m\u00e5neder etter dramaet i Holmenkollen. <\/span><\/span>Her er litt mer om hva vi har funnet etter litt googling p\u00e5 nettet:<\/div>\n<div data-attrid=\"wa:\/description\" data-hveid=\"CEkQAA\"><\/div>\n<\/div>\n<\/div>\n<\/div>\n<\/div>\n<\/div>\n<\/div>\n<\/div>\n<\/div>\n<\/div>\n<\/div>\n<\/div>\n<\/div>\n<\/div>\n<div class=\"MjjYud\">\n<div class=\"g Ww4FFb vt6azd tF2Cxc asEBEc\" lang=\"no\" data-hveid=\"CEIQAA\" data-ved=\"2ahUKEwjO0YHGl_aLAxWAIRAIHXkBMEcQFSgAegQIQhAA\">\n<div class=\"N54PNb BToiNc\" data-snc=\"yWngYc\">\n<div class=\"kb0PBd A9Y9g\" data-snf=\"nke7rc\" data-sncf=\"1\">\n<div class=\"VwiC3b yXK7lf p4wth r025kc hJNv6b Hdw6tb\">&#8211; Oddvar Br\u00e5 (f\u00f8dd 16. mars 1951 p\u00e5 H\u00f8londa i Melhus kommune) var i ei \u00e5rrekke den dominerande skil\u00f8peren i Norge.<a href=\"https:\/\/www.abcnyheter.no\/nyheter\/sport\/2023\/11\/22\/195963779\/oddvar-bra-72-har-bestemt-seg-gir-fra-seg-vm-staven-etter-41-ar-omtalig\" data-jsarwt=\"1\" data-usg=\"AOvVaw1HxdRxIfU7slHeHtuZnYts\" data-ved=\"2ahUKEwjO0YHGl_aLAxWAIRAIHXkBMEcQFnoECBwQAQ\"><br \/>\n<\/a><\/div>\n<\/div>\n<div><span class=\"ILfuVd\" lang=\"no\"><span class=\"hgKElc\">&#8211; Uten Terje Bogen hadde det ikke blitt noe gull, fastslo Oddvar Br\u00e5 overfor Dagbladet, 40 \u00e5r og noen m\u00e5neder etter dramaet i Holmenkollen.<\/span><\/span><a href=\"https:\/\/nn.wikipedia.org\/wiki\/Oddvar_Br%C3%A5\" data-jsarwt=\"1\" data-usg=\"AOvVaw1PabR2-6VqERbDFTf4tsCc\" data-ved=\"2ahUKEwjO0YHGl_aLAxWAIRAIHXkBMEcQFnoECDMQAQ\"><br \/>\n<\/a><\/p>\n<div class=\"notranslate HGLrXd NJjxre iUh30 ojE3Fb\">\n<div class=\"q0vns\">\n<div class=\"eqA2re UnOTSe Vwoesf\" aria-hidden=\"true\"><\/div>\n<\/div>\n<\/div>\n<\/div>\n<\/div>\n<div class=\"notranslate HGLrXd NJjxre iUh30 ojE3Fb\"><span class=\"LEwnzc Sqrs4e\">22. november 2023 \u2014 <\/span>Oddvar Br\u00e5<em> (72<\/em>) har bestemt seg: Gir fra seg VM-staven etter 41 \u00e5r og noen m\u00e5neder.<\/div>\n<div><\/div>\n<div class=\"notranslate HGLrXd NJjxre iUh30 ojE3Fb\"><\/div>\n<\/div>\n<\/div>\n<div class=\"hlcw0c\">\n<div class=\"MjjYud\">\n<div class=\"g Ww4FFb vt6azd tF2Cxc asEBEc\" lang=\"no\" data-hveid=\"CCUQAA\" data-ved=\"2ahUKEwjO0YHGl_aLAxWAIRAIHXkBMEcQFSgAegQIJRAA\">\n<div class=\"N54PNb BToiNc\" data-snc=\"lNkyVb\">\n<div class=\"kb0PBd A9Y9g\" data-snf=\"nke7rc\" data-sncf=\"1\">\n<div class=\"VwiC3b yXK7lf p4wth r025kc hJNv6b Hdw6tb\">\u00abHvor var du da\u00a0Oddvar Br\u00e5 brakk staven?\u00bb ble et kjent uttrykk i etterkant av en h\u00f8ydramatisk avslutning p\u00e5 herrestafetten i VM p\u00e5 ski i 1982.<\/div>\n<\/div>\n<div><\/div>\n<div>DEN REDDENDE ENGEL, Terje Bogen, hvem er han, da? Det f\u00e5r bli mitt personlige bidrag her. Han tjenestegjorde nemlig sammen med meg i Hans Majestet Kongens Garde i 1965. For 60 \u00e5r siden!<\/div>\n<div><\/div>\n<div>Terje var korporal p\u00e5 stabskontoret i kompani 5, der Musikktroppen h\u00f8rte hjemme da. Der fikk vi blant annet permisjonssedler.<\/div>\n<div><\/div>\n<div>TIL SLUTT:<\/div>\n<div>\n<pre class=\" nettavisen-story-title article--c-gaIEdX article--c-gaIEdX-fYfQGx-design-nettavisen article--c-gaIEdX-jAFUCX-cv\" tabindex=\"-1\"><strong>Bogen ble ben\u00e5det i Sponsor Service-saken<\/strong><\/pre>\n<div class=\"inner-article article--c-PJLV article--c-PJLV-bfVKEM-cv\">\n<p class=\"lead-text article--c-PJLV article--c-PJLV-jceQzA-design-nettavisen article--c-PJLV-emUVRJ-cv\" data-content=\"lead-text\">Terje Bogen hadd hele tiden nektet straffskyld for \u00f8konoemisk kriminalitet i Sponsor Service-saken. N\u00e5 var han ben\u00e5det og slapp \u00e5 sone mer i fengsel.<\/p>\n<div class=\"body-text article--c-cmpvrW article--c-cmpvrW-hEmTrk-design-nettavisen\" data-content=\"body-text\">\n<div class=\"article--c-hkHMHp article--c-hkHMHp-iLHxJD-design-nettavisen article--c-hkHMHp-iKNVNO-cv article-body\">\n<p>If\u00f8lge Dagbladet kom ben\u00e5dningen p\u00e5 den tredje s\u00f8knaden om dette.<\/p>\n<p>\u2013 Jeg er lettet, endelig er det over, sa Bogen \u2013 som kanskje er aller mest kjent for \u00e5 ha skaffet en ny stav til Oddvar Br\u00e5 under innspurten p\u00e5 stafetten i ski-VM i Holmenkollen i 1982.<\/p>\n<p>Han slapp dermed \u00e5 sone resten av fengselsstraffen p\u00e5 fire og et halvt \u00e5r for bedrageri, regnskapsmanipulasjon, investorbedrageri og aksjelovbrudd i forbindelse med konkursen i Sponsor Service i 2003.<\/p>\n<p>I Norge er ben\u00e5dning beskrevet i\u00a0<a href=\"https:\/\/lovdata.no\/dokument\/NL\/lov\/1814-05-17-nn\" rel=\"noopener noreferrer\">paragraf 20 i Grunnloven<\/a>. Det skjer gjennom at saken forberedes av Justis- og beredskapsdepartementet og fremmes i Statsr\u00e5d. Avgj\u00f8relsen tas av Kongen i statsr\u00e5d.<\/p>\n<p>Advokatene Fabian Stang og John Christian Elden jobbet for \u00e5 f\u00e5 Bogen ben\u00e5det.<\/p>\n<p><strong>\u2013 Endelig har kongen gitt Terje Bogen en stav, sa Elden til Dagbladet.<\/strong><\/p>\n<p>If\u00f8lge Fabian Stang hadde Bogen bare sonet noen f\u00e5 dager av dommen, og han hadde f\u00e5tt soningsutsettelse flere ganger.<\/p>\n<p>Ben\u00e5dningen var ikke begrunnet, men Stang mente at bakgrunnen var en kombinasjon av Bogens helseproblemer og at saken var nesten 20 \u00e5r gammel. (\u00a9NTB)<\/p>\n<\/div>\n<\/div>\n<\/div>\n<\/div>\n<\/div>\n<div><\/div>\n<div><\/div>\n<div><\/div>\n<div><\/div>\n<\/div>\n<\/div>\n<\/div>\n<div class=\"ULSxyf\">\n<div class=\"MjjYud\">\n<div class=\"Lv2Cle\" data-count=\"9\" data-iu=\"1\" data-hveid=\"CDAQAA\" data-ved=\"2ahUKEwjO0YHGl_aLAxWAIRAIHXkBMEcQyA0oAHoECDAQAA\">\n<div id=\"iur\">\n<div>\n<div data-id=\"_tfbJZ46jNIDDwPAP-YLAuQQ_62\" data-q=\"Oddvar Br\u00e5 er --- gammel\" data-viewer-group=\"1\">\n<div>\n<div class=\"cakeVe\" data-nr=\"1\" data-ved=\"2ahUKEwjO0YHGl_aLAxWAIRAIHXkBMEcQxDAoAHoECDAQBQ\">\n<div class=\"vCUuC m3LIae\" data-hveid=\"CB8QAA\" data-ved=\"2ahUKEwjO0YHGl_aLAxWAIRAIHXkBMEcQ9AF6BAgfEAA\">\n<div data-docid=\"vo189FD7ksYBRM\" data-viewer-entrypoint=\"1\" data-vhid=\"vo189FD7ksYBRM\">\n<div>\n<div class=\"p7bv DfMusf\">\n<div class=\"w43QB EXH1Ce\">\n<div class=\"T3Fozb s2pXAe OdBhM zUdppc ZTblUe\">\n<div class=\"VaiWld\">\n<div class=\"DH9lqb\">\n<div id=\"tsuid_tfbJZ46jNIDDwPAP-YLAuQQ_41\" class=\"wep10b vDF3Oc jIrdcd\" aria-hidden=\"true\">\n<div class=\"iDBaYb\">\n<div class=\"d6R6kf\">\n<div>\n<div class=\"oRVWZ GB3ilc Vwoesf\" aria-hidden=\"true\"><\/div>\n<\/div>\n<\/div>\n<\/div>\n<\/div>\n<\/div>\n<\/div>\n<\/div>\n<\/div>\n<\/div>\n<\/div>\n<\/div>\n<\/div>\n<\/div>\n<\/div>\n<\/div>\n<\/div>\n<\/div>\n<\/div>\n<\/div>\n<\/div>\n<\/div>\n<\/div>\n<\/div>\n<\/div>\n<\/div>\n<p>Views: 128<\/p>","protected":false},"excerpt":{"rendered":"<p>(Publisert 07.03.25) (Ski-VM Extra) Mens kommentator Herwig Carlsen skriker, og TVNorge st\u00e5r stile, er det Terje Bogen som kommer som ei kanonkule p\u00e5 ski. Han spretter over et gjerde, f\u00f8r &#8230; <\/p>\n<p class=\"read-more-container\"><a title=\"Br\u00e5 brakk br\u00e5tt staven &#8211; HVOR VAR DU da?\" class=\"read-more button\" href=\"https:\/\/lokalmagasinet.no\/?p=26509#more-26509\">Les mer<span class=\"screen-reader-text\">Br\u00e5 brakk br\u00e5tt staven &#8211; HVOR VAR DU da?<\/span><\/a><\/p>\n","protected":false},"author":6,"featured_media":0,"comment_status":"closed","ping_status":"closed","sticky":false,"template":"","format":"standard","meta":{"footnotes":""},"categories":[1],"tags":[],"class_list":["post-26509","post","type-post","status-publish","format-standard","hentry","category-aktuelt"],"yoast_head":"<!-- This site is optimized with the Yoast SEO plugin v27.5 - https:\/\/yoast.com\/product\/yoast-seo-wordpress\/ -->\n<title>Br\u00e5 brakk br\u00e5tt staven - HVOR VAR DU da? | Lokalmagasinet.no<\/title>\n<meta name=\"robots\" content=\"index, follow, max-snippet:-1, max-image-preview:large, max-video-preview:-1\" \/>\n<link rel=\"canonical\" href=\"https:\/\/lokalmagasinet.no\/?p=26509\" \/>\n<meta property=\"og:locale\" content=\"nn_NO\" \/>\n<meta property=\"og:type\" content=\"article\" \/>\n<meta property=\"og:title\" content=\"Br\u00e5 brakk br\u00e5tt staven - HVOR VAR DU da? | Lokalmagasinet.no\" \/>\n<meta property=\"og:description\" content=\"(Publisert 07.03.25) (Ski-VM Extra) Mens kommentator Herwig Carlsen skriker, og TVNorge st\u00e5r stile, er det Terje Bogen som kommer som ei kanonkule p\u00e5 ski. Han spretter over et gjerde, f\u00f8r ... Les merBr\u00e5 brakk br\u00e5tt staven &#8211; HVOR VAR DU da?\" \/>\n<meta property=\"og:url\" content=\"https:\/\/lokalmagasinet.no\/?p=26509\" \/>\n<meta property=\"og:site_name\" content=\"Lokalmagasinet.no\" \/>\n<meta property=\"article:publisher\" content=\"https:\/\/www.facebook.com\/sveinharald.strand.1\" \/>\n<meta property=\"article:author\" content=\"https:\/\/www.facebook.com\/sveinharald.strand.1\" \/>\n<meta property=\"article:published_time\" content=\"2025-03-07T14:48:17+00:00\" \/>\n<meta property=\"article:modified_time\" content=\"2025-03-07T15:51:24+00:00\" \/>\n<meta property=\"og:image\" content=\"https:\/\/lokalmagasinet.no\/wp-content\/uploads\/2021\/02\/gladunge_stock.jpg\" \/>\n\t<meta property=\"og:image:width\" content=\"300\" \/>\n\t<meta property=\"og:image:height\" content=\"200\" \/>\n\t<meta property=\"og:image:type\" content=\"image\/jpeg\" \/>\n<meta name=\"author\" content=\"Svein-Harald Strand\" \/>\n<meta name=\"twitter:card\" content=\"summary_large_image\" \/>\n<meta name=\"twitter:creator\" content=\"@LMExtra\" \/>\n<meta name=\"twitter:site\" content=\"@LMExtra\" \/>\n<meta name=\"twitter:label1\" content=\"Written by\" \/>\n\t<meta name=\"twitter:data1\" content=\"Svein-Harald Strand\" \/>\n\t<meta name=\"twitter:label2\" content=\"Est. reading time\" \/>\n\t<meta name=\"twitter:data2\" content=\"2 minutt\" \/>\n<script type=\"application\/ld+json\" class=\"yoast-schema-graph\">{\"@context\":\"https:\\\/\\\/schema.org\",\"@graph\":[{\"@type\":\"Article\",\"@id\":\"https:\\\/\\\/lokalmagasinet.no\\\/?p=26509#article\",\"isPartOf\":{\"@id\":\"https:\\\/\\\/lokalmagasinet.no\\\/?p=26509\"},\"author\":{\"name\":\"Svein-Harald Strand\",\"@id\":\"https:\\\/\\\/lokalmagasinet.no\\\/#\\\/schema\\\/person\\\/2e8d221708d3aaf6f577275b5bba4310\"},\"headline\":\"Br\u00e5 brakk br\u00e5tt staven &#8211; HVOR VAR DU da?\",\"datePublished\":\"2025-03-07T14:48:17+00:00\",\"dateModified\":\"2025-03-07T15:51:24+00:00\",\"mainEntityOfPage\":{\"@id\":\"https:\\\/\\\/lokalmagasinet.no\\\/?p=26509\"},\"wordCount\":494,\"publisher\":{\"@id\":\"https:\\\/\\\/lokalmagasinet.no\\\/#organization\"},\"image\":{\"@id\":\"https:\\\/\\\/lokalmagasinet.no\\\/?p=26509#primaryimage\"},\"thumbnailUrl\":\"https:\\\/\\\/lokalmagasinet.no\\\/wp-content\\\/uploads\\\/2021\\\/02\\\/gladunge_stock.jpg\",\"articleSection\":[\"Aktuelt\"],\"inLanguage\":\"nn-NO\"},{\"@type\":\"WebPage\",\"@id\":\"https:\\\/\\\/lokalmagasinet.no\\\/?p=26509\",\"url\":\"https:\\\/\\\/lokalmagasinet.no\\\/?p=26509\",\"name\":\"Br\u00e5 brakk br\u00e5tt staven - HVOR VAR DU da? | Lokalmagasinet.no\",\"isPartOf\":{\"@id\":\"https:\\\/\\\/lokalmagasinet.no\\\/#website\"},\"primaryImageOfPage\":{\"@id\":\"https:\\\/\\\/lokalmagasinet.no\\\/?p=26509#primaryimage\"},\"image\":{\"@id\":\"https:\\\/\\\/lokalmagasinet.no\\\/?p=26509#primaryimage\"},\"thumbnailUrl\":\"https:\\\/\\\/lokalmagasinet.no\\\/wp-content\\\/uploads\\\/2021\\\/02\\\/gladunge_stock.jpg\",\"datePublished\":\"2025-03-07T14:48:17+00:00\",\"dateModified\":\"2025-03-07T15:51:24+00:00\",\"breadcrumb\":{\"@id\":\"https:\\\/\\\/lokalmagasinet.no\\\/?p=26509#breadcrumb\"},\"inLanguage\":\"nn-NO\",\"potentialAction\":[{\"@type\":\"ReadAction\",\"target\":[\"https:\\\/\\\/lokalmagasinet.no\\\/?p=26509\"]}]},{\"@type\":\"ImageObject\",\"inLanguage\":\"nn-NO\",\"@id\":\"https:\\\/\\\/lokalmagasinet.no\\\/?p=26509#primaryimage\",\"url\":\"https:\\\/\\\/lokalmagasinet.no\\\/wp-content\\\/uploads\\\/2021\\\/02\\\/gladunge_stock.jpg\",\"contentUrl\":\"https:\\\/\\\/lokalmagasinet.no\\\/wp-content\\\/uploads\\\/2021\\\/02\\\/gladunge_stock.jpg\",\"width\":300,\"height\":200,\"caption\":\"(Illustrasjon: LM Arkivfoto \\\/stock.exchng))\"},{\"@type\":\"BreadcrumbList\",\"@id\":\"https:\\\/\\\/lokalmagasinet.no\\\/?p=26509#breadcrumb\",\"itemListElement\":[{\"@type\":\"ListItem\",\"position\":1,\"name\":\"Hjem\",\"item\":\"https:\\\/\\\/lokalmagasinet.no\\\/\"},{\"@type\":\"ListItem\",\"position\":2,\"name\":\"Br\u00e5 brakk br\u00e5tt staven &#8211; HVOR VAR DU da?\"}]},{\"@type\":\"WebSite\",\"@id\":\"https:\\\/\\\/lokalmagasinet.no\\\/#website\",\"url\":\"https:\\\/\\\/lokalmagasinet.no\\\/\",\"name\":\"Lokalmagasinet.no\",\"description\":\"Fra fortid og n\u00e5tid. Med st\u00e5sted i det n\u00e6re. Siden 2002.\",\"publisher\":{\"@id\":\"https:\\\/\\\/lokalmagasinet.no\\\/#organization\"},\"potentialAction\":[{\"@type\":\"SearchAction\",\"target\":{\"@type\":\"EntryPoint\",\"urlTemplate\":\"https:\\\/\\\/lokalmagasinet.no\\\/?s={search_term_string}\"},\"query-input\":{\"@type\":\"PropertyValueSpecification\",\"valueRequired\":true,\"valueName\":\"search_term_string\"}}],\"inLanguage\":\"nn-NO\"},{\"@type\":\"Organization\",\"@id\":\"https:\\\/\\\/lokalmagasinet.no\\\/#organization\",\"name\":\"Lokalmagasinet.no\",\"url\":\"https:\\\/\\\/lokalmagasinet.no\\\/\",\"logo\":{\"@type\":\"ImageObject\",\"inLanguage\":\"nn-NO\",\"@id\":\"https:\\\/\\\/lokalmagasinet.no\\\/#\\\/schema\\\/logo\\\/image\\\/\",\"url\":\"https:\\\/\\\/lokalmagasinet.no\\\/wp-content\\\/uploads\\\/2021\\\/03\\\/cropped-cropped-cropped-cropped-cropped-cropped-lmlogo-e1640691300821.jpg\",\"contentUrl\":\"https:\\\/\\\/lokalmagasinet.no\\\/wp-content\\\/uploads\\\/2021\\\/03\\\/cropped-cropped-cropped-cropped-cropped-cropped-lmlogo-e1640691300821.jpg\",\"width\":72,\"height\":118,\"caption\":\"Lokalmagasinet.no\"},\"image\":{\"@id\":\"https:\\\/\\\/lokalmagasinet.no\\\/#\\\/schema\\\/logo\\\/image\\\/\"},\"sameAs\":[\"https:\\\/\\\/www.facebook.com\\\/sveinharald.strand.1\",\"https:\\\/\\\/x.com\\\/LMExtra\"]},{\"@type\":\"Person\",\"@id\":\"https:\\\/\\\/lokalmagasinet.no\\\/#\\\/schema\\\/person\\\/2e8d221708d3aaf6f577275b5bba4310\",\"name\":\"Svein-Harald Strand\",\"image\":{\"@type\":\"ImageObject\",\"inLanguage\":\"nn-NO\",\"@id\":\"https:\\\/\\\/secure.gravatar.com\\\/avatar\\\/c487434bdf6cd7c12e4a88877ae4b12c38d22b7ad64292b49d33ed7503bb7ce1?s=96&d=mm&r=g\",\"url\":\"https:\\\/\\\/secure.gravatar.com\\\/avatar\\\/c487434bdf6cd7c12e4a88877ae4b12c38d22b7ad64292b49d33ed7503bb7ce1?s=96&d=mm&r=g\",\"contentUrl\":\"https:\\\/\\\/secure.gravatar.com\\\/avatar\\\/c487434bdf6cd7c12e4a88877ae4b12c38d22b7ad64292b49d33ed7503bb7ce1?s=96&d=mm&r=g\",\"caption\":\"Svein-Harald Strand\"},\"description\":\"(F. 26.12.1945) Redakt\u00f8r, journalist og informasjonsarbeider siden 1968. ||| I 1963: Redaksjonell praktikant i 8 m\u00e5neder p\u00e5 full tid i Helgeland Arbeiderblad i hjembyen Mosj\u00f8en. ||| Arbeidende pensjonist med hjemmekontor fra 2008 (AFP) og videre som folkepensjonist til n\u00e5.\",\"sameAs\":[\"https:\\\/\\\/lokalmagasinet.no\\\/\",\"https:\\\/\\\/www.facebook.com\\\/sveinharald.strand.1\",\"https:\\\/\\\/x.com\\\/LMExtra\"],\"url\":\"https:\\\/\\\/lokalmagasinet.no\\\/?author=6\"}]}<\/script>\n<!-- \/ Yoast SEO plugin. -->","yoast_head_json":{"title":"Br\u00e5 brakk br\u00e5tt staven - HVOR VAR DU da? | Lokalmagasinet.no","robots":{"index":"index","follow":"follow","max-snippet":"max-snippet:-1","max-image-preview":"max-image-preview:large","max-video-preview":"max-video-preview:-1"},"canonical":"https:\/\/lokalmagasinet.no\/?p=26509","og_locale":"nn_NO","og_type":"article","og_title":"Br\u00e5 brakk br\u00e5tt staven - HVOR VAR DU da? | Lokalmagasinet.no","og_description":"(Publisert 07.03.25) (Ski-VM Extra) Mens kommentator Herwig Carlsen skriker, og TVNorge st\u00e5r stile, er det Terje Bogen som kommer som ei kanonkule p\u00e5 ski. Han spretter over et gjerde, f\u00f8r ... Les merBr\u00e5 brakk br\u00e5tt staven &#8211; HVOR VAR DU da?","og_url":"https:\/\/lokalmagasinet.no\/?p=26509","og_site_name":"Lokalmagasinet.no","article_publisher":"https:\/\/www.facebook.com\/sveinharald.strand.1","article_author":"https:\/\/www.facebook.com\/sveinharald.strand.1","article_published_time":"2025-03-07T14:48:17+00:00","article_modified_time":"2025-03-07T15:51:24+00:00","og_image":[{"width":300,"height":200,"url":"https:\/\/lokalmagasinet.no\/wp-content\/uploads\/2021\/02\/gladunge_stock.jpg","type":"image\/jpeg"}],"author":"Svein-Harald Strand","twitter_card":"summary_large_image","twitter_creator":"@LMExtra","twitter_site":"@LMExtra","twitter_misc":{"Written by":"Svein-Harald Strand","Est. reading time":"2 minutt"},"schema":{"@context":"https:\/\/schema.org","@graph":[{"@type":"Article","@id":"https:\/\/lokalmagasinet.no\/?p=26509#article","isPartOf":{"@id":"https:\/\/lokalmagasinet.no\/?p=26509"},"author":{"name":"Svein-Harald Strand","@id":"https:\/\/lokalmagasinet.no\/#\/schema\/person\/2e8d221708d3aaf6f577275b5bba4310"},"headline":"Br\u00e5 brakk br\u00e5tt staven &#8211; HVOR VAR DU da?","datePublished":"2025-03-07T14:48:17+00:00","dateModified":"2025-03-07T15:51:24+00:00","mainEntityOfPage":{"@id":"https:\/\/lokalmagasinet.no\/?p=26509"},"wordCount":494,"publisher":{"@id":"https:\/\/lokalmagasinet.no\/#organization"},"image":{"@id":"https:\/\/lokalmagasinet.no\/?p=26509#primaryimage"},"thumbnailUrl":"https:\/\/lokalmagasinet.no\/wp-content\/uploads\/2021\/02\/gladunge_stock.jpg","articleSection":["Aktuelt"],"inLanguage":"nn-NO"},{"@type":"WebPage","@id":"https:\/\/lokalmagasinet.no\/?p=26509","url":"https:\/\/lokalmagasinet.no\/?p=26509","name":"Br\u00e5 brakk br\u00e5tt staven - HVOR VAR DU da? | Lokalmagasinet.no","isPartOf":{"@id":"https:\/\/lokalmagasinet.no\/#website"},"primaryImageOfPage":{"@id":"https:\/\/lokalmagasinet.no\/?p=26509#primaryimage"},"image":{"@id":"https:\/\/lokalmagasinet.no\/?p=26509#primaryimage"},"thumbnailUrl":"https:\/\/lokalmagasinet.no\/wp-content\/uploads\/2021\/02\/gladunge_stock.jpg","datePublished":"2025-03-07T14:48:17+00:00","dateModified":"2025-03-07T15:51:24+00:00","breadcrumb":{"@id":"https:\/\/lokalmagasinet.no\/?p=26509#breadcrumb"},"inLanguage":"nn-NO","potentialAction":[{"@type":"ReadAction","target":["https:\/\/lokalmagasinet.no\/?p=26509"]}]},{"@type":"ImageObject","inLanguage":"nn-NO","@id":"https:\/\/lokalmagasinet.no\/?p=26509#primaryimage","url":"https:\/\/lokalmagasinet.no\/wp-content\/uploads\/2021\/02\/gladunge_stock.jpg","contentUrl":"https:\/\/lokalmagasinet.no\/wp-content\/uploads\/2021\/02\/gladunge_stock.jpg","width":300,"height":200,"caption":"(Illustrasjon: LM Arkivfoto \/stock.exchng))"},{"@type":"BreadcrumbList","@id":"https:\/\/lokalmagasinet.no\/?p=26509#breadcrumb","itemListElement":[{"@type":"ListItem","position":1,"name":"Hjem","item":"https:\/\/lokalmagasinet.no\/"},{"@type":"ListItem","position":2,"name":"Br\u00e5 brakk br\u00e5tt staven &#8211; HVOR VAR DU da?"}]},{"@type":"WebSite","@id":"https:\/\/lokalmagasinet.no\/#website","url":"https:\/\/lokalmagasinet.no\/","name":"Lokalmagasinet.no","description":"Fra fortid og n\u00e5tid. Med st\u00e5sted i det n\u00e6re. Siden 2002.","publisher":{"@id":"https:\/\/lokalmagasinet.no\/#organization"},"potentialAction":[{"@type":"SearchAction","target":{"@type":"EntryPoint","urlTemplate":"https:\/\/lokalmagasinet.no\/?s={search_term_string}"},"query-input":{"@type":"PropertyValueSpecification","valueRequired":true,"valueName":"search_term_string"}}],"inLanguage":"nn-NO"},{"@type":"Organization","@id":"https:\/\/lokalmagasinet.no\/#organization","name":"Lokalmagasinet.no","url":"https:\/\/lokalmagasinet.no\/","logo":{"@type":"ImageObject","inLanguage":"nn-NO","@id":"https:\/\/lokalmagasinet.no\/#\/schema\/logo\/image\/","url":"https:\/\/lokalmagasinet.no\/wp-content\/uploads\/2021\/03\/cropped-cropped-cropped-cropped-cropped-cropped-lmlogo-e1640691300821.jpg","contentUrl":"https:\/\/lokalmagasinet.no\/wp-content\/uploads\/2021\/03\/cropped-cropped-cropped-cropped-cropped-cropped-lmlogo-e1640691300821.jpg","width":72,"height":118,"caption":"Lokalmagasinet.no"},"image":{"@id":"https:\/\/lokalmagasinet.no\/#\/schema\/logo\/image\/"},"sameAs":["https:\/\/www.facebook.com\/sveinharald.strand.1","https:\/\/x.com\/LMExtra"]},{"@type":"Person","@id":"https:\/\/lokalmagasinet.no\/#\/schema\/person\/2e8d221708d3aaf6f577275b5bba4310","name":"Svein-Harald Strand","image":{"@type":"ImageObject","inLanguage":"nn-NO","@id":"https:\/\/secure.gravatar.com\/avatar\/c487434bdf6cd7c12e4a88877ae4b12c38d22b7ad64292b49d33ed7503bb7ce1?s=96&d=mm&r=g","url":"https:\/\/secure.gravatar.com\/avatar\/c487434bdf6cd7c12e4a88877ae4b12c38d22b7ad64292b49d33ed7503bb7ce1?s=96&d=mm&r=g","contentUrl":"https:\/\/secure.gravatar.com\/avatar\/c487434bdf6cd7c12e4a88877ae4b12c38d22b7ad64292b49d33ed7503bb7ce1?s=96&d=mm&r=g","caption":"Svein-Harald Strand"},"description":"(F. 26.12.1945) Redakt\u00f8r, journalist og informasjonsarbeider siden 1968. ||| I 1963: Redaksjonell praktikant i 8 m\u00e5neder p\u00e5 full tid i Helgeland Arbeiderblad i hjembyen Mosj\u00f8en. ||| Arbeidende pensjonist med hjemmekontor fra 2008 (AFP) og videre som folkepensjonist til n\u00e5.","sameAs":["https:\/\/lokalmagasinet.no\/","https:\/\/www.facebook.com\/sveinharald.strand.1","https:\/\/x.com\/LMExtra"],"url":"https:\/\/lokalmagasinet.no\/?author=6"}]}},"_links":{"self":[{"href":"https:\/\/lokalmagasinet.no\/index.php?rest_route=\/wp\/v2\/posts\/26509","targetHints":{"allow":["GET"]}}],"collection":[{"href":"https:\/\/lokalmagasinet.no\/index.php?rest_route=\/wp\/v2\/posts"}],"about":[{"href":"https:\/\/lokalmagasinet.no\/index.php?rest_route=\/wp\/v2\/types\/post"}],"author":[{"embeddable":true,"href":"https:\/\/lokalmagasinet.no\/index.php?rest_route=\/wp\/v2\/users\/6"}],"replies":[{"embeddable":true,"href":"https:\/\/lokalmagasinet.no\/index.php?rest_route=%2Fwp%2Fv2%2Fcomments&post=26509"}],"version-history":[{"count":22,"href":"https:\/\/lokalmagasinet.no\/index.php?rest_route=\/wp\/v2\/posts\/26509\/revisions"}],"predecessor-version":[{"id":26535,"href":"https:\/\/lokalmagasinet.no\/index.php?rest_route=\/wp\/v2\/posts\/26509\/revisions\/26535"}],"wp:attachment":[{"href":"https:\/\/lokalmagasinet.no\/index.php?rest_route=%2Fwp%2Fv2%2Fmedia&parent=26509"}],"wp:term":[{"taxonomy":"category","embeddable":true,"href":"https:\/\/lokalmagasinet.no\/index.php?rest_route=%2Fwp%2Fv2%2Fcategories&post=26509"},{"taxonomy":"post_tag","embeddable":true,"href":"https:\/\/lokalmagasinet.no\/index.php?rest_route=%2Fwp%2Fv2%2Ftags&post=26509"}],"curies":[{"name":"wp","href":"https:\/\/api.w.org\/{rel}","templated":true}]}}