{"id":26587,"date":"2025-03-11T02:40:42","date_gmt":"2025-03-11T01:40:42","guid":{"rendered":"https:\/\/lokalmagasinet.no\/?p=26587"},"modified":"2025-03-11T02:40:42","modified_gmt":"2025-03-11T01:40:42","slug":"st-olav-monumentet-og-olav-den-hellige","status":"publish","type":"post","link":"https:\/\/lokalmagasinet.no\/?p=26587","title":{"rendered":"St. Olav-monumentet og Olav Den Hellige"},"content":{"rendered":"<p><a href=\"https:\/\/lokalmagasinet.no\/wp-content\/uploads\/2025\/03\/Trondheim_-_monument_01-2.jpg\"><img loading=\"lazy\" decoding=\"async\" class=\"aligncenter wp-image-26559 size-full\" src=\"https:\/\/lokalmagasinet.no\/wp-content\/uploads\/2025\/03\/Trondheim_-_monument_01-2.jpg\" alt=\"\" width=\"320\" height=\"593\" srcset=\"https:\/\/lokalmagasinet.no\/wp-content\/uploads\/2025\/03\/Trondheim_-_monument_01-2.jpg 320w, https:\/\/lokalmagasinet.no\/wp-content\/uploads\/2025\/03\/Trondheim_-_monument_01-2-162x300.jpg 162w, https:\/\/lokalmagasinet.no\/wp-content\/uploads\/2025\/03\/Trondheim_-_monument_01-2-81x150.jpg 81w\" sizes=\"auto, (max-width: 320px) 100vw, 320px\" \/><\/a><\/p>\n<p>(Publisert 11.03.25) <strong>Etter Ski-VM &#8211; litt om det h\u00f8ye St. Olav-monumentet p\u00e5 torget i Trondheim (bildet). Og om kongen, etter hvert kjent som Olav Den Hellige, som falt i slaget ved Stiklestad.<\/strong><\/p>\n<p>V\u00e5r kilde i dette innlegget er Store Norske Leksikon (snl.no), Og vi har denne gang valgt \u00e5 beholde lenkene som sender deg videre til underliggende fakta om denne viktige tiden for Norge som land. Dette ogs\u00e5 med tanke p\u00e5 arbeid og undervisning p\u00e5 skolene v\u00e5re.<\/p>\n<p>Eirik Jarls s\u00f8nn, som Olav hadde sendt ut av landet i 1015, ble Knuts jarl i Norge. I 1029 omkom imidlertid H\u00e5kon i et skipsforlis i <a class=\"crossref\" href=\"https:\/\/snl.no\/Pentland_Firth\">Pentlandsfjorden<\/a>\u00a0p\u00e5 vei hjem til Norge. Olav \u00f8ynet da en mulighet for \u00e5 gjenvinne sitt rike.<\/p>\n<p>Med en h\u00e6r av\u00a0<a class=\"crossref\" href=\"https:\/\/snl.no\/svear\">svear<\/a>,\u00a0<a class=\"crossref\" href=\"https:\/\/snl.no\/J%C3%A4mtland\">jemter<\/a>, islendinger og norske f\u00f8lgesmenn kom han til Tr\u00f8ndelag i 1030, og p\u00e5\u00a0<a class=\"crossref\" href=\"https:\/\/snl.no\/Slaget_p%C3%A5_Stiklestad\">Stiklestad<\/a>\u00a0i\u00a0<a class=\"crossref\" href=\"http:\/\/snl.no\/Verdalen\">Verdalen<\/a>\u00a0m\u00f8tte han bondeh\u00e6ren, ledet av folk som\u00a0<a class=\"crossref\" href=\"https:\/\/snl.no\/Kalv_Arnesson\">Kalv Arnesson<\/a>,\u00a0<a class=\"crossref\" href=\"https:\/\/snl.no\/H%C3%A5rek_fra_Tj%C3%B8tta\">H\u00e5rek av Tj\u00f8tta<\/a>\u00a0og\u00a0<a class=\"crossref\" href=\"http:\/\/snl.no\/Tore_Hund\">Tore Hund<\/a>.<\/p>\n<p>Trolig var de fleste p\u00e5 begge sider kristne, og slaget handlet om kampen om kongemakt snarere enn mellom kristendom og hedendom.<\/p>\n<p><strong>P\u00e5 Stiklestad falt Olav den 29. juli 1030.<\/strong><\/p>\n<p>Klikk p\u00e5 lenka og les mer om Olav den hellige <a tabindex=\"-1\" href=\"https:\/\/no.wikipedia.org\/wiki\/Olav_den_hellige\" target=\"_blank\" rel=\"noopener\">no.wikipedia.org\/wiki\/Olav_den_hellige<\/a><\/p>\n<p>&nbsp;<\/p>\n<p>&nbsp;<\/p>\n<p>&nbsp;<\/p>\n<p>&nbsp;<\/p>\n<p>&nbsp;<\/p>\n<p>&nbsp;<\/p>\n<p>&nbsp;<\/p>\n<p>Views: 58<\/p>","protected":false},"excerpt":{"rendered":"<p>(Publisert 11.03.25) Etter Ski-VM &#8211; litt om det h\u00f8ye St. Olav-monumentet p\u00e5 torget i Trondheim (bildet). Og om kongen, etter hvert kjent som Olav Den Hellige, som falt i slaget &#8230; <\/p>\n<p class=\"read-more-container\"><a title=\"St. Olav-monumentet og Olav Den Hellige\" class=\"read-more button\" href=\"https:\/\/lokalmagasinet.no\/?p=26587#more-26587\">Les mer<span class=\"screen-reader-text\">St. Olav-monumentet og Olav Den Hellige<\/span><\/a><\/p>\n","protected":false},"author":6,"featured_media":0,"comment_status":"closed","ping_status":"closed","sticky":false,"template":"","format":"standard","meta":{"footnotes":""},"categories":[7],"tags":[],"class_list":["post-26587","post","type-post","status-publish","format-standard","hentry","category-historisk-arkiv"],"yoast_head":"<!-- This site is optimized with the Yoast SEO plugin v27.5 - https:\/\/yoast.com\/product\/yoast-seo-wordpress\/ -->\n<title>St. Olav-monumentet og Olav Den Hellige | Lokalmagasinet.no<\/title>\n<meta name=\"robots\" content=\"index, follow, max-snippet:-1, max-image-preview:large, max-video-preview:-1\" \/>\n<link rel=\"canonical\" href=\"https:\/\/lokalmagasinet.no\/?p=26587\" \/>\n<meta property=\"og:locale\" content=\"nn_NO\" \/>\n<meta property=\"og:type\" content=\"article\" \/>\n<meta property=\"og:title\" content=\"St. Olav-monumentet og Olav Den Hellige | Lokalmagasinet.no\" \/>\n<meta property=\"og:description\" content=\"(Publisert 11.03.25) Etter Ski-VM &#8211; litt om det h\u00f8ye St. Olav-monumentet p\u00e5 torget i Trondheim (bildet). Og om kongen, etter hvert kjent som Olav Den Hellige, som falt i slaget ... Les merSt. Olav-monumentet og Olav Den Hellige\" \/>\n<meta property=\"og:url\" content=\"https:\/\/lokalmagasinet.no\/?p=26587\" \/>\n<meta property=\"og:site_name\" content=\"Lokalmagasinet.no\" \/>\n<meta property=\"article:publisher\" content=\"https:\/\/www.facebook.com\/sveinharald.strand.1\" \/>\n<meta property=\"article:author\" content=\"https:\/\/www.facebook.com\/sveinharald.strand.1\" \/>\n<meta property=\"article:published_time\" content=\"2025-03-11T01:40:42+00:00\" \/>\n<meta property=\"og:image\" content=\"https:\/\/lokalmagasinet.no\/wp-content\/uploads\/2025\/03\/Trondheim_-_monument_01-2.jpg\" \/>\n\t<meta property=\"og:image:width\" content=\"320\" \/>\n\t<meta property=\"og:image:height\" content=\"593\" \/>\n\t<meta property=\"og:image:type\" content=\"image\/jpeg\" \/>\n<meta name=\"author\" content=\"Svein-Harald Strand\" \/>\n<meta name=\"twitter:card\" content=\"summary_large_image\" \/>\n<meta name=\"twitter:creator\" content=\"@LMExtra\" \/>\n<meta name=\"twitter:site\" content=\"@LMExtra\" \/>\n<meta name=\"twitter:label1\" content=\"Written by\" \/>\n\t<meta name=\"twitter:data1\" content=\"Svein-Harald Strand\" \/>\n\t<meta name=\"twitter:label2\" content=\"Est. reading time\" \/>\n\t<meta name=\"twitter:data2\" content=\"1 minutt\" \/>\n<script type=\"application\/ld+json\" class=\"yoast-schema-graph\">{\"@context\":\"https:\\\/\\\/schema.org\",\"@graph\":[{\"@type\":\"Article\",\"@id\":\"https:\\\/\\\/lokalmagasinet.no\\\/?p=26587#article\",\"isPartOf\":{\"@id\":\"https:\\\/\\\/lokalmagasinet.no\\\/?p=26587\"},\"author\":{\"name\":\"Svein-Harald Strand\",\"@id\":\"https:\\\/\\\/lokalmagasinet.no\\\/#\\\/schema\\\/person\\\/2e8d221708d3aaf6f577275b5bba4310\"},\"headline\":\"St. Olav-monumentet og Olav Den Hellige\",\"datePublished\":\"2025-03-11T01:40:42+00:00\",\"mainEntityOfPage\":{\"@id\":\"https:\\\/\\\/lokalmagasinet.no\\\/?p=26587\"},\"wordCount\":219,\"publisher\":{\"@id\":\"https:\\\/\\\/lokalmagasinet.no\\\/#organization\"},\"image\":{\"@id\":\"https:\\\/\\\/lokalmagasinet.no\\\/?p=26587#primaryimage\"},\"thumbnailUrl\":\"https:\\\/\\\/lokalmagasinet.no\\\/wp-content\\\/uploads\\\/2025\\\/03\\\/Trondheim_-_monument_01-2.jpg\",\"articleSection\":[\"Historisk\"],\"inLanguage\":\"nn-NO\"},{\"@type\":\"WebPage\",\"@id\":\"https:\\\/\\\/lokalmagasinet.no\\\/?p=26587\",\"url\":\"https:\\\/\\\/lokalmagasinet.no\\\/?p=26587\",\"name\":\"St. Olav-monumentet og Olav Den Hellige | Lokalmagasinet.no\",\"isPartOf\":{\"@id\":\"https:\\\/\\\/lokalmagasinet.no\\\/#website\"},\"primaryImageOfPage\":{\"@id\":\"https:\\\/\\\/lokalmagasinet.no\\\/?p=26587#primaryimage\"},\"image\":{\"@id\":\"https:\\\/\\\/lokalmagasinet.no\\\/?p=26587#primaryimage\"},\"thumbnailUrl\":\"https:\\\/\\\/lokalmagasinet.no\\\/wp-content\\\/uploads\\\/2025\\\/03\\\/Trondheim_-_monument_01-2.jpg\",\"datePublished\":\"2025-03-11T01:40:42+00:00\",\"breadcrumb\":{\"@id\":\"https:\\\/\\\/lokalmagasinet.no\\\/?p=26587#breadcrumb\"},\"inLanguage\":\"nn-NO\",\"potentialAction\":[{\"@type\":\"ReadAction\",\"target\":[\"https:\\\/\\\/lokalmagasinet.no\\\/?p=26587\"]}]},{\"@type\":\"ImageObject\",\"inLanguage\":\"nn-NO\",\"@id\":\"https:\\\/\\\/lokalmagasinet.no\\\/?p=26587#primaryimage\",\"url\":\"https:\\\/\\\/lokalmagasinet.no\\\/wp-content\\\/uploads\\\/2025\\\/03\\\/Trondheim_-_monument_01-2.jpg\",\"contentUrl\":\"https:\\\/\\\/lokalmagasinet.no\\\/wp-content\\\/uploads\\\/2025\\\/03\\\/Trondheim_-_monument_01-2.jpg\"},{\"@type\":\"BreadcrumbList\",\"@id\":\"https:\\\/\\\/lokalmagasinet.no\\\/?p=26587#breadcrumb\",\"itemListElement\":[{\"@type\":\"ListItem\",\"position\":1,\"name\":\"Hjem\",\"item\":\"https:\\\/\\\/lokalmagasinet.no\\\/\"},{\"@type\":\"ListItem\",\"position\":2,\"name\":\"St. Olav-monumentet og Olav Den Hellige\"}]},{\"@type\":\"WebSite\",\"@id\":\"https:\\\/\\\/lokalmagasinet.no\\\/#website\",\"url\":\"https:\\\/\\\/lokalmagasinet.no\\\/\",\"name\":\"Lokalmagasinet.no\",\"description\":\"Fra fortid og n\u00e5tid. Med st\u00e5sted i det n\u00e6re. Siden 2002.\",\"publisher\":{\"@id\":\"https:\\\/\\\/lokalmagasinet.no\\\/#organization\"},\"potentialAction\":[{\"@type\":\"SearchAction\",\"target\":{\"@type\":\"EntryPoint\",\"urlTemplate\":\"https:\\\/\\\/lokalmagasinet.no\\\/?s={search_term_string}\"},\"query-input\":{\"@type\":\"PropertyValueSpecification\",\"valueRequired\":true,\"valueName\":\"search_term_string\"}}],\"inLanguage\":\"nn-NO\"},{\"@type\":\"Organization\",\"@id\":\"https:\\\/\\\/lokalmagasinet.no\\\/#organization\",\"name\":\"Lokalmagasinet.no\",\"url\":\"https:\\\/\\\/lokalmagasinet.no\\\/\",\"logo\":{\"@type\":\"ImageObject\",\"inLanguage\":\"nn-NO\",\"@id\":\"https:\\\/\\\/lokalmagasinet.no\\\/#\\\/schema\\\/logo\\\/image\\\/\",\"url\":\"https:\\\/\\\/lokalmagasinet.no\\\/wp-content\\\/uploads\\\/2021\\\/03\\\/cropped-cropped-cropped-cropped-cropped-cropped-lmlogo-e1640691300821.jpg\",\"contentUrl\":\"https:\\\/\\\/lokalmagasinet.no\\\/wp-content\\\/uploads\\\/2021\\\/03\\\/cropped-cropped-cropped-cropped-cropped-cropped-lmlogo-e1640691300821.jpg\",\"width\":72,\"height\":118,\"caption\":\"Lokalmagasinet.no\"},\"image\":{\"@id\":\"https:\\\/\\\/lokalmagasinet.no\\\/#\\\/schema\\\/logo\\\/image\\\/\"},\"sameAs\":[\"https:\\\/\\\/www.facebook.com\\\/sveinharald.strand.1\",\"https:\\\/\\\/x.com\\\/LMExtra\"]},{\"@type\":\"Person\",\"@id\":\"https:\\\/\\\/lokalmagasinet.no\\\/#\\\/schema\\\/person\\\/2e8d221708d3aaf6f577275b5bba4310\",\"name\":\"Svein-Harald Strand\",\"image\":{\"@type\":\"ImageObject\",\"inLanguage\":\"nn-NO\",\"@id\":\"https:\\\/\\\/secure.gravatar.com\\\/avatar\\\/c487434bdf6cd7c12e4a88877ae4b12c38d22b7ad64292b49d33ed7503bb7ce1?s=96&d=mm&r=g\",\"url\":\"https:\\\/\\\/secure.gravatar.com\\\/avatar\\\/c487434bdf6cd7c12e4a88877ae4b12c38d22b7ad64292b49d33ed7503bb7ce1?s=96&d=mm&r=g\",\"contentUrl\":\"https:\\\/\\\/secure.gravatar.com\\\/avatar\\\/c487434bdf6cd7c12e4a88877ae4b12c38d22b7ad64292b49d33ed7503bb7ce1?s=96&d=mm&r=g\",\"caption\":\"Svein-Harald Strand\"},\"description\":\"(F. 26.12.1945) Redakt\u00f8r, journalist og informasjonsarbeider siden 1968. ||| I 1963: Redaksjonell praktikant i 8 m\u00e5neder p\u00e5 full tid i Helgeland Arbeiderblad i hjembyen Mosj\u00f8en. ||| Arbeidende pensjonist med hjemmekontor fra 2008 (AFP) og videre som folkepensjonist til n\u00e5.\",\"sameAs\":[\"https:\\\/\\\/lokalmagasinet.no\\\/\",\"https:\\\/\\\/www.facebook.com\\\/sveinharald.strand.1\",\"https:\\\/\\\/x.com\\\/LMExtra\"],\"url\":\"https:\\\/\\\/lokalmagasinet.no\\\/?author=6\"}]}<\/script>\n<!-- \/ Yoast SEO plugin. -->","yoast_head_json":{"title":"St. Olav-monumentet og Olav Den Hellige | Lokalmagasinet.no","robots":{"index":"index","follow":"follow","max-snippet":"max-snippet:-1","max-image-preview":"max-image-preview:large","max-video-preview":"max-video-preview:-1"},"canonical":"https:\/\/lokalmagasinet.no\/?p=26587","og_locale":"nn_NO","og_type":"article","og_title":"St. Olav-monumentet og Olav Den Hellige | Lokalmagasinet.no","og_description":"(Publisert 11.03.25) Etter Ski-VM &#8211; litt om det h\u00f8ye St. Olav-monumentet p\u00e5 torget i Trondheim (bildet). Og om kongen, etter hvert kjent som Olav Den Hellige, som falt i slaget ... Les merSt. Olav-monumentet og Olav Den Hellige","og_url":"https:\/\/lokalmagasinet.no\/?p=26587","og_site_name":"Lokalmagasinet.no","article_publisher":"https:\/\/www.facebook.com\/sveinharald.strand.1","article_author":"https:\/\/www.facebook.com\/sveinharald.strand.1","article_published_time":"2025-03-11T01:40:42+00:00","og_image":[{"width":320,"height":593,"url":"https:\/\/lokalmagasinet.no\/wp-content\/uploads\/2025\/03\/Trondheim_-_monument_01-2.jpg","type":"image\/jpeg"}],"author":"Svein-Harald Strand","twitter_card":"summary_large_image","twitter_creator":"@LMExtra","twitter_site":"@LMExtra","twitter_misc":{"Written by":"Svein-Harald Strand","Est. reading time":"1 minutt"},"schema":{"@context":"https:\/\/schema.org","@graph":[{"@type":"Article","@id":"https:\/\/lokalmagasinet.no\/?p=26587#article","isPartOf":{"@id":"https:\/\/lokalmagasinet.no\/?p=26587"},"author":{"name":"Svein-Harald Strand","@id":"https:\/\/lokalmagasinet.no\/#\/schema\/person\/2e8d221708d3aaf6f577275b5bba4310"},"headline":"St. Olav-monumentet og Olav Den Hellige","datePublished":"2025-03-11T01:40:42+00:00","mainEntityOfPage":{"@id":"https:\/\/lokalmagasinet.no\/?p=26587"},"wordCount":219,"publisher":{"@id":"https:\/\/lokalmagasinet.no\/#organization"},"image":{"@id":"https:\/\/lokalmagasinet.no\/?p=26587#primaryimage"},"thumbnailUrl":"https:\/\/lokalmagasinet.no\/wp-content\/uploads\/2025\/03\/Trondheim_-_monument_01-2.jpg","articleSection":["Historisk"],"inLanguage":"nn-NO"},{"@type":"WebPage","@id":"https:\/\/lokalmagasinet.no\/?p=26587","url":"https:\/\/lokalmagasinet.no\/?p=26587","name":"St. Olav-monumentet og Olav Den Hellige | Lokalmagasinet.no","isPartOf":{"@id":"https:\/\/lokalmagasinet.no\/#website"},"primaryImageOfPage":{"@id":"https:\/\/lokalmagasinet.no\/?p=26587#primaryimage"},"image":{"@id":"https:\/\/lokalmagasinet.no\/?p=26587#primaryimage"},"thumbnailUrl":"https:\/\/lokalmagasinet.no\/wp-content\/uploads\/2025\/03\/Trondheim_-_monument_01-2.jpg","datePublished":"2025-03-11T01:40:42+00:00","breadcrumb":{"@id":"https:\/\/lokalmagasinet.no\/?p=26587#breadcrumb"},"inLanguage":"nn-NO","potentialAction":[{"@type":"ReadAction","target":["https:\/\/lokalmagasinet.no\/?p=26587"]}]},{"@type":"ImageObject","inLanguage":"nn-NO","@id":"https:\/\/lokalmagasinet.no\/?p=26587#primaryimage","url":"https:\/\/lokalmagasinet.no\/wp-content\/uploads\/2025\/03\/Trondheim_-_monument_01-2.jpg","contentUrl":"https:\/\/lokalmagasinet.no\/wp-content\/uploads\/2025\/03\/Trondheim_-_monument_01-2.jpg"},{"@type":"BreadcrumbList","@id":"https:\/\/lokalmagasinet.no\/?p=26587#breadcrumb","itemListElement":[{"@type":"ListItem","position":1,"name":"Hjem","item":"https:\/\/lokalmagasinet.no\/"},{"@type":"ListItem","position":2,"name":"St. Olav-monumentet og Olav Den Hellige"}]},{"@type":"WebSite","@id":"https:\/\/lokalmagasinet.no\/#website","url":"https:\/\/lokalmagasinet.no\/","name":"Lokalmagasinet.no","description":"Fra fortid og n\u00e5tid. Med st\u00e5sted i det n\u00e6re. Siden 2002.","publisher":{"@id":"https:\/\/lokalmagasinet.no\/#organization"},"potentialAction":[{"@type":"SearchAction","target":{"@type":"EntryPoint","urlTemplate":"https:\/\/lokalmagasinet.no\/?s={search_term_string}"},"query-input":{"@type":"PropertyValueSpecification","valueRequired":true,"valueName":"search_term_string"}}],"inLanguage":"nn-NO"},{"@type":"Organization","@id":"https:\/\/lokalmagasinet.no\/#organization","name":"Lokalmagasinet.no","url":"https:\/\/lokalmagasinet.no\/","logo":{"@type":"ImageObject","inLanguage":"nn-NO","@id":"https:\/\/lokalmagasinet.no\/#\/schema\/logo\/image\/","url":"https:\/\/lokalmagasinet.no\/wp-content\/uploads\/2021\/03\/cropped-cropped-cropped-cropped-cropped-cropped-lmlogo-e1640691300821.jpg","contentUrl":"https:\/\/lokalmagasinet.no\/wp-content\/uploads\/2021\/03\/cropped-cropped-cropped-cropped-cropped-cropped-lmlogo-e1640691300821.jpg","width":72,"height":118,"caption":"Lokalmagasinet.no"},"image":{"@id":"https:\/\/lokalmagasinet.no\/#\/schema\/logo\/image\/"},"sameAs":["https:\/\/www.facebook.com\/sveinharald.strand.1","https:\/\/x.com\/LMExtra"]},{"@type":"Person","@id":"https:\/\/lokalmagasinet.no\/#\/schema\/person\/2e8d221708d3aaf6f577275b5bba4310","name":"Svein-Harald Strand","image":{"@type":"ImageObject","inLanguage":"nn-NO","@id":"https:\/\/secure.gravatar.com\/avatar\/c487434bdf6cd7c12e4a88877ae4b12c38d22b7ad64292b49d33ed7503bb7ce1?s=96&d=mm&r=g","url":"https:\/\/secure.gravatar.com\/avatar\/c487434bdf6cd7c12e4a88877ae4b12c38d22b7ad64292b49d33ed7503bb7ce1?s=96&d=mm&r=g","contentUrl":"https:\/\/secure.gravatar.com\/avatar\/c487434bdf6cd7c12e4a88877ae4b12c38d22b7ad64292b49d33ed7503bb7ce1?s=96&d=mm&r=g","caption":"Svein-Harald Strand"},"description":"(F. 26.12.1945) Redakt\u00f8r, journalist og informasjonsarbeider siden 1968. ||| I 1963: Redaksjonell praktikant i 8 m\u00e5neder p\u00e5 full tid i Helgeland Arbeiderblad i hjembyen Mosj\u00f8en. ||| Arbeidende pensjonist med hjemmekontor fra 2008 (AFP) og videre som folkepensjonist til n\u00e5.","sameAs":["https:\/\/lokalmagasinet.no\/","https:\/\/www.facebook.com\/sveinharald.strand.1","https:\/\/x.com\/LMExtra"],"url":"https:\/\/lokalmagasinet.no\/?author=6"}]}},"_links":{"self":[{"href":"https:\/\/lokalmagasinet.no\/index.php?rest_route=\/wp\/v2\/posts\/26587","targetHints":{"allow":["GET"]}}],"collection":[{"href":"https:\/\/lokalmagasinet.no\/index.php?rest_route=\/wp\/v2\/posts"}],"about":[{"href":"https:\/\/lokalmagasinet.no\/index.php?rest_route=\/wp\/v2\/types\/post"}],"author":[{"embeddable":true,"href":"https:\/\/lokalmagasinet.no\/index.php?rest_route=\/wp\/v2\/users\/6"}],"replies":[{"embeddable":true,"href":"https:\/\/lokalmagasinet.no\/index.php?rest_route=%2Fwp%2Fv2%2Fcomments&post=26587"}],"version-history":[{"count":11,"href":"https:\/\/lokalmagasinet.no\/index.php?rest_route=\/wp\/v2\/posts\/26587\/revisions"}],"predecessor-version":[{"id":26602,"href":"https:\/\/lokalmagasinet.no\/index.php?rest_route=\/wp\/v2\/posts\/26587\/revisions\/26602"}],"wp:attachment":[{"href":"https:\/\/lokalmagasinet.no\/index.php?rest_route=%2Fwp%2Fv2%2Fmedia&parent=26587"}],"wp:term":[{"taxonomy":"category","embeddable":true,"href":"https:\/\/lokalmagasinet.no\/index.php?rest_route=%2Fwp%2Fv2%2Fcategories&post=26587"},{"taxonomy":"post_tag","embeddable":true,"href":"https:\/\/lokalmagasinet.no\/index.php?rest_route=%2Fwp%2Fv2%2Ftags&post=26587"}],"curies":[{"name":"wp","href":"https:\/\/api.w.org\/{rel}","templated":true}]}}