{"id":26942,"date":"2025-04-02T09:16:17","date_gmt":"2025-04-02T07:16:17","guid":{"rendered":"https:\/\/lokalmagasinet.no\/?p=26942"},"modified":"2025-04-02T10:06:08","modified_gmt":"2025-04-02T08:06:08","slug":"slik-kan-du-ogsa-bruke-fasttelefonen","status":"publish","type":"post","link":"https:\/\/lokalmagasinet.no\/?p=26942","title":{"rendered":"SLIK kan du ogs\u00e5 bruke fasttelefonen"},"content":{"rendered":"<p>(Publisert 02.04.25) Hjemme hos redakt\u00f8ren har det v\u00e6rt fasttelefon siden lenge f\u00f8r den f\u00f8rste mobiltelefonen kom. Noen problemer har vi hatt siden vi fikk bredb\u00e5ndbasert fasttelefoni med ruter, som det kalles p\u00e5 IT-spr\u00e5ket. Det hadde vi senest for et \u00e5rs tid siden, da vi trengte \u00e5 skifte ruter fordi den gamle ikke virket s\u00e5 godt lenger. <\/p>\n<p>Mobilene er kommet for \u00e5 bli ogs\u00e5 hos oss, men visste du at fasttelefonen (ogs\u00e5 kalt hjemmetelefon) kan viderekoples?<\/p>\n<p>Hvis du er opptatt eller ikke kan svare, kan du viderekoble telefonen din til en annen fasttelefon eller mobiltelefon. <\/p>\n<p>Slik skrur du p\u00e5 Direkte viderekobling: L\u00f8ft av r\u00f8ret, vent p\u00e5 summetone. Tast * 21 * og nummeret du skal viderekoble til. Avslutt med #. For eksempel * 21 * 12345678#. Fasttelefonen din er n\u00e5 viderekoblet.<\/p>\n<p>Og slik skrur du av: L\u00f8ft av r\u00f8ret, vent p\u00e5 summetone. Tast #21#. Viderekoblingen er n\u00e5 skrudd av.<\/p>\n<p>Ved Direkte viderekobling blir ALLE inng\u00e5ende samtaler viderekoblet.<\/p>\n<p>Viderekobling ved ikke svar: Fasttelefonen viderekobles til \u00f8nsket nummer hvis du ikke har svart innen 20 sekunder. NB: Det er ikke mulig \u00e5 endre tiden for viderekobling ved ikke svar. <\/p>\n<p>SKRU P\u00c5 viderekobling: L\u00f8ft av r\u00f8ret, vent p\u00e5 summetone. Tast * 61 * og s\u00e5 nummeret du vil viderekoble til. Avslutt med #.<\/p>\n<p>SKRU AV viderekobling: L\u00f8ft av r\u00f8ret, vent p\u00e5 summetone. Tast #61#, og viderekoblingen vil v\u00e6re skrudd av. <\/p>\n<p>VED OPPTATT: Fasttelefonen blir viderekoblet i stedet for opptattsignal.<\/p>\n<p>SKRU P\u00c5 viderekobling: L\u00f8ft av r\u00f8ret og vent p\u00e5 summetone. Tast * 67 * og s\u00e5 nummeret du vil viderekoble til. Avslutt med #. Nummeret vil n\u00e5 bli viderekoblet ved opptattsignal.<\/p>\n<p>SKRU AV: L\u00f8ft av r\u00f8ret, vent p\u00e5 summetone. Tast #67#, og viderekoblingen vil v\u00e6re skrudd av.<\/p>\n<p>Verre er det ikke , eller&#8230;?<\/p>\n<p>(Kilde: Telenor.)<\/p>\n<p>Views: 52<\/p>","protected":false},"excerpt":{"rendered":"<p>(Publisert 02.04.25) Hjemme hos redakt\u00f8ren har det v\u00e6rt fasttelefon siden lenge f\u00f8r den f\u00f8rste mobiltelefonen kom. Noen problemer har vi hatt siden vi fikk bredb\u00e5ndbasert fasttelefoni med ruter, som det &#8230; <\/p>\n<p class=\"read-more-container\"><a title=\"SLIK kan du ogs\u00e5 bruke fasttelefonen\" class=\"read-more button\" href=\"https:\/\/lokalmagasinet.no\/?p=26942#more-26942\">Les mer<span class=\"screen-reader-text\">SLIK kan du ogs\u00e5 bruke fasttelefonen<\/span><\/a><\/p>\n","protected":false},"author":6,"featured_media":0,"comment_status":"closed","ping_status":"closed","sticky":false,"template":"","format":"standard","meta":{"footnotes":""},"categories":[1],"tags":[],"class_list":["post-26942","post","type-post","status-publish","format-standard","hentry","category-aktuelt"],"yoast_head":"<!-- This site is optimized with the Yoast SEO plugin v27.5 - https:\/\/yoast.com\/product\/yoast-seo-wordpress\/ -->\n<title>SLIK kan du ogs\u00e5 bruke fasttelefonen | Lokalmagasinet.no<\/title>\n<meta name=\"robots\" content=\"index, follow, max-snippet:-1, max-image-preview:large, max-video-preview:-1\" \/>\n<link rel=\"canonical\" href=\"https:\/\/lokalmagasinet.no\/?p=26942\" \/>\n<meta property=\"og:locale\" content=\"nn_NO\" \/>\n<meta property=\"og:type\" content=\"article\" \/>\n<meta property=\"og:title\" content=\"SLIK kan du ogs\u00e5 bruke fasttelefonen | Lokalmagasinet.no\" \/>\n<meta property=\"og:description\" content=\"(Publisert 02.04.25) Hjemme hos redakt\u00f8ren har det v\u00e6rt fasttelefon siden lenge f\u00f8r den f\u00f8rste mobiltelefonen kom. Noen problemer har vi hatt siden vi fikk bredb\u00e5ndbasert fasttelefoni med ruter, som det ... Les merSLIK kan du ogs\u00e5 bruke fasttelefonen\" \/>\n<meta property=\"og:url\" content=\"https:\/\/lokalmagasinet.no\/?p=26942\" \/>\n<meta property=\"og:site_name\" content=\"Lokalmagasinet.no\" \/>\n<meta property=\"article:publisher\" content=\"https:\/\/www.facebook.com\/sveinharald.strand.1\" \/>\n<meta property=\"article:author\" content=\"https:\/\/www.facebook.com\/sveinharald.strand.1\" \/>\n<meta property=\"article:published_time\" content=\"2025-04-02T07:16:17+00:00\" \/>\n<meta property=\"article:modified_time\" content=\"2025-04-02T08:06:08+00:00\" \/>\n<meta property=\"og:image\" content=\"https:\/\/lokalmagasinet.no\/wp-content\/uploads\/2022\/02\/sonsskjarg_kystp_500.jpg\" \/>\n\t<meta property=\"og:image:width\" content=\"500\" \/>\n\t<meta property=\"og:image:height\" content=\"332\" \/>\n\t<meta property=\"og:image:type\" content=\"image\/jpeg\" \/>\n<meta name=\"author\" content=\"Svein-Harald Strand\" \/>\n<meta name=\"twitter:card\" content=\"summary_large_image\" \/>\n<meta name=\"twitter:creator\" content=\"@LMExtra\" \/>\n<meta name=\"twitter:site\" content=\"@LMExtra\" \/>\n<meta name=\"twitter:label1\" content=\"Written by\" \/>\n\t<meta name=\"twitter:data1\" content=\"Svein-Harald Strand\" \/>\n\t<meta name=\"twitter:label2\" content=\"Est. reading time\" \/>\n\t<meta name=\"twitter:data2\" content=\"1 minutt\" \/>\n<script type=\"application\/ld+json\" class=\"yoast-schema-graph\">{\"@context\":\"https:\\\/\\\/schema.org\",\"@graph\":[{\"@type\":\"Article\",\"@id\":\"https:\\\/\\\/lokalmagasinet.no\\\/?p=26942#article\",\"isPartOf\":{\"@id\":\"https:\\\/\\\/lokalmagasinet.no\\\/?p=26942\"},\"author\":{\"name\":\"Svein-Harald Strand\",\"@id\":\"https:\\\/\\\/lokalmagasinet.no\\\/#\\\/schema\\\/person\\\/2e8d221708d3aaf6f577275b5bba4310\"},\"headline\":\"SLIK kan du ogs\u00e5 bruke fasttelefonen\",\"datePublished\":\"2025-04-02T07:16:17+00:00\",\"dateModified\":\"2025-04-02T08:06:08+00:00\",\"mainEntityOfPage\":{\"@id\":\"https:\\\/\\\/lokalmagasinet.no\\\/?p=26942\"},\"wordCount\":292,\"publisher\":{\"@id\":\"https:\\\/\\\/lokalmagasinet.no\\\/#organization\"},\"articleSection\":[\"Aktuelt\"],\"inLanguage\":\"nn-NO\"},{\"@type\":\"WebPage\",\"@id\":\"https:\\\/\\\/lokalmagasinet.no\\\/?p=26942\",\"url\":\"https:\\\/\\\/lokalmagasinet.no\\\/?p=26942\",\"name\":\"SLIK kan du ogs\u00e5 bruke fasttelefonen | Lokalmagasinet.no\",\"isPartOf\":{\"@id\":\"https:\\\/\\\/lokalmagasinet.no\\\/#website\"},\"datePublished\":\"2025-04-02T07:16:17+00:00\",\"dateModified\":\"2025-04-02T08:06:08+00:00\",\"breadcrumb\":{\"@id\":\"https:\\\/\\\/lokalmagasinet.no\\\/?p=26942#breadcrumb\"},\"inLanguage\":\"nn-NO\",\"potentialAction\":[{\"@type\":\"ReadAction\",\"target\":[\"https:\\\/\\\/lokalmagasinet.no\\\/?p=26942\"]}]},{\"@type\":\"BreadcrumbList\",\"@id\":\"https:\\\/\\\/lokalmagasinet.no\\\/?p=26942#breadcrumb\",\"itemListElement\":[{\"@type\":\"ListItem\",\"position\":1,\"name\":\"Hjem\",\"item\":\"https:\\\/\\\/lokalmagasinet.no\\\/\"},{\"@type\":\"ListItem\",\"position\":2,\"name\":\"SLIK kan du ogs\u00e5 bruke fasttelefonen\"}]},{\"@type\":\"WebSite\",\"@id\":\"https:\\\/\\\/lokalmagasinet.no\\\/#website\",\"url\":\"https:\\\/\\\/lokalmagasinet.no\\\/\",\"name\":\"Lokalmagasinet.no\",\"description\":\"Fra fortid og n\u00e5tid. Med st\u00e5sted i det n\u00e6re. Siden 2002.\",\"publisher\":{\"@id\":\"https:\\\/\\\/lokalmagasinet.no\\\/#organization\"},\"potentialAction\":[{\"@type\":\"SearchAction\",\"target\":{\"@type\":\"EntryPoint\",\"urlTemplate\":\"https:\\\/\\\/lokalmagasinet.no\\\/?s={search_term_string}\"},\"query-input\":{\"@type\":\"PropertyValueSpecification\",\"valueRequired\":true,\"valueName\":\"search_term_string\"}}],\"inLanguage\":\"nn-NO\"},{\"@type\":\"Organization\",\"@id\":\"https:\\\/\\\/lokalmagasinet.no\\\/#organization\",\"name\":\"Lokalmagasinet.no\",\"url\":\"https:\\\/\\\/lokalmagasinet.no\\\/\",\"logo\":{\"@type\":\"ImageObject\",\"inLanguage\":\"nn-NO\",\"@id\":\"https:\\\/\\\/lokalmagasinet.no\\\/#\\\/schema\\\/logo\\\/image\\\/\",\"url\":\"https:\\\/\\\/lokalmagasinet.no\\\/wp-content\\\/uploads\\\/2021\\\/03\\\/cropped-cropped-cropped-cropped-cropped-cropped-lmlogo-e1640691300821.jpg\",\"contentUrl\":\"https:\\\/\\\/lokalmagasinet.no\\\/wp-content\\\/uploads\\\/2021\\\/03\\\/cropped-cropped-cropped-cropped-cropped-cropped-lmlogo-e1640691300821.jpg\",\"width\":72,\"height\":118,\"caption\":\"Lokalmagasinet.no\"},\"image\":{\"@id\":\"https:\\\/\\\/lokalmagasinet.no\\\/#\\\/schema\\\/logo\\\/image\\\/\"},\"sameAs\":[\"https:\\\/\\\/www.facebook.com\\\/sveinharald.strand.1\",\"https:\\\/\\\/x.com\\\/LMExtra\"]},{\"@type\":\"Person\",\"@id\":\"https:\\\/\\\/lokalmagasinet.no\\\/#\\\/schema\\\/person\\\/2e8d221708d3aaf6f577275b5bba4310\",\"name\":\"Svein-Harald Strand\",\"image\":{\"@type\":\"ImageObject\",\"inLanguage\":\"nn-NO\",\"@id\":\"https:\\\/\\\/secure.gravatar.com\\\/avatar\\\/c487434bdf6cd7c12e4a88877ae4b12c38d22b7ad64292b49d33ed7503bb7ce1?s=96&d=mm&r=g\",\"url\":\"https:\\\/\\\/secure.gravatar.com\\\/avatar\\\/c487434bdf6cd7c12e4a88877ae4b12c38d22b7ad64292b49d33ed7503bb7ce1?s=96&d=mm&r=g\",\"contentUrl\":\"https:\\\/\\\/secure.gravatar.com\\\/avatar\\\/c487434bdf6cd7c12e4a88877ae4b12c38d22b7ad64292b49d33ed7503bb7ce1?s=96&d=mm&r=g\",\"caption\":\"Svein-Harald Strand\"},\"description\":\"(F. 26.12.1945) Redakt\u00f8r, journalist og informasjonsarbeider siden 1968. ||| I 1963: Redaksjonell praktikant i 8 m\u00e5neder p\u00e5 full tid i Helgeland Arbeiderblad i hjembyen Mosj\u00f8en. ||| Arbeidende pensjonist med hjemmekontor fra 2008 (AFP) og videre som folkepensjonist til n\u00e5.\",\"sameAs\":[\"https:\\\/\\\/lokalmagasinet.no\\\/\",\"https:\\\/\\\/www.facebook.com\\\/sveinharald.strand.1\",\"https:\\\/\\\/x.com\\\/LMExtra\"],\"url\":\"https:\\\/\\\/lokalmagasinet.no\\\/?author=6\"}]}<\/script>\n<!-- \/ Yoast SEO plugin. -->","yoast_head_json":{"title":"SLIK kan du ogs\u00e5 bruke fasttelefonen | Lokalmagasinet.no","robots":{"index":"index","follow":"follow","max-snippet":"max-snippet:-1","max-image-preview":"max-image-preview:large","max-video-preview":"max-video-preview:-1"},"canonical":"https:\/\/lokalmagasinet.no\/?p=26942","og_locale":"nn_NO","og_type":"article","og_title":"SLIK kan du ogs\u00e5 bruke fasttelefonen | Lokalmagasinet.no","og_description":"(Publisert 02.04.25) Hjemme hos redakt\u00f8ren har det v\u00e6rt fasttelefon siden lenge f\u00f8r den f\u00f8rste mobiltelefonen kom. Noen problemer har vi hatt siden vi fikk bredb\u00e5ndbasert fasttelefoni med ruter, som det ... Les merSLIK kan du ogs\u00e5 bruke fasttelefonen","og_url":"https:\/\/lokalmagasinet.no\/?p=26942","og_site_name":"Lokalmagasinet.no","article_publisher":"https:\/\/www.facebook.com\/sveinharald.strand.1","article_author":"https:\/\/www.facebook.com\/sveinharald.strand.1","article_published_time":"2025-04-02T07:16:17+00:00","article_modified_time":"2025-04-02T08:06:08+00:00","og_image":[{"width":500,"height":332,"url":"https:\/\/lokalmagasinet.no\/wp-content\/uploads\/2022\/02\/sonsskjarg_kystp_500.jpg","type":"image\/jpeg"}],"author":"Svein-Harald Strand","twitter_card":"summary_large_image","twitter_creator":"@LMExtra","twitter_site":"@LMExtra","twitter_misc":{"Written by":"Svein-Harald Strand","Est. reading time":"1 minutt"},"schema":{"@context":"https:\/\/schema.org","@graph":[{"@type":"Article","@id":"https:\/\/lokalmagasinet.no\/?p=26942#article","isPartOf":{"@id":"https:\/\/lokalmagasinet.no\/?p=26942"},"author":{"name":"Svein-Harald Strand","@id":"https:\/\/lokalmagasinet.no\/#\/schema\/person\/2e8d221708d3aaf6f577275b5bba4310"},"headline":"SLIK kan du ogs\u00e5 bruke fasttelefonen","datePublished":"2025-04-02T07:16:17+00:00","dateModified":"2025-04-02T08:06:08+00:00","mainEntityOfPage":{"@id":"https:\/\/lokalmagasinet.no\/?p=26942"},"wordCount":292,"publisher":{"@id":"https:\/\/lokalmagasinet.no\/#organization"},"articleSection":["Aktuelt"],"inLanguage":"nn-NO"},{"@type":"WebPage","@id":"https:\/\/lokalmagasinet.no\/?p=26942","url":"https:\/\/lokalmagasinet.no\/?p=26942","name":"SLIK kan du ogs\u00e5 bruke fasttelefonen | Lokalmagasinet.no","isPartOf":{"@id":"https:\/\/lokalmagasinet.no\/#website"},"datePublished":"2025-04-02T07:16:17+00:00","dateModified":"2025-04-02T08:06:08+00:00","breadcrumb":{"@id":"https:\/\/lokalmagasinet.no\/?p=26942#breadcrumb"},"inLanguage":"nn-NO","potentialAction":[{"@type":"ReadAction","target":["https:\/\/lokalmagasinet.no\/?p=26942"]}]},{"@type":"BreadcrumbList","@id":"https:\/\/lokalmagasinet.no\/?p=26942#breadcrumb","itemListElement":[{"@type":"ListItem","position":1,"name":"Hjem","item":"https:\/\/lokalmagasinet.no\/"},{"@type":"ListItem","position":2,"name":"SLIK kan du ogs\u00e5 bruke fasttelefonen"}]},{"@type":"WebSite","@id":"https:\/\/lokalmagasinet.no\/#website","url":"https:\/\/lokalmagasinet.no\/","name":"Lokalmagasinet.no","description":"Fra fortid og n\u00e5tid. Med st\u00e5sted i det n\u00e6re. Siden 2002.","publisher":{"@id":"https:\/\/lokalmagasinet.no\/#organization"},"potentialAction":[{"@type":"SearchAction","target":{"@type":"EntryPoint","urlTemplate":"https:\/\/lokalmagasinet.no\/?s={search_term_string}"},"query-input":{"@type":"PropertyValueSpecification","valueRequired":true,"valueName":"search_term_string"}}],"inLanguage":"nn-NO"},{"@type":"Organization","@id":"https:\/\/lokalmagasinet.no\/#organization","name":"Lokalmagasinet.no","url":"https:\/\/lokalmagasinet.no\/","logo":{"@type":"ImageObject","inLanguage":"nn-NO","@id":"https:\/\/lokalmagasinet.no\/#\/schema\/logo\/image\/","url":"https:\/\/lokalmagasinet.no\/wp-content\/uploads\/2021\/03\/cropped-cropped-cropped-cropped-cropped-cropped-lmlogo-e1640691300821.jpg","contentUrl":"https:\/\/lokalmagasinet.no\/wp-content\/uploads\/2021\/03\/cropped-cropped-cropped-cropped-cropped-cropped-lmlogo-e1640691300821.jpg","width":72,"height":118,"caption":"Lokalmagasinet.no"},"image":{"@id":"https:\/\/lokalmagasinet.no\/#\/schema\/logo\/image\/"},"sameAs":["https:\/\/www.facebook.com\/sveinharald.strand.1","https:\/\/x.com\/LMExtra"]},{"@type":"Person","@id":"https:\/\/lokalmagasinet.no\/#\/schema\/person\/2e8d221708d3aaf6f577275b5bba4310","name":"Svein-Harald Strand","image":{"@type":"ImageObject","inLanguage":"nn-NO","@id":"https:\/\/secure.gravatar.com\/avatar\/c487434bdf6cd7c12e4a88877ae4b12c38d22b7ad64292b49d33ed7503bb7ce1?s=96&d=mm&r=g","url":"https:\/\/secure.gravatar.com\/avatar\/c487434bdf6cd7c12e4a88877ae4b12c38d22b7ad64292b49d33ed7503bb7ce1?s=96&d=mm&r=g","contentUrl":"https:\/\/secure.gravatar.com\/avatar\/c487434bdf6cd7c12e4a88877ae4b12c38d22b7ad64292b49d33ed7503bb7ce1?s=96&d=mm&r=g","caption":"Svein-Harald Strand"},"description":"(F. 26.12.1945) Redakt\u00f8r, journalist og informasjonsarbeider siden 1968. ||| I 1963: Redaksjonell praktikant i 8 m\u00e5neder p\u00e5 full tid i Helgeland Arbeiderblad i hjembyen Mosj\u00f8en. ||| Arbeidende pensjonist med hjemmekontor fra 2008 (AFP) og videre som folkepensjonist til n\u00e5.","sameAs":["https:\/\/lokalmagasinet.no\/","https:\/\/www.facebook.com\/sveinharald.strand.1","https:\/\/x.com\/LMExtra"],"url":"https:\/\/lokalmagasinet.no\/?author=6"}]}},"_links":{"self":[{"href":"https:\/\/lokalmagasinet.no\/index.php?rest_route=\/wp\/v2\/posts\/26942","targetHints":{"allow":["GET"]}}],"collection":[{"href":"https:\/\/lokalmagasinet.no\/index.php?rest_route=\/wp\/v2\/posts"}],"about":[{"href":"https:\/\/lokalmagasinet.no\/index.php?rest_route=\/wp\/v2\/types\/post"}],"author":[{"embeddable":true,"href":"https:\/\/lokalmagasinet.no\/index.php?rest_route=\/wp\/v2\/users\/6"}],"replies":[{"embeddable":true,"href":"https:\/\/lokalmagasinet.no\/index.php?rest_route=%2Fwp%2Fv2%2Fcomments&post=26942"}],"version-history":[{"count":17,"href":"https:\/\/lokalmagasinet.no\/index.php?rest_route=\/wp\/v2\/posts\/26942\/revisions"}],"predecessor-version":[{"id":26968,"href":"https:\/\/lokalmagasinet.no\/index.php?rest_route=\/wp\/v2\/posts\/26942\/revisions\/26968"}],"wp:attachment":[{"href":"https:\/\/lokalmagasinet.no\/index.php?rest_route=%2Fwp%2Fv2%2Fmedia&parent=26942"}],"wp:term":[{"taxonomy":"category","embeddable":true,"href":"https:\/\/lokalmagasinet.no\/index.php?rest_route=%2Fwp%2Fv2%2Fcategories&post=26942"},{"taxonomy":"post_tag","embeddable":true,"href":"https:\/\/lokalmagasinet.no\/index.php?rest_route=%2Fwp%2Fv2%2Ftags&post=26942"}],"curies":[{"name":"wp","href":"https:\/\/api.w.org\/{rel}","templated":true}]}}