{"id":27587,"date":"2025-07-17T16:54:04","date_gmt":"2025-07-17T14:54:04","guid":{"rendered":"https:\/\/lokalmagasinet.no\/?p=27587"},"modified":"2025-07-17T16:54:04","modified_gmt":"2025-07-17T14:54:04","slug":"tyskerbrakker-i-mosjoen-fikk-et-langt-liv","status":"publish","type":"post","link":"https:\/\/lokalmagasinet.no\/?p=27587","title":{"rendered":"Tyskerbrakker i Mosj\u00f8en fikk et langt liv"},"content":{"rendered":"<p><a href=\"https:\/\/lokalmagasinet.no\/wp-content\/uploads\/2025\/01\/Mosjoens-forste-kino.jpg\"><img loading=\"lazy\" decoding=\"async\" src=\"https:\/\/lokalmagasinet.no\/wp-content\/uploads\/2025\/01\/Mosjoens-forste-kino-1024x837.jpg\" alt=\"\" width=\"684\" height=\"559\" class=\"alignnone size-large wp-image-25308\" srcset=\"https:\/\/lokalmagasinet.no\/wp-content\/uploads\/2025\/01\/Mosjoens-forste-kino-1024x837.jpg 1024w, https:\/\/lokalmagasinet.no\/wp-content\/uploads\/2025\/01\/Mosjoens-forste-kino-300x245.jpg 300w, https:\/\/lokalmagasinet.no\/wp-content\/uploads\/2025\/01\/Mosjoens-forste-kino-150x123.jpg 150w, https:\/\/lokalmagasinet.no\/wp-content\/uploads\/2025\/01\/Mosjoens-forste-kino-768x628.jpg 768w, https:\/\/lokalmagasinet.no\/wp-content\/uploads\/2025\/01\/Mosjoens-forste-kino.jpg 1242w\" sizes=\"auto, (max-width: 684px) 100vw, 684px\" \/><\/a><\/p>\n<p>(Publisert 15.06.25) <strong>80 \u00e5r siden krigen var slutt i Norge. Og tyskerne som hadde hatt tilhold i Mosj\u00f8en siden 11. mai 1940 m\u00e5tte pakke sammen. Men brakkene de satte opp var mange, og en god del ble st\u00e5ende til godt utp\u00e5 1950-tallet.<\/strong><\/p>\n<p>BLANT DE SISTE brakkene p\u00e5 byflata va de som sto mellom H\u00e5reks gate og Byparken. De ble blant annet brukt til bolig for dem som enn\u00e5 ikke hadde noe annet.<\/p>\n<p>Jeg vokste opp i flotte Kirkegata &#8211; i krysset med H\u00e5reks gate. Der sto det ogs\u00e5 en tyskerbrakke. Farfar, som eide tomta, gjorde den om til en snekkerbrakke der han i noen \u00e5r laget b\u00e5de det ene og det andre. Og han malte brakka lys bl\u00e5.<\/p>\n<p>TR\u00c5NGSKARDINGEN FRA \u00d8YFJELLET<br \/>\nMamma og pappa og farfar og farmor bodde i hver v\u00e5r etasje. En h\u00f8stdag var det skikkelig storm. &laquo;Tr\u00e5ngskarding&raquo;, som vi sa n\u00e5r vestavinden som bl\u00e5ste ned fra \u00d8yfjellet var p\u00e5 det verste. <\/p>\n<p>Farfar og jeg sto i gangen nede i f\u00f8rste etasje og s\u00e5 at stormen liksom l\u00f8ftet opp taket p\u00e5 en av tyskerbrakkene. I noen sekunder sto taket s\u00e5nn f\u00f8r det deiset ned p\u00e5 bakken.   <\/p>\n<p>En brakke fra 2. verdenskrig er blitt transformert til overnattingsted for skolelever og turister. Bygget, som er godt synlig fra fylkesvei 17, blir i dag brukt som lager til Helgeland Museum, leser jeg i www.helg.no, nettavisa til Helgelendingen.<\/p>\n<p>OGS\u00c5 DEN GAMLE KINOEN som Mosj\u00f8en hadde lengst s\u00f8r p\u00e5 byflata var en tyskerbrakke og et samlingssted for dem til ulike form\u00e5l.<\/p>\n<p><strong>St.<\/strong><\/p>\n<p>Views: 165<\/p>","protected":false},"excerpt":{"rendered":"<p>(Publisert 15.06.25) 80 \u00e5r siden krigen var slutt i Norge. Og tyskerne som hadde hatt tilhold i Mosj\u00f8en siden 11. mai 1940 m\u00e5tte pakke sammen. Men brakkene de satte opp &#8230; <\/p>\n<p class=\"read-more-container\"><a title=\"Tyskerbrakker i Mosj\u00f8en fikk et langt liv\" class=\"read-more button\" href=\"https:\/\/lokalmagasinet.no\/?p=27587#more-27587\">Les mer<span class=\"screen-reader-text\">Tyskerbrakker i Mosj\u00f8en fikk et langt liv<\/span><\/a><\/p>\n","protected":false},"author":6,"featured_media":0,"comment_status":"closed","ping_status":"closed","sticky":false,"template":"","format":"standard","meta":{"footnotes":""},"categories":[1],"tags":[],"class_list":["post-27587","post","type-post","status-publish","format-standard","hentry","category-aktuelt"],"yoast_head":"<!-- This site is optimized with the Yoast SEO plugin v27.4 - https:\/\/yoast.com\/product\/yoast-seo-wordpress\/ -->\n<title>Tyskerbrakker i Mosj\u00f8en fikk et langt liv | Lokalmagasinet.no<\/title>\n<meta name=\"robots\" content=\"index, follow, max-snippet:-1, max-image-preview:large, max-video-preview:-1\" \/>\n<link rel=\"canonical\" href=\"https:\/\/lokalmagasinet.no\/?p=27587\" \/>\n<meta property=\"og:locale\" content=\"nn_NO\" \/>\n<meta property=\"og:type\" content=\"article\" \/>\n<meta property=\"og:title\" content=\"Tyskerbrakker i Mosj\u00f8en fikk et langt liv | Lokalmagasinet.no\" \/>\n<meta property=\"og:description\" content=\"(Publisert 15.06.25) 80 \u00e5r siden krigen var slutt i Norge. Og tyskerne som hadde hatt tilhold i Mosj\u00f8en siden 11. mai 1940 m\u00e5tte pakke sammen. Men brakkene de satte opp ... Les merTyskerbrakker i Mosj\u00f8en fikk et langt liv\" \/>\n<meta property=\"og:url\" content=\"https:\/\/lokalmagasinet.no\/?p=27587\" \/>\n<meta property=\"og:site_name\" content=\"Lokalmagasinet.no\" \/>\n<meta property=\"article:publisher\" content=\"https:\/\/www.facebook.com\/sveinharald.strand.1\" \/>\n<meta property=\"article:author\" content=\"https:\/\/www.facebook.com\/sveinharald.strand.1\" \/>\n<meta property=\"article:published_time\" content=\"2025-07-17T14:54:04+00:00\" \/>\n<meta property=\"og:image\" content=\"https:\/\/lokalmagasinet.no\/wp-content\/uploads\/2025\/01\/Mosjoens-forste-kino.jpg\" \/>\n\t<meta property=\"og:image:width\" content=\"1242\" \/>\n\t<meta property=\"og:image:height\" content=\"1015\" \/>\n\t<meta property=\"og:image:type\" content=\"image\/jpeg\" \/>\n<meta name=\"author\" content=\"Svein-Harald Strand\" \/>\n<meta name=\"twitter:card\" content=\"summary_large_image\" \/>\n<meta name=\"twitter:creator\" content=\"@LMExtra\" \/>\n<meta name=\"twitter:site\" content=\"@LMExtra\" \/>\n<meta name=\"twitter:label1\" content=\"Written by\" \/>\n\t<meta name=\"twitter:data1\" content=\"Svein-Harald Strand\" \/>\n\t<meta name=\"twitter:label2\" content=\"Est. reading time\" \/>\n\t<meta name=\"twitter:data2\" content=\"1 minutt\" \/>\n<script type=\"application\/ld+json\" class=\"yoast-schema-graph\">{\"@context\":\"https:\\\/\\\/schema.org\",\"@graph\":[{\"@type\":\"Article\",\"@id\":\"https:\\\/\\\/lokalmagasinet.no\\\/?p=27587#article\",\"isPartOf\":{\"@id\":\"https:\\\/\\\/lokalmagasinet.no\\\/?p=27587\"},\"author\":{\"name\":\"Svein-Harald Strand\",\"@id\":\"https:\\\/\\\/lokalmagasinet.no\\\/#\\\/schema\\\/person\\\/2e8d221708d3aaf6f577275b5bba4310\"},\"headline\":\"Tyskerbrakker i Mosj\u00f8en fikk et langt liv\",\"datePublished\":\"2025-07-17T14:54:04+00:00\",\"mainEntityOfPage\":{\"@id\":\"https:\\\/\\\/lokalmagasinet.no\\\/?p=27587\"},\"wordCount\":272,\"publisher\":{\"@id\":\"https:\\\/\\\/lokalmagasinet.no\\\/#organization\"},\"image\":{\"@id\":\"https:\\\/\\\/lokalmagasinet.no\\\/?p=27587#primaryimage\"},\"thumbnailUrl\":\"https:\\\/\\\/lokalmagasinet.no\\\/wp-content\\\/uploads\\\/2025\\\/01\\\/Mosjoens-forste-kino-1024x837.jpg\",\"articleSection\":[\"Aktuelt\"],\"inLanguage\":\"nn-NO\"},{\"@type\":\"WebPage\",\"@id\":\"https:\\\/\\\/lokalmagasinet.no\\\/?p=27587\",\"url\":\"https:\\\/\\\/lokalmagasinet.no\\\/?p=27587\",\"name\":\"Tyskerbrakker i Mosj\u00f8en fikk et langt liv | Lokalmagasinet.no\",\"isPartOf\":{\"@id\":\"https:\\\/\\\/lokalmagasinet.no\\\/#website\"},\"primaryImageOfPage\":{\"@id\":\"https:\\\/\\\/lokalmagasinet.no\\\/?p=27587#primaryimage\"},\"image\":{\"@id\":\"https:\\\/\\\/lokalmagasinet.no\\\/?p=27587#primaryimage\"},\"thumbnailUrl\":\"https:\\\/\\\/lokalmagasinet.no\\\/wp-content\\\/uploads\\\/2025\\\/01\\\/Mosjoens-forste-kino-1024x837.jpg\",\"datePublished\":\"2025-07-17T14:54:04+00:00\",\"breadcrumb\":{\"@id\":\"https:\\\/\\\/lokalmagasinet.no\\\/?p=27587#breadcrumb\"},\"inLanguage\":\"nn-NO\",\"potentialAction\":[{\"@type\":\"ReadAction\",\"target\":[\"https:\\\/\\\/lokalmagasinet.no\\\/?p=27587\"]}]},{\"@type\":\"ImageObject\",\"inLanguage\":\"nn-NO\",\"@id\":\"https:\\\/\\\/lokalmagasinet.no\\\/?p=27587#primaryimage\",\"url\":\"https:\\\/\\\/lokalmagasinet.no\\\/wp-content\\\/uploads\\\/2025\\\/01\\\/Mosjoens-forste-kino.jpg\",\"contentUrl\":\"https:\\\/\\\/lokalmagasinet.no\\\/wp-content\\\/uploads\\\/2025\\\/01\\\/Mosjoens-forste-kino.jpg\",\"width\":1242,\"height\":1015},{\"@type\":\"BreadcrumbList\",\"@id\":\"https:\\\/\\\/lokalmagasinet.no\\\/?p=27587#breadcrumb\",\"itemListElement\":[{\"@type\":\"ListItem\",\"position\":1,\"name\":\"Hjem\",\"item\":\"https:\\\/\\\/lokalmagasinet.no\\\/\"},{\"@type\":\"ListItem\",\"position\":2,\"name\":\"Tyskerbrakker i Mosj\u00f8en fikk et langt liv\"}]},{\"@type\":\"WebSite\",\"@id\":\"https:\\\/\\\/lokalmagasinet.no\\\/#website\",\"url\":\"https:\\\/\\\/lokalmagasinet.no\\\/\",\"name\":\"Lokalmagasinet.no\",\"description\":\"Fra fortid og n\u00e5tid. Med st\u00e5sted i det n\u00e6re. Siden 2002.\",\"publisher\":{\"@id\":\"https:\\\/\\\/lokalmagasinet.no\\\/#organization\"},\"potentialAction\":[{\"@type\":\"SearchAction\",\"target\":{\"@type\":\"EntryPoint\",\"urlTemplate\":\"https:\\\/\\\/lokalmagasinet.no\\\/?s={search_term_string}\"},\"query-input\":{\"@type\":\"PropertyValueSpecification\",\"valueRequired\":true,\"valueName\":\"search_term_string\"}}],\"inLanguage\":\"nn-NO\"},{\"@type\":\"Organization\",\"@id\":\"https:\\\/\\\/lokalmagasinet.no\\\/#organization\",\"name\":\"Lokalmagasinet.no\",\"url\":\"https:\\\/\\\/lokalmagasinet.no\\\/\",\"logo\":{\"@type\":\"ImageObject\",\"inLanguage\":\"nn-NO\",\"@id\":\"https:\\\/\\\/lokalmagasinet.no\\\/#\\\/schema\\\/logo\\\/image\\\/\",\"url\":\"https:\\\/\\\/lokalmagasinet.no\\\/wp-content\\\/uploads\\\/2021\\\/03\\\/cropped-cropped-cropped-cropped-cropped-cropped-lmlogo-e1640691300821.jpg\",\"contentUrl\":\"https:\\\/\\\/lokalmagasinet.no\\\/wp-content\\\/uploads\\\/2021\\\/03\\\/cropped-cropped-cropped-cropped-cropped-cropped-lmlogo-e1640691300821.jpg\",\"width\":72,\"height\":118,\"caption\":\"Lokalmagasinet.no\"},\"image\":{\"@id\":\"https:\\\/\\\/lokalmagasinet.no\\\/#\\\/schema\\\/logo\\\/image\\\/\"},\"sameAs\":[\"https:\\\/\\\/www.facebook.com\\\/sveinharald.strand.1\",\"https:\\\/\\\/x.com\\\/LMExtra\"]},{\"@type\":\"Person\",\"@id\":\"https:\\\/\\\/lokalmagasinet.no\\\/#\\\/schema\\\/person\\\/2e8d221708d3aaf6f577275b5bba4310\",\"name\":\"Svein-Harald Strand\",\"image\":{\"@type\":\"ImageObject\",\"inLanguage\":\"nn-NO\",\"@id\":\"https:\\\/\\\/secure.gravatar.com\\\/avatar\\\/c487434bdf6cd7c12e4a88877ae4b12c38d22b7ad64292b49d33ed7503bb7ce1?s=96&d=mm&r=g\",\"url\":\"https:\\\/\\\/secure.gravatar.com\\\/avatar\\\/c487434bdf6cd7c12e4a88877ae4b12c38d22b7ad64292b49d33ed7503bb7ce1?s=96&d=mm&r=g\",\"contentUrl\":\"https:\\\/\\\/secure.gravatar.com\\\/avatar\\\/c487434bdf6cd7c12e4a88877ae4b12c38d22b7ad64292b49d33ed7503bb7ce1?s=96&d=mm&r=g\",\"caption\":\"Svein-Harald Strand\"},\"description\":\"(F. 26.12.1945) Redakt\u00f8r, journalist og informasjonsarbeider siden 1968. ||| I 1963: Redaksjonell praktikant i 8 m\u00e5neder p\u00e5 full tid i Helgeland Arbeiderblad i hjembyen Mosj\u00f8en. ||| Arbeidende pensjonist med hjemmekontor fra 2008 (AFP) og videre som folkepensjonist til n\u00e5.\",\"sameAs\":[\"https:\\\/\\\/lokalmagasinet.no\\\/\",\"https:\\\/\\\/www.facebook.com\\\/sveinharald.strand.1\",\"https:\\\/\\\/x.com\\\/LMExtra\"],\"url\":\"https:\\\/\\\/lokalmagasinet.no\\\/?author=6\"}]}<\/script>\n<!-- \/ Yoast SEO plugin. -->","yoast_head_json":{"title":"Tyskerbrakker i Mosj\u00f8en fikk et langt liv | Lokalmagasinet.no","robots":{"index":"index","follow":"follow","max-snippet":"max-snippet:-1","max-image-preview":"max-image-preview:large","max-video-preview":"max-video-preview:-1"},"canonical":"https:\/\/lokalmagasinet.no\/?p=27587","og_locale":"nn_NO","og_type":"article","og_title":"Tyskerbrakker i Mosj\u00f8en fikk et langt liv | Lokalmagasinet.no","og_description":"(Publisert 15.06.25) 80 \u00e5r siden krigen var slutt i Norge. Og tyskerne som hadde hatt tilhold i Mosj\u00f8en siden 11. mai 1940 m\u00e5tte pakke sammen. Men brakkene de satte opp ... Les merTyskerbrakker i Mosj\u00f8en fikk et langt liv","og_url":"https:\/\/lokalmagasinet.no\/?p=27587","og_site_name":"Lokalmagasinet.no","article_publisher":"https:\/\/www.facebook.com\/sveinharald.strand.1","article_author":"https:\/\/www.facebook.com\/sveinharald.strand.1","article_published_time":"2025-07-17T14:54:04+00:00","og_image":[{"width":1242,"height":1015,"url":"https:\/\/lokalmagasinet.no\/wp-content\/uploads\/2025\/01\/Mosjoens-forste-kino.jpg","type":"image\/jpeg"}],"author":"Svein-Harald Strand","twitter_card":"summary_large_image","twitter_creator":"@LMExtra","twitter_site":"@LMExtra","twitter_misc":{"Written by":"Svein-Harald Strand","Est. reading time":"1 minutt"},"schema":{"@context":"https:\/\/schema.org","@graph":[{"@type":"Article","@id":"https:\/\/lokalmagasinet.no\/?p=27587#article","isPartOf":{"@id":"https:\/\/lokalmagasinet.no\/?p=27587"},"author":{"name":"Svein-Harald Strand","@id":"https:\/\/lokalmagasinet.no\/#\/schema\/person\/2e8d221708d3aaf6f577275b5bba4310"},"headline":"Tyskerbrakker i Mosj\u00f8en fikk et langt liv","datePublished":"2025-07-17T14:54:04+00:00","mainEntityOfPage":{"@id":"https:\/\/lokalmagasinet.no\/?p=27587"},"wordCount":272,"publisher":{"@id":"https:\/\/lokalmagasinet.no\/#organization"},"image":{"@id":"https:\/\/lokalmagasinet.no\/?p=27587#primaryimage"},"thumbnailUrl":"https:\/\/lokalmagasinet.no\/wp-content\/uploads\/2025\/01\/Mosjoens-forste-kino-1024x837.jpg","articleSection":["Aktuelt"],"inLanguage":"nn-NO"},{"@type":"WebPage","@id":"https:\/\/lokalmagasinet.no\/?p=27587","url":"https:\/\/lokalmagasinet.no\/?p=27587","name":"Tyskerbrakker i Mosj\u00f8en fikk et langt liv | Lokalmagasinet.no","isPartOf":{"@id":"https:\/\/lokalmagasinet.no\/#website"},"primaryImageOfPage":{"@id":"https:\/\/lokalmagasinet.no\/?p=27587#primaryimage"},"image":{"@id":"https:\/\/lokalmagasinet.no\/?p=27587#primaryimage"},"thumbnailUrl":"https:\/\/lokalmagasinet.no\/wp-content\/uploads\/2025\/01\/Mosjoens-forste-kino-1024x837.jpg","datePublished":"2025-07-17T14:54:04+00:00","breadcrumb":{"@id":"https:\/\/lokalmagasinet.no\/?p=27587#breadcrumb"},"inLanguage":"nn-NO","potentialAction":[{"@type":"ReadAction","target":["https:\/\/lokalmagasinet.no\/?p=27587"]}]},{"@type":"ImageObject","inLanguage":"nn-NO","@id":"https:\/\/lokalmagasinet.no\/?p=27587#primaryimage","url":"https:\/\/lokalmagasinet.no\/wp-content\/uploads\/2025\/01\/Mosjoens-forste-kino.jpg","contentUrl":"https:\/\/lokalmagasinet.no\/wp-content\/uploads\/2025\/01\/Mosjoens-forste-kino.jpg","width":1242,"height":1015},{"@type":"BreadcrumbList","@id":"https:\/\/lokalmagasinet.no\/?p=27587#breadcrumb","itemListElement":[{"@type":"ListItem","position":1,"name":"Hjem","item":"https:\/\/lokalmagasinet.no\/"},{"@type":"ListItem","position":2,"name":"Tyskerbrakker i Mosj\u00f8en fikk et langt liv"}]},{"@type":"WebSite","@id":"https:\/\/lokalmagasinet.no\/#website","url":"https:\/\/lokalmagasinet.no\/","name":"Lokalmagasinet.no","description":"Fra fortid og n\u00e5tid. Med st\u00e5sted i det n\u00e6re. Siden 2002.","publisher":{"@id":"https:\/\/lokalmagasinet.no\/#organization"},"potentialAction":[{"@type":"SearchAction","target":{"@type":"EntryPoint","urlTemplate":"https:\/\/lokalmagasinet.no\/?s={search_term_string}"},"query-input":{"@type":"PropertyValueSpecification","valueRequired":true,"valueName":"search_term_string"}}],"inLanguage":"nn-NO"},{"@type":"Organization","@id":"https:\/\/lokalmagasinet.no\/#organization","name":"Lokalmagasinet.no","url":"https:\/\/lokalmagasinet.no\/","logo":{"@type":"ImageObject","inLanguage":"nn-NO","@id":"https:\/\/lokalmagasinet.no\/#\/schema\/logo\/image\/","url":"https:\/\/lokalmagasinet.no\/wp-content\/uploads\/2021\/03\/cropped-cropped-cropped-cropped-cropped-cropped-lmlogo-e1640691300821.jpg","contentUrl":"https:\/\/lokalmagasinet.no\/wp-content\/uploads\/2021\/03\/cropped-cropped-cropped-cropped-cropped-cropped-lmlogo-e1640691300821.jpg","width":72,"height":118,"caption":"Lokalmagasinet.no"},"image":{"@id":"https:\/\/lokalmagasinet.no\/#\/schema\/logo\/image\/"},"sameAs":["https:\/\/www.facebook.com\/sveinharald.strand.1","https:\/\/x.com\/LMExtra"]},{"@type":"Person","@id":"https:\/\/lokalmagasinet.no\/#\/schema\/person\/2e8d221708d3aaf6f577275b5bba4310","name":"Svein-Harald Strand","image":{"@type":"ImageObject","inLanguage":"nn-NO","@id":"https:\/\/secure.gravatar.com\/avatar\/c487434bdf6cd7c12e4a88877ae4b12c38d22b7ad64292b49d33ed7503bb7ce1?s=96&d=mm&r=g","url":"https:\/\/secure.gravatar.com\/avatar\/c487434bdf6cd7c12e4a88877ae4b12c38d22b7ad64292b49d33ed7503bb7ce1?s=96&d=mm&r=g","contentUrl":"https:\/\/secure.gravatar.com\/avatar\/c487434bdf6cd7c12e4a88877ae4b12c38d22b7ad64292b49d33ed7503bb7ce1?s=96&d=mm&r=g","caption":"Svein-Harald Strand"},"description":"(F. 26.12.1945) Redakt\u00f8r, journalist og informasjonsarbeider siden 1968. ||| I 1963: Redaksjonell praktikant i 8 m\u00e5neder p\u00e5 full tid i Helgeland Arbeiderblad i hjembyen Mosj\u00f8en. ||| Arbeidende pensjonist med hjemmekontor fra 2008 (AFP) og videre som folkepensjonist til n\u00e5.","sameAs":["https:\/\/lokalmagasinet.no\/","https:\/\/www.facebook.com\/sveinharald.strand.1","https:\/\/x.com\/LMExtra"],"url":"https:\/\/lokalmagasinet.no\/?author=6"}]}},"_links":{"self":[{"href":"https:\/\/lokalmagasinet.no\/index.php?rest_route=\/wp\/v2\/posts\/27587","targetHints":{"allow":["GET"]}}],"collection":[{"href":"https:\/\/lokalmagasinet.no\/index.php?rest_route=\/wp\/v2\/posts"}],"about":[{"href":"https:\/\/lokalmagasinet.no\/index.php?rest_route=\/wp\/v2\/types\/post"}],"author":[{"embeddable":true,"href":"https:\/\/lokalmagasinet.no\/index.php?rest_route=\/wp\/v2\/users\/6"}],"replies":[{"embeddable":true,"href":"https:\/\/lokalmagasinet.no\/index.php?rest_route=%2Fwp%2Fv2%2Fcomments&post=27587"}],"version-history":[{"count":6,"href":"https:\/\/lokalmagasinet.no\/index.php?rest_route=\/wp\/v2\/posts\/27587\/revisions"}],"predecessor-version":[{"id":27853,"href":"https:\/\/lokalmagasinet.no\/index.php?rest_route=\/wp\/v2\/posts\/27587\/revisions\/27853"}],"wp:attachment":[{"href":"https:\/\/lokalmagasinet.no\/index.php?rest_route=%2Fwp%2Fv2%2Fmedia&parent=27587"}],"wp:term":[{"taxonomy":"category","embeddable":true,"href":"https:\/\/lokalmagasinet.no\/index.php?rest_route=%2Fwp%2Fv2%2Fcategories&post=27587"},{"taxonomy":"post_tag","embeddable":true,"href":"https:\/\/lokalmagasinet.no\/index.php?rest_route=%2Fwp%2Fv2%2Ftags&post=27587"}],"curies":[{"name":"wp","href":"https:\/\/api.w.org\/{rel}","templated":true}]}}