{"id":27834,"date":"2025-07-16T22:40:25","date_gmt":"2025-07-16T20:40:25","guid":{"rendered":"https:\/\/lokalmagasinet.no\/?p=27834"},"modified":"2025-07-16T22:40:24","modified_gmt":"2025-07-16T20:40:24","slug":"litt-son-historie-midtsommers","status":"publish","type":"post","link":"https:\/\/lokalmagasinet.no\/?p=27834","title":{"rendered":"Litt Son-historie midtsommers"},"content":{"rendered":"<figure id=\"attachment_27841\" aria-describedby=\"caption-attachment-27841\" style=\"width: 500px\" class=\"wp-caption alignnone\"><a href=\"https:\/\/lokalmagasinet.no\/?attachment_id=27841#main\" rel=\"attachment wp-att-27841\"><img loading=\"lazy\" decoding=\"async\" src=\"https:\/\/lokalmagasinet.no\/wp-content\/uploads\/2025\/07\/meierigullik_0912_500.jpg\" alt=\"\" width=\"500\" height=\"373\" class=\"size-full wp-image-27841\" srcset=\"https:\/\/lokalmagasinet.no\/wp-content\/uploads\/2025\/07\/meierigullik_0912_500.jpg 500w, https:\/\/lokalmagasinet.no\/wp-content\/uploads\/2025\/07\/meierigullik_0912_500-300x224.jpg 300w, https:\/\/lokalmagasinet.no\/wp-content\/uploads\/2025\/07\/meierigullik_0912_500-150x112.jpg 150w\" sizes=\"auto, (max-width: 500px) 100vw, 500px\" \/><\/a><figcaption id=\"caption-attachment-27841\" class=\"wp-caption-text\">A<\/figcaption><\/figure>\n<p>(Publisert 16.07.25) (Illustrasjon: Meierig\u00e5rden &#8211; LM Arkivfoto) <strong>I juli 1898 kom det historiske kommunikasjons-middelet telefonen til Son. Og vi kan jubilere &#8211; for det er 50 \u00e5r siden sentralen i Son ble automatisert, noe vi husker godt, vi som begynner \u00e5 dra p\u00e5 \u00e5ra.<\/strong><\/p>\n<p>Bare et f\u00e5tall av soningene hadde tilgang til et telefonapparat i sitt eget hjem, i det som m\u00e5 kunne kalles pionertiden. Men mange hadde kort vei \u00e5 g\u00e5 &#8211; eller l\u00f8pe, hvis det hastet &#8211; til sentralen. <\/p>\n<p>DA M\u00c5TTE DU G\u00c5 trappa opp til andre etasje i det som i dag kalles Meierig\u00e5rden, etter meieriutsalget til Alf Lie som holdt til i f\u00f8rste etasje. Der oppe kunne du b\u00e5de ringe og hente eller sende et telegram hos en av de mange damene som jobbet p\u00e5 skift.<\/p>\n<p><strong>Og det er alts\u00e5 50 \u00e5r siden vi kunne ringe direkte hjemmefra til hvem vi ville og n\u00e5r vi ville.<\/strong><\/p>\n<p>Selv var jeg s\u00e5 heldig at jeg fikk gratis telefonhold, betalt av avisa der jeg var ansatt. <\/p>\n<p>TELEFONAPPARATET OG NUMMERET beholdt jeg ogs\u00e5 etter at arbeidsforholdet var slutt, men det ble jo ikke lenger gratis \u00e5 sl\u00e5 p\u00e5 tr\u00e5den &#8211; bare unntaksvis, n\u00e5r du kunne ringe privat p\u00e5 &laquo;noteringsoverf\u00f8ring&raquo;. Da var det den du ringte til som skulle betale for samtalen.<\/p>\n<p>I NOEN M\u00c5NEDER jobbet jeg som frilansjournalist og var blant annet korrespondent for Dagbladet. Hver dag ringte jeg som avtalt til kveldsvakta i Dagbladet og leste fra det ferske manuskriptet mitt. <\/p>\n<p>Da det ble publisert neste dag sto det til slutt: <em>Fra Dagbladets korrespondent i Moss.<\/em><br \/>\nLitt kult var det absolutt. Men hva skrev Dagbladets korrespondent? Selvf\u00f8lgelig: Kortversjoner av det som byens to dagsaviser, Moss Avis og Moss Dagblad, hadde skrevet.<\/p>\n<p>Lett match? Ja og nei. Nyhetene fra \u00d8stfold-byen var ikke alltid noe som kunne interessere Dagblad-lesere flest. S\u00e5 da ble det litt &laquo;re-writing&raquo; innimellom. Med den kunnskapen jeg hadde f\u00e5tt som reporter i byen og distriktet. <\/p>\n<p>De kveldene det ikke ble lett match, da ble det ofte best &#8211; gjerne i siste lita f\u00f8r deadline i redaksjonen. Det syntes i alle fall jeg. Og noen klager h\u00f8rte jeg aldri, verken fra Dagbladet eller andre. <\/p>\n<p>Korrespondenten fikk stoffet p\u00e5 trykk og honorar-pengene p\u00e5 konto. Hvor mye det ble, huskes ikke. Men det var i alle fall nok til \u00e5 holde koken, s\u00e5vidt det var i de periodene da det var langt mellom andre oppdrag for frilanseren.  <\/p>\n<p><strong>St.<strong><\/p>\n<p>Views: 155<\/p>","protected":false},"excerpt":{"rendered":"<p>(Publisert 16.07.25) (Illustrasjon: Meierig\u00e5rden &#8211; LM Arkivfoto) I juli 1898 kom det historiske kommunikasjons-middelet telefonen til Son. Og vi kan jubilere &#8211; for det er 50 \u00e5r siden sentralen i &#8230; <\/p>\n<p class=\"read-more-container\"><a title=\"Litt Son-historie midtsommers\" class=\"read-more button\" href=\"https:\/\/lokalmagasinet.no\/?p=27834#more-27834\">Les mer<span class=\"screen-reader-text\">Litt Son-historie midtsommers<\/span><\/a><\/p>\n","protected":false},"author":6,"featured_media":0,"comment_status":"closed","ping_status":"closed","sticky":false,"template":"","format":"standard","meta":{"footnotes":""},"categories":[1],"tags":[],"class_list":["post-27834","post","type-post","status-publish","format-standard","hentry","category-aktuelt"],"yoast_head":"<!-- This site is optimized with the Yoast SEO plugin v27.4 - https:\/\/yoast.com\/product\/yoast-seo-wordpress\/ -->\n<title>Litt Son-historie midtsommers | Lokalmagasinet.no<\/title>\n<meta name=\"robots\" content=\"index, follow, max-snippet:-1, max-image-preview:large, max-video-preview:-1\" \/>\n<link rel=\"canonical\" href=\"https:\/\/lokalmagasinet.no\/?p=27834\" \/>\n<meta property=\"og:locale\" content=\"nn_NO\" \/>\n<meta property=\"og:type\" content=\"article\" \/>\n<meta property=\"og:title\" content=\"Litt Son-historie midtsommers | Lokalmagasinet.no\" \/>\n<meta property=\"og:description\" content=\"(Publisert 16.07.25) (Illustrasjon: Meierig\u00e5rden &#8211; LM Arkivfoto) I juli 1898 kom det historiske kommunikasjons-middelet telefonen til Son. Og vi kan jubilere &#8211; for det er 50 \u00e5r siden sentralen i ... Les merLitt Son-historie midtsommers\" \/>\n<meta property=\"og:url\" content=\"https:\/\/lokalmagasinet.no\/?p=27834\" \/>\n<meta property=\"og:site_name\" content=\"Lokalmagasinet.no\" \/>\n<meta property=\"article:publisher\" content=\"https:\/\/www.facebook.com\/sveinharald.strand.1\" \/>\n<meta property=\"article:author\" content=\"https:\/\/www.facebook.com\/sveinharald.strand.1\" \/>\n<meta property=\"article:published_time\" content=\"2025-07-16T20:40:25+00:00\" \/>\n<meta property=\"og:image\" content=\"https:\/\/lokalmagasinet.no\/wp-content\/uploads\/2025\/07\/meierigullik_0912_500.jpg\" \/>\n\t<meta property=\"og:image:width\" content=\"500\" \/>\n\t<meta property=\"og:image:height\" content=\"373\" \/>\n\t<meta property=\"og:image:type\" content=\"image\/jpeg\" \/>\n<meta name=\"author\" content=\"Svein-Harald Strand\" \/>\n<meta name=\"twitter:card\" content=\"summary_large_image\" \/>\n<meta name=\"twitter:creator\" content=\"@LMExtra\" \/>\n<meta name=\"twitter:site\" content=\"@LMExtra\" \/>\n<meta name=\"twitter:label1\" content=\"Written by\" \/>\n\t<meta name=\"twitter:data1\" content=\"Svein-Harald Strand\" \/>\n\t<meta name=\"twitter:label2\" content=\"Est. reading time\" \/>\n\t<meta name=\"twitter:data2\" content=\"2 minutt\" \/>\n<script type=\"application\/ld+json\" class=\"yoast-schema-graph\">{\"@context\":\"https:\\\/\\\/schema.org\",\"@graph\":[{\"@type\":\"Article\",\"@id\":\"https:\\\/\\\/lokalmagasinet.no\\\/?p=27834#article\",\"isPartOf\":{\"@id\":\"https:\\\/\\\/lokalmagasinet.no\\\/?p=27834\"},\"author\":{\"name\":\"Svein-Harald Strand\",\"@id\":\"https:\\\/\\\/lokalmagasinet.no\\\/#\\\/schema\\\/person\\\/2e8d221708d3aaf6f577275b5bba4310\"},\"headline\":\"Litt Son-historie midtsommers\",\"datePublished\":\"2025-07-16T20:40:25+00:00\",\"mainEntityOfPage\":{\"@id\":\"https:\\\/\\\/lokalmagasinet.no\\\/?p=27834\"},\"wordCount\":418,\"publisher\":{\"@id\":\"https:\\\/\\\/lokalmagasinet.no\\\/#organization\"},\"image\":{\"@id\":\"https:\\\/\\\/lokalmagasinet.no\\\/?p=27834#primaryimage\"},\"thumbnailUrl\":\"https:\\\/\\\/lokalmagasinet.no\\\/wp-content\\\/uploads\\\/2025\\\/07\\\/meierigullik_0912_500.jpg\",\"articleSection\":[\"Aktuelt\"],\"inLanguage\":\"nn-NO\"},{\"@type\":\"WebPage\",\"@id\":\"https:\\\/\\\/lokalmagasinet.no\\\/?p=27834\",\"url\":\"https:\\\/\\\/lokalmagasinet.no\\\/?p=27834\",\"name\":\"Litt Son-historie midtsommers | Lokalmagasinet.no\",\"isPartOf\":{\"@id\":\"https:\\\/\\\/lokalmagasinet.no\\\/#website\"},\"primaryImageOfPage\":{\"@id\":\"https:\\\/\\\/lokalmagasinet.no\\\/?p=27834#primaryimage\"},\"image\":{\"@id\":\"https:\\\/\\\/lokalmagasinet.no\\\/?p=27834#primaryimage\"},\"thumbnailUrl\":\"https:\\\/\\\/lokalmagasinet.no\\\/wp-content\\\/uploads\\\/2025\\\/07\\\/meierigullik_0912_500.jpg\",\"datePublished\":\"2025-07-16T20:40:25+00:00\",\"breadcrumb\":{\"@id\":\"https:\\\/\\\/lokalmagasinet.no\\\/?p=27834#breadcrumb\"},\"inLanguage\":\"nn-NO\",\"potentialAction\":[{\"@type\":\"ReadAction\",\"target\":[\"https:\\\/\\\/lokalmagasinet.no\\\/?p=27834\"]}]},{\"@type\":\"ImageObject\",\"inLanguage\":\"nn-NO\",\"@id\":\"https:\\\/\\\/lokalmagasinet.no\\\/?p=27834#primaryimage\",\"url\":\"https:\\\/\\\/lokalmagasinet.no\\\/wp-content\\\/uploads\\\/2025\\\/07\\\/meierigullik_0912_500.jpg\",\"contentUrl\":\"https:\\\/\\\/lokalmagasinet.no\\\/wp-content\\\/uploads\\\/2025\\\/07\\\/meierigullik_0912_500.jpg\",\"width\":500,\"height\":373,\"caption\":\"A\"},{\"@type\":\"BreadcrumbList\",\"@id\":\"https:\\\/\\\/lokalmagasinet.no\\\/?p=27834#breadcrumb\",\"itemListElement\":[{\"@type\":\"ListItem\",\"position\":1,\"name\":\"Hjem\",\"item\":\"https:\\\/\\\/lokalmagasinet.no\\\/\"},{\"@type\":\"ListItem\",\"position\":2,\"name\":\"Litt Son-historie midtsommers\"}]},{\"@type\":\"WebSite\",\"@id\":\"https:\\\/\\\/lokalmagasinet.no\\\/#website\",\"url\":\"https:\\\/\\\/lokalmagasinet.no\\\/\",\"name\":\"Lokalmagasinet.no\",\"description\":\"Fra fortid og n\u00e5tid. Med st\u00e5sted i det n\u00e6re. Siden 2002.\",\"publisher\":{\"@id\":\"https:\\\/\\\/lokalmagasinet.no\\\/#organization\"},\"potentialAction\":[{\"@type\":\"SearchAction\",\"target\":{\"@type\":\"EntryPoint\",\"urlTemplate\":\"https:\\\/\\\/lokalmagasinet.no\\\/?s={search_term_string}\"},\"query-input\":{\"@type\":\"PropertyValueSpecification\",\"valueRequired\":true,\"valueName\":\"search_term_string\"}}],\"inLanguage\":\"nn-NO\"},{\"@type\":\"Organization\",\"@id\":\"https:\\\/\\\/lokalmagasinet.no\\\/#organization\",\"name\":\"Lokalmagasinet.no\",\"url\":\"https:\\\/\\\/lokalmagasinet.no\\\/\",\"logo\":{\"@type\":\"ImageObject\",\"inLanguage\":\"nn-NO\",\"@id\":\"https:\\\/\\\/lokalmagasinet.no\\\/#\\\/schema\\\/logo\\\/image\\\/\",\"url\":\"https:\\\/\\\/lokalmagasinet.no\\\/wp-content\\\/uploads\\\/2021\\\/03\\\/cropped-cropped-cropped-cropped-cropped-cropped-lmlogo-e1640691300821.jpg\",\"contentUrl\":\"https:\\\/\\\/lokalmagasinet.no\\\/wp-content\\\/uploads\\\/2021\\\/03\\\/cropped-cropped-cropped-cropped-cropped-cropped-lmlogo-e1640691300821.jpg\",\"width\":72,\"height\":118,\"caption\":\"Lokalmagasinet.no\"},\"image\":{\"@id\":\"https:\\\/\\\/lokalmagasinet.no\\\/#\\\/schema\\\/logo\\\/image\\\/\"},\"sameAs\":[\"https:\\\/\\\/www.facebook.com\\\/sveinharald.strand.1\",\"https:\\\/\\\/x.com\\\/LMExtra\"]},{\"@type\":\"Person\",\"@id\":\"https:\\\/\\\/lokalmagasinet.no\\\/#\\\/schema\\\/person\\\/2e8d221708d3aaf6f577275b5bba4310\",\"name\":\"Svein-Harald Strand\",\"image\":{\"@type\":\"ImageObject\",\"inLanguage\":\"nn-NO\",\"@id\":\"https:\\\/\\\/secure.gravatar.com\\\/avatar\\\/c487434bdf6cd7c12e4a88877ae4b12c38d22b7ad64292b49d33ed7503bb7ce1?s=96&d=mm&r=g\",\"url\":\"https:\\\/\\\/secure.gravatar.com\\\/avatar\\\/c487434bdf6cd7c12e4a88877ae4b12c38d22b7ad64292b49d33ed7503bb7ce1?s=96&d=mm&r=g\",\"contentUrl\":\"https:\\\/\\\/secure.gravatar.com\\\/avatar\\\/c487434bdf6cd7c12e4a88877ae4b12c38d22b7ad64292b49d33ed7503bb7ce1?s=96&d=mm&r=g\",\"caption\":\"Svein-Harald Strand\"},\"description\":\"(F. 26.12.1945) Redakt\u00f8r, journalist og informasjonsarbeider siden 1968. ||| I 1963: Redaksjonell praktikant i 8 m\u00e5neder p\u00e5 full tid i Helgeland Arbeiderblad i hjembyen Mosj\u00f8en. ||| Arbeidende pensjonist med hjemmekontor fra 2008 (AFP) og videre som folkepensjonist til n\u00e5.\",\"sameAs\":[\"https:\\\/\\\/lokalmagasinet.no\\\/\",\"https:\\\/\\\/www.facebook.com\\\/sveinharald.strand.1\",\"https:\\\/\\\/x.com\\\/LMExtra\"],\"url\":\"https:\\\/\\\/lokalmagasinet.no\\\/?author=6\"}]}<\/script>\n<!-- \/ Yoast SEO plugin. -->","yoast_head_json":{"title":"Litt Son-historie midtsommers | Lokalmagasinet.no","robots":{"index":"index","follow":"follow","max-snippet":"max-snippet:-1","max-image-preview":"max-image-preview:large","max-video-preview":"max-video-preview:-1"},"canonical":"https:\/\/lokalmagasinet.no\/?p=27834","og_locale":"nn_NO","og_type":"article","og_title":"Litt Son-historie midtsommers | Lokalmagasinet.no","og_description":"(Publisert 16.07.25) (Illustrasjon: Meierig\u00e5rden &#8211; LM Arkivfoto) I juli 1898 kom det historiske kommunikasjons-middelet telefonen til Son. Og vi kan jubilere &#8211; for det er 50 \u00e5r siden sentralen i ... Les merLitt Son-historie midtsommers","og_url":"https:\/\/lokalmagasinet.no\/?p=27834","og_site_name":"Lokalmagasinet.no","article_publisher":"https:\/\/www.facebook.com\/sveinharald.strand.1","article_author":"https:\/\/www.facebook.com\/sveinharald.strand.1","article_published_time":"2025-07-16T20:40:25+00:00","og_image":[{"width":500,"height":373,"url":"https:\/\/lokalmagasinet.no\/wp-content\/uploads\/2025\/07\/meierigullik_0912_500.jpg","type":"image\/jpeg"}],"author":"Svein-Harald Strand","twitter_card":"summary_large_image","twitter_creator":"@LMExtra","twitter_site":"@LMExtra","twitter_misc":{"Written by":"Svein-Harald Strand","Est. reading time":"2 minutt"},"schema":{"@context":"https:\/\/schema.org","@graph":[{"@type":"Article","@id":"https:\/\/lokalmagasinet.no\/?p=27834#article","isPartOf":{"@id":"https:\/\/lokalmagasinet.no\/?p=27834"},"author":{"name":"Svein-Harald Strand","@id":"https:\/\/lokalmagasinet.no\/#\/schema\/person\/2e8d221708d3aaf6f577275b5bba4310"},"headline":"Litt Son-historie midtsommers","datePublished":"2025-07-16T20:40:25+00:00","mainEntityOfPage":{"@id":"https:\/\/lokalmagasinet.no\/?p=27834"},"wordCount":418,"publisher":{"@id":"https:\/\/lokalmagasinet.no\/#organization"},"image":{"@id":"https:\/\/lokalmagasinet.no\/?p=27834#primaryimage"},"thumbnailUrl":"https:\/\/lokalmagasinet.no\/wp-content\/uploads\/2025\/07\/meierigullik_0912_500.jpg","articleSection":["Aktuelt"],"inLanguage":"nn-NO"},{"@type":"WebPage","@id":"https:\/\/lokalmagasinet.no\/?p=27834","url":"https:\/\/lokalmagasinet.no\/?p=27834","name":"Litt Son-historie midtsommers | Lokalmagasinet.no","isPartOf":{"@id":"https:\/\/lokalmagasinet.no\/#website"},"primaryImageOfPage":{"@id":"https:\/\/lokalmagasinet.no\/?p=27834#primaryimage"},"image":{"@id":"https:\/\/lokalmagasinet.no\/?p=27834#primaryimage"},"thumbnailUrl":"https:\/\/lokalmagasinet.no\/wp-content\/uploads\/2025\/07\/meierigullik_0912_500.jpg","datePublished":"2025-07-16T20:40:25+00:00","breadcrumb":{"@id":"https:\/\/lokalmagasinet.no\/?p=27834#breadcrumb"},"inLanguage":"nn-NO","potentialAction":[{"@type":"ReadAction","target":["https:\/\/lokalmagasinet.no\/?p=27834"]}]},{"@type":"ImageObject","inLanguage":"nn-NO","@id":"https:\/\/lokalmagasinet.no\/?p=27834#primaryimage","url":"https:\/\/lokalmagasinet.no\/wp-content\/uploads\/2025\/07\/meierigullik_0912_500.jpg","contentUrl":"https:\/\/lokalmagasinet.no\/wp-content\/uploads\/2025\/07\/meierigullik_0912_500.jpg","width":500,"height":373,"caption":"A"},{"@type":"BreadcrumbList","@id":"https:\/\/lokalmagasinet.no\/?p=27834#breadcrumb","itemListElement":[{"@type":"ListItem","position":1,"name":"Hjem","item":"https:\/\/lokalmagasinet.no\/"},{"@type":"ListItem","position":2,"name":"Litt Son-historie midtsommers"}]},{"@type":"WebSite","@id":"https:\/\/lokalmagasinet.no\/#website","url":"https:\/\/lokalmagasinet.no\/","name":"Lokalmagasinet.no","description":"Fra fortid og n\u00e5tid. Med st\u00e5sted i det n\u00e6re. Siden 2002.","publisher":{"@id":"https:\/\/lokalmagasinet.no\/#organization"},"potentialAction":[{"@type":"SearchAction","target":{"@type":"EntryPoint","urlTemplate":"https:\/\/lokalmagasinet.no\/?s={search_term_string}"},"query-input":{"@type":"PropertyValueSpecification","valueRequired":true,"valueName":"search_term_string"}}],"inLanguage":"nn-NO"},{"@type":"Organization","@id":"https:\/\/lokalmagasinet.no\/#organization","name":"Lokalmagasinet.no","url":"https:\/\/lokalmagasinet.no\/","logo":{"@type":"ImageObject","inLanguage":"nn-NO","@id":"https:\/\/lokalmagasinet.no\/#\/schema\/logo\/image\/","url":"https:\/\/lokalmagasinet.no\/wp-content\/uploads\/2021\/03\/cropped-cropped-cropped-cropped-cropped-cropped-lmlogo-e1640691300821.jpg","contentUrl":"https:\/\/lokalmagasinet.no\/wp-content\/uploads\/2021\/03\/cropped-cropped-cropped-cropped-cropped-cropped-lmlogo-e1640691300821.jpg","width":72,"height":118,"caption":"Lokalmagasinet.no"},"image":{"@id":"https:\/\/lokalmagasinet.no\/#\/schema\/logo\/image\/"},"sameAs":["https:\/\/www.facebook.com\/sveinharald.strand.1","https:\/\/x.com\/LMExtra"]},{"@type":"Person","@id":"https:\/\/lokalmagasinet.no\/#\/schema\/person\/2e8d221708d3aaf6f577275b5bba4310","name":"Svein-Harald Strand","image":{"@type":"ImageObject","inLanguage":"nn-NO","@id":"https:\/\/secure.gravatar.com\/avatar\/c487434bdf6cd7c12e4a88877ae4b12c38d22b7ad64292b49d33ed7503bb7ce1?s=96&d=mm&r=g","url":"https:\/\/secure.gravatar.com\/avatar\/c487434bdf6cd7c12e4a88877ae4b12c38d22b7ad64292b49d33ed7503bb7ce1?s=96&d=mm&r=g","contentUrl":"https:\/\/secure.gravatar.com\/avatar\/c487434bdf6cd7c12e4a88877ae4b12c38d22b7ad64292b49d33ed7503bb7ce1?s=96&d=mm&r=g","caption":"Svein-Harald Strand"},"description":"(F. 26.12.1945) Redakt\u00f8r, journalist og informasjonsarbeider siden 1968. ||| I 1963: Redaksjonell praktikant i 8 m\u00e5neder p\u00e5 full tid i Helgeland Arbeiderblad i hjembyen Mosj\u00f8en. ||| Arbeidende pensjonist med hjemmekontor fra 2008 (AFP) og videre som folkepensjonist til n\u00e5.","sameAs":["https:\/\/lokalmagasinet.no\/","https:\/\/www.facebook.com\/sveinharald.strand.1","https:\/\/x.com\/LMExtra"],"url":"https:\/\/lokalmagasinet.no\/?author=6"}]}},"_links":{"self":[{"href":"https:\/\/lokalmagasinet.no\/index.php?rest_route=\/wp\/v2\/posts\/27834","targetHints":{"allow":["GET"]}}],"collection":[{"href":"https:\/\/lokalmagasinet.no\/index.php?rest_route=\/wp\/v2\/posts"}],"about":[{"href":"https:\/\/lokalmagasinet.no\/index.php?rest_route=\/wp\/v2\/types\/post"}],"author":[{"embeddable":true,"href":"https:\/\/lokalmagasinet.no\/index.php?rest_route=\/wp\/v2\/users\/6"}],"replies":[{"embeddable":true,"href":"https:\/\/lokalmagasinet.no\/index.php?rest_route=%2Fwp%2Fv2%2Fcomments&post=27834"}],"version-history":[{"count":8,"href":"https:\/\/lokalmagasinet.no\/index.php?rest_route=\/wp\/v2\/posts\/27834\/revisions"}],"predecessor-version":[{"id":27849,"href":"https:\/\/lokalmagasinet.no\/index.php?rest_route=\/wp\/v2\/posts\/27834\/revisions\/27849"}],"wp:attachment":[{"href":"https:\/\/lokalmagasinet.no\/index.php?rest_route=%2Fwp%2Fv2%2Fmedia&parent=27834"}],"wp:term":[{"taxonomy":"category","embeddable":true,"href":"https:\/\/lokalmagasinet.no\/index.php?rest_route=%2Fwp%2Fv2%2Fcategories&post=27834"},{"taxonomy":"post_tag","embeddable":true,"href":"https:\/\/lokalmagasinet.no\/index.php?rest_route=%2Fwp%2Fv2%2Ftags&post=27834"}],"curies":[{"name":"wp","href":"https:\/\/api.w.org\/{rel}","templated":true}]}}