{"id":2786,"date":"2022-04-09T11:18:39","date_gmt":"2022-04-09T09:18:39","guid":{"rendered":"http:\/\/lokalmagasinet.no\/?p=2786"},"modified":"2024-04-08T00:14:16","modified_gmt":"2024-04-07T22:14:16","slug":"81-ar-i-dag-siden-tyskernes-invasjon","status":"publish","type":"post","link":"https:\/\/lokalmagasinet.no\/?p=2786","title":{"rendered":"82 \u00c5R SIDEN TYSKERNE GIKK I LAND"},"content":{"rendered":"<p><img loading=\"lazy\" decoding=\"async\" class=\"aligncenter wp-image-760 size-full\" src=\"http:\/\/lokalmagasinet.no\/wp-content\/uploads\/2021\/02\/tyskere090440_800.jpg\" alt=\"\" width=\"800\" height=\"579\" srcset=\"https:\/\/lokalmagasinet.no\/wp-content\/uploads\/2021\/02\/tyskere090440_800.jpg 800w, https:\/\/lokalmagasinet.no\/wp-content\/uploads\/2021\/02\/tyskere090440_800-300x217.jpg 300w, https:\/\/lokalmagasinet.no\/wp-content\/uploads\/2021\/02\/tyskere090440_800-768x556.jpg 768w\" sizes=\"auto, (max-width: 800px) 100vw, 800px\" \/><\/p>\n<p style=\"text-align: left;\"><span style=\"font-family: arial, helvetica, sans-serif;\"><strong>Et historisk fotografi. Son torg om morgenen 9. april 1940. Dette var et av de f\u00f8rste stedene der tyske soldater satte sine ben p\u00e5 norsk jord. Bak t.v.: En mann i dress snakker med en soldat. Legg ellers merke til at det er atskillig med sn\u00f8 p\u00e5 torget og p\u00e5 det lille vi ser av Laksa-landet og Skj\u00e6ret. <\/strong>(Foto: Digitalt arkiv, Nasjonalblioteket)<\/span><\/p>\n<p><span style=\"font-size: 24pt;\">(Publisert 09.04.22. Oppdatert 10.04.22) Rundt 1000 tyske soldater og overlevende etter senkningen av &laquo;Bl\u00fccher&raquo; i <em>Dr\u00f8baksundet<\/em> er kommet til Son. Materiell og v\u00e5pen er oppstilt p\u00e5 torget.<\/span><\/p>\n<p><span style=\"font-size: 24pt;\">Ved dampskipsbrygga: DS &laquo;Oscarsborg I&raquo; som gikk fra Son p\u00e5 rutetid litt f\u00f8r kl. 07, p\u00e5 vei til Oslo som vanlig.<\/span><\/p>\n<p><span style=\"font-size: 24pt;\">&laquo;Borgen&raquo;, som ruteb\u00e5ten gjerne ble kalt, m\u00f8tte etter kort tid en av &laquo;Bl\u00fccher&raquo;s to f\u00f8lgesb\u00e5ter <em>(krysseren &laquo;L\u00fctzow&raquo; &#8211; ikke &laquo;Emden&raquo;, som noen har ment). <\/em><\/span><\/p>\n<p><span style=\"font-size: 24pt;\">Med to skudd rett foran baugen ble ruteb\u00e5ten tvunget til \u00e5 stanse for \u00e5 vende tilbake til Son med skadede soldater. <\/span><\/p>\n<p><span style=\"font-size: 24pt;\">&laquo;L\u00fctzow&raquo; hadde selv f\u00e5tt en fulltreffer fra artilleriet p\u00e5 Oscarsborg festning, og hadde flere skadede og d\u00f8de ombord.<br \/>\n<\/span><\/p>\n<p>Views: 1181<\/p>","protected":false},"excerpt":{"rendered":"<p>Et historisk fotografi. Son torg om morgenen 9. april 1940. Dette var et av de f\u00f8rste stedene der tyske soldater satte sine ben p\u00e5 norsk jord. Bak t.v.: En mann &#8230; <\/p>\n<p class=\"read-more-container\"><a title=\"82 \u00c5R SIDEN TYSKERNE GIKK I LAND\" class=\"read-more button\" href=\"https:\/\/lokalmagasinet.no\/?p=2786#more-2786\">Les mer<span class=\"screen-reader-text\">82 \u00c5R SIDEN TYSKERNE GIKK I LAND<\/span><\/a><\/p>\n","protected":false},"author":6,"featured_media":0,"comment_status":"closed","ping_status":"closed","sticky":false,"template":"","format":"standard","meta":{"footnotes":""},"categories":[7],"tags":[],"class_list":["post-2786","post","type-post","status-publish","format-standard","hentry","category-historisk-arkiv"],"yoast_head":"<!-- This site is optimized with the Yoast SEO plugin v27.4 - https:\/\/yoast.com\/product\/yoast-seo-wordpress\/ -->\n<title>82 \u00c5R SIDEN TYSKERNE GIKK I LAND | Lokalmagasinet.no<\/title>\n<meta name=\"robots\" content=\"index, follow, max-snippet:-1, max-image-preview:large, max-video-preview:-1\" \/>\n<link rel=\"canonical\" href=\"https:\/\/lokalmagasinet.no\/?p=2786\" \/>\n<meta property=\"og:locale\" content=\"nn_NO\" \/>\n<meta property=\"og:type\" content=\"article\" \/>\n<meta property=\"og:title\" content=\"82 \u00c5R SIDEN TYSKERNE GIKK I LAND | Lokalmagasinet.no\" \/>\n<meta property=\"og:description\" content=\"Et historisk fotografi. Son torg om morgenen 9. april 1940. Dette var et av de f\u00f8rste stedene der tyske soldater satte sine ben p\u00e5 norsk jord. Bak t.v.: En mann ... Les mer82 \u00c5R SIDEN TYSKERNE GIKK I LAND\" \/>\n<meta property=\"og:url\" content=\"https:\/\/lokalmagasinet.no\/?p=2786\" \/>\n<meta property=\"og:site_name\" content=\"Lokalmagasinet.no\" \/>\n<meta property=\"article:publisher\" content=\"https:\/\/www.facebook.com\/sveinharald.strand.1\" \/>\n<meta property=\"article:author\" content=\"https:\/\/www.facebook.com\/sveinharald.strand.1\" \/>\n<meta property=\"article:published_time\" content=\"2022-04-09T09:18:39+00:00\" \/>\n<meta property=\"article:modified_time\" content=\"2024-04-07T22:14:16+00:00\" \/>\n<meta property=\"og:image\" content=\"http:\/\/lokalmagasinet.no\/wp-content\/uploads\/2021\/02\/tyskere090440_800.jpg\" \/>\n<meta name=\"author\" content=\"Svein-Harald Strand\" \/>\n<meta name=\"twitter:card\" content=\"summary_large_image\" \/>\n<meta name=\"twitter:creator\" content=\"@LMExtra\" \/>\n<meta name=\"twitter:site\" content=\"@LMExtra\" \/>\n<meta name=\"twitter:label1\" content=\"Written by\" \/>\n\t<meta name=\"twitter:data1\" content=\"Svein-Harald Strand\" \/>\n\t<meta name=\"twitter:label2\" content=\"Est. reading time\" \/>\n\t<meta name=\"twitter:data2\" content=\"1 minutt\" \/>\n<script type=\"application\/ld+json\" class=\"yoast-schema-graph\">{\"@context\":\"https:\\\/\\\/schema.org\",\"@graph\":[{\"@type\":\"Article\",\"@id\":\"https:\\\/\\\/lokalmagasinet.no\\\/?p=2786#article\",\"isPartOf\":{\"@id\":\"https:\\\/\\\/lokalmagasinet.no\\\/?p=2786\"},\"author\":{\"name\":\"Svein-Harald Strand\",\"@id\":\"https:\\\/\\\/lokalmagasinet.no\\\/#\\\/schema\\\/person\\\/2e8d221708d3aaf6f577275b5bba4310\"},\"headline\":\"82 \u00c5R SIDEN TYSKERNE GIKK I LAND\",\"datePublished\":\"2022-04-09T09:18:39+00:00\",\"dateModified\":\"2024-04-07T22:14:16+00:00\",\"mainEntityOfPage\":{\"@id\":\"https:\\\/\\\/lokalmagasinet.no\\\/?p=2786\"},\"wordCount\":189,\"publisher\":{\"@id\":\"https:\\\/\\\/lokalmagasinet.no\\\/#organization\"},\"image\":{\"@id\":\"https:\\\/\\\/lokalmagasinet.no\\\/?p=2786#primaryimage\"},\"thumbnailUrl\":\"http:\\\/\\\/lokalmagasinet.no\\\/wp-content\\\/uploads\\\/2021\\\/02\\\/tyskere090440_800.jpg\",\"articleSection\":[\"Historisk\"],\"inLanguage\":\"nn-NO\"},{\"@type\":\"WebPage\",\"@id\":\"https:\\\/\\\/lokalmagasinet.no\\\/?p=2786\",\"url\":\"https:\\\/\\\/lokalmagasinet.no\\\/?p=2786\",\"name\":\"82 \u00c5R SIDEN TYSKERNE GIKK I LAND | Lokalmagasinet.no\",\"isPartOf\":{\"@id\":\"https:\\\/\\\/lokalmagasinet.no\\\/#website\"},\"primaryImageOfPage\":{\"@id\":\"https:\\\/\\\/lokalmagasinet.no\\\/?p=2786#primaryimage\"},\"image\":{\"@id\":\"https:\\\/\\\/lokalmagasinet.no\\\/?p=2786#primaryimage\"},\"thumbnailUrl\":\"http:\\\/\\\/lokalmagasinet.no\\\/wp-content\\\/uploads\\\/2021\\\/02\\\/tyskere090440_800.jpg\",\"datePublished\":\"2022-04-09T09:18:39+00:00\",\"dateModified\":\"2024-04-07T22:14:16+00:00\",\"breadcrumb\":{\"@id\":\"https:\\\/\\\/lokalmagasinet.no\\\/?p=2786#breadcrumb\"},\"inLanguage\":\"nn-NO\",\"potentialAction\":[{\"@type\":\"ReadAction\",\"target\":[\"https:\\\/\\\/lokalmagasinet.no\\\/?p=2786\"]}]},{\"@type\":\"ImageObject\",\"inLanguage\":\"nn-NO\",\"@id\":\"https:\\\/\\\/lokalmagasinet.no\\\/?p=2786#primaryimage\",\"url\":\"https:\\\/\\\/lokalmagasinet.no\\\/wp-content\\\/uploads\\\/2021\\\/02\\\/tyskere090440_800.jpg\",\"contentUrl\":\"https:\\\/\\\/lokalmagasinet.no\\\/wp-content\\\/uploads\\\/2021\\\/02\\\/tyskere090440_800.jpg\",\"width\":800,\"height\":579,\"caption\":\"ET HISTORISK BILDE: En avdeling tyske invasjonsstyrker har etablert seg p\u00e5 Son torg tidlig om morgenen 9. april 1940. Ruteb\u00e5ten \\\"Oscarsborg\\\" er blitt tvunget til \u00e5 snu og ta med seg s\u00e5rede fra \\\"Bl\u00fccher\\\" etter avgang for Oslo. Nederst t.v. en sivilist i samtale med en offiser. Og t.h.: Kj\u00f8pmann Hansens lastebil er rekvirert og lasteplanet fylt av sekker, kanskje proviant, som nok skal innover til Oslo sammen med de rundt 1000 soldatene. Trolig en infanteribataljon, som normalt best\u00e5r av 900 mann. Av disse ble et antall vaktsoldater med mer igjen i Son for \u00e5 sikre viktige offisielle funksjoner som telegrafen med telefonsentral, Bogen-bussen med garasje og tilbeh\u00f8r. Son skole med lokaler ogs\u00e5 til kommunens administrasjon var ogs\u00e5 en lokasjon som invasjonsstyrken tidlig sikret seg kontroll over. En maskingev\u00e6rpost ble etablert i 2. etasje i bolighuset p\u00e5 Alicenborg, Der hadde posten god utsikt, og kunne ogs\u00e5 kommunisere med en tilsvarende post i Kleiva\\\/Storgata.\"},{\"@type\":\"BreadcrumbList\",\"@id\":\"https:\\\/\\\/lokalmagasinet.no\\\/?p=2786#breadcrumb\",\"itemListElement\":[{\"@type\":\"ListItem\",\"position\":1,\"name\":\"Hjem\",\"item\":\"https:\\\/\\\/lokalmagasinet.no\\\/\"},{\"@type\":\"ListItem\",\"position\":2,\"name\":\"82 \u00c5R SIDEN TYSKERNE GIKK I LAND\"}]},{\"@type\":\"WebSite\",\"@id\":\"https:\\\/\\\/lokalmagasinet.no\\\/#website\",\"url\":\"https:\\\/\\\/lokalmagasinet.no\\\/\",\"name\":\"Lokalmagasinet.no\",\"description\":\"Fra fortid og n\u00e5tid. Med st\u00e5sted i det n\u00e6re. Siden 2002.\",\"publisher\":{\"@id\":\"https:\\\/\\\/lokalmagasinet.no\\\/#organization\"},\"potentialAction\":[{\"@type\":\"SearchAction\",\"target\":{\"@type\":\"EntryPoint\",\"urlTemplate\":\"https:\\\/\\\/lokalmagasinet.no\\\/?s={search_term_string}\"},\"query-input\":{\"@type\":\"PropertyValueSpecification\",\"valueRequired\":true,\"valueName\":\"search_term_string\"}}],\"inLanguage\":\"nn-NO\"},{\"@type\":\"Organization\",\"@id\":\"https:\\\/\\\/lokalmagasinet.no\\\/#organization\",\"name\":\"Lokalmagasinet.no\",\"url\":\"https:\\\/\\\/lokalmagasinet.no\\\/\",\"logo\":{\"@type\":\"ImageObject\",\"inLanguage\":\"nn-NO\",\"@id\":\"https:\\\/\\\/lokalmagasinet.no\\\/#\\\/schema\\\/logo\\\/image\\\/\",\"url\":\"https:\\\/\\\/lokalmagasinet.no\\\/wp-content\\\/uploads\\\/2021\\\/03\\\/cropped-cropped-cropped-cropped-cropped-cropped-lmlogo-e1640691300821.jpg\",\"contentUrl\":\"https:\\\/\\\/lokalmagasinet.no\\\/wp-content\\\/uploads\\\/2021\\\/03\\\/cropped-cropped-cropped-cropped-cropped-cropped-lmlogo-e1640691300821.jpg\",\"width\":72,\"height\":118,\"caption\":\"Lokalmagasinet.no\"},\"image\":{\"@id\":\"https:\\\/\\\/lokalmagasinet.no\\\/#\\\/schema\\\/logo\\\/image\\\/\"},\"sameAs\":[\"https:\\\/\\\/www.facebook.com\\\/sveinharald.strand.1\",\"https:\\\/\\\/x.com\\\/LMExtra\"]},{\"@type\":\"Person\",\"@id\":\"https:\\\/\\\/lokalmagasinet.no\\\/#\\\/schema\\\/person\\\/2e8d221708d3aaf6f577275b5bba4310\",\"name\":\"Svein-Harald Strand\",\"image\":{\"@type\":\"ImageObject\",\"inLanguage\":\"nn-NO\",\"@id\":\"https:\\\/\\\/secure.gravatar.com\\\/avatar\\\/c487434bdf6cd7c12e4a88877ae4b12c38d22b7ad64292b49d33ed7503bb7ce1?s=96&d=mm&r=g\",\"url\":\"https:\\\/\\\/secure.gravatar.com\\\/avatar\\\/c487434bdf6cd7c12e4a88877ae4b12c38d22b7ad64292b49d33ed7503bb7ce1?s=96&d=mm&r=g\",\"contentUrl\":\"https:\\\/\\\/secure.gravatar.com\\\/avatar\\\/c487434bdf6cd7c12e4a88877ae4b12c38d22b7ad64292b49d33ed7503bb7ce1?s=96&d=mm&r=g\",\"caption\":\"Svein-Harald Strand\"},\"description\":\"(F. 26.12.1945) Redakt\u00f8r, journalist og informasjonsarbeider siden 1968. ||| I 1963: Redaksjonell praktikant i 8 m\u00e5neder p\u00e5 full tid i Helgeland Arbeiderblad i hjembyen Mosj\u00f8en. ||| Arbeidende pensjonist med hjemmekontor fra 2008 (AFP) og videre som folkepensjonist til n\u00e5.\",\"sameAs\":[\"https:\\\/\\\/lokalmagasinet.no\\\/\",\"https:\\\/\\\/www.facebook.com\\\/sveinharald.strand.1\",\"https:\\\/\\\/x.com\\\/LMExtra\"],\"url\":\"https:\\\/\\\/lokalmagasinet.no\\\/?author=6\"}]}<\/script>\n<!-- \/ Yoast SEO plugin. -->","yoast_head_json":{"title":"82 \u00c5R SIDEN TYSKERNE GIKK I LAND | Lokalmagasinet.no","robots":{"index":"index","follow":"follow","max-snippet":"max-snippet:-1","max-image-preview":"max-image-preview:large","max-video-preview":"max-video-preview:-1"},"canonical":"https:\/\/lokalmagasinet.no\/?p=2786","og_locale":"nn_NO","og_type":"article","og_title":"82 \u00c5R SIDEN TYSKERNE GIKK I LAND | Lokalmagasinet.no","og_description":"Et historisk fotografi. Son torg om morgenen 9. april 1940. Dette var et av de f\u00f8rste stedene der tyske soldater satte sine ben p\u00e5 norsk jord. Bak t.v.: En mann ... Les mer82 \u00c5R SIDEN TYSKERNE GIKK I LAND","og_url":"https:\/\/lokalmagasinet.no\/?p=2786","og_site_name":"Lokalmagasinet.no","article_publisher":"https:\/\/www.facebook.com\/sveinharald.strand.1","article_author":"https:\/\/www.facebook.com\/sveinharald.strand.1","article_published_time":"2022-04-09T09:18:39+00:00","article_modified_time":"2024-04-07T22:14:16+00:00","og_image":[{"url":"http:\/\/lokalmagasinet.no\/wp-content\/uploads\/2021\/02\/tyskere090440_800.jpg","type":"","width":"","height":""}],"author":"Svein-Harald Strand","twitter_card":"summary_large_image","twitter_creator":"@LMExtra","twitter_site":"@LMExtra","twitter_misc":{"Written by":"Svein-Harald Strand","Est. reading time":"1 minutt"},"schema":{"@context":"https:\/\/schema.org","@graph":[{"@type":"Article","@id":"https:\/\/lokalmagasinet.no\/?p=2786#article","isPartOf":{"@id":"https:\/\/lokalmagasinet.no\/?p=2786"},"author":{"name":"Svein-Harald Strand","@id":"https:\/\/lokalmagasinet.no\/#\/schema\/person\/2e8d221708d3aaf6f577275b5bba4310"},"headline":"82 \u00c5R SIDEN TYSKERNE GIKK I LAND","datePublished":"2022-04-09T09:18:39+00:00","dateModified":"2024-04-07T22:14:16+00:00","mainEntityOfPage":{"@id":"https:\/\/lokalmagasinet.no\/?p=2786"},"wordCount":189,"publisher":{"@id":"https:\/\/lokalmagasinet.no\/#organization"},"image":{"@id":"https:\/\/lokalmagasinet.no\/?p=2786#primaryimage"},"thumbnailUrl":"http:\/\/lokalmagasinet.no\/wp-content\/uploads\/2021\/02\/tyskere090440_800.jpg","articleSection":["Historisk"],"inLanguage":"nn-NO"},{"@type":"WebPage","@id":"https:\/\/lokalmagasinet.no\/?p=2786","url":"https:\/\/lokalmagasinet.no\/?p=2786","name":"82 \u00c5R SIDEN TYSKERNE GIKK I LAND | Lokalmagasinet.no","isPartOf":{"@id":"https:\/\/lokalmagasinet.no\/#website"},"primaryImageOfPage":{"@id":"https:\/\/lokalmagasinet.no\/?p=2786#primaryimage"},"image":{"@id":"https:\/\/lokalmagasinet.no\/?p=2786#primaryimage"},"thumbnailUrl":"http:\/\/lokalmagasinet.no\/wp-content\/uploads\/2021\/02\/tyskere090440_800.jpg","datePublished":"2022-04-09T09:18:39+00:00","dateModified":"2024-04-07T22:14:16+00:00","breadcrumb":{"@id":"https:\/\/lokalmagasinet.no\/?p=2786#breadcrumb"},"inLanguage":"nn-NO","potentialAction":[{"@type":"ReadAction","target":["https:\/\/lokalmagasinet.no\/?p=2786"]}]},{"@type":"ImageObject","inLanguage":"nn-NO","@id":"https:\/\/lokalmagasinet.no\/?p=2786#primaryimage","url":"https:\/\/lokalmagasinet.no\/wp-content\/uploads\/2021\/02\/tyskere090440_800.jpg","contentUrl":"https:\/\/lokalmagasinet.no\/wp-content\/uploads\/2021\/02\/tyskere090440_800.jpg","width":800,"height":579,"caption":"ET HISTORISK BILDE: En avdeling tyske invasjonsstyrker har etablert seg p\u00e5 Son torg tidlig om morgenen 9. april 1940. Ruteb\u00e5ten \"Oscarsborg\" er blitt tvunget til \u00e5 snu og ta med seg s\u00e5rede fra \"Bl\u00fccher\" etter avgang for Oslo. Nederst t.v. en sivilist i samtale med en offiser. Og t.h.: Kj\u00f8pmann Hansens lastebil er rekvirert og lasteplanet fylt av sekker, kanskje proviant, som nok skal innover til Oslo sammen med de rundt 1000 soldatene. Trolig en infanteribataljon, som normalt best\u00e5r av 900 mann. Av disse ble et antall vaktsoldater med mer igjen i Son for \u00e5 sikre viktige offisielle funksjoner som telegrafen med telefonsentral, Bogen-bussen med garasje og tilbeh\u00f8r. Son skole med lokaler ogs\u00e5 til kommunens administrasjon var ogs\u00e5 en lokasjon som invasjonsstyrken tidlig sikret seg kontroll over. En maskingev\u00e6rpost ble etablert i 2. etasje i bolighuset p\u00e5 Alicenborg, Der hadde posten god utsikt, og kunne ogs\u00e5 kommunisere med en tilsvarende post i Kleiva\/Storgata."},{"@type":"BreadcrumbList","@id":"https:\/\/lokalmagasinet.no\/?p=2786#breadcrumb","itemListElement":[{"@type":"ListItem","position":1,"name":"Hjem","item":"https:\/\/lokalmagasinet.no\/"},{"@type":"ListItem","position":2,"name":"82 \u00c5R SIDEN TYSKERNE GIKK I LAND"}]},{"@type":"WebSite","@id":"https:\/\/lokalmagasinet.no\/#website","url":"https:\/\/lokalmagasinet.no\/","name":"Lokalmagasinet.no","description":"Fra fortid og n\u00e5tid. Med st\u00e5sted i det n\u00e6re. Siden 2002.","publisher":{"@id":"https:\/\/lokalmagasinet.no\/#organization"},"potentialAction":[{"@type":"SearchAction","target":{"@type":"EntryPoint","urlTemplate":"https:\/\/lokalmagasinet.no\/?s={search_term_string}"},"query-input":{"@type":"PropertyValueSpecification","valueRequired":true,"valueName":"search_term_string"}}],"inLanguage":"nn-NO"},{"@type":"Organization","@id":"https:\/\/lokalmagasinet.no\/#organization","name":"Lokalmagasinet.no","url":"https:\/\/lokalmagasinet.no\/","logo":{"@type":"ImageObject","inLanguage":"nn-NO","@id":"https:\/\/lokalmagasinet.no\/#\/schema\/logo\/image\/","url":"https:\/\/lokalmagasinet.no\/wp-content\/uploads\/2021\/03\/cropped-cropped-cropped-cropped-cropped-cropped-lmlogo-e1640691300821.jpg","contentUrl":"https:\/\/lokalmagasinet.no\/wp-content\/uploads\/2021\/03\/cropped-cropped-cropped-cropped-cropped-cropped-lmlogo-e1640691300821.jpg","width":72,"height":118,"caption":"Lokalmagasinet.no"},"image":{"@id":"https:\/\/lokalmagasinet.no\/#\/schema\/logo\/image\/"},"sameAs":["https:\/\/www.facebook.com\/sveinharald.strand.1","https:\/\/x.com\/LMExtra"]},{"@type":"Person","@id":"https:\/\/lokalmagasinet.no\/#\/schema\/person\/2e8d221708d3aaf6f577275b5bba4310","name":"Svein-Harald Strand","image":{"@type":"ImageObject","inLanguage":"nn-NO","@id":"https:\/\/secure.gravatar.com\/avatar\/c487434bdf6cd7c12e4a88877ae4b12c38d22b7ad64292b49d33ed7503bb7ce1?s=96&d=mm&r=g","url":"https:\/\/secure.gravatar.com\/avatar\/c487434bdf6cd7c12e4a88877ae4b12c38d22b7ad64292b49d33ed7503bb7ce1?s=96&d=mm&r=g","contentUrl":"https:\/\/secure.gravatar.com\/avatar\/c487434bdf6cd7c12e4a88877ae4b12c38d22b7ad64292b49d33ed7503bb7ce1?s=96&d=mm&r=g","caption":"Svein-Harald Strand"},"description":"(F. 26.12.1945) Redakt\u00f8r, journalist og informasjonsarbeider siden 1968. ||| I 1963: Redaksjonell praktikant i 8 m\u00e5neder p\u00e5 full tid i Helgeland Arbeiderblad i hjembyen Mosj\u00f8en. ||| Arbeidende pensjonist med hjemmekontor fra 2008 (AFP) og videre som folkepensjonist til n\u00e5.","sameAs":["https:\/\/lokalmagasinet.no\/","https:\/\/www.facebook.com\/sveinharald.strand.1","https:\/\/x.com\/LMExtra"],"url":"https:\/\/lokalmagasinet.no\/?author=6"}]}},"_links":{"self":[{"href":"https:\/\/lokalmagasinet.no\/index.php?rest_route=\/wp\/v2\/posts\/2786","targetHints":{"allow":["GET"]}}],"collection":[{"href":"https:\/\/lokalmagasinet.no\/index.php?rest_route=\/wp\/v2\/posts"}],"about":[{"href":"https:\/\/lokalmagasinet.no\/index.php?rest_route=\/wp\/v2\/types\/post"}],"author":[{"embeddable":true,"href":"https:\/\/lokalmagasinet.no\/index.php?rest_route=\/wp\/v2\/users\/6"}],"replies":[{"embeddable":true,"href":"https:\/\/lokalmagasinet.no\/index.php?rest_route=%2Fwp%2Fv2%2Fcomments&post=2786"}],"version-history":[{"count":13,"href":"https:\/\/lokalmagasinet.no\/index.php?rest_route=\/wp\/v2\/posts\/2786\/revisions"}],"predecessor-version":[{"id":9654,"href":"https:\/\/lokalmagasinet.no\/index.php?rest_route=\/wp\/v2\/posts\/2786\/revisions\/9654"}],"wp:attachment":[{"href":"https:\/\/lokalmagasinet.no\/index.php?rest_route=%2Fwp%2Fv2%2Fmedia&parent=2786"}],"wp:term":[{"taxonomy":"category","embeddable":true,"href":"https:\/\/lokalmagasinet.no\/index.php?rest_route=%2Fwp%2Fv2%2Fcategories&post=2786"},{"taxonomy":"post_tag","embeddable":true,"href":"https:\/\/lokalmagasinet.no\/index.php?rest_route=%2Fwp%2Fv2%2Ftags&post=2786"}],"curies":[{"name":"wp","href":"https:\/\/api.w.org\/{rel}","templated":true}]}}