{"id":27978,"date":"2025-08-01T18:24:07","date_gmt":"2025-08-01T16:24:07","guid":{"rendered":"https:\/\/lokalmagasinet.no\/?p=27978"},"modified":"2025-08-01T18:24:07","modified_gmt":"2025-08-01T16:24:07","slug":"epler-frukttraer-og-notter-pa-nottelokka","status":"publish","type":"post","link":"https:\/\/lokalmagasinet.no\/?p=27978","title":{"rendered":"Epler, frukttr\u00e6r og n\u00f8tter p\u00e5 N\u00f8ttel\u00f8kka"},"content":{"rendered":"<p><a href=\"https:\/\/lokalmagasinet.no\/?attachment_id=27982#main\" rel=\"attachment wp-att-27982\"><img loading=\"lazy\" decoding=\"async\" src=\"https:\/\/lokalmagasinet.no\/wp-content\/uploads\/2025\/08\/epleritreet17-2.jpg\" alt=\"\" width=\"800\" height=\"600\" class=\"alignnone size-full wp-image-27982\" srcset=\"https:\/\/lokalmagasinet.no\/wp-content\/uploads\/2025\/08\/epleritreet17-2.jpg 800w, https:\/\/lokalmagasinet.no\/wp-content\/uploads\/2025\/08\/epleritreet17-2-300x225.jpg 300w, https:\/\/lokalmagasinet.no\/wp-content\/uploads\/2025\/08\/epleritreet17-2-150x113.jpg 150w, https:\/\/lokalmagasinet.no\/wp-content\/uploads\/2025\/08\/epleritreet17-2-768x576.jpg 768w\" sizes=\"auto, (max-width: 800px) 100vw, 800px\" \/><\/a><\/p>\n<p>(Publisert 01.08.25) <strong>Jeg er s\u00e5 heldig at jeg har bodd p\u00e5 N\u00f8ttel\u00f8kka i Son siden p\u00e5 1980-tallet. Det var da bare huset v\u00e5rt, registrert som verneverdig objekt i den nasjonale oversikten, som sto her. Pluss et relativt stort uthus der det i gamle dager hadde v\u00e6rt dyrehold i miniformat, og med et utedo. Noen \u00e5r senere ble det satt opp to bolighus mellom oss og Skoleveien.<\/strong>   <\/p>\n<p>N\u00f8ttel\u00f8kka var opprinnelig ei relativt stor l\u00f8kke rett nedenfor gamle Son skole &#8211; med adkomst da som n\u00e5 fra Skoleveien. Men hvorfor fikk den dette navnet? <\/p>\n<p>Jo &#8211; det ga seg jo nesten selv. For det f\u00f8rste: Fra Skoleveien og ned til torget og Thorneg\u00e5rden g\u00e5r det ei gangsti nedenfor l\u00f8kka som heter Olla. Der vokste det en gang hasseln\u00f8tter. Og f\u00e5 meter fra nordsiden av huset v\u00e5rt vokser det eiken\u00f8tter. <\/p>\n<p>Det var n\u00f8ttene. Men glemmes m\u00e5 ikke frukttr\u00e6rne: To morelltr\u00e6r og et plommetre vokser p\u00e5 den vestre siden av tomta. <\/p>\n<p>PRIKKEN OVER I-EN er det flotte, gamle treet ved plenen der det vokser epler av sorten Filippa. Velsmakende epler som noen \u00e5r bare blir bedre etter hvert som det lir utp\u00e5 h\u00f8sten. P\u00e5 slutten av oktober kan du da sette tenna i dem og f\u00e5 godt med saft i munnen.       <\/p>\n<p>N\u00e5r det gjelder hvor mange epler som kan h\u00f8stes, s\u00e5 kan det variere endel fra \u00e5r til \u00e5r. Og hvis vi leser om epleh\u00f8sten i Hardanger og deromkring, s\u00e5 er det s\u00e5nn at den som regel er hos oss som den er der. <\/p>\n<p>EN GAMMEL SORT med sv\u00e6rt gode norske epler som jeg ikke husker navnet p\u00e5 i farten, de vokser p\u00e5 et ganske lite og gammelt tre ved grenselinja til naboen. Tomtegrensen tangerer stammen p\u00e5 v\u00e5r side f\u00f8r den drar seg videre i retning trappa ned til Olla.<\/p>\n<p>Epletreet st\u00e5r unektelig p\u00e5 naboens grunn. Men hva med eplene &#8211; som allerede har begynt \u00e5 falle ned? Det gj\u00f8r de i hovedsak p\u00e5 v\u00e5r grunn, der naboen st\u00e5r og legger dem i kurven.   <\/p>\n<p>Fruktig millmeter-jus er ikke min greie, s\u00e5 jeg hjelper gjerne til hvis det blir aktuelt. Honoraret kan jo bli noen eksemplarer av de erkenorske epler. <\/p>\n<p><strong>P.S.<\/strong> Halvparten av det gamle epletreet s\u00e5 inntil for et \u00e5r eller to siden ut til \u00e5 ville trekke sin siste pust; at det ville falle av hovedstammen. I alle fall med litt menneskelig hjelp. At det i stedet kom styrket ut av krisen er ikke til \u00e5 begripe. <\/p>\n<p>Leve naturen!<\/p>\n<p><em>oopserver<\/em><\/p>\n<p>Views: 154<\/p>","protected":false},"excerpt":{"rendered":"<p>(Publisert 01.08.25) Jeg er s\u00e5 heldig at jeg har bodd p\u00e5 N\u00f8ttel\u00f8kka i Son siden p\u00e5 1980-tallet. Det var da bare huset v\u00e5rt, registrert som verneverdig objekt i den nasjonale &#8230; <\/p>\n<p class=\"read-more-container\"><a title=\"Epler, frukttr\u00e6r og n\u00f8tter p\u00e5 N\u00f8ttel\u00f8kka\" class=\"read-more button\" href=\"https:\/\/lokalmagasinet.no\/?p=27978#more-27978\">Les mer<span class=\"screen-reader-text\">Epler, frukttr\u00e6r og n\u00f8tter p\u00e5 N\u00f8ttel\u00f8kka<\/span><\/a><\/p>\n","protected":false},"author":6,"featured_media":0,"comment_status":"closed","ping_status":"closed","sticky":false,"template":"","format":"standard","meta":{"footnotes":""},"categories":[1],"tags":[],"class_list":["post-27978","post","type-post","status-publish","format-standard","hentry","category-aktuelt"],"yoast_head":"<!-- This site is optimized with the Yoast SEO plugin v27.4 - https:\/\/yoast.com\/product\/yoast-seo-wordpress\/ -->\n<title>Epler, frukttr\u00e6r og n\u00f8tter p\u00e5 N\u00f8ttel\u00f8kka | Lokalmagasinet.no<\/title>\n<meta name=\"robots\" content=\"index, follow, max-snippet:-1, max-image-preview:large, max-video-preview:-1\" \/>\n<link rel=\"canonical\" href=\"https:\/\/lokalmagasinet.no\/?p=27978\" \/>\n<meta property=\"og:locale\" content=\"nn_NO\" \/>\n<meta property=\"og:type\" content=\"article\" \/>\n<meta property=\"og:title\" content=\"Epler, frukttr\u00e6r og n\u00f8tter p\u00e5 N\u00f8ttel\u00f8kka | Lokalmagasinet.no\" \/>\n<meta property=\"og:description\" content=\"(Publisert 01.08.25) Jeg er s\u00e5 heldig at jeg har bodd p\u00e5 N\u00f8ttel\u00f8kka i Son siden p\u00e5 1980-tallet. Det var da bare huset v\u00e5rt, registrert som verneverdig objekt i den nasjonale ... Les merEpler, frukttr\u00e6r og n\u00f8tter p\u00e5 N\u00f8ttel\u00f8kka\" \/>\n<meta property=\"og:url\" content=\"https:\/\/lokalmagasinet.no\/?p=27978\" \/>\n<meta property=\"og:site_name\" content=\"Lokalmagasinet.no\" \/>\n<meta property=\"article:publisher\" content=\"https:\/\/www.facebook.com\/sveinharald.strand.1\" \/>\n<meta property=\"article:author\" content=\"https:\/\/www.facebook.com\/sveinharald.strand.1\" \/>\n<meta property=\"article:published_time\" content=\"2025-08-01T16:24:07+00:00\" \/>\n<meta property=\"og:image\" content=\"https:\/\/lokalmagasinet.no\/wp-content\/uploads\/2025\/08\/epleritreet17-2.jpg\" \/>\n\t<meta property=\"og:image:width\" content=\"800\" \/>\n\t<meta property=\"og:image:height\" content=\"600\" \/>\n\t<meta property=\"og:image:type\" content=\"image\/jpeg\" \/>\n<meta name=\"author\" content=\"Svein-Harald Strand\" \/>\n<meta name=\"twitter:card\" content=\"summary_large_image\" \/>\n<meta name=\"twitter:creator\" content=\"@LMExtra\" \/>\n<meta name=\"twitter:site\" content=\"@LMExtra\" \/>\n<meta name=\"twitter:label1\" content=\"Written by\" \/>\n\t<meta name=\"twitter:data1\" content=\"Svein-Harald Strand\" \/>\n\t<meta name=\"twitter:label2\" content=\"Est. reading time\" \/>\n\t<meta name=\"twitter:data2\" content=\"2 minutt\" \/>\n<script type=\"application\/ld+json\" class=\"yoast-schema-graph\">{\"@context\":\"https:\\\/\\\/schema.org\",\"@graph\":[{\"@type\":\"Article\",\"@id\":\"https:\\\/\\\/lokalmagasinet.no\\\/?p=27978#article\",\"isPartOf\":{\"@id\":\"https:\\\/\\\/lokalmagasinet.no\\\/?p=27978\"},\"author\":{\"name\":\"Svein-Harald Strand\",\"@id\":\"https:\\\/\\\/lokalmagasinet.no\\\/#\\\/schema\\\/person\\\/2e8d221708d3aaf6f577275b5bba4310\"},\"headline\":\"Epler, frukttr\u00e6r og n\u00f8tter p\u00e5 N\u00f8ttel\u00f8kka\",\"datePublished\":\"2025-08-01T16:24:07+00:00\",\"mainEntityOfPage\":{\"@id\":\"https:\\\/\\\/lokalmagasinet.no\\\/?p=27978\"},\"wordCount\":443,\"publisher\":{\"@id\":\"https:\\\/\\\/lokalmagasinet.no\\\/#organization\"},\"image\":{\"@id\":\"https:\\\/\\\/lokalmagasinet.no\\\/?p=27978#primaryimage\"},\"thumbnailUrl\":\"https:\\\/\\\/lokalmagasinet.no\\\/wp-content\\\/uploads\\\/2025\\\/08\\\/epleritreet17-2.jpg\",\"articleSection\":[\"Aktuelt\"],\"inLanguage\":\"nn-NO\"},{\"@type\":\"WebPage\",\"@id\":\"https:\\\/\\\/lokalmagasinet.no\\\/?p=27978\",\"url\":\"https:\\\/\\\/lokalmagasinet.no\\\/?p=27978\",\"name\":\"Epler, frukttr\u00e6r og n\u00f8tter p\u00e5 N\u00f8ttel\u00f8kka | Lokalmagasinet.no\",\"isPartOf\":{\"@id\":\"https:\\\/\\\/lokalmagasinet.no\\\/#website\"},\"primaryImageOfPage\":{\"@id\":\"https:\\\/\\\/lokalmagasinet.no\\\/?p=27978#primaryimage\"},\"image\":{\"@id\":\"https:\\\/\\\/lokalmagasinet.no\\\/?p=27978#primaryimage\"},\"thumbnailUrl\":\"https:\\\/\\\/lokalmagasinet.no\\\/wp-content\\\/uploads\\\/2025\\\/08\\\/epleritreet17-2.jpg\",\"datePublished\":\"2025-08-01T16:24:07+00:00\",\"breadcrumb\":{\"@id\":\"https:\\\/\\\/lokalmagasinet.no\\\/?p=27978#breadcrumb\"},\"inLanguage\":\"nn-NO\",\"potentialAction\":[{\"@type\":\"ReadAction\",\"target\":[\"https:\\\/\\\/lokalmagasinet.no\\\/?p=27978\"]}]},{\"@type\":\"ImageObject\",\"inLanguage\":\"nn-NO\",\"@id\":\"https:\\\/\\\/lokalmagasinet.no\\\/?p=27978#primaryimage\",\"url\":\"https:\\\/\\\/lokalmagasinet.no\\\/wp-content\\\/uploads\\\/2025\\\/08\\\/epleritreet17-2.jpg\",\"contentUrl\":\"https:\\\/\\\/lokalmagasinet.no\\\/wp-content\\\/uploads\\\/2025\\\/08\\\/epleritreet17-2.jpg\",\"width\":800,\"height\":600},{\"@type\":\"BreadcrumbList\",\"@id\":\"https:\\\/\\\/lokalmagasinet.no\\\/?p=27978#breadcrumb\",\"itemListElement\":[{\"@type\":\"ListItem\",\"position\":1,\"name\":\"Hjem\",\"item\":\"https:\\\/\\\/lokalmagasinet.no\\\/\"},{\"@type\":\"ListItem\",\"position\":2,\"name\":\"Epler, frukttr\u00e6r og n\u00f8tter p\u00e5 N\u00f8ttel\u00f8kka\"}]},{\"@type\":\"WebSite\",\"@id\":\"https:\\\/\\\/lokalmagasinet.no\\\/#website\",\"url\":\"https:\\\/\\\/lokalmagasinet.no\\\/\",\"name\":\"Lokalmagasinet.no\",\"description\":\"Fra fortid og n\u00e5tid. Med st\u00e5sted i det n\u00e6re. Siden 2002.\",\"publisher\":{\"@id\":\"https:\\\/\\\/lokalmagasinet.no\\\/#organization\"},\"potentialAction\":[{\"@type\":\"SearchAction\",\"target\":{\"@type\":\"EntryPoint\",\"urlTemplate\":\"https:\\\/\\\/lokalmagasinet.no\\\/?s={search_term_string}\"},\"query-input\":{\"@type\":\"PropertyValueSpecification\",\"valueRequired\":true,\"valueName\":\"search_term_string\"}}],\"inLanguage\":\"nn-NO\"},{\"@type\":\"Organization\",\"@id\":\"https:\\\/\\\/lokalmagasinet.no\\\/#organization\",\"name\":\"Lokalmagasinet.no\",\"url\":\"https:\\\/\\\/lokalmagasinet.no\\\/\",\"logo\":{\"@type\":\"ImageObject\",\"inLanguage\":\"nn-NO\",\"@id\":\"https:\\\/\\\/lokalmagasinet.no\\\/#\\\/schema\\\/logo\\\/image\\\/\",\"url\":\"https:\\\/\\\/lokalmagasinet.no\\\/wp-content\\\/uploads\\\/2021\\\/03\\\/cropped-cropped-cropped-cropped-cropped-cropped-lmlogo-e1640691300821.jpg\",\"contentUrl\":\"https:\\\/\\\/lokalmagasinet.no\\\/wp-content\\\/uploads\\\/2021\\\/03\\\/cropped-cropped-cropped-cropped-cropped-cropped-lmlogo-e1640691300821.jpg\",\"width\":72,\"height\":118,\"caption\":\"Lokalmagasinet.no\"},\"image\":{\"@id\":\"https:\\\/\\\/lokalmagasinet.no\\\/#\\\/schema\\\/logo\\\/image\\\/\"},\"sameAs\":[\"https:\\\/\\\/www.facebook.com\\\/sveinharald.strand.1\",\"https:\\\/\\\/x.com\\\/LMExtra\"]},{\"@type\":\"Person\",\"@id\":\"https:\\\/\\\/lokalmagasinet.no\\\/#\\\/schema\\\/person\\\/2e8d221708d3aaf6f577275b5bba4310\",\"name\":\"Svein-Harald Strand\",\"image\":{\"@type\":\"ImageObject\",\"inLanguage\":\"nn-NO\",\"@id\":\"https:\\\/\\\/secure.gravatar.com\\\/avatar\\\/c487434bdf6cd7c12e4a88877ae4b12c38d22b7ad64292b49d33ed7503bb7ce1?s=96&d=mm&r=g\",\"url\":\"https:\\\/\\\/secure.gravatar.com\\\/avatar\\\/c487434bdf6cd7c12e4a88877ae4b12c38d22b7ad64292b49d33ed7503bb7ce1?s=96&d=mm&r=g\",\"contentUrl\":\"https:\\\/\\\/secure.gravatar.com\\\/avatar\\\/c487434bdf6cd7c12e4a88877ae4b12c38d22b7ad64292b49d33ed7503bb7ce1?s=96&d=mm&r=g\",\"caption\":\"Svein-Harald Strand\"},\"description\":\"(F. 26.12.1945) Redakt\u00f8r, journalist og informasjonsarbeider siden 1968. ||| I 1963: Redaksjonell praktikant i 8 m\u00e5neder p\u00e5 full tid i Helgeland Arbeiderblad i hjembyen Mosj\u00f8en. ||| Arbeidende pensjonist med hjemmekontor fra 2008 (AFP) og videre som folkepensjonist til n\u00e5.\",\"sameAs\":[\"https:\\\/\\\/lokalmagasinet.no\\\/\",\"https:\\\/\\\/www.facebook.com\\\/sveinharald.strand.1\",\"https:\\\/\\\/x.com\\\/LMExtra\"],\"url\":\"https:\\\/\\\/lokalmagasinet.no\\\/?author=6\"}]}<\/script>\n<!-- \/ Yoast SEO plugin. -->","yoast_head_json":{"title":"Epler, frukttr\u00e6r og n\u00f8tter p\u00e5 N\u00f8ttel\u00f8kka | Lokalmagasinet.no","robots":{"index":"index","follow":"follow","max-snippet":"max-snippet:-1","max-image-preview":"max-image-preview:large","max-video-preview":"max-video-preview:-1"},"canonical":"https:\/\/lokalmagasinet.no\/?p=27978","og_locale":"nn_NO","og_type":"article","og_title":"Epler, frukttr\u00e6r og n\u00f8tter p\u00e5 N\u00f8ttel\u00f8kka | Lokalmagasinet.no","og_description":"(Publisert 01.08.25) Jeg er s\u00e5 heldig at jeg har bodd p\u00e5 N\u00f8ttel\u00f8kka i Son siden p\u00e5 1980-tallet. Det var da bare huset v\u00e5rt, registrert som verneverdig objekt i den nasjonale ... Les merEpler, frukttr\u00e6r og n\u00f8tter p\u00e5 N\u00f8ttel\u00f8kka","og_url":"https:\/\/lokalmagasinet.no\/?p=27978","og_site_name":"Lokalmagasinet.no","article_publisher":"https:\/\/www.facebook.com\/sveinharald.strand.1","article_author":"https:\/\/www.facebook.com\/sveinharald.strand.1","article_published_time":"2025-08-01T16:24:07+00:00","og_image":[{"width":800,"height":600,"url":"https:\/\/lokalmagasinet.no\/wp-content\/uploads\/2025\/08\/epleritreet17-2.jpg","type":"image\/jpeg"}],"author":"Svein-Harald Strand","twitter_card":"summary_large_image","twitter_creator":"@LMExtra","twitter_site":"@LMExtra","twitter_misc":{"Written by":"Svein-Harald Strand","Est. reading time":"2 minutt"},"schema":{"@context":"https:\/\/schema.org","@graph":[{"@type":"Article","@id":"https:\/\/lokalmagasinet.no\/?p=27978#article","isPartOf":{"@id":"https:\/\/lokalmagasinet.no\/?p=27978"},"author":{"name":"Svein-Harald Strand","@id":"https:\/\/lokalmagasinet.no\/#\/schema\/person\/2e8d221708d3aaf6f577275b5bba4310"},"headline":"Epler, frukttr\u00e6r og n\u00f8tter p\u00e5 N\u00f8ttel\u00f8kka","datePublished":"2025-08-01T16:24:07+00:00","mainEntityOfPage":{"@id":"https:\/\/lokalmagasinet.no\/?p=27978"},"wordCount":443,"publisher":{"@id":"https:\/\/lokalmagasinet.no\/#organization"},"image":{"@id":"https:\/\/lokalmagasinet.no\/?p=27978#primaryimage"},"thumbnailUrl":"https:\/\/lokalmagasinet.no\/wp-content\/uploads\/2025\/08\/epleritreet17-2.jpg","articleSection":["Aktuelt"],"inLanguage":"nn-NO"},{"@type":"WebPage","@id":"https:\/\/lokalmagasinet.no\/?p=27978","url":"https:\/\/lokalmagasinet.no\/?p=27978","name":"Epler, frukttr\u00e6r og n\u00f8tter p\u00e5 N\u00f8ttel\u00f8kka | Lokalmagasinet.no","isPartOf":{"@id":"https:\/\/lokalmagasinet.no\/#website"},"primaryImageOfPage":{"@id":"https:\/\/lokalmagasinet.no\/?p=27978#primaryimage"},"image":{"@id":"https:\/\/lokalmagasinet.no\/?p=27978#primaryimage"},"thumbnailUrl":"https:\/\/lokalmagasinet.no\/wp-content\/uploads\/2025\/08\/epleritreet17-2.jpg","datePublished":"2025-08-01T16:24:07+00:00","breadcrumb":{"@id":"https:\/\/lokalmagasinet.no\/?p=27978#breadcrumb"},"inLanguage":"nn-NO","potentialAction":[{"@type":"ReadAction","target":["https:\/\/lokalmagasinet.no\/?p=27978"]}]},{"@type":"ImageObject","inLanguage":"nn-NO","@id":"https:\/\/lokalmagasinet.no\/?p=27978#primaryimage","url":"https:\/\/lokalmagasinet.no\/wp-content\/uploads\/2025\/08\/epleritreet17-2.jpg","contentUrl":"https:\/\/lokalmagasinet.no\/wp-content\/uploads\/2025\/08\/epleritreet17-2.jpg","width":800,"height":600},{"@type":"BreadcrumbList","@id":"https:\/\/lokalmagasinet.no\/?p=27978#breadcrumb","itemListElement":[{"@type":"ListItem","position":1,"name":"Hjem","item":"https:\/\/lokalmagasinet.no\/"},{"@type":"ListItem","position":2,"name":"Epler, frukttr\u00e6r og n\u00f8tter p\u00e5 N\u00f8ttel\u00f8kka"}]},{"@type":"WebSite","@id":"https:\/\/lokalmagasinet.no\/#website","url":"https:\/\/lokalmagasinet.no\/","name":"Lokalmagasinet.no","description":"Fra fortid og n\u00e5tid. Med st\u00e5sted i det n\u00e6re. Siden 2002.","publisher":{"@id":"https:\/\/lokalmagasinet.no\/#organization"},"potentialAction":[{"@type":"SearchAction","target":{"@type":"EntryPoint","urlTemplate":"https:\/\/lokalmagasinet.no\/?s={search_term_string}"},"query-input":{"@type":"PropertyValueSpecification","valueRequired":true,"valueName":"search_term_string"}}],"inLanguage":"nn-NO"},{"@type":"Organization","@id":"https:\/\/lokalmagasinet.no\/#organization","name":"Lokalmagasinet.no","url":"https:\/\/lokalmagasinet.no\/","logo":{"@type":"ImageObject","inLanguage":"nn-NO","@id":"https:\/\/lokalmagasinet.no\/#\/schema\/logo\/image\/","url":"https:\/\/lokalmagasinet.no\/wp-content\/uploads\/2021\/03\/cropped-cropped-cropped-cropped-cropped-cropped-lmlogo-e1640691300821.jpg","contentUrl":"https:\/\/lokalmagasinet.no\/wp-content\/uploads\/2021\/03\/cropped-cropped-cropped-cropped-cropped-cropped-lmlogo-e1640691300821.jpg","width":72,"height":118,"caption":"Lokalmagasinet.no"},"image":{"@id":"https:\/\/lokalmagasinet.no\/#\/schema\/logo\/image\/"},"sameAs":["https:\/\/www.facebook.com\/sveinharald.strand.1","https:\/\/x.com\/LMExtra"]},{"@type":"Person","@id":"https:\/\/lokalmagasinet.no\/#\/schema\/person\/2e8d221708d3aaf6f577275b5bba4310","name":"Svein-Harald Strand","image":{"@type":"ImageObject","inLanguage":"nn-NO","@id":"https:\/\/secure.gravatar.com\/avatar\/c487434bdf6cd7c12e4a88877ae4b12c38d22b7ad64292b49d33ed7503bb7ce1?s=96&d=mm&r=g","url":"https:\/\/secure.gravatar.com\/avatar\/c487434bdf6cd7c12e4a88877ae4b12c38d22b7ad64292b49d33ed7503bb7ce1?s=96&d=mm&r=g","contentUrl":"https:\/\/secure.gravatar.com\/avatar\/c487434bdf6cd7c12e4a88877ae4b12c38d22b7ad64292b49d33ed7503bb7ce1?s=96&d=mm&r=g","caption":"Svein-Harald Strand"},"description":"(F. 26.12.1945) Redakt\u00f8r, journalist og informasjonsarbeider siden 1968. ||| I 1963: Redaksjonell praktikant i 8 m\u00e5neder p\u00e5 full tid i Helgeland Arbeiderblad i hjembyen Mosj\u00f8en. ||| Arbeidende pensjonist med hjemmekontor fra 2008 (AFP) og videre som folkepensjonist til n\u00e5.","sameAs":["https:\/\/lokalmagasinet.no\/","https:\/\/www.facebook.com\/sveinharald.strand.1","https:\/\/x.com\/LMExtra"],"url":"https:\/\/lokalmagasinet.no\/?author=6"}]}},"_links":{"self":[{"href":"https:\/\/lokalmagasinet.no\/index.php?rest_route=\/wp\/v2\/posts\/27978","targetHints":{"allow":["GET"]}}],"collection":[{"href":"https:\/\/lokalmagasinet.no\/index.php?rest_route=\/wp\/v2\/posts"}],"about":[{"href":"https:\/\/lokalmagasinet.no\/index.php?rest_route=\/wp\/v2\/types\/post"}],"author":[{"embeddable":true,"href":"https:\/\/lokalmagasinet.no\/index.php?rest_route=\/wp\/v2\/users\/6"}],"replies":[{"embeddable":true,"href":"https:\/\/lokalmagasinet.no\/index.php?rest_route=%2Fwp%2Fv2%2Fcomments&post=27978"}],"version-history":[{"count":8,"href":"https:\/\/lokalmagasinet.no\/index.php?rest_route=\/wp\/v2\/posts\/27978\/revisions"}],"predecessor-version":[{"id":27987,"href":"https:\/\/lokalmagasinet.no\/index.php?rest_route=\/wp\/v2\/posts\/27978\/revisions\/27987"}],"wp:attachment":[{"href":"https:\/\/lokalmagasinet.no\/index.php?rest_route=%2Fwp%2Fv2%2Fmedia&parent=27978"}],"wp:term":[{"taxonomy":"category","embeddable":true,"href":"https:\/\/lokalmagasinet.no\/index.php?rest_route=%2Fwp%2Fv2%2Fcategories&post=27978"},{"taxonomy":"post_tag","embeddable":true,"href":"https:\/\/lokalmagasinet.no\/index.php?rest_route=%2Fwp%2Fv2%2Ftags&post=27978"}],"curies":[{"name":"wp","href":"https:\/\/api.w.org\/{rel}","templated":true}]}}