{"id":3805,"date":"2021-05-25T12:49:26","date_gmt":"2021-05-25T10:49:26","guid":{"rendered":"http:\/\/lokalmagasinet.no\/?p=3805"},"modified":"2021-06-03T12:13:57","modified_gmt":"2021-06-03T10:13:57","slug":"analyse-utfordringer-med-nettsiden","status":"publish","type":"post","link":"https:\/\/lokalmagasinet.no\/?p=3805","title":{"rendered":"Analyse: &laquo;Utfordringer med nettsiden&raquo;"},"content":{"rendered":"<p><img loading=\"lazy\" decoding=\"async\" class=\"alignnone size-full wp-image-2942 alignleft\" src=\"http:\/\/lokalmagasinet.no\/wp-content\/uploads\/2021\/04\/wwwbilde_200.jpg\" alt=\"\" width=\"200\" height=\"150\" \/><\/p>\n<p>(25.05.21) <strong><span style=\"font-size: 14pt;\">En uavhengig analyse av LMs nye publiseringsl\u00f8sning avdekket &laquo;utfordringer med nettsiden&raquo;. Den viktigste er at, sitat: <em>&laquo;WordPress er satt til https, samtidig som domene\/hosting ikke har et SSL-sertifikat.&raquo;<\/em><\/span><\/strong><\/p>\n<p>&nbsp;<\/p>\n<p><span style=\"font-size: 14pt;\">Det er dette som gj\u00f8r at nettleseren merker siden som utrygg og gj\u00f8r det vanskeligere for brukerne \u00e5 f\u00e5 tilgang. Dessverre er det mange som har opplevd og fortsatt opplever dette. Uten at det st\u00e5r rett ut i analysens Del 1, s\u00e5 er det \u00e5penbart at problemet gjelder &#8211; eller prim\u00e6rt &#8211; for brukere p\u00e5 mobile plattformer.<br \/>\n<\/span><\/p>\n<p><span style=\"font-size: 14pt;\">Del 2 &#8211; utf\u00f8rt av en uavhengig nettrobot &#8211; p\u00e5peker at <em>&laquo;siden ikke er optimalisert fra et On-Page SEO-perspektiv.&raquo;<\/em> For oss som ikke er fortrolig med dataspr\u00e5ket: On-Page-SEO er viktig for \u00e5 sikre at s\u00f8kemotorer kan forst\u00e5 innholdet p\u00e5 siden riktig. Som \u00e5 hjelpe med \u00e5 rangere dette etter relevante s\u00f8keord. <\/span><\/p>\n<p><span style=\"font-size: 14pt;\">N\u00e5r det gjelder URL-lenkene v\u00e5re, p\u00e5pekes det at 13 prosent av dem sender brukeren til andre nettsteder. <\/span><\/p>\n<p><span style=\"font-size: 14pt;\"><strong>Og dette er kraftig kost: Noen av URL-ene <em>&laquo;ser ikke ut til \u00e5 v\u00e6re vennlige for mennesker eller s\u00f8kemotorer.&raquo;<\/em><\/strong><br \/>\n<\/span><\/p>\n<p><span style=\"font-size: 14pt;\">Avsnittet Brukervennlighet og ytelse f\u00f8lger opp med \u00e5 sl\u00e5 fast at siden har problemer med brukervennlighet <em>&laquo;p\u00e5 tvers av enheter&raquo;.<\/em> <\/span><\/p>\n<p><span style=\"font-size: 14pt;\">Dette var en gjennomgang av de sentrale funnene i analysen, som er levert av to BI-studenter etter avtale. <\/span><\/p>\n<p><span style=\"font-size: 14pt;\"><strong>De kommer ogs\u00e5 med noen forslag som vil gi Lokalmagasinet &laquo;en mer moderne nettside&raquo;, som det vil v\u00e6re lettere for brukerne \u00e5 &laquo;navigere&raquo; i.<\/strong> <\/span><\/p>\n<p><span style=\"font-size: 14pt;\">Det vises til to egne arbeider levert p\u00e5 WordPress-plattform, og ett som er under utvikling p\u00e5 en annen plattform. Vi ser i dag n\u00e6rmere p\u00e5 disse referansene, og vil ogs\u00e5 sette opp noen merknader til deler av analysen, basert <\/span><span style=\"font-size: 14pt;\">p\u00e5 hvilken type nettsted LM har v\u00e6rt og fortsatt skal v\u00e6re.<\/span><\/p>\n<p><span style=\"font-size: 14pt;\">For \u00f8vrig fortsetter &#8211; med ekstern bistand p\u00e5 deltid &#8211; arbeidet med det som er mulig \u00e5 rette og justere p\u00e5 innstillinger og annet. Forslag om &laquo;en mer moderne nettside&raquo; vil det ikke bli tatt noen beslutning om f\u00f8r dette arbeidet er ferdig.\u00a0<\/span><\/p>\n<p>&nbsp;<\/p>\n<p>&nbsp;<\/p>\n<p>&nbsp;<\/p>\n<p>&nbsp;<\/p>\n<p>Views: 1191<\/p>","protected":false},"excerpt":{"rendered":"<p>(25.05.21) En uavhengig analyse av LMs nye publiseringsl\u00f8sning avdekket &laquo;utfordringer med nettsiden&raquo;. Den viktigste er at, sitat: &laquo;WordPress er satt til https, samtidig som domene\/hosting ikke har et SSL-sertifikat.&raquo; &nbsp; &#8230; <\/p>\n<p class=\"read-more-container\"><a title=\"Analyse: &laquo;Utfordringer med nettsiden&raquo;\" class=\"read-more button\" href=\"https:\/\/lokalmagasinet.no\/?p=3805#more-3805\">Les mer<span class=\"screen-reader-text\">Analyse: &laquo;Utfordringer med nettsiden&raquo;<\/span><\/a><\/p>\n","protected":false},"author":6,"featured_media":0,"comment_status":"closed","ping_status":"open","sticky":false,"template":"","format":"standard","meta":{"footnotes":""},"categories":[1],"tags":[],"class_list":["post-3805","post","type-post","status-publish","format-standard","hentry","category-aktuelt"],"yoast_head":"<!-- This site is optimized with the Yoast SEO plugin v27.4 - https:\/\/yoast.com\/product\/yoast-seo-wordpress\/ -->\n<title>Analyse: &quot;Utfordringer med nettsiden&quot; | Lokalmagasinet.no<\/title>\n<meta name=\"robots\" content=\"index, follow, max-snippet:-1, max-image-preview:large, max-video-preview:-1\" \/>\n<link rel=\"canonical\" href=\"https:\/\/lokalmagasinet.no\/?p=3805\" \/>\n<meta property=\"og:locale\" content=\"nn_NO\" \/>\n<meta property=\"og:type\" content=\"article\" \/>\n<meta property=\"og:title\" content=\"Analyse: &quot;Utfordringer med nettsiden&quot; | Lokalmagasinet.no\" \/>\n<meta property=\"og:description\" content=\"(25.05.21) En uavhengig analyse av LMs nye publiseringsl\u00f8sning avdekket &laquo;utfordringer med nettsiden&raquo;. Den viktigste er at, sitat: &laquo;WordPress er satt til https, samtidig som domene\/hosting ikke har et SSL-sertifikat.&raquo; &nbsp; ... Les merAnalyse: &laquo;Utfordringer med nettsiden&raquo;\" \/>\n<meta property=\"og:url\" content=\"https:\/\/lokalmagasinet.no\/?p=3805\" \/>\n<meta property=\"og:site_name\" content=\"Lokalmagasinet.no\" \/>\n<meta property=\"article:publisher\" content=\"https:\/\/www.facebook.com\/sveinharald.strand.1\" \/>\n<meta property=\"article:author\" content=\"https:\/\/www.facebook.com\/sveinharald.strand.1\" \/>\n<meta property=\"article:published_time\" content=\"2021-05-25T10:49:26+00:00\" \/>\n<meta property=\"article:modified_time\" content=\"2021-06-03T10:13:57+00:00\" \/>\n<meta property=\"og:image\" content=\"http:\/\/lokalmagasinet.no\/wp-content\/uploads\/2021\/04\/wwwbilde_200.jpg\" \/>\n<meta name=\"author\" content=\"Svein-Harald Strand\" \/>\n<meta name=\"twitter:card\" content=\"summary_large_image\" \/>\n<meta name=\"twitter:creator\" content=\"@LMExtra\" \/>\n<meta name=\"twitter:site\" content=\"@LMExtra\" \/>\n<meta name=\"twitter:label1\" content=\"Written by\" \/>\n\t<meta name=\"twitter:data1\" content=\"Svein-Harald Strand\" \/>\n\t<meta name=\"twitter:label2\" content=\"Est. reading time\" \/>\n\t<meta name=\"twitter:data2\" content=\"2 minutt\" \/>\n<script type=\"application\/ld+json\" class=\"yoast-schema-graph\">{\"@context\":\"https:\\\/\\\/schema.org\",\"@graph\":[{\"@type\":\"Article\",\"@id\":\"https:\\\/\\\/lokalmagasinet.no\\\/?p=3805#article\",\"isPartOf\":{\"@id\":\"https:\\\/\\\/lokalmagasinet.no\\\/?p=3805\"},\"author\":{\"name\":\"Svein-Harald Strand\",\"@id\":\"https:\\\/\\\/lokalmagasinet.no\\\/#\\\/schema\\\/person\\\/2e8d221708d3aaf6f577275b5bba4310\"},\"headline\":\"Analyse: &laquo;Utfordringer med nettsiden&raquo;\",\"datePublished\":\"2021-05-25T10:49:26+00:00\",\"dateModified\":\"2021-06-03T10:13:57+00:00\",\"mainEntityOfPage\":{\"@id\":\"https:\\\/\\\/lokalmagasinet.no\\\/?p=3805\"},\"wordCount\":347,\"publisher\":{\"@id\":\"https:\\\/\\\/lokalmagasinet.no\\\/#organization\"},\"image\":{\"@id\":\"https:\\\/\\\/lokalmagasinet.no\\\/?p=3805#primaryimage\"},\"thumbnailUrl\":\"http:\\\/\\\/lokalmagasinet.no\\\/wp-content\\\/uploads\\\/2021\\\/04\\\/wwwbilde_200.jpg\",\"articleSection\":[\"Aktuelt\"],\"inLanguage\":\"nn-NO\"},{\"@type\":\"WebPage\",\"@id\":\"https:\\\/\\\/lokalmagasinet.no\\\/?p=3805\",\"url\":\"https:\\\/\\\/lokalmagasinet.no\\\/?p=3805\",\"name\":\"Analyse: \\\"Utfordringer med nettsiden\\\" | Lokalmagasinet.no\",\"isPartOf\":{\"@id\":\"https:\\\/\\\/lokalmagasinet.no\\\/#website\"},\"primaryImageOfPage\":{\"@id\":\"https:\\\/\\\/lokalmagasinet.no\\\/?p=3805#primaryimage\"},\"image\":{\"@id\":\"https:\\\/\\\/lokalmagasinet.no\\\/?p=3805#primaryimage\"},\"thumbnailUrl\":\"http:\\\/\\\/lokalmagasinet.no\\\/wp-content\\\/uploads\\\/2021\\\/04\\\/wwwbilde_200.jpg\",\"datePublished\":\"2021-05-25T10:49:26+00:00\",\"dateModified\":\"2021-06-03T10:13:57+00:00\",\"breadcrumb\":{\"@id\":\"https:\\\/\\\/lokalmagasinet.no\\\/?p=3805#breadcrumb\"},\"inLanguage\":\"nn-NO\",\"potentialAction\":[{\"@type\":\"ReadAction\",\"target\":[\"https:\\\/\\\/lokalmagasinet.no\\\/?p=3805\"]}]},{\"@type\":\"ImageObject\",\"inLanguage\":\"nn-NO\",\"@id\":\"https:\\\/\\\/lokalmagasinet.no\\\/?p=3805#primaryimage\",\"url\":\"https:\\\/\\\/lokalmagasinet.no\\\/wp-content\\\/uploads\\\/2021\\\/04\\\/wwwbilde_200.jpg\",\"contentUrl\":\"https:\\\/\\\/lokalmagasinet.no\\\/wp-content\\\/uploads\\\/2021\\\/04\\\/wwwbilde_200.jpg\",\"width\":200,\"height\":150},{\"@type\":\"BreadcrumbList\",\"@id\":\"https:\\\/\\\/lokalmagasinet.no\\\/?p=3805#breadcrumb\",\"itemListElement\":[{\"@type\":\"ListItem\",\"position\":1,\"name\":\"Hjem\",\"item\":\"https:\\\/\\\/lokalmagasinet.no\\\/\"},{\"@type\":\"ListItem\",\"position\":2,\"name\":\"Analyse: &#8220;Utfordringer med nettsiden&#8221;\"}]},{\"@type\":\"WebSite\",\"@id\":\"https:\\\/\\\/lokalmagasinet.no\\\/#website\",\"url\":\"https:\\\/\\\/lokalmagasinet.no\\\/\",\"name\":\"Lokalmagasinet.no\",\"description\":\"Fra fortid og n\u00e5tid. Med st\u00e5sted i det n\u00e6re. Siden 2002.\",\"publisher\":{\"@id\":\"https:\\\/\\\/lokalmagasinet.no\\\/#organization\"},\"potentialAction\":[{\"@type\":\"SearchAction\",\"target\":{\"@type\":\"EntryPoint\",\"urlTemplate\":\"https:\\\/\\\/lokalmagasinet.no\\\/?s={search_term_string}\"},\"query-input\":{\"@type\":\"PropertyValueSpecification\",\"valueRequired\":true,\"valueName\":\"search_term_string\"}}],\"inLanguage\":\"nn-NO\"},{\"@type\":\"Organization\",\"@id\":\"https:\\\/\\\/lokalmagasinet.no\\\/#organization\",\"name\":\"Lokalmagasinet.no\",\"url\":\"https:\\\/\\\/lokalmagasinet.no\\\/\",\"logo\":{\"@type\":\"ImageObject\",\"inLanguage\":\"nn-NO\",\"@id\":\"https:\\\/\\\/lokalmagasinet.no\\\/#\\\/schema\\\/logo\\\/image\\\/\",\"url\":\"https:\\\/\\\/lokalmagasinet.no\\\/wp-content\\\/uploads\\\/2021\\\/03\\\/cropped-cropped-cropped-cropped-cropped-cropped-lmlogo-e1640691300821.jpg\",\"contentUrl\":\"https:\\\/\\\/lokalmagasinet.no\\\/wp-content\\\/uploads\\\/2021\\\/03\\\/cropped-cropped-cropped-cropped-cropped-cropped-lmlogo-e1640691300821.jpg\",\"width\":72,\"height\":118,\"caption\":\"Lokalmagasinet.no\"},\"image\":{\"@id\":\"https:\\\/\\\/lokalmagasinet.no\\\/#\\\/schema\\\/logo\\\/image\\\/\"},\"sameAs\":[\"https:\\\/\\\/www.facebook.com\\\/sveinharald.strand.1\",\"https:\\\/\\\/x.com\\\/LMExtra\"]},{\"@type\":\"Person\",\"@id\":\"https:\\\/\\\/lokalmagasinet.no\\\/#\\\/schema\\\/person\\\/2e8d221708d3aaf6f577275b5bba4310\",\"name\":\"Svein-Harald Strand\",\"image\":{\"@type\":\"ImageObject\",\"inLanguage\":\"nn-NO\",\"@id\":\"https:\\\/\\\/secure.gravatar.com\\\/avatar\\\/c487434bdf6cd7c12e4a88877ae4b12c38d22b7ad64292b49d33ed7503bb7ce1?s=96&d=mm&r=g\",\"url\":\"https:\\\/\\\/secure.gravatar.com\\\/avatar\\\/c487434bdf6cd7c12e4a88877ae4b12c38d22b7ad64292b49d33ed7503bb7ce1?s=96&d=mm&r=g\",\"contentUrl\":\"https:\\\/\\\/secure.gravatar.com\\\/avatar\\\/c487434bdf6cd7c12e4a88877ae4b12c38d22b7ad64292b49d33ed7503bb7ce1?s=96&d=mm&r=g\",\"caption\":\"Svein-Harald Strand\"},\"description\":\"(F. 26.12.1945) Redakt\u00f8r, journalist og informasjonsarbeider siden 1968. ||| I 1963: Redaksjonell praktikant i 8 m\u00e5neder p\u00e5 full tid i Helgeland Arbeiderblad i hjembyen Mosj\u00f8en. ||| Arbeidende pensjonist med hjemmekontor fra 2008 (AFP) og videre som folkepensjonist til n\u00e5.\",\"sameAs\":[\"https:\\\/\\\/lokalmagasinet.no\\\/\",\"https:\\\/\\\/www.facebook.com\\\/sveinharald.strand.1\",\"https:\\\/\\\/x.com\\\/LMExtra\"],\"url\":\"https:\\\/\\\/lokalmagasinet.no\\\/?author=6\"}]}<\/script>\n<!-- \/ Yoast SEO plugin. -->","yoast_head_json":{"title":"Analyse: \"Utfordringer med nettsiden\" | Lokalmagasinet.no","robots":{"index":"index","follow":"follow","max-snippet":"max-snippet:-1","max-image-preview":"max-image-preview:large","max-video-preview":"max-video-preview:-1"},"canonical":"https:\/\/lokalmagasinet.no\/?p=3805","og_locale":"nn_NO","og_type":"article","og_title":"Analyse: \"Utfordringer med nettsiden\" | Lokalmagasinet.no","og_description":"(25.05.21) En uavhengig analyse av LMs nye publiseringsl\u00f8sning avdekket &laquo;utfordringer med nettsiden&raquo;. Den viktigste er at, sitat: &laquo;WordPress er satt til https, samtidig som domene\/hosting ikke har et SSL-sertifikat.&raquo; &nbsp; ... Les merAnalyse: &laquo;Utfordringer med nettsiden&raquo;","og_url":"https:\/\/lokalmagasinet.no\/?p=3805","og_site_name":"Lokalmagasinet.no","article_publisher":"https:\/\/www.facebook.com\/sveinharald.strand.1","article_author":"https:\/\/www.facebook.com\/sveinharald.strand.1","article_published_time":"2021-05-25T10:49:26+00:00","article_modified_time":"2021-06-03T10:13:57+00:00","og_image":[{"url":"http:\/\/lokalmagasinet.no\/wp-content\/uploads\/2021\/04\/wwwbilde_200.jpg","type":"","width":"","height":""}],"author":"Svein-Harald Strand","twitter_card":"summary_large_image","twitter_creator":"@LMExtra","twitter_site":"@LMExtra","twitter_misc":{"Written by":"Svein-Harald Strand","Est. reading time":"2 minutt"},"schema":{"@context":"https:\/\/schema.org","@graph":[{"@type":"Article","@id":"https:\/\/lokalmagasinet.no\/?p=3805#article","isPartOf":{"@id":"https:\/\/lokalmagasinet.no\/?p=3805"},"author":{"name":"Svein-Harald Strand","@id":"https:\/\/lokalmagasinet.no\/#\/schema\/person\/2e8d221708d3aaf6f577275b5bba4310"},"headline":"Analyse: &laquo;Utfordringer med nettsiden&raquo;","datePublished":"2021-05-25T10:49:26+00:00","dateModified":"2021-06-03T10:13:57+00:00","mainEntityOfPage":{"@id":"https:\/\/lokalmagasinet.no\/?p=3805"},"wordCount":347,"publisher":{"@id":"https:\/\/lokalmagasinet.no\/#organization"},"image":{"@id":"https:\/\/lokalmagasinet.no\/?p=3805#primaryimage"},"thumbnailUrl":"http:\/\/lokalmagasinet.no\/wp-content\/uploads\/2021\/04\/wwwbilde_200.jpg","articleSection":["Aktuelt"],"inLanguage":"nn-NO"},{"@type":"WebPage","@id":"https:\/\/lokalmagasinet.no\/?p=3805","url":"https:\/\/lokalmagasinet.no\/?p=3805","name":"Analyse: \"Utfordringer med nettsiden\" | Lokalmagasinet.no","isPartOf":{"@id":"https:\/\/lokalmagasinet.no\/#website"},"primaryImageOfPage":{"@id":"https:\/\/lokalmagasinet.no\/?p=3805#primaryimage"},"image":{"@id":"https:\/\/lokalmagasinet.no\/?p=3805#primaryimage"},"thumbnailUrl":"http:\/\/lokalmagasinet.no\/wp-content\/uploads\/2021\/04\/wwwbilde_200.jpg","datePublished":"2021-05-25T10:49:26+00:00","dateModified":"2021-06-03T10:13:57+00:00","breadcrumb":{"@id":"https:\/\/lokalmagasinet.no\/?p=3805#breadcrumb"},"inLanguage":"nn-NO","potentialAction":[{"@type":"ReadAction","target":["https:\/\/lokalmagasinet.no\/?p=3805"]}]},{"@type":"ImageObject","inLanguage":"nn-NO","@id":"https:\/\/lokalmagasinet.no\/?p=3805#primaryimage","url":"https:\/\/lokalmagasinet.no\/wp-content\/uploads\/2021\/04\/wwwbilde_200.jpg","contentUrl":"https:\/\/lokalmagasinet.no\/wp-content\/uploads\/2021\/04\/wwwbilde_200.jpg","width":200,"height":150},{"@type":"BreadcrumbList","@id":"https:\/\/lokalmagasinet.no\/?p=3805#breadcrumb","itemListElement":[{"@type":"ListItem","position":1,"name":"Hjem","item":"https:\/\/lokalmagasinet.no\/"},{"@type":"ListItem","position":2,"name":"Analyse: &#8220;Utfordringer med nettsiden&#8221;"}]},{"@type":"WebSite","@id":"https:\/\/lokalmagasinet.no\/#website","url":"https:\/\/lokalmagasinet.no\/","name":"Lokalmagasinet.no","description":"Fra fortid og n\u00e5tid. Med st\u00e5sted i det n\u00e6re. Siden 2002.","publisher":{"@id":"https:\/\/lokalmagasinet.no\/#organization"},"potentialAction":[{"@type":"SearchAction","target":{"@type":"EntryPoint","urlTemplate":"https:\/\/lokalmagasinet.no\/?s={search_term_string}"},"query-input":{"@type":"PropertyValueSpecification","valueRequired":true,"valueName":"search_term_string"}}],"inLanguage":"nn-NO"},{"@type":"Organization","@id":"https:\/\/lokalmagasinet.no\/#organization","name":"Lokalmagasinet.no","url":"https:\/\/lokalmagasinet.no\/","logo":{"@type":"ImageObject","inLanguage":"nn-NO","@id":"https:\/\/lokalmagasinet.no\/#\/schema\/logo\/image\/","url":"https:\/\/lokalmagasinet.no\/wp-content\/uploads\/2021\/03\/cropped-cropped-cropped-cropped-cropped-cropped-lmlogo-e1640691300821.jpg","contentUrl":"https:\/\/lokalmagasinet.no\/wp-content\/uploads\/2021\/03\/cropped-cropped-cropped-cropped-cropped-cropped-lmlogo-e1640691300821.jpg","width":72,"height":118,"caption":"Lokalmagasinet.no"},"image":{"@id":"https:\/\/lokalmagasinet.no\/#\/schema\/logo\/image\/"},"sameAs":["https:\/\/www.facebook.com\/sveinharald.strand.1","https:\/\/x.com\/LMExtra"]},{"@type":"Person","@id":"https:\/\/lokalmagasinet.no\/#\/schema\/person\/2e8d221708d3aaf6f577275b5bba4310","name":"Svein-Harald Strand","image":{"@type":"ImageObject","inLanguage":"nn-NO","@id":"https:\/\/secure.gravatar.com\/avatar\/c487434bdf6cd7c12e4a88877ae4b12c38d22b7ad64292b49d33ed7503bb7ce1?s=96&d=mm&r=g","url":"https:\/\/secure.gravatar.com\/avatar\/c487434bdf6cd7c12e4a88877ae4b12c38d22b7ad64292b49d33ed7503bb7ce1?s=96&d=mm&r=g","contentUrl":"https:\/\/secure.gravatar.com\/avatar\/c487434bdf6cd7c12e4a88877ae4b12c38d22b7ad64292b49d33ed7503bb7ce1?s=96&d=mm&r=g","caption":"Svein-Harald Strand"},"description":"(F. 26.12.1945) Redakt\u00f8r, journalist og informasjonsarbeider siden 1968. ||| I 1963: Redaksjonell praktikant i 8 m\u00e5neder p\u00e5 full tid i Helgeland Arbeiderblad i hjembyen Mosj\u00f8en. ||| Arbeidende pensjonist med hjemmekontor fra 2008 (AFP) og videre som folkepensjonist til n\u00e5.","sameAs":["https:\/\/lokalmagasinet.no\/","https:\/\/www.facebook.com\/sveinharald.strand.1","https:\/\/x.com\/LMExtra"],"url":"https:\/\/lokalmagasinet.no\/?author=6"}]}},"_links":{"self":[{"href":"https:\/\/lokalmagasinet.no\/index.php?rest_route=\/wp\/v2\/posts\/3805","targetHints":{"allow":["GET"]}}],"collection":[{"href":"https:\/\/lokalmagasinet.no\/index.php?rest_route=\/wp\/v2\/posts"}],"about":[{"href":"https:\/\/lokalmagasinet.no\/index.php?rest_route=\/wp\/v2\/types\/post"}],"author":[{"embeddable":true,"href":"https:\/\/lokalmagasinet.no\/index.php?rest_route=\/wp\/v2\/users\/6"}],"replies":[{"embeddable":true,"href":"https:\/\/lokalmagasinet.no\/index.php?rest_route=%2Fwp%2Fv2%2Fcomments&post=3805"}],"version-history":[{"count":15,"href":"https:\/\/lokalmagasinet.no\/index.php?rest_route=\/wp\/v2\/posts\/3805\/revisions"}],"predecessor-version":[{"id":20389,"href":"https:\/\/lokalmagasinet.no\/index.php?rest_route=\/wp\/v2\/posts\/3805\/revisions\/20389"}],"wp:attachment":[{"href":"https:\/\/lokalmagasinet.no\/index.php?rest_route=%2Fwp%2Fv2%2Fmedia&parent=3805"}],"wp:term":[{"taxonomy":"category","embeddable":true,"href":"https:\/\/lokalmagasinet.no\/index.php?rest_route=%2Fwp%2Fv2%2Fcategories&post=3805"},{"taxonomy":"post_tag","embeddable":true,"href":"https:\/\/lokalmagasinet.no\/index.php?rest_route=%2Fwp%2Fv2%2Ftags&post=3805"}],"curies":[{"name":"wp","href":"https:\/\/api.w.org\/{rel}","templated":true}]}}