{"id":3986,"date":"2021-06-03T23:07:34","date_gmt":"2021-06-03T21:07:34","guid":{"rendered":"http:\/\/lokalmagasinet.no\/?p=3986"},"modified":"2021-06-03T23:20:21","modified_gmt":"2021-06-03T21:20:21","slug":"besokstallene-tar-seg-hyggelig-opp","status":"publish","type":"post","link":"https:\/\/lokalmagasinet.no\/?p=3986","title":{"rendered":"Bes\u00f8kstallene tar seg hyggelig opp!"},"content":{"rendered":"<p><img loading=\"lazy\" decoding=\"async\" class=\"size-full wp-image-2205 alignleft\" src=\"http:\/\/lokalmagasinet.no\/wp-content\/uploads\/2021\/03\/flowereblow_stock.jpg\" alt=\"\" width=\"300\" height=\"200\" \/><\/p>\n<p><span style=\"font-size: 14pt;\">(03.06.21)<\/span> <span style=\"font-size: 18pt;\"><strong>Bes\u00f8kstallene p\u00e5 LMs nye publiserer har tatt seg hyggelig <em>opp<\/em> den siste uka. Gjennomsnittlig daglig bes\u00f8kstall: 560. Til sammenlikning: Tilsvarende m\u00e5nedstall (siste 30 dager) er 310.<br \/>\n<\/strong><\/span><\/p>\n<p>(Ill.foto: stock.exchng)<\/p>\n<p><span style=\"font-size: 18pt;\">Pene tall fra midnatt til midnatt kommer n\u00e5 <em>ogs\u00e5<\/em> p\u00e5 dager der vi ikke har hatt forh\u00e5ndsvisning av saker p\u00e5 sosiale medier. <\/span><\/p>\n<p><span style=\"font-size: 14pt;\">For alle nettaviser, s\u00e5 er sosiale medier &#8211; ikke minst i en oppbyggings- og stabiliseringsfase som Lokalmagasinet er i n\u00e5 &#8211; en viktig faktor. S\u00e6rlig n\u00e5r den gode nyhetshistorie roper p\u00e5 ekstra oppmerksomhet.<br \/>\n<\/span><\/p>\n<p><span style=\"font-size: 14pt;\">Men akkurat n\u00e5 er det sant \u00e5 si <em>volum<\/em> mer enn den gode nyhet vi m\u00e5 prioritere. Arbeid med en st\u00f8rre nyhetsartikkel er som regel tidkrevende. Tid som jeg noen dager faktisk ikke har til disposisjon, enda jeg har skaffet meg en prima WordPress-hjelper. Han gjennomg\u00e5r n\u00e5 alt vi har av innstillinger med mer. <\/span><\/p>\n<p><span style=\"font-size: 14pt;\"><strong>Og med tanke p\u00e5 volum, s\u00e5 kan jeg love at det er tidkrevende nok bare det \u00e5 finne passende gjenbruksstoff blant 8000-9000 filer fra &laquo;LM som var&raquo; &#8211; via Wayback Machine.<\/strong> <\/span><\/p>\n<p><span style=\"font-size: 14pt;\">Fra Nasjonalbiblioteket i Mo i Rana har det s\u00e5 langt ikke v\u00e6rt noe hjelp \u00e5 f\u00e5 ang\u00e5ende kopier av LM-kopiene deres. I praksis: Stort sett forsiden fra de siste \u00e5rene. Ikke engang en tilbakemelding av noe slag har vi f\u00e5tt. Enda en oppgave som venter p\u00e5 redakt\u00f8ren.<br \/>\n<\/span><\/p>\n<p><span style=\"font-size: 14pt;\">Ha en fortsatt fin torsdagskveld!<\/span><\/p>\n<p>&nbsp;<\/p>\n<p>&nbsp;<\/p>\n<p>Views: 1172<\/p>","protected":false},"excerpt":{"rendered":"<p>(03.06.21) Bes\u00f8kstallene p\u00e5 LMs nye publiserer har tatt seg hyggelig opp den siste uka. Gjennomsnittlig daglig bes\u00f8kstall: 560. Til sammenlikning: Tilsvarende m\u00e5nedstall (siste 30 dager) er 310. (Ill.foto: stock.exchng) Pene &#8230; <\/p>\n<p class=\"read-more-container\"><a title=\"Bes\u00f8kstallene tar seg hyggelig opp!\" class=\"read-more button\" href=\"https:\/\/lokalmagasinet.no\/?p=3986#more-3986\">Les mer<span class=\"screen-reader-text\">Bes\u00f8kstallene tar seg hyggelig opp!<\/span><\/a><\/p>\n","protected":false},"author":6,"featured_media":0,"comment_status":"closed","ping_status":"open","sticky":false,"template":"","format":"standard","meta":{"footnotes":""},"categories":[1],"tags":[],"class_list":["post-3986","post","type-post","status-publish","format-standard","hentry","category-aktuelt"],"yoast_head":"<!-- This site is optimized with the Yoast SEO plugin v27.4 - https:\/\/yoast.com\/product\/yoast-seo-wordpress\/ -->\n<title>Bes\u00f8kstallene tar seg hyggelig opp! | Lokalmagasinet.no<\/title>\n<meta name=\"robots\" content=\"index, follow, max-snippet:-1, max-image-preview:large, max-video-preview:-1\" \/>\n<link rel=\"canonical\" href=\"https:\/\/lokalmagasinet.no\/?p=3986\" \/>\n<meta property=\"og:locale\" content=\"nn_NO\" \/>\n<meta property=\"og:type\" content=\"article\" \/>\n<meta property=\"og:title\" content=\"Bes\u00f8kstallene tar seg hyggelig opp! | Lokalmagasinet.no\" \/>\n<meta property=\"og:description\" content=\"(03.06.21) Bes\u00f8kstallene p\u00e5 LMs nye publiserer har tatt seg hyggelig opp den siste uka. Gjennomsnittlig daglig bes\u00f8kstall: 560. Til sammenlikning: Tilsvarende m\u00e5nedstall (siste 30 dager) er 310. (Ill.foto: stock.exchng) Pene ... Les merBes\u00f8kstallene tar seg hyggelig opp!\" \/>\n<meta property=\"og:url\" content=\"https:\/\/lokalmagasinet.no\/?p=3986\" \/>\n<meta property=\"og:site_name\" content=\"Lokalmagasinet.no\" \/>\n<meta property=\"article:publisher\" content=\"https:\/\/www.facebook.com\/sveinharald.strand.1\" \/>\n<meta property=\"article:author\" content=\"https:\/\/www.facebook.com\/sveinharald.strand.1\" \/>\n<meta property=\"article:published_time\" content=\"2021-06-03T21:07:34+00:00\" \/>\n<meta property=\"article:modified_time\" content=\"2021-06-03T21:20:21+00:00\" \/>\n<meta property=\"og:image\" content=\"http:\/\/lokalmagasinet.no\/wp-content\/uploads\/2021\/03\/flowereblow_stock.jpg\" \/>\n<meta name=\"author\" content=\"Svein-Harald Strand\" \/>\n<meta name=\"twitter:card\" content=\"summary_large_image\" \/>\n<meta name=\"twitter:creator\" content=\"@LMExtra\" \/>\n<meta name=\"twitter:site\" content=\"@LMExtra\" \/>\n<meta name=\"twitter:label1\" content=\"Written by\" \/>\n\t<meta name=\"twitter:data1\" content=\"Svein-Harald Strand\" \/>\n\t<meta name=\"twitter:label2\" content=\"Est. reading time\" \/>\n\t<meta name=\"twitter:data2\" content=\"1 minutt\" \/>\n<script type=\"application\/ld+json\" class=\"yoast-schema-graph\">{\"@context\":\"https:\\\/\\\/schema.org\",\"@graph\":[{\"@type\":\"Article\",\"@id\":\"https:\\\/\\\/lokalmagasinet.no\\\/?p=3986#article\",\"isPartOf\":{\"@id\":\"https:\\\/\\\/lokalmagasinet.no\\\/?p=3986\"},\"author\":{\"name\":\"Svein-Harald Strand\",\"@id\":\"https:\\\/\\\/lokalmagasinet.no\\\/#\\\/schema\\\/person\\\/2e8d221708d3aaf6f577275b5bba4310\"},\"headline\":\"Bes\u00f8kstallene tar seg hyggelig opp!\",\"datePublished\":\"2021-06-03T21:07:34+00:00\",\"dateModified\":\"2021-06-03T21:20:21+00:00\",\"mainEntityOfPage\":{\"@id\":\"https:\\\/\\\/lokalmagasinet.no\\\/?p=3986\"},\"wordCount\":236,\"publisher\":{\"@id\":\"https:\\\/\\\/lokalmagasinet.no\\\/#organization\"},\"image\":{\"@id\":\"https:\\\/\\\/lokalmagasinet.no\\\/?p=3986#primaryimage\"},\"thumbnailUrl\":\"http:\\\/\\\/lokalmagasinet.no\\\/wp-content\\\/uploads\\\/2021\\\/03\\\/flowereblow_stock.jpg\",\"articleSection\":[\"Aktuelt\"],\"inLanguage\":\"nn-NO\"},{\"@type\":\"WebPage\",\"@id\":\"https:\\\/\\\/lokalmagasinet.no\\\/?p=3986\",\"url\":\"https:\\\/\\\/lokalmagasinet.no\\\/?p=3986\",\"name\":\"Bes\u00f8kstallene tar seg hyggelig opp! | Lokalmagasinet.no\",\"isPartOf\":{\"@id\":\"https:\\\/\\\/lokalmagasinet.no\\\/#website\"},\"primaryImageOfPage\":{\"@id\":\"https:\\\/\\\/lokalmagasinet.no\\\/?p=3986#primaryimage\"},\"image\":{\"@id\":\"https:\\\/\\\/lokalmagasinet.no\\\/?p=3986#primaryimage\"},\"thumbnailUrl\":\"http:\\\/\\\/lokalmagasinet.no\\\/wp-content\\\/uploads\\\/2021\\\/03\\\/flowereblow_stock.jpg\",\"datePublished\":\"2021-06-03T21:07:34+00:00\",\"dateModified\":\"2021-06-03T21:20:21+00:00\",\"breadcrumb\":{\"@id\":\"https:\\\/\\\/lokalmagasinet.no\\\/?p=3986#breadcrumb\"},\"inLanguage\":\"nn-NO\",\"potentialAction\":[{\"@type\":\"ReadAction\",\"target\":[\"https:\\\/\\\/lokalmagasinet.no\\\/?p=3986\"]}]},{\"@type\":\"ImageObject\",\"inLanguage\":\"nn-NO\",\"@id\":\"https:\\\/\\\/lokalmagasinet.no\\\/?p=3986#primaryimage\",\"url\":\"https:\\\/\\\/lokalmagasinet.no\\\/wp-content\\\/uploads\\\/2021\\\/03\\\/flowereblow_stock.jpg\",\"contentUrl\":\"https:\\\/\\\/lokalmagasinet.no\\\/wp-content\\\/uploads\\\/2021\\\/03\\\/flowereblow_stock.jpg\",\"width\":300,\"height\":200},{\"@type\":\"BreadcrumbList\",\"@id\":\"https:\\\/\\\/lokalmagasinet.no\\\/?p=3986#breadcrumb\",\"itemListElement\":[{\"@type\":\"ListItem\",\"position\":1,\"name\":\"Hjem\",\"item\":\"https:\\\/\\\/lokalmagasinet.no\\\/\"},{\"@type\":\"ListItem\",\"position\":2,\"name\":\"Bes\u00f8kstallene tar seg hyggelig opp!\"}]},{\"@type\":\"WebSite\",\"@id\":\"https:\\\/\\\/lokalmagasinet.no\\\/#website\",\"url\":\"https:\\\/\\\/lokalmagasinet.no\\\/\",\"name\":\"Lokalmagasinet.no\",\"description\":\"Fra fortid og n\u00e5tid. Med st\u00e5sted i det n\u00e6re. Siden 2002.\",\"publisher\":{\"@id\":\"https:\\\/\\\/lokalmagasinet.no\\\/#organization\"},\"potentialAction\":[{\"@type\":\"SearchAction\",\"target\":{\"@type\":\"EntryPoint\",\"urlTemplate\":\"https:\\\/\\\/lokalmagasinet.no\\\/?s={search_term_string}\"},\"query-input\":{\"@type\":\"PropertyValueSpecification\",\"valueRequired\":true,\"valueName\":\"search_term_string\"}}],\"inLanguage\":\"nn-NO\"},{\"@type\":\"Organization\",\"@id\":\"https:\\\/\\\/lokalmagasinet.no\\\/#organization\",\"name\":\"Lokalmagasinet.no\",\"url\":\"https:\\\/\\\/lokalmagasinet.no\\\/\",\"logo\":{\"@type\":\"ImageObject\",\"inLanguage\":\"nn-NO\",\"@id\":\"https:\\\/\\\/lokalmagasinet.no\\\/#\\\/schema\\\/logo\\\/image\\\/\",\"url\":\"https:\\\/\\\/lokalmagasinet.no\\\/wp-content\\\/uploads\\\/2021\\\/03\\\/cropped-cropped-cropped-cropped-cropped-cropped-lmlogo-e1640691300821.jpg\",\"contentUrl\":\"https:\\\/\\\/lokalmagasinet.no\\\/wp-content\\\/uploads\\\/2021\\\/03\\\/cropped-cropped-cropped-cropped-cropped-cropped-lmlogo-e1640691300821.jpg\",\"width\":72,\"height\":118,\"caption\":\"Lokalmagasinet.no\"},\"image\":{\"@id\":\"https:\\\/\\\/lokalmagasinet.no\\\/#\\\/schema\\\/logo\\\/image\\\/\"},\"sameAs\":[\"https:\\\/\\\/www.facebook.com\\\/sveinharald.strand.1\",\"https:\\\/\\\/x.com\\\/LMExtra\"]},{\"@type\":\"Person\",\"@id\":\"https:\\\/\\\/lokalmagasinet.no\\\/#\\\/schema\\\/person\\\/2e8d221708d3aaf6f577275b5bba4310\",\"name\":\"Svein-Harald Strand\",\"image\":{\"@type\":\"ImageObject\",\"inLanguage\":\"nn-NO\",\"@id\":\"https:\\\/\\\/secure.gravatar.com\\\/avatar\\\/c487434bdf6cd7c12e4a88877ae4b12c38d22b7ad64292b49d33ed7503bb7ce1?s=96&d=mm&r=g\",\"url\":\"https:\\\/\\\/secure.gravatar.com\\\/avatar\\\/c487434bdf6cd7c12e4a88877ae4b12c38d22b7ad64292b49d33ed7503bb7ce1?s=96&d=mm&r=g\",\"contentUrl\":\"https:\\\/\\\/secure.gravatar.com\\\/avatar\\\/c487434bdf6cd7c12e4a88877ae4b12c38d22b7ad64292b49d33ed7503bb7ce1?s=96&d=mm&r=g\",\"caption\":\"Svein-Harald Strand\"},\"description\":\"(F. 26.12.1945) Redakt\u00f8r, journalist og informasjonsarbeider siden 1968. ||| I 1963: Redaksjonell praktikant i 8 m\u00e5neder p\u00e5 full tid i Helgeland Arbeiderblad i hjembyen Mosj\u00f8en. ||| Arbeidende pensjonist med hjemmekontor fra 2008 (AFP) og videre som folkepensjonist til n\u00e5.\",\"sameAs\":[\"https:\\\/\\\/lokalmagasinet.no\\\/\",\"https:\\\/\\\/www.facebook.com\\\/sveinharald.strand.1\",\"https:\\\/\\\/x.com\\\/LMExtra\"],\"url\":\"https:\\\/\\\/lokalmagasinet.no\\\/?author=6\"}]}<\/script>\n<!-- \/ Yoast SEO plugin. -->","yoast_head_json":{"title":"Bes\u00f8kstallene tar seg hyggelig opp! | Lokalmagasinet.no","robots":{"index":"index","follow":"follow","max-snippet":"max-snippet:-1","max-image-preview":"max-image-preview:large","max-video-preview":"max-video-preview:-1"},"canonical":"https:\/\/lokalmagasinet.no\/?p=3986","og_locale":"nn_NO","og_type":"article","og_title":"Bes\u00f8kstallene tar seg hyggelig opp! | Lokalmagasinet.no","og_description":"(03.06.21) Bes\u00f8kstallene p\u00e5 LMs nye publiserer har tatt seg hyggelig opp den siste uka. Gjennomsnittlig daglig bes\u00f8kstall: 560. Til sammenlikning: Tilsvarende m\u00e5nedstall (siste 30 dager) er 310. (Ill.foto: stock.exchng) Pene ... Les merBes\u00f8kstallene tar seg hyggelig opp!","og_url":"https:\/\/lokalmagasinet.no\/?p=3986","og_site_name":"Lokalmagasinet.no","article_publisher":"https:\/\/www.facebook.com\/sveinharald.strand.1","article_author":"https:\/\/www.facebook.com\/sveinharald.strand.1","article_published_time":"2021-06-03T21:07:34+00:00","article_modified_time":"2021-06-03T21:20:21+00:00","og_image":[{"url":"http:\/\/lokalmagasinet.no\/wp-content\/uploads\/2021\/03\/flowereblow_stock.jpg","type":"","width":"","height":""}],"author":"Svein-Harald Strand","twitter_card":"summary_large_image","twitter_creator":"@LMExtra","twitter_site":"@LMExtra","twitter_misc":{"Written by":"Svein-Harald Strand","Est. reading time":"1 minutt"},"schema":{"@context":"https:\/\/schema.org","@graph":[{"@type":"Article","@id":"https:\/\/lokalmagasinet.no\/?p=3986#article","isPartOf":{"@id":"https:\/\/lokalmagasinet.no\/?p=3986"},"author":{"name":"Svein-Harald Strand","@id":"https:\/\/lokalmagasinet.no\/#\/schema\/person\/2e8d221708d3aaf6f577275b5bba4310"},"headline":"Bes\u00f8kstallene tar seg hyggelig opp!","datePublished":"2021-06-03T21:07:34+00:00","dateModified":"2021-06-03T21:20:21+00:00","mainEntityOfPage":{"@id":"https:\/\/lokalmagasinet.no\/?p=3986"},"wordCount":236,"publisher":{"@id":"https:\/\/lokalmagasinet.no\/#organization"},"image":{"@id":"https:\/\/lokalmagasinet.no\/?p=3986#primaryimage"},"thumbnailUrl":"http:\/\/lokalmagasinet.no\/wp-content\/uploads\/2021\/03\/flowereblow_stock.jpg","articleSection":["Aktuelt"],"inLanguage":"nn-NO"},{"@type":"WebPage","@id":"https:\/\/lokalmagasinet.no\/?p=3986","url":"https:\/\/lokalmagasinet.no\/?p=3986","name":"Bes\u00f8kstallene tar seg hyggelig opp! | Lokalmagasinet.no","isPartOf":{"@id":"https:\/\/lokalmagasinet.no\/#website"},"primaryImageOfPage":{"@id":"https:\/\/lokalmagasinet.no\/?p=3986#primaryimage"},"image":{"@id":"https:\/\/lokalmagasinet.no\/?p=3986#primaryimage"},"thumbnailUrl":"http:\/\/lokalmagasinet.no\/wp-content\/uploads\/2021\/03\/flowereblow_stock.jpg","datePublished":"2021-06-03T21:07:34+00:00","dateModified":"2021-06-03T21:20:21+00:00","breadcrumb":{"@id":"https:\/\/lokalmagasinet.no\/?p=3986#breadcrumb"},"inLanguage":"nn-NO","potentialAction":[{"@type":"ReadAction","target":["https:\/\/lokalmagasinet.no\/?p=3986"]}]},{"@type":"ImageObject","inLanguage":"nn-NO","@id":"https:\/\/lokalmagasinet.no\/?p=3986#primaryimage","url":"https:\/\/lokalmagasinet.no\/wp-content\/uploads\/2021\/03\/flowereblow_stock.jpg","contentUrl":"https:\/\/lokalmagasinet.no\/wp-content\/uploads\/2021\/03\/flowereblow_stock.jpg","width":300,"height":200},{"@type":"BreadcrumbList","@id":"https:\/\/lokalmagasinet.no\/?p=3986#breadcrumb","itemListElement":[{"@type":"ListItem","position":1,"name":"Hjem","item":"https:\/\/lokalmagasinet.no\/"},{"@type":"ListItem","position":2,"name":"Bes\u00f8kstallene tar seg hyggelig opp!"}]},{"@type":"WebSite","@id":"https:\/\/lokalmagasinet.no\/#website","url":"https:\/\/lokalmagasinet.no\/","name":"Lokalmagasinet.no","description":"Fra fortid og n\u00e5tid. Med st\u00e5sted i det n\u00e6re. Siden 2002.","publisher":{"@id":"https:\/\/lokalmagasinet.no\/#organization"},"potentialAction":[{"@type":"SearchAction","target":{"@type":"EntryPoint","urlTemplate":"https:\/\/lokalmagasinet.no\/?s={search_term_string}"},"query-input":{"@type":"PropertyValueSpecification","valueRequired":true,"valueName":"search_term_string"}}],"inLanguage":"nn-NO"},{"@type":"Organization","@id":"https:\/\/lokalmagasinet.no\/#organization","name":"Lokalmagasinet.no","url":"https:\/\/lokalmagasinet.no\/","logo":{"@type":"ImageObject","inLanguage":"nn-NO","@id":"https:\/\/lokalmagasinet.no\/#\/schema\/logo\/image\/","url":"https:\/\/lokalmagasinet.no\/wp-content\/uploads\/2021\/03\/cropped-cropped-cropped-cropped-cropped-cropped-lmlogo-e1640691300821.jpg","contentUrl":"https:\/\/lokalmagasinet.no\/wp-content\/uploads\/2021\/03\/cropped-cropped-cropped-cropped-cropped-cropped-lmlogo-e1640691300821.jpg","width":72,"height":118,"caption":"Lokalmagasinet.no"},"image":{"@id":"https:\/\/lokalmagasinet.no\/#\/schema\/logo\/image\/"},"sameAs":["https:\/\/www.facebook.com\/sveinharald.strand.1","https:\/\/x.com\/LMExtra"]},{"@type":"Person","@id":"https:\/\/lokalmagasinet.no\/#\/schema\/person\/2e8d221708d3aaf6f577275b5bba4310","name":"Svein-Harald Strand","image":{"@type":"ImageObject","inLanguage":"nn-NO","@id":"https:\/\/secure.gravatar.com\/avatar\/c487434bdf6cd7c12e4a88877ae4b12c38d22b7ad64292b49d33ed7503bb7ce1?s=96&d=mm&r=g","url":"https:\/\/secure.gravatar.com\/avatar\/c487434bdf6cd7c12e4a88877ae4b12c38d22b7ad64292b49d33ed7503bb7ce1?s=96&d=mm&r=g","contentUrl":"https:\/\/secure.gravatar.com\/avatar\/c487434bdf6cd7c12e4a88877ae4b12c38d22b7ad64292b49d33ed7503bb7ce1?s=96&d=mm&r=g","caption":"Svein-Harald Strand"},"description":"(F. 26.12.1945) Redakt\u00f8r, journalist og informasjonsarbeider siden 1968. ||| I 1963: Redaksjonell praktikant i 8 m\u00e5neder p\u00e5 full tid i Helgeland Arbeiderblad i hjembyen Mosj\u00f8en. ||| Arbeidende pensjonist med hjemmekontor fra 2008 (AFP) og videre som folkepensjonist til n\u00e5.","sameAs":["https:\/\/lokalmagasinet.no\/","https:\/\/www.facebook.com\/sveinharald.strand.1","https:\/\/x.com\/LMExtra"],"url":"https:\/\/lokalmagasinet.no\/?author=6"}]}},"_links":{"self":[{"href":"https:\/\/lokalmagasinet.no\/index.php?rest_route=\/wp\/v2\/posts\/3986","targetHints":{"allow":["GET"]}}],"collection":[{"href":"https:\/\/lokalmagasinet.no\/index.php?rest_route=\/wp\/v2\/posts"}],"about":[{"href":"https:\/\/lokalmagasinet.no\/index.php?rest_route=\/wp\/v2\/types\/post"}],"author":[{"embeddable":true,"href":"https:\/\/lokalmagasinet.no\/index.php?rest_route=\/wp\/v2\/users\/6"}],"replies":[{"embeddable":true,"href":"https:\/\/lokalmagasinet.no\/index.php?rest_route=%2Fwp%2Fv2%2Fcomments&post=3986"}],"version-history":[{"count":22,"href":"https:\/\/lokalmagasinet.no\/index.php?rest_route=\/wp\/v2\/posts\/3986\/revisions"}],"predecessor-version":[{"id":4008,"href":"https:\/\/lokalmagasinet.no\/index.php?rest_route=\/wp\/v2\/posts\/3986\/revisions\/4008"}],"wp:attachment":[{"href":"https:\/\/lokalmagasinet.no\/index.php?rest_route=%2Fwp%2Fv2%2Fmedia&parent=3986"}],"wp:term":[{"taxonomy":"category","embeddable":true,"href":"https:\/\/lokalmagasinet.no\/index.php?rest_route=%2Fwp%2Fv2%2Fcategories&post=3986"},{"taxonomy":"post_tag","embeddable":true,"href":"https:\/\/lokalmagasinet.no\/index.php?rest_route=%2Fwp%2Fv2%2Ftags&post=3986"}],"curies":[{"name":"wp","href":"https:\/\/api.w.org\/{rel}","templated":true}]}}