{"id":4806,"date":"2021-07-21T12:56:38","date_gmt":"2021-07-21T10:56:38","guid":{"rendered":"http:\/\/lokalmagasinet.no\/?p=4806"},"modified":"2024-03-10T16:43:33","modified_gmt":"2024-03-10T15:43:33","slug":"ukestart-med-utrolige-besokstall","status":"publish","type":"post","link":"https:\/\/lokalmagasinet.no\/?p=4806","title":{"rendered":"Ukestart med utrolige bes\u00f8kstall!"},"content":{"rendered":"<p><img loading=\"lazy\" decoding=\"async\" class=\"wp-image-4533 size-full aligncenter\" src=\"http:\/\/lokalmagasinet.no\/wp-content\/uploads\/2021\/06\/oppoverpil_300.jpg\" alt=\"\" width=\"300\" height=\"188\" \/><\/p>\n<p><strong>S\u00f8ndag kunne vi glede oss over en fabelaktig ny be\u00f8ksrekord for Lokalmagasinet.no. Men s\u00e5 kom en ny dag. Og vi trodde nesten ikke hva vi s\u00e5 da vi sjekket. Tusentallet ble passert allerede ved 07-tiden. \u00c9n time senere: 3600. Ved 08-tiden rant det inn 54 bes\u00f8k i l\u00f8pet av ett minutt!<\/strong><\/p>\n<p>Hva skjer? Har vi skrevet noe sn\u00e5lt? Er vi sitert av NTB? Eller sitter det et kompani av kontorslitere i fellesferien og har for lite \u00e5 gj\u00f8re?<\/p>\n<p>Til det siste: Et relevant sp\u00f8rsm\u00e5l siden tallet p\u00e5 &laquo;visitors&raquo;, bes\u00f8kende (IP-adresser), p\u00e5 langt n\u00e6r sto i forhold til &laquo;visits&raquo;, alts\u00e5 antall bes\u00f8k via serveren.<\/p>\n<p>Og det bare fortsatte, men roet seg litt ved 12-tiden. Da var bes\u00f8kstallet godt og vel passert 12 000, og noe nytt tusentall ble ikke n\u00e5dd.<\/p>\n<p><strong><img loading=\"lazy\" decoding=\"async\" class=\"alignleft wp-image-3676\" src=\"http:\/\/lokalmagasinet.no\/wp-content\/uploads\/2021\/05\/1-blownaway.jpg\" alt=\"\" width=\"150\" height=\"200\" srcset=\"https:\/\/lokalmagasinet.no\/wp-content\/uploads\/2021\/05\/1-blownaway.jpg 225w, https:\/\/lokalmagasinet.no\/wp-content\/uploads\/2021\/05\/1-blownaway-113x150.jpg 113w\" sizes=\"auto, (max-width: 150px) 100vw, 150px\" \/>Siste halvdel av dagen vokste bes\u00f8kstallet med &laquo;bare&raquo; noen hundre. Og f\u00f8r mandag ble tirsdag sto det 12 649.<\/strong><\/p>\n<p>Rushet begynte alts\u00e5 s\u00f8ndag, som nevnt innledningsvis. Men det som normalt ville v\u00e6rt grunnlag for et eget innlegg, m\u00e5 i dag henvises til nest siste avsnitt.<\/p>\n<p><strong>Fordi: S\u00f8ndag var det &laquo;bare&raquo; 8616 bes\u00f8k.<\/strong><\/p>\n<p>I g\u00e5r tirsdag og i dag har vi mer normale &#8211; men pent \u00f8kende &#8211; bes\u00f8kstall. Og takk for det. Det kan jo bli for mye av det gode, ikke sant?<\/p>\n<p>&nbsp;<\/p>\n<p>Views: 1261<\/p>","protected":false},"excerpt":{"rendered":"<p>S\u00f8ndag kunne vi glede oss over en fabelaktig ny be\u00f8ksrekord for Lokalmagasinet.no. Men s\u00e5 kom en ny dag. Og vi trodde nesten ikke hva vi s\u00e5 da vi sjekket. Tusentallet &#8230; <\/p>\n<p class=\"read-more-container\"><a title=\"Ukestart med utrolige bes\u00f8kstall!\" class=\"read-more button\" href=\"https:\/\/lokalmagasinet.no\/?p=4806#more-4806\">Les mer<span class=\"screen-reader-text\">Ukestart med utrolige bes\u00f8kstall!<\/span><\/a><\/p>\n","protected":false},"author":6,"featured_media":0,"comment_status":"closed","ping_status":"closed","sticky":false,"template":"","format":"standard","meta":{"footnotes":""},"categories":[1],"tags":[],"class_list":["post-4806","post","type-post","status-publish","format-standard","hentry","category-aktuelt"],"yoast_head":"<!-- This site is optimized with the Yoast SEO plugin v27.5 - https:\/\/yoast.com\/product\/yoast-seo-wordpress\/ -->\n<title>Ukestart med utrolige bes\u00f8kstall! | Lokalmagasinet.no<\/title>\n<meta name=\"robots\" content=\"index, follow, max-snippet:-1, max-image-preview:large, max-video-preview:-1\" \/>\n<link rel=\"canonical\" href=\"https:\/\/lokalmagasinet.no\/?p=4806\" \/>\n<meta property=\"og:locale\" content=\"nn_NO\" \/>\n<meta property=\"og:type\" content=\"article\" \/>\n<meta property=\"og:title\" content=\"Ukestart med utrolige bes\u00f8kstall! | Lokalmagasinet.no\" \/>\n<meta property=\"og:description\" content=\"S\u00f8ndag kunne vi glede oss over en fabelaktig ny be\u00f8ksrekord for Lokalmagasinet.no. Men s\u00e5 kom en ny dag. Og vi trodde nesten ikke hva vi s\u00e5 da vi sjekket. Tusentallet ... Les merUkestart med utrolige bes\u00f8kstall!\" \/>\n<meta property=\"og:url\" content=\"https:\/\/lokalmagasinet.no\/?p=4806\" \/>\n<meta property=\"og:site_name\" content=\"Lokalmagasinet.no\" \/>\n<meta property=\"article:publisher\" content=\"https:\/\/www.facebook.com\/sveinharald.strand.1\" \/>\n<meta property=\"article:author\" content=\"https:\/\/www.facebook.com\/sveinharald.strand.1\" \/>\n<meta property=\"article:published_time\" content=\"2021-07-21T10:56:38+00:00\" \/>\n<meta property=\"article:modified_time\" content=\"2024-03-10T15:43:33+00:00\" \/>\n<meta property=\"og:image\" content=\"http:\/\/lokalmagasinet.no\/wp-content\/uploads\/2021\/06\/oppoverpil_300.jpg\" \/>\n<meta name=\"author\" content=\"Svein-Harald Strand\" \/>\n<meta name=\"twitter:card\" content=\"summary_large_image\" \/>\n<meta name=\"twitter:creator\" content=\"@LMExtra\" \/>\n<meta name=\"twitter:site\" content=\"@LMExtra\" \/>\n<meta name=\"twitter:label1\" content=\"Written by\" \/>\n\t<meta name=\"twitter:data1\" content=\"Svein-Harald Strand\" \/>\n\t<meta name=\"twitter:label2\" content=\"Est. reading time\" \/>\n\t<meta name=\"twitter:data2\" content=\"2 minutt\" \/>\n<script type=\"application\/ld+json\" class=\"yoast-schema-graph\">{\"@context\":\"https:\\\/\\\/schema.org\",\"@graph\":[{\"@type\":\"Article\",\"@id\":\"https:\\\/\\\/lokalmagasinet.no\\\/?p=4806#article\",\"isPartOf\":{\"@id\":\"https:\\\/\\\/lokalmagasinet.no\\\/?p=4806\"},\"author\":{\"name\":\"Svein-Harald Strand\",\"@id\":\"https:\\\/\\\/lokalmagasinet.no\\\/#\\\/schema\\\/person\\\/2e8d221708d3aaf6f577275b5bba4310\"},\"headline\":\"Ukestart med utrolige bes\u00f8kstall!\",\"datePublished\":\"2021-07-21T10:56:38+00:00\",\"dateModified\":\"2024-03-10T15:43:33+00:00\",\"mainEntityOfPage\":{\"@id\":\"https:\\\/\\\/lokalmagasinet.no\\\/?p=4806\"},\"wordCount\":232,\"publisher\":{\"@id\":\"https:\\\/\\\/lokalmagasinet.no\\\/#organization\"},\"image\":{\"@id\":\"https:\\\/\\\/lokalmagasinet.no\\\/?p=4806#primaryimage\"},\"thumbnailUrl\":\"http:\\\/\\\/lokalmagasinet.no\\\/wp-content\\\/uploads\\\/2021\\\/06\\\/oppoverpil_300.jpg\",\"articleSection\":[\"Aktuelt\"],\"inLanguage\":\"nn-NO\"},{\"@type\":\"WebPage\",\"@id\":\"https:\\\/\\\/lokalmagasinet.no\\\/?p=4806\",\"url\":\"https:\\\/\\\/lokalmagasinet.no\\\/?p=4806\",\"name\":\"Ukestart med utrolige bes\u00f8kstall! | Lokalmagasinet.no\",\"isPartOf\":{\"@id\":\"https:\\\/\\\/lokalmagasinet.no\\\/#website\"},\"primaryImageOfPage\":{\"@id\":\"https:\\\/\\\/lokalmagasinet.no\\\/?p=4806#primaryimage\"},\"image\":{\"@id\":\"https:\\\/\\\/lokalmagasinet.no\\\/?p=4806#primaryimage\"},\"thumbnailUrl\":\"http:\\\/\\\/lokalmagasinet.no\\\/wp-content\\\/uploads\\\/2021\\\/06\\\/oppoverpil_300.jpg\",\"datePublished\":\"2021-07-21T10:56:38+00:00\",\"dateModified\":\"2024-03-10T15:43:33+00:00\",\"breadcrumb\":{\"@id\":\"https:\\\/\\\/lokalmagasinet.no\\\/?p=4806#breadcrumb\"},\"inLanguage\":\"nn-NO\",\"potentialAction\":[{\"@type\":\"ReadAction\",\"target\":[\"https:\\\/\\\/lokalmagasinet.no\\\/?p=4806\"]}]},{\"@type\":\"ImageObject\",\"inLanguage\":\"nn-NO\",\"@id\":\"https:\\\/\\\/lokalmagasinet.no\\\/?p=4806#primaryimage\",\"url\":\"https:\\\/\\\/lokalmagasinet.no\\\/wp-content\\\/uploads\\\/2021\\\/06\\\/oppoverpil_300-e1638299649913.jpg\",\"contentUrl\":\"https:\\\/\\\/lokalmagasinet.no\\\/wp-content\\\/uploads\\\/2021\\\/06\\\/oppoverpil_300-e1638299649913.jpg\",\"width\":300,\"height\":188},{\"@type\":\"BreadcrumbList\",\"@id\":\"https:\\\/\\\/lokalmagasinet.no\\\/?p=4806#breadcrumb\",\"itemListElement\":[{\"@type\":\"ListItem\",\"position\":1,\"name\":\"Hjem\",\"item\":\"https:\\\/\\\/lokalmagasinet.no\\\/\"},{\"@type\":\"ListItem\",\"position\":2,\"name\":\"Ukestart med utrolige bes\u00f8kstall!\"}]},{\"@type\":\"WebSite\",\"@id\":\"https:\\\/\\\/lokalmagasinet.no\\\/#website\",\"url\":\"https:\\\/\\\/lokalmagasinet.no\\\/\",\"name\":\"Lokalmagasinet.no\",\"description\":\"Fra fortid og n\u00e5tid. Med st\u00e5sted i det n\u00e6re. Siden 2002.\",\"publisher\":{\"@id\":\"https:\\\/\\\/lokalmagasinet.no\\\/#organization\"},\"potentialAction\":[{\"@type\":\"SearchAction\",\"target\":{\"@type\":\"EntryPoint\",\"urlTemplate\":\"https:\\\/\\\/lokalmagasinet.no\\\/?s={search_term_string}\"},\"query-input\":{\"@type\":\"PropertyValueSpecification\",\"valueRequired\":true,\"valueName\":\"search_term_string\"}}],\"inLanguage\":\"nn-NO\"},{\"@type\":\"Organization\",\"@id\":\"https:\\\/\\\/lokalmagasinet.no\\\/#organization\",\"name\":\"Lokalmagasinet.no\",\"url\":\"https:\\\/\\\/lokalmagasinet.no\\\/\",\"logo\":{\"@type\":\"ImageObject\",\"inLanguage\":\"nn-NO\",\"@id\":\"https:\\\/\\\/lokalmagasinet.no\\\/#\\\/schema\\\/logo\\\/image\\\/\",\"url\":\"https:\\\/\\\/lokalmagasinet.no\\\/wp-content\\\/uploads\\\/2021\\\/03\\\/cropped-cropped-cropped-cropped-cropped-cropped-lmlogo-e1640691300821.jpg\",\"contentUrl\":\"https:\\\/\\\/lokalmagasinet.no\\\/wp-content\\\/uploads\\\/2021\\\/03\\\/cropped-cropped-cropped-cropped-cropped-cropped-lmlogo-e1640691300821.jpg\",\"width\":72,\"height\":118,\"caption\":\"Lokalmagasinet.no\"},\"image\":{\"@id\":\"https:\\\/\\\/lokalmagasinet.no\\\/#\\\/schema\\\/logo\\\/image\\\/\"},\"sameAs\":[\"https:\\\/\\\/www.facebook.com\\\/sveinharald.strand.1\",\"https:\\\/\\\/x.com\\\/LMExtra\"]},{\"@type\":\"Person\",\"@id\":\"https:\\\/\\\/lokalmagasinet.no\\\/#\\\/schema\\\/person\\\/2e8d221708d3aaf6f577275b5bba4310\",\"name\":\"Svein-Harald Strand\",\"image\":{\"@type\":\"ImageObject\",\"inLanguage\":\"nn-NO\",\"@id\":\"https:\\\/\\\/secure.gravatar.com\\\/avatar\\\/c487434bdf6cd7c12e4a88877ae4b12c38d22b7ad64292b49d33ed7503bb7ce1?s=96&d=mm&r=g\",\"url\":\"https:\\\/\\\/secure.gravatar.com\\\/avatar\\\/c487434bdf6cd7c12e4a88877ae4b12c38d22b7ad64292b49d33ed7503bb7ce1?s=96&d=mm&r=g\",\"contentUrl\":\"https:\\\/\\\/secure.gravatar.com\\\/avatar\\\/c487434bdf6cd7c12e4a88877ae4b12c38d22b7ad64292b49d33ed7503bb7ce1?s=96&d=mm&r=g\",\"caption\":\"Svein-Harald Strand\"},\"description\":\"(F. 26.12.1945) Redakt\u00f8r, journalist og informasjonsarbeider siden 1968. ||| I 1963: Redaksjonell praktikant i 8 m\u00e5neder p\u00e5 full tid i Helgeland Arbeiderblad i hjembyen Mosj\u00f8en. ||| Arbeidende pensjonist med hjemmekontor fra 2008 (AFP) og videre som folkepensjonist til n\u00e5.\",\"sameAs\":[\"https:\\\/\\\/lokalmagasinet.no\\\/\",\"https:\\\/\\\/www.facebook.com\\\/sveinharald.strand.1\",\"https:\\\/\\\/x.com\\\/LMExtra\"],\"url\":\"https:\\\/\\\/lokalmagasinet.no\\\/?author=6\"}]}<\/script>\n<!-- \/ Yoast SEO plugin. -->","yoast_head_json":{"title":"Ukestart med utrolige bes\u00f8kstall! | Lokalmagasinet.no","robots":{"index":"index","follow":"follow","max-snippet":"max-snippet:-1","max-image-preview":"max-image-preview:large","max-video-preview":"max-video-preview:-1"},"canonical":"https:\/\/lokalmagasinet.no\/?p=4806","og_locale":"nn_NO","og_type":"article","og_title":"Ukestart med utrolige bes\u00f8kstall! | Lokalmagasinet.no","og_description":"S\u00f8ndag kunne vi glede oss over en fabelaktig ny be\u00f8ksrekord for Lokalmagasinet.no. Men s\u00e5 kom en ny dag. Og vi trodde nesten ikke hva vi s\u00e5 da vi sjekket. Tusentallet ... Les merUkestart med utrolige bes\u00f8kstall!","og_url":"https:\/\/lokalmagasinet.no\/?p=4806","og_site_name":"Lokalmagasinet.no","article_publisher":"https:\/\/www.facebook.com\/sveinharald.strand.1","article_author":"https:\/\/www.facebook.com\/sveinharald.strand.1","article_published_time":"2021-07-21T10:56:38+00:00","article_modified_time":"2024-03-10T15:43:33+00:00","og_image":[{"url":"http:\/\/lokalmagasinet.no\/wp-content\/uploads\/2021\/06\/oppoverpil_300.jpg","type":"","width":"","height":""}],"author":"Svein-Harald Strand","twitter_card":"summary_large_image","twitter_creator":"@LMExtra","twitter_site":"@LMExtra","twitter_misc":{"Written by":"Svein-Harald Strand","Est. reading time":"2 minutt"},"schema":{"@context":"https:\/\/schema.org","@graph":[{"@type":"Article","@id":"https:\/\/lokalmagasinet.no\/?p=4806#article","isPartOf":{"@id":"https:\/\/lokalmagasinet.no\/?p=4806"},"author":{"name":"Svein-Harald Strand","@id":"https:\/\/lokalmagasinet.no\/#\/schema\/person\/2e8d221708d3aaf6f577275b5bba4310"},"headline":"Ukestart med utrolige bes\u00f8kstall!","datePublished":"2021-07-21T10:56:38+00:00","dateModified":"2024-03-10T15:43:33+00:00","mainEntityOfPage":{"@id":"https:\/\/lokalmagasinet.no\/?p=4806"},"wordCount":232,"publisher":{"@id":"https:\/\/lokalmagasinet.no\/#organization"},"image":{"@id":"https:\/\/lokalmagasinet.no\/?p=4806#primaryimage"},"thumbnailUrl":"http:\/\/lokalmagasinet.no\/wp-content\/uploads\/2021\/06\/oppoverpil_300.jpg","articleSection":["Aktuelt"],"inLanguage":"nn-NO"},{"@type":"WebPage","@id":"https:\/\/lokalmagasinet.no\/?p=4806","url":"https:\/\/lokalmagasinet.no\/?p=4806","name":"Ukestart med utrolige bes\u00f8kstall! | Lokalmagasinet.no","isPartOf":{"@id":"https:\/\/lokalmagasinet.no\/#website"},"primaryImageOfPage":{"@id":"https:\/\/lokalmagasinet.no\/?p=4806#primaryimage"},"image":{"@id":"https:\/\/lokalmagasinet.no\/?p=4806#primaryimage"},"thumbnailUrl":"http:\/\/lokalmagasinet.no\/wp-content\/uploads\/2021\/06\/oppoverpil_300.jpg","datePublished":"2021-07-21T10:56:38+00:00","dateModified":"2024-03-10T15:43:33+00:00","breadcrumb":{"@id":"https:\/\/lokalmagasinet.no\/?p=4806#breadcrumb"},"inLanguage":"nn-NO","potentialAction":[{"@type":"ReadAction","target":["https:\/\/lokalmagasinet.no\/?p=4806"]}]},{"@type":"ImageObject","inLanguage":"nn-NO","@id":"https:\/\/lokalmagasinet.no\/?p=4806#primaryimage","url":"https:\/\/lokalmagasinet.no\/wp-content\/uploads\/2021\/06\/oppoverpil_300-e1638299649913.jpg","contentUrl":"https:\/\/lokalmagasinet.no\/wp-content\/uploads\/2021\/06\/oppoverpil_300-e1638299649913.jpg","width":300,"height":188},{"@type":"BreadcrumbList","@id":"https:\/\/lokalmagasinet.no\/?p=4806#breadcrumb","itemListElement":[{"@type":"ListItem","position":1,"name":"Hjem","item":"https:\/\/lokalmagasinet.no\/"},{"@type":"ListItem","position":2,"name":"Ukestart med utrolige bes\u00f8kstall!"}]},{"@type":"WebSite","@id":"https:\/\/lokalmagasinet.no\/#website","url":"https:\/\/lokalmagasinet.no\/","name":"Lokalmagasinet.no","description":"Fra fortid og n\u00e5tid. Med st\u00e5sted i det n\u00e6re. Siden 2002.","publisher":{"@id":"https:\/\/lokalmagasinet.no\/#organization"},"potentialAction":[{"@type":"SearchAction","target":{"@type":"EntryPoint","urlTemplate":"https:\/\/lokalmagasinet.no\/?s={search_term_string}"},"query-input":{"@type":"PropertyValueSpecification","valueRequired":true,"valueName":"search_term_string"}}],"inLanguage":"nn-NO"},{"@type":"Organization","@id":"https:\/\/lokalmagasinet.no\/#organization","name":"Lokalmagasinet.no","url":"https:\/\/lokalmagasinet.no\/","logo":{"@type":"ImageObject","inLanguage":"nn-NO","@id":"https:\/\/lokalmagasinet.no\/#\/schema\/logo\/image\/","url":"https:\/\/lokalmagasinet.no\/wp-content\/uploads\/2021\/03\/cropped-cropped-cropped-cropped-cropped-cropped-lmlogo-e1640691300821.jpg","contentUrl":"https:\/\/lokalmagasinet.no\/wp-content\/uploads\/2021\/03\/cropped-cropped-cropped-cropped-cropped-cropped-lmlogo-e1640691300821.jpg","width":72,"height":118,"caption":"Lokalmagasinet.no"},"image":{"@id":"https:\/\/lokalmagasinet.no\/#\/schema\/logo\/image\/"},"sameAs":["https:\/\/www.facebook.com\/sveinharald.strand.1","https:\/\/x.com\/LMExtra"]},{"@type":"Person","@id":"https:\/\/lokalmagasinet.no\/#\/schema\/person\/2e8d221708d3aaf6f577275b5bba4310","name":"Svein-Harald Strand","image":{"@type":"ImageObject","inLanguage":"nn-NO","@id":"https:\/\/secure.gravatar.com\/avatar\/c487434bdf6cd7c12e4a88877ae4b12c38d22b7ad64292b49d33ed7503bb7ce1?s=96&d=mm&r=g","url":"https:\/\/secure.gravatar.com\/avatar\/c487434bdf6cd7c12e4a88877ae4b12c38d22b7ad64292b49d33ed7503bb7ce1?s=96&d=mm&r=g","contentUrl":"https:\/\/secure.gravatar.com\/avatar\/c487434bdf6cd7c12e4a88877ae4b12c38d22b7ad64292b49d33ed7503bb7ce1?s=96&d=mm&r=g","caption":"Svein-Harald Strand"},"description":"(F. 26.12.1945) Redakt\u00f8r, journalist og informasjonsarbeider siden 1968. ||| I 1963: Redaksjonell praktikant i 8 m\u00e5neder p\u00e5 full tid i Helgeland Arbeiderblad i hjembyen Mosj\u00f8en. ||| Arbeidende pensjonist med hjemmekontor fra 2008 (AFP) og videre som folkepensjonist til n\u00e5.","sameAs":["https:\/\/lokalmagasinet.no\/","https:\/\/www.facebook.com\/sveinharald.strand.1","https:\/\/x.com\/LMExtra"],"url":"https:\/\/lokalmagasinet.no\/?author=6"}]}},"_links":{"self":[{"href":"https:\/\/lokalmagasinet.no\/index.php?rest_route=\/wp\/v2\/posts\/4806","targetHints":{"allow":["GET"]}}],"collection":[{"href":"https:\/\/lokalmagasinet.no\/index.php?rest_route=\/wp\/v2\/posts"}],"about":[{"href":"https:\/\/lokalmagasinet.no\/index.php?rest_route=\/wp\/v2\/types\/post"}],"author":[{"embeddable":true,"href":"https:\/\/lokalmagasinet.no\/index.php?rest_route=\/wp\/v2\/users\/6"}],"replies":[{"embeddable":true,"href":"https:\/\/lokalmagasinet.no\/index.php?rest_route=%2Fwp%2Fv2%2Fcomments&post=4806"}],"version-history":[{"count":3,"href":"https:\/\/lokalmagasinet.no\/index.php?rest_route=\/wp\/v2\/posts\/4806\/revisions"}],"predecessor-version":[{"id":22471,"href":"https:\/\/lokalmagasinet.no\/index.php?rest_route=\/wp\/v2\/posts\/4806\/revisions\/22471"}],"wp:attachment":[{"href":"https:\/\/lokalmagasinet.no\/index.php?rest_route=%2Fwp%2Fv2%2Fmedia&parent=4806"}],"wp:term":[{"taxonomy":"category","embeddable":true,"href":"https:\/\/lokalmagasinet.no\/index.php?rest_route=%2Fwp%2Fv2%2Fcategories&post=4806"},{"taxonomy":"post_tag","embeddable":true,"href":"https:\/\/lokalmagasinet.no\/index.php?rest_route=%2Fwp%2Fv2%2Ftags&post=4806"}],"curies":[{"name":"wp","href":"https:\/\/api.w.org\/{rel}","templated":true}]}}