{"id":5995,"date":"2022-07-11T17:22:02","date_gmt":"2022-07-11T15:22:02","guid":{"rendered":"https:\/\/lokalmagasinet.no\/?page_id=5995"},"modified":"2022-07-11T17:43:13","modified_gmt":"2022-07-11T15:43:13","slug":"tre-skrogs-batbygger-nils-skandfer","status":"publish","type":"post","link":"https:\/\/lokalmagasinet.no\/?p=5995","title":{"rendered":"&laquo;Tre-skrogs&raquo; b\u00e5tbygger Nils Skandfer"},"content":{"rendered":"<p><img loading=\"lazy\" decoding=\"async\" class=\"aligncenter wp-image-7153 size-full\" src=\"https:\/\/lokalmagasinet.no\/wp-content\/uploads\/2021\/12\/Arbeidere-ved-Skandfers-Batbyggeri-i-Kulstadsjoen.png\" alt=\"\" width=\"1775\" height=\"893\" srcset=\"https:\/\/lokalmagasinet.no\/wp-content\/uploads\/2021\/12\/Arbeidere-ved-Skandfers-Batbyggeri-i-Kulstadsjoen.png 1775w, https:\/\/lokalmagasinet.no\/wp-content\/uploads\/2021\/12\/Arbeidere-ved-Skandfers-Batbyggeri-i-Kulstadsjoen-300x151.png 300w, https:\/\/lokalmagasinet.no\/wp-content\/uploads\/2021\/12\/Arbeidere-ved-Skandfers-Batbyggeri-i-Kulstadsjoen-1024x515.png 1024w, https:\/\/lokalmagasinet.no\/wp-content\/uploads\/2021\/12\/Arbeidere-ved-Skandfers-Batbyggeri-i-Kulstadsjoen-150x75.png 150w, https:\/\/lokalmagasinet.no\/wp-content\/uploads\/2021\/12\/Arbeidere-ved-Skandfers-Batbyggeri-i-Kulstadsjoen-768x386.png 768w, https:\/\/lokalmagasinet.no\/wp-content\/uploads\/2021\/12\/Arbeidere-ved-Skandfers-Batbyggeri-i-Kulstadsjoen-1536x773.png 1536w\" sizes=\"auto, (max-width: 1775px) 100vw, 1775px\" \/><\/p>\n<p style=\"text-align: center;\"><em>Arbeidere ved Skandfers B\u00e5dbyggeri i Kulstadsj\u00f8en. <\/em>(Foto fra digitaltmuseum.no)<\/p>\n<p style=\"text-align: left;\"><strong><span dir=\"ltr\" role=\"presentation\">Nils Skandfer (1870-1954) ble f\u00f8dt p\u00e5 Ibestad ved Harstad. Han hadde ti \u00e5rs erfaring fra Lofot- og Finnmarksfiske f\u00f8r han, 27-\u00e5r gammel, begynte i l\u00e6re hos den store norske mester, Colin <\/span><\/strong><span dir=\"ltr\" role=\"presentation\"><strong>Archer i Larvik. <\/strong><\/span><span dir=\"ltr\" role=\"presentation\">\u00a0<\/span><\/p>\n<p style=\"text-align: left;\"><span dir=\"ltr\" role=\"presentation\">(Publisert 11.07.22. Oppdatert senest 17:42) (Redigert tekst fra bl.a. lokalhistoriewiki.no) <\/span><\/p>\n<p style=\"text-align: left;\"><span dir=\"ltr\" role=\"presentation\">Der fikk han erfaring med b\u00e5de lystb\u00e5ter, losb\u00e5ter og marinebarkasser, sk\u00f8yteskrog, kutterskrog og klipperskrog. <\/span><span dir=\"ltr\" role=\"presentation\">Skandfers m\u00e5lsetting var \u00e5 samle <\/span><span dir=\"ltr\" role=\"presentation\">erfaring og kunnskaper til nye og forbedrede bruks- og fiskeb\u00e5ter, s\u00e6rlig for de nordnorske farvann. <\/span><\/p>\n<p><span class=\"d2edcug0 hpfvmrgz qv66sw1b c1et5uql lr9zc1uh a8c37x1j fe6kdd0r mau55g9w c8b282yb keod5gw0 nxhoafnm aigsh9s9 d3f4x2em iv3no6db jq4qci2q a3bd9o3v b1v8xokw oo9gr5id\" dir=\"auto\"> L\u00e6retiden varte bare ett \u00e5r. Da han sluttet, fikk han med seg en s\u00f8lvpokal fra l\u00e6remesteren med inskripsjonen &laquo;Til min <em>dyktigste elev&raquo;.<\/em><\/span><\/p>\n<p>I dag er det vist nok bare 2-3 Skandferkuttere igjen,<\/p>\n<p><strong><span dir=\"ltr\" role=\"presentation\">I 1903 etablerte han et b\u00e5tbyggeri ved Kulstadsj\u00f8en i Mosj\u00f8en. I <\/span><\/strong><span dir=\"ltr\" role=\"presentation\"><strong>1914 arbeidet n\u00e6rmere 100 mann der, og i alt leverte N. Skandfers Baadbyggeri ca 300 b\u00e5ter.<\/strong> <\/span><\/p>\n<figure id=\"attachment_7163\" aria-describedby=\"caption-attachment-7163\" style=\"width: 600px\" class=\"wp-caption alignright\"><img loading=\"lazy\" decoding=\"async\" class=\"wp-image-7163\" src=\"https:\/\/lokalmagasinet.no\/wp-content\/uploads\/2021\/12\/Nils-Skandfer-60-ar-1024x724.png\" alt=\"\" width=\"600\" height=\"424\" srcset=\"https:\/\/lokalmagasinet.no\/wp-content\/uploads\/2021\/12\/Nils-Skandfer-60-ar-1024x724.png 1024w, https:\/\/lokalmagasinet.no\/wp-content\/uploads\/2021\/12\/Nils-Skandfer-60-ar-300x212.png 300w, https:\/\/lokalmagasinet.no\/wp-content\/uploads\/2021\/12\/Nils-Skandfer-60-ar-150x106.png 150w, https:\/\/lokalmagasinet.no\/wp-content\/uploads\/2021\/12\/Nils-Skandfer-60-ar-768x543.png 768w, https:\/\/lokalmagasinet.no\/wp-content\/uploads\/2021\/12\/Nils-Skandfer-60-ar.png 1263w\" sizes=\"auto, (max-width: 600px) 100vw, 600px\" \/><figcaption id=\"caption-attachment-7163\" class=\"wp-caption-text\">BILDET: Nils Skandfer fotografert da han var 60 \u00e5r gammel. (Fra digitaltmuseum.no)<\/figcaption><\/figure>\n<p><strong>TRE FORSKJELLIGE SKROGTYPER<\/strong><\/p>\n<p><span dir=\"ltr\" role=\"presentation\">Skandfer bygde sine b\u00e5ter over tre ulike skrogtyper: Sk\u00f8yter, <\/span><span dir=\"ltr\" role=\"presentation\">kuttere (med rett forstevn) og klippere. <\/span><\/p>\n<p><span dir=\"ltr\" role=\"presentation\">Sk\u00f8ytene var av den vanlige spissgattede, s\u00f8r\u00f8stnorske typen &#8211; n\u00e6r beslektet med Colin Archers los- og <\/span><span dir=\"ltr\" role=\"presentation\">redningssk\u00f8yter. <\/span><\/p>\n<p><span dir=\"ltr\" role=\"presentation\">De rettstevnede kuttere er arvtakere av de engelske fiskefart\u00f8yene som i stort antall ble solgt brukt til Norge. I tillegg til fiske- og fraktefart, ble <\/span><span dir=\"ltr\" role=\"presentation\">kutteren ogs\u00e5 mye brukt som lyst- og regattab\u00e5t. <\/span><\/p>\n<p><strong><span dir=\"ltr\" role=\"presentation\">Det er likevel klipperskroget\u00a0 som man s\u00e6rlig forbinder med Skandfer som b\u00e5tbygger. <\/span><\/strong><\/p>\n<p><span dir=\"ltr\" role=\"presentation\">Han kalte selv typen <\/span><span dir=\"ltr\" role=\"presentation\">for \u201dkutter med <\/span><span dir=\"ltr\" role=\"presentation\">foroverliggende baug\u201d, med en karakteristisk utoverhengende hekk som s\u00e6rlig kjennetegn. <\/span><\/p>\n<p><span dir=\"ltr\" role=\"presentation\">Skandferb\u00e5tene var for det meste galeasrigget. <\/span><\/p>\n<figure id=\"attachment_7155\" aria-describedby=\"caption-attachment-7155\" style=\"width: 1200px\" class=\"wp-caption aligncenter\"><img loading=\"lazy\" decoding=\"async\" class=\"wp-image-7155 size-full\" src=\"https:\/\/lokalmagasinet.no\/wp-content\/uploads\/2021\/12\/Annonse_fra_N._Skandfer_i_Tidens_Tegn_13.05.1914.jpg\" alt=\"\" width=\"1200\" height=\"305\" srcset=\"https:\/\/lokalmagasinet.no\/wp-content\/uploads\/2021\/12\/Annonse_fra_N._Skandfer_i_Tidens_Tegn_13.05.1914.jpg 1200w, https:\/\/lokalmagasinet.no\/wp-content\/uploads\/2021\/12\/Annonse_fra_N._Skandfer_i_Tidens_Tegn_13.05.1914-300x76.jpg 300w, https:\/\/lokalmagasinet.no\/wp-content\/uploads\/2021\/12\/Annonse_fra_N._Skandfer_i_Tidens_Tegn_13.05.1914-1024x260.jpg 1024w, https:\/\/lokalmagasinet.no\/wp-content\/uploads\/2021\/12\/Annonse_fra_N._Skandfer_i_Tidens_Tegn_13.05.1914-150x38.jpg 150w, https:\/\/lokalmagasinet.no\/wp-content\/uploads\/2021\/12\/Annonse_fra_N._Skandfer_i_Tidens_Tegn_13.05.1914-768x195.jpg 768w\" sizes=\"auto, (max-width: 1200px) 100vw, 1200px\" \/><figcaption id=\"caption-attachment-7155\" class=\"wp-caption-text\">Dette store reklamebanneret var \u00e5 se i mange aviser. P\u00e5 det meste arbeidet det n\u00e6rmere 100 mann her.<\/figcaption><\/figure>\n<p>&nbsp;<\/p>\n<p>Views: 304<\/p>","protected":false},"excerpt":{"rendered":"<p>Arbeidere ved Skandfers B\u00e5dbyggeri i Kulstadsj\u00f8en. (Foto fra digitaltmuseum.no) Nils Skandfer (1870-1954) ble f\u00f8dt p\u00e5 Ibestad ved Harstad. Han hadde ti \u00e5rs erfaring fra Lofot- og Finnmarksfiske f\u00f8r han, 27-\u00e5r &#8230; <\/p>\n<p class=\"read-more-container\"><a title=\"&laquo;Tre-skrogs&raquo; b\u00e5tbygger Nils Skandfer\" class=\"read-more button\" href=\"https:\/\/lokalmagasinet.no\/?p=5995#more-5995\">Les mer<span class=\"screen-reader-text\">&laquo;Tre-skrogs&raquo; b\u00e5tbygger Nils Skandfer<\/span><\/a><\/p>\n","protected":false},"author":6,"featured_media":9635,"comment_status":"closed","ping_status":"open","sticky":false,"template":"","format":"standard","meta":{"footnotes":""},"categories":[60,7],"tags":[],"class_list":["post-5995","post","type-post","status-publish","format-standard","has-post-thumbnail","hentry","category-batbygging","category-historisk-arkiv","resize-featured-image"],"yoast_head":"<!-- This site is optimized with the Yoast SEO plugin v27.4 - https:\/\/yoast.com\/product\/yoast-seo-wordpress\/ -->\n<title>&quot;Tre-skrogs&quot; b\u00e5tbygger Nils Skandfer | Lokalmagasinet.no<\/title>\n<meta name=\"robots\" content=\"index, follow, max-snippet:-1, max-image-preview:large, max-video-preview:-1\" \/>\n<link rel=\"canonical\" href=\"https:\/\/lokalmagasinet.no\/?p=5995\" \/>\n<meta property=\"og:locale\" content=\"nn_NO\" \/>\n<meta property=\"og:type\" content=\"article\" \/>\n<meta property=\"og:title\" content=\"&quot;Tre-skrogs&quot; b\u00e5tbygger Nils Skandfer | Lokalmagasinet.no\" \/>\n<meta property=\"og:description\" content=\"Arbeidere ved Skandfers B\u00e5dbyggeri i Kulstadsj\u00f8en. (Foto fra digitaltmuseum.no) Nils Skandfer (1870-1954) ble f\u00f8dt p\u00e5 Ibestad ved Harstad. Han hadde ti \u00e5rs erfaring fra Lofot- og Finnmarksfiske f\u00f8r han, 27-\u00e5r ... Les mer&laquo;Tre-skrogs&raquo; b\u00e5tbygger Nils Skandfer\" \/>\n<meta property=\"og:url\" content=\"https:\/\/lokalmagasinet.no\/?p=5995\" \/>\n<meta property=\"og:site_name\" content=\"Lokalmagasinet.no\" \/>\n<meta property=\"article:publisher\" content=\"https:\/\/www.facebook.com\/sveinharald.strand.1\" \/>\n<meta property=\"article:author\" content=\"https:\/\/www.facebook.com\/sveinharald.strand.1\" \/>\n<meta property=\"article:published_time\" content=\"2022-07-11T15:22:02+00:00\" \/>\n<meta property=\"article:modified_time\" content=\"2022-07-11T15:43:13+00:00\" \/>\n<meta property=\"og:image\" content=\"https:\/\/lokalmagasinet.no\/wp-content\/uploads\/2021\/03\/cropped-cropped-cropped-lmlogo-e1640691300821.jpg\" \/>\n\t<meta property=\"og:image:width\" content=\"72\" \/>\n\t<meta property=\"og:image:height\" content=\"118\" \/>\n\t<meta property=\"og:image:type\" content=\"image\/jpeg\" \/>\n<meta name=\"author\" content=\"Svein-Harald Strand\" \/>\n<meta name=\"twitter:card\" content=\"summary_large_image\" \/>\n<meta name=\"twitter:creator\" content=\"@LMExtra\" \/>\n<meta name=\"twitter:site\" content=\"@LMExtra\" \/>\n<meta name=\"twitter:label1\" content=\"Written by\" \/>\n\t<meta name=\"twitter:data1\" content=\"Svein-Harald Strand\" \/>\n\t<meta name=\"twitter:label2\" content=\"Est. reading time\" \/>\n\t<meta name=\"twitter:data2\" content=\"2 minutt\" \/>\n<script type=\"application\/ld+json\" class=\"yoast-schema-graph\">{\"@context\":\"https:\\\/\\\/schema.org\",\"@graph\":[{\"@type\":\"Article\",\"@id\":\"https:\\\/\\\/lokalmagasinet.no\\\/?p=5995#article\",\"isPartOf\":{\"@id\":\"https:\\\/\\\/lokalmagasinet.no\\\/?p=5995\"},\"author\":{\"name\":\"Svein-Harald Strand\",\"@id\":\"https:\\\/\\\/lokalmagasinet.no\\\/#\\\/schema\\\/person\\\/2e8d221708d3aaf6f577275b5bba4310\"},\"headline\":\"&laquo;Tre-skrogs&raquo; b\u00e5tbygger Nils Skandfer\",\"datePublished\":\"2022-07-11T15:22:02+00:00\",\"dateModified\":\"2022-07-11T15:43:13+00:00\",\"mainEntityOfPage\":{\"@id\":\"https:\\\/\\\/lokalmagasinet.no\\\/?p=5995\"},\"wordCount\":328,\"publisher\":{\"@id\":\"https:\\\/\\\/lokalmagasinet.no\\\/#organization\"},\"image\":{\"@id\":\"https:\\\/\\\/lokalmagasinet.no\\\/?p=5995#primaryimage\"},\"thumbnailUrl\":\"https:\\\/\\\/lokalmagasinet.no\\\/wp-content\\\/uploads\\\/2021\\\/03\\\/cropped-cropped-cropped-lmlogo-e1640691300821.jpg\",\"articleSection\":[\"B\u00e5tbygging\",\"Historisk\"],\"inLanguage\":\"nn-NO\"},{\"@type\":\"WebPage\",\"@id\":\"https:\\\/\\\/lokalmagasinet.no\\\/?p=5995\",\"url\":\"https:\\\/\\\/lokalmagasinet.no\\\/?p=5995\",\"name\":\"\\\"Tre-skrogs\\\" b\u00e5tbygger Nils Skandfer | Lokalmagasinet.no\",\"isPartOf\":{\"@id\":\"https:\\\/\\\/lokalmagasinet.no\\\/#website\"},\"primaryImageOfPage\":{\"@id\":\"https:\\\/\\\/lokalmagasinet.no\\\/?p=5995#primaryimage\"},\"image\":{\"@id\":\"https:\\\/\\\/lokalmagasinet.no\\\/?p=5995#primaryimage\"},\"thumbnailUrl\":\"https:\\\/\\\/lokalmagasinet.no\\\/wp-content\\\/uploads\\\/2021\\\/03\\\/cropped-cropped-cropped-lmlogo-e1640691300821.jpg\",\"datePublished\":\"2022-07-11T15:22:02+00:00\",\"dateModified\":\"2022-07-11T15:43:13+00:00\",\"breadcrumb\":{\"@id\":\"https:\\\/\\\/lokalmagasinet.no\\\/?p=5995#breadcrumb\"},\"inLanguage\":\"nn-NO\",\"potentialAction\":[{\"@type\":\"ReadAction\",\"target\":[\"https:\\\/\\\/lokalmagasinet.no\\\/?p=5995\"]}]},{\"@type\":\"ImageObject\",\"inLanguage\":\"nn-NO\",\"@id\":\"https:\\\/\\\/lokalmagasinet.no\\\/?p=5995#primaryimage\",\"url\":\"https:\\\/\\\/lokalmagasinet.no\\\/wp-content\\\/uploads\\\/2021\\\/03\\\/cropped-cropped-cropped-lmlogo-e1640691300821.jpg\",\"contentUrl\":\"https:\\\/\\\/lokalmagasinet.no\\\/wp-content\\\/uploads\\\/2021\\\/03\\\/cropped-cropped-cropped-lmlogo-e1640691300821.jpg\",\"width\":72,\"height\":118},{\"@type\":\"BreadcrumbList\",\"@id\":\"https:\\\/\\\/lokalmagasinet.no\\\/?p=5995#breadcrumb\",\"itemListElement\":[{\"@type\":\"ListItem\",\"position\":1,\"name\":\"Hjem\",\"item\":\"https:\\\/\\\/lokalmagasinet.no\\\/\"},{\"@type\":\"ListItem\",\"position\":2,\"name\":\"Ble kunstner, s\u00e5 politiker, ordf\u00f8rer og apoteker i Son\",\"item\":\"https:\\\/\\\/lokalmagasinet.no\\\/?p=4456\"},{\"@type\":\"ListItem\",\"position\":3,\"name\":\"&#8220;Tre-skrogs&#8221; b\u00e5tbygger Nils Skandfer\"}]},{\"@type\":\"WebSite\",\"@id\":\"https:\\\/\\\/lokalmagasinet.no\\\/#website\",\"url\":\"https:\\\/\\\/lokalmagasinet.no\\\/\",\"name\":\"Lokalmagasinet.no\",\"description\":\"Fra fortid og n\u00e5tid. Med st\u00e5sted i det n\u00e6re. Siden 2002.\",\"publisher\":{\"@id\":\"https:\\\/\\\/lokalmagasinet.no\\\/#organization\"},\"potentialAction\":[{\"@type\":\"SearchAction\",\"target\":{\"@type\":\"EntryPoint\",\"urlTemplate\":\"https:\\\/\\\/lokalmagasinet.no\\\/?s={search_term_string}\"},\"query-input\":{\"@type\":\"PropertyValueSpecification\",\"valueRequired\":true,\"valueName\":\"search_term_string\"}}],\"inLanguage\":\"nn-NO\"},{\"@type\":\"Organization\",\"@id\":\"https:\\\/\\\/lokalmagasinet.no\\\/#organization\",\"name\":\"Lokalmagasinet.no\",\"url\":\"https:\\\/\\\/lokalmagasinet.no\\\/\",\"logo\":{\"@type\":\"ImageObject\",\"inLanguage\":\"nn-NO\",\"@id\":\"https:\\\/\\\/lokalmagasinet.no\\\/#\\\/schema\\\/logo\\\/image\\\/\",\"url\":\"https:\\\/\\\/lokalmagasinet.no\\\/wp-content\\\/uploads\\\/2021\\\/03\\\/cropped-cropped-cropped-cropped-cropped-cropped-lmlogo-e1640691300821.jpg\",\"contentUrl\":\"https:\\\/\\\/lokalmagasinet.no\\\/wp-content\\\/uploads\\\/2021\\\/03\\\/cropped-cropped-cropped-cropped-cropped-cropped-lmlogo-e1640691300821.jpg\",\"width\":72,\"height\":118,\"caption\":\"Lokalmagasinet.no\"},\"image\":{\"@id\":\"https:\\\/\\\/lokalmagasinet.no\\\/#\\\/schema\\\/logo\\\/image\\\/\"},\"sameAs\":[\"https:\\\/\\\/www.facebook.com\\\/sveinharald.strand.1\",\"https:\\\/\\\/x.com\\\/LMExtra\"]},{\"@type\":\"Person\",\"@id\":\"https:\\\/\\\/lokalmagasinet.no\\\/#\\\/schema\\\/person\\\/2e8d221708d3aaf6f577275b5bba4310\",\"name\":\"Svein-Harald Strand\",\"image\":{\"@type\":\"ImageObject\",\"inLanguage\":\"nn-NO\",\"@id\":\"https:\\\/\\\/secure.gravatar.com\\\/avatar\\\/c487434bdf6cd7c12e4a88877ae4b12c38d22b7ad64292b49d33ed7503bb7ce1?s=96&d=mm&r=g\",\"url\":\"https:\\\/\\\/secure.gravatar.com\\\/avatar\\\/c487434bdf6cd7c12e4a88877ae4b12c38d22b7ad64292b49d33ed7503bb7ce1?s=96&d=mm&r=g\",\"contentUrl\":\"https:\\\/\\\/secure.gravatar.com\\\/avatar\\\/c487434bdf6cd7c12e4a88877ae4b12c38d22b7ad64292b49d33ed7503bb7ce1?s=96&d=mm&r=g\",\"caption\":\"Svein-Harald Strand\"},\"description\":\"(F. 26.12.1945) Redakt\u00f8r, journalist og informasjonsarbeider siden 1968. ||| I 1963: Redaksjonell praktikant i 8 m\u00e5neder p\u00e5 full tid i Helgeland Arbeiderblad i hjembyen Mosj\u00f8en. ||| Arbeidende pensjonist med hjemmekontor fra 2008 (AFP) og videre som folkepensjonist til n\u00e5.\",\"sameAs\":[\"https:\\\/\\\/lokalmagasinet.no\\\/\",\"https:\\\/\\\/www.facebook.com\\\/sveinharald.strand.1\",\"https:\\\/\\\/x.com\\\/LMExtra\"],\"url\":\"https:\\\/\\\/lokalmagasinet.no\\\/?author=6\"}]}<\/script>\n<!-- \/ Yoast SEO plugin. -->","yoast_head_json":{"title":"\"Tre-skrogs\" b\u00e5tbygger Nils Skandfer | Lokalmagasinet.no","robots":{"index":"index","follow":"follow","max-snippet":"max-snippet:-1","max-image-preview":"max-image-preview:large","max-video-preview":"max-video-preview:-1"},"canonical":"https:\/\/lokalmagasinet.no\/?p=5995","og_locale":"nn_NO","og_type":"article","og_title":"\"Tre-skrogs\" b\u00e5tbygger Nils Skandfer | Lokalmagasinet.no","og_description":"Arbeidere ved Skandfers B\u00e5dbyggeri i Kulstadsj\u00f8en. (Foto fra digitaltmuseum.no) Nils Skandfer (1870-1954) ble f\u00f8dt p\u00e5 Ibestad ved Harstad. Han hadde ti \u00e5rs erfaring fra Lofot- og Finnmarksfiske f\u00f8r han, 27-\u00e5r ... Les mer&laquo;Tre-skrogs&raquo; b\u00e5tbygger Nils Skandfer","og_url":"https:\/\/lokalmagasinet.no\/?p=5995","og_site_name":"Lokalmagasinet.no","article_publisher":"https:\/\/www.facebook.com\/sveinharald.strand.1","article_author":"https:\/\/www.facebook.com\/sveinharald.strand.1","article_published_time":"2022-07-11T15:22:02+00:00","article_modified_time":"2022-07-11T15:43:13+00:00","og_image":[{"width":72,"height":118,"url":"https:\/\/lokalmagasinet.no\/wp-content\/uploads\/2021\/03\/cropped-cropped-cropped-lmlogo-e1640691300821.jpg","type":"image\/jpeg"}],"author":"Svein-Harald Strand","twitter_card":"summary_large_image","twitter_creator":"@LMExtra","twitter_site":"@LMExtra","twitter_misc":{"Written by":"Svein-Harald Strand","Est. reading time":"2 minutt"},"schema":{"@context":"https:\/\/schema.org","@graph":[{"@type":"Article","@id":"https:\/\/lokalmagasinet.no\/?p=5995#article","isPartOf":{"@id":"https:\/\/lokalmagasinet.no\/?p=5995"},"author":{"name":"Svein-Harald Strand","@id":"https:\/\/lokalmagasinet.no\/#\/schema\/person\/2e8d221708d3aaf6f577275b5bba4310"},"headline":"&laquo;Tre-skrogs&raquo; b\u00e5tbygger Nils Skandfer","datePublished":"2022-07-11T15:22:02+00:00","dateModified":"2022-07-11T15:43:13+00:00","mainEntityOfPage":{"@id":"https:\/\/lokalmagasinet.no\/?p=5995"},"wordCount":328,"publisher":{"@id":"https:\/\/lokalmagasinet.no\/#organization"},"image":{"@id":"https:\/\/lokalmagasinet.no\/?p=5995#primaryimage"},"thumbnailUrl":"https:\/\/lokalmagasinet.no\/wp-content\/uploads\/2021\/03\/cropped-cropped-cropped-lmlogo-e1640691300821.jpg","articleSection":["B\u00e5tbygging","Historisk"],"inLanguage":"nn-NO"},{"@type":"WebPage","@id":"https:\/\/lokalmagasinet.no\/?p=5995","url":"https:\/\/lokalmagasinet.no\/?p=5995","name":"\"Tre-skrogs\" b\u00e5tbygger Nils Skandfer | Lokalmagasinet.no","isPartOf":{"@id":"https:\/\/lokalmagasinet.no\/#website"},"primaryImageOfPage":{"@id":"https:\/\/lokalmagasinet.no\/?p=5995#primaryimage"},"image":{"@id":"https:\/\/lokalmagasinet.no\/?p=5995#primaryimage"},"thumbnailUrl":"https:\/\/lokalmagasinet.no\/wp-content\/uploads\/2021\/03\/cropped-cropped-cropped-lmlogo-e1640691300821.jpg","datePublished":"2022-07-11T15:22:02+00:00","dateModified":"2022-07-11T15:43:13+00:00","breadcrumb":{"@id":"https:\/\/lokalmagasinet.no\/?p=5995#breadcrumb"},"inLanguage":"nn-NO","potentialAction":[{"@type":"ReadAction","target":["https:\/\/lokalmagasinet.no\/?p=5995"]}]},{"@type":"ImageObject","inLanguage":"nn-NO","@id":"https:\/\/lokalmagasinet.no\/?p=5995#primaryimage","url":"https:\/\/lokalmagasinet.no\/wp-content\/uploads\/2021\/03\/cropped-cropped-cropped-lmlogo-e1640691300821.jpg","contentUrl":"https:\/\/lokalmagasinet.no\/wp-content\/uploads\/2021\/03\/cropped-cropped-cropped-lmlogo-e1640691300821.jpg","width":72,"height":118},{"@type":"BreadcrumbList","@id":"https:\/\/lokalmagasinet.no\/?p=5995#breadcrumb","itemListElement":[{"@type":"ListItem","position":1,"name":"Hjem","item":"https:\/\/lokalmagasinet.no\/"},{"@type":"ListItem","position":2,"name":"Ble kunstner, s\u00e5 politiker, ordf\u00f8rer og apoteker i Son","item":"https:\/\/lokalmagasinet.no\/?p=4456"},{"@type":"ListItem","position":3,"name":"&#8220;Tre-skrogs&#8221; b\u00e5tbygger Nils Skandfer"}]},{"@type":"WebSite","@id":"https:\/\/lokalmagasinet.no\/#website","url":"https:\/\/lokalmagasinet.no\/","name":"Lokalmagasinet.no","description":"Fra fortid og n\u00e5tid. Med st\u00e5sted i det n\u00e6re. Siden 2002.","publisher":{"@id":"https:\/\/lokalmagasinet.no\/#organization"},"potentialAction":[{"@type":"SearchAction","target":{"@type":"EntryPoint","urlTemplate":"https:\/\/lokalmagasinet.no\/?s={search_term_string}"},"query-input":{"@type":"PropertyValueSpecification","valueRequired":true,"valueName":"search_term_string"}}],"inLanguage":"nn-NO"},{"@type":"Organization","@id":"https:\/\/lokalmagasinet.no\/#organization","name":"Lokalmagasinet.no","url":"https:\/\/lokalmagasinet.no\/","logo":{"@type":"ImageObject","inLanguage":"nn-NO","@id":"https:\/\/lokalmagasinet.no\/#\/schema\/logo\/image\/","url":"https:\/\/lokalmagasinet.no\/wp-content\/uploads\/2021\/03\/cropped-cropped-cropped-cropped-cropped-cropped-lmlogo-e1640691300821.jpg","contentUrl":"https:\/\/lokalmagasinet.no\/wp-content\/uploads\/2021\/03\/cropped-cropped-cropped-cropped-cropped-cropped-lmlogo-e1640691300821.jpg","width":72,"height":118,"caption":"Lokalmagasinet.no"},"image":{"@id":"https:\/\/lokalmagasinet.no\/#\/schema\/logo\/image\/"},"sameAs":["https:\/\/www.facebook.com\/sveinharald.strand.1","https:\/\/x.com\/LMExtra"]},{"@type":"Person","@id":"https:\/\/lokalmagasinet.no\/#\/schema\/person\/2e8d221708d3aaf6f577275b5bba4310","name":"Svein-Harald Strand","image":{"@type":"ImageObject","inLanguage":"nn-NO","@id":"https:\/\/secure.gravatar.com\/avatar\/c487434bdf6cd7c12e4a88877ae4b12c38d22b7ad64292b49d33ed7503bb7ce1?s=96&d=mm&r=g","url":"https:\/\/secure.gravatar.com\/avatar\/c487434bdf6cd7c12e4a88877ae4b12c38d22b7ad64292b49d33ed7503bb7ce1?s=96&d=mm&r=g","contentUrl":"https:\/\/secure.gravatar.com\/avatar\/c487434bdf6cd7c12e4a88877ae4b12c38d22b7ad64292b49d33ed7503bb7ce1?s=96&d=mm&r=g","caption":"Svein-Harald Strand"},"description":"(F. 26.12.1945) Redakt\u00f8r, journalist og informasjonsarbeider siden 1968. ||| I 1963: Redaksjonell praktikant i 8 m\u00e5neder p\u00e5 full tid i Helgeland Arbeiderblad i hjembyen Mosj\u00f8en. ||| Arbeidende pensjonist med hjemmekontor fra 2008 (AFP) og videre som folkepensjonist til n\u00e5.","sameAs":["https:\/\/lokalmagasinet.no\/","https:\/\/www.facebook.com\/sveinharald.strand.1","https:\/\/x.com\/LMExtra"],"url":"https:\/\/lokalmagasinet.no\/?author=6"}]}},"_links":{"self":[{"href":"https:\/\/lokalmagasinet.no\/index.php?rest_route=\/wp\/v2\/posts\/5995","targetHints":{"allow":["GET"]}}],"collection":[{"href":"https:\/\/lokalmagasinet.no\/index.php?rest_route=\/wp\/v2\/posts"}],"about":[{"href":"https:\/\/lokalmagasinet.no\/index.php?rest_route=\/wp\/v2\/types\/post"}],"author":[{"embeddable":true,"href":"https:\/\/lokalmagasinet.no\/index.php?rest_route=\/wp\/v2\/users\/6"}],"replies":[{"embeddable":true,"href":"https:\/\/lokalmagasinet.no\/index.php?rest_route=%2Fwp%2Fv2%2Fcomments&post=5995"}],"version-history":[{"count":28,"href":"https:\/\/lokalmagasinet.no\/index.php?rest_route=\/wp\/v2\/posts\/5995\/revisions"}],"predecessor-version":[{"id":11215,"href":"https:\/\/lokalmagasinet.no\/index.php?rest_route=\/wp\/v2\/posts\/5995\/revisions\/11215"}],"wp:featuredmedia":[{"embeddable":true,"href":"https:\/\/lokalmagasinet.no\/index.php?rest_route=\/wp\/v2\/media\/9635"}],"wp:attachment":[{"href":"https:\/\/lokalmagasinet.no\/index.php?rest_route=%2Fwp%2Fv2%2Fmedia&parent=5995"}],"wp:term":[{"taxonomy":"category","embeddable":true,"href":"https:\/\/lokalmagasinet.no\/index.php?rest_route=%2Fwp%2Fv2%2Fcategories&post=5995"},{"taxonomy":"post_tag","embeddable":true,"href":"https:\/\/lokalmagasinet.no\/index.php?rest_route=%2Fwp%2Fv2%2Ftags&post=5995"}],"curies":[{"name":"wp","href":"https:\/\/api.w.org\/{rel}","templated":true}]}}