{"id":6234,"date":"2025-02-03T01:01:38","date_gmt":"2025-02-03T00:01:38","guid":{"rendered":"https:\/\/lokalmagasinet.no\/?page_id=6234"},"modified":"2025-02-03T01:39:36","modified_gmt":"2025-02-03T00:39:36","slug":"hva-skjedde-med-windjammer-prosjektet","status":"publish","type":"post","link":"https:\/\/lokalmagasinet.no\/?p=6234","title":{"rendered":"Hva skjedde med Windjammer-prosjektet?"},"content":{"rendered":"<div align=\"center\">\n<h4><\/h4>\n<h5><\/h5>\n<h5 style=\"text-align: left;\"><strong><em>(Republisert 19. mars 2022 og 3. februar 2025.) <\/em>Disse republiseringene har et ekstra form\u00e5l utover \u00e5 trekke fram et spennende maritimt kulturprosjekt som vekket stor interesse for 18-20 \u00e5r siden. Ikke bare her i det n\u00e6re.<em> Men hva skjedde etter 2007?<\/em> <\/strong><\/h5>\n<h5 style=\"text-align: left;\"><strong>Lesere som har noe \u00e5 fortelle kan ta kontakt p\u00e5 denne epost-adressen: tipslokalmagasinet@gmail.com<em>.<\/em><\/strong><\/h5>\n<p>&nbsp;<\/p>\n<h4>Windjammer videre mot m\u00e5let<\/h4>\n<table class=\"it_side_basis\" border=\"0\" cellspacing=\"0\" cellpadding=\"0\">\n<tbody>\n<tr>\n<td class=\"ic_midten_basis\">\n<table class=\"it_midten_basis_2\" border=\"0\" cellspacing=\"0\" cellpadding=\"0\">\n<tbody>\n<tr>\n<td class=\"ic_hoved_basis\">\n<table border=\"0\" width=\"100%\" cellspacing=\"0\" cellpadding=\"0\">\n<tbody>\n<tr>\n<td class=\"ic_hoved\">\n<h2 align=\"center\"><img loading=\"lazy\" decoding=\"async\" src=\"http:\/\/web.archive.org\/web\/20130115144518im_\/http:\/\/www.lokalmagasinet.no\/ipub\/media\/windjamtegnliten.jpg\" alt=\"\" width=\"300\" height=\"187\" \/><\/h2>\n<p>(Fra LM 01.08.07) (Republisert 19.03.22 og 03.02.25)<span class=\"i_skrift_stor\"> <strong>Foreningen Windjammer i Son arbeider ufortr\u00f8dent videre med \u00e5 f\u00e5 finansiert og bygget et skoleseilskip for funksjonshemmede som skal ha base i Son.<br \/>\n<\/strong><\/span><\/p>\n<p><span class=\"i_skrift_stor\">N\u00e5 er foreningen igjen oppe og g\u00e5r med sin\u00a0<a href=\"http:\/\/web.archive.org\/web\/20130115144518\/http:\/\/www.foreningen-windjammer.no\/\">hjemmeside,<\/a>\u00a0melder sekret\u00e6r Jon E. Angvik til Lokalmagasinet.no.<br \/>\n<\/span><\/p>\n<p><span class=\"i_skrift_stor\">Lokalmagasinet.no arbeider p\u00e5 sin side med \u00e5 f\u00e5 oppdatert sin Windjammer-seksjon som du ser starten p\u00e5 nedenfor.<br \/>\n<\/span><\/p>\n<p><span class=\"i_skrift_stor\">Redaksjonen ser fram til \u00e5 videref\u00f8re et positivt samarbeid, som ble innledet da Windjammer-kontoret ble opprettet.<\/span><\/p>\n<h3 align=\"center\"><span class=\"ih_overskrift_4\">Slik blir funksjonshemmedes &laquo;Windjammer&raquo;<\/span><\/h3>\n<div align=\"center\"><img loading=\"lazy\" decoding=\"async\" src=\"http:\/\/web.archive.org\/web\/20130115144518im_\/http:\/\/www.lokalmagasinet.no\/ipub\/media\/windjamtegnliten.jpg\" alt=\"\" width=\"300\" height=\"187\" \/><\/div>\n<p><em><span class=\"i_skrift_stor\">Som f\u00f8rste medium kan Lokalmagasinet.no her vise skissetegningene av det planlagte seilskipet &laquo;Windjammer&raquo; som skal bygges for funksjonshemmede og ha base i Son. P\u00e5 et seminar som Foreningen Windjammer holdt p\u00e5 Catosenteret ble tegningene fra Rolls-Royce presentert av skipsingeni\u00f8r Tormod Hegvik.<\/span><\/em><strong><br \/>\n<\/strong><\/p>\n<h5 align=\"center\"><strong>Jon E. Angvik ny sekret\u00e6r i Foreningen Windjammer<br \/>\n<\/strong><\/h5>\n<p>Publisert 2005 <span class=\"i_skrift_stor\">(LM) <strong>Jon E. Angvik har overtatt som sekret\u00e6r i Foreningen Windjammer, som samler penger til en stor seilskute for funksjonshemmede (tegningen). Han etterf\u00f8lger Else Vivike, og har ogs\u00e5 overtatt hennes plass som bestyrer av kontoret i Sagaveien i Son. Kontoret har \u00e5pent hver uke tirsdag\u2013torsdag.<\/strong><\/span><\/p>\n<p>Foreningen jobber jevnt og trutt for \u00e5 f\u00e5 bygget et seilskip i &laquo;Christian Radich-klassen&raquo;, etter m\u00f8nster av to seilskip som er i drift i England.<br \/>\n<strong><br \/>\n<\/strong>Angvik overtar ogs\u00e5 oppgaven som redakt\u00f8r for informasjonsbladet Foreningen Windjammer, som kommer ut fire ganger i \u00e5ret, og nettstedet www.foreningen-windjammer.no.<strong><br \/>\n<\/strong><br \/>\nProsjektet st\u00f8ttes av Lokalmagasinet.no og utgiverselskapte Strand Prinfo som samarbeidspartner p\u00e5 informasjonssiden. Det vil f\u00e5 sin egen seksjon n\u00e5r nettstedet p\u00e5 senvinteren kommer p\u00e5 ny publiseringsplattform.<\/p>\n<p>Du finner flere saker om Windjammer-prosjektet lenger nede p\u00e5 denne siden.<strong><br \/>\n<\/strong><strong><br \/>\n<\/strong><\/p>\n<h2 align=\"center\"><span class=\"ih_overskrift_4\"><strong>&laquo;Windjammer&raquo; til 150-200 mill. kr<\/strong><\/span><\/h2>\n<p>Publisert 2005 <span class=\"i_skrift_stor\">(LM) <strong>Det trengs vind i seilene fra b\u00e5de Extra-midler og mange andre store pengegaver for \u00e5 f\u00e5 realisert planene om et stort seilskip for funksjonshemmede. <\/strong><\/span><\/p>\n<p><span class=\"i_skrift_stor\">Det Son-baserte &laquo;Windjammer&raquo;-prosjektet har forel\u00f8pig et grovt kostnadsoverslag p\u00e5 mellom 150 og 200 millioner kroner.<\/span><\/p>\n<p>Foreningen Windjammer arbeider blant annet for \u00e5 skaffe nordiske midler til prosjektet. EU-midler kan ogs\u00e5 v\u00e6re en mulighet.<\/p>\n<p><strong>Det dr\u00f8yt 200 fot store skipet kan st\u00e5 ferdig i l\u00f8pet av seks til \u00e5tte \u00e5r, het det i de f\u00f8rste overslagene.<\/strong><\/td>\n<\/tr>\n<\/tbody>\n<\/table>\n<\/td>\n<\/tr>\n<\/tbody>\n<\/table>\n<\/td>\n<\/tr>\n<tr>\n<td class=\"ic_bunn_basis\">\n<table border=\"0\" width=\"100%\" cellspacing=\"0\" cellpadding=\"0\">\n<tbody>\n<tr>\n<td class=\"ic_bunn\"><\/td>\n<\/tr>\n<\/tbody>\n<\/table>\n<\/td>\n<\/tr>\n<\/tbody>\n<\/table>\n<p>&nbsp;<\/p>\n<\/div>\n<p>&nbsp;<\/p>\n<table border=\"0\" width=\"100%\" cellspacing=\"0\" cellpadding=\"0\">\n<tbody>\n<tr>\n<td class=\"ic_design\"><\/td>\n<\/tr>\n<\/tbody>\n<\/table>\n<p>&nbsp;<\/p>\n<p>Views: 115<\/p>","protected":false},"excerpt":{"rendered":"<p>(Republisert 19. mars 2022 og 3. februar 2025.) Disse republiseringene har et ekstra form\u00e5l utover \u00e5 trekke fram et spennende maritimt kulturprosjekt som vekket stor interesse for 18-20 \u00e5r siden. &#8230; <\/p>\n<p class=\"read-more-container\"><a title=\"Hva skjedde med Windjammer-prosjektet?\" class=\"read-more button\" href=\"https:\/\/lokalmagasinet.no\/?p=6234#more-6234\">Les mer<span class=\"screen-reader-text\">Hva skjedde med Windjammer-prosjektet?<\/span><\/a><\/p>\n","protected":false},"author":6,"featured_media":1874,"comment_status":"closed","ping_status":"closed","sticky":false,"template":"","format":"standard","meta":{"footnotes":""},"categories":[1,7],"tags":[],"class_list":["post-6234","post","type-post","status-publish","format-standard","has-post-thumbnail","hentry","category-aktuelt","category-historisk-arkiv"],"yoast_head":"<!-- This site is optimized with the Yoast SEO plugin v27.4 - https:\/\/yoast.com\/product\/yoast-seo-wordpress\/ -->\n<title>Hva skjedde med Windjammer-prosjektet? | Lokalmagasinet.no<\/title>\n<meta name=\"robots\" content=\"index, follow, max-snippet:-1, max-image-preview:large, max-video-preview:-1\" \/>\n<link rel=\"canonical\" href=\"https:\/\/lokalmagasinet.no\/?p=6234\" \/>\n<meta property=\"og:locale\" content=\"nn_NO\" \/>\n<meta property=\"og:type\" content=\"article\" \/>\n<meta property=\"og:title\" content=\"Hva skjedde med Windjammer-prosjektet? | Lokalmagasinet.no\" \/>\n<meta property=\"og:description\" content=\"(Republisert 19. mars 2022 og 3. februar 2025.) Disse republiseringene har et ekstra form\u00e5l utover \u00e5 trekke fram et spennende maritimt kulturprosjekt som vekket stor interesse for 18-20 \u00e5r siden. ... Les merHva skjedde med Windjammer-prosjektet?\" \/>\n<meta property=\"og:url\" content=\"https:\/\/lokalmagasinet.no\/?p=6234\" \/>\n<meta property=\"og:site_name\" content=\"Lokalmagasinet.no\" \/>\n<meta property=\"article:publisher\" content=\"https:\/\/www.facebook.com\/sveinharald.strand.1\" \/>\n<meta property=\"article:author\" content=\"https:\/\/www.facebook.com\/sveinharald.strand.1\" \/>\n<meta property=\"article:published_time\" content=\"2025-02-03T00:01:38+00:00\" \/>\n<meta property=\"article:modified_time\" content=\"2025-02-03T00:39:36+00:00\" \/>\n<meta property=\"og:image\" content=\"https:\/\/lokalmagasinet.no\/wp-content\/uploads\/2021\/03\/journalism1_200-e1651420362191.jpg\" \/>\n\t<meta property=\"og:image:width\" content=\"100\" \/>\n\t<meta property=\"og:image:height\" content=\"122\" \/>\n\t<meta property=\"og:image:type\" content=\"image\/jpeg\" \/>\n<meta name=\"author\" content=\"Svein-Harald Strand\" \/>\n<meta name=\"twitter:card\" content=\"summary_large_image\" \/>\n<meta name=\"twitter:creator\" content=\"@LMExtra\" \/>\n<meta name=\"twitter:site\" content=\"@LMExtra\" \/>\n<meta name=\"twitter:label1\" content=\"Written by\" \/>\n\t<meta name=\"twitter:data1\" content=\"Svein-Harald Strand\" \/>\n\t<meta name=\"twitter:label2\" content=\"Est. reading time\" \/>\n\t<meta name=\"twitter:data2\" content=\"2 minutt\" \/>\n<script type=\"application\/ld+json\" class=\"yoast-schema-graph\">{\"@context\":\"https:\\\/\\\/schema.org\",\"@graph\":[{\"@type\":\"Article\",\"@id\":\"https:\\\/\\\/lokalmagasinet.no\\\/?p=6234#article\",\"isPartOf\":{\"@id\":\"https:\\\/\\\/lokalmagasinet.no\\\/?p=6234\"},\"author\":{\"name\":\"Svein-Harald Strand\",\"@id\":\"https:\\\/\\\/lokalmagasinet.no\\\/#\\\/schema\\\/person\\\/2e8d221708d3aaf6f577275b5bba4310\"},\"headline\":\"Hva skjedde med Windjammer-prosjektet?\",\"datePublished\":\"2025-02-03T00:01:38+00:00\",\"dateModified\":\"2025-02-03T00:39:36+00:00\",\"mainEntityOfPage\":{\"@id\":\"https:\\\/\\\/lokalmagasinet.no\\\/?p=6234\"},\"wordCount\":426,\"publisher\":{\"@id\":\"https:\\\/\\\/lokalmagasinet.no\\\/#organization\"},\"image\":{\"@id\":\"https:\\\/\\\/lokalmagasinet.no\\\/?p=6234#primaryimage\"},\"thumbnailUrl\":\"https:\\\/\\\/lokalmagasinet.no\\\/wp-content\\\/uploads\\\/2021\\\/03\\\/journalism1_200-e1651420362191.jpg\",\"articleSection\":[\"Aktuelt\",\"Historisk\"],\"inLanguage\":\"nn-NO\"},{\"@type\":\"WebPage\",\"@id\":\"https:\\\/\\\/lokalmagasinet.no\\\/?p=6234\",\"url\":\"https:\\\/\\\/lokalmagasinet.no\\\/?p=6234\",\"name\":\"Hva skjedde med Windjammer-prosjektet? | Lokalmagasinet.no\",\"isPartOf\":{\"@id\":\"https:\\\/\\\/lokalmagasinet.no\\\/#website\"},\"primaryImageOfPage\":{\"@id\":\"https:\\\/\\\/lokalmagasinet.no\\\/?p=6234#primaryimage\"},\"image\":{\"@id\":\"https:\\\/\\\/lokalmagasinet.no\\\/?p=6234#primaryimage\"},\"thumbnailUrl\":\"https:\\\/\\\/lokalmagasinet.no\\\/wp-content\\\/uploads\\\/2021\\\/03\\\/journalism1_200-e1651420362191.jpg\",\"datePublished\":\"2025-02-03T00:01:38+00:00\",\"dateModified\":\"2025-02-03T00:39:36+00:00\",\"breadcrumb\":{\"@id\":\"https:\\\/\\\/lokalmagasinet.no\\\/?p=6234#breadcrumb\"},\"inLanguage\":\"nn-NO\",\"potentialAction\":[{\"@type\":\"ReadAction\",\"target\":[\"https:\\\/\\\/lokalmagasinet.no\\\/?p=6234\"]}]},{\"@type\":\"ImageObject\",\"inLanguage\":\"nn-NO\",\"@id\":\"https:\\\/\\\/lokalmagasinet.no\\\/?p=6234#primaryimage\",\"url\":\"https:\\\/\\\/lokalmagasinet.no\\\/wp-content\\\/uploads\\\/2021\\\/03\\\/journalism1_200-e1651420362191.jpg\",\"contentUrl\":\"https:\\\/\\\/lokalmagasinet.no\\\/wp-content\\\/uploads\\\/2021\\\/03\\\/journalism1_200-e1651420362191.jpg\",\"width\":100,\"height\":122},{\"@type\":\"BreadcrumbList\",\"@id\":\"https:\\\/\\\/lokalmagasinet.no\\\/?p=6234#breadcrumb\",\"itemListElement\":[{\"@type\":\"ListItem\",\"position\":1,\"name\":\"Hjem\",\"item\":\"https:\\\/\\\/lokalmagasinet.no\\\/\"},{\"@type\":\"ListItem\",\"position\":2,\"name\":\"Hva skjedde med Windjammer-prosjektet?\"}]},{\"@type\":\"WebSite\",\"@id\":\"https:\\\/\\\/lokalmagasinet.no\\\/#website\",\"url\":\"https:\\\/\\\/lokalmagasinet.no\\\/\",\"name\":\"Lokalmagasinet.no\",\"description\":\"Fra fortid og n\u00e5tid. Med st\u00e5sted i det n\u00e6re. Siden 2002.\",\"publisher\":{\"@id\":\"https:\\\/\\\/lokalmagasinet.no\\\/#organization\"},\"potentialAction\":[{\"@type\":\"SearchAction\",\"target\":{\"@type\":\"EntryPoint\",\"urlTemplate\":\"https:\\\/\\\/lokalmagasinet.no\\\/?s={search_term_string}\"},\"query-input\":{\"@type\":\"PropertyValueSpecification\",\"valueRequired\":true,\"valueName\":\"search_term_string\"}}],\"inLanguage\":\"nn-NO\"},{\"@type\":\"Organization\",\"@id\":\"https:\\\/\\\/lokalmagasinet.no\\\/#organization\",\"name\":\"Lokalmagasinet.no\",\"url\":\"https:\\\/\\\/lokalmagasinet.no\\\/\",\"logo\":{\"@type\":\"ImageObject\",\"inLanguage\":\"nn-NO\",\"@id\":\"https:\\\/\\\/lokalmagasinet.no\\\/#\\\/schema\\\/logo\\\/image\\\/\",\"url\":\"https:\\\/\\\/lokalmagasinet.no\\\/wp-content\\\/uploads\\\/2021\\\/03\\\/cropped-cropped-cropped-cropped-cropped-cropped-lmlogo-e1640691300821.jpg\",\"contentUrl\":\"https:\\\/\\\/lokalmagasinet.no\\\/wp-content\\\/uploads\\\/2021\\\/03\\\/cropped-cropped-cropped-cropped-cropped-cropped-lmlogo-e1640691300821.jpg\",\"width\":72,\"height\":118,\"caption\":\"Lokalmagasinet.no\"},\"image\":{\"@id\":\"https:\\\/\\\/lokalmagasinet.no\\\/#\\\/schema\\\/logo\\\/image\\\/\"},\"sameAs\":[\"https:\\\/\\\/www.facebook.com\\\/sveinharald.strand.1\",\"https:\\\/\\\/x.com\\\/LMExtra\"]},{\"@type\":\"Person\",\"@id\":\"https:\\\/\\\/lokalmagasinet.no\\\/#\\\/schema\\\/person\\\/2e8d221708d3aaf6f577275b5bba4310\",\"name\":\"Svein-Harald Strand\",\"image\":{\"@type\":\"ImageObject\",\"inLanguage\":\"nn-NO\",\"@id\":\"https:\\\/\\\/secure.gravatar.com\\\/avatar\\\/c487434bdf6cd7c12e4a88877ae4b12c38d22b7ad64292b49d33ed7503bb7ce1?s=96&d=mm&r=g\",\"url\":\"https:\\\/\\\/secure.gravatar.com\\\/avatar\\\/c487434bdf6cd7c12e4a88877ae4b12c38d22b7ad64292b49d33ed7503bb7ce1?s=96&d=mm&r=g\",\"contentUrl\":\"https:\\\/\\\/secure.gravatar.com\\\/avatar\\\/c487434bdf6cd7c12e4a88877ae4b12c38d22b7ad64292b49d33ed7503bb7ce1?s=96&d=mm&r=g\",\"caption\":\"Svein-Harald Strand\"},\"description\":\"(F. 26.12.1945) Redakt\u00f8r, journalist og informasjonsarbeider siden 1968. ||| I 1963: Redaksjonell praktikant i 8 m\u00e5neder p\u00e5 full tid i Helgeland Arbeiderblad i hjembyen Mosj\u00f8en. ||| Arbeidende pensjonist med hjemmekontor fra 2008 (AFP) og videre som folkepensjonist til n\u00e5.\",\"sameAs\":[\"https:\\\/\\\/lokalmagasinet.no\\\/\",\"https:\\\/\\\/www.facebook.com\\\/sveinharald.strand.1\",\"https:\\\/\\\/x.com\\\/LMExtra\"],\"url\":\"https:\\\/\\\/lokalmagasinet.no\\\/?author=6\"}]}<\/script>\n<!-- \/ Yoast SEO plugin. -->","yoast_head_json":{"title":"Hva skjedde med Windjammer-prosjektet? | Lokalmagasinet.no","robots":{"index":"index","follow":"follow","max-snippet":"max-snippet:-1","max-image-preview":"max-image-preview:large","max-video-preview":"max-video-preview:-1"},"canonical":"https:\/\/lokalmagasinet.no\/?p=6234","og_locale":"nn_NO","og_type":"article","og_title":"Hva skjedde med Windjammer-prosjektet? | Lokalmagasinet.no","og_description":"(Republisert 19. mars 2022 og 3. februar 2025.) Disse republiseringene har et ekstra form\u00e5l utover \u00e5 trekke fram et spennende maritimt kulturprosjekt som vekket stor interesse for 18-20 \u00e5r siden. ... Les merHva skjedde med Windjammer-prosjektet?","og_url":"https:\/\/lokalmagasinet.no\/?p=6234","og_site_name":"Lokalmagasinet.no","article_publisher":"https:\/\/www.facebook.com\/sveinharald.strand.1","article_author":"https:\/\/www.facebook.com\/sveinharald.strand.1","article_published_time":"2025-02-03T00:01:38+00:00","article_modified_time":"2025-02-03T00:39:36+00:00","og_image":[{"width":100,"height":122,"url":"https:\/\/lokalmagasinet.no\/wp-content\/uploads\/2021\/03\/journalism1_200-e1651420362191.jpg","type":"image\/jpeg"}],"author":"Svein-Harald Strand","twitter_card":"summary_large_image","twitter_creator":"@LMExtra","twitter_site":"@LMExtra","twitter_misc":{"Written by":"Svein-Harald Strand","Est. reading time":"2 minutt"},"schema":{"@context":"https:\/\/schema.org","@graph":[{"@type":"Article","@id":"https:\/\/lokalmagasinet.no\/?p=6234#article","isPartOf":{"@id":"https:\/\/lokalmagasinet.no\/?p=6234"},"author":{"name":"Svein-Harald Strand","@id":"https:\/\/lokalmagasinet.no\/#\/schema\/person\/2e8d221708d3aaf6f577275b5bba4310"},"headline":"Hva skjedde med Windjammer-prosjektet?","datePublished":"2025-02-03T00:01:38+00:00","dateModified":"2025-02-03T00:39:36+00:00","mainEntityOfPage":{"@id":"https:\/\/lokalmagasinet.no\/?p=6234"},"wordCount":426,"publisher":{"@id":"https:\/\/lokalmagasinet.no\/#organization"},"image":{"@id":"https:\/\/lokalmagasinet.no\/?p=6234#primaryimage"},"thumbnailUrl":"https:\/\/lokalmagasinet.no\/wp-content\/uploads\/2021\/03\/journalism1_200-e1651420362191.jpg","articleSection":["Aktuelt","Historisk"],"inLanguage":"nn-NO"},{"@type":"WebPage","@id":"https:\/\/lokalmagasinet.no\/?p=6234","url":"https:\/\/lokalmagasinet.no\/?p=6234","name":"Hva skjedde med Windjammer-prosjektet? | Lokalmagasinet.no","isPartOf":{"@id":"https:\/\/lokalmagasinet.no\/#website"},"primaryImageOfPage":{"@id":"https:\/\/lokalmagasinet.no\/?p=6234#primaryimage"},"image":{"@id":"https:\/\/lokalmagasinet.no\/?p=6234#primaryimage"},"thumbnailUrl":"https:\/\/lokalmagasinet.no\/wp-content\/uploads\/2021\/03\/journalism1_200-e1651420362191.jpg","datePublished":"2025-02-03T00:01:38+00:00","dateModified":"2025-02-03T00:39:36+00:00","breadcrumb":{"@id":"https:\/\/lokalmagasinet.no\/?p=6234#breadcrumb"},"inLanguage":"nn-NO","potentialAction":[{"@type":"ReadAction","target":["https:\/\/lokalmagasinet.no\/?p=6234"]}]},{"@type":"ImageObject","inLanguage":"nn-NO","@id":"https:\/\/lokalmagasinet.no\/?p=6234#primaryimage","url":"https:\/\/lokalmagasinet.no\/wp-content\/uploads\/2021\/03\/journalism1_200-e1651420362191.jpg","contentUrl":"https:\/\/lokalmagasinet.no\/wp-content\/uploads\/2021\/03\/journalism1_200-e1651420362191.jpg","width":100,"height":122},{"@type":"BreadcrumbList","@id":"https:\/\/lokalmagasinet.no\/?p=6234#breadcrumb","itemListElement":[{"@type":"ListItem","position":1,"name":"Hjem","item":"https:\/\/lokalmagasinet.no\/"},{"@type":"ListItem","position":2,"name":"Hva skjedde med Windjammer-prosjektet?"}]},{"@type":"WebSite","@id":"https:\/\/lokalmagasinet.no\/#website","url":"https:\/\/lokalmagasinet.no\/","name":"Lokalmagasinet.no","description":"Fra fortid og n\u00e5tid. Med st\u00e5sted i det n\u00e6re. Siden 2002.","publisher":{"@id":"https:\/\/lokalmagasinet.no\/#organization"},"potentialAction":[{"@type":"SearchAction","target":{"@type":"EntryPoint","urlTemplate":"https:\/\/lokalmagasinet.no\/?s={search_term_string}"},"query-input":{"@type":"PropertyValueSpecification","valueRequired":true,"valueName":"search_term_string"}}],"inLanguage":"nn-NO"},{"@type":"Organization","@id":"https:\/\/lokalmagasinet.no\/#organization","name":"Lokalmagasinet.no","url":"https:\/\/lokalmagasinet.no\/","logo":{"@type":"ImageObject","inLanguage":"nn-NO","@id":"https:\/\/lokalmagasinet.no\/#\/schema\/logo\/image\/","url":"https:\/\/lokalmagasinet.no\/wp-content\/uploads\/2021\/03\/cropped-cropped-cropped-cropped-cropped-cropped-lmlogo-e1640691300821.jpg","contentUrl":"https:\/\/lokalmagasinet.no\/wp-content\/uploads\/2021\/03\/cropped-cropped-cropped-cropped-cropped-cropped-lmlogo-e1640691300821.jpg","width":72,"height":118,"caption":"Lokalmagasinet.no"},"image":{"@id":"https:\/\/lokalmagasinet.no\/#\/schema\/logo\/image\/"},"sameAs":["https:\/\/www.facebook.com\/sveinharald.strand.1","https:\/\/x.com\/LMExtra"]},{"@type":"Person","@id":"https:\/\/lokalmagasinet.no\/#\/schema\/person\/2e8d221708d3aaf6f577275b5bba4310","name":"Svein-Harald Strand","image":{"@type":"ImageObject","inLanguage":"nn-NO","@id":"https:\/\/secure.gravatar.com\/avatar\/c487434bdf6cd7c12e4a88877ae4b12c38d22b7ad64292b49d33ed7503bb7ce1?s=96&d=mm&r=g","url":"https:\/\/secure.gravatar.com\/avatar\/c487434bdf6cd7c12e4a88877ae4b12c38d22b7ad64292b49d33ed7503bb7ce1?s=96&d=mm&r=g","contentUrl":"https:\/\/secure.gravatar.com\/avatar\/c487434bdf6cd7c12e4a88877ae4b12c38d22b7ad64292b49d33ed7503bb7ce1?s=96&d=mm&r=g","caption":"Svein-Harald Strand"},"description":"(F. 26.12.1945) Redakt\u00f8r, journalist og informasjonsarbeider siden 1968. ||| I 1963: Redaksjonell praktikant i 8 m\u00e5neder p\u00e5 full tid i Helgeland Arbeiderblad i hjembyen Mosj\u00f8en. ||| Arbeidende pensjonist med hjemmekontor fra 2008 (AFP) og videre som folkepensjonist til n\u00e5.","sameAs":["https:\/\/lokalmagasinet.no\/","https:\/\/www.facebook.com\/sveinharald.strand.1","https:\/\/x.com\/LMExtra"],"url":"https:\/\/lokalmagasinet.no\/?author=6"}]}},"_links":{"self":[{"href":"https:\/\/lokalmagasinet.no\/index.php?rest_route=\/wp\/v2\/posts\/6234","targetHints":{"allow":["GET"]}}],"collection":[{"href":"https:\/\/lokalmagasinet.no\/index.php?rest_route=\/wp\/v2\/posts"}],"about":[{"href":"https:\/\/lokalmagasinet.no\/index.php?rest_route=\/wp\/v2\/types\/post"}],"author":[{"embeddable":true,"href":"https:\/\/lokalmagasinet.no\/index.php?rest_route=\/wp\/v2\/users\/6"}],"replies":[{"embeddable":true,"href":"https:\/\/lokalmagasinet.no\/index.php?rest_route=%2Fwp%2Fv2%2Fcomments&post=6234"}],"version-history":[{"count":16,"href":"https:\/\/lokalmagasinet.no\/index.php?rest_route=\/wp\/v2\/posts\/6234\/revisions"}],"predecessor-version":[{"id":25690,"href":"https:\/\/lokalmagasinet.no\/index.php?rest_route=\/wp\/v2\/posts\/6234\/revisions\/25690"}],"wp:featuredmedia":[{"embeddable":true,"href":"https:\/\/lokalmagasinet.no\/index.php?rest_route=\/wp\/v2\/media\/1874"}],"wp:attachment":[{"href":"https:\/\/lokalmagasinet.no\/index.php?rest_route=%2Fwp%2Fv2%2Fmedia&parent=6234"}],"wp:term":[{"taxonomy":"category","embeddable":true,"href":"https:\/\/lokalmagasinet.no\/index.php?rest_route=%2Fwp%2Fv2%2Fcategories&post=6234"},{"taxonomy":"post_tag","embeddable":true,"href":"https:\/\/lokalmagasinet.no\/index.php?rest_route=%2Fwp%2Fv2%2Ftags&post=6234"}],"curies":[{"name":"wp","href":"https:\/\/api.w.org\/{rel}","templated":true}]}}