{"id":6413,"date":"2021-11-07T14:09:54","date_gmt":"2021-11-07T13:09:54","guid":{"rendered":"https:\/\/lokalmagasinet.no\/?p=6413"},"modified":"2024-02-16T13:24:27","modified_gmt":"2024-02-16T12:24:27","slug":"mosjoen-magasin-lokalt-er-sa-mangt","status":"publish","type":"post","link":"https:\/\/lokalmagasinet.no\/?p=6413","title":{"rendered":"Lokalt er s\u00e5 mangt&#8230;"},"content":{"rendered":"<p><a href=\"http:\/\/https:\/\/lokalmagasinet.no\/mosjoen-magasin-litt-fra-midt-i-norge\/\"><img loading=\"lazy\" decoding=\"async\" class=\"aligncenter wp-image-3366 size-full\" src=\"https:\/\/lokalmagasinet.no\/wp-content\/uploads\/2021\/05\/vinterdagimosjoen.jpg\" alt=\"\" width=\"1024\" height=\"781\" srcset=\"https:\/\/lokalmagasinet.no\/wp-content\/uploads\/2021\/05\/vinterdagimosjoen.jpg 1024w, https:\/\/lokalmagasinet.no\/wp-content\/uploads\/2021\/05\/vinterdagimosjoen-300x229.jpg 300w, https:\/\/lokalmagasinet.no\/wp-content\/uploads\/2021\/05\/vinterdagimosjoen-768x586.jpg 768w\" sizes=\"auto, (max-width: 1024px) 100vw, 1024px\" \/><\/a><\/p>\n<p><em>Typisk senvinterbilde fra &laquo;byflata&raquo; i byen midt i Norge. <\/em>(Foto: \u00d8yvinn Hjorthen)<\/p>\n<p>(Fra LM 07.11.21) (Republisert 16.02.24) <strong>Helt siden Lokalmagasinets barndom i 2003 har vi hatt f\u00f8lge av et minimagasin. Det ble rett nok ikke oppdatert i lange perioder, og det har kort sagt v\u00e6rt mye til og fra. Men med ny publiserer kom ogs\u00e5 nye muligheter for \u00e5 speile litt fra redakt\u00f8rens hjemby.<\/strong><\/p>\n<p>Og konseptet med \u00e5 publisere gamle og nyere enkeltbilder, sammen med en fyldig bildetekst, har v\u00e6rt en overraskende suksess. I samhandling med lokale sosiale medier, det er s\u00e5 &#8211; men ikke som fast ordning.<\/p>\n<p>Faktisk har ingen av de seneste oppdateringene hatt forh\u00e5ndsvisninger p\u00e5 Facebook.<\/p>\n<p><strong>Likevel viser v\u00e5r p\u00e5litelige statistikk at Mosj\u00f8enMagasin er den femte mest leste av v\u00e5re sider.<\/strong><\/p>\n<p>At den ligger p\u00e5 andreplass m\u00e5lt etter <em>Hits<\/em> er jo ogs\u00e5 hyggelig, men trenger en forklaring: Denne m\u00e5leenheten speiler en blanding av visninger og antall bilder\/illustrasjoner. Og sistnevnte er som nevnt en b\u00e6rebjelke i konseptet.<\/p>\n<p><strong>For \u00e5 markere suksessen ligger n\u00e5 lenka til magasinet som frittst\u00e5ende objekt i menyen. Velkommen dit, ogs\u00e5 dere som har hjemstavn andre steder!<\/strong><\/p>\n<p>Typografien ble tidligere i h\u00f8st endret etter at det ble lagt inn nye f\u00f8ringer i publisereren som redakt\u00f8ren ikke synes noe s\u00e6rlig om. Men les og se &#8211; og s\u00e5 tar vi opp typografien som et forbedringspunkt internt.<\/p>\n<p>Views: 1066<\/p>","protected":false},"excerpt":{"rendered":"<p>Typisk senvinterbilde fra &laquo;byflata&raquo; i byen midt i Norge. (Foto: \u00d8yvinn Hjorthen) (Fra LM 07.11.21) (Republisert 16.02.24) Helt siden Lokalmagasinets barndom i 2003 har vi hatt f\u00f8lge av et minimagasin. &#8230; <\/p>\n<p class=\"read-more-container\"><a title=\"Lokalt er s\u00e5 mangt&#8230;\" class=\"read-more button\" href=\"https:\/\/lokalmagasinet.no\/?p=6413#more-6413\">Les mer<span class=\"screen-reader-text\">Lokalt er s\u00e5 mangt&#8230;<\/span><\/a><\/p>\n","protected":false},"author":6,"featured_media":0,"comment_status":"closed","ping_status":"closed","sticky":false,"template":"","format":"standard","meta":{"footnotes":""},"categories":[1],"tags":[],"class_list":["post-6413","post","type-post","status-publish","format-standard","hentry","category-aktuelt"],"yoast_head":"<!-- This site is optimized with the Yoast SEO plugin v27.5 - https:\/\/yoast.com\/product\/yoast-seo-wordpress\/ -->\n<title>Lokalt er s\u00e5 mangt... | Lokalmagasinet.no<\/title>\n<meta name=\"robots\" content=\"index, follow, max-snippet:-1, max-image-preview:large, max-video-preview:-1\" \/>\n<link rel=\"canonical\" href=\"https:\/\/lokalmagasinet.no\/?p=6413\" \/>\n<meta property=\"og:locale\" content=\"nn_NO\" \/>\n<meta property=\"og:type\" content=\"article\" \/>\n<meta property=\"og:title\" content=\"Lokalt er s\u00e5 mangt... | Lokalmagasinet.no\" \/>\n<meta property=\"og:description\" content=\"Typisk senvinterbilde fra &laquo;byflata&raquo; i byen midt i Norge. (Foto: \u00d8yvinn Hjorthen) (Fra LM 07.11.21) (Republisert 16.02.24) Helt siden Lokalmagasinets barndom i 2003 har vi hatt f\u00f8lge av et minimagasin. ... Les merLokalt er s\u00e5 mangt&#8230;\" \/>\n<meta property=\"og:url\" content=\"https:\/\/lokalmagasinet.no\/?p=6413\" \/>\n<meta property=\"og:site_name\" content=\"Lokalmagasinet.no\" \/>\n<meta property=\"article:publisher\" content=\"https:\/\/www.facebook.com\/sveinharald.strand.1\" \/>\n<meta property=\"article:author\" content=\"https:\/\/www.facebook.com\/sveinharald.strand.1\" \/>\n<meta property=\"article:published_time\" content=\"2021-11-07T13:09:54+00:00\" \/>\n<meta property=\"article:modified_time\" content=\"2024-02-16T12:24:27+00:00\" \/>\n<meta property=\"og:image\" content=\"https:\/\/lokalmagasinet.no\/wp-content\/uploads\/2021\/05\/vinterdagimosjoen.jpg\" \/>\n<meta name=\"author\" content=\"Svein-Harald Strand\" \/>\n<meta name=\"twitter:card\" content=\"summary_large_image\" \/>\n<meta name=\"twitter:creator\" content=\"@LMExtra\" \/>\n<meta name=\"twitter:site\" content=\"@LMExtra\" \/>\n<meta name=\"twitter:label1\" content=\"Written by\" \/>\n\t<meta name=\"twitter:data1\" content=\"Svein-Harald Strand\" \/>\n\t<meta name=\"twitter:label2\" content=\"Est. reading time\" \/>\n\t<meta name=\"twitter:data2\" content=\"1 minutt\" \/>\n<script type=\"application\/ld+json\" class=\"yoast-schema-graph\">{\"@context\":\"https:\\\/\\\/schema.org\",\"@graph\":[{\"@type\":\"Article\",\"@id\":\"https:\\\/\\\/lokalmagasinet.no\\\/?p=6413#article\",\"isPartOf\":{\"@id\":\"https:\\\/\\\/lokalmagasinet.no\\\/?p=6413\"},\"author\":{\"name\":\"Svein-Harald Strand\",\"@id\":\"https:\\\/\\\/lokalmagasinet.no\\\/#\\\/schema\\\/person\\\/2e8d221708d3aaf6f577275b5bba4310\"},\"headline\":\"Lokalt er s\u00e5 mangt&#8230;\",\"datePublished\":\"2021-11-07T13:09:54+00:00\",\"dateModified\":\"2024-02-16T12:24:27+00:00\",\"mainEntityOfPage\":{\"@id\":\"https:\\\/\\\/lokalmagasinet.no\\\/?p=6413\"},\"wordCount\":236,\"publisher\":{\"@id\":\"https:\\\/\\\/lokalmagasinet.no\\\/#organization\"},\"image\":{\"@id\":\"https:\\\/\\\/lokalmagasinet.no\\\/?p=6413#primaryimage\"},\"thumbnailUrl\":\"https:\\\/\\\/lokalmagasinet.no\\\/wp-content\\\/uploads\\\/2021\\\/05\\\/vinterdagimosjoen.jpg\",\"articleSection\":[\"Aktuelt\"],\"inLanguage\":\"nn-NO\"},{\"@type\":\"WebPage\",\"@id\":\"https:\\\/\\\/lokalmagasinet.no\\\/?p=6413\",\"url\":\"https:\\\/\\\/lokalmagasinet.no\\\/?p=6413\",\"name\":\"Lokalt er s\u00e5 mangt... | Lokalmagasinet.no\",\"isPartOf\":{\"@id\":\"https:\\\/\\\/lokalmagasinet.no\\\/#website\"},\"primaryImageOfPage\":{\"@id\":\"https:\\\/\\\/lokalmagasinet.no\\\/?p=6413#primaryimage\"},\"image\":{\"@id\":\"https:\\\/\\\/lokalmagasinet.no\\\/?p=6413#primaryimage\"},\"thumbnailUrl\":\"https:\\\/\\\/lokalmagasinet.no\\\/wp-content\\\/uploads\\\/2021\\\/05\\\/vinterdagimosjoen.jpg\",\"datePublished\":\"2021-11-07T13:09:54+00:00\",\"dateModified\":\"2024-02-16T12:24:27+00:00\",\"breadcrumb\":{\"@id\":\"https:\\\/\\\/lokalmagasinet.no\\\/?p=6413#breadcrumb\"},\"inLanguage\":\"nn-NO\",\"potentialAction\":[{\"@type\":\"ReadAction\",\"target\":[\"https:\\\/\\\/lokalmagasinet.no\\\/?p=6413\"]}]},{\"@type\":\"ImageObject\",\"inLanguage\":\"nn-NO\",\"@id\":\"https:\\\/\\\/lokalmagasinet.no\\\/?p=6413#primaryimage\",\"url\":\"https:\\\/\\\/lokalmagasinet.no\\\/wp-content\\\/uploads\\\/2021\\\/05\\\/vinterdagimosjoen.jpg\",\"contentUrl\":\"https:\\\/\\\/lokalmagasinet.no\\\/wp-content\\\/uploads\\\/2021\\\/05\\\/vinterdagimosjoen.jpg\",\"width\":1024,\"height\":781,\"caption\":\"(Foto: \u00d8yvinn Hjorthen)\"},{\"@type\":\"BreadcrumbList\",\"@id\":\"https:\\\/\\\/lokalmagasinet.no\\\/?p=6413#breadcrumb\",\"itemListElement\":[{\"@type\":\"ListItem\",\"position\":1,\"name\":\"Hjem\",\"item\":\"https:\\\/\\\/lokalmagasinet.no\\\/\"},{\"@type\":\"ListItem\",\"position\":2,\"name\":\"Lokalt er s\u00e5 mangt&#8230;\"}]},{\"@type\":\"WebSite\",\"@id\":\"https:\\\/\\\/lokalmagasinet.no\\\/#website\",\"url\":\"https:\\\/\\\/lokalmagasinet.no\\\/\",\"name\":\"Lokalmagasinet.no\",\"description\":\"Fra fortid og n\u00e5tid. Med st\u00e5sted i det n\u00e6re. Siden 2002.\",\"publisher\":{\"@id\":\"https:\\\/\\\/lokalmagasinet.no\\\/#organization\"},\"potentialAction\":[{\"@type\":\"SearchAction\",\"target\":{\"@type\":\"EntryPoint\",\"urlTemplate\":\"https:\\\/\\\/lokalmagasinet.no\\\/?s={search_term_string}\"},\"query-input\":{\"@type\":\"PropertyValueSpecification\",\"valueRequired\":true,\"valueName\":\"search_term_string\"}}],\"inLanguage\":\"nn-NO\"},{\"@type\":\"Organization\",\"@id\":\"https:\\\/\\\/lokalmagasinet.no\\\/#organization\",\"name\":\"Lokalmagasinet.no\",\"url\":\"https:\\\/\\\/lokalmagasinet.no\\\/\",\"logo\":{\"@type\":\"ImageObject\",\"inLanguage\":\"nn-NO\",\"@id\":\"https:\\\/\\\/lokalmagasinet.no\\\/#\\\/schema\\\/logo\\\/image\\\/\",\"url\":\"https:\\\/\\\/lokalmagasinet.no\\\/wp-content\\\/uploads\\\/2021\\\/03\\\/cropped-cropped-cropped-cropped-cropped-cropped-lmlogo-e1640691300821.jpg\",\"contentUrl\":\"https:\\\/\\\/lokalmagasinet.no\\\/wp-content\\\/uploads\\\/2021\\\/03\\\/cropped-cropped-cropped-cropped-cropped-cropped-lmlogo-e1640691300821.jpg\",\"width\":72,\"height\":118,\"caption\":\"Lokalmagasinet.no\"},\"image\":{\"@id\":\"https:\\\/\\\/lokalmagasinet.no\\\/#\\\/schema\\\/logo\\\/image\\\/\"},\"sameAs\":[\"https:\\\/\\\/www.facebook.com\\\/sveinharald.strand.1\",\"https:\\\/\\\/x.com\\\/LMExtra\"]},{\"@type\":\"Person\",\"@id\":\"https:\\\/\\\/lokalmagasinet.no\\\/#\\\/schema\\\/person\\\/2e8d221708d3aaf6f577275b5bba4310\",\"name\":\"Svein-Harald Strand\",\"image\":{\"@type\":\"ImageObject\",\"inLanguage\":\"nn-NO\",\"@id\":\"https:\\\/\\\/secure.gravatar.com\\\/avatar\\\/c487434bdf6cd7c12e4a88877ae4b12c38d22b7ad64292b49d33ed7503bb7ce1?s=96&d=mm&r=g\",\"url\":\"https:\\\/\\\/secure.gravatar.com\\\/avatar\\\/c487434bdf6cd7c12e4a88877ae4b12c38d22b7ad64292b49d33ed7503bb7ce1?s=96&d=mm&r=g\",\"contentUrl\":\"https:\\\/\\\/secure.gravatar.com\\\/avatar\\\/c487434bdf6cd7c12e4a88877ae4b12c38d22b7ad64292b49d33ed7503bb7ce1?s=96&d=mm&r=g\",\"caption\":\"Svein-Harald Strand\"},\"description\":\"(F. 26.12.1945) Redakt\u00f8r, journalist og informasjonsarbeider siden 1968. ||| I 1963: Redaksjonell praktikant i 8 m\u00e5neder p\u00e5 full tid i Helgeland Arbeiderblad i hjembyen Mosj\u00f8en. ||| Arbeidende pensjonist med hjemmekontor fra 2008 (AFP) og videre som folkepensjonist til n\u00e5.\",\"sameAs\":[\"https:\\\/\\\/lokalmagasinet.no\\\/\",\"https:\\\/\\\/www.facebook.com\\\/sveinharald.strand.1\",\"https:\\\/\\\/x.com\\\/LMExtra\"],\"url\":\"https:\\\/\\\/lokalmagasinet.no\\\/?author=6\"}]}<\/script>\n<!-- \/ Yoast SEO plugin. -->","yoast_head_json":{"title":"Lokalt er s\u00e5 mangt... | Lokalmagasinet.no","robots":{"index":"index","follow":"follow","max-snippet":"max-snippet:-1","max-image-preview":"max-image-preview:large","max-video-preview":"max-video-preview:-1"},"canonical":"https:\/\/lokalmagasinet.no\/?p=6413","og_locale":"nn_NO","og_type":"article","og_title":"Lokalt er s\u00e5 mangt... | Lokalmagasinet.no","og_description":"Typisk senvinterbilde fra &laquo;byflata&raquo; i byen midt i Norge. (Foto: \u00d8yvinn Hjorthen) (Fra LM 07.11.21) (Republisert 16.02.24) Helt siden Lokalmagasinets barndom i 2003 har vi hatt f\u00f8lge av et minimagasin. ... Les merLokalt er s\u00e5 mangt&#8230;","og_url":"https:\/\/lokalmagasinet.no\/?p=6413","og_site_name":"Lokalmagasinet.no","article_publisher":"https:\/\/www.facebook.com\/sveinharald.strand.1","article_author":"https:\/\/www.facebook.com\/sveinharald.strand.1","article_published_time":"2021-11-07T13:09:54+00:00","article_modified_time":"2024-02-16T12:24:27+00:00","og_image":[{"url":"https:\/\/lokalmagasinet.no\/wp-content\/uploads\/2021\/05\/vinterdagimosjoen.jpg","type":"","width":"","height":""}],"author":"Svein-Harald Strand","twitter_card":"summary_large_image","twitter_creator":"@LMExtra","twitter_site":"@LMExtra","twitter_misc":{"Written by":"Svein-Harald Strand","Est. reading time":"1 minutt"},"schema":{"@context":"https:\/\/schema.org","@graph":[{"@type":"Article","@id":"https:\/\/lokalmagasinet.no\/?p=6413#article","isPartOf":{"@id":"https:\/\/lokalmagasinet.no\/?p=6413"},"author":{"name":"Svein-Harald Strand","@id":"https:\/\/lokalmagasinet.no\/#\/schema\/person\/2e8d221708d3aaf6f577275b5bba4310"},"headline":"Lokalt er s\u00e5 mangt&#8230;","datePublished":"2021-11-07T13:09:54+00:00","dateModified":"2024-02-16T12:24:27+00:00","mainEntityOfPage":{"@id":"https:\/\/lokalmagasinet.no\/?p=6413"},"wordCount":236,"publisher":{"@id":"https:\/\/lokalmagasinet.no\/#organization"},"image":{"@id":"https:\/\/lokalmagasinet.no\/?p=6413#primaryimage"},"thumbnailUrl":"https:\/\/lokalmagasinet.no\/wp-content\/uploads\/2021\/05\/vinterdagimosjoen.jpg","articleSection":["Aktuelt"],"inLanguage":"nn-NO"},{"@type":"WebPage","@id":"https:\/\/lokalmagasinet.no\/?p=6413","url":"https:\/\/lokalmagasinet.no\/?p=6413","name":"Lokalt er s\u00e5 mangt... | Lokalmagasinet.no","isPartOf":{"@id":"https:\/\/lokalmagasinet.no\/#website"},"primaryImageOfPage":{"@id":"https:\/\/lokalmagasinet.no\/?p=6413#primaryimage"},"image":{"@id":"https:\/\/lokalmagasinet.no\/?p=6413#primaryimage"},"thumbnailUrl":"https:\/\/lokalmagasinet.no\/wp-content\/uploads\/2021\/05\/vinterdagimosjoen.jpg","datePublished":"2021-11-07T13:09:54+00:00","dateModified":"2024-02-16T12:24:27+00:00","breadcrumb":{"@id":"https:\/\/lokalmagasinet.no\/?p=6413#breadcrumb"},"inLanguage":"nn-NO","potentialAction":[{"@type":"ReadAction","target":["https:\/\/lokalmagasinet.no\/?p=6413"]}]},{"@type":"ImageObject","inLanguage":"nn-NO","@id":"https:\/\/lokalmagasinet.no\/?p=6413#primaryimage","url":"https:\/\/lokalmagasinet.no\/wp-content\/uploads\/2021\/05\/vinterdagimosjoen.jpg","contentUrl":"https:\/\/lokalmagasinet.no\/wp-content\/uploads\/2021\/05\/vinterdagimosjoen.jpg","width":1024,"height":781,"caption":"(Foto: \u00d8yvinn Hjorthen)"},{"@type":"BreadcrumbList","@id":"https:\/\/lokalmagasinet.no\/?p=6413#breadcrumb","itemListElement":[{"@type":"ListItem","position":1,"name":"Hjem","item":"https:\/\/lokalmagasinet.no\/"},{"@type":"ListItem","position":2,"name":"Lokalt er s\u00e5 mangt&#8230;"}]},{"@type":"WebSite","@id":"https:\/\/lokalmagasinet.no\/#website","url":"https:\/\/lokalmagasinet.no\/","name":"Lokalmagasinet.no","description":"Fra fortid og n\u00e5tid. Med st\u00e5sted i det n\u00e6re. Siden 2002.","publisher":{"@id":"https:\/\/lokalmagasinet.no\/#organization"},"potentialAction":[{"@type":"SearchAction","target":{"@type":"EntryPoint","urlTemplate":"https:\/\/lokalmagasinet.no\/?s={search_term_string}"},"query-input":{"@type":"PropertyValueSpecification","valueRequired":true,"valueName":"search_term_string"}}],"inLanguage":"nn-NO"},{"@type":"Organization","@id":"https:\/\/lokalmagasinet.no\/#organization","name":"Lokalmagasinet.no","url":"https:\/\/lokalmagasinet.no\/","logo":{"@type":"ImageObject","inLanguage":"nn-NO","@id":"https:\/\/lokalmagasinet.no\/#\/schema\/logo\/image\/","url":"https:\/\/lokalmagasinet.no\/wp-content\/uploads\/2021\/03\/cropped-cropped-cropped-cropped-cropped-cropped-lmlogo-e1640691300821.jpg","contentUrl":"https:\/\/lokalmagasinet.no\/wp-content\/uploads\/2021\/03\/cropped-cropped-cropped-cropped-cropped-cropped-lmlogo-e1640691300821.jpg","width":72,"height":118,"caption":"Lokalmagasinet.no"},"image":{"@id":"https:\/\/lokalmagasinet.no\/#\/schema\/logo\/image\/"},"sameAs":["https:\/\/www.facebook.com\/sveinharald.strand.1","https:\/\/x.com\/LMExtra"]},{"@type":"Person","@id":"https:\/\/lokalmagasinet.no\/#\/schema\/person\/2e8d221708d3aaf6f577275b5bba4310","name":"Svein-Harald Strand","image":{"@type":"ImageObject","inLanguage":"nn-NO","@id":"https:\/\/secure.gravatar.com\/avatar\/c487434bdf6cd7c12e4a88877ae4b12c38d22b7ad64292b49d33ed7503bb7ce1?s=96&d=mm&r=g","url":"https:\/\/secure.gravatar.com\/avatar\/c487434bdf6cd7c12e4a88877ae4b12c38d22b7ad64292b49d33ed7503bb7ce1?s=96&d=mm&r=g","contentUrl":"https:\/\/secure.gravatar.com\/avatar\/c487434bdf6cd7c12e4a88877ae4b12c38d22b7ad64292b49d33ed7503bb7ce1?s=96&d=mm&r=g","caption":"Svein-Harald Strand"},"description":"(F. 26.12.1945) Redakt\u00f8r, journalist og informasjonsarbeider siden 1968. ||| I 1963: Redaksjonell praktikant i 8 m\u00e5neder p\u00e5 full tid i Helgeland Arbeiderblad i hjembyen Mosj\u00f8en. ||| Arbeidende pensjonist med hjemmekontor fra 2008 (AFP) og videre som folkepensjonist til n\u00e5.","sameAs":["https:\/\/lokalmagasinet.no\/","https:\/\/www.facebook.com\/sveinharald.strand.1","https:\/\/x.com\/LMExtra"],"url":"https:\/\/lokalmagasinet.no\/?author=6"}]}},"_links":{"self":[{"href":"https:\/\/lokalmagasinet.no\/index.php?rest_route=\/wp\/v2\/posts\/6413","targetHints":{"allow":["GET"]}}],"collection":[{"href":"https:\/\/lokalmagasinet.no\/index.php?rest_route=\/wp\/v2\/posts"}],"about":[{"href":"https:\/\/lokalmagasinet.no\/index.php?rest_route=\/wp\/v2\/types\/post"}],"author":[{"embeddable":true,"href":"https:\/\/lokalmagasinet.no\/index.php?rest_route=\/wp\/v2\/users\/6"}],"replies":[{"embeddable":true,"href":"https:\/\/lokalmagasinet.no\/index.php?rest_route=%2Fwp%2Fv2%2Fcomments&post=6413"}],"version-history":[{"count":10,"href":"https:\/\/lokalmagasinet.no\/index.php?rest_route=\/wp\/v2\/posts\/6413\/revisions"}],"predecessor-version":[{"id":21991,"href":"https:\/\/lokalmagasinet.no\/index.php?rest_route=\/wp\/v2\/posts\/6413\/revisions\/21991"}],"wp:attachment":[{"href":"https:\/\/lokalmagasinet.no\/index.php?rest_route=%2Fwp%2Fv2%2Fmedia&parent=6413"}],"wp:term":[{"taxonomy":"category","embeddable":true,"href":"https:\/\/lokalmagasinet.no\/index.php?rest_route=%2Fwp%2Fv2%2Fcategories&post=6413"},{"taxonomy":"post_tag","embeddable":true,"href":"https:\/\/lokalmagasinet.no\/index.php?rest_route=%2Fwp%2Fv2%2Ftags&post=6413"}],"curies":[{"name":"wp","href":"https:\/\/api.w.org\/{rel}","templated":true}]}}