{"id":7533,"date":"2022-01-26T23:51:33","date_gmt":"2022-01-26T22:51:33","guid":{"rendered":"https:\/\/lokalmagasinet.no\/?p=7533"},"modified":"2022-01-27T00:16:41","modified_gmt":"2022-01-26T23:16:41","slug":"forsinket-kaseri-sent-pa-en-onsdag","status":"publish","type":"post","link":"https:\/\/lokalmagasinet.no\/?p=7533","title":{"rendered":"FORSINKET K\u00c5SERI &#8211; SENT P\u00c5 EN ONSDAG"},"content":{"rendered":"<p><img loading=\"lazy\" decoding=\"async\" class=\"alignleft wp-image-6591\" src=\"https:\/\/lokalmagasinet.no\/wp-content\/uploads\/2021\/11\/Grevlingen-var-300x196.jpg\" alt=\"\" width=\"250\" height=\"163\" srcset=\"https:\/\/lokalmagasinet.no\/wp-content\/uploads\/2021\/11\/Grevlingen-var-300x196.jpg 300w, https:\/\/lokalmagasinet.no\/wp-content\/uploads\/2021\/11\/Grevlingen-var-1024x669.jpg 1024w, https:\/\/lokalmagasinet.no\/wp-content\/uploads\/2021\/11\/Grevlingen-var-150x98.jpg 150w, https:\/\/lokalmagasinet.no\/wp-content\/uploads\/2021\/11\/Grevlingen-var-768x502.jpg 768w, https:\/\/lokalmagasinet.no\/wp-content\/uploads\/2021\/11\/Grevlingen-var.jpg 1366w\" sizes=\"auto, (max-width: 250px) 100vw, 250px\" \/><\/p>\n<p>(K\u00e5seri) (Publisert 26.01.22) <strong>K\u00e5serier er ikke det f\u00f8rste, enn si det andre, man kaster seg over p\u00e5 en onsdag &#8211; eller hvilken som helset annen ukedag. <\/strong><\/p>\n<p><em>(Bildet: Redakt\u00f8rens ustressede katt fikk et langt og godt liv.)<\/em><\/p>\n<p>F\u00d8RST P\u00c5 OPPGAVELISTA for en skrivende redakt\u00f8r som meg st\u00e5r alltid nyheter og reportasjer.<\/p>\n<p>Og for tiden, med relativt h\u00f8y prioritet &#8211; som dere vet og ser:<\/p>\n<p>Republisering av utvalgte saker fra en publiseringsl\u00f8sning og godt over \u00e5tte tusen filer, alts\u00e5 sider med stoff, da serveren til v\u00e5r leverand\u00f8r gikk fl\u00f8yten. Ja, det st\u00e5r ogs\u00e5 p\u00e5 oppgavelista.<\/p>\n<p>Dette k\u00e5seriet ble s\u00e5vidt p\u00e5begynt for maaange dager siden, dere. S\u00e5 temaet er spikret &#8211; og hvorfor ikke f\u00e5 det unnagjort?<\/p>\n<p>Javel da!<\/p>\n<p>Her kommer f\u00f8rst <em>de to korte avsnittene<\/em> jeg hadde skriblet ned. Mer var det faktisk ikke, og kall det gjerne begynnelsen p\u00e5 en kladd:<\/p>\n<p style=\"text-align: left;\">Det n\u00e6rmer seg b\u00e5de det ene og andre. Hele tiden. Og stadig flere oppgaver skal tas h\u00e5nd om. Stadig fortere. Rundt neste sving ser vi plutselig&#8230; J\u00d8SS, er det n\u00e5?<\/p>\n<p style=\"text-align: left;\"><strong>&laquo;<em>Stress p\u00e5 godt og ondt<\/em>&raquo; <\/strong>heter en bok fra 1972 av den internasjonalt kjente fysiologen K\u00e5re Rodahl (1917-2008) &#8211; ogs\u00e5 kjent som hoppetauets far &#8211; fra Br\u00f8nn\u00f8y i Helgeland. Den handler om et begrep som dengang ikke ble fullt s\u00e5 mye brukt som det etter hvert ble.<\/p>\n<p style=\"text-align: left;\">Stress, ja. Og jeg er sikker p\u00e5 at boka hadde f\u00e5tt den samme tittelen dersom den hadde blitt nyutgitt i dag, 50 \u00e5r senere, men selvsagt med et tidsoppdatert innhold. For vi gjorde det jo stadig mer &#8211; alts\u00e5 stresset, i hverdagen &#8211; etter hvert som ti\u00e5rene rant p\u00e5.<\/p>\n<p>Likevel: Er det de riktige og viktige tingene vi strever med &#8211; nei,<strong> etter<\/strong>, som det heter i en annen boktittel, <em><strong>&laquo;Hva strever vi etter&raquo;<\/strong><\/em>? Eller som det vel kan sies i en forsinket kronikk: Hva er det godt for, det vi strever etter?<\/p>\n<p>Men stopp n\u00e5 litt. At<em><strong> vi<\/strong><strong> strever<\/strong> <\/em>har ikke n\u00f8dvendigvis samme meningsinnhold som at <em><strong>vi<\/strong><\/em> <em><strong>stresser. <\/strong><\/em>Det f\u00f8rste ordet er for meg positivt ladet. Og omvendt for det andre.<\/p>\n<p>Tenk p\u00e5 det, dere. Og skriv gjerne noen ord selv!<\/p>\n<p><strong>P.S. <\/strong><a href=\"https:\/\/nbl.snl.no\/K%C3%A5re_Rodahl\">K\u00e5re Rodahl ble 1988 utnevnt til ridder av 1. klasse av St. Olavs Orden.<\/a><\/p>\n<h5><em>St.<\/em><\/h5>\n<p>&nbsp;<\/p>\n<p>Views: 478<\/p>","protected":false},"excerpt":{"rendered":"<p>(K\u00e5seri) (Publisert 26.01.22) K\u00e5serier er ikke det f\u00f8rste, enn si det andre, man kaster seg over p\u00e5 en onsdag &#8211; eller hvilken som helset annen ukedag. (Bildet: Redakt\u00f8rens ustressede katt &#8230; <\/p>\n<p class=\"read-more-container\"><a title=\"FORSINKET K\u00c5SERI &#8211; SENT P\u00c5 EN ONSDAG\" class=\"read-more button\" href=\"https:\/\/lokalmagasinet.no\/?p=7533#more-7533\">Les mer<span class=\"screen-reader-text\">FORSINKET K\u00c5SERI &#8211; SENT P\u00c5 EN ONSDAG<\/span><\/a><\/p>\n","protected":false},"author":6,"featured_media":6283,"comment_status":"closed","ping_status":"open","sticky":false,"template":"","format":"standard","meta":{"footnotes":""},"categories":[1],"tags":[],"class_list":["post-7533","post","type-post","status-publish","format-standard","has-post-thumbnail","hentry","category-aktuelt"],"yoast_head":"<!-- This site is optimized with the Yoast SEO plugin v27.4 - https:\/\/yoast.com\/product\/yoast-seo-wordpress\/ -->\n<title>FORSINKET K\u00c5SERI - SENT P\u00c5 EN ONSDAG | Lokalmagasinet.no<\/title>\n<meta name=\"robots\" content=\"index, follow, max-snippet:-1, max-image-preview:large, max-video-preview:-1\" \/>\n<link rel=\"canonical\" href=\"https:\/\/lokalmagasinet.no\/?p=7533\" \/>\n<meta property=\"og:locale\" content=\"nn_NO\" \/>\n<meta property=\"og:type\" content=\"article\" \/>\n<meta property=\"og:title\" content=\"FORSINKET K\u00c5SERI - SENT P\u00c5 EN ONSDAG | Lokalmagasinet.no\" \/>\n<meta property=\"og:description\" content=\"(K\u00e5seri) (Publisert 26.01.22) K\u00e5serier er ikke det f\u00f8rste, enn si det andre, man kaster seg over p\u00e5 en onsdag &#8211; eller hvilken som helset annen ukedag. (Bildet: Redakt\u00f8rens ustressede katt ... Les merFORSINKET K\u00c5SERI &#8211; SENT P\u00c5 EN ONSDAG\" \/>\n<meta property=\"og:url\" content=\"https:\/\/lokalmagasinet.no\/?p=7533\" \/>\n<meta property=\"og:site_name\" content=\"Lokalmagasinet.no\" \/>\n<meta property=\"article:publisher\" content=\"https:\/\/www.facebook.com\/sveinharald.strand.1\" \/>\n<meta property=\"article:author\" content=\"https:\/\/www.facebook.com\/sveinharald.strand.1\" \/>\n<meta property=\"article:published_time\" content=\"2022-01-26T22:51:33+00:00\" \/>\n<meta property=\"article:modified_time\" content=\"2022-01-26T23:16:41+00:00\" \/>\n<meta property=\"og:image\" content=\"https:\/\/lokalmagasinet.no\/wp-content\/uploads\/2021\/11\/journalism2stock200.jpg\" \/>\n\t<meta property=\"og:image:width\" content=\"200\" \/>\n\t<meta property=\"og:image:height\" content=\"165\" \/>\n\t<meta property=\"og:image:type\" content=\"image\/jpeg\" \/>\n<meta name=\"author\" content=\"Svein-Harald Strand\" \/>\n<meta name=\"twitter:card\" content=\"summary_large_image\" \/>\n<meta name=\"twitter:creator\" content=\"@LMExtra\" \/>\n<meta name=\"twitter:site\" content=\"@LMExtra\" \/>\n<meta name=\"twitter:label1\" content=\"Written by\" \/>\n\t<meta name=\"twitter:data1\" content=\"Svein-Harald Strand\" \/>\n\t<meta name=\"twitter:label2\" content=\"Est. reading time\" \/>\n\t<meta name=\"twitter:data2\" content=\"2 minutt\" \/>\n<script type=\"application\/ld+json\" class=\"yoast-schema-graph\">{\"@context\":\"https:\\\/\\\/schema.org\",\"@graph\":[{\"@type\":\"Article\",\"@id\":\"https:\\\/\\\/lokalmagasinet.no\\\/?p=7533#article\",\"isPartOf\":{\"@id\":\"https:\\\/\\\/lokalmagasinet.no\\\/?p=7533\"},\"author\":{\"name\":\"Svein-Harald Strand\",\"@id\":\"https:\\\/\\\/lokalmagasinet.no\\\/#\\\/schema\\\/person\\\/2e8d221708d3aaf6f577275b5bba4310\"},\"headline\":\"FORSINKET K\u00c5SERI &#8211; SENT P\u00c5 EN ONSDAG\",\"datePublished\":\"2022-01-26T22:51:33+00:00\",\"dateModified\":\"2022-01-26T23:16:41+00:00\",\"mainEntityOfPage\":{\"@id\":\"https:\\\/\\\/lokalmagasinet.no\\\/?p=7533\"},\"wordCount\":399,\"publisher\":{\"@id\":\"https:\\\/\\\/lokalmagasinet.no\\\/#organization\"},\"image\":{\"@id\":\"https:\\\/\\\/lokalmagasinet.no\\\/?p=7533#primaryimage\"},\"thumbnailUrl\":\"https:\\\/\\\/lokalmagasinet.no\\\/wp-content\\\/uploads\\\/2021\\\/11\\\/journalism2stock200.jpg\",\"articleSection\":[\"Aktuelt\"],\"inLanguage\":\"nn-NO\"},{\"@type\":\"WebPage\",\"@id\":\"https:\\\/\\\/lokalmagasinet.no\\\/?p=7533\",\"url\":\"https:\\\/\\\/lokalmagasinet.no\\\/?p=7533\",\"name\":\"FORSINKET K\u00c5SERI - SENT P\u00c5 EN ONSDAG | Lokalmagasinet.no\",\"isPartOf\":{\"@id\":\"https:\\\/\\\/lokalmagasinet.no\\\/#website\"},\"primaryImageOfPage\":{\"@id\":\"https:\\\/\\\/lokalmagasinet.no\\\/?p=7533#primaryimage\"},\"image\":{\"@id\":\"https:\\\/\\\/lokalmagasinet.no\\\/?p=7533#primaryimage\"},\"thumbnailUrl\":\"https:\\\/\\\/lokalmagasinet.no\\\/wp-content\\\/uploads\\\/2021\\\/11\\\/journalism2stock200.jpg\",\"datePublished\":\"2022-01-26T22:51:33+00:00\",\"dateModified\":\"2022-01-26T23:16:41+00:00\",\"breadcrumb\":{\"@id\":\"https:\\\/\\\/lokalmagasinet.no\\\/?p=7533#breadcrumb\"},\"inLanguage\":\"nn-NO\",\"potentialAction\":[{\"@type\":\"ReadAction\",\"target\":[\"https:\\\/\\\/lokalmagasinet.no\\\/?p=7533\"]}]},{\"@type\":\"ImageObject\",\"inLanguage\":\"nn-NO\",\"@id\":\"https:\\\/\\\/lokalmagasinet.no\\\/?p=7533#primaryimage\",\"url\":\"https:\\\/\\\/lokalmagasinet.no\\\/wp-content\\\/uploads\\\/2021\\\/11\\\/journalism2stock200.jpg\",\"contentUrl\":\"https:\\\/\\\/lokalmagasinet.no\\\/wp-content\\\/uploads\\\/2021\\\/11\\\/journalism2stock200.jpg\",\"width\":200,\"height\":165},{\"@type\":\"BreadcrumbList\",\"@id\":\"https:\\\/\\\/lokalmagasinet.no\\\/?p=7533#breadcrumb\",\"itemListElement\":[{\"@type\":\"ListItem\",\"position\":1,\"name\":\"Hjem\",\"item\":\"https:\\\/\\\/lokalmagasinet.no\\\/\"},{\"@type\":\"ListItem\",\"position\":2,\"name\":\"FORSINKET K\u00c5SERI &#8211; SENT P\u00c5 EN ONSDAG\"}]},{\"@type\":\"WebSite\",\"@id\":\"https:\\\/\\\/lokalmagasinet.no\\\/#website\",\"url\":\"https:\\\/\\\/lokalmagasinet.no\\\/\",\"name\":\"Lokalmagasinet.no\",\"description\":\"Fra fortid og n\u00e5tid. Med st\u00e5sted i det n\u00e6re. Siden 2002.\",\"publisher\":{\"@id\":\"https:\\\/\\\/lokalmagasinet.no\\\/#organization\"},\"potentialAction\":[{\"@type\":\"SearchAction\",\"target\":{\"@type\":\"EntryPoint\",\"urlTemplate\":\"https:\\\/\\\/lokalmagasinet.no\\\/?s={search_term_string}\"},\"query-input\":{\"@type\":\"PropertyValueSpecification\",\"valueRequired\":true,\"valueName\":\"search_term_string\"}}],\"inLanguage\":\"nn-NO\"},{\"@type\":\"Organization\",\"@id\":\"https:\\\/\\\/lokalmagasinet.no\\\/#organization\",\"name\":\"Lokalmagasinet.no\",\"url\":\"https:\\\/\\\/lokalmagasinet.no\\\/\",\"logo\":{\"@type\":\"ImageObject\",\"inLanguage\":\"nn-NO\",\"@id\":\"https:\\\/\\\/lokalmagasinet.no\\\/#\\\/schema\\\/logo\\\/image\\\/\",\"url\":\"https:\\\/\\\/lokalmagasinet.no\\\/wp-content\\\/uploads\\\/2021\\\/03\\\/cropped-cropped-cropped-cropped-cropped-cropped-lmlogo-e1640691300821.jpg\",\"contentUrl\":\"https:\\\/\\\/lokalmagasinet.no\\\/wp-content\\\/uploads\\\/2021\\\/03\\\/cropped-cropped-cropped-cropped-cropped-cropped-lmlogo-e1640691300821.jpg\",\"width\":72,\"height\":118,\"caption\":\"Lokalmagasinet.no\"},\"image\":{\"@id\":\"https:\\\/\\\/lokalmagasinet.no\\\/#\\\/schema\\\/logo\\\/image\\\/\"},\"sameAs\":[\"https:\\\/\\\/www.facebook.com\\\/sveinharald.strand.1\",\"https:\\\/\\\/x.com\\\/LMExtra\"]},{\"@type\":\"Person\",\"@id\":\"https:\\\/\\\/lokalmagasinet.no\\\/#\\\/schema\\\/person\\\/2e8d221708d3aaf6f577275b5bba4310\",\"name\":\"Svein-Harald Strand\",\"image\":{\"@type\":\"ImageObject\",\"inLanguage\":\"nn-NO\",\"@id\":\"https:\\\/\\\/secure.gravatar.com\\\/avatar\\\/c487434bdf6cd7c12e4a88877ae4b12c38d22b7ad64292b49d33ed7503bb7ce1?s=96&d=mm&r=g\",\"url\":\"https:\\\/\\\/secure.gravatar.com\\\/avatar\\\/c487434bdf6cd7c12e4a88877ae4b12c38d22b7ad64292b49d33ed7503bb7ce1?s=96&d=mm&r=g\",\"contentUrl\":\"https:\\\/\\\/secure.gravatar.com\\\/avatar\\\/c487434bdf6cd7c12e4a88877ae4b12c38d22b7ad64292b49d33ed7503bb7ce1?s=96&d=mm&r=g\",\"caption\":\"Svein-Harald Strand\"},\"description\":\"(F. 26.12.1945) Redakt\u00f8r, journalist og informasjonsarbeider siden 1968. ||| I 1963: Redaksjonell praktikant i 8 m\u00e5neder p\u00e5 full tid i Helgeland Arbeiderblad i hjembyen Mosj\u00f8en. ||| Arbeidende pensjonist med hjemmekontor fra 2008 (AFP) og videre som folkepensjonist til n\u00e5.\",\"sameAs\":[\"https:\\\/\\\/lokalmagasinet.no\\\/\",\"https:\\\/\\\/www.facebook.com\\\/sveinharald.strand.1\",\"https:\\\/\\\/x.com\\\/LMExtra\"],\"url\":\"https:\\\/\\\/lokalmagasinet.no\\\/?author=6\"}]}<\/script>\n<!-- \/ Yoast SEO plugin. -->","yoast_head_json":{"title":"FORSINKET K\u00c5SERI - SENT P\u00c5 EN ONSDAG | Lokalmagasinet.no","robots":{"index":"index","follow":"follow","max-snippet":"max-snippet:-1","max-image-preview":"max-image-preview:large","max-video-preview":"max-video-preview:-1"},"canonical":"https:\/\/lokalmagasinet.no\/?p=7533","og_locale":"nn_NO","og_type":"article","og_title":"FORSINKET K\u00c5SERI - SENT P\u00c5 EN ONSDAG | Lokalmagasinet.no","og_description":"(K\u00e5seri) (Publisert 26.01.22) K\u00e5serier er ikke det f\u00f8rste, enn si det andre, man kaster seg over p\u00e5 en onsdag &#8211; eller hvilken som helset annen ukedag. (Bildet: Redakt\u00f8rens ustressede katt ... Les merFORSINKET K\u00c5SERI &#8211; SENT P\u00c5 EN ONSDAG","og_url":"https:\/\/lokalmagasinet.no\/?p=7533","og_site_name":"Lokalmagasinet.no","article_publisher":"https:\/\/www.facebook.com\/sveinharald.strand.1","article_author":"https:\/\/www.facebook.com\/sveinharald.strand.1","article_published_time":"2022-01-26T22:51:33+00:00","article_modified_time":"2022-01-26T23:16:41+00:00","og_image":[{"width":200,"height":165,"url":"https:\/\/lokalmagasinet.no\/wp-content\/uploads\/2021\/11\/journalism2stock200.jpg","type":"image\/jpeg"}],"author":"Svein-Harald Strand","twitter_card":"summary_large_image","twitter_creator":"@LMExtra","twitter_site":"@LMExtra","twitter_misc":{"Written by":"Svein-Harald Strand","Est. reading time":"2 minutt"},"schema":{"@context":"https:\/\/schema.org","@graph":[{"@type":"Article","@id":"https:\/\/lokalmagasinet.no\/?p=7533#article","isPartOf":{"@id":"https:\/\/lokalmagasinet.no\/?p=7533"},"author":{"name":"Svein-Harald Strand","@id":"https:\/\/lokalmagasinet.no\/#\/schema\/person\/2e8d221708d3aaf6f577275b5bba4310"},"headline":"FORSINKET K\u00c5SERI &#8211; SENT P\u00c5 EN ONSDAG","datePublished":"2022-01-26T22:51:33+00:00","dateModified":"2022-01-26T23:16:41+00:00","mainEntityOfPage":{"@id":"https:\/\/lokalmagasinet.no\/?p=7533"},"wordCount":399,"publisher":{"@id":"https:\/\/lokalmagasinet.no\/#organization"},"image":{"@id":"https:\/\/lokalmagasinet.no\/?p=7533#primaryimage"},"thumbnailUrl":"https:\/\/lokalmagasinet.no\/wp-content\/uploads\/2021\/11\/journalism2stock200.jpg","articleSection":["Aktuelt"],"inLanguage":"nn-NO"},{"@type":"WebPage","@id":"https:\/\/lokalmagasinet.no\/?p=7533","url":"https:\/\/lokalmagasinet.no\/?p=7533","name":"FORSINKET K\u00c5SERI - SENT P\u00c5 EN ONSDAG | Lokalmagasinet.no","isPartOf":{"@id":"https:\/\/lokalmagasinet.no\/#website"},"primaryImageOfPage":{"@id":"https:\/\/lokalmagasinet.no\/?p=7533#primaryimage"},"image":{"@id":"https:\/\/lokalmagasinet.no\/?p=7533#primaryimage"},"thumbnailUrl":"https:\/\/lokalmagasinet.no\/wp-content\/uploads\/2021\/11\/journalism2stock200.jpg","datePublished":"2022-01-26T22:51:33+00:00","dateModified":"2022-01-26T23:16:41+00:00","breadcrumb":{"@id":"https:\/\/lokalmagasinet.no\/?p=7533#breadcrumb"},"inLanguage":"nn-NO","potentialAction":[{"@type":"ReadAction","target":["https:\/\/lokalmagasinet.no\/?p=7533"]}]},{"@type":"ImageObject","inLanguage":"nn-NO","@id":"https:\/\/lokalmagasinet.no\/?p=7533#primaryimage","url":"https:\/\/lokalmagasinet.no\/wp-content\/uploads\/2021\/11\/journalism2stock200.jpg","contentUrl":"https:\/\/lokalmagasinet.no\/wp-content\/uploads\/2021\/11\/journalism2stock200.jpg","width":200,"height":165},{"@type":"BreadcrumbList","@id":"https:\/\/lokalmagasinet.no\/?p=7533#breadcrumb","itemListElement":[{"@type":"ListItem","position":1,"name":"Hjem","item":"https:\/\/lokalmagasinet.no\/"},{"@type":"ListItem","position":2,"name":"FORSINKET K\u00c5SERI &#8211; SENT P\u00c5 EN ONSDAG"}]},{"@type":"WebSite","@id":"https:\/\/lokalmagasinet.no\/#website","url":"https:\/\/lokalmagasinet.no\/","name":"Lokalmagasinet.no","description":"Fra fortid og n\u00e5tid. Med st\u00e5sted i det n\u00e6re. Siden 2002.","publisher":{"@id":"https:\/\/lokalmagasinet.no\/#organization"},"potentialAction":[{"@type":"SearchAction","target":{"@type":"EntryPoint","urlTemplate":"https:\/\/lokalmagasinet.no\/?s={search_term_string}"},"query-input":{"@type":"PropertyValueSpecification","valueRequired":true,"valueName":"search_term_string"}}],"inLanguage":"nn-NO"},{"@type":"Organization","@id":"https:\/\/lokalmagasinet.no\/#organization","name":"Lokalmagasinet.no","url":"https:\/\/lokalmagasinet.no\/","logo":{"@type":"ImageObject","inLanguage":"nn-NO","@id":"https:\/\/lokalmagasinet.no\/#\/schema\/logo\/image\/","url":"https:\/\/lokalmagasinet.no\/wp-content\/uploads\/2021\/03\/cropped-cropped-cropped-cropped-cropped-cropped-lmlogo-e1640691300821.jpg","contentUrl":"https:\/\/lokalmagasinet.no\/wp-content\/uploads\/2021\/03\/cropped-cropped-cropped-cropped-cropped-cropped-lmlogo-e1640691300821.jpg","width":72,"height":118,"caption":"Lokalmagasinet.no"},"image":{"@id":"https:\/\/lokalmagasinet.no\/#\/schema\/logo\/image\/"},"sameAs":["https:\/\/www.facebook.com\/sveinharald.strand.1","https:\/\/x.com\/LMExtra"]},{"@type":"Person","@id":"https:\/\/lokalmagasinet.no\/#\/schema\/person\/2e8d221708d3aaf6f577275b5bba4310","name":"Svein-Harald Strand","image":{"@type":"ImageObject","inLanguage":"nn-NO","@id":"https:\/\/secure.gravatar.com\/avatar\/c487434bdf6cd7c12e4a88877ae4b12c38d22b7ad64292b49d33ed7503bb7ce1?s=96&d=mm&r=g","url":"https:\/\/secure.gravatar.com\/avatar\/c487434bdf6cd7c12e4a88877ae4b12c38d22b7ad64292b49d33ed7503bb7ce1?s=96&d=mm&r=g","contentUrl":"https:\/\/secure.gravatar.com\/avatar\/c487434bdf6cd7c12e4a88877ae4b12c38d22b7ad64292b49d33ed7503bb7ce1?s=96&d=mm&r=g","caption":"Svein-Harald Strand"},"description":"(F. 26.12.1945) Redakt\u00f8r, journalist og informasjonsarbeider siden 1968. ||| I 1963: Redaksjonell praktikant i 8 m\u00e5neder p\u00e5 full tid i Helgeland Arbeiderblad i hjembyen Mosj\u00f8en. ||| Arbeidende pensjonist med hjemmekontor fra 2008 (AFP) og videre som folkepensjonist til n\u00e5.","sameAs":["https:\/\/lokalmagasinet.no\/","https:\/\/www.facebook.com\/sveinharald.strand.1","https:\/\/x.com\/LMExtra"],"url":"https:\/\/lokalmagasinet.no\/?author=6"}]}},"_links":{"self":[{"href":"https:\/\/lokalmagasinet.no\/index.php?rest_route=\/wp\/v2\/posts\/7533","targetHints":{"allow":["GET"]}}],"collection":[{"href":"https:\/\/lokalmagasinet.no\/index.php?rest_route=\/wp\/v2\/posts"}],"about":[{"href":"https:\/\/lokalmagasinet.no\/index.php?rest_route=\/wp\/v2\/types\/post"}],"author":[{"embeddable":true,"href":"https:\/\/lokalmagasinet.no\/index.php?rest_route=\/wp\/v2\/users\/6"}],"replies":[{"embeddable":true,"href":"https:\/\/lokalmagasinet.no\/index.php?rest_route=%2Fwp%2Fv2%2Fcomments&post=7533"}],"version-history":[{"count":33,"href":"https:\/\/lokalmagasinet.no\/index.php?rest_route=\/wp\/v2\/posts\/7533\/revisions"}],"predecessor-version":[{"id":8184,"href":"https:\/\/lokalmagasinet.no\/index.php?rest_route=\/wp\/v2\/posts\/7533\/revisions\/8184"}],"wp:featuredmedia":[{"embeddable":true,"href":"https:\/\/lokalmagasinet.no\/index.php?rest_route=\/wp\/v2\/media\/6283"}],"wp:attachment":[{"href":"https:\/\/lokalmagasinet.no\/index.php?rest_route=%2Fwp%2Fv2%2Fmedia&parent=7533"}],"wp:term":[{"taxonomy":"category","embeddable":true,"href":"https:\/\/lokalmagasinet.no\/index.php?rest_route=%2Fwp%2Fv2%2Fcategories&post=7533"},{"taxonomy":"post_tag","embeddable":true,"href":"https:\/\/lokalmagasinet.no\/index.php?rest_route=%2Fwp%2Fv2%2Ftags&post=7533"}],"curies":[{"name":"wp","href":"https:\/\/api.w.org\/{rel}","templated":true}]}}