{"id":7553,"date":"2022-01-08T23:01:56","date_gmt":"2022-01-08T22:01:56","guid":{"rendered":"https:\/\/lokalmagasinet.no\/?page_id=7553"},"modified":"2022-01-11T13:40:23","modified_gmt":"2022-01-11T12:40:23","slug":"da-son-fikk-nytt-torg-for-nye-generasjoner","status":"publish","type":"post","link":"https:\/\/lokalmagasinet.no\/?p=7553","title":{"rendered":"Da Son fikk NYTT TORG &#8211; FOR NYE GENERASJONER"},"content":{"rendered":"<p>&nbsp;<\/p>\n<table border=\"0\" width=\"100%\" cellspacing=\"0\" cellpadding=\"0\">\n<tbody>\n<tr>\n<td class=\"ic_hoved\">\n<p align=\"center\"><img loading=\"lazy\" decoding=\"async\" src=\"https:\/\/web.archive.org\/web\/20200125043904im_\/http:\/\/www.lokalmagasinet.no\/ipub\/media\/sontorg_apning2\/ankergutt_600.jpg\" alt=\"\" width=\"600\" height=\"398\" align=\"middle\" \/><\/p>\n<p align=\"left\"><em><span class=\"i_skrift_stor\">Son torg m\u00e5 forankres i historien. Det m\u00e5 likevel kunne tjene lokalsamfunnet i n\u00e5tiden og for de nye generasjoner &#8211; som et fellesareal til daglig bruk. <\/span><\/em><span class=\"i_skrift_mini\">LM-foto: Svein-H. Stran<\/span><\/p>\n<p align=\"left\"><span class=\"i_skrift_stor\"><span class=\"i_skrift_normal\">(Oppr. publisert i LM 24.05.13) (Republisert p\u00e5 WordPress 08.01-22)<\/span> <\/span><\/p>\n<p align=\"left\"><span class=\"i_skrift_stor\">KOMMENTAR: Svein-H. Strand, tekst og foto <strong>\u2013 Vi \u00e5pner Son torg i dag, men det betyr ikke at det er ferdig, understreket ordf\u00f8rer John A. \u00d8dbehr (H) i sin tale p\u00e5 den historiske markeringen 16. mai 2013. Bak dette l\u00e5 det b\u00e5de gledelige og kompliserende faktum: Arkeologenes tunge middelalderfunn under dagens bakkeniv\u00e5.<\/strong><\/span><\/p>\n<p><span class=\"i_skrift_stor\">\u2666 En annen av talerne benyttet prisverdig den feststemte anledningen til \u00e5 tegne en situasjon med potensial til \u00e5 kunne bli en konfliktfaktor. <\/span><\/p>\n<p><span class=\"i_skrift_stor\">Ja, Trygve Nordby, eier av den fredede Spinnerig\u00e5rden, talte nok p\u00e5 vegne av b\u00e5de naboer og mange soninger generelt da han ba om en framtid der middelalderminnene blir ivaretatt som en <em>bonus<\/em>. Uten altfor store fradrag i regnskapet for daglig bruk og trivsel.<br \/>\n<\/span><\/p>\n<p><span class=\"i_skrift_stor\">KORT SAGT: Son torg m\u00e5 forankres i den ny\u00e5pnede, utvidede Sonshistorien. Det m\u00e5 likevel kunne tjene lokalsamfunnet i n\u00e5tiden &#8211; og for de nye generasjoner &#8211; som et fellesareal.<\/span><\/p>\n<p><span class=\"i_skrift_stor\"><strong>Tilstrekkelig innrettet for daglig bruk. Til nytte og berikelse av et milj\u00f8 som i utgangspunktet er det beste.<\/strong><br \/>\n<\/span><\/p>\n<p><span class=\"i_skrift_stor\">\u2666 Fra et slikt startsted burde det v\u00e6re rom ogs\u00e5 for frisk debatt om den n\u00f8yaktige grensesetting for faste installasjoner rundt de arkeologiske funn. Og ikke minst: Hvordan disse skal utformes. Dette er en viktig debatt som ogs\u00e5 kan bli spennende og spenstig.<br \/>\n<\/span><\/p>\n<p><span class=\"i_skrift_stor\">\u2666 Prosjektet Son torg er blitt et sv\u00e6rt kostbart offentlig spleiselag, og bunnlinjen i regnskapet kan enn\u00e5 ikke skrives. <\/span><\/p>\n<p><strong><span class=\"i_skrift_stor\">Debatt er imidlertid gratis, og den er hermed \u00e5pnet! <\/span><\/strong><span class=\"i_skrift_stor\"><strong>Her b\u00f8r ogs\u00e5 barns meninger v\u00e6re med, og det kan jo st\u00e5 som en utfordring til de lokale l\u00e6rere!<\/strong><br \/>\n<\/span><\/p>\n<p align=\"center\"><img loading=\"lazy\" decoding=\"async\" src=\"https:\/\/web.archive.org\/web\/20200125043904im_\/http:\/\/www.lokalmagasinet.no\/ipub\/media\/sontorg_apning2\/smabarna_500.jpg\" alt=\"\" width=\"500\" height=\"429\" align=\"middle\" \/><\/p>\n<p><em><span class=\"i_skrift_stor\">Representanter for den oppvoksende generasjon p\u00e5 \u00e5pningen av nye Son torg. Barnas meninger om hvordan middelalderfunn og torget som nytteareal skal balanseres, b\u00f8r ogs\u00e5 h\u00f8res og synes i den offentlige debatt.<\/span><\/em><\/p>\n<h3 style=\"text-align: center;\">ETTERORD I JANUAR 2022<\/h3>\n<p><strong>Denne saken republiseres etter snart ni \u00e5r &#8211; samtidig som det i Vestby kommune er satt i gang en prosess om hvordan torget <em>egentlig<\/em> skal brukes. <\/strong><\/p>\n<p>At en slik prosess &#8211; p\u00e5 politisk og administrativt niv\u00e5 &#8211; skal v\u00e6re n\u00f8dvendig s\u00e5 mange \u00e5r etterp\u00e5, er nok vanskelig \u00e5 forst\u00e5 for folk flest. Har de ikke nok \u00e5 gj\u00f8re, liksom&#8230;<\/p>\n<p>Men det har de nok. Og debatten etter den kostbare ferdigstillelsen har ikke v\u00e6rt \u00f8red\u00f8vende.<\/p>\n<p>Ulike meninger om detaljer vil det vel alltid v\u00e6re. For eksempel om en Son-drosje kan ha &laquo;standplass&raquo; der.<\/p>\n<p>Men et torg er et torg, i store som i sm\u00e5 byer, og finner sin bruk etter blant annet tradisjoner og skiftende behov.<\/p>\n<p>Og <em>skiftende \u00e5rstider<\/em>, m\u00e5 det vel v\u00e6re riktig \u00e5 tilf\u00f8ye for Sons vedkommende &#8211; med tanke p\u00e5 markedsdager som dekker et behov b\u00e5de handelsmessig og sosialt.<\/p>\n<p><strong>Skal jeg ikke sette fingeren p\u00e5 noe?<\/strong><\/p>\n<p>Vel &#8211; da m\u00e5 det bli at de arkeologiske funnene, oppsiktsvekkende som de var og stadig er &#8211; ikke bare sett gjennom lokale og regionale briller &#8211; m\u00e5 og b\u00f8r &laquo;synliggj\u00f8res&raquo;.<\/p>\n<p>At gjenstandene ligger begravet under et svakt oppmerket felt med brostein p\u00e5 torget er ikke godt nok. Og ikke slik det var tenkt f\u00f8r det trasige \u00f8konomiregnskapet ble saldert og sendte fylkeskommunens prosjektansvarlige ut av stillingen og inn i en annen:<\/p>\n<p>&laquo;Et kikkhull&raquo; gjennom et plexiglass. Litt plass m\u00e5 jo da ofres. Men i bytte ble vi kanskje en turistattraksjon rikere.<\/p>\n<p><strong><em>Svein-H. Strand<\/em><\/strong> LM-redakt\u00f8r<\/p>\n<p><img loading=\"lazy\" decoding=\"async\" class=\"alignnone wp-image-1099\" src=\"https:\/\/lokalmagasinet.no\/wp-content\/uploads\/2021\/02\/meg.jpg\" alt=\"\" width=\"110\" height=\"110\" srcset=\"https:\/\/lokalmagasinet.no\/wp-content\/uploads\/2021\/02\/meg.jpg 160w, https:\/\/lokalmagasinet.no\/wp-content\/uploads\/2021\/02\/meg-150x150.jpg 150w\" sizes=\"auto, (max-width: 110px) 100vw, 110px\" \/><\/p>\n<p>&nbsp;<\/p>\n<p>&nbsp;<\/td>\n<\/tr>\n<\/tbody>\n<\/table>\n<p>Views: 416<\/p>","protected":false},"excerpt":{"rendered":"<p>&nbsp; Son torg m\u00e5 forankres i historien. Det m\u00e5 likevel kunne tjene lokalsamfunnet i n\u00e5tiden og for de nye generasjoner &#8211; som et fellesareal til daglig bruk. LM-foto: Svein-H. Stran &#8230; <\/p>\n<p class=\"read-more-container\"><a title=\"Da Son fikk NYTT TORG &#8211; FOR NYE GENERASJONER\" class=\"read-more button\" href=\"https:\/\/lokalmagasinet.no\/?p=7553#more-7553\">Les mer<span class=\"screen-reader-text\">Da Son fikk NYTT TORG &#8211; FOR NYE GENERASJONER<\/span><\/a><\/p>\n","protected":false},"author":6,"featured_media":7915,"comment_status":"closed","ping_status":"open","sticky":false,"template":"","format":"standard","meta":{"footnotes":""},"categories":[1],"tags":[],"class_list":["post-7553","post","type-post","status-publish","format-standard","has-post-thumbnail","hentry","category-aktuelt"],"yoast_head":"<!-- This site is optimized with the Yoast SEO plugin v27.4 - https:\/\/yoast.com\/product\/yoast-seo-wordpress\/ -->\n<title>Da Son fikk NYTT TORG - FOR NYE GENERASJONER | Lokalmagasinet.no<\/title>\n<meta name=\"robots\" content=\"index, follow, max-snippet:-1, max-image-preview:large, max-video-preview:-1\" \/>\n<link rel=\"canonical\" href=\"https:\/\/lokalmagasinet.no\/?p=7553\" \/>\n<meta property=\"og:locale\" content=\"nn_NO\" \/>\n<meta property=\"og:type\" content=\"article\" \/>\n<meta property=\"og:title\" content=\"Da Son fikk NYTT TORG - FOR NYE GENERASJONER | Lokalmagasinet.no\" \/>\n<meta property=\"og:description\" content=\"&nbsp; Son torg m\u00e5 forankres i historien. Det m\u00e5 likevel kunne tjene lokalsamfunnet i n\u00e5tiden og for de nye generasjoner &#8211; som et fellesareal til daglig bruk. LM-foto: Svein-H. Stran ... Les merDa Son fikk NYTT TORG &#8211; FOR NYE GENERASJONER\" \/>\n<meta property=\"og:url\" content=\"https:\/\/lokalmagasinet.no\/?p=7553\" \/>\n<meta property=\"og:site_name\" content=\"Lokalmagasinet.no\" \/>\n<meta property=\"article:publisher\" content=\"https:\/\/www.facebook.com\/sveinharald.strand.1\" \/>\n<meta property=\"article:author\" content=\"https:\/\/www.facebook.com\/sveinharald.strand.1\" \/>\n<meta property=\"article:published_time\" content=\"2022-01-08T22:01:56+00:00\" \/>\n<meta property=\"article:modified_time\" content=\"2022-01-11T12:40:23+00:00\" \/>\n<meta property=\"og:image\" content=\"https:\/\/lokalmagasinet.no\/wp-content\/uploads\/2022\/01\/smabarna_500-e1641679297480.jpg\" \/>\n\t<meta property=\"og:image:width\" content=\"100\" \/>\n\t<meta property=\"og:image:height\" content=\"86\" \/>\n\t<meta property=\"og:image:type\" content=\"image\/jpeg\" \/>\n<meta name=\"author\" content=\"Svein-Harald Strand\" \/>\n<meta name=\"twitter:card\" content=\"summary_large_image\" \/>\n<meta name=\"twitter:creator\" content=\"@LMExtra\" \/>\n<meta name=\"twitter:site\" content=\"@LMExtra\" \/>\n<meta name=\"twitter:label1\" content=\"Written by\" \/>\n\t<meta name=\"twitter:data1\" content=\"Svein-Harald Strand\" \/>\n\t<meta name=\"twitter:label2\" content=\"Est. reading time\" \/>\n\t<meta name=\"twitter:data2\" content=\"3 minutt\" \/>\n<script type=\"application\/ld+json\" class=\"yoast-schema-graph\">{\"@context\":\"https:\\\/\\\/schema.org\",\"@graph\":[{\"@type\":\"Article\",\"@id\":\"https:\\\/\\\/lokalmagasinet.no\\\/?p=7553#article\",\"isPartOf\":{\"@id\":\"https:\\\/\\\/lokalmagasinet.no\\\/?p=7553\"},\"author\":{\"name\":\"Svein-Harald Strand\",\"@id\":\"https:\\\/\\\/lokalmagasinet.no\\\/#\\\/schema\\\/person\\\/2e8d221708d3aaf6f577275b5bba4310\"},\"headline\":\"Da Son fikk NYTT TORG &#8211; FOR NYE GENERASJONER\",\"datePublished\":\"2022-01-08T22:01:56+00:00\",\"dateModified\":\"2022-01-11T12:40:23+00:00\",\"mainEntityOfPage\":{\"@id\":\"https:\\\/\\\/lokalmagasinet.no\\\/?p=7553\"},\"wordCount\":598,\"publisher\":{\"@id\":\"https:\\\/\\\/lokalmagasinet.no\\\/#organization\"},\"image\":{\"@id\":\"https:\\\/\\\/lokalmagasinet.no\\\/?p=7553#primaryimage\"},\"thumbnailUrl\":\"https:\\\/\\\/lokalmagasinet.no\\\/wp-content\\\/uploads\\\/2022\\\/01\\\/smabarna_500-e1641679297480.jpg\",\"articleSection\":[\"Aktuelt\"],\"inLanguage\":\"nn-NO\"},{\"@type\":\"WebPage\",\"@id\":\"https:\\\/\\\/lokalmagasinet.no\\\/?p=7553\",\"url\":\"https:\\\/\\\/lokalmagasinet.no\\\/?p=7553\",\"name\":\"Da Son fikk NYTT TORG - FOR NYE GENERASJONER | Lokalmagasinet.no\",\"isPartOf\":{\"@id\":\"https:\\\/\\\/lokalmagasinet.no\\\/#website\"},\"primaryImageOfPage\":{\"@id\":\"https:\\\/\\\/lokalmagasinet.no\\\/?p=7553#primaryimage\"},\"image\":{\"@id\":\"https:\\\/\\\/lokalmagasinet.no\\\/?p=7553#primaryimage\"},\"thumbnailUrl\":\"https:\\\/\\\/lokalmagasinet.no\\\/wp-content\\\/uploads\\\/2022\\\/01\\\/smabarna_500-e1641679297480.jpg\",\"datePublished\":\"2022-01-08T22:01:56+00:00\",\"dateModified\":\"2022-01-11T12:40:23+00:00\",\"breadcrumb\":{\"@id\":\"https:\\\/\\\/lokalmagasinet.no\\\/?p=7553#breadcrumb\"},\"inLanguage\":\"nn-NO\",\"potentialAction\":[{\"@type\":\"ReadAction\",\"target\":[\"https:\\\/\\\/lokalmagasinet.no\\\/?p=7553\"]}]},{\"@type\":\"ImageObject\",\"inLanguage\":\"nn-NO\",\"@id\":\"https:\\\/\\\/lokalmagasinet.no\\\/?p=7553#primaryimage\",\"url\":\"https:\\\/\\\/lokalmagasinet.no\\\/wp-content\\\/uploads\\\/2022\\\/01\\\/smabarna_500-e1641679297480.jpg\",\"contentUrl\":\"https:\\\/\\\/lokalmagasinet.no\\\/wp-content\\\/uploads\\\/2022\\\/01\\\/smabarna_500-e1641679297480.jpg\",\"width\":100,\"height\":86},{\"@type\":\"BreadcrumbList\",\"@id\":\"https:\\\/\\\/lokalmagasinet.no\\\/?p=7553#breadcrumb\",\"itemListElement\":[{\"@type\":\"ListItem\",\"position\":1,\"name\":\"Hjem\",\"item\":\"https:\\\/\\\/lokalmagasinet.no\\\/\"},{\"@type\":\"ListItem\",\"position\":2,\"name\":\"Da Son fikk NYTT TORG &#8211; FOR NYE GENERASJONER\"}]},{\"@type\":\"WebSite\",\"@id\":\"https:\\\/\\\/lokalmagasinet.no\\\/#website\",\"url\":\"https:\\\/\\\/lokalmagasinet.no\\\/\",\"name\":\"Lokalmagasinet.no\",\"description\":\"Fra fortid og n\u00e5tid. Med st\u00e5sted i det n\u00e6re. Siden 2002.\",\"publisher\":{\"@id\":\"https:\\\/\\\/lokalmagasinet.no\\\/#organization\"},\"potentialAction\":[{\"@type\":\"SearchAction\",\"target\":{\"@type\":\"EntryPoint\",\"urlTemplate\":\"https:\\\/\\\/lokalmagasinet.no\\\/?s={search_term_string}\"},\"query-input\":{\"@type\":\"PropertyValueSpecification\",\"valueRequired\":true,\"valueName\":\"search_term_string\"}}],\"inLanguage\":\"nn-NO\"},{\"@type\":\"Organization\",\"@id\":\"https:\\\/\\\/lokalmagasinet.no\\\/#organization\",\"name\":\"Lokalmagasinet.no\",\"url\":\"https:\\\/\\\/lokalmagasinet.no\\\/\",\"logo\":{\"@type\":\"ImageObject\",\"inLanguage\":\"nn-NO\",\"@id\":\"https:\\\/\\\/lokalmagasinet.no\\\/#\\\/schema\\\/logo\\\/image\\\/\",\"url\":\"https:\\\/\\\/lokalmagasinet.no\\\/wp-content\\\/uploads\\\/2021\\\/03\\\/cropped-cropped-cropped-cropped-cropped-cropped-lmlogo-e1640691300821.jpg\",\"contentUrl\":\"https:\\\/\\\/lokalmagasinet.no\\\/wp-content\\\/uploads\\\/2021\\\/03\\\/cropped-cropped-cropped-cropped-cropped-cropped-lmlogo-e1640691300821.jpg\",\"width\":72,\"height\":118,\"caption\":\"Lokalmagasinet.no\"},\"image\":{\"@id\":\"https:\\\/\\\/lokalmagasinet.no\\\/#\\\/schema\\\/logo\\\/image\\\/\"},\"sameAs\":[\"https:\\\/\\\/www.facebook.com\\\/sveinharald.strand.1\",\"https:\\\/\\\/x.com\\\/LMExtra\"]},{\"@type\":\"Person\",\"@id\":\"https:\\\/\\\/lokalmagasinet.no\\\/#\\\/schema\\\/person\\\/2e8d221708d3aaf6f577275b5bba4310\",\"name\":\"Svein-Harald Strand\",\"image\":{\"@type\":\"ImageObject\",\"inLanguage\":\"nn-NO\",\"@id\":\"https:\\\/\\\/secure.gravatar.com\\\/avatar\\\/c487434bdf6cd7c12e4a88877ae4b12c38d22b7ad64292b49d33ed7503bb7ce1?s=96&d=mm&r=g\",\"url\":\"https:\\\/\\\/secure.gravatar.com\\\/avatar\\\/c487434bdf6cd7c12e4a88877ae4b12c38d22b7ad64292b49d33ed7503bb7ce1?s=96&d=mm&r=g\",\"contentUrl\":\"https:\\\/\\\/secure.gravatar.com\\\/avatar\\\/c487434bdf6cd7c12e4a88877ae4b12c38d22b7ad64292b49d33ed7503bb7ce1?s=96&d=mm&r=g\",\"caption\":\"Svein-Harald Strand\"},\"description\":\"(F. 26.12.1945) Redakt\u00f8r, journalist og informasjonsarbeider siden 1968. ||| I 1963: Redaksjonell praktikant i 8 m\u00e5neder p\u00e5 full tid i Helgeland Arbeiderblad i hjembyen Mosj\u00f8en. ||| Arbeidende pensjonist med hjemmekontor fra 2008 (AFP) og videre som folkepensjonist til n\u00e5.\",\"sameAs\":[\"https:\\\/\\\/lokalmagasinet.no\\\/\",\"https:\\\/\\\/www.facebook.com\\\/sveinharald.strand.1\",\"https:\\\/\\\/x.com\\\/LMExtra\"],\"url\":\"https:\\\/\\\/lokalmagasinet.no\\\/?author=6\"}]}<\/script>\n<!-- \/ Yoast SEO plugin. -->","yoast_head_json":{"title":"Da Son fikk NYTT TORG - FOR NYE GENERASJONER | Lokalmagasinet.no","robots":{"index":"index","follow":"follow","max-snippet":"max-snippet:-1","max-image-preview":"max-image-preview:large","max-video-preview":"max-video-preview:-1"},"canonical":"https:\/\/lokalmagasinet.no\/?p=7553","og_locale":"nn_NO","og_type":"article","og_title":"Da Son fikk NYTT TORG - FOR NYE GENERASJONER | Lokalmagasinet.no","og_description":"&nbsp; Son torg m\u00e5 forankres i historien. Det m\u00e5 likevel kunne tjene lokalsamfunnet i n\u00e5tiden og for de nye generasjoner &#8211; som et fellesareal til daglig bruk. LM-foto: Svein-H. Stran ... Les merDa Son fikk NYTT TORG &#8211; FOR NYE GENERASJONER","og_url":"https:\/\/lokalmagasinet.no\/?p=7553","og_site_name":"Lokalmagasinet.no","article_publisher":"https:\/\/www.facebook.com\/sveinharald.strand.1","article_author":"https:\/\/www.facebook.com\/sveinharald.strand.1","article_published_time":"2022-01-08T22:01:56+00:00","article_modified_time":"2022-01-11T12:40:23+00:00","og_image":[{"width":100,"height":86,"url":"https:\/\/lokalmagasinet.no\/wp-content\/uploads\/2022\/01\/smabarna_500-e1641679297480.jpg","type":"image\/jpeg"}],"author":"Svein-Harald Strand","twitter_card":"summary_large_image","twitter_creator":"@LMExtra","twitter_site":"@LMExtra","twitter_misc":{"Written by":"Svein-Harald Strand","Est. reading time":"3 minutt"},"schema":{"@context":"https:\/\/schema.org","@graph":[{"@type":"Article","@id":"https:\/\/lokalmagasinet.no\/?p=7553#article","isPartOf":{"@id":"https:\/\/lokalmagasinet.no\/?p=7553"},"author":{"name":"Svein-Harald Strand","@id":"https:\/\/lokalmagasinet.no\/#\/schema\/person\/2e8d221708d3aaf6f577275b5bba4310"},"headline":"Da Son fikk NYTT TORG &#8211; FOR NYE GENERASJONER","datePublished":"2022-01-08T22:01:56+00:00","dateModified":"2022-01-11T12:40:23+00:00","mainEntityOfPage":{"@id":"https:\/\/lokalmagasinet.no\/?p=7553"},"wordCount":598,"publisher":{"@id":"https:\/\/lokalmagasinet.no\/#organization"},"image":{"@id":"https:\/\/lokalmagasinet.no\/?p=7553#primaryimage"},"thumbnailUrl":"https:\/\/lokalmagasinet.no\/wp-content\/uploads\/2022\/01\/smabarna_500-e1641679297480.jpg","articleSection":["Aktuelt"],"inLanguage":"nn-NO"},{"@type":"WebPage","@id":"https:\/\/lokalmagasinet.no\/?p=7553","url":"https:\/\/lokalmagasinet.no\/?p=7553","name":"Da Son fikk NYTT TORG - FOR NYE GENERASJONER | Lokalmagasinet.no","isPartOf":{"@id":"https:\/\/lokalmagasinet.no\/#website"},"primaryImageOfPage":{"@id":"https:\/\/lokalmagasinet.no\/?p=7553#primaryimage"},"image":{"@id":"https:\/\/lokalmagasinet.no\/?p=7553#primaryimage"},"thumbnailUrl":"https:\/\/lokalmagasinet.no\/wp-content\/uploads\/2022\/01\/smabarna_500-e1641679297480.jpg","datePublished":"2022-01-08T22:01:56+00:00","dateModified":"2022-01-11T12:40:23+00:00","breadcrumb":{"@id":"https:\/\/lokalmagasinet.no\/?p=7553#breadcrumb"},"inLanguage":"nn-NO","potentialAction":[{"@type":"ReadAction","target":["https:\/\/lokalmagasinet.no\/?p=7553"]}]},{"@type":"ImageObject","inLanguage":"nn-NO","@id":"https:\/\/lokalmagasinet.no\/?p=7553#primaryimage","url":"https:\/\/lokalmagasinet.no\/wp-content\/uploads\/2022\/01\/smabarna_500-e1641679297480.jpg","contentUrl":"https:\/\/lokalmagasinet.no\/wp-content\/uploads\/2022\/01\/smabarna_500-e1641679297480.jpg","width":100,"height":86},{"@type":"BreadcrumbList","@id":"https:\/\/lokalmagasinet.no\/?p=7553#breadcrumb","itemListElement":[{"@type":"ListItem","position":1,"name":"Hjem","item":"https:\/\/lokalmagasinet.no\/"},{"@type":"ListItem","position":2,"name":"Da Son fikk NYTT TORG &#8211; FOR NYE GENERASJONER"}]},{"@type":"WebSite","@id":"https:\/\/lokalmagasinet.no\/#website","url":"https:\/\/lokalmagasinet.no\/","name":"Lokalmagasinet.no","description":"Fra fortid og n\u00e5tid. Med st\u00e5sted i det n\u00e6re. Siden 2002.","publisher":{"@id":"https:\/\/lokalmagasinet.no\/#organization"},"potentialAction":[{"@type":"SearchAction","target":{"@type":"EntryPoint","urlTemplate":"https:\/\/lokalmagasinet.no\/?s={search_term_string}"},"query-input":{"@type":"PropertyValueSpecification","valueRequired":true,"valueName":"search_term_string"}}],"inLanguage":"nn-NO"},{"@type":"Organization","@id":"https:\/\/lokalmagasinet.no\/#organization","name":"Lokalmagasinet.no","url":"https:\/\/lokalmagasinet.no\/","logo":{"@type":"ImageObject","inLanguage":"nn-NO","@id":"https:\/\/lokalmagasinet.no\/#\/schema\/logo\/image\/","url":"https:\/\/lokalmagasinet.no\/wp-content\/uploads\/2021\/03\/cropped-cropped-cropped-cropped-cropped-cropped-lmlogo-e1640691300821.jpg","contentUrl":"https:\/\/lokalmagasinet.no\/wp-content\/uploads\/2021\/03\/cropped-cropped-cropped-cropped-cropped-cropped-lmlogo-e1640691300821.jpg","width":72,"height":118,"caption":"Lokalmagasinet.no"},"image":{"@id":"https:\/\/lokalmagasinet.no\/#\/schema\/logo\/image\/"},"sameAs":["https:\/\/www.facebook.com\/sveinharald.strand.1","https:\/\/x.com\/LMExtra"]},{"@type":"Person","@id":"https:\/\/lokalmagasinet.no\/#\/schema\/person\/2e8d221708d3aaf6f577275b5bba4310","name":"Svein-Harald Strand","image":{"@type":"ImageObject","inLanguage":"nn-NO","@id":"https:\/\/secure.gravatar.com\/avatar\/c487434bdf6cd7c12e4a88877ae4b12c38d22b7ad64292b49d33ed7503bb7ce1?s=96&d=mm&r=g","url":"https:\/\/secure.gravatar.com\/avatar\/c487434bdf6cd7c12e4a88877ae4b12c38d22b7ad64292b49d33ed7503bb7ce1?s=96&d=mm&r=g","contentUrl":"https:\/\/secure.gravatar.com\/avatar\/c487434bdf6cd7c12e4a88877ae4b12c38d22b7ad64292b49d33ed7503bb7ce1?s=96&d=mm&r=g","caption":"Svein-Harald Strand"},"description":"(F. 26.12.1945) Redakt\u00f8r, journalist og informasjonsarbeider siden 1968. ||| I 1963: Redaksjonell praktikant i 8 m\u00e5neder p\u00e5 full tid i Helgeland Arbeiderblad i hjembyen Mosj\u00f8en. ||| Arbeidende pensjonist med hjemmekontor fra 2008 (AFP) og videre som folkepensjonist til n\u00e5.","sameAs":["https:\/\/lokalmagasinet.no\/","https:\/\/www.facebook.com\/sveinharald.strand.1","https:\/\/x.com\/LMExtra"],"url":"https:\/\/lokalmagasinet.no\/?author=6"}]}},"_links":{"self":[{"href":"https:\/\/lokalmagasinet.no\/index.php?rest_route=\/wp\/v2\/posts\/7553","targetHints":{"allow":["GET"]}}],"collection":[{"href":"https:\/\/lokalmagasinet.no\/index.php?rest_route=\/wp\/v2\/posts"}],"about":[{"href":"https:\/\/lokalmagasinet.no\/index.php?rest_route=\/wp\/v2\/types\/post"}],"author":[{"embeddable":true,"href":"https:\/\/lokalmagasinet.no\/index.php?rest_route=\/wp\/v2\/users\/6"}],"replies":[{"embeddable":true,"href":"https:\/\/lokalmagasinet.no\/index.php?rest_route=%2Fwp%2Fv2%2Fcomments&post=7553"}],"version-history":[{"count":12,"href":"https:\/\/lokalmagasinet.no\/index.php?rest_route=\/wp\/v2\/posts\/7553\/revisions"}],"predecessor-version":[{"id":7942,"href":"https:\/\/lokalmagasinet.no\/index.php?rest_route=\/wp\/v2\/posts\/7553\/revisions\/7942"}],"wp:featuredmedia":[{"embeddable":true,"href":"https:\/\/lokalmagasinet.no\/index.php?rest_route=\/wp\/v2\/media\/7915"}],"wp:attachment":[{"href":"https:\/\/lokalmagasinet.no\/index.php?rest_route=%2Fwp%2Fv2%2Fmedia&parent=7553"}],"wp:term":[{"taxonomy":"category","embeddable":true,"href":"https:\/\/lokalmagasinet.no\/index.php?rest_route=%2Fwp%2Fv2%2Fcategories&post=7553"},{"taxonomy":"post_tag","embeddable":true,"href":"https:\/\/lokalmagasinet.no\/index.php?rest_route=%2Fwp%2Fv2%2Ftags&post=7553"}],"curies":[{"name":"wp","href":"https:\/\/api.w.org\/{rel}","templated":true}]}}