{"id":7605,"date":"2023-11-22T11:14:22","date_gmt":"2023-11-22T10:14:22","guid":{"rendered":"https:\/\/lokalmagasinet.no\/?p=7605"},"modified":"2023-12-12T16:46:49","modified_gmt":"2023-12-12T15:46:49","slug":"om-janteloven-og-jantelovens-dodare","status":"publish","type":"post","link":"https:\/\/lokalmagasinet.no\/?p=7605","title":{"rendered":"Om Janteloven og &laquo;lovens d\u00f8dare&raquo;"},"content":{"rendered":"<figure id=\"attachment_6515\" aria-describedby=\"caption-attachment-6515\" style=\"width: 1024px\" class=\"wp-caption aligncenter\"><img loading=\"lazy\" decoding=\"async\" class=\"wp-image-6515 size-large\" src=\"https:\/\/lokalmagasinet.no\/wp-content\/uploads\/2021\/11\/Europa-seilas-I-1024x680.jpg\" alt=\"\" width=\"1024\" height=\"680\" srcset=\"https:\/\/lokalmagasinet.no\/wp-content\/uploads\/2021\/11\/Europa-seilas-I-1024x680.jpg 1024w, https:\/\/lokalmagasinet.no\/wp-content\/uploads\/2021\/11\/Europa-seilas-I-300x199.jpg 300w, https:\/\/lokalmagasinet.no\/wp-content\/uploads\/2021\/11\/Europa-seilas-I-150x100.jpg 150w, https:\/\/lokalmagasinet.no\/wp-content\/uploads\/2021\/11\/Europa-seilas-I-768x510.jpg 768w, https:\/\/lokalmagasinet.no\/wp-content\/uploads\/2021\/11\/Europa-seilas-I.jpg 1331w\" sizes=\"auto, (max-width: 1024px) 100vw, 1024px\" \/><figcaption id=\"caption-attachment-6515\" class=\"wp-caption-text\">ILLUSTRASJONSFOTO: LM Arkiv \/ Svein-H. Strand<\/figcaption><\/figure>\n<table style=\"height: 1599px;\" border=\"0\" width=\"523\" cellspacing=\"0\" cellpadding=\"0\">\n<tbody>\n<tr>\n<td align=\"left\" valign=\"top\"><span class=\"ih_overskrift_2\"><span class=\"ih_overskrift_2\">(K\u00e5seri) (Fra LM juli 2004) (Republisert 22.11.2023) <strong>Ordf\u00f8rerens tale til v\u00e5r olympiske mester Siren Sundby da hun ble tatt imot hjemme i Son, har f\u00f8rt til at mange unge er blitt nysgjerrige p\u00e5 den s\u00e5kalte Janteloven, blir vi fortalt.<\/strong><\/span><\/span><\/p>\n<p>\u2013 Du er Jantelovens d\u00f8dare! jublet jo ordf\u00f8reren til stor applaus fra de unge. Siren m\u00e5 ha gjort en dritbra jobb mot en dritdum lov, i tillegg til \u00e5 ta olympisk gull, tror de. I alle fall noen av dem.<\/p>\n<p>Og noen skynder seg til biblioteket f\u00f8r ordf\u00f8reren og hans like stenger den for godt, for \u00e5 finne ut hva denne Janteloven er for noe.<\/p>\n<p><em>Sp\u00f8r de etter Norges Lover, s\u00e5 hjelper Ada eller Lisbeth dem i stedet med \u00e5 finne en roman fra 1933 av Aksel Sandemose:<\/em><\/p>\n<p><strong>\u201dEn flyktning krysser sitt spor\u201d. Janteloven der har ti bud.<\/strong><\/p>\n<p>De fleste husker bare det f\u00f8rste budet:<em> \u201dDu skal ikke tro at du er noe.\u201d<\/em> De andre budene er variasjoner over det samme temaet.<\/p>\n<p>Det de fort finner ut, er at ordf\u00f8reren ikke har skj\u00f8nt at Janteloven gjelder overalt og til alle tider.<\/p>\n<p>N\u00e6rmest som en naturlov \u2013 som faktisk ogs\u00e5 kan virke positivt inn p\u00e5 mennesker, leser jeg i en tolkning i Norsk Skoleforum. Alts\u00e5 hvis den blir brukt litt moderat.<\/p>\n<p>Blant annet derfor er det ingen som<em> \u201dd\u00f8dar\u201d<\/em> Janteloven \u2013 verken p\u00e5 svensk eller p\u00e5 norsk! Kanskje s\u00e6rlig ikke i Son.<\/p>\n<p><strong>Likevel har du klart \u00e5 ta OL-gull, Siren! Kanskje var det dette ordf\u00f8reren mente \u00e5 si?<\/strong><\/p>\n<p>Men hvorfor sa han det ikke? FOR EKSEMPEL:<\/p>\n<ul>\n<li><em>Kj\u00e6re Siren. Som vi alle vet, s\u00e5 gjelder Janteloven over alt og til alle tider. Men du har ikke v\u00e6rt spesielt plaget av denne loven. For i Son, og senere andre steder, s\u00e5 alle helt klart at du var et enest\u00e5ende talent som kunne komme veldig langt. Derfor fikk du super st\u00f8tte av alle som var i stand til \u00e5 hjelpe deg. Ingen var ekle av misunnelse og pr\u00f8vde \u00e5 f\u00e5 deg til \u00e5 tro at du var mindre talentfull enn det du var. Det skulle da ogs\u00e5 bare mangle. Til slutt var det bare opp til deg selv, og littegrann flaks &#8211; det s\u00e5 vi jo &#8211; om du ogs\u00e5 skulle bli gullmedalj\u00f8r aleine i jolla di under en olympiade.<\/em><\/li>\n<\/ul>\n<p>OG SIREN, DA. Hva skulle hun tro, der hun sto og tok imot hyldesten? Jantelovens d\u00f8dare \u2013 jeg?<\/p>\n<p>Herr ordf\u00f8rer! Jeg tillater meg \u00e5 sitere fra det 10. Jante-budet:<\/p>\n<p>\u201dDu skal ikke tro at du kan l\u00e6re oss noe.\u201d S\u00e6rlig ikke om Janteloven, for den kan vi.<\/p>\n<p><em>En ekkel tanke svinger innom helt til slutt: Var det en annen \u201dlov\u201d ordf\u00f8reren egentlig tenkte at Siren hadde tatt knekken p\u00e5, nemlig: \u201dIngen blir profet i eget land.\u201d?<\/em><\/p>\n<p>Nei, ogs\u00e5 det blir feil, liksom. Aforismer og s\u00e5nne greier er ikke lett.<\/p>\n<p>Kanskje hjelper det atskillig \u00e5 g\u00e5 p\u00e5 biblioteket s\u00e5pass ofte at du husker n\u00e5r du var der sist? Avisene sp\u00f8r iblant folk om ting som dette.<\/p>\n<p>De som styrer og steller kan ogs\u00e5 f\u00e5 s\u00e5nne personlige, litt n\u00e6rg\u00e5ende sp\u00f8rsm\u00e5l. Ogs\u00e5 fra Moss Avis, bare de er relevante nok.<\/p>\n<p>Derfor er ordf\u00f8rerens bibliotekfrekvens n\u00e5 ualminnelig godt kjent. Og takk for det!<\/p>\n<p>For \u00e5 lage en positiv vri p\u00e5 saken: Her har ordf\u00f8reren et skikkelig stort potensial. Det kan bare g\u00e5 \u00e9n vei. Bibliotekets Venner i Son tar ham sikkert mer enn gjerne i sin favn!<\/p>\n<p>&laquo;BIBLIOTEKETS D\u00d8DARE&raquo; er vel ikke det han \u00f8nsker \u00e5 bli husket som?<\/p>\n<p><em><strong><span class=\"ih_overskrift_1\">ooopserver<\/span><\/strong><\/em><\/td>\n<\/tr>\n<tr>\n<td class=\"ih_mono\" align=\"left\" valign=\"top\"><a name=\"liste\"><\/a><\/td>\n<\/tr>\n<tr>\n<td><\/td>\n<\/tr>\n<\/tbody>\n<\/table>\n<p>Views: 281<\/p>","protected":false},"excerpt":{"rendered":"<p>(K\u00e5seri) (Fra LM juli 2004) (Republisert 22.11.2023) Ordf\u00f8rerens tale til v\u00e5r olympiske mester Siren Sundby da hun ble tatt imot hjemme i Son, har f\u00f8rt til at mange unge er &#8230; <\/p>\n<p class=\"read-more-container\"><a title=\"Om Janteloven og &laquo;lovens d\u00f8dare&raquo;\" class=\"read-more button\" href=\"https:\/\/lokalmagasinet.no\/?p=7605#more-7605\">Les mer<span class=\"screen-reader-text\">Om Janteloven og &laquo;lovens d\u00f8dare&raquo;<\/span><\/a><\/p>\n","protected":false},"author":6,"featured_media":6513,"comment_status":"closed","ping_status":"closed","sticky":false,"template":"","format":"standard","meta":{"footnotes":""},"categories":[7],"tags":[],"class_list":["post-7605","post","type-post","status-publish","format-standard","has-post-thumbnail","hentry","category-historisk-arkiv"],"yoast_head":"<!-- This site is optimized with the Yoast SEO plugin v27.5 - https:\/\/yoast.com\/product\/yoast-seo-wordpress\/ -->\n<title>Om Janteloven og &quot;lovens d\u00f8dare&quot; | Lokalmagasinet.no<\/title>\n<meta name=\"robots\" content=\"index, follow, max-snippet:-1, max-image-preview:large, max-video-preview:-1\" \/>\n<link rel=\"canonical\" href=\"https:\/\/lokalmagasinet.no\/?p=7605\" \/>\n<meta property=\"og:locale\" content=\"nn_NO\" \/>\n<meta property=\"og:type\" content=\"article\" \/>\n<meta property=\"og:title\" content=\"Om Janteloven og &quot;lovens d\u00f8dare&quot; | Lokalmagasinet.no\" \/>\n<meta property=\"og:description\" content=\"(K\u00e5seri) (Fra LM juli 2004) (Republisert 22.11.2023) Ordf\u00f8rerens tale til v\u00e5r olympiske mester Siren Sundby da hun ble tatt imot hjemme i Son, har f\u00f8rt til at mange unge er ... Les merOm Janteloven og &laquo;lovens d\u00f8dare&raquo;\" \/>\n<meta property=\"og:url\" content=\"https:\/\/lokalmagasinet.no\/?p=7605\" \/>\n<meta property=\"og:site_name\" content=\"Lokalmagasinet.no\" \/>\n<meta property=\"article:publisher\" content=\"https:\/\/www.facebook.com\/sveinharald.strand.1\" \/>\n<meta property=\"article:author\" content=\"https:\/\/www.facebook.com\/sveinharald.strand.1\" \/>\n<meta property=\"article:published_time\" content=\"2023-11-22T10:14:22+00:00\" \/>\n<meta property=\"article:modified_time\" content=\"2023-12-12T15:46:49+00:00\" \/>\n<meta property=\"og:image\" content=\"https:\/\/lokalmagasinet.no\/wp-content\/uploads\/2021\/11\/Europa-seilas-innkomst.jpg\" \/>\n\t<meta property=\"og:image:width\" content=\"1331\" \/>\n\t<meta property=\"og:image:height\" content=\"884\" \/>\n\t<meta property=\"og:image:type\" content=\"image\/jpeg\" \/>\n<meta name=\"author\" content=\"Svein-Harald Strand\" \/>\n<meta name=\"twitter:card\" content=\"summary_large_image\" \/>\n<meta name=\"twitter:creator\" content=\"@LMExtra\" \/>\n<meta name=\"twitter:site\" content=\"@LMExtra\" \/>\n<meta name=\"twitter:label1\" content=\"Written by\" \/>\n\t<meta name=\"twitter:data1\" content=\"Svein-Harald Strand\" \/>\n\t<meta name=\"twitter:label2\" content=\"Est. reading time\" \/>\n\t<meta name=\"twitter:data2\" content=\"3 minutt\" \/>\n<script type=\"application\/ld+json\" class=\"yoast-schema-graph\">{\"@context\":\"https:\\\/\\\/schema.org\",\"@graph\":[{\"@type\":\"Article\",\"@id\":\"https:\\\/\\\/lokalmagasinet.no\\\/?p=7605#article\",\"isPartOf\":{\"@id\":\"https:\\\/\\\/lokalmagasinet.no\\\/?p=7605\"},\"author\":{\"name\":\"Svein-Harald Strand\",\"@id\":\"https:\\\/\\\/lokalmagasinet.no\\\/#\\\/schema\\\/person\\\/2e8d221708d3aaf6f577275b5bba4310\"},\"headline\":\"Om Janteloven og &laquo;lovens d\u00f8dare&raquo;\",\"datePublished\":\"2023-11-22T10:14:22+00:00\",\"dateModified\":\"2023-12-12T15:46:49+00:00\",\"mainEntityOfPage\":{\"@id\":\"https:\\\/\\\/lokalmagasinet.no\\\/?p=7605\"},\"wordCount\":609,\"publisher\":{\"@id\":\"https:\\\/\\\/lokalmagasinet.no\\\/#organization\"},\"image\":{\"@id\":\"https:\\\/\\\/lokalmagasinet.no\\\/?p=7605#primaryimage\"},\"thumbnailUrl\":\"https:\\\/\\\/lokalmagasinet.no\\\/wp-content\\\/uploads\\\/2021\\\/11\\\/Europa-seilas-innkomst.jpg\",\"articleSection\":[\"Historisk\"],\"inLanguage\":\"nn-NO\"},{\"@type\":\"WebPage\",\"@id\":\"https:\\\/\\\/lokalmagasinet.no\\\/?p=7605\",\"url\":\"https:\\\/\\\/lokalmagasinet.no\\\/?p=7605\",\"name\":\"Om Janteloven og \\\"lovens d\u00f8dare\\\" | Lokalmagasinet.no\",\"isPartOf\":{\"@id\":\"https:\\\/\\\/lokalmagasinet.no\\\/#website\"},\"primaryImageOfPage\":{\"@id\":\"https:\\\/\\\/lokalmagasinet.no\\\/?p=7605#primaryimage\"},\"image\":{\"@id\":\"https:\\\/\\\/lokalmagasinet.no\\\/?p=7605#primaryimage\"},\"thumbnailUrl\":\"https:\\\/\\\/lokalmagasinet.no\\\/wp-content\\\/uploads\\\/2021\\\/11\\\/Europa-seilas-innkomst.jpg\",\"datePublished\":\"2023-11-22T10:14:22+00:00\",\"dateModified\":\"2023-12-12T15:46:49+00:00\",\"breadcrumb\":{\"@id\":\"https:\\\/\\\/lokalmagasinet.no\\\/?p=7605#breadcrumb\"},\"inLanguage\":\"nn-NO\",\"potentialAction\":[{\"@type\":\"ReadAction\",\"target\":[\"https:\\\/\\\/lokalmagasinet.no\\\/?p=7605\"]}]},{\"@type\":\"ImageObject\",\"inLanguage\":\"nn-NO\",\"@id\":\"https:\\\/\\\/lokalmagasinet.no\\\/?p=7605#primaryimage\",\"url\":\"https:\\\/\\\/lokalmagasinet.no\\\/wp-content\\\/uploads\\\/2021\\\/11\\\/Europa-seilas-innkomst.jpg\",\"contentUrl\":\"https:\\\/\\\/lokalmagasinet.no\\\/wp-content\\\/uploads\\\/2021\\\/11\\\/Europa-seilas-innkomst.jpg\",\"width\":1331,\"height\":884},{\"@type\":\"BreadcrumbList\",\"@id\":\"https:\\\/\\\/lokalmagasinet.no\\\/?p=7605#breadcrumb\",\"itemListElement\":[{\"@type\":\"ListItem\",\"position\":1,\"name\":\"Hjem\",\"item\":\"https:\\\/\\\/lokalmagasinet.no\\\/\"},{\"@type\":\"ListItem\",\"position\":2,\"name\":\"Om Janteloven og &#8220;lovens d\u00f8dare&#8221;\"}]},{\"@type\":\"WebSite\",\"@id\":\"https:\\\/\\\/lokalmagasinet.no\\\/#website\",\"url\":\"https:\\\/\\\/lokalmagasinet.no\\\/\",\"name\":\"Lokalmagasinet.no\",\"description\":\"Fra fortid og n\u00e5tid. Med st\u00e5sted i det n\u00e6re. Siden 2002.\",\"publisher\":{\"@id\":\"https:\\\/\\\/lokalmagasinet.no\\\/#organization\"},\"potentialAction\":[{\"@type\":\"SearchAction\",\"target\":{\"@type\":\"EntryPoint\",\"urlTemplate\":\"https:\\\/\\\/lokalmagasinet.no\\\/?s={search_term_string}\"},\"query-input\":{\"@type\":\"PropertyValueSpecification\",\"valueRequired\":true,\"valueName\":\"search_term_string\"}}],\"inLanguage\":\"nn-NO\"},{\"@type\":\"Organization\",\"@id\":\"https:\\\/\\\/lokalmagasinet.no\\\/#organization\",\"name\":\"Lokalmagasinet.no\",\"url\":\"https:\\\/\\\/lokalmagasinet.no\\\/\",\"logo\":{\"@type\":\"ImageObject\",\"inLanguage\":\"nn-NO\",\"@id\":\"https:\\\/\\\/lokalmagasinet.no\\\/#\\\/schema\\\/logo\\\/image\\\/\",\"url\":\"https:\\\/\\\/lokalmagasinet.no\\\/wp-content\\\/uploads\\\/2021\\\/03\\\/cropped-cropped-cropped-cropped-cropped-cropped-lmlogo-e1640691300821.jpg\",\"contentUrl\":\"https:\\\/\\\/lokalmagasinet.no\\\/wp-content\\\/uploads\\\/2021\\\/03\\\/cropped-cropped-cropped-cropped-cropped-cropped-lmlogo-e1640691300821.jpg\",\"width\":72,\"height\":118,\"caption\":\"Lokalmagasinet.no\"},\"image\":{\"@id\":\"https:\\\/\\\/lokalmagasinet.no\\\/#\\\/schema\\\/logo\\\/image\\\/\"},\"sameAs\":[\"https:\\\/\\\/www.facebook.com\\\/sveinharald.strand.1\",\"https:\\\/\\\/x.com\\\/LMExtra\"]},{\"@type\":\"Person\",\"@id\":\"https:\\\/\\\/lokalmagasinet.no\\\/#\\\/schema\\\/person\\\/2e8d221708d3aaf6f577275b5bba4310\",\"name\":\"Svein-Harald Strand\",\"image\":{\"@type\":\"ImageObject\",\"inLanguage\":\"nn-NO\",\"@id\":\"https:\\\/\\\/secure.gravatar.com\\\/avatar\\\/c487434bdf6cd7c12e4a88877ae4b12c38d22b7ad64292b49d33ed7503bb7ce1?s=96&d=mm&r=g\",\"url\":\"https:\\\/\\\/secure.gravatar.com\\\/avatar\\\/c487434bdf6cd7c12e4a88877ae4b12c38d22b7ad64292b49d33ed7503bb7ce1?s=96&d=mm&r=g\",\"contentUrl\":\"https:\\\/\\\/secure.gravatar.com\\\/avatar\\\/c487434bdf6cd7c12e4a88877ae4b12c38d22b7ad64292b49d33ed7503bb7ce1?s=96&d=mm&r=g\",\"caption\":\"Svein-Harald Strand\"},\"description\":\"(F. 26.12.1945) Redakt\u00f8r, journalist og informasjonsarbeider siden 1968. ||| I 1963: Redaksjonell praktikant i 8 m\u00e5neder p\u00e5 full tid i Helgeland Arbeiderblad i hjembyen Mosj\u00f8en. ||| Arbeidende pensjonist med hjemmekontor fra 2008 (AFP) og videre som folkepensjonist til n\u00e5.\",\"sameAs\":[\"https:\\\/\\\/lokalmagasinet.no\\\/\",\"https:\\\/\\\/www.facebook.com\\\/sveinharald.strand.1\",\"https:\\\/\\\/x.com\\\/LMExtra\"],\"url\":\"https:\\\/\\\/lokalmagasinet.no\\\/?author=6\"}]}<\/script>\n<!-- \/ Yoast SEO plugin. -->","yoast_head_json":{"title":"Om Janteloven og \"lovens d\u00f8dare\" | Lokalmagasinet.no","robots":{"index":"index","follow":"follow","max-snippet":"max-snippet:-1","max-image-preview":"max-image-preview:large","max-video-preview":"max-video-preview:-1"},"canonical":"https:\/\/lokalmagasinet.no\/?p=7605","og_locale":"nn_NO","og_type":"article","og_title":"Om Janteloven og \"lovens d\u00f8dare\" | Lokalmagasinet.no","og_description":"(K\u00e5seri) (Fra LM juli 2004) (Republisert 22.11.2023) Ordf\u00f8rerens tale til v\u00e5r olympiske mester Siren Sundby da hun ble tatt imot hjemme i Son, har f\u00f8rt til at mange unge er ... Les merOm Janteloven og &laquo;lovens d\u00f8dare&raquo;","og_url":"https:\/\/lokalmagasinet.no\/?p=7605","og_site_name":"Lokalmagasinet.no","article_publisher":"https:\/\/www.facebook.com\/sveinharald.strand.1","article_author":"https:\/\/www.facebook.com\/sveinharald.strand.1","article_published_time":"2023-11-22T10:14:22+00:00","article_modified_time":"2023-12-12T15:46:49+00:00","og_image":[{"width":1331,"height":884,"url":"https:\/\/lokalmagasinet.no\/wp-content\/uploads\/2021\/11\/Europa-seilas-innkomst.jpg","type":"image\/jpeg"}],"author":"Svein-Harald Strand","twitter_card":"summary_large_image","twitter_creator":"@LMExtra","twitter_site":"@LMExtra","twitter_misc":{"Written by":"Svein-Harald Strand","Est. reading time":"3 minutt"},"schema":{"@context":"https:\/\/schema.org","@graph":[{"@type":"Article","@id":"https:\/\/lokalmagasinet.no\/?p=7605#article","isPartOf":{"@id":"https:\/\/lokalmagasinet.no\/?p=7605"},"author":{"name":"Svein-Harald Strand","@id":"https:\/\/lokalmagasinet.no\/#\/schema\/person\/2e8d221708d3aaf6f577275b5bba4310"},"headline":"Om Janteloven og &laquo;lovens d\u00f8dare&raquo;","datePublished":"2023-11-22T10:14:22+00:00","dateModified":"2023-12-12T15:46:49+00:00","mainEntityOfPage":{"@id":"https:\/\/lokalmagasinet.no\/?p=7605"},"wordCount":609,"publisher":{"@id":"https:\/\/lokalmagasinet.no\/#organization"},"image":{"@id":"https:\/\/lokalmagasinet.no\/?p=7605#primaryimage"},"thumbnailUrl":"https:\/\/lokalmagasinet.no\/wp-content\/uploads\/2021\/11\/Europa-seilas-innkomst.jpg","articleSection":["Historisk"],"inLanguage":"nn-NO"},{"@type":"WebPage","@id":"https:\/\/lokalmagasinet.no\/?p=7605","url":"https:\/\/lokalmagasinet.no\/?p=7605","name":"Om Janteloven og \"lovens d\u00f8dare\" | Lokalmagasinet.no","isPartOf":{"@id":"https:\/\/lokalmagasinet.no\/#website"},"primaryImageOfPage":{"@id":"https:\/\/lokalmagasinet.no\/?p=7605#primaryimage"},"image":{"@id":"https:\/\/lokalmagasinet.no\/?p=7605#primaryimage"},"thumbnailUrl":"https:\/\/lokalmagasinet.no\/wp-content\/uploads\/2021\/11\/Europa-seilas-innkomst.jpg","datePublished":"2023-11-22T10:14:22+00:00","dateModified":"2023-12-12T15:46:49+00:00","breadcrumb":{"@id":"https:\/\/lokalmagasinet.no\/?p=7605#breadcrumb"},"inLanguage":"nn-NO","potentialAction":[{"@type":"ReadAction","target":["https:\/\/lokalmagasinet.no\/?p=7605"]}]},{"@type":"ImageObject","inLanguage":"nn-NO","@id":"https:\/\/lokalmagasinet.no\/?p=7605#primaryimage","url":"https:\/\/lokalmagasinet.no\/wp-content\/uploads\/2021\/11\/Europa-seilas-innkomst.jpg","contentUrl":"https:\/\/lokalmagasinet.no\/wp-content\/uploads\/2021\/11\/Europa-seilas-innkomst.jpg","width":1331,"height":884},{"@type":"BreadcrumbList","@id":"https:\/\/lokalmagasinet.no\/?p=7605#breadcrumb","itemListElement":[{"@type":"ListItem","position":1,"name":"Hjem","item":"https:\/\/lokalmagasinet.no\/"},{"@type":"ListItem","position":2,"name":"Om Janteloven og &#8220;lovens d\u00f8dare&#8221;"}]},{"@type":"WebSite","@id":"https:\/\/lokalmagasinet.no\/#website","url":"https:\/\/lokalmagasinet.no\/","name":"Lokalmagasinet.no","description":"Fra fortid og n\u00e5tid. Med st\u00e5sted i det n\u00e6re. Siden 2002.","publisher":{"@id":"https:\/\/lokalmagasinet.no\/#organization"},"potentialAction":[{"@type":"SearchAction","target":{"@type":"EntryPoint","urlTemplate":"https:\/\/lokalmagasinet.no\/?s={search_term_string}"},"query-input":{"@type":"PropertyValueSpecification","valueRequired":true,"valueName":"search_term_string"}}],"inLanguage":"nn-NO"},{"@type":"Organization","@id":"https:\/\/lokalmagasinet.no\/#organization","name":"Lokalmagasinet.no","url":"https:\/\/lokalmagasinet.no\/","logo":{"@type":"ImageObject","inLanguage":"nn-NO","@id":"https:\/\/lokalmagasinet.no\/#\/schema\/logo\/image\/","url":"https:\/\/lokalmagasinet.no\/wp-content\/uploads\/2021\/03\/cropped-cropped-cropped-cropped-cropped-cropped-lmlogo-e1640691300821.jpg","contentUrl":"https:\/\/lokalmagasinet.no\/wp-content\/uploads\/2021\/03\/cropped-cropped-cropped-cropped-cropped-cropped-lmlogo-e1640691300821.jpg","width":72,"height":118,"caption":"Lokalmagasinet.no"},"image":{"@id":"https:\/\/lokalmagasinet.no\/#\/schema\/logo\/image\/"},"sameAs":["https:\/\/www.facebook.com\/sveinharald.strand.1","https:\/\/x.com\/LMExtra"]},{"@type":"Person","@id":"https:\/\/lokalmagasinet.no\/#\/schema\/person\/2e8d221708d3aaf6f577275b5bba4310","name":"Svein-Harald Strand","image":{"@type":"ImageObject","inLanguage":"nn-NO","@id":"https:\/\/secure.gravatar.com\/avatar\/c487434bdf6cd7c12e4a88877ae4b12c38d22b7ad64292b49d33ed7503bb7ce1?s=96&d=mm&r=g","url":"https:\/\/secure.gravatar.com\/avatar\/c487434bdf6cd7c12e4a88877ae4b12c38d22b7ad64292b49d33ed7503bb7ce1?s=96&d=mm&r=g","contentUrl":"https:\/\/secure.gravatar.com\/avatar\/c487434bdf6cd7c12e4a88877ae4b12c38d22b7ad64292b49d33ed7503bb7ce1?s=96&d=mm&r=g","caption":"Svein-Harald Strand"},"description":"(F. 26.12.1945) Redakt\u00f8r, journalist og informasjonsarbeider siden 1968. ||| I 1963: Redaksjonell praktikant i 8 m\u00e5neder p\u00e5 full tid i Helgeland Arbeiderblad i hjembyen Mosj\u00f8en. ||| Arbeidende pensjonist med hjemmekontor fra 2008 (AFP) og videre som folkepensjonist til n\u00e5.","sameAs":["https:\/\/lokalmagasinet.no\/","https:\/\/www.facebook.com\/sveinharald.strand.1","https:\/\/x.com\/LMExtra"],"url":"https:\/\/lokalmagasinet.no\/?author=6"}]}},"_links":{"self":[{"href":"https:\/\/lokalmagasinet.no\/index.php?rest_route=\/wp\/v2\/posts\/7605","targetHints":{"allow":["GET"]}}],"collection":[{"href":"https:\/\/lokalmagasinet.no\/index.php?rest_route=\/wp\/v2\/posts"}],"about":[{"href":"https:\/\/lokalmagasinet.no\/index.php?rest_route=\/wp\/v2\/types\/post"}],"author":[{"embeddable":true,"href":"https:\/\/lokalmagasinet.no\/index.php?rest_route=\/wp\/v2\/users\/6"}],"replies":[{"embeddable":true,"href":"https:\/\/lokalmagasinet.no\/index.php?rest_route=%2Fwp%2Fv2%2Fcomments&post=7605"}],"version-history":[{"count":15,"href":"https:\/\/lokalmagasinet.no\/index.php?rest_route=\/wp\/v2\/posts\/7605\/revisions"}],"predecessor-version":[{"id":20590,"href":"https:\/\/lokalmagasinet.no\/index.php?rest_route=\/wp\/v2\/posts\/7605\/revisions\/20590"}],"wp:featuredmedia":[{"embeddable":true,"href":"https:\/\/lokalmagasinet.no\/index.php?rest_route=\/wp\/v2\/media\/6513"}],"wp:attachment":[{"href":"https:\/\/lokalmagasinet.no\/index.php?rest_route=%2Fwp%2Fv2%2Fmedia&parent=7605"}],"wp:term":[{"taxonomy":"category","embeddable":true,"href":"https:\/\/lokalmagasinet.no\/index.php?rest_route=%2Fwp%2Fv2%2Fcategories&post=7605"},{"taxonomy":"post_tag","embeddable":true,"href":"https:\/\/lokalmagasinet.no\/index.php?rest_route=%2Fwp%2Fv2%2Ftags&post=7605"}],"curies":[{"name":"wp","href":"https:\/\/api.w.org\/{rel}","templated":true}]}}