{"id":7751,"date":"2022-01-01T15:16:56","date_gmt":"2022-01-01T14:16:56","guid":{"rendered":"https:\/\/lokalmagasinet.no\/?p=7751"},"modified":"2022-01-04T22:36:15","modified_gmt":"2022-01-04T21:36:15","slug":"nytt-ar-og-nye-muligheter-ved-inngangen-til-vart-19-driftsar","status":"publish","type":"post","link":"https:\/\/lokalmagasinet.no\/?p=7751","title":{"rendered":"NYTT \u00c5R &#8211; OG NYE MULIGHETER &#8211; ved inngangen til v\u00e5rt 19. drifts\u00e5r!"},"content":{"rendered":"<p><strong>Det nye \u00e5ret startet ikke p\u00e5 beste m\u00e5te da vi sent i natt &#8211; av alle ting &#8211; fikk problemer med \u00e5 legge ut denne plakaten sammen med n\u00f8dvendig tekst. <\/strong><\/p>\n<p><img loading=\"lazy\" decoding=\"async\" class=\"aligncenter wp-image-7750 size-medium\" src=\"https:\/\/lokalmagasinet.no\/wp-content\/uploads\/2022\/01\/index-300x166.jpg\" alt=\"\" width=\"300\" height=\"166\" srcset=\"https:\/\/lokalmagasinet.no\/wp-content\/uploads\/2022\/01\/index-300x166.jpg 300w, https:\/\/lokalmagasinet.no\/wp-content\/uploads\/2022\/01\/index-150x83.jpg 150w, https:\/\/lokalmagasinet.no\/wp-content\/uploads\/2022\/01\/index.jpg 302w\" sizes=\"auto, (max-width: 300px) 100vw, 300px\" \/><\/p>\n<p>Tiden for feils\u00f8king og feilretting var det jo heller ikke. Men vi kan n\u00e5 endelig \u00f8nske alle lesere og samarbeidspartnere et GODT NYTT \u00c5R! Dette blir Lokalmagasinets 19. drifts\u00e5r, ettersom det var i desember 2002 vi debuterte p\u00e5 WorldWideWeb, verdensveven.<br \/>\n<!--more--><\/p>\n<p>Utover i \u00e5ret som er g\u00e5tt kunne vi glede oss over et jevnt \u00f8kende bes\u00f8kstall etter en mildt sagt tr\u00f8blete start p\u00e5 en ny publiseringsl\u00f8sning. Denne har et imponerende &#8211; detaljert og \u00e5penbart korrekt &#8211; telleverk.<\/p>\n<p><strong>Men det eneste vi skal plage dere med p\u00e5 en dag som denne, er tallet 370.163 &#8211; ikke minst fordi dette ikke bare er det totale bes\u00f8kstallet for &laquo;nye LM&raquo; per i dag.<\/strong><\/p>\n<p>Tallet rommer nemlig ogs\u00e5 de relativt f\u00e5 bes\u00f8k som ble registrert p\u00e5 v\u00e5rt WordPress &laquo;pilotprosjekt&raquo; som i en periode var oppe og gikk p\u00e5 en egen nettadresse. Alts\u00e5 f\u00f8r den fatale serverkrasjen som endte livet til &laquo;gamle LM&raquo;.<\/p>\n<p><em>Ha en fortsatt fin 1. nytt\u00e5rsdag!<\/em><\/p>\n<p>Views: 374<\/p>","protected":false},"excerpt":{"rendered":"<p>Det nye \u00e5ret startet ikke p\u00e5 beste m\u00e5te da vi sent i natt &#8211; av alle ting &#8211; fikk problemer med \u00e5 legge ut denne plakaten sammen med n\u00f8dvendig tekst. &#8230; <\/p>\n<p class=\"read-more-container\"><a title=\"NYTT \u00c5R &#8211; OG NYE MULIGHETER &#8211; ved inngangen til v\u00e5rt 19. drifts\u00e5r!\" class=\"read-more button\" href=\"https:\/\/lokalmagasinet.no\/?p=7751#more-7751\">Les mer<span class=\"screen-reader-text\">NYTT \u00c5R &#8211; OG NYE MULIGHETER &#8211; ved inngangen til v\u00e5rt 19. drifts\u00e5r!<\/span><\/a><\/p>\n","protected":false},"author":6,"featured_media":7748,"comment_status":"closed","ping_status":"open","sticky":false,"template":"","format":"standard","meta":{"footnotes":""},"categories":[1],"tags":[],"class_list":["post-7751","post","type-post","status-publish","format-standard","has-post-thumbnail","hentry","category-aktuelt"],"yoast_head":"<!-- This site is optimized with the Yoast SEO plugin v27.4 - https:\/\/yoast.com\/product\/yoast-seo-wordpress\/ -->\n<title>NYTT \u00c5R - OG NYE MULIGHETER - ved inngangen til v\u00e5rt 19. drifts\u00e5r! | Lokalmagasinet.no<\/title>\n<meta name=\"robots\" content=\"index, follow, max-snippet:-1, max-image-preview:large, max-video-preview:-1\" \/>\n<link rel=\"canonical\" href=\"https:\/\/lokalmagasinet.no\/?p=7751\" \/>\n<meta property=\"og:locale\" content=\"nn_NO\" \/>\n<meta property=\"og:type\" content=\"article\" \/>\n<meta property=\"og:title\" content=\"NYTT \u00c5R - OG NYE MULIGHETER - ved inngangen til v\u00e5rt 19. drifts\u00e5r! | Lokalmagasinet.no\" \/>\n<meta property=\"og:description\" content=\"Det nye \u00e5ret startet ikke p\u00e5 beste m\u00e5te da vi sent i natt &#8211; av alle ting &#8211; fikk problemer med \u00e5 legge ut denne plakaten sammen med n\u00f8dvendig tekst. ... Les merNYTT \u00c5R &#8211; OG NYE MULIGHETER &#8211; ved inngangen til v\u00e5rt 19. drifts\u00e5r!\" \/>\n<meta property=\"og:url\" content=\"https:\/\/lokalmagasinet.no\/?p=7751\" \/>\n<meta property=\"og:site_name\" content=\"Lokalmagasinet.no\" \/>\n<meta property=\"article:publisher\" content=\"https:\/\/www.facebook.com\/sveinharald.strand.1\" \/>\n<meta property=\"article:author\" content=\"https:\/\/www.facebook.com\/sveinharald.strand.1\" \/>\n<meta property=\"article:published_time\" content=\"2022-01-01T14:16:56+00:00\" \/>\n<meta property=\"article:modified_time\" content=\"2022-01-04T21:36:15+00:00\" \/>\n<meta property=\"og:image\" content=\"https:\/\/lokalmagasinet.no\/wp-content\/uploads\/2021\/12\/raketter_200.jpg\" \/>\n\t<meta property=\"og:image:width\" content=\"200\" \/>\n\t<meta property=\"og:image:height\" content=\"133\" \/>\n\t<meta property=\"og:image:type\" content=\"image\/jpeg\" \/>\n<meta name=\"author\" content=\"Svein-Harald Strand\" \/>\n<meta name=\"twitter:card\" content=\"summary_large_image\" \/>\n<meta name=\"twitter:creator\" content=\"@LMExtra\" \/>\n<meta name=\"twitter:site\" content=\"@LMExtra\" \/>\n<meta name=\"twitter:label1\" content=\"Written by\" \/>\n\t<meta name=\"twitter:data1\" content=\"Svein-Harald Strand\" \/>\n\t<meta name=\"twitter:label2\" content=\"Est. reading time\" \/>\n\t<meta name=\"twitter:data2\" content=\"1 minutt\" \/>\n<script type=\"application\/ld+json\" class=\"yoast-schema-graph\">{\"@context\":\"https:\\\/\\\/schema.org\",\"@graph\":[{\"@type\":\"Article\",\"@id\":\"https:\\\/\\\/lokalmagasinet.no\\\/?p=7751#article\",\"isPartOf\":{\"@id\":\"https:\\\/\\\/lokalmagasinet.no\\\/?p=7751\"},\"author\":{\"name\":\"Svein-Harald Strand\",\"@id\":\"https:\\\/\\\/lokalmagasinet.no\\\/#\\\/schema\\\/person\\\/2e8d221708d3aaf6f577275b5bba4310\"},\"headline\":\"NYTT \u00c5R &#8211; OG NYE MULIGHETER &#8211; ved inngangen til v\u00e5rt 19. drifts\u00e5r!\",\"datePublished\":\"2022-01-01T14:16:56+00:00\",\"dateModified\":\"2022-01-04T21:36:15+00:00\",\"mainEntityOfPage\":{\"@id\":\"https:\\\/\\\/lokalmagasinet.no\\\/?p=7751\"},\"wordCount\":205,\"publisher\":{\"@id\":\"https:\\\/\\\/lokalmagasinet.no\\\/#organization\"},\"image\":{\"@id\":\"https:\\\/\\\/lokalmagasinet.no\\\/?p=7751#primaryimage\"},\"thumbnailUrl\":\"https:\\\/\\\/lokalmagasinet.no\\\/wp-content\\\/uploads\\\/2021\\\/12\\\/raketter_200-e1704068907186.jpg\",\"articleSection\":[\"Aktuelt\"],\"inLanguage\":\"nn-NO\"},{\"@type\":\"WebPage\",\"@id\":\"https:\\\/\\\/lokalmagasinet.no\\\/?p=7751\",\"url\":\"https:\\\/\\\/lokalmagasinet.no\\\/?p=7751\",\"name\":\"NYTT \u00c5R - OG NYE MULIGHETER - ved inngangen til v\u00e5rt 19. drifts\u00e5r! | Lokalmagasinet.no\",\"isPartOf\":{\"@id\":\"https:\\\/\\\/lokalmagasinet.no\\\/#website\"},\"primaryImageOfPage\":{\"@id\":\"https:\\\/\\\/lokalmagasinet.no\\\/?p=7751#primaryimage\"},\"image\":{\"@id\":\"https:\\\/\\\/lokalmagasinet.no\\\/?p=7751#primaryimage\"},\"thumbnailUrl\":\"https:\\\/\\\/lokalmagasinet.no\\\/wp-content\\\/uploads\\\/2021\\\/12\\\/raketter_200-e1704068907186.jpg\",\"datePublished\":\"2022-01-01T14:16:56+00:00\",\"dateModified\":\"2022-01-04T21:36:15+00:00\",\"breadcrumb\":{\"@id\":\"https:\\\/\\\/lokalmagasinet.no\\\/?p=7751#breadcrumb\"},\"inLanguage\":\"nn-NO\",\"potentialAction\":[{\"@type\":\"ReadAction\",\"target\":[\"https:\\\/\\\/lokalmagasinet.no\\\/?p=7751\"]}]},{\"@type\":\"ImageObject\",\"inLanguage\":\"nn-NO\",\"@id\":\"https:\\\/\\\/lokalmagasinet.no\\\/?p=7751#primaryimage\",\"url\":\"https:\\\/\\\/lokalmagasinet.no\\\/wp-content\\\/uploads\\\/2021\\\/12\\\/raketter_200-e1704068907186.jpg\",\"contentUrl\":\"https:\\\/\\\/lokalmagasinet.no\\\/wp-content\\\/uploads\\\/2021\\\/12\\\/raketter_200-e1704068907186.jpg\",\"width\":200,\"height\":133,\"caption\":\"GODT NYTT\u00c5R - OG TAKK FOR ET \u00c5R MED FLOTTE TALL FOR BES\u00d8KET TIL LOKALMAGASINET.NO! VELKOMMEN TIL EN NY \u00c5RGANG, MED NYE GREP.\"},{\"@type\":\"BreadcrumbList\",\"@id\":\"https:\\\/\\\/lokalmagasinet.no\\\/?p=7751#breadcrumb\",\"itemListElement\":[{\"@type\":\"ListItem\",\"position\":1,\"name\":\"Hjem\",\"item\":\"https:\\\/\\\/lokalmagasinet.no\\\/\"},{\"@type\":\"ListItem\",\"position\":2,\"name\":\"NYTT \u00c5R &#8211; OG NYE MULIGHETER &#8211; ved inngangen til v\u00e5rt 19. drifts\u00e5r!\"}]},{\"@type\":\"WebSite\",\"@id\":\"https:\\\/\\\/lokalmagasinet.no\\\/#website\",\"url\":\"https:\\\/\\\/lokalmagasinet.no\\\/\",\"name\":\"Lokalmagasinet.no\",\"description\":\"Fra fortid og n\u00e5tid. Med st\u00e5sted i det n\u00e6re. Siden 2002.\",\"publisher\":{\"@id\":\"https:\\\/\\\/lokalmagasinet.no\\\/#organization\"},\"potentialAction\":[{\"@type\":\"SearchAction\",\"target\":{\"@type\":\"EntryPoint\",\"urlTemplate\":\"https:\\\/\\\/lokalmagasinet.no\\\/?s={search_term_string}\"},\"query-input\":{\"@type\":\"PropertyValueSpecification\",\"valueRequired\":true,\"valueName\":\"search_term_string\"}}],\"inLanguage\":\"nn-NO\"},{\"@type\":\"Organization\",\"@id\":\"https:\\\/\\\/lokalmagasinet.no\\\/#organization\",\"name\":\"Lokalmagasinet.no\",\"url\":\"https:\\\/\\\/lokalmagasinet.no\\\/\",\"logo\":{\"@type\":\"ImageObject\",\"inLanguage\":\"nn-NO\",\"@id\":\"https:\\\/\\\/lokalmagasinet.no\\\/#\\\/schema\\\/logo\\\/image\\\/\",\"url\":\"https:\\\/\\\/lokalmagasinet.no\\\/wp-content\\\/uploads\\\/2021\\\/03\\\/cropped-cropped-cropped-cropped-cropped-cropped-lmlogo-e1640691300821.jpg\",\"contentUrl\":\"https:\\\/\\\/lokalmagasinet.no\\\/wp-content\\\/uploads\\\/2021\\\/03\\\/cropped-cropped-cropped-cropped-cropped-cropped-lmlogo-e1640691300821.jpg\",\"width\":72,\"height\":118,\"caption\":\"Lokalmagasinet.no\"},\"image\":{\"@id\":\"https:\\\/\\\/lokalmagasinet.no\\\/#\\\/schema\\\/logo\\\/image\\\/\"},\"sameAs\":[\"https:\\\/\\\/www.facebook.com\\\/sveinharald.strand.1\",\"https:\\\/\\\/x.com\\\/LMExtra\"]},{\"@type\":\"Person\",\"@id\":\"https:\\\/\\\/lokalmagasinet.no\\\/#\\\/schema\\\/person\\\/2e8d221708d3aaf6f577275b5bba4310\",\"name\":\"Svein-Harald Strand\",\"image\":{\"@type\":\"ImageObject\",\"inLanguage\":\"nn-NO\",\"@id\":\"https:\\\/\\\/secure.gravatar.com\\\/avatar\\\/c487434bdf6cd7c12e4a88877ae4b12c38d22b7ad64292b49d33ed7503bb7ce1?s=96&d=mm&r=g\",\"url\":\"https:\\\/\\\/secure.gravatar.com\\\/avatar\\\/c487434bdf6cd7c12e4a88877ae4b12c38d22b7ad64292b49d33ed7503bb7ce1?s=96&d=mm&r=g\",\"contentUrl\":\"https:\\\/\\\/secure.gravatar.com\\\/avatar\\\/c487434bdf6cd7c12e4a88877ae4b12c38d22b7ad64292b49d33ed7503bb7ce1?s=96&d=mm&r=g\",\"caption\":\"Svein-Harald Strand\"},\"description\":\"(F. 26.12.1945) Redakt\u00f8r, journalist og informasjonsarbeider siden 1968. ||| I 1963: Redaksjonell praktikant i 8 m\u00e5neder p\u00e5 full tid i Helgeland Arbeiderblad i hjembyen Mosj\u00f8en. ||| Arbeidende pensjonist med hjemmekontor fra 2008 (AFP) og videre som folkepensjonist til n\u00e5.\",\"sameAs\":[\"https:\\\/\\\/lokalmagasinet.no\\\/\",\"https:\\\/\\\/www.facebook.com\\\/sveinharald.strand.1\",\"https:\\\/\\\/x.com\\\/LMExtra\"],\"url\":\"https:\\\/\\\/lokalmagasinet.no\\\/?author=6\"}]}<\/script>\n<!-- \/ Yoast SEO plugin. -->","yoast_head_json":{"title":"NYTT \u00c5R - OG NYE MULIGHETER - ved inngangen til v\u00e5rt 19. drifts\u00e5r! | Lokalmagasinet.no","robots":{"index":"index","follow":"follow","max-snippet":"max-snippet:-1","max-image-preview":"max-image-preview:large","max-video-preview":"max-video-preview:-1"},"canonical":"https:\/\/lokalmagasinet.no\/?p=7751","og_locale":"nn_NO","og_type":"article","og_title":"NYTT \u00c5R - OG NYE MULIGHETER - ved inngangen til v\u00e5rt 19. drifts\u00e5r! | Lokalmagasinet.no","og_description":"Det nye \u00e5ret startet ikke p\u00e5 beste m\u00e5te da vi sent i natt &#8211; av alle ting &#8211; fikk problemer med \u00e5 legge ut denne plakaten sammen med n\u00f8dvendig tekst. ... Les merNYTT \u00c5R &#8211; OG NYE MULIGHETER &#8211; ved inngangen til v\u00e5rt 19. drifts\u00e5r!","og_url":"https:\/\/lokalmagasinet.no\/?p=7751","og_site_name":"Lokalmagasinet.no","article_publisher":"https:\/\/www.facebook.com\/sveinharald.strand.1","article_author":"https:\/\/www.facebook.com\/sveinharald.strand.1","article_published_time":"2022-01-01T14:16:56+00:00","article_modified_time":"2022-01-04T21:36:15+00:00","og_image":[{"width":200,"height":133,"url":"https:\/\/lokalmagasinet.no\/wp-content\/uploads\/2021\/12\/raketter_200.jpg","type":"image\/jpeg"}],"author":"Svein-Harald Strand","twitter_card":"summary_large_image","twitter_creator":"@LMExtra","twitter_site":"@LMExtra","twitter_misc":{"Written by":"Svein-Harald Strand","Est. reading time":"1 minutt"},"schema":{"@context":"https:\/\/schema.org","@graph":[{"@type":"Article","@id":"https:\/\/lokalmagasinet.no\/?p=7751#article","isPartOf":{"@id":"https:\/\/lokalmagasinet.no\/?p=7751"},"author":{"name":"Svein-Harald Strand","@id":"https:\/\/lokalmagasinet.no\/#\/schema\/person\/2e8d221708d3aaf6f577275b5bba4310"},"headline":"NYTT \u00c5R &#8211; OG NYE MULIGHETER &#8211; ved inngangen til v\u00e5rt 19. drifts\u00e5r!","datePublished":"2022-01-01T14:16:56+00:00","dateModified":"2022-01-04T21:36:15+00:00","mainEntityOfPage":{"@id":"https:\/\/lokalmagasinet.no\/?p=7751"},"wordCount":205,"publisher":{"@id":"https:\/\/lokalmagasinet.no\/#organization"},"image":{"@id":"https:\/\/lokalmagasinet.no\/?p=7751#primaryimage"},"thumbnailUrl":"https:\/\/lokalmagasinet.no\/wp-content\/uploads\/2021\/12\/raketter_200-e1704068907186.jpg","articleSection":["Aktuelt"],"inLanguage":"nn-NO"},{"@type":"WebPage","@id":"https:\/\/lokalmagasinet.no\/?p=7751","url":"https:\/\/lokalmagasinet.no\/?p=7751","name":"NYTT \u00c5R - OG NYE MULIGHETER - ved inngangen til v\u00e5rt 19. drifts\u00e5r! | Lokalmagasinet.no","isPartOf":{"@id":"https:\/\/lokalmagasinet.no\/#website"},"primaryImageOfPage":{"@id":"https:\/\/lokalmagasinet.no\/?p=7751#primaryimage"},"image":{"@id":"https:\/\/lokalmagasinet.no\/?p=7751#primaryimage"},"thumbnailUrl":"https:\/\/lokalmagasinet.no\/wp-content\/uploads\/2021\/12\/raketter_200-e1704068907186.jpg","datePublished":"2022-01-01T14:16:56+00:00","dateModified":"2022-01-04T21:36:15+00:00","breadcrumb":{"@id":"https:\/\/lokalmagasinet.no\/?p=7751#breadcrumb"},"inLanguage":"nn-NO","potentialAction":[{"@type":"ReadAction","target":["https:\/\/lokalmagasinet.no\/?p=7751"]}]},{"@type":"ImageObject","inLanguage":"nn-NO","@id":"https:\/\/lokalmagasinet.no\/?p=7751#primaryimage","url":"https:\/\/lokalmagasinet.no\/wp-content\/uploads\/2021\/12\/raketter_200-e1704068907186.jpg","contentUrl":"https:\/\/lokalmagasinet.no\/wp-content\/uploads\/2021\/12\/raketter_200-e1704068907186.jpg","width":200,"height":133,"caption":"GODT NYTT\u00c5R - OG TAKK FOR ET \u00c5R MED FLOTTE TALL FOR BES\u00d8KET TIL LOKALMAGASINET.NO! VELKOMMEN TIL EN NY \u00c5RGANG, MED NYE GREP."},{"@type":"BreadcrumbList","@id":"https:\/\/lokalmagasinet.no\/?p=7751#breadcrumb","itemListElement":[{"@type":"ListItem","position":1,"name":"Hjem","item":"https:\/\/lokalmagasinet.no\/"},{"@type":"ListItem","position":2,"name":"NYTT \u00c5R &#8211; OG NYE MULIGHETER &#8211; ved inngangen til v\u00e5rt 19. drifts\u00e5r!"}]},{"@type":"WebSite","@id":"https:\/\/lokalmagasinet.no\/#website","url":"https:\/\/lokalmagasinet.no\/","name":"Lokalmagasinet.no","description":"Fra fortid og n\u00e5tid. Med st\u00e5sted i det n\u00e6re. Siden 2002.","publisher":{"@id":"https:\/\/lokalmagasinet.no\/#organization"},"potentialAction":[{"@type":"SearchAction","target":{"@type":"EntryPoint","urlTemplate":"https:\/\/lokalmagasinet.no\/?s={search_term_string}"},"query-input":{"@type":"PropertyValueSpecification","valueRequired":true,"valueName":"search_term_string"}}],"inLanguage":"nn-NO"},{"@type":"Organization","@id":"https:\/\/lokalmagasinet.no\/#organization","name":"Lokalmagasinet.no","url":"https:\/\/lokalmagasinet.no\/","logo":{"@type":"ImageObject","inLanguage":"nn-NO","@id":"https:\/\/lokalmagasinet.no\/#\/schema\/logo\/image\/","url":"https:\/\/lokalmagasinet.no\/wp-content\/uploads\/2021\/03\/cropped-cropped-cropped-cropped-cropped-cropped-lmlogo-e1640691300821.jpg","contentUrl":"https:\/\/lokalmagasinet.no\/wp-content\/uploads\/2021\/03\/cropped-cropped-cropped-cropped-cropped-cropped-lmlogo-e1640691300821.jpg","width":72,"height":118,"caption":"Lokalmagasinet.no"},"image":{"@id":"https:\/\/lokalmagasinet.no\/#\/schema\/logo\/image\/"},"sameAs":["https:\/\/www.facebook.com\/sveinharald.strand.1","https:\/\/x.com\/LMExtra"]},{"@type":"Person","@id":"https:\/\/lokalmagasinet.no\/#\/schema\/person\/2e8d221708d3aaf6f577275b5bba4310","name":"Svein-Harald Strand","image":{"@type":"ImageObject","inLanguage":"nn-NO","@id":"https:\/\/secure.gravatar.com\/avatar\/c487434bdf6cd7c12e4a88877ae4b12c38d22b7ad64292b49d33ed7503bb7ce1?s=96&d=mm&r=g","url":"https:\/\/secure.gravatar.com\/avatar\/c487434bdf6cd7c12e4a88877ae4b12c38d22b7ad64292b49d33ed7503bb7ce1?s=96&d=mm&r=g","contentUrl":"https:\/\/secure.gravatar.com\/avatar\/c487434bdf6cd7c12e4a88877ae4b12c38d22b7ad64292b49d33ed7503bb7ce1?s=96&d=mm&r=g","caption":"Svein-Harald Strand"},"description":"(F. 26.12.1945) Redakt\u00f8r, journalist og informasjonsarbeider siden 1968. ||| I 1963: Redaksjonell praktikant i 8 m\u00e5neder p\u00e5 full tid i Helgeland Arbeiderblad i hjembyen Mosj\u00f8en. ||| Arbeidende pensjonist med hjemmekontor fra 2008 (AFP) og videre som folkepensjonist til n\u00e5.","sameAs":["https:\/\/lokalmagasinet.no\/","https:\/\/www.facebook.com\/sveinharald.strand.1","https:\/\/x.com\/LMExtra"],"url":"https:\/\/lokalmagasinet.no\/?author=6"}]}},"_links":{"self":[{"href":"https:\/\/lokalmagasinet.no\/index.php?rest_route=\/wp\/v2\/posts\/7751","targetHints":{"allow":["GET"]}}],"collection":[{"href":"https:\/\/lokalmagasinet.no\/index.php?rest_route=\/wp\/v2\/posts"}],"about":[{"href":"https:\/\/lokalmagasinet.no\/index.php?rest_route=\/wp\/v2\/types\/post"}],"author":[{"embeddable":true,"href":"https:\/\/lokalmagasinet.no\/index.php?rest_route=\/wp\/v2\/users\/6"}],"replies":[{"embeddable":true,"href":"https:\/\/lokalmagasinet.no\/index.php?rest_route=%2Fwp%2Fv2%2Fcomments&post=7751"}],"version-history":[{"count":22,"href":"https:\/\/lokalmagasinet.no\/index.php?rest_route=\/wp\/v2\/posts\/7751\/revisions"}],"predecessor-version":[{"id":7834,"href":"https:\/\/lokalmagasinet.no\/index.php?rest_route=\/wp\/v2\/posts\/7751\/revisions\/7834"}],"wp:featuredmedia":[{"embeddable":true,"href":"https:\/\/lokalmagasinet.no\/index.php?rest_route=\/wp\/v2\/media\/7748"}],"wp:attachment":[{"href":"https:\/\/lokalmagasinet.no\/index.php?rest_route=%2Fwp%2Fv2%2Fmedia&parent=7751"}],"wp:term":[{"taxonomy":"category","embeddable":true,"href":"https:\/\/lokalmagasinet.no\/index.php?rest_route=%2Fwp%2Fv2%2Fcategories&post=7751"},{"taxonomy":"post_tag","embeddable":true,"href":"https:\/\/lokalmagasinet.no\/index.php?rest_route=%2Fwp%2Fv2%2Ftags&post=7751"}],"curies":[{"name":"wp","href":"https:\/\/api.w.org\/{rel}","templated":true}]}}