{"id":7864,"date":"2022-01-06T21:23:31","date_gmt":"2022-01-06T20:23:31","guid":{"rendered":"https:\/\/lokalmagasinet.no\/?p=7864"},"modified":"2022-01-08T16:39:05","modified_gmt":"2022-01-08T15:39:05","slug":"toppsaken-sa-langt-det-ble-heroya-i-stedet-for-son","status":"publish","type":"post","link":"https:\/\/lokalmagasinet.no\/?p=7864","title":{"rendered":"TOPPSAKEN s\u00e5 langt: Det ble HER\u00d8YA &#8211; i stedet for Son"},"content":{"rendered":"<p><img loading=\"lazy\" decoding=\"async\" class=\"aligncenter wp-image-2664\" src=\"https:\/\/lokalmagasinet.no\/wp-content\/uploads\/2021\/03\/Sam_Eyde_photographed_1910-723x1024.jpg\" alt=\"\" width=\"300\" height=\"425\" srcset=\"https:\/\/lokalmagasinet.no\/wp-content\/uploads\/2021\/03\/Sam_Eyde_photographed_1910-723x1024.jpg 723w, https:\/\/lokalmagasinet.no\/wp-content\/uploads\/2021\/03\/Sam_Eyde_photographed_1910-212x300.jpg 212w, https:\/\/lokalmagasinet.no\/wp-content\/uploads\/2021\/03\/Sam_Eyde_photographed_1910-768x1088.jpg 768w, https:\/\/lokalmagasinet.no\/wp-content\/uploads\/2021\/03\/Sam_Eyde_photographed_1910-1084x1536.jpg 1084w, https:\/\/lokalmagasinet.no\/wp-content\/uploads\/2021\/03\/Sam_Eyde_photographed_1910-scaled.jpg 1446w\" sizes=\"auto, (max-width: 300px) 100vw, 300px\" \/><\/p>\n<p style=\"text-align: center;\"><em>Foto: no.wikipedia<\/em><\/p>\n<p>(Publisert 06.01.22)\u00a0<strong> V\u00e5r side med den eksklusive historien om da Norsk Hydro-gr\u00fcnderen Sam Eyde (bildet) valgte bort en tomt i Son, til fordel for Her\u00f8ya, er &#8211; med god margin &#8211; den mest leste gjennom 365 dager p\u00e5 l\u00f8pende basis.\u00a0<\/strong><strong> \u00a0\u00a0\u00a0\u00a0\u00a0\u00a0\u00a0\u00a0\u00a0\u00a0\u00a0\u00a0\u00a0\u00a0\u00a0\u00a0\u00a0\u00a0\u00a0\u00a0\u00a0\u00a0\u00a0\u00a0\u00a0\u00a0 <\/strong><\/p>\n<p>Per i dag st\u00e5r siden med 2707 visninger, 70 flere enn bare for noen dager siden. Ja, dette er ogs\u00e5 den siden som har &#8211; eller er blant de to-tre som har &#8211; flest visninger ogs\u00e5 i telleverkets kortere intervaller.<\/p>\n<p>Med tanke p\u00e5 hva som var spiren til denne Sam Eyde-historien, og hvordan den &laquo;la p\u00e5 seg&raquo; underveis til publisering gjennom v\u00e5rt samarbeid med barnebarnet Stig Eyde:<\/p>\n<p><strong>Et aldri s\u00e5 lite skup dette, p\u00e5 lokal grunn.<\/strong><\/p>\n<p>P\u00e5 andreplass kommer en sak om oss selv. Om at vi er <em>blant de f\u00e5 nettaviser i landet p\u00e5 &laquo;superlokal&raquo; basis som har hatt sammenhengende drift s\u00e5 lenge.<\/em><\/p>\n<p style=\"text-align: center;\"><strong>OVERRASKELSEN: MOSJ\u00d8EN MAGASIN<\/strong><\/p>\n<p><img loading=\"lazy\" decoding=\"async\" class=\"size-medium wp-image-1298 alignleft\" src=\"https:\/\/lokalmagasinet.no\/wp-content\/uploads\/2021\/02\/mosjoenfrafly-300x184.jpg\" alt=\"\" width=\"300\" height=\"184\" data-wp-editing=\"1\" srcset=\"https:\/\/lokalmagasinet.no\/wp-content\/uploads\/2021\/02\/mosjoenfrafly-300x184.jpg 300w, https:\/\/lokalmagasinet.no\/wp-content\/uploads\/2021\/02\/mosjoenfrafly.jpg 708w\" sizes=\"auto, (max-width: 300px) 100vw, 300px\" \/><strong>Superlokalt &#8211; om enn med en annen vri &#8211; er det ogs\u00e5 p\u00e5 tredjeplass.<\/strong><\/p>\n<p>Der st\u00e5r, overraskende nok, nemlig <em>Mosj\u00f8en Magasin<\/em> (t.v. \u00e5pningsbildet). Ogs\u00e5 her ser det til \u00e5 v\u00e6re et betydelig gjenbrukspotensial.<\/p>\n<p>Mosj\u00f8en Magasin byr p\u00e5 gamle bilder fra redakt\u00f8rens hjemby. Et litt uvanlig konsept som oppdateres sak for sak &#8211; rettere bilde for bilde &#8211; med rause bildetekster.<\/p>\n<p><strong>Alt dette p\u00e5 \u00e9n og samme side, s\u00e5 langt &#8211; og s\u00e5 f\u00e5r vi se hva det blir videre, eventuelt.<\/strong><\/p>\n<p><strong>TO POPUL\u00c6RE VIDEOER<\/strong><\/p>\n<p>P\u00e5 de to neste plassene kommer to videoer, og viser med dette spennvidden i det vi har klart \u00e5 bygge opp p\u00e5 relativt kort tid:<\/p>\n<p><strong>Det er <em>&laquo;Verden kom sj\u00f8veien til Son&raquo;<\/em> p\u00e5 fjerde- (1811 visninger) og <em>&laquo;Alex Johannessen &#8211; Klubben i Soon&raquo;<\/em> p\u00e5 femteplass (1676 visninger).<\/strong><\/p>\n<p>Videre nedover &laquo;ti p\u00e5 topp-lista&raquo; er det sm\u00e5 marginer fra sak til sak, s\u00e5pass at rekkef\u00f8lgen fort kan skifte fra uke til uke. S\u00e5 det f\u00e5r vi eventuelt komme tilbake til.<\/p>\n<p>&nbsp;<\/p>\n<p>&nbsp;<\/p>\n<p>Views: 443<\/p>","protected":false},"excerpt":{"rendered":"<p>Foto: no.wikipedia (Publisert 06.01.22)\u00a0 V\u00e5r side med den eksklusive historien om da Norsk Hydro-gr\u00fcnderen Sam Eyde (bildet) valgte bort en tomt i Son, til fordel for Her\u00f8ya, er &#8211; med &#8230; <\/p>\n<p class=\"read-more-container\"><a title=\"TOPPSAKEN s\u00e5 langt: Det ble HER\u00d8YA &#8211; i stedet for Son\" class=\"read-more button\" href=\"https:\/\/lokalmagasinet.no\/?p=7864#more-7864\">Les mer<span class=\"screen-reader-text\">TOPPSAKEN s\u00e5 langt: Det ble HER\u00d8YA &#8211; i stedet for Son<\/span><\/a><\/p>\n","protected":false},"author":6,"featured_media":3676,"comment_status":"closed","ping_status":"open","sticky":false,"template":"","format":"standard","meta":{"footnotes":""},"categories":[1],"tags":[],"class_list":["post-7864","post","type-post","status-publish","format-standard","has-post-thumbnail","hentry","category-aktuelt"],"yoast_head":"<!-- This site is optimized with the Yoast SEO plugin v27.5 - https:\/\/yoast.com\/product\/yoast-seo-wordpress\/ -->\n<title>TOPPSAKEN s\u00e5 langt: Det ble HER\u00d8YA - i stedet for Son | Lokalmagasinet.no<\/title>\n<meta name=\"robots\" content=\"index, follow, max-snippet:-1, max-image-preview:large, max-video-preview:-1\" \/>\n<link rel=\"canonical\" href=\"https:\/\/lokalmagasinet.no\/?p=7864\" \/>\n<meta property=\"og:locale\" content=\"nn_NO\" \/>\n<meta property=\"og:type\" content=\"article\" \/>\n<meta property=\"og:title\" content=\"TOPPSAKEN s\u00e5 langt: Det ble HER\u00d8YA - i stedet for Son | Lokalmagasinet.no\" \/>\n<meta property=\"og:description\" content=\"Foto: no.wikipedia (Publisert 06.01.22)\u00a0 V\u00e5r side med den eksklusive historien om da Norsk Hydro-gr\u00fcnderen Sam Eyde (bildet) valgte bort en tomt i Son, til fordel for Her\u00f8ya, er &#8211; med ... Les merTOPPSAKEN s\u00e5 langt: Det ble HER\u00d8YA &#8211; i stedet for Son\" \/>\n<meta property=\"og:url\" content=\"https:\/\/lokalmagasinet.no\/?p=7864\" \/>\n<meta property=\"og:site_name\" content=\"Lokalmagasinet.no\" \/>\n<meta property=\"article:publisher\" content=\"https:\/\/www.facebook.com\/sveinharald.strand.1\" \/>\n<meta property=\"article:author\" content=\"https:\/\/www.facebook.com\/sveinharald.strand.1\" \/>\n<meta property=\"article:published_time\" content=\"2022-01-06T20:23:31+00:00\" \/>\n<meta property=\"article:modified_time\" content=\"2022-01-08T15:39:05+00:00\" \/>\n<meta property=\"og:image\" content=\"https:\/\/lokalmagasinet.no\/wp-content\/uploads\/2021\/05\/1-blownaway.jpg\" \/>\n\t<meta property=\"og:image:width\" content=\"225\" \/>\n\t<meta property=\"og:image:height\" content=\"300\" \/>\n\t<meta property=\"og:image:type\" content=\"image\/jpeg\" \/>\n<meta name=\"author\" content=\"Svein-Harald Strand\" \/>\n<meta name=\"twitter:card\" content=\"summary_large_image\" \/>\n<meta name=\"twitter:creator\" content=\"@LMExtra\" \/>\n<meta name=\"twitter:site\" content=\"@LMExtra\" \/>\n<meta name=\"twitter:label1\" content=\"Written by\" \/>\n\t<meta name=\"twitter:data1\" content=\"Svein-Harald Strand\" \/>\n\t<meta name=\"twitter:label2\" content=\"Est. reading time\" \/>\n\t<meta name=\"twitter:data2\" content=\"2 minutt\" \/>\n<script type=\"application\/ld+json\" class=\"yoast-schema-graph\">{\"@context\":\"https:\\\/\\\/schema.org\",\"@graph\":[{\"@type\":\"Article\",\"@id\":\"https:\\\/\\\/lokalmagasinet.no\\\/?p=7864#article\",\"isPartOf\":{\"@id\":\"https:\\\/\\\/lokalmagasinet.no\\\/?p=7864\"},\"author\":{\"name\":\"Svein-Harald Strand\",\"@id\":\"https:\\\/\\\/lokalmagasinet.no\\\/#\\\/schema\\\/person\\\/2e8d221708d3aaf6f577275b5bba4310\"},\"headline\":\"TOPPSAKEN s\u00e5 langt: Det ble HER\u00d8YA &#8211; i stedet for Son\",\"datePublished\":\"2022-01-06T20:23:31+00:00\",\"dateModified\":\"2022-01-08T15:39:05+00:00\",\"mainEntityOfPage\":{\"@id\":\"https:\\\/\\\/lokalmagasinet.no\\\/?p=7864\"},\"wordCount\":336,\"publisher\":{\"@id\":\"https:\\\/\\\/lokalmagasinet.no\\\/#organization\"},\"image\":{\"@id\":\"https:\\\/\\\/lokalmagasinet.no\\\/?p=7864#primaryimage\"},\"thumbnailUrl\":\"https:\\\/\\\/lokalmagasinet.no\\\/wp-content\\\/uploads\\\/2021\\\/05\\\/1-blownaway.jpg\",\"articleSection\":[\"Aktuelt\"],\"inLanguage\":\"nn-NO\"},{\"@type\":\"WebPage\",\"@id\":\"https:\\\/\\\/lokalmagasinet.no\\\/?p=7864\",\"url\":\"https:\\\/\\\/lokalmagasinet.no\\\/?p=7864\",\"name\":\"TOPPSAKEN s\u00e5 langt: Det ble HER\u00d8YA - i stedet for Son | Lokalmagasinet.no\",\"isPartOf\":{\"@id\":\"https:\\\/\\\/lokalmagasinet.no\\\/#website\"},\"primaryImageOfPage\":{\"@id\":\"https:\\\/\\\/lokalmagasinet.no\\\/?p=7864#primaryimage\"},\"image\":{\"@id\":\"https:\\\/\\\/lokalmagasinet.no\\\/?p=7864#primaryimage\"},\"thumbnailUrl\":\"https:\\\/\\\/lokalmagasinet.no\\\/wp-content\\\/uploads\\\/2021\\\/05\\\/1-blownaway.jpg\",\"datePublished\":\"2022-01-06T20:23:31+00:00\",\"dateModified\":\"2022-01-08T15:39:05+00:00\",\"breadcrumb\":{\"@id\":\"https:\\\/\\\/lokalmagasinet.no\\\/?p=7864#breadcrumb\"},\"inLanguage\":\"nn-NO\",\"potentialAction\":[{\"@type\":\"ReadAction\",\"target\":[\"https:\\\/\\\/lokalmagasinet.no\\\/?p=7864\"]}]},{\"@type\":\"ImageObject\",\"inLanguage\":\"nn-NO\",\"@id\":\"https:\\\/\\\/lokalmagasinet.no\\\/?p=7864#primaryimage\",\"url\":\"https:\\\/\\\/lokalmagasinet.no\\\/wp-content\\\/uploads\\\/2021\\\/05\\\/1-blownaway.jpg\",\"contentUrl\":\"https:\\\/\\\/lokalmagasinet.no\\\/wp-content\\\/uploads\\\/2021\\\/05\\\/1-blownaway.jpg\",\"width\":225,\"height\":300},{\"@type\":\"BreadcrumbList\",\"@id\":\"https:\\\/\\\/lokalmagasinet.no\\\/?p=7864#breadcrumb\",\"itemListElement\":[{\"@type\":\"ListItem\",\"position\":1,\"name\":\"Hjem\",\"item\":\"https:\\\/\\\/lokalmagasinet.no\\\/\"},{\"@type\":\"ListItem\",\"position\":2,\"name\":\"TOPPSAKEN s\u00e5 langt: Det ble HER\u00d8YA &#8211; i stedet for Son\"}]},{\"@type\":\"WebSite\",\"@id\":\"https:\\\/\\\/lokalmagasinet.no\\\/#website\",\"url\":\"https:\\\/\\\/lokalmagasinet.no\\\/\",\"name\":\"Lokalmagasinet.no\",\"description\":\"Fra fortid og n\u00e5tid. Med st\u00e5sted i det n\u00e6re. Siden 2002.\",\"publisher\":{\"@id\":\"https:\\\/\\\/lokalmagasinet.no\\\/#organization\"},\"potentialAction\":[{\"@type\":\"SearchAction\",\"target\":{\"@type\":\"EntryPoint\",\"urlTemplate\":\"https:\\\/\\\/lokalmagasinet.no\\\/?s={search_term_string}\"},\"query-input\":{\"@type\":\"PropertyValueSpecification\",\"valueRequired\":true,\"valueName\":\"search_term_string\"}}],\"inLanguage\":\"nn-NO\"},{\"@type\":\"Organization\",\"@id\":\"https:\\\/\\\/lokalmagasinet.no\\\/#organization\",\"name\":\"Lokalmagasinet.no\",\"url\":\"https:\\\/\\\/lokalmagasinet.no\\\/\",\"logo\":{\"@type\":\"ImageObject\",\"inLanguage\":\"nn-NO\",\"@id\":\"https:\\\/\\\/lokalmagasinet.no\\\/#\\\/schema\\\/logo\\\/image\\\/\",\"url\":\"https:\\\/\\\/lokalmagasinet.no\\\/wp-content\\\/uploads\\\/2021\\\/03\\\/cropped-cropped-cropped-cropped-cropped-cropped-lmlogo-e1640691300821.jpg\",\"contentUrl\":\"https:\\\/\\\/lokalmagasinet.no\\\/wp-content\\\/uploads\\\/2021\\\/03\\\/cropped-cropped-cropped-cropped-cropped-cropped-lmlogo-e1640691300821.jpg\",\"width\":72,\"height\":118,\"caption\":\"Lokalmagasinet.no\"},\"image\":{\"@id\":\"https:\\\/\\\/lokalmagasinet.no\\\/#\\\/schema\\\/logo\\\/image\\\/\"},\"sameAs\":[\"https:\\\/\\\/www.facebook.com\\\/sveinharald.strand.1\",\"https:\\\/\\\/x.com\\\/LMExtra\"]},{\"@type\":\"Person\",\"@id\":\"https:\\\/\\\/lokalmagasinet.no\\\/#\\\/schema\\\/person\\\/2e8d221708d3aaf6f577275b5bba4310\",\"name\":\"Svein-Harald Strand\",\"image\":{\"@type\":\"ImageObject\",\"inLanguage\":\"nn-NO\",\"@id\":\"https:\\\/\\\/secure.gravatar.com\\\/avatar\\\/c487434bdf6cd7c12e4a88877ae4b12c38d22b7ad64292b49d33ed7503bb7ce1?s=96&d=mm&r=g\",\"url\":\"https:\\\/\\\/secure.gravatar.com\\\/avatar\\\/c487434bdf6cd7c12e4a88877ae4b12c38d22b7ad64292b49d33ed7503bb7ce1?s=96&d=mm&r=g\",\"contentUrl\":\"https:\\\/\\\/secure.gravatar.com\\\/avatar\\\/c487434bdf6cd7c12e4a88877ae4b12c38d22b7ad64292b49d33ed7503bb7ce1?s=96&d=mm&r=g\",\"caption\":\"Svein-Harald Strand\"},\"description\":\"(F. 26.12.1945) Redakt\u00f8r, journalist og informasjonsarbeider siden 1968. ||| I 1963: Redaksjonell praktikant i 8 m\u00e5neder p\u00e5 full tid i Helgeland Arbeiderblad i hjembyen Mosj\u00f8en. ||| Arbeidende pensjonist med hjemmekontor fra 2008 (AFP) og videre som folkepensjonist til n\u00e5.\",\"sameAs\":[\"https:\\\/\\\/lokalmagasinet.no\\\/\",\"https:\\\/\\\/www.facebook.com\\\/sveinharald.strand.1\",\"https:\\\/\\\/x.com\\\/LMExtra\"],\"url\":\"https:\\\/\\\/lokalmagasinet.no\\\/?author=6\"}]}<\/script>\n<!-- \/ Yoast SEO plugin. -->","yoast_head_json":{"title":"TOPPSAKEN s\u00e5 langt: Det ble HER\u00d8YA - i stedet for Son | Lokalmagasinet.no","robots":{"index":"index","follow":"follow","max-snippet":"max-snippet:-1","max-image-preview":"max-image-preview:large","max-video-preview":"max-video-preview:-1"},"canonical":"https:\/\/lokalmagasinet.no\/?p=7864","og_locale":"nn_NO","og_type":"article","og_title":"TOPPSAKEN s\u00e5 langt: Det ble HER\u00d8YA - i stedet for Son | Lokalmagasinet.no","og_description":"Foto: no.wikipedia (Publisert 06.01.22)\u00a0 V\u00e5r side med den eksklusive historien om da Norsk Hydro-gr\u00fcnderen Sam Eyde (bildet) valgte bort en tomt i Son, til fordel for Her\u00f8ya, er &#8211; med ... Les merTOPPSAKEN s\u00e5 langt: Det ble HER\u00d8YA &#8211; i stedet for Son","og_url":"https:\/\/lokalmagasinet.no\/?p=7864","og_site_name":"Lokalmagasinet.no","article_publisher":"https:\/\/www.facebook.com\/sveinharald.strand.1","article_author":"https:\/\/www.facebook.com\/sveinharald.strand.1","article_published_time":"2022-01-06T20:23:31+00:00","article_modified_time":"2022-01-08T15:39:05+00:00","og_image":[{"width":225,"height":300,"url":"https:\/\/lokalmagasinet.no\/wp-content\/uploads\/2021\/05\/1-blownaway.jpg","type":"image\/jpeg"}],"author":"Svein-Harald Strand","twitter_card":"summary_large_image","twitter_creator":"@LMExtra","twitter_site":"@LMExtra","twitter_misc":{"Written by":"Svein-Harald Strand","Est. reading time":"2 minutt"},"schema":{"@context":"https:\/\/schema.org","@graph":[{"@type":"Article","@id":"https:\/\/lokalmagasinet.no\/?p=7864#article","isPartOf":{"@id":"https:\/\/lokalmagasinet.no\/?p=7864"},"author":{"name":"Svein-Harald Strand","@id":"https:\/\/lokalmagasinet.no\/#\/schema\/person\/2e8d221708d3aaf6f577275b5bba4310"},"headline":"TOPPSAKEN s\u00e5 langt: Det ble HER\u00d8YA &#8211; i stedet for Son","datePublished":"2022-01-06T20:23:31+00:00","dateModified":"2022-01-08T15:39:05+00:00","mainEntityOfPage":{"@id":"https:\/\/lokalmagasinet.no\/?p=7864"},"wordCount":336,"publisher":{"@id":"https:\/\/lokalmagasinet.no\/#organization"},"image":{"@id":"https:\/\/lokalmagasinet.no\/?p=7864#primaryimage"},"thumbnailUrl":"https:\/\/lokalmagasinet.no\/wp-content\/uploads\/2021\/05\/1-blownaway.jpg","articleSection":["Aktuelt"],"inLanguage":"nn-NO"},{"@type":"WebPage","@id":"https:\/\/lokalmagasinet.no\/?p=7864","url":"https:\/\/lokalmagasinet.no\/?p=7864","name":"TOPPSAKEN s\u00e5 langt: Det ble HER\u00d8YA - i stedet for Son | Lokalmagasinet.no","isPartOf":{"@id":"https:\/\/lokalmagasinet.no\/#website"},"primaryImageOfPage":{"@id":"https:\/\/lokalmagasinet.no\/?p=7864#primaryimage"},"image":{"@id":"https:\/\/lokalmagasinet.no\/?p=7864#primaryimage"},"thumbnailUrl":"https:\/\/lokalmagasinet.no\/wp-content\/uploads\/2021\/05\/1-blownaway.jpg","datePublished":"2022-01-06T20:23:31+00:00","dateModified":"2022-01-08T15:39:05+00:00","breadcrumb":{"@id":"https:\/\/lokalmagasinet.no\/?p=7864#breadcrumb"},"inLanguage":"nn-NO","potentialAction":[{"@type":"ReadAction","target":["https:\/\/lokalmagasinet.no\/?p=7864"]}]},{"@type":"ImageObject","inLanguage":"nn-NO","@id":"https:\/\/lokalmagasinet.no\/?p=7864#primaryimage","url":"https:\/\/lokalmagasinet.no\/wp-content\/uploads\/2021\/05\/1-blownaway.jpg","contentUrl":"https:\/\/lokalmagasinet.no\/wp-content\/uploads\/2021\/05\/1-blownaway.jpg","width":225,"height":300},{"@type":"BreadcrumbList","@id":"https:\/\/lokalmagasinet.no\/?p=7864#breadcrumb","itemListElement":[{"@type":"ListItem","position":1,"name":"Hjem","item":"https:\/\/lokalmagasinet.no\/"},{"@type":"ListItem","position":2,"name":"TOPPSAKEN s\u00e5 langt: Det ble HER\u00d8YA &#8211; i stedet for Son"}]},{"@type":"WebSite","@id":"https:\/\/lokalmagasinet.no\/#website","url":"https:\/\/lokalmagasinet.no\/","name":"Lokalmagasinet.no","description":"Fra fortid og n\u00e5tid. Med st\u00e5sted i det n\u00e6re. Siden 2002.","publisher":{"@id":"https:\/\/lokalmagasinet.no\/#organization"},"potentialAction":[{"@type":"SearchAction","target":{"@type":"EntryPoint","urlTemplate":"https:\/\/lokalmagasinet.no\/?s={search_term_string}"},"query-input":{"@type":"PropertyValueSpecification","valueRequired":true,"valueName":"search_term_string"}}],"inLanguage":"nn-NO"},{"@type":"Organization","@id":"https:\/\/lokalmagasinet.no\/#organization","name":"Lokalmagasinet.no","url":"https:\/\/lokalmagasinet.no\/","logo":{"@type":"ImageObject","inLanguage":"nn-NO","@id":"https:\/\/lokalmagasinet.no\/#\/schema\/logo\/image\/","url":"https:\/\/lokalmagasinet.no\/wp-content\/uploads\/2021\/03\/cropped-cropped-cropped-cropped-cropped-cropped-lmlogo-e1640691300821.jpg","contentUrl":"https:\/\/lokalmagasinet.no\/wp-content\/uploads\/2021\/03\/cropped-cropped-cropped-cropped-cropped-cropped-lmlogo-e1640691300821.jpg","width":72,"height":118,"caption":"Lokalmagasinet.no"},"image":{"@id":"https:\/\/lokalmagasinet.no\/#\/schema\/logo\/image\/"},"sameAs":["https:\/\/www.facebook.com\/sveinharald.strand.1","https:\/\/x.com\/LMExtra"]},{"@type":"Person","@id":"https:\/\/lokalmagasinet.no\/#\/schema\/person\/2e8d221708d3aaf6f577275b5bba4310","name":"Svein-Harald Strand","image":{"@type":"ImageObject","inLanguage":"nn-NO","@id":"https:\/\/secure.gravatar.com\/avatar\/c487434bdf6cd7c12e4a88877ae4b12c38d22b7ad64292b49d33ed7503bb7ce1?s=96&d=mm&r=g","url":"https:\/\/secure.gravatar.com\/avatar\/c487434bdf6cd7c12e4a88877ae4b12c38d22b7ad64292b49d33ed7503bb7ce1?s=96&d=mm&r=g","contentUrl":"https:\/\/secure.gravatar.com\/avatar\/c487434bdf6cd7c12e4a88877ae4b12c38d22b7ad64292b49d33ed7503bb7ce1?s=96&d=mm&r=g","caption":"Svein-Harald Strand"},"description":"(F. 26.12.1945) Redakt\u00f8r, journalist og informasjonsarbeider siden 1968. ||| I 1963: Redaksjonell praktikant i 8 m\u00e5neder p\u00e5 full tid i Helgeland Arbeiderblad i hjembyen Mosj\u00f8en. ||| Arbeidende pensjonist med hjemmekontor fra 2008 (AFP) og videre som folkepensjonist til n\u00e5.","sameAs":["https:\/\/lokalmagasinet.no\/","https:\/\/www.facebook.com\/sveinharald.strand.1","https:\/\/x.com\/LMExtra"],"url":"https:\/\/lokalmagasinet.no\/?author=6"}]}},"_links":{"self":[{"href":"https:\/\/lokalmagasinet.no\/index.php?rest_route=\/wp\/v2\/posts\/7864","targetHints":{"allow":["GET"]}}],"collection":[{"href":"https:\/\/lokalmagasinet.no\/index.php?rest_route=\/wp\/v2\/posts"}],"about":[{"href":"https:\/\/lokalmagasinet.no\/index.php?rest_route=\/wp\/v2\/types\/post"}],"author":[{"embeddable":true,"href":"https:\/\/lokalmagasinet.no\/index.php?rest_route=\/wp\/v2\/users\/6"}],"replies":[{"embeddable":true,"href":"https:\/\/lokalmagasinet.no\/index.php?rest_route=%2Fwp%2Fv2%2Fcomments&post=7864"}],"version-history":[{"count":30,"href":"https:\/\/lokalmagasinet.no\/index.php?rest_route=\/wp\/v2\/posts\/7864\/revisions"}],"predecessor-version":[{"id":7903,"href":"https:\/\/lokalmagasinet.no\/index.php?rest_route=\/wp\/v2\/posts\/7864\/revisions\/7903"}],"wp:featuredmedia":[{"embeddable":true,"href":"https:\/\/lokalmagasinet.no\/index.php?rest_route=\/wp\/v2\/media\/3676"}],"wp:attachment":[{"href":"https:\/\/lokalmagasinet.no\/index.php?rest_route=%2Fwp%2Fv2%2Fmedia&parent=7864"}],"wp:term":[{"taxonomy":"category","embeddable":true,"href":"https:\/\/lokalmagasinet.no\/index.php?rest_route=%2Fwp%2Fv2%2Fcategories&post=7864"},{"taxonomy":"post_tag","embeddable":true,"href":"https:\/\/lokalmagasinet.no\/index.php?rest_route=%2Fwp%2Fv2%2Ftags&post=7864"}],"curies":[{"name":"wp","href":"https:\/\/api.w.org\/{rel}","templated":true}]}}