{"id":7953,"date":"2022-01-12T07:31:33","date_gmt":"2022-01-12T06:31:33","guid":{"rendered":"https:\/\/lokalmagasinet.no\/?p=7953"},"modified":"2022-01-12T08:25:55","modified_gmt":"2022-01-12T07:25:55","slug":"da-har-vi-bade-navn-arstall-og-fotograf","status":"publish","type":"post","link":"https:\/\/lokalmagasinet.no\/?p=7953","title":{"rendered":"Da har vi b\u00e5de navn, \u00e5rstall og fotograf"},"content":{"rendered":"<p style=\"text-align: left;\"><img loading=\"lazy\" decoding=\"async\" class=\"alignnone wp-image-750 size-full\" src=\"https:\/\/lokalmagasinet.no\/wp-content\/uploads\/2021\/02\/oscarsborg1_ison.png\" alt=\"\" width=\"1269\" height=\"622\" srcset=\"https:\/\/lokalmagasinet.no\/wp-content\/uploads\/2021\/02\/oscarsborg1_ison.png 1269w, https:\/\/lokalmagasinet.no\/wp-content\/uploads\/2021\/02\/oscarsborg1_ison-300x147.png 300w, https:\/\/lokalmagasinet.no\/wp-content\/uploads\/2021\/02\/oscarsborg1_ison-1024x502.png 1024w, https:\/\/lokalmagasinet.no\/wp-content\/uploads\/2021\/02\/oscarsborg1_ison-768x376.png 768w\" sizes=\"auto, (max-width: 1269px) 100vw, 1269px\" \/><\/p>\n<p style=\"text-align: left;\">(Publisert 12.01.22) <strong>Snapshot med glade, sommerkledde passasjerer ombord i dampskipet &laquo;Alfa 1&raquo; for kai i Son. \u00c5r og fotograf ukjent. Ja, det skrev vi i artikkelen <em>F\u00f8rste &laquo;dampen&raquo; kom til Son i 1885<\/em>. N\u00e5 kan vi b\u00e5de rette noe av dette og sette inn opplysninger som manglet.<\/strong><\/p>\n<p>For det f\u00f8rste er det, if\u00f8lge<em> Akershusbasen<\/em> som eier originalen, passasjerer p\u00e5 dampskipet &laquo;Oscarsborg 1&raquo; vi ser mens skipet ligger for kai i Son.<\/p>\n<p>\u00c5ret er 1938, og den\u00a0 som tok bildet var Adolf Beck.<\/p>\n<p>Og s\u00e5 var det navnene: De avbildede personene, som det heter i arkivspr\u00e5ket, er Elsa Gundersen, Birger Koren og Bj\u00f8rn Vaarli.<\/p>\n<p><strong>MEN: Er bildet besk\u00e5ret i ettertid? Ved rekka ser vi litt av hatten til herremann nummer to&raquo;. Er det Birger eller Bj\u00f8rn? Tre kvinnelige passasjerer ser vi ogs\u00e5. Hvem av dem er Elsa, og hva heter de to andre?<br \/>\n<\/strong><\/p>\n<p>Vi mottar gjerne hjelp eller forslag fra leserne. Mer enn gjerne fra Akershusbasen selv ogs\u00e5, selvf\u00f8lgelig. Det vi har hentet de nye opplysningene fra er nemlig en utskrift fra deres nettsted.<\/p>\n<p><em><strong>St.<\/strong><\/em><\/p>\n<p>&nbsp;<\/p>\n<p>Her er artikkelen:<\/p>\n<p>https:\/\/lokalmagasinet.no\/forste-dampen-kom-til-son-i-1855\/<\/p>\n<p>&nbsp;<\/p>\n<p>&nbsp;<\/p>\n<p>&nbsp;<\/p>\n<p>&nbsp;<\/p>\n<p>&nbsp;<\/p>\n<p>&nbsp;<\/p>\n<p>&nbsp;<\/p>\n<p>Views: 356<\/p>","protected":false},"excerpt":{"rendered":"<p>(Publisert 12.01.22) Snapshot med glade, sommerkledde passasjerer ombord i dampskipet &laquo;Alfa 1&raquo; for kai i Son. \u00c5r og fotograf ukjent. Ja, det skrev vi i artikkelen F\u00f8rste &laquo;dampen&raquo; kom til &#8230; <\/p>\n<p class=\"read-more-container\"><a title=\"Da har vi b\u00e5de navn, \u00e5rstall og fotograf\" class=\"read-more button\" href=\"https:\/\/lokalmagasinet.no\/?p=7953#more-7953\">Les mer<span class=\"screen-reader-text\">Da har vi b\u00e5de navn, \u00e5rstall og fotograf<\/span><\/a><\/p>\n","protected":false},"author":6,"featured_media":3063,"comment_status":"closed","ping_status":"open","sticky":false,"template":"","format":"standard","meta":{"footnotes":""},"categories":[7],"tags":[],"class_list":["post-7953","post","type-post","status-publish","format-standard","has-post-thumbnail","hentry","category-historisk-arkiv","resize-featured-image"],"yoast_head":"<!-- This site is optimized with the Yoast SEO plugin v27.4 - https:\/\/yoast.com\/product\/yoast-seo-wordpress\/ -->\n<title>Da har vi b\u00e5de navn, \u00e5rstall og fotograf | Lokalmagasinet.no<\/title>\n<meta name=\"robots\" content=\"index, follow, max-snippet:-1, max-image-preview:large, max-video-preview:-1\" \/>\n<link rel=\"canonical\" href=\"https:\/\/lokalmagasinet.no\/?p=7953\" \/>\n<meta property=\"og:locale\" content=\"nn_NO\" \/>\n<meta property=\"og:type\" content=\"article\" \/>\n<meta property=\"og:title\" content=\"Da har vi b\u00e5de navn, \u00e5rstall og fotograf | Lokalmagasinet.no\" \/>\n<meta property=\"og:description\" content=\"(Publisert 12.01.22) Snapshot med glade, sommerkledde passasjerer ombord i dampskipet &laquo;Alfa 1&raquo; for kai i Son. \u00c5r og fotograf ukjent. Ja, det skrev vi i artikkelen F\u00f8rste &laquo;dampen&raquo; kom til ... Les merDa har vi b\u00e5de navn, \u00e5rstall og fotograf\" \/>\n<meta property=\"og:url\" content=\"https:\/\/lokalmagasinet.no\/?p=7953\" \/>\n<meta property=\"og:site_name\" content=\"Lokalmagasinet.no\" \/>\n<meta property=\"article:publisher\" content=\"https:\/\/www.facebook.com\/sveinharald.strand.1\" \/>\n<meta property=\"article:author\" content=\"https:\/\/www.facebook.com\/sveinharald.strand.1\" \/>\n<meta property=\"article:published_time\" content=\"2022-01-12T06:31:33+00:00\" \/>\n<meta property=\"article:modified_time\" content=\"2022-01-12T07:25:55+00:00\" \/>\n<meta property=\"og:image\" content=\"https:\/\/lokalmagasinet.no\/wp-content\/uploads\/2021\/03\/cropped-lmlogo-e1640691300821.jpg\" \/>\n\t<meta property=\"og:image:width\" content=\"86\" \/>\n\t<meta property=\"og:image:height\" content=\"120\" \/>\n\t<meta property=\"og:image:type\" content=\"image\/jpeg\" \/>\n<meta name=\"author\" content=\"Svein-Harald Strand\" \/>\n<meta name=\"twitter:card\" content=\"summary_large_image\" \/>\n<meta name=\"twitter:creator\" content=\"@LMExtra\" \/>\n<meta name=\"twitter:site\" content=\"@LMExtra\" \/>\n<meta name=\"twitter:label1\" content=\"Written by\" \/>\n\t<meta name=\"twitter:data1\" content=\"Svein-Harald Strand\" \/>\n\t<meta name=\"twitter:label2\" content=\"Est. reading time\" \/>\n\t<meta name=\"twitter:data2\" content=\"1 minutt\" \/>\n<script type=\"application\/ld+json\" class=\"yoast-schema-graph\">{\"@context\":\"https:\\\/\\\/schema.org\",\"@graph\":[{\"@type\":\"Article\",\"@id\":\"https:\\\/\\\/lokalmagasinet.no\\\/?p=7953#article\",\"isPartOf\":{\"@id\":\"https:\\\/\\\/lokalmagasinet.no\\\/?p=7953\"},\"author\":{\"name\":\"Svein-Harald Strand\",\"@id\":\"https:\\\/\\\/lokalmagasinet.no\\\/#\\\/schema\\\/person\\\/2e8d221708d3aaf6f577275b5bba4310\"},\"headline\":\"Da har vi b\u00e5de navn, \u00e5rstall og fotograf\",\"datePublished\":\"2022-01-12T06:31:33+00:00\",\"dateModified\":\"2022-01-12T07:25:55+00:00\",\"mainEntityOfPage\":{\"@id\":\"https:\\\/\\\/lokalmagasinet.no\\\/?p=7953\"},\"wordCount\":202,\"publisher\":{\"@id\":\"https:\\\/\\\/lokalmagasinet.no\\\/#organization\"},\"image\":{\"@id\":\"https:\\\/\\\/lokalmagasinet.no\\\/?p=7953#primaryimage\"},\"thumbnailUrl\":\"https:\\\/\\\/lokalmagasinet.no\\\/wp-content\\\/uploads\\\/2021\\\/03\\\/cropped-lmlogo-e1640691300821.jpg\",\"articleSection\":[\"Historisk\"],\"inLanguage\":\"nn-NO\"},{\"@type\":\"WebPage\",\"@id\":\"https:\\\/\\\/lokalmagasinet.no\\\/?p=7953\",\"url\":\"https:\\\/\\\/lokalmagasinet.no\\\/?p=7953\",\"name\":\"Da har vi b\u00e5de navn, \u00e5rstall og fotograf | Lokalmagasinet.no\",\"isPartOf\":{\"@id\":\"https:\\\/\\\/lokalmagasinet.no\\\/#website\"},\"primaryImageOfPage\":{\"@id\":\"https:\\\/\\\/lokalmagasinet.no\\\/?p=7953#primaryimage\"},\"image\":{\"@id\":\"https:\\\/\\\/lokalmagasinet.no\\\/?p=7953#primaryimage\"},\"thumbnailUrl\":\"https:\\\/\\\/lokalmagasinet.no\\\/wp-content\\\/uploads\\\/2021\\\/03\\\/cropped-lmlogo-e1640691300821.jpg\",\"datePublished\":\"2022-01-12T06:31:33+00:00\",\"dateModified\":\"2022-01-12T07:25:55+00:00\",\"breadcrumb\":{\"@id\":\"https:\\\/\\\/lokalmagasinet.no\\\/?p=7953#breadcrumb\"},\"inLanguage\":\"nn-NO\",\"potentialAction\":[{\"@type\":\"ReadAction\",\"target\":[\"https:\\\/\\\/lokalmagasinet.no\\\/?p=7953\"]}]},{\"@type\":\"ImageObject\",\"inLanguage\":\"nn-NO\",\"@id\":\"https:\\\/\\\/lokalmagasinet.no\\\/?p=7953#primaryimage\",\"url\":\"https:\\\/\\\/lokalmagasinet.no\\\/wp-content\\\/uploads\\\/2021\\\/03\\\/cropped-lmlogo-e1640691300821.jpg\",\"contentUrl\":\"https:\\\/\\\/lokalmagasinet.no\\\/wp-content\\\/uploads\\\/2021\\\/03\\\/cropped-lmlogo-e1640691300821.jpg\",\"width\":86,\"height\":120},{\"@type\":\"BreadcrumbList\",\"@id\":\"https:\\\/\\\/lokalmagasinet.no\\\/?p=7953#breadcrumb\",\"itemListElement\":[{\"@type\":\"ListItem\",\"position\":1,\"name\":\"Hjem\",\"item\":\"https:\\\/\\\/lokalmagasinet.no\\\/\"},{\"@type\":\"ListItem\",\"position\":2,\"name\":\"Da har vi b\u00e5de navn, \u00e5rstall og fotograf\"}]},{\"@type\":\"WebSite\",\"@id\":\"https:\\\/\\\/lokalmagasinet.no\\\/#website\",\"url\":\"https:\\\/\\\/lokalmagasinet.no\\\/\",\"name\":\"Lokalmagasinet.no\",\"description\":\"Fra fortid og n\u00e5tid. Med st\u00e5sted i det n\u00e6re. Siden 2002.\",\"publisher\":{\"@id\":\"https:\\\/\\\/lokalmagasinet.no\\\/#organization\"},\"potentialAction\":[{\"@type\":\"SearchAction\",\"target\":{\"@type\":\"EntryPoint\",\"urlTemplate\":\"https:\\\/\\\/lokalmagasinet.no\\\/?s={search_term_string}\"},\"query-input\":{\"@type\":\"PropertyValueSpecification\",\"valueRequired\":true,\"valueName\":\"search_term_string\"}}],\"inLanguage\":\"nn-NO\"},{\"@type\":\"Organization\",\"@id\":\"https:\\\/\\\/lokalmagasinet.no\\\/#organization\",\"name\":\"Lokalmagasinet.no\",\"url\":\"https:\\\/\\\/lokalmagasinet.no\\\/\",\"logo\":{\"@type\":\"ImageObject\",\"inLanguage\":\"nn-NO\",\"@id\":\"https:\\\/\\\/lokalmagasinet.no\\\/#\\\/schema\\\/logo\\\/image\\\/\",\"url\":\"https:\\\/\\\/lokalmagasinet.no\\\/wp-content\\\/uploads\\\/2021\\\/03\\\/cropped-cropped-cropped-cropped-cropped-cropped-lmlogo-e1640691300821.jpg\",\"contentUrl\":\"https:\\\/\\\/lokalmagasinet.no\\\/wp-content\\\/uploads\\\/2021\\\/03\\\/cropped-cropped-cropped-cropped-cropped-cropped-lmlogo-e1640691300821.jpg\",\"width\":72,\"height\":118,\"caption\":\"Lokalmagasinet.no\"},\"image\":{\"@id\":\"https:\\\/\\\/lokalmagasinet.no\\\/#\\\/schema\\\/logo\\\/image\\\/\"},\"sameAs\":[\"https:\\\/\\\/www.facebook.com\\\/sveinharald.strand.1\",\"https:\\\/\\\/x.com\\\/LMExtra\"]},{\"@type\":\"Person\",\"@id\":\"https:\\\/\\\/lokalmagasinet.no\\\/#\\\/schema\\\/person\\\/2e8d221708d3aaf6f577275b5bba4310\",\"name\":\"Svein-Harald Strand\",\"image\":{\"@type\":\"ImageObject\",\"inLanguage\":\"nn-NO\",\"@id\":\"https:\\\/\\\/secure.gravatar.com\\\/avatar\\\/c487434bdf6cd7c12e4a88877ae4b12c38d22b7ad64292b49d33ed7503bb7ce1?s=96&d=mm&r=g\",\"url\":\"https:\\\/\\\/secure.gravatar.com\\\/avatar\\\/c487434bdf6cd7c12e4a88877ae4b12c38d22b7ad64292b49d33ed7503bb7ce1?s=96&d=mm&r=g\",\"contentUrl\":\"https:\\\/\\\/secure.gravatar.com\\\/avatar\\\/c487434bdf6cd7c12e4a88877ae4b12c38d22b7ad64292b49d33ed7503bb7ce1?s=96&d=mm&r=g\",\"caption\":\"Svein-Harald Strand\"},\"description\":\"(F. 26.12.1945) Redakt\u00f8r, journalist og informasjonsarbeider siden 1968. ||| I 1963: Redaksjonell praktikant i 8 m\u00e5neder p\u00e5 full tid i Helgeland Arbeiderblad i hjembyen Mosj\u00f8en. ||| Arbeidende pensjonist med hjemmekontor fra 2008 (AFP) og videre som folkepensjonist til n\u00e5.\",\"sameAs\":[\"https:\\\/\\\/lokalmagasinet.no\\\/\",\"https:\\\/\\\/www.facebook.com\\\/sveinharald.strand.1\",\"https:\\\/\\\/x.com\\\/LMExtra\"],\"url\":\"https:\\\/\\\/lokalmagasinet.no\\\/?author=6\"}]}<\/script>\n<!-- \/ Yoast SEO plugin. -->","yoast_head_json":{"title":"Da har vi b\u00e5de navn, \u00e5rstall og fotograf | Lokalmagasinet.no","robots":{"index":"index","follow":"follow","max-snippet":"max-snippet:-1","max-image-preview":"max-image-preview:large","max-video-preview":"max-video-preview:-1"},"canonical":"https:\/\/lokalmagasinet.no\/?p=7953","og_locale":"nn_NO","og_type":"article","og_title":"Da har vi b\u00e5de navn, \u00e5rstall og fotograf | Lokalmagasinet.no","og_description":"(Publisert 12.01.22) Snapshot med glade, sommerkledde passasjerer ombord i dampskipet &laquo;Alfa 1&raquo; for kai i Son. \u00c5r og fotograf ukjent. Ja, det skrev vi i artikkelen F\u00f8rste &laquo;dampen&raquo; kom til ... Les merDa har vi b\u00e5de navn, \u00e5rstall og fotograf","og_url":"https:\/\/lokalmagasinet.no\/?p=7953","og_site_name":"Lokalmagasinet.no","article_publisher":"https:\/\/www.facebook.com\/sveinharald.strand.1","article_author":"https:\/\/www.facebook.com\/sveinharald.strand.1","article_published_time":"2022-01-12T06:31:33+00:00","article_modified_time":"2022-01-12T07:25:55+00:00","og_image":[{"width":86,"height":120,"url":"https:\/\/lokalmagasinet.no\/wp-content\/uploads\/2021\/03\/cropped-lmlogo-e1640691300821.jpg","type":"image\/jpeg"}],"author":"Svein-Harald Strand","twitter_card":"summary_large_image","twitter_creator":"@LMExtra","twitter_site":"@LMExtra","twitter_misc":{"Written by":"Svein-Harald Strand","Est. reading time":"1 minutt"},"schema":{"@context":"https:\/\/schema.org","@graph":[{"@type":"Article","@id":"https:\/\/lokalmagasinet.no\/?p=7953#article","isPartOf":{"@id":"https:\/\/lokalmagasinet.no\/?p=7953"},"author":{"name":"Svein-Harald Strand","@id":"https:\/\/lokalmagasinet.no\/#\/schema\/person\/2e8d221708d3aaf6f577275b5bba4310"},"headline":"Da har vi b\u00e5de navn, \u00e5rstall og fotograf","datePublished":"2022-01-12T06:31:33+00:00","dateModified":"2022-01-12T07:25:55+00:00","mainEntityOfPage":{"@id":"https:\/\/lokalmagasinet.no\/?p=7953"},"wordCount":202,"publisher":{"@id":"https:\/\/lokalmagasinet.no\/#organization"},"image":{"@id":"https:\/\/lokalmagasinet.no\/?p=7953#primaryimage"},"thumbnailUrl":"https:\/\/lokalmagasinet.no\/wp-content\/uploads\/2021\/03\/cropped-lmlogo-e1640691300821.jpg","articleSection":["Historisk"],"inLanguage":"nn-NO"},{"@type":"WebPage","@id":"https:\/\/lokalmagasinet.no\/?p=7953","url":"https:\/\/lokalmagasinet.no\/?p=7953","name":"Da har vi b\u00e5de navn, \u00e5rstall og fotograf | Lokalmagasinet.no","isPartOf":{"@id":"https:\/\/lokalmagasinet.no\/#website"},"primaryImageOfPage":{"@id":"https:\/\/lokalmagasinet.no\/?p=7953#primaryimage"},"image":{"@id":"https:\/\/lokalmagasinet.no\/?p=7953#primaryimage"},"thumbnailUrl":"https:\/\/lokalmagasinet.no\/wp-content\/uploads\/2021\/03\/cropped-lmlogo-e1640691300821.jpg","datePublished":"2022-01-12T06:31:33+00:00","dateModified":"2022-01-12T07:25:55+00:00","breadcrumb":{"@id":"https:\/\/lokalmagasinet.no\/?p=7953#breadcrumb"},"inLanguage":"nn-NO","potentialAction":[{"@type":"ReadAction","target":["https:\/\/lokalmagasinet.no\/?p=7953"]}]},{"@type":"ImageObject","inLanguage":"nn-NO","@id":"https:\/\/lokalmagasinet.no\/?p=7953#primaryimage","url":"https:\/\/lokalmagasinet.no\/wp-content\/uploads\/2021\/03\/cropped-lmlogo-e1640691300821.jpg","contentUrl":"https:\/\/lokalmagasinet.no\/wp-content\/uploads\/2021\/03\/cropped-lmlogo-e1640691300821.jpg","width":86,"height":120},{"@type":"BreadcrumbList","@id":"https:\/\/lokalmagasinet.no\/?p=7953#breadcrumb","itemListElement":[{"@type":"ListItem","position":1,"name":"Hjem","item":"https:\/\/lokalmagasinet.no\/"},{"@type":"ListItem","position":2,"name":"Da har vi b\u00e5de navn, \u00e5rstall og fotograf"}]},{"@type":"WebSite","@id":"https:\/\/lokalmagasinet.no\/#website","url":"https:\/\/lokalmagasinet.no\/","name":"Lokalmagasinet.no","description":"Fra fortid og n\u00e5tid. Med st\u00e5sted i det n\u00e6re. Siden 2002.","publisher":{"@id":"https:\/\/lokalmagasinet.no\/#organization"},"potentialAction":[{"@type":"SearchAction","target":{"@type":"EntryPoint","urlTemplate":"https:\/\/lokalmagasinet.no\/?s={search_term_string}"},"query-input":{"@type":"PropertyValueSpecification","valueRequired":true,"valueName":"search_term_string"}}],"inLanguage":"nn-NO"},{"@type":"Organization","@id":"https:\/\/lokalmagasinet.no\/#organization","name":"Lokalmagasinet.no","url":"https:\/\/lokalmagasinet.no\/","logo":{"@type":"ImageObject","inLanguage":"nn-NO","@id":"https:\/\/lokalmagasinet.no\/#\/schema\/logo\/image\/","url":"https:\/\/lokalmagasinet.no\/wp-content\/uploads\/2021\/03\/cropped-cropped-cropped-cropped-cropped-cropped-lmlogo-e1640691300821.jpg","contentUrl":"https:\/\/lokalmagasinet.no\/wp-content\/uploads\/2021\/03\/cropped-cropped-cropped-cropped-cropped-cropped-lmlogo-e1640691300821.jpg","width":72,"height":118,"caption":"Lokalmagasinet.no"},"image":{"@id":"https:\/\/lokalmagasinet.no\/#\/schema\/logo\/image\/"},"sameAs":["https:\/\/www.facebook.com\/sveinharald.strand.1","https:\/\/x.com\/LMExtra"]},{"@type":"Person","@id":"https:\/\/lokalmagasinet.no\/#\/schema\/person\/2e8d221708d3aaf6f577275b5bba4310","name":"Svein-Harald Strand","image":{"@type":"ImageObject","inLanguage":"nn-NO","@id":"https:\/\/secure.gravatar.com\/avatar\/c487434bdf6cd7c12e4a88877ae4b12c38d22b7ad64292b49d33ed7503bb7ce1?s=96&d=mm&r=g","url":"https:\/\/secure.gravatar.com\/avatar\/c487434bdf6cd7c12e4a88877ae4b12c38d22b7ad64292b49d33ed7503bb7ce1?s=96&d=mm&r=g","contentUrl":"https:\/\/secure.gravatar.com\/avatar\/c487434bdf6cd7c12e4a88877ae4b12c38d22b7ad64292b49d33ed7503bb7ce1?s=96&d=mm&r=g","caption":"Svein-Harald Strand"},"description":"(F. 26.12.1945) Redakt\u00f8r, journalist og informasjonsarbeider siden 1968. ||| I 1963: Redaksjonell praktikant i 8 m\u00e5neder p\u00e5 full tid i Helgeland Arbeiderblad i hjembyen Mosj\u00f8en. ||| Arbeidende pensjonist med hjemmekontor fra 2008 (AFP) og videre som folkepensjonist til n\u00e5.","sameAs":["https:\/\/lokalmagasinet.no\/","https:\/\/www.facebook.com\/sveinharald.strand.1","https:\/\/x.com\/LMExtra"],"url":"https:\/\/lokalmagasinet.no\/?author=6"}]}},"_links":{"self":[{"href":"https:\/\/lokalmagasinet.no\/index.php?rest_route=\/wp\/v2\/posts\/7953","targetHints":{"allow":["GET"]}}],"collection":[{"href":"https:\/\/lokalmagasinet.no\/index.php?rest_route=\/wp\/v2\/posts"}],"about":[{"href":"https:\/\/lokalmagasinet.no\/index.php?rest_route=\/wp\/v2\/types\/post"}],"author":[{"embeddable":true,"href":"https:\/\/lokalmagasinet.no\/index.php?rest_route=\/wp\/v2\/users\/6"}],"replies":[{"embeddable":true,"href":"https:\/\/lokalmagasinet.no\/index.php?rest_route=%2Fwp%2Fv2%2Fcomments&post=7953"}],"version-history":[{"count":8,"href":"https:\/\/lokalmagasinet.no\/index.php?rest_route=\/wp\/v2\/posts\/7953\/revisions"}],"predecessor-version":[{"id":7966,"href":"https:\/\/lokalmagasinet.no\/index.php?rest_route=\/wp\/v2\/posts\/7953\/revisions\/7966"}],"wp:featuredmedia":[{"embeddable":true,"href":"https:\/\/lokalmagasinet.no\/index.php?rest_route=\/wp\/v2\/media\/3063"}],"wp:attachment":[{"href":"https:\/\/lokalmagasinet.no\/index.php?rest_route=%2Fwp%2Fv2%2Fmedia&parent=7953"}],"wp:term":[{"taxonomy":"category","embeddable":true,"href":"https:\/\/lokalmagasinet.no\/index.php?rest_route=%2Fwp%2Fv2%2Fcategories&post=7953"},{"taxonomy":"post_tag","embeddable":true,"href":"https:\/\/lokalmagasinet.no\/index.php?rest_route=%2Fwp%2Fv2%2Ftags&post=7953"}],"curies":[{"name":"wp","href":"https:\/\/api.w.org\/{rel}","templated":true}]}}