{"id":8084,"date":"2022-01-21T14:29:33","date_gmt":"2022-01-21T13:29:33","guid":{"rendered":"https:\/\/lokalmagasinet.no\/?p=8084"},"modified":"2022-01-21T14:33:37","modified_gmt":"2022-01-21T13:33:37","slug":"gratulerer-med-dagen-ingrid-alexandra","status":"publish","type":"post","link":"https:\/\/lokalmagasinet.no\/?p=8084","title":{"rendered":"GRATULERER MED DAGEN, INGRID ALEXANDRA!"},"content":{"rendered":"<figure id=\"attachment_8082\" aria-describedby=\"caption-attachment-8082\" style=\"width: 1365px\" class=\"wp-caption aligncenter\"><img loading=\"lazy\" decoding=\"async\" class=\"wp-image-8082 size-full\" src=\"https:\/\/lokalmagasinet.no\/wp-content\/uploads\/2022\/01\/ffae2387e9dbc6b02aeeb2059b8253ac61e6deedc026a-scaled.jpg\" alt=\"\" width=\"1365\" height=\"2048\" srcset=\"https:\/\/lokalmagasinet.no\/wp-content\/uploads\/2022\/01\/ffae2387e9dbc6b02aeeb2059b8253ac61e6deedc026a-scaled.jpg 1365w, https:\/\/lokalmagasinet.no\/wp-content\/uploads\/2022\/01\/ffae2387e9dbc6b02aeeb2059b8253ac61e6deedc026a-200x300.jpg 200w, https:\/\/lokalmagasinet.no\/wp-content\/uploads\/2022\/01\/ffae2387e9dbc6b02aeeb2059b8253ac61e6deedc026a-683x1024.jpg 683w, https:\/\/lokalmagasinet.no\/wp-content\/uploads\/2022\/01\/ffae2387e9dbc6b02aeeb2059b8253ac61e6deedc026a-100x150.jpg 100w, https:\/\/lokalmagasinet.no\/wp-content\/uploads\/2022\/01\/ffae2387e9dbc6b02aeeb2059b8253ac61e6deedc026a-768x1152.jpg 768w, https:\/\/lokalmagasinet.no\/wp-content\/uploads\/2022\/01\/ffae2387e9dbc6b02aeeb2059b8253ac61e6deedc026a-1024x1536.jpg 1024w\" sizes=\"auto, (max-width: 1365px) 100vw, 1365px\" \/><figcaption id=\"caption-attachment-8082\" class=\"wp-caption-text\"><strong>En historisk dag for Norge &#8211; v\u00e5r kommende dronning prinsesse Ingrid Alexandra fyller 18 \u00e5r, og feires og gratuleres av en hel nasjon. Her i Son slutter vi oss selvf\u00f8lgelig til rekken av gratulanter. Og om v\u00e5r p\u00e5 alle m\u00e5ter flotte prinsesse ikke allerede har l\u00e6rt det av sin bestefar, s\u00e5 er Son ikke hvilket som helst sted i v\u00e5rt vidstrakte land. <\/strong>I et intervju i dag har hun &#8211; for tiden som kommer &#8211; nevnt mye reising som et m\u00e5l i tillegg til utdanning. Det er jo da mer enn fristende \u00e5 avslutte denne bursdagshilsenen med \u00e5 \u00f8nske henne hjertelig velkommen til Son &#8211; gjerne p\u00e5 et uformelt bes\u00f8k. Og for \u00e5 si det s\u00e5nn: Kort vei er det ogs\u00e5. Her er det b\u00e5de mye \u00e5 se og mye \u00e5 l\u00e6re. Lykke til videre, Ingrid Alexandra, og ha en fortsatt uforglemmelig myndighetsdag! (PRESSEFOTO: Prinsesse Ingrid Alexandra p\u00e5 sitt kontor. Handoutbilde fra Det kongelige hoff publisert 18.01.2022 i anledning Prinsessens 18-\u00e5rsdag 21.01.2022. FOTOGRAF &#8211; ogs\u00e5 for ekstrabildet p\u00e5 forsiden og her:<em> Ida Bj\u00f8rvik, Det kongelige hoff.<\/em>)<\/figcaption><\/figure>\n<p>&nbsp;<\/p>\n<p>Views: 276<\/p>","protected":false},"excerpt":{"rendered":"<p>&nbsp; Views: 276<\/p>\n","protected":false},"author":6,"featured_media":8083,"comment_status":"closed","ping_status":"open","sticky":false,"template":"","format":"standard","meta":{"footnotes":""},"categories":[1],"tags":[],"class_list":["post-8084","post","type-post","status-publish","format-standard","has-post-thumbnail","hentry","category-aktuelt"],"yoast_head":"<!-- This site is optimized with the Yoast SEO plugin v27.4 - https:\/\/yoast.com\/product\/yoast-seo-wordpress\/ -->\n<title>GRATULERER MED DAGEN, INGRID ALEXANDRA! | Lokalmagasinet.no<\/title>\n<meta name=\"robots\" content=\"index, follow, max-snippet:-1, max-image-preview:large, max-video-preview:-1\" \/>\n<link rel=\"canonical\" href=\"https:\/\/lokalmagasinet.no\/?p=8084\" \/>\n<meta property=\"og:locale\" content=\"nn_NO\" \/>\n<meta property=\"og:type\" content=\"article\" \/>\n<meta property=\"og:title\" content=\"GRATULERER MED DAGEN, INGRID ALEXANDRA! | Lokalmagasinet.no\" \/>\n<meta property=\"og:description\" content=\"&nbsp; Views: 276\" \/>\n<meta property=\"og:url\" content=\"https:\/\/lokalmagasinet.no\/?p=8084\" \/>\n<meta property=\"og:site_name\" content=\"Lokalmagasinet.no\" \/>\n<meta property=\"article:publisher\" content=\"https:\/\/www.facebook.com\/sveinharald.strand.1\" \/>\n<meta property=\"article:author\" content=\"https:\/\/www.facebook.com\/sveinharald.strand.1\" \/>\n<meta property=\"article:published_time\" content=\"2022-01-21T13:29:33+00:00\" \/>\n<meta property=\"article:modified_time\" content=\"2022-01-21T13:33:37+00:00\" \/>\n<meta property=\"og:image\" content=\"https:\/\/lokalmagasinet.no\/wp-content\/uploads\/2022\/01\/1ab71ccbc2b1556ff53bbd284a03455e61e9df0209004-scaled.jpg\" \/>\n\t<meta property=\"og:image:width\" content=\"1365\" \/>\n\t<meta property=\"og:image:height\" content=\"2048\" \/>\n\t<meta property=\"og:image:type\" content=\"image\/jpeg\" \/>\n<meta name=\"author\" content=\"Svein-Harald Strand\" \/>\n<meta name=\"twitter:card\" content=\"summary_large_image\" \/>\n<meta name=\"twitter:creator\" content=\"@LMExtra\" \/>\n<meta name=\"twitter:site\" content=\"@LMExtra\" \/>\n<meta name=\"twitter:label1\" content=\"Written by\" \/>\n\t<meta name=\"twitter:data1\" content=\"Svein-Harald Strand\" \/>\n\t<meta name=\"twitter:label2\" content=\"Est. reading time\" \/>\n\t<meta name=\"twitter:data2\" content=\"1 minutt\" \/>\n<script type=\"application\/ld+json\" class=\"yoast-schema-graph\">{\"@context\":\"https:\\\/\\\/schema.org\",\"@graph\":[{\"@type\":\"Article\",\"@id\":\"https:\\\/\\\/lokalmagasinet.no\\\/?p=8084#article\",\"isPartOf\":{\"@id\":\"https:\\\/\\\/lokalmagasinet.no\\\/?p=8084\"},\"author\":{\"name\":\"Svein-Harald Strand\",\"@id\":\"https:\\\/\\\/lokalmagasinet.no\\\/#\\\/schema\\\/person\\\/2e8d221708d3aaf6f577275b5bba4310\"},\"headline\":\"GRATULERER MED DAGEN, INGRID ALEXANDRA!\",\"datePublished\":\"2022-01-21T13:29:33+00:00\",\"dateModified\":\"2022-01-21T13:33:37+00:00\",\"mainEntityOfPage\":{\"@id\":\"https:\\\/\\\/lokalmagasinet.no\\\/?p=8084\"},\"wordCount\":194,\"publisher\":{\"@id\":\"https:\\\/\\\/lokalmagasinet.no\\\/#organization\"},\"image\":{\"@id\":\"https:\\\/\\\/lokalmagasinet.no\\\/?p=8084#primaryimage\"},\"thumbnailUrl\":\"https:\\\/\\\/lokalmagasinet.no\\\/wp-content\\\/uploads\\\/2022\\\/01\\\/1ab71ccbc2b1556ff53bbd284a03455e61e9df0209004-scaled.jpg\",\"articleSection\":[\"Aktuelt\"],\"inLanguage\":\"nn-NO\"},{\"@type\":\"WebPage\",\"@id\":\"https:\\\/\\\/lokalmagasinet.no\\\/?p=8084\",\"url\":\"https:\\\/\\\/lokalmagasinet.no\\\/?p=8084\",\"name\":\"GRATULERER MED DAGEN, INGRID ALEXANDRA! | Lokalmagasinet.no\",\"isPartOf\":{\"@id\":\"https:\\\/\\\/lokalmagasinet.no\\\/#website\"},\"primaryImageOfPage\":{\"@id\":\"https:\\\/\\\/lokalmagasinet.no\\\/?p=8084#primaryimage\"},\"image\":{\"@id\":\"https:\\\/\\\/lokalmagasinet.no\\\/?p=8084#primaryimage\"},\"thumbnailUrl\":\"https:\\\/\\\/lokalmagasinet.no\\\/wp-content\\\/uploads\\\/2022\\\/01\\\/1ab71ccbc2b1556ff53bbd284a03455e61e9df0209004-scaled.jpg\",\"datePublished\":\"2022-01-21T13:29:33+00:00\",\"dateModified\":\"2022-01-21T13:33:37+00:00\",\"breadcrumb\":{\"@id\":\"https:\\\/\\\/lokalmagasinet.no\\\/?p=8084#breadcrumb\"},\"inLanguage\":\"nn-NO\",\"potentialAction\":[{\"@type\":\"ReadAction\",\"target\":[\"https:\\\/\\\/lokalmagasinet.no\\\/?p=8084\"]}]},{\"@type\":\"ImageObject\",\"inLanguage\":\"nn-NO\",\"@id\":\"https:\\\/\\\/lokalmagasinet.no\\\/?p=8084#primaryimage\",\"url\":\"https:\\\/\\\/lokalmagasinet.no\\\/wp-content\\\/uploads\\\/2022\\\/01\\\/1ab71ccbc2b1556ff53bbd284a03455e61e9df0209004-scaled.jpg\",\"contentUrl\":\"https:\\\/\\\/lokalmagasinet.no\\\/wp-content\\\/uploads\\\/2022\\\/01\\\/1ab71ccbc2b1556ff53bbd284a03455e61e9df0209004-scaled.jpg\",\"width\":1365,\"height\":2048},{\"@type\":\"BreadcrumbList\",\"@id\":\"https:\\\/\\\/lokalmagasinet.no\\\/?p=8084#breadcrumb\",\"itemListElement\":[{\"@type\":\"ListItem\",\"position\":1,\"name\":\"Hjem\",\"item\":\"https:\\\/\\\/lokalmagasinet.no\\\/\"},{\"@type\":\"ListItem\",\"position\":2,\"name\":\"GRATULERER MED DAGEN, INGRID ALEXANDRA!\"}]},{\"@type\":\"WebSite\",\"@id\":\"https:\\\/\\\/lokalmagasinet.no\\\/#website\",\"url\":\"https:\\\/\\\/lokalmagasinet.no\\\/\",\"name\":\"Lokalmagasinet.no\",\"description\":\"Fra fortid og n\u00e5tid. Med st\u00e5sted i det n\u00e6re. Siden 2002.\",\"publisher\":{\"@id\":\"https:\\\/\\\/lokalmagasinet.no\\\/#organization\"},\"potentialAction\":[{\"@type\":\"SearchAction\",\"target\":{\"@type\":\"EntryPoint\",\"urlTemplate\":\"https:\\\/\\\/lokalmagasinet.no\\\/?s={search_term_string}\"},\"query-input\":{\"@type\":\"PropertyValueSpecification\",\"valueRequired\":true,\"valueName\":\"search_term_string\"}}],\"inLanguage\":\"nn-NO\"},{\"@type\":\"Organization\",\"@id\":\"https:\\\/\\\/lokalmagasinet.no\\\/#organization\",\"name\":\"Lokalmagasinet.no\",\"url\":\"https:\\\/\\\/lokalmagasinet.no\\\/\",\"logo\":{\"@type\":\"ImageObject\",\"inLanguage\":\"nn-NO\",\"@id\":\"https:\\\/\\\/lokalmagasinet.no\\\/#\\\/schema\\\/logo\\\/image\\\/\",\"url\":\"https:\\\/\\\/lokalmagasinet.no\\\/wp-content\\\/uploads\\\/2021\\\/03\\\/cropped-cropped-cropped-cropped-cropped-cropped-lmlogo-e1640691300821.jpg\",\"contentUrl\":\"https:\\\/\\\/lokalmagasinet.no\\\/wp-content\\\/uploads\\\/2021\\\/03\\\/cropped-cropped-cropped-cropped-cropped-cropped-lmlogo-e1640691300821.jpg\",\"width\":72,\"height\":118,\"caption\":\"Lokalmagasinet.no\"},\"image\":{\"@id\":\"https:\\\/\\\/lokalmagasinet.no\\\/#\\\/schema\\\/logo\\\/image\\\/\"},\"sameAs\":[\"https:\\\/\\\/www.facebook.com\\\/sveinharald.strand.1\",\"https:\\\/\\\/x.com\\\/LMExtra\"]},{\"@type\":\"Person\",\"@id\":\"https:\\\/\\\/lokalmagasinet.no\\\/#\\\/schema\\\/person\\\/2e8d221708d3aaf6f577275b5bba4310\",\"name\":\"Svein-Harald Strand\",\"image\":{\"@type\":\"ImageObject\",\"inLanguage\":\"nn-NO\",\"@id\":\"https:\\\/\\\/secure.gravatar.com\\\/avatar\\\/c487434bdf6cd7c12e4a88877ae4b12c38d22b7ad64292b49d33ed7503bb7ce1?s=96&d=mm&r=g\",\"url\":\"https:\\\/\\\/secure.gravatar.com\\\/avatar\\\/c487434bdf6cd7c12e4a88877ae4b12c38d22b7ad64292b49d33ed7503bb7ce1?s=96&d=mm&r=g\",\"contentUrl\":\"https:\\\/\\\/secure.gravatar.com\\\/avatar\\\/c487434bdf6cd7c12e4a88877ae4b12c38d22b7ad64292b49d33ed7503bb7ce1?s=96&d=mm&r=g\",\"caption\":\"Svein-Harald Strand\"},\"description\":\"(F. 26.12.1945) Redakt\u00f8r, journalist og informasjonsarbeider siden 1968. ||| I 1963: Redaksjonell praktikant i 8 m\u00e5neder p\u00e5 full tid i Helgeland Arbeiderblad i hjembyen Mosj\u00f8en. ||| Arbeidende pensjonist med hjemmekontor fra 2008 (AFP) og videre som folkepensjonist til n\u00e5.\",\"sameAs\":[\"https:\\\/\\\/lokalmagasinet.no\\\/\",\"https:\\\/\\\/www.facebook.com\\\/sveinharald.strand.1\",\"https:\\\/\\\/x.com\\\/LMExtra\"],\"url\":\"https:\\\/\\\/lokalmagasinet.no\\\/?author=6\"}]}<\/script>\n<!-- \/ Yoast SEO plugin. -->","yoast_head_json":{"title":"GRATULERER MED DAGEN, INGRID ALEXANDRA! | Lokalmagasinet.no","robots":{"index":"index","follow":"follow","max-snippet":"max-snippet:-1","max-image-preview":"max-image-preview:large","max-video-preview":"max-video-preview:-1"},"canonical":"https:\/\/lokalmagasinet.no\/?p=8084","og_locale":"nn_NO","og_type":"article","og_title":"GRATULERER MED DAGEN, INGRID ALEXANDRA! | Lokalmagasinet.no","og_description":"&nbsp; Views: 276","og_url":"https:\/\/lokalmagasinet.no\/?p=8084","og_site_name":"Lokalmagasinet.no","article_publisher":"https:\/\/www.facebook.com\/sveinharald.strand.1","article_author":"https:\/\/www.facebook.com\/sveinharald.strand.1","article_published_time":"2022-01-21T13:29:33+00:00","article_modified_time":"2022-01-21T13:33:37+00:00","og_image":[{"width":1365,"height":2048,"url":"https:\/\/lokalmagasinet.no\/wp-content\/uploads\/2022\/01\/1ab71ccbc2b1556ff53bbd284a03455e61e9df0209004-scaled.jpg","type":"image\/jpeg"}],"author":"Svein-Harald Strand","twitter_card":"summary_large_image","twitter_creator":"@LMExtra","twitter_site":"@LMExtra","twitter_misc":{"Written by":"Svein-Harald Strand","Est. reading time":"1 minutt"},"schema":{"@context":"https:\/\/schema.org","@graph":[{"@type":"Article","@id":"https:\/\/lokalmagasinet.no\/?p=8084#article","isPartOf":{"@id":"https:\/\/lokalmagasinet.no\/?p=8084"},"author":{"name":"Svein-Harald Strand","@id":"https:\/\/lokalmagasinet.no\/#\/schema\/person\/2e8d221708d3aaf6f577275b5bba4310"},"headline":"GRATULERER MED DAGEN, INGRID ALEXANDRA!","datePublished":"2022-01-21T13:29:33+00:00","dateModified":"2022-01-21T13:33:37+00:00","mainEntityOfPage":{"@id":"https:\/\/lokalmagasinet.no\/?p=8084"},"wordCount":194,"publisher":{"@id":"https:\/\/lokalmagasinet.no\/#organization"},"image":{"@id":"https:\/\/lokalmagasinet.no\/?p=8084#primaryimage"},"thumbnailUrl":"https:\/\/lokalmagasinet.no\/wp-content\/uploads\/2022\/01\/1ab71ccbc2b1556ff53bbd284a03455e61e9df0209004-scaled.jpg","articleSection":["Aktuelt"],"inLanguage":"nn-NO"},{"@type":"WebPage","@id":"https:\/\/lokalmagasinet.no\/?p=8084","url":"https:\/\/lokalmagasinet.no\/?p=8084","name":"GRATULERER MED DAGEN, INGRID ALEXANDRA! | Lokalmagasinet.no","isPartOf":{"@id":"https:\/\/lokalmagasinet.no\/#website"},"primaryImageOfPage":{"@id":"https:\/\/lokalmagasinet.no\/?p=8084#primaryimage"},"image":{"@id":"https:\/\/lokalmagasinet.no\/?p=8084#primaryimage"},"thumbnailUrl":"https:\/\/lokalmagasinet.no\/wp-content\/uploads\/2022\/01\/1ab71ccbc2b1556ff53bbd284a03455e61e9df0209004-scaled.jpg","datePublished":"2022-01-21T13:29:33+00:00","dateModified":"2022-01-21T13:33:37+00:00","breadcrumb":{"@id":"https:\/\/lokalmagasinet.no\/?p=8084#breadcrumb"},"inLanguage":"nn-NO","potentialAction":[{"@type":"ReadAction","target":["https:\/\/lokalmagasinet.no\/?p=8084"]}]},{"@type":"ImageObject","inLanguage":"nn-NO","@id":"https:\/\/lokalmagasinet.no\/?p=8084#primaryimage","url":"https:\/\/lokalmagasinet.no\/wp-content\/uploads\/2022\/01\/1ab71ccbc2b1556ff53bbd284a03455e61e9df0209004-scaled.jpg","contentUrl":"https:\/\/lokalmagasinet.no\/wp-content\/uploads\/2022\/01\/1ab71ccbc2b1556ff53bbd284a03455e61e9df0209004-scaled.jpg","width":1365,"height":2048},{"@type":"BreadcrumbList","@id":"https:\/\/lokalmagasinet.no\/?p=8084#breadcrumb","itemListElement":[{"@type":"ListItem","position":1,"name":"Hjem","item":"https:\/\/lokalmagasinet.no\/"},{"@type":"ListItem","position":2,"name":"GRATULERER MED DAGEN, INGRID ALEXANDRA!"}]},{"@type":"WebSite","@id":"https:\/\/lokalmagasinet.no\/#website","url":"https:\/\/lokalmagasinet.no\/","name":"Lokalmagasinet.no","description":"Fra fortid og n\u00e5tid. Med st\u00e5sted i det n\u00e6re. Siden 2002.","publisher":{"@id":"https:\/\/lokalmagasinet.no\/#organization"},"potentialAction":[{"@type":"SearchAction","target":{"@type":"EntryPoint","urlTemplate":"https:\/\/lokalmagasinet.no\/?s={search_term_string}"},"query-input":{"@type":"PropertyValueSpecification","valueRequired":true,"valueName":"search_term_string"}}],"inLanguage":"nn-NO"},{"@type":"Organization","@id":"https:\/\/lokalmagasinet.no\/#organization","name":"Lokalmagasinet.no","url":"https:\/\/lokalmagasinet.no\/","logo":{"@type":"ImageObject","inLanguage":"nn-NO","@id":"https:\/\/lokalmagasinet.no\/#\/schema\/logo\/image\/","url":"https:\/\/lokalmagasinet.no\/wp-content\/uploads\/2021\/03\/cropped-cropped-cropped-cropped-cropped-cropped-lmlogo-e1640691300821.jpg","contentUrl":"https:\/\/lokalmagasinet.no\/wp-content\/uploads\/2021\/03\/cropped-cropped-cropped-cropped-cropped-cropped-lmlogo-e1640691300821.jpg","width":72,"height":118,"caption":"Lokalmagasinet.no"},"image":{"@id":"https:\/\/lokalmagasinet.no\/#\/schema\/logo\/image\/"},"sameAs":["https:\/\/www.facebook.com\/sveinharald.strand.1","https:\/\/x.com\/LMExtra"]},{"@type":"Person","@id":"https:\/\/lokalmagasinet.no\/#\/schema\/person\/2e8d221708d3aaf6f577275b5bba4310","name":"Svein-Harald Strand","image":{"@type":"ImageObject","inLanguage":"nn-NO","@id":"https:\/\/secure.gravatar.com\/avatar\/c487434bdf6cd7c12e4a88877ae4b12c38d22b7ad64292b49d33ed7503bb7ce1?s=96&d=mm&r=g","url":"https:\/\/secure.gravatar.com\/avatar\/c487434bdf6cd7c12e4a88877ae4b12c38d22b7ad64292b49d33ed7503bb7ce1?s=96&d=mm&r=g","contentUrl":"https:\/\/secure.gravatar.com\/avatar\/c487434bdf6cd7c12e4a88877ae4b12c38d22b7ad64292b49d33ed7503bb7ce1?s=96&d=mm&r=g","caption":"Svein-Harald Strand"},"description":"(F. 26.12.1945) Redakt\u00f8r, journalist og informasjonsarbeider siden 1968. ||| I 1963: Redaksjonell praktikant i 8 m\u00e5neder p\u00e5 full tid i Helgeland Arbeiderblad i hjembyen Mosj\u00f8en. ||| Arbeidende pensjonist med hjemmekontor fra 2008 (AFP) og videre som folkepensjonist til n\u00e5.","sameAs":["https:\/\/lokalmagasinet.no\/","https:\/\/www.facebook.com\/sveinharald.strand.1","https:\/\/x.com\/LMExtra"],"url":"https:\/\/lokalmagasinet.no\/?author=6"}]}},"_links":{"self":[{"href":"https:\/\/lokalmagasinet.no\/index.php?rest_route=\/wp\/v2\/posts\/8084","targetHints":{"allow":["GET"]}}],"collection":[{"href":"https:\/\/lokalmagasinet.no\/index.php?rest_route=\/wp\/v2\/posts"}],"about":[{"href":"https:\/\/lokalmagasinet.no\/index.php?rest_route=\/wp\/v2\/types\/post"}],"author":[{"embeddable":true,"href":"https:\/\/lokalmagasinet.no\/index.php?rest_route=\/wp\/v2\/users\/6"}],"replies":[{"embeddable":true,"href":"https:\/\/lokalmagasinet.no\/index.php?rest_route=%2Fwp%2Fv2%2Fcomments&post=8084"}],"version-history":[{"count":7,"href":"https:\/\/lokalmagasinet.no\/index.php?rest_route=\/wp\/v2\/posts\/8084\/revisions"}],"predecessor-version":[{"id":8091,"href":"https:\/\/lokalmagasinet.no\/index.php?rest_route=\/wp\/v2\/posts\/8084\/revisions\/8091"}],"wp:featuredmedia":[{"embeddable":true,"href":"https:\/\/lokalmagasinet.no\/index.php?rest_route=\/wp\/v2\/media\/8083"}],"wp:attachment":[{"href":"https:\/\/lokalmagasinet.no\/index.php?rest_route=%2Fwp%2Fv2%2Fmedia&parent=8084"}],"wp:term":[{"taxonomy":"category","embeddable":true,"href":"https:\/\/lokalmagasinet.no\/index.php?rest_route=%2Fwp%2Fv2%2Fcategories&post=8084"},{"taxonomy":"post_tag","embeddable":true,"href":"https:\/\/lokalmagasinet.no\/index.php?rest_route=%2Fwp%2Fv2%2Ftags&post=8084"}],"curies":[{"name":"wp","href":"https:\/\/api.w.org\/{rel}","templated":true}]}}