{"id":8477,"date":"2025-01-16T00:12:55","date_gmt":"2025-01-15T23:12:55","guid":{"rendered":"https:\/\/lokalmagasinet.no\/?p=8477"},"modified":"2025-01-16T15:32:22","modified_gmt":"2025-01-16T14:32:22","slug":"fra-selvstendige-naeringsdrivende-til-statsansatte-norsk-loshistorie-gjennom-300-ar","status":"publish","type":"post","link":"https:\/\/lokalmagasinet.no\/?p=8477","title":{"rendered":"Fra selvstendige n\u00e6ringsdrivende til statsansatte &#8211; norsk loshistorie gjennom 300 \u00e5r"},"content":{"rendered":"<p>(Publisert 07.02.22) (Republisert 16.01.25)<strong> For f\u00f8rste gang er norsk loshistorie behandlet av fagforfattere og samlet i en bok, som kommer ut n\u00e5 i februar. <\/strong><strong>Los er et gammelt og myteomspunnet yrke. S\u00e5 lenge mennesker har reist langt med store skip, har behovet for noen som kjenner farvannet v\u00e6rt der. Jobben innebar da som n\u00e5 \u00e5 tilby sj\u00f8farende lokalkunnskap for \u00e5 unng\u00e5 grunnst\u00f8tinger og forlis med tap av last og menneskeliv.<\/strong><\/p>\n<p><img loading=\"lazy\" decoding=\"async\" class=\"size-medium wp-image-8480 alignleft\" src=\"https:\/\/lokalmagasinet.no\/wp-content\/uploads\/2022\/02\/image002-211x300.jpg\" alt=\"\" width=\"211\" height=\"300\" srcset=\"https:\/\/lokalmagasinet.no\/wp-content\/uploads\/2022\/02\/image002-211x300.jpg 211w, https:\/\/lokalmagasinet.no\/wp-content\/uploads\/2022\/02\/image002-719x1024.jpg 719w, https:\/\/lokalmagasinet.no\/wp-content\/uploads\/2022\/02\/image002-105x150.jpg 105w, https:\/\/lokalmagasinet.no\/wp-content\/uploads\/2022\/02\/image002-768x1093.jpg 768w, https:\/\/lokalmagasinet.no\/wp-content\/uploads\/2022\/02\/image002-1079x1536.jpg 1079w, https:\/\/lokalmagasinet.no\/wp-content\/uploads\/2022\/02\/image002.jpg 1100w\" sizes=\"auto, (max-width: 211px) 100vw, 211px\" \/><\/p>\n<p>&nbsp;<\/p>\n<p>&nbsp;<\/p>\n<p>&nbsp;<\/p>\n<p>&nbsp;<\/p>\n<p>&nbsp;<\/p>\n<p>&nbsp;<\/p>\n<p>I NORGE var losene lenge private n\u00e6ringsdrivende langs kysten. De konkurrerte om \u00e5 tilby sine tjenester til ankommende skip.<\/p>\n<p>Dette var situasjonen helt til 1720, da det ble organisert en statlig lostjeneste i Norge.<\/p>\n<p>I l\u00f8pet av de neste tre hundre \u00e5rene endret ikke selve yrket seg s\u00e5 mye, i motsetning til organiseringen av tjenesten og rammebetingelsene for losene.<\/p>\n<p><strong>ARTIKKELSAMLING.<\/strong> Boka er en artikkelsamling som innledes med etableringen av losvesenet. S\u00e5 loses du videre til Runde og et samfunn p\u00e5 den v\u00e6rharde vestlandskysten p\u00e5 1800-tallet.<\/p>\n<p>De rederiansatte kystlosene og deres arbeidsvilk\u00e5r i f\u00f8rste halvdel av 1900-tallet er neste havn i historia, f\u00f8r s\u00f8kelyset settes p\u00e5 losenes vilk\u00e5r under andre verdenskrig.<\/p>\n<p>Siste del av boka handler om etterkrigstiden; f\u00f8rst om losenes s\u00e6regne og etter hvert unike l\u00f8nnssystem som hadde r\u00f8tter tilbake til 1700-tallet.<\/p>\n<p><strong>Til slutt f\u00e5r vi kjennskap til tre generasjoner loser fra 1940-tallet og fram til v\u00e5r tid, og hvordan de b\u00e5de har l\u00e6rt seg og utf\u00f8rt yrket sitt.<\/strong><\/p>\n<h4 style=\"text-align: center;\"><strong>BAKGRUNN<\/strong><\/h4>\n<p><em>Forskningsprosjektet som ledet til boka ble satt i gang av Kystverkmusea og er st\u00f8ttet av Kulturr\u00e5det. Samarbeidspartnere er Museum Vest, Museum Stavanger og H\u00f8gskulen i Volda (HVO). Ola Teige (HVO) og Eirik Gurandsrud (Kystverkmusea\/J\u00e6rmuseet) er redakt\u00f8rer for artikkelsamlingen.<\/em><\/p>\n<p style=\"text-align: center;\">M\u00e5lgruppe: Allmenn. 232 sider. Hard perm.<\/p>\n<p>&nbsp;<\/p>\n<p>Views: 453<\/p>","protected":false},"excerpt":{"rendered":"<p>(Publisert 07.02.22) (Republisert 16.01.25) For f\u00f8rste gang er norsk loshistorie behandlet av fagforfattere og samlet i en bok, som kommer ut n\u00e5 i februar. Los er et gammelt og myteomspunnet &#8230; <\/p>\n<p class=\"read-more-container\"><a title=\"Fra selvstendige n\u00e6ringsdrivende til statsansatte &#8211; norsk loshistorie gjennom 300 \u00e5r\" class=\"read-more button\" href=\"https:\/\/lokalmagasinet.no\/?p=8477#more-8477\">Les mer<span class=\"screen-reader-text\">Fra selvstendige n\u00e6ringsdrivende til statsansatte &#8211; norsk loshistorie gjennom 300 \u00e5r<\/span><\/a><\/p>\n","protected":false},"author":6,"featured_media":6283,"comment_status":"closed","ping_status":"closed","sticky":false,"template":"","format":"standard","meta":{"footnotes":""},"categories":[7],"tags":[],"class_list":["post-8477","post","type-post","status-publish","format-standard","has-post-thumbnail","hentry","category-historisk-arkiv"],"yoast_head":"<!-- This site is optimized with the Yoast SEO plugin v27.4 - https:\/\/yoast.com\/product\/yoast-seo-wordpress\/ -->\n<title>Fra selvstendige n\u00e6ringsdrivende til statsansatte - norsk loshistorie gjennom 300 \u00e5r | Lokalmagasinet.no<\/title>\n<meta name=\"robots\" content=\"index, follow, max-snippet:-1, max-image-preview:large, max-video-preview:-1\" \/>\n<link rel=\"canonical\" href=\"https:\/\/lokalmagasinet.no\/?p=8477\" \/>\n<meta property=\"og:locale\" content=\"nn_NO\" \/>\n<meta property=\"og:type\" content=\"article\" \/>\n<meta property=\"og:title\" content=\"Fra selvstendige n\u00e6ringsdrivende til statsansatte - norsk loshistorie gjennom 300 \u00e5r | Lokalmagasinet.no\" \/>\n<meta property=\"og:description\" content=\"(Publisert 07.02.22) (Republisert 16.01.25) For f\u00f8rste gang er norsk loshistorie behandlet av fagforfattere og samlet i en bok, som kommer ut n\u00e5 i februar. Los er et gammelt og myteomspunnet ... Les merFra selvstendige n\u00e6ringsdrivende til statsansatte &#8211; norsk loshistorie gjennom 300 \u00e5r\" \/>\n<meta property=\"og:url\" content=\"https:\/\/lokalmagasinet.no\/?p=8477\" \/>\n<meta property=\"og:site_name\" content=\"Lokalmagasinet.no\" \/>\n<meta property=\"article:publisher\" content=\"https:\/\/www.facebook.com\/sveinharald.strand.1\" \/>\n<meta property=\"article:author\" content=\"https:\/\/www.facebook.com\/sveinharald.strand.1\" \/>\n<meta property=\"article:published_time\" content=\"2025-01-15T23:12:55+00:00\" \/>\n<meta property=\"article:modified_time\" content=\"2025-01-16T14:32:22+00:00\" \/>\n<meta property=\"og:image\" content=\"https:\/\/lokalmagasinet.no\/wp-content\/uploads\/2021\/11\/journalism2stock200.jpg\" \/>\n\t<meta property=\"og:image:width\" content=\"200\" \/>\n\t<meta property=\"og:image:height\" content=\"165\" \/>\n\t<meta property=\"og:image:type\" content=\"image\/jpeg\" \/>\n<meta name=\"author\" content=\"Svein-Harald Strand\" \/>\n<meta name=\"twitter:card\" content=\"summary_large_image\" \/>\n<meta name=\"twitter:creator\" content=\"@LMExtra\" \/>\n<meta name=\"twitter:site\" content=\"@LMExtra\" \/>\n<meta name=\"twitter:label1\" content=\"Written by\" \/>\n\t<meta name=\"twitter:data1\" content=\"Svein-Harald Strand\" \/>\n\t<meta name=\"twitter:label2\" content=\"Est. reading time\" \/>\n\t<meta name=\"twitter:data2\" content=\"2 minutt\" \/>\n<script type=\"application\/ld+json\" class=\"yoast-schema-graph\">{\"@context\":\"https:\\\/\\\/schema.org\",\"@graph\":[{\"@type\":\"Article\",\"@id\":\"https:\\\/\\\/lokalmagasinet.no\\\/?p=8477#article\",\"isPartOf\":{\"@id\":\"https:\\\/\\\/lokalmagasinet.no\\\/?p=8477\"},\"author\":{\"name\":\"Svein-Harald Strand\",\"@id\":\"https:\\\/\\\/lokalmagasinet.no\\\/#\\\/schema\\\/person\\\/2e8d221708d3aaf6f577275b5bba4310\"},\"headline\":\"Fra selvstendige n\u00e6ringsdrivende til statsansatte &#8211; norsk loshistorie gjennom 300 \u00e5r\",\"datePublished\":\"2025-01-15T23:12:55+00:00\",\"dateModified\":\"2025-01-16T14:32:22+00:00\",\"mainEntityOfPage\":{\"@id\":\"https:\\\/\\\/lokalmagasinet.no\\\/?p=8477\"},\"wordCount\":313,\"publisher\":{\"@id\":\"https:\\\/\\\/lokalmagasinet.no\\\/#organization\"},\"image\":{\"@id\":\"https:\\\/\\\/lokalmagasinet.no\\\/?p=8477#primaryimage\"},\"thumbnailUrl\":\"https:\\\/\\\/lokalmagasinet.no\\\/wp-content\\\/uploads\\\/2021\\\/11\\\/journalism2stock200.jpg\",\"articleSection\":[\"Historisk\"],\"inLanguage\":\"nn-NO\"},{\"@type\":\"WebPage\",\"@id\":\"https:\\\/\\\/lokalmagasinet.no\\\/?p=8477\",\"url\":\"https:\\\/\\\/lokalmagasinet.no\\\/?p=8477\",\"name\":\"Fra selvstendige n\u00e6ringsdrivende til statsansatte - norsk loshistorie gjennom 300 \u00e5r | Lokalmagasinet.no\",\"isPartOf\":{\"@id\":\"https:\\\/\\\/lokalmagasinet.no\\\/#website\"},\"primaryImageOfPage\":{\"@id\":\"https:\\\/\\\/lokalmagasinet.no\\\/?p=8477#primaryimage\"},\"image\":{\"@id\":\"https:\\\/\\\/lokalmagasinet.no\\\/?p=8477#primaryimage\"},\"thumbnailUrl\":\"https:\\\/\\\/lokalmagasinet.no\\\/wp-content\\\/uploads\\\/2021\\\/11\\\/journalism2stock200.jpg\",\"datePublished\":\"2025-01-15T23:12:55+00:00\",\"dateModified\":\"2025-01-16T14:32:22+00:00\",\"breadcrumb\":{\"@id\":\"https:\\\/\\\/lokalmagasinet.no\\\/?p=8477#breadcrumb\"},\"inLanguage\":\"nn-NO\",\"potentialAction\":[{\"@type\":\"ReadAction\",\"target\":[\"https:\\\/\\\/lokalmagasinet.no\\\/?p=8477\"]}]},{\"@type\":\"ImageObject\",\"inLanguage\":\"nn-NO\",\"@id\":\"https:\\\/\\\/lokalmagasinet.no\\\/?p=8477#primaryimage\",\"url\":\"https:\\\/\\\/lokalmagasinet.no\\\/wp-content\\\/uploads\\\/2021\\\/11\\\/journalism2stock200.jpg\",\"contentUrl\":\"https:\\\/\\\/lokalmagasinet.no\\\/wp-content\\\/uploads\\\/2021\\\/11\\\/journalism2stock200.jpg\",\"width\":200,\"height\":165},{\"@type\":\"BreadcrumbList\",\"@id\":\"https:\\\/\\\/lokalmagasinet.no\\\/?p=8477#breadcrumb\",\"itemListElement\":[{\"@type\":\"ListItem\",\"position\":1,\"name\":\"Hjem\",\"item\":\"https:\\\/\\\/lokalmagasinet.no\\\/\"},{\"@type\":\"ListItem\",\"position\":2,\"name\":\"Fra selvstendige n\u00e6ringsdrivende til statsansatte &#8211; norsk loshistorie gjennom 300 \u00e5r\"}]},{\"@type\":\"WebSite\",\"@id\":\"https:\\\/\\\/lokalmagasinet.no\\\/#website\",\"url\":\"https:\\\/\\\/lokalmagasinet.no\\\/\",\"name\":\"Lokalmagasinet.no\",\"description\":\"Fra fortid og n\u00e5tid. Med st\u00e5sted i det n\u00e6re. Siden 2002.\",\"publisher\":{\"@id\":\"https:\\\/\\\/lokalmagasinet.no\\\/#organization\"},\"potentialAction\":[{\"@type\":\"SearchAction\",\"target\":{\"@type\":\"EntryPoint\",\"urlTemplate\":\"https:\\\/\\\/lokalmagasinet.no\\\/?s={search_term_string}\"},\"query-input\":{\"@type\":\"PropertyValueSpecification\",\"valueRequired\":true,\"valueName\":\"search_term_string\"}}],\"inLanguage\":\"nn-NO\"},{\"@type\":\"Organization\",\"@id\":\"https:\\\/\\\/lokalmagasinet.no\\\/#organization\",\"name\":\"Lokalmagasinet.no\",\"url\":\"https:\\\/\\\/lokalmagasinet.no\\\/\",\"logo\":{\"@type\":\"ImageObject\",\"inLanguage\":\"nn-NO\",\"@id\":\"https:\\\/\\\/lokalmagasinet.no\\\/#\\\/schema\\\/logo\\\/image\\\/\",\"url\":\"https:\\\/\\\/lokalmagasinet.no\\\/wp-content\\\/uploads\\\/2021\\\/03\\\/cropped-cropped-cropped-cropped-cropped-cropped-lmlogo-e1640691300821.jpg\",\"contentUrl\":\"https:\\\/\\\/lokalmagasinet.no\\\/wp-content\\\/uploads\\\/2021\\\/03\\\/cropped-cropped-cropped-cropped-cropped-cropped-lmlogo-e1640691300821.jpg\",\"width\":72,\"height\":118,\"caption\":\"Lokalmagasinet.no\"},\"image\":{\"@id\":\"https:\\\/\\\/lokalmagasinet.no\\\/#\\\/schema\\\/logo\\\/image\\\/\"},\"sameAs\":[\"https:\\\/\\\/www.facebook.com\\\/sveinharald.strand.1\",\"https:\\\/\\\/x.com\\\/LMExtra\"]},{\"@type\":\"Person\",\"@id\":\"https:\\\/\\\/lokalmagasinet.no\\\/#\\\/schema\\\/person\\\/2e8d221708d3aaf6f577275b5bba4310\",\"name\":\"Svein-Harald Strand\",\"image\":{\"@type\":\"ImageObject\",\"inLanguage\":\"nn-NO\",\"@id\":\"https:\\\/\\\/secure.gravatar.com\\\/avatar\\\/c487434bdf6cd7c12e4a88877ae4b12c38d22b7ad64292b49d33ed7503bb7ce1?s=96&d=mm&r=g\",\"url\":\"https:\\\/\\\/secure.gravatar.com\\\/avatar\\\/c487434bdf6cd7c12e4a88877ae4b12c38d22b7ad64292b49d33ed7503bb7ce1?s=96&d=mm&r=g\",\"contentUrl\":\"https:\\\/\\\/secure.gravatar.com\\\/avatar\\\/c487434bdf6cd7c12e4a88877ae4b12c38d22b7ad64292b49d33ed7503bb7ce1?s=96&d=mm&r=g\",\"caption\":\"Svein-Harald Strand\"},\"description\":\"(F. 26.12.1945) Redakt\u00f8r, journalist og informasjonsarbeider siden 1968. ||| I 1963: Redaksjonell praktikant i 8 m\u00e5neder p\u00e5 full tid i Helgeland Arbeiderblad i hjembyen Mosj\u00f8en. ||| Arbeidende pensjonist med hjemmekontor fra 2008 (AFP) og videre som folkepensjonist til n\u00e5.\",\"sameAs\":[\"https:\\\/\\\/lokalmagasinet.no\\\/\",\"https:\\\/\\\/www.facebook.com\\\/sveinharald.strand.1\",\"https:\\\/\\\/x.com\\\/LMExtra\"],\"url\":\"https:\\\/\\\/lokalmagasinet.no\\\/?author=6\"}]}<\/script>\n<!-- \/ Yoast SEO plugin. -->","yoast_head_json":{"title":"Fra selvstendige n\u00e6ringsdrivende til statsansatte - norsk loshistorie gjennom 300 \u00e5r | Lokalmagasinet.no","robots":{"index":"index","follow":"follow","max-snippet":"max-snippet:-1","max-image-preview":"max-image-preview:large","max-video-preview":"max-video-preview:-1"},"canonical":"https:\/\/lokalmagasinet.no\/?p=8477","og_locale":"nn_NO","og_type":"article","og_title":"Fra selvstendige n\u00e6ringsdrivende til statsansatte - norsk loshistorie gjennom 300 \u00e5r | Lokalmagasinet.no","og_description":"(Publisert 07.02.22) (Republisert 16.01.25) For f\u00f8rste gang er norsk loshistorie behandlet av fagforfattere og samlet i en bok, som kommer ut n\u00e5 i februar. Los er et gammelt og myteomspunnet ... Les merFra selvstendige n\u00e6ringsdrivende til statsansatte &#8211; norsk loshistorie gjennom 300 \u00e5r","og_url":"https:\/\/lokalmagasinet.no\/?p=8477","og_site_name":"Lokalmagasinet.no","article_publisher":"https:\/\/www.facebook.com\/sveinharald.strand.1","article_author":"https:\/\/www.facebook.com\/sveinharald.strand.1","article_published_time":"2025-01-15T23:12:55+00:00","article_modified_time":"2025-01-16T14:32:22+00:00","og_image":[{"width":200,"height":165,"url":"https:\/\/lokalmagasinet.no\/wp-content\/uploads\/2021\/11\/journalism2stock200.jpg","type":"image\/jpeg"}],"author":"Svein-Harald Strand","twitter_card":"summary_large_image","twitter_creator":"@LMExtra","twitter_site":"@LMExtra","twitter_misc":{"Written by":"Svein-Harald Strand","Est. reading time":"2 minutt"},"schema":{"@context":"https:\/\/schema.org","@graph":[{"@type":"Article","@id":"https:\/\/lokalmagasinet.no\/?p=8477#article","isPartOf":{"@id":"https:\/\/lokalmagasinet.no\/?p=8477"},"author":{"name":"Svein-Harald Strand","@id":"https:\/\/lokalmagasinet.no\/#\/schema\/person\/2e8d221708d3aaf6f577275b5bba4310"},"headline":"Fra selvstendige n\u00e6ringsdrivende til statsansatte &#8211; norsk loshistorie gjennom 300 \u00e5r","datePublished":"2025-01-15T23:12:55+00:00","dateModified":"2025-01-16T14:32:22+00:00","mainEntityOfPage":{"@id":"https:\/\/lokalmagasinet.no\/?p=8477"},"wordCount":313,"publisher":{"@id":"https:\/\/lokalmagasinet.no\/#organization"},"image":{"@id":"https:\/\/lokalmagasinet.no\/?p=8477#primaryimage"},"thumbnailUrl":"https:\/\/lokalmagasinet.no\/wp-content\/uploads\/2021\/11\/journalism2stock200.jpg","articleSection":["Historisk"],"inLanguage":"nn-NO"},{"@type":"WebPage","@id":"https:\/\/lokalmagasinet.no\/?p=8477","url":"https:\/\/lokalmagasinet.no\/?p=8477","name":"Fra selvstendige n\u00e6ringsdrivende til statsansatte - norsk loshistorie gjennom 300 \u00e5r | Lokalmagasinet.no","isPartOf":{"@id":"https:\/\/lokalmagasinet.no\/#website"},"primaryImageOfPage":{"@id":"https:\/\/lokalmagasinet.no\/?p=8477#primaryimage"},"image":{"@id":"https:\/\/lokalmagasinet.no\/?p=8477#primaryimage"},"thumbnailUrl":"https:\/\/lokalmagasinet.no\/wp-content\/uploads\/2021\/11\/journalism2stock200.jpg","datePublished":"2025-01-15T23:12:55+00:00","dateModified":"2025-01-16T14:32:22+00:00","breadcrumb":{"@id":"https:\/\/lokalmagasinet.no\/?p=8477#breadcrumb"},"inLanguage":"nn-NO","potentialAction":[{"@type":"ReadAction","target":["https:\/\/lokalmagasinet.no\/?p=8477"]}]},{"@type":"ImageObject","inLanguage":"nn-NO","@id":"https:\/\/lokalmagasinet.no\/?p=8477#primaryimage","url":"https:\/\/lokalmagasinet.no\/wp-content\/uploads\/2021\/11\/journalism2stock200.jpg","contentUrl":"https:\/\/lokalmagasinet.no\/wp-content\/uploads\/2021\/11\/journalism2stock200.jpg","width":200,"height":165},{"@type":"BreadcrumbList","@id":"https:\/\/lokalmagasinet.no\/?p=8477#breadcrumb","itemListElement":[{"@type":"ListItem","position":1,"name":"Hjem","item":"https:\/\/lokalmagasinet.no\/"},{"@type":"ListItem","position":2,"name":"Fra selvstendige n\u00e6ringsdrivende til statsansatte &#8211; norsk loshistorie gjennom 300 \u00e5r"}]},{"@type":"WebSite","@id":"https:\/\/lokalmagasinet.no\/#website","url":"https:\/\/lokalmagasinet.no\/","name":"Lokalmagasinet.no","description":"Fra fortid og n\u00e5tid. Med st\u00e5sted i det n\u00e6re. Siden 2002.","publisher":{"@id":"https:\/\/lokalmagasinet.no\/#organization"},"potentialAction":[{"@type":"SearchAction","target":{"@type":"EntryPoint","urlTemplate":"https:\/\/lokalmagasinet.no\/?s={search_term_string}"},"query-input":{"@type":"PropertyValueSpecification","valueRequired":true,"valueName":"search_term_string"}}],"inLanguage":"nn-NO"},{"@type":"Organization","@id":"https:\/\/lokalmagasinet.no\/#organization","name":"Lokalmagasinet.no","url":"https:\/\/lokalmagasinet.no\/","logo":{"@type":"ImageObject","inLanguage":"nn-NO","@id":"https:\/\/lokalmagasinet.no\/#\/schema\/logo\/image\/","url":"https:\/\/lokalmagasinet.no\/wp-content\/uploads\/2021\/03\/cropped-cropped-cropped-cropped-cropped-cropped-lmlogo-e1640691300821.jpg","contentUrl":"https:\/\/lokalmagasinet.no\/wp-content\/uploads\/2021\/03\/cropped-cropped-cropped-cropped-cropped-cropped-lmlogo-e1640691300821.jpg","width":72,"height":118,"caption":"Lokalmagasinet.no"},"image":{"@id":"https:\/\/lokalmagasinet.no\/#\/schema\/logo\/image\/"},"sameAs":["https:\/\/www.facebook.com\/sveinharald.strand.1","https:\/\/x.com\/LMExtra"]},{"@type":"Person","@id":"https:\/\/lokalmagasinet.no\/#\/schema\/person\/2e8d221708d3aaf6f577275b5bba4310","name":"Svein-Harald Strand","image":{"@type":"ImageObject","inLanguage":"nn-NO","@id":"https:\/\/secure.gravatar.com\/avatar\/c487434bdf6cd7c12e4a88877ae4b12c38d22b7ad64292b49d33ed7503bb7ce1?s=96&d=mm&r=g","url":"https:\/\/secure.gravatar.com\/avatar\/c487434bdf6cd7c12e4a88877ae4b12c38d22b7ad64292b49d33ed7503bb7ce1?s=96&d=mm&r=g","contentUrl":"https:\/\/secure.gravatar.com\/avatar\/c487434bdf6cd7c12e4a88877ae4b12c38d22b7ad64292b49d33ed7503bb7ce1?s=96&d=mm&r=g","caption":"Svein-Harald Strand"},"description":"(F. 26.12.1945) Redakt\u00f8r, journalist og informasjonsarbeider siden 1968. ||| I 1963: Redaksjonell praktikant i 8 m\u00e5neder p\u00e5 full tid i Helgeland Arbeiderblad i hjembyen Mosj\u00f8en. ||| Arbeidende pensjonist med hjemmekontor fra 2008 (AFP) og videre som folkepensjonist til n\u00e5.","sameAs":["https:\/\/lokalmagasinet.no\/","https:\/\/www.facebook.com\/sveinharald.strand.1","https:\/\/x.com\/LMExtra"],"url":"https:\/\/lokalmagasinet.no\/?author=6"}]}},"_links":{"self":[{"href":"https:\/\/lokalmagasinet.no\/index.php?rest_route=\/wp\/v2\/posts\/8477","targetHints":{"allow":["GET"]}}],"collection":[{"href":"https:\/\/lokalmagasinet.no\/index.php?rest_route=\/wp\/v2\/posts"}],"about":[{"href":"https:\/\/lokalmagasinet.no\/index.php?rest_route=\/wp\/v2\/types\/post"}],"author":[{"embeddable":true,"href":"https:\/\/lokalmagasinet.no\/index.php?rest_route=\/wp\/v2\/users\/6"}],"replies":[{"embeddable":true,"href":"https:\/\/lokalmagasinet.no\/index.php?rest_route=%2Fwp%2Fv2%2Fcomments&post=8477"}],"version-history":[{"count":23,"href":"https:\/\/lokalmagasinet.no\/index.php?rest_route=\/wp\/v2\/posts\/8477\/revisions"}],"predecessor-version":[{"id":25407,"href":"https:\/\/lokalmagasinet.no\/index.php?rest_route=\/wp\/v2\/posts\/8477\/revisions\/25407"}],"wp:featuredmedia":[{"embeddable":true,"href":"https:\/\/lokalmagasinet.no\/index.php?rest_route=\/wp\/v2\/media\/6283"}],"wp:attachment":[{"href":"https:\/\/lokalmagasinet.no\/index.php?rest_route=%2Fwp%2Fv2%2Fmedia&parent=8477"}],"wp:term":[{"taxonomy":"category","embeddable":true,"href":"https:\/\/lokalmagasinet.no\/index.php?rest_route=%2Fwp%2Fv2%2Fcategories&post=8477"},{"taxonomy":"post_tag","embeddable":true,"href":"https:\/\/lokalmagasinet.no\/index.php?rest_route=%2Fwp%2Fv2%2Ftags&post=8477"}],"curies":[{"name":"wp","href":"https:\/\/api.w.org\/{rel}","templated":true}]}}