{"id":9324,"date":"2022-03-26T14:34:35","date_gmt":"2022-03-26T13:34:35","guid":{"rendered":"https:\/\/lokalmagasinet.no\/?p=9324"},"modified":"2022-03-28T11:49:30","modified_gmt":"2022-03-28T09:49:30","slug":"vi-prover-ut-noen-nye-grep","status":"publish","type":"post","link":"https:\/\/lokalmagasinet.no\/?p=9324","title":{"rendered":"Vi pr\u00f8ver ut NOEN NYE GREP"},"content":{"rendered":"<p><img loading=\"lazy\" decoding=\"async\" class=\"size-medium wp-image-931 alignleft\" src=\"https:\/\/lokalmagasinet.no\/wp-content\/uploads\/2021\/02\/pcarbeid_350-300x225.jpg\" alt=\"\" width=\"300\" height=\"225\" srcset=\"https:\/\/lokalmagasinet.no\/wp-content\/uploads\/2021\/02\/pcarbeid_350-300x225.jpg 300w, https:\/\/lokalmagasinet.no\/wp-content\/uploads\/2021\/02\/pcarbeid_350.jpg 350w\" sizes=\"auto, (max-width: 300px) 100vw, 300px\" \/>(Publisert 26.03.22) <strong>Noen har sett det, andre ikke. Ja, vi har et par kvelder pr\u00f8vd ut endel nye presentasjonsgrep for nettavisa. <\/strong><\/p>\n<p><strong>I noen minutter l\u00e5 vi ogs\u00e5 ute p\u00e5 et nytt tema &#8211; NewsPress, ganske annerledes enn v\u00e5rt faste WordPress-tema GeneratePress<\/strong><\/p>\n<p><em>(llustrasjonsfoto: LM Arkiv)<\/em><\/p>\n<p>Men skal vi begynne \u00e5 bruke dette temaet, s\u00e5 m\u00e5 nok designet endres en god del i forhold til demoen p\u00e5 NewsPress som var tilgjengelig denne kvelden.<\/p>\n<p>Som tidligere meldt, har v\u00e5rt vertskap Nordic Hosting stilt et eget, lukket pr\u00f8veomr\u00e5de til disposisjon for oss. Men det ble bare for fristende \u00e5 pr\u00f8ve ut noen enkle grep p\u00e5 direkten i stedet for \u00e5 logge oss inn til pr\u00f8veomr\u00e5det.<\/p>\n<p>BLANT ANDRE TING som ble pr\u00f8vd, er \u00e5 ha <em>tre oppslagssaker<\/em> (innlegg) i bredden p\u00e5 hovedfeltet, mot de to som vi har hatt i lengre tid.<\/p>\n<p>Og n\u00e5r dette skrives, har vi liggende en test p\u00e5 det som <em>ogs\u00e5<\/em> er mulig p\u00e5 Generate Press: <em>En kombinasjon<\/em> av to og tre innlegg i bredden. Men vi ser at en slik layout ikke vil bidra til den rene og oversiktlige forsiden vi \u00f8nsker \u00e5 ha.<\/p>\n<p><strong>Det vi ogs\u00e5 ser &#8211; p\u00e5 et generelt grunnlag &#8211; er at byggingen av &laquo;Nye LM &raquo; slik vi \u00f8nsker<\/strong><strong> at den skal se ut, har en \u00f8konomiside som er st\u00f8rre enn vi kunne \u00f8nske.<\/strong><\/p>\n<p>FLERE NETTAVISER av forskjellig slag har \u00e5pnet for at leserne skal kunne bidra med &laquo;en skjerv&raquo; til driftsutgifter. Dette er ogs\u00e5 noe vi vurderer \u00e5 gj\u00f8re.<\/p>\n<p>Forutsetningen er da vel \u00e5 merke at det fortsatt skal v\u00e6re gratis tilgang til alt stoff som er publisert p\u00e5 v\u00e5r server hos Nordic Hosting.<\/p>\n<p><strong>Eventuelle frivillige driftstilskudd vil bli overf\u00f8rt til en bankkonto som avsettes <em>bare til dette form\u00e5l<\/em>. Dermed vil vi gjennom drifts\u00e5ret ogs\u00e5 kunne informere b\u00e5de givere og andre om status, uten \u00e5 m\u00e5tte redigere bort andre typer innbetalinger.\u00a0<\/strong><\/p>\n<p>Vi regner med \u00e5 ta en beslutning om dette i l\u00f8pet av kommende uke.<\/p>\n<p>Ha en fortsatt fin helg!<\/p>\n<p><em>Svein-H. Strand<\/em><\/p>\n<p>Ansvarlig redakt\u00f8r og utgiver<\/p>\n<p>&nbsp;<\/p>\n<p>&nbsp;<\/p>\n<p>Views: 111<\/p>","protected":false},"excerpt":{"rendered":"<p>(Publisert 26.03.22) Noen har sett det, andre ikke. Ja, vi har et par kvelder pr\u00f8vd ut endel nye presentasjonsgrep for nettavisa. I noen minutter l\u00e5 vi ogs\u00e5 ute p\u00e5 et &#8230; <\/p>\n<p class=\"read-more-container\"><a title=\"Vi pr\u00f8ver ut NOEN NYE GREP\" class=\"read-more button\" href=\"https:\/\/lokalmagasinet.no\/?p=9324#more-9324\">Les mer<span class=\"screen-reader-text\">Vi pr\u00f8ver ut NOEN NYE GREP<\/span><\/a><\/p>\n","protected":false},"author":6,"featured_media":6283,"comment_status":"closed","ping_status":"open","sticky":false,"template":"","format":"standard","meta":{"footnotes":""},"categories":[1,12],"tags":[],"class_list":["post-9324","post","type-post","status-publish","format-standard","has-post-thumbnail","hentry","category-aktuelt","category-byggerapporter"],"yoast_head":"<!-- This site is optimized with the Yoast SEO plugin v27.4 - https:\/\/yoast.com\/product\/yoast-seo-wordpress\/ -->\n<title>Vi pr\u00f8ver ut NOEN NYE GREP | Lokalmagasinet.no<\/title>\n<meta name=\"robots\" content=\"index, follow, max-snippet:-1, max-image-preview:large, max-video-preview:-1\" \/>\n<link rel=\"canonical\" href=\"https:\/\/lokalmagasinet.no\/?p=9324\" \/>\n<meta property=\"og:locale\" content=\"nn_NO\" \/>\n<meta property=\"og:type\" content=\"article\" \/>\n<meta property=\"og:title\" content=\"Vi pr\u00f8ver ut NOEN NYE GREP | Lokalmagasinet.no\" \/>\n<meta property=\"og:description\" content=\"(Publisert 26.03.22) Noen har sett det, andre ikke. Ja, vi har et par kvelder pr\u00f8vd ut endel nye presentasjonsgrep for nettavisa. I noen minutter l\u00e5 vi ogs\u00e5 ute p\u00e5 et ... Les merVi pr\u00f8ver ut NOEN NYE GREP\" \/>\n<meta property=\"og:url\" content=\"https:\/\/lokalmagasinet.no\/?p=9324\" \/>\n<meta property=\"og:site_name\" content=\"Lokalmagasinet.no\" \/>\n<meta property=\"article:publisher\" content=\"https:\/\/www.facebook.com\/sveinharald.strand.1\" \/>\n<meta property=\"article:author\" content=\"https:\/\/www.facebook.com\/sveinharald.strand.1\" \/>\n<meta property=\"article:published_time\" content=\"2022-03-26T13:34:35+00:00\" \/>\n<meta property=\"article:modified_time\" content=\"2022-03-28T09:49:30+00:00\" \/>\n<meta property=\"og:image\" content=\"https:\/\/lokalmagasinet.no\/wp-content\/uploads\/2021\/11\/journalism2stock200.jpg\" \/>\n\t<meta property=\"og:image:width\" content=\"200\" \/>\n\t<meta property=\"og:image:height\" content=\"165\" \/>\n\t<meta property=\"og:image:type\" content=\"image\/jpeg\" \/>\n<meta name=\"author\" content=\"Svein-Harald Strand\" \/>\n<meta name=\"twitter:card\" content=\"summary_large_image\" \/>\n<meta name=\"twitter:creator\" content=\"@LMExtra\" \/>\n<meta name=\"twitter:site\" content=\"@LMExtra\" \/>\n<meta name=\"twitter:label1\" content=\"Written by\" \/>\n\t<meta name=\"twitter:data1\" content=\"Svein-Harald Strand\" \/>\n\t<meta name=\"twitter:label2\" content=\"Est. reading time\" \/>\n\t<meta name=\"twitter:data2\" content=\"2 minutt\" \/>\n<script type=\"application\/ld+json\" class=\"yoast-schema-graph\">{\"@context\":\"https:\\\/\\\/schema.org\",\"@graph\":[{\"@type\":\"Article\",\"@id\":\"https:\\\/\\\/lokalmagasinet.no\\\/?p=9324#article\",\"isPartOf\":{\"@id\":\"https:\\\/\\\/lokalmagasinet.no\\\/?p=9324\"},\"author\":{\"name\":\"Svein-Harald Strand\",\"@id\":\"https:\\\/\\\/lokalmagasinet.no\\\/#\\\/schema\\\/person\\\/2e8d221708d3aaf6f577275b5bba4310\"},\"headline\":\"Vi pr\u00f8ver ut NOEN NYE GREP\",\"datePublished\":\"2022-03-26T13:34:35+00:00\",\"dateModified\":\"2022-03-28T09:49:30+00:00\",\"mainEntityOfPage\":{\"@id\":\"https:\\\/\\\/lokalmagasinet.no\\\/?p=9324\"},\"wordCount\":351,\"publisher\":{\"@id\":\"https:\\\/\\\/lokalmagasinet.no\\\/#organization\"},\"image\":{\"@id\":\"https:\\\/\\\/lokalmagasinet.no\\\/?p=9324#primaryimage\"},\"thumbnailUrl\":\"https:\\\/\\\/lokalmagasinet.no\\\/wp-content\\\/uploads\\\/2021\\\/11\\\/journalism2stock200.jpg\",\"articleSection\":[\"Aktuelt\",\"Byggerapporter\"],\"inLanguage\":\"nn-NO\"},{\"@type\":\"WebPage\",\"@id\":\"https:\\\/\\\/lokalmagasinet.no\\\/?p=9324\",\"url\":\"https:\\\/\\\/lokalmagasinet.no\\\/?p=9324\",\"name\":\"Vi pr\u00f8ver ut NOEN NYE GREP | Lokalmagasinet.no\",\"isPartOf\":{\"@id\":\"https:\\\/\\\/lokalmagasinet.no\\\/#website\"},\"primaryImageOfPage\":{\"@id\":\"https:\\\/\\\/lokalmagasinet.no\\\/?p=9324#primaryimage\"},\"image\":{\"@id\":\"https:\\\/\\\/lokalmagasinet.no\\\/?p=9324#primaryimage\"},\"thumbnailUrl\":\"https:\\\/\\\/lokalmagasinet.no\\\/wp-content\\\/uploads\\\/2021\\\/11\\\/journalism2stock200.jpg\",\"datePublished\":\"2022-03-26T13:34:35+00:00\",\"dateModified\":\"2022-03-28T09:49:30+00:00\",\"breadcrumb\":{\"@id\":\"https:\\\/\\\/lokalmagasinet.no\\\/?p=9324#breadcrumb\"},\"inLanguage\":\"nn-NO\",\"potentialAction\":[{\"@type\":\"ReadAction\",\"target\":[\"https:\\\/\\\/lokalmagasinet.no\\\/?p=9324\"]}]},{\"@type\":\"ImageObject\",\"inLanguage\":\"nn-NO\",\"@id\":\"https:\\\/\\\/lokalmagasinet.no\\\/?p=9324#primaryimage\",\"url\":\"https:\\\/\\\/lokalmagasinet.no\\\/wp-content\\\/uploads\\\/2021\\\/11\\\/journalism2stock200.jpg\",\"contentUrl\":\"https:\\\/\\\/lokalmagasinet.no\\\/wp-content\\\/uploads\\\/2021\\\/11\\\/journalism2stock200.jpg\",\"width\":200,\"height\":165},{\"@type\":\"BreadcrumbList\",\"@id\":\"https:\\\/\\\/lokalmagasinet.no\\\/?p=9324#breadcrumb\",\"itemListElement\":[{\"@type\":\"ListItem\",\"position\":1,\"name\":\"Hjem\",\"item\":\"https:\\\/\\\/lokalmagasinet.no\\\/\"},{\"@type\":\"ListItem\",\"position\":2,\"name\":\"Vi pr\u00f8ver ut NOEN NYE GREP\"}]},{\"@type\":\"WebSite\",\"@id\":\"https:\\\/\\\/lokalmagasinet.no\\\/#website\",\"url\":\"https:\\\/\\\/lokalmagasinet.no\\\/\",\"name\":\"Lokalmagasinet.no\",\"description\":\"Fra fortid og n\u00e5tid. Med st\u00e5sted i det n\u00e6re. Siden 2002.\",\"publisher\":{\"@id\":\"https:\\\/\\\/lokalmagasinet.no\\\/#organization\"},\"potentialAction\":[{\"@type\":\"SearchAction\",\"target\":{\"@type\":\"EntryPoint\",\"urlTemplate\":\"https:\\\/\\\/lokalmagasinet.no\\\/?s={search_term_string}\"},\"query-input\":{\"@type\":\"PropertyValueSpecification\",\"valueRequired\":true,\"valueName\":\"search_term_string\"}}],\"inLanguage\":\"nn-NO\"},{\"@type\":\"Organization\",\"@id\":\"https:\\\/\\\/lokalmagasinet.no\\\/#organization\",\"name\":\"Lokalmagasinet.no\",\"url\":\"https:\\\/\\\/lokalmagasinet.no\\\/\",\"logo\":{\"@type\":\"ImageObject\",\"inLanguage\":\"nn-NO\",\"@id\":\"https:\\\/\\\/lokalmagasinet.no\\\/#\\\/schema\\\/logo\\\/image\\\/\",\"url\":\"https:\\\/\\\/lokalmagasinet.no\\\/wp-content\\\/uploads\\\/2021\\\/03\\\/cropped-cropped-cropped-cropped-cropped-cropped-lmlogo-e1640691300821.jpg\",\"contentUrl\":\"https:\\\/\\\/lokalmagasinet.no\\\/wp-content\\\/uploads\\\/2021\\\/03\\\/cropped-cropped-cropped-cropped-cropped-cropped-lmlogo-e1640691300821.jpg\",\"width\":72,\"height\":118,\"caption\":\"Lokalmagasinet.no\"},\"image\":{\"@id\":\"https:\\\/\\\/lokalmagasinet.no\\\/#\\\/schema\\\/logo\\\/image\\\/\"},\"sameAs\":[\"https:\\\/\\\/www.facebook.com\\\/sveinharald.strand.1\",\"https:\\\/\\\/x.com\\\/LMExtra\"]},{\"@type\":\"Person\",\"@id\":\"https:\\\/\\\/lokalmagasinet.no\\\/#\\\/schema\\\/person\\\/2e8d221708d3aaf6f577275b5bba4310\",\"name\":\"Svein-Harald Strand\",\"image\":{\"@type\":\"ImageObject\",\"inLanguage\":\"nn-NO\",\"@id\":\"https:\\\/\\\/secure.gravatar.com\\\/avatar\\\/c487434bdf6cd7c12e4a88877ae4b12c38d22b7ad64292b49d33ed7503bb7ce1?s=96&d=mm&r=g\",\"url\":\"https:\\\/\\\/secure.gravatar.com\\\/avatar\\\/c487434bdf6cd7c12e4a88877ae4b12c38d22b7ad64292b49d33ed7503bb7ce1?s=96&d=mm&r=g\",\"contentUrl\":\"https:\\\/\\\/secure.gravatar.com\\\/avatar\\\/c487434bdf6cd7c12e4a88877ae4b12c38d22b7ad64292b49d33ed7503bb7ce1?s=96&d=mm&r=g\",\"caption\":\"Svein-Harald Strand\"},\"description\":\"(F. 26.12.1945) Redakt\u00f8r, journalist og informasjonsarbeider siden 1968. ||| I 1963: Redaksjonell praktikant i 8 m\u00e5neder p\u00e5 full tid i Helgeland Arbeiderblad i hjembyen Mosj\u00f8en. ||| Arbeidende pensjonist med hjemmekontor fra 2008 (AFP) og videre som folkepensjonist til n\u00e5.\",\"sameAs\":[\"https:\\\/\\\/lokalmagasinet.no\\\/\",\"https:\\\/\\\/www.facebook.com\\\/sveinharald.strand.1\",\"https:\\\/\\\/x.com\\\/LMExtra\"],\"url\":\"https:\\\/\\\/lokalmagasinet.no\\\/?author=6\"}]}<\/script>\n<!-- \/ Yoast SEO plugin. -->","yoast_head_json":{"title":"Vi pr\u00f8ver ut NOEN NYE GREP | Lokalmagasinet.no","robots":{"index":"index","follow":"follow","max-snippet":"max-snippet:-1","max-image-preview":"max-image-preview:large","max-video-preview":"max-video-preview:-1"},"canonical":"https:\/\/lokalmagasinet.no\/?p=9324","og_locale":"nn_NO","og_type":"article","og_title":"Vi pr\u00f8ver ut NOEN NYE GREP | Lokalmagasinet.no","og_description":"(Publisert 26.03.22) Noen har sett det, andre ikke. Ja, vi har et par kvelder pr\u00f8vd ut endel nye presentasjonsgrep for nettavisa. I noen minutter l\u00e5 vi ogs\u00e5 ute p\u00e5 et ... Les merVi pr\u00f8ver ut NOEN NYE GREP","og_url":"https:\/\/lokalmagasinet.no\/?p=9324","og_site_name":"Lokalmagasinet.no","article_publisher":"https:\/\/www.facebook.com\/sveinharald.strand.1","article_author":"https:\/\/www.facebook.com\/sveinharald.strand.1","article_published_time":"2022-03-26T13:34:35+00:00","article_modified_time":"2022-03-28T09:49:30+00:00","og_image":[{"width":200,"height":165,"url":"https:\/\/lokalmagasinet.no\/wp-content\/uploads\/2021\/11\/journalism2stock200.jpg","type":"image\/jpeg"}],"author":"Svein-Harald Strand","twitter_card":"summary_large_image","twitter_creator":"@LMExtra","twitter_site":"@LMExtra","twitter_misc":{"Written by":"Svein-Harald Strand","Est. reading time":"2 minutt"},"schema":{"@context":"https:\/\/schema.org","@graph":[{"@type":"Article","@id":"https:\/\/lokalmagasinet.no\/?p=9324#article","isPartOf":{"@id":"https:\/\/lokalmagasinet.no\/?p=9324"},"author":{"name":"Svein-Harald Strand","@id":"https:\/\/lokalmagasinet.no\/#\/schema\/person\/2e8d221708d3aaf6f577275b5bba4310"},"headline":"Vi pr\u00f8ver ut NOEN NYE GREP","datePublished":"2022-03-26T13:34:35+00:00","dateModified":"2022-03-28T09:49:30+00:00","mainEntityOfPage":{"@id":"https:\/\/lokalmagasinet.no\/?p=9324"},"wordCount":351,"publisher":{"@id":"https:\/\/lokalmagasinet.no\/#organization"},"image":{"@id":"https:\/\/lokalmagasinet.no\/?p=9324#primaryimage"},"thumbnailUrl":"https:\/\/lokalmagasinet.no\/wp-content\/uploads\/2021\/11\/journalism2stock200.jpg","articleSection":["Aktuelt","Byggerapporter"],"inLanguage":"nn-NO"},{"@type":"WebPage","@id":"https:\/\/lokalmagasinet.no\/?p=9324","url":"https:\/\/lokalmagasinet.no\/?p=9324","name":"Vi pr\u00f8ver ut NOEN NYE GREP | Lokalmagasinet.no","isPartOf":{"@id":"https:\/\/lokalmagasinet.no\/#website"},"primaryImageOfPage":{"@id":"https:\/\/lokalmagasinet.no\/?p=9324#primaryimage"},"image":{"@id":"https:\/\/lokalmagasinet.no\/?p=9324#primaryimage"},"thumbnailUrl":"https:\/\/lokalmagasinet.no\/wp-content\/uploads\/2021\/11\/journalism2stock200.jpg","datePublished":"2022-03-26T13:34:35+00:00","dateModified":"2022-03-28T09:49:30+00:00","breadcrumb":{"@id":"https:\/\/lokalmagasinet.no\/?p=9324#breadcrumb"},"inLanguage":"nn-NO","potentialAction":[{"@type":"ReadAction","target":["https:\/\/lokalmagasinet.no\/?p=9324"]}]},{"@type":"ImageObject","inLanguage":"nn-NO","@id":"https:\/\/lokalmagasinet.no\/?p=9324#primaryimage","url":"https:\/\/lokalmagasinet.no\/wp-content\/uploads\/2021\/11\/journalism2stock200.jpg","contentUrl":"https:\/\/lokalmagasinet.no\/wp-content\/uploads\/2021\/11\/journalism2stock200.jpg","width":200,"height":165},{"@type":"BreadcrumbList","@id":"https:\/\/lokalmagasinet.no\/?p=9324#breadcrumb","itemListElement":[{"@type":"ListItem","position":1,"name":"Hjem","item":"https:\/\/lokalmagasinet.no\/"},{"@type":"ListItem","position":2,"name":"Vi pr\u00f8ver ut NOEN NYE GREP"}]},{"@type":"WebSite","@id":"https:\/\/lokalmagasinet.no\/#website","url":"https:\/\/lokalmagasinet.no\/","name":"Lokalmagasinet.no","description":"Fra fortid og n\u00e5tid. Med st\u00e5sted i det n\u00e6re. Siden 2002.","publisher":{"@id":"https:\/\/lokalmagasinet.no\/#organization"},"potentialAction":[{"@type":"SearchAction","target":{"@type":"EntryPoint","urlTemplate":"https:\/\/lokalmagasinet.no\/?s={search_term_string}"},"query-input":{"@type":"PropertyValueSpecification","valueRequired":true,"valueName":"search_term_string"}}],"inLanguage":"nn-NO"},{"@type":"Organization","@id":"https:\/\/lokalmagasinet.no\/#organization","name":"Lokalmagasinet.no","url":"https:\/\/lokalmagasinet.no\/","logo":{"@type":"ImageObject","inLanguage":"nn-NO","@id":"https:\/\/lokalmagasinet.no\/#\/schema\/logo\/image\/","url":"https:\/\/lokalmagasinet.no\/wp-content\/uploads\/2021\/03\/cropped-cropped-cropped-cropped-cropped-cropped-lmlogo-e1640691300821.jpg","contentUrl":"https:\/\/lokalmagasinet.no\/wp-content\/uploads\/2021\/03\/cropped-cropped-cropped-cropped-cropped-cropped-lmlogo-e1640691300821.jpg","width":72,"height":118,"caption":"Lokalmagasinet.no"},"image":{"@id":"https:\/\/lokalmagasinet.no\/#\/schema\/logo\/image\/"},"sameAs":["https:\/\/www.facebook.com\/sveinharald.strand.1","https:\/\/x.com\/LMExtra"]},{"@type":"Person","@id":"https:\/\/lokalmagasinet.no\/#\/schema\/person\/2e8d221708d3aaf6f577275b5bba4310","name":"Svein-Harald Strand","image":{"@type":"ImageObject","inLanguage":"nn-NO","@id":"https:\/\/secure.gravatar.com\/avatar\/c487434bdf6cd7c12e4a88877ae4b12c38d22b7ad64292b49d33ed7503bb7ce1?s=96&d=mm&r=g","url":"https:\/\/secure.gravatar.com\/avatar\/c487434bdf6cd7c12e4a88877ae4b12c38d22b7ad64292b49d33ed7503bb7ce1?s=96&d=mm&r=g","contentUrl":"https:\/\/secure.gravatar.com\/avatar\/c487434bdf6cd7c12e4a88877ae4b12c38d22b7ad64292b49d33ed7503bb7ce1?s=96&d=mm&r=g","caption":"Svein-Harald Strand"},"description":"(F. 26.12.1945) Redakt\u00f8r, journalist og informasjonsarbeider siden 1968. ||| I 1963: Redaksjonell praktikant i 8 m\u00e5neder p\u00e5 full tid i Helgeland Arbeiderblad i hjembyen Mosj\u00f8en. ||| Arbeidende pensjonist med hjemmekontor fra 2008 (AFP) og videre som folkepensjonist til n\u00e5.","sameAs":["https:\/\/lokalmagasinet.no\/","https:\/\/www.facebook.com\/sveinharald.strand.1","https:\/\/x.com\/LMExtra"],"url":"https:\/\/lokalmagasinet.no\/?author=6"}]}},"_links":{"self":[{"href":"https:\/\/lokalmagasinet.no\/index.php?rest_route=\/wp\/v2\/posts\/9324","targetHints":{"allow":["GET"]}}],"collection":[{"href":"https:\/\/lokalmagasinet.no\/index.php?rest_route=\/wp\/v2\/posts"}],"about":[{"href":"https:\/\/lokalmagasinet.no\/index.php?rest_route=\/wp\/v2\/types\/post"}],"author":[{"embeddable":true,"href":"https:\/\/lokalmagasinet.no\/index.php?rest_route=\/wp\/v2\/users\/6"}],"replies":[{"embeddable":true,"href":"https:\/\/lokalmagasinet.no\/index.php?rest_route=%2Fwp%2Fv2%2Fcomments&post=9324"}],"version-history":[{"count":11,"href":"https:\/\/lokalmagasinet.no\/index.php?rest_route=\/wp\/v2\/posts\/9324\/revisions"}],"predecessor-version":[{"id":9354,"href":"https:\/\/lokalmagasinet.no\/index.php?rest_route=\/wp\/v2\/posts\/9324\/revisions\/9354"}],"wp:featuredmedia":[{"embeddable":true,"href":"https:\/\/lokalmagasinet.no\/index.php?rest_route=\/wp\/v2\/media\/6283"}],"wp:attachment":[{"href":"https:\/\/lokalmagasinet.no\/index.php?rest_route=%2Fwp%2Fv2%2Fmedia&parent=9324"}],"wp:term":[{"taxonomy":"category","embeddable":true,"href":"https:\/\/lokalmagasinet.no\/index.php?rest_route=%2Fwp%2Fv2%2Fcategories&post=9324"},{"taxonomy":"post_tag","embeddable":true,"href":"https:\/\/lokalmagasinet.no\/index.php?rest_route=%2Fwp%2Fv2%2Ftags&post=9324"}],"curies":[{"name":"wp","href":"https:\/\/api.w.org\/{rel}","templated":true}]}}