{"id":9493,"date":"2022-04-01T21:41:45","date_gmt":"2022-04-01T19:41:45","guid":{"rendered":"https:\/\/lokalmagasinet.no\/?p=9493"},"modified":"2022-04-02T16:21:29","modified_gmt":"2022-04-02T14:21:29","slug":"aprilspok-i-pressen-kan-bli-forbudt","status":"publish","type":"post","link":"https:\/\/lokalmagasinet.no\/?p=9493","title":{"rendered":"APRILSP\u00d8K i pressen kan bli FORBUDT!"},"content":{"rendered":"<p><span class=\"i_skrift_stor\"><span class=\"i_skrift_normal\">(01.04.22) (SISTE &#8211; 21:41) (Reporter Svein-H. Strand) <\/span><strong>P\u00e5 en dag hvor nyhetsredaksjonene i Norge og en rekke andre land kan &laquo;ta den helt ut&raquo; og gj\u00f8re sitt for \u00e5 markere Jugerdagen 1. april, s\u00e5 forberedes det i Brussel et EU-direktiv som i praksis kan bety slutten p\u00e5 denne lange tradisjonen. <\/strong><\/span><\/p>\n<p><span class=\"i_skrift_stor\"><img loading=\"lazy\" decoding=\"async\" src=\"https:\/\/web.archive.org\/web\/20191126002549im_\/http:\/\/www.lokalmagasinet.no\/ipub\/media\/overrasket_200.jpg\" alt=\"\" width=\"200\" height=\"133\" align=\"left\" border=\"1\" hspace=\"8\" vspace=\"8\" \/><em><span class=\"i_skrift_mini\">Illustrasjonsfoto: LM Arkiv<\/span><\/em><\/span><\/p>\n<p>Det betyr ikke n\u00f8dvendigvis at EU-byr\u00e5kratiet har mistet all sans for humor og tradisjoner.<\/p>\n<p>Saken er nemlig den at det er avdekket s\u00e5kalt &laquo;major basical legal problems&raquo; i tilknytning til det omdiskuterte <em>Datalagringsdirektivet<\/em>.<\/p>\n<p><strong>Et direktiv som indirekte rammer aprilsp\u00f8ktradisjonen midt i mellomgulvet.<\/strong><\/p>\n<p><strong>S\u00c6RSKILT LAGRINGSFORSKRIFT<\/strong><\/p>\n<p><span class=\"i_skrift_stor\">I utkastet til en s\u00e6rskilt lagringsforskrift som blir lagt fram 1. mai &#8211; rettet mot <em>&laquo;allmennmediers nyhetsproduksjon&raquo;<\/em>, som det heter &#8211; er det nemlig forutsatt at det skal gj\u00f8res unntak for <em>&laquo;saker som er uten noe som helst hold i virkeligheten og kun skrevet og publisert for \u00e5 fokusere p\u00e5 mediet selv og f\u00f8lgelig ikke har noen samfunnsmessig funksjon.&raquo;<\/em><\/span><\/p>\n<p><span class=\"i_skrift_stor\">Dette f\u00e5r Lokalmagasinet.no opplyst fra kilder p\u00e5 nettsamfunnet Twitter som st\u00e5r den norske motstanden mot datalagringsdirektivet n\u00e6r. <\/span><\/p>\n<p><strong><span class=\"i_skrift_stor\">I disse dager faller det ogs\u00e5 naturlig &#8211; p\u00e5pekes det av skeptikerne p\u00e5 Twitter &#8211; \u00e5 se til ny russisk lovgivning <\/span><\/strong><span class=\"i_skrift_stor\"><strong>som \u00e5pner for fengselsstraff p\u00e5 inntil 15 \u00e5r. Dette for \u00e5 formidle &laquo;usanne opplysninger&raquo; om statens gj\u00f8rem\u00e5l og tilstand.<\/strong><\/span><\/p>\n<p>I Norge er det s\u00e5 langt bare en h\u00e5ndfull personer i det juridiske milj\u00f8 som er informert om denne saken, og opplysningene er kommet via meningsallierte innenfor selve EU-systemet.<\/p>\n<p><strong>UTLUKINGSMEKANISME MULIG \u00c5 PROGRAMMERE?<\/strong><\/p>\n<p><strong>Men hvordan man lovteknisk sett skal kunne lage et unntak for \u00e9n dag hvert \u00e5r &#8211; og samtidig v\u00e6re helt sikker p\u00e5 at det virkelig <em>er<\/em> en aprilsp\u00f8k &#8211; ja, det er problemstillingen i et n\u00f8tteskall. <\/strong><\/p>\n<p>SKUDD\u00c5RENE er blant de mange problemer man st\u00f8ter p\u00e5 n\u00e5r det gjelder mulighetene for \u00e5 f\u00e5 programmert en effektiv utlukingsmekanisme for hele EU-omr\u00e5det, blir det p\u00e5pekt.<br \/>\n<strong><br \/>\nMen det kanskje viktigste problemet &#8211; og som kan ende med et totalforbud mot det som i de f\u00f8rste utkastene ogs\u00e5 benevnes som <em>&laquo;bevisst nyhetsl\u00f8gn&raquo;<\/em> &#8211; er lokalpressen. <\/strong><\/p>\n<p>Ledende eksperter innenfor b\u00e5de medier, IKT og jus som har v\u00e6rt konsultert (med de h\u00f8yste timesatser som er sett i EU-systemet) for \u00e5 sikre taushetsbehovet, har sett p\u00e5 problemet.<\/p>\n<p><img loading=\"lazy\" decoding=\"async\" class=\"size-full wp-image-2675 alignleft\" src=\"https:\/\/lokalmagasinet.no\/wp-content\/uploads\/2021\/03\/brillerogklubbe_200.jpg\" alt=\"\" width=\"200\" height=\"150\" \/>Denne s\u00e5kalte &laquo;1. april-gruppen&raquo; er helt enig om at mulighetene for \u00e5 identifisere og skille mellom bl.a. overdrivelser og bevisst fantasi er, sitat fra den forel\u00f8pige norske oversettelse: <em>&laquo;overveiende grensende til det umulige, slik at bare et direkte forbud med et straffebud i bunnen kan l\u00f8se problemet i forhold til \u00e5 f\u00e5 gjort Datalagringsdirektivet til det effektive redskap det var ment \u00e5 skulle v\u00e6re.&raquo;<\/em><\/p>\n<p><strong>Men det helt avgj\u00f8rende, mener ekspertgruppen, er problemet med de framvoksende nye lokale nyhetsmedier p\u00e5 internett som ikke har noen forankring i papirutgave, og som kan endre innholdet i sine saker gjennom hele d\u00f8gnet. <\/strong><\/p>\n<p>Nettavisene har ofte ogs\u00e5 ingen eller d\u00e5rlige kildeangivelser for sine nyhetssaker, s\u00e6rlig de f\u00f8rste versjonene i saker som utvikler seg gjennom d\u00f8gnet.<\/p>\n<p><strong>LEKKET SOM &laquo;PR\u00d8VEBALLONG&raquo;<\/strong><\/p>\n<p><span class=\"i_skrift_stor\">Saken er da ogs\u00e5 blitt lekket til bl.a. LM som &laquo;en pr\u00f8veballong&raquo; for \u00e5 bli offentliggjort p\u00e5 selve 1. april. Og med et \u00f8ye til at LM er et eksempel p\u00e5 et moderne superlokalt nettmedium som ofte er tvunget til \u00e5 benytte seg av anonyme kilder. Dette spesielt n\u00e5r viktige nyheter for lokalsamfunnet f\u00f8rstegang-publiseres.<\/span><\/p>\n<p>Det er ventet at representanter for v\u00e5re kilder i denne saken vil st\u00e5 fram etter at det har v\u00e6rt holdt en uformell orientering for partilederne p\u00e5 Stortinget like etter p\u00e5ske.<\/p>\n<p>&nbsp;<\/p>\n<p>Views: 87<\/p>","protected":false},"excerpt":{"rendered":"<p>(01.04.22) (SISTE &#8211; 21:41) (Reporter Svein-H. Strand) P\u00e5 en dag hvor nyhetsredaksjonene i Norge og en rekke andre land kan &laquo;ta den helt ut&raquo; og gj\u00f8re sitt for \u00e5 markere &#8230; <\/p>\n<p class=\"read-more-container\"><a title=\"APRILSP\u00d8K i pressen kan bli FORBUDT!\" class=\"read-more button\" href=\"https:\/\/lokalmagasinet.no\/?p=9493#more-9493\">Les mer<span class=\"screen-reader-text\">APRILSP\u00d8K i pressen kan bli FORBUDT!<\/span><\/a><\/p>\n","protected":false},"author":6,"featured_media":3063,"comment_status":"closed","ping_status":"open","sticky":false,"template":"","format":"standard","meta":{"footnotes":""},"categories":[1],"tags":[],"class_list":["post-9493","post","type-post","status-publish","format-standard","has-post-thumbnail","hentry","category-aktuelt","resize-featured-image"],"yoast_head":"<!-- This site is optimized with the Yoast SEO plugin v27.4 - https:\/\/yoast.com\/product\/yoast-seo-wordpress\/ -->\n<title>APRILSP\u00d8K i pressen kan bli FORBUDT! | Lokalmagasinet.no<\/title>\n<meta name=\"robots\" content=\"index, follow, max-snippet:-1, max-image-preview:large, max-video-preview:-1\" \/>\n<link rel=\"canonical\" href=\"https:\/\/lokalmagasinet.no\/?p=9493\" \/>\n<meta property=\"og:locale\" content=\"nn_NO\" \/>\n<meta property=\"og:type\" content=\"article\" \/>\n<meta property=\"og:title\" content=\"APRILSP\u00d8K i pressen kan bli FORBUDT! | Lokalmagasinet.no\" \/>\n<meta property=\"og:description\" content=\"(01.04.22) (SISTE &#8211; 21:41) (Reporter Svein-H. Strand) P\u00e5 en dag hvor nyhetsredaksjonene i Norge og en rekke andre land kan &laquo;ta den helt ut&raquo; og gj\u00f8re sitt for \u00e5 markere ... Les merAPRILSP\u00d8K i pressen kan bli FORBUDT!\" \/>\n<meta property=\"og:url\" content=\"https:\/\/lokalmagasinet.no\/?p=9493\" \/>\n<meta property=\"og:site_name\" content=\"Lokalmagasinet.no\" \/>\n<meta property=\"article:publisher\" content=\"https:\/\/www.facebook.com\/sveinharald.strand.1\" \/>\n<meta property=\"article:author\" content=\"https:\/\/www.facebook.com\/sveinharald.strand.1\" \/>\n<meta property=\"article:published_time\" content=\"2022-04-01T19:41:45+00:00\" \/>\n<meta property=\"article:modified_time\" content=\"2022-04-02T14:21:29+00:00\" \/>\n<meta property=\"og:image\" content=\"https:\/\/lokalmagasinet.no\/wp-content\/uploads\/2021\/03\/cropped-lmlogo-e1640691300821.jpg\" \/>\n\t<meta property=\"og:image:width\" content=\"86\" \/>\n\t<meta property=\"og:image:height\" content=\"120\" \/>\n\t<meta property=\"og:image:type\" content=\"image\/jpeg\" \/>\n<meta name=\"author\" content=\"Svein-Harald Strand\" \/>\n<meta name=\"twitter:card\" content=\"summary_large_image\" \/>\n<meta name=\"twitter:creator\" content=\"@LMExtra\" \/>\n<meta name=\"twitter:site\" content=\"@LMExtra\" \/>\n<meta name=\"twitter:label1\" content=\"Written by\" \/>\n\t<meta name=\"twitter:data1\" content=\"Svein-Harald Strand\" \/>\n\t<meta name=\"twitter:label2\" content=\"Est. reading time\" \/>\n\t<meta name=\"twitter:data2\" content=\"3 minutt\" \/>\n<script type=\"application\/ld+json\" class=\"yoast-schema-graph\">{\"@context\":\"https:\\\/\\\/schema.org\",\"@graph\":[{\"@type\":\"Article\",\"@id\":\"https:\\\/\\\/lokalmagasinet.no\\\/?p=9493#article\",\"isPartOf\":{\"@id\":\"https:\\\/\\\/lokalmagasinet.no\\\/?p=9493\"},\"author\":{\"name\":\"Svein-Harald Strand\",\"@id\":\"https:\\\/\\\/lokalmagasinet.no\\\/#\\\/schema\\\/person\\\/2e8d221708d3aaf6f577275b5bba4310\"},\"headline\":\"APRILSP\u00d8K i pressen kan bli FORBUDT!\",\"datePublished\":\"2022-04-01T19:41:45+00:00\",\"dateModified\":\"2022-04-02T14:21:29+00:00\",\"mainEntityOfPage\":{\"@id\":\"https:\\\/\\\/lokalmagasinet.no\\\/?p=9493\"},\"wordCount\":610,\"publisher\":{\"@id\":\"https:\\\/\\\/lokalmagasinet.no\\\/#organization\"},\"image\":{\"@id\":\"https:\\\/\\\/lokalmagasinet.no\\\/?p=9493#primaryimage\"},\"thumbnailUrl\":\"https:\\\/\\\/lokalmagasinet.no\\\/wp-content\\\/uploads\\\/2021\\\/03\\\/cropped-lmlogo-e1640691300821.jpg\",\"articleSection\":[\"Aktuelt\"],\"inLanguage\":\"nn-NO\"},{\"@type\":\"WebPage\",\"@id\":\"https:\\\/\\\/lokalmagasinet.no\\\/?p=9493\",\"url\":\"https:\\\/\\\/lokalmagasinet.no\\\/?p=9493\",\"name\":\"APRILSP\u00d8K i pressen kan bli FORBUDT! | Lokalmagasinet.no\",\"isPartOf\":{\"@id\":\"https:\\\/\\\/lokalmagasinet.no\\\/#website\"},\"primaryImageOfPage\":{\"@id\":\"https:\\\/\\\/lokalmagasinet.no\\\/?p=9493#primaryimage\"},\"image\":{\"@id\":\"https:\\\/\\\/lokalmagasinet.no\\\/?p=9493#primaryimage\"},\"thumbnailUrl\":\"https:\\\/\\\/lokalmagasinet.no\\\/wp-content\\\/uploads\\\/2021\\\/03\\\/cropped-lmlogo-e1640691300821.jpg\",\"datePublished\":\"2022-04-01T19:41:45+00:00\",\"dateModified\":\"2022-04-02T14:21:29+00:00\",\"breadcrumb\":{\"@id\":\"https:\\\/\\\/lokalmagasinet.no\\\/?p=9493#breadcrumb\"},\"inLanguage\":\"nn-NO\",\"potentialAction\":[{\"@type\":\"ReadAction\",\"target\":[\"https:\\\/\\\/lokalmagasinet.no\\\/?p=9493\"]}]},{\"@type\":\"ImageObject\",\"inLanguage\":\"nn-NO\",\"@id\":\"https:\\\/\\\/lokalmagasinet.no\\\/?p=9493#primaryimage\",\"url\":\"https:\\\/\\\/lokalmagasinet.no\\\/wp-content\\\/uploads\\\/2021\\\/03\\\/cropped-lmlogo-e1640691300821.jpg\",\"contentUrl\":\"https:\\\/\\\/lokalmagasinet.no\\\/wp-content\\\/uploads\\\/2021\\\/03\\\/cropped-lmlogo-e1640691300821.jpg\",\"width\":86,\"height\":120},{\"@type\":\"BreadcrumbList\",\"@id\":\"https:\\\/\\\/lokalmagasinet.no\\\/?p=9493#breadcrumb\",\"itemListElement\":[{\"@type\":\"ListItem\",\"position\":1,\"name\":\"Hjem\",\"item\":\"https:\\\/\\\/lokalmagasinet.no\\\/\"},{\"@type\":\"ListItem\",\"position\":2,\"name\":\"APRILSP\u00d8K i pressen kan bli FORBUDT!\"}]},{\"@type\":\"WebSite\",\"@id\":\"https:\\\/\\\/lokalmagasinet.no\\\/#website\",\"url\":\"https:\\\/\\\/lokalmagasinet.no\\\/\",\"name\":\"Lokalmagasinet.no\",\"description\":\"Fra fortid og n\u00e5tid. Med st\u00e5sted i det n\u00e6re. Siden 2002.\",\"publisher\":{\"@id\":\"https:\\\/\\\/lokalmagasinet.no\\\/#organization\"},\"potentialAction\":[{\"@type\":\"SearchAction\",\"target\":{\"@type\":\"EntryPoint\",\"urlTemplate\":\"https:\\\/\\\/lokalmagasinet.no\\\/?s={search_term_string}\"},\"query-input\":{\"@type\":\"PropertyValueSpecification\",\"valueRequired\":true,\"valueName\":\"search_term_string\"}}],\"inLanguage\":\"nn-NO\"},{\"@type\":\"Organization\",\"@id\":\"https:\\\/\\\/lokalmagasinet.no\\\/#organization\",\"name\":\"Lokalmagasinet.no\",\"url\":\"https:\\\/\\\/lokalmagasinet.no\\\/\",\"logo\":{\"@type\":\"ImageObject\",\"inLanguage\":\"nn-NO\",\"@id\":\"https:\\\/\\\/lokalmagasinet.no\\\/#\\\/schema\\\/logo\\\/image\\\/\",\"url\":\"https:\\\/\\\/lokalmagasinet.no\\\/wp-content\\\/uploads\\\/2021\\\/03\\\/cropped-cropped-cropped-cropped-cropped-cropped-lmlogo-e1640691300821.jpg\",\"contentUrl\":\"https:\\\/\\\/lokalmagasinet.no\\\/wp-content\\\/uploads\\\/2021\\\/03\\\/cropped-cropped-cropped-cropped-cropped-cropped-lmlogo-e1640691300821.jpg\",\"width\":72,\"height\":118,\"caption\":\"Lokalmagasinet.no\"},\"image\":{\"@id\":\"https:\\\/\\\/lokalmagasinet.no\\\/#\\\/schema\\\/logo\\\/image\\\/\"},\"sameAs\":[\"https:\\\/\\\/www.facebook.com\\\/sveinharald.strand.1\",\"https:\\\/\\\/x.com\\\/LMExtra\"]},{\"@type\":\"Person\",\"@id\":\"https:\\\/\\\/lokalmagasinet.no\\\/#\\\/schema\\\/person\\\/2e8d221708d3aaf6f577275b5bba4310\",\"name\":\"Svein-Harald Strand\",\"image\":{\"@type\":\"ImageObject\",\"inLanguage\":\"nn-NO\",\"@id\":\"https:\\\/\\\/secure.gravatar.com\\\/avatar\\\/c487434bdf6cd7c12e4a88877ae4b12c38d22b7ad64292b49d33ed7503bb7ce1?s=96&d=mm&r=g\",\"url\":\"https:\\\/\\\/secure.gravatar.com\\\/avatar\\\/c487434bdf6cd7c12e4a88877ae4b12c38d22b7ad64292b49d33ed7503bb7ce1?s=96&d=mm&r=g\",\"contentUrl\":\"https:\\\/\\\/secure.gravatar.com\\\/avatar\\\/c487434bdf6cd7c12e4a88877ae4b12c38d22b7ad64292b49d33ed7503bb7ce1?s=96&d=mm&r=g\",\"caption\":\"Svein-Harald Strand\"},\"description\":\"(F. 26.12.1945) Redakt\u00f8r, journalist og informasjonsarbeider siden 1968. ||| I 1963: Redaksjonell praktikant i 8 m\u00e5neder p\u00e5 full tid i Helgeland Arbeiderblad i hjembyen Mosj\u00f8en. ||| Arbeidende pensjonist med hjemmekontor fra 2008 (AFP) og videre som folkepensjonist til n\u00e5.\",\"sameAs\":[\"https:\\\/\\\/lokalmagasinet.no\\\/\",\"https:\\\/\\\/www.facebook.com\\\/sveinharald.strand.1\",\"https:\\\/\\\/x.com\\\/LMExtra\"],\"url\":\"https:\\\/\\\/lokalmagasinet.no\\\/?author=6\"}]}<\/script>\n<!-- \/ Yoast SEO plugin. -->","yoast_head_json":{"title":"APRILSP\u00d8K i pressen kan bli FORBUDT! | Lokalmagasinet.no","robots":{"index":"index","follow":"follow","max-snippet":"max-snippet:-1","max-image-preview":"max-image-preview:large","max-video-preview":"max-video-preview:-1"},"canonical":"https:\/\/lokalmagasinet.no\/?p=9493","og_locale":"nn_NO","og_type":"article","og_title":"APRILSP\u00d8K i pressen kan bli FORBUDT! | Lokalmagasinet.no","og_description":"(01.04.22) (SISTE &#8211; 21:41) (Reporter Svein-H. Strand) P\u00e5 en dag hvor nyhetsredaksjonene i Norge og en rekke andre land kan &laquo;ta den helt ut&raquo; og gj\u00f8re sitt for \u00e5 markere ... Les merAPRILSP\u00d8K i pressen kan bli FORBUDT!","og_url":"https:\/\/lokalmagasinet.no\/?p=9493","og_site_name":"Lokalmagasinet.no","article_publisher":"https:\/\/www.facebook.com\/sveinharald.strand.1","article_author":"https:\/\/www.facebook.com\/sveinharald.strand.1","article_published_time":"2022-04-01T19:41:45+00:00","article_modified_time":"2022-04-02T14:21:29+00:00","og_image":[{"width":86,"height":120,"url":"https:\/\/lokalmagasinet.no\/wp-content\/uploads\/2021\/03\/cropped-lmlogo-e1640691300821.jpg","type":"image\/jpeg"}],"author":"Svein-Harald Strand","twitter_card":"summary_large_image","twitter_creator":"@LMExtra","twitter_site":"@LMExtra","twitter_misc":{"Written by":"Svein-Harald Strand","Est. reading time":"3 minutt"},"schema":{"@context":"https:\/\/schema.org","@graph":[{"@type":"Article","@id":"https:\/\/lokalmagasinet.no\/?p=9493#article","isPartOf":{"@id":"https:\/\/lokalmagasinet.no\/?p=9493"},"author":{"name":"Svein-Harald Strand","@id":"https:\/\/lokalmagasinet.no\/#\/schema\/person\/2e8d221708d3aaf6f577275b5bba4310"},"headline":"APRILSP\u00d8K i pressen kan bli FORBUDT!","datePublished":"2022-04-01T19:41:45+00:00","dateModified":"2022-04-02T14:21:29+00:00","mainEntityOfPage":{"@id":"https:\/\/lokalmagasinet.no\/?p=9493"},"wordCount":610,"publisher":{"@id":"https:\/\/lokalmagasinet.no\/#organization"},"image":{"@id":"https:\/\/lokalmagasinet.no\/?p=9493#primaryimage"},"thumbnailUrl":"https:\/\/lokalmagasinet.no\/wp-content\/uploads\/2021\/03\/cropped-lmlogo-e1640691300821.jpg","articleSection":["Aktuelt"],"inLanguage":"nn-NO"},{"@type":"WebPage","@id":"https:\/\/lokalmagasinet.no\/?p=9493","url":"https:\/\/lokalmagasinet.no\/?p=9493","name":"APRILSP\u00d8K i pressen kan bli FORBUDT! | Lokalmagasinet.no","isPartOf":{"@id":"https:\/\/lokalmagasinet.no\/#website"},"primaryImageOfPage":{"@id":"https:\/\/lokalmagasinet.no\/?p=9493#primaryimage"},"image":{"@id":"https:\/\/lokalmagasinet.no\/?p=9493#primaryimage"},"thumbnailUrl":"https:\/\/lokalmagasinet.no\/wp-content\/uploads\/2021\/03\/cropped-lmlogo-e1640691300821.jpg","datePublished":"2022-04-01T19:41:45+00:00","dateModified":"2022-04-02T14:21:29+00:00","breadcrumb":{"@id":"https:\/\/lokalmagasinet.no\/?p=9493#breadcrumb"},"inLanguage":"nn-NO","potentialAction":[{"@type":"ReadAction","target":["https:\/\/lokalmagasinet.no\/?p=9493"]}]},{"@type":"ImageObject","inLanguage":"nn-NO","@id":"https:\/\/lokalmagasinet.no\/?p=9493#primaryimage","url":"https:\/\/lokalmagasinet.no\/wp-content\/uploads\/2021\/03\/cropped-lmlogo-e1640691300821.jpg","contentUrl":"https:\/\/lokalmagasinet.no\/wp-content\/uploads\/2021\/03\/cropped-lmlogo-e1640691300821.jpg","width":86,"height":120},{"@type":"BreadcrumbList","@id":"https:\/\/lokalmagasinet.no\/?p=9493#breadcrumb","itemListElement":[{"@type":"ListItem","position":1,"name":"Hjem","item":"https:\/\/lokalmagasinet.no\/"},{"@type":"ListItem","position":2,"name":"APRILSP\u00d8K i pressen kan bli FORBUDT!"}]},{"@type":"WebSite","@id":"https:\/\/lokalmagasinet.no\/#website","url":"https:\/\/lokalmagasinet.no\/","name":"Lokalmagasinet.no","description":"Fra fortid og n\u00e5tid. Med st\u00e5sted i det n\u00e6re. Siden 2002.","publisher":{"@id":"https:\/\/lokalmagasinet.no\/#organization"},"potentialAction":[{"@type":"SearchAction","target":{"@type":"EntryPoint","urlTemplate":"https:\/\/lokalmagasinet.no\/?s={search_term_string}"},"query-input":{"@type":"PropertyValueSpecification","valueRequired":true,"valueName":"search_term_string"}}],"inLanguage":"nn-NO"},{"@type":"Organization","@id":"https:\/\/lokalmagasinet.no\/#organization","name":"Lokalmagasinet.no","url":"https:\/\/lokalmagasinet.no\/","logo":{"@type":"ImageObject","inLanguage":"nn-NO","@id":"https:\/\/lokalmagasinet.no\/#\/schema\/logo\/image\/","url":"https:\/\/lokalmagasinet.no\/wp-content\/uploads\/2021\/03\/cropped-cropped-cropped-cropped-cropped-cropped-lmlogo-e1640691300821.jpg","contentUrl":"https:\/\/lokalmagasinet.no\/wp-content\/uploads\/2021\/03\/cropped-cropped-cropped-cropped-cropped-cropped-lmlogo-e1640691300821.jpg","width":72,"height":118,"caption":"Lokalmagasinet.no"},"image":{"@id":"https:\/\/lokalmagasinet.no\/#\/schema\/logo\/image\/"},"sameAs":["https:\/\/www.facebook.com\/sveinharald.strand.1","https:\/\/x.com\/LMExtra"]},{"@type":"Person","@id":"https:\/\/lokalmagasinet.no\/#\/schema\/person\/2e8d221708d3aaf6f577275b5bba4310","name":"Svein-Harald Strand","image":{"@type":"ImageObject","inLanguage":"nn-NO","@id":"https:\/\/secure.gravatar.com\/avatar\/c487434bdf6cd7c12e4a88877ae4b12c38d22b7ad64292b49d33ed7503bb7ce1?s=96&d=mm&r=g","url":"https:\/\/secure.gravatar.com\/avatar\/c487434bdf6cd7c12e4a88877ae4b12c38d22b7ad64292b49d33ed7503bb7ce1?s=96&d=mm&r=g","contentUrl":"https:\/\/secure.gravatar.com\/avatar\/c487434bdf6cd7c12e4a88877ae4b12c38d22b7ad64292b49d33ed7503bb7ce1?s=96&d=mm&r=g","caption":"Svein-Harald Strand"},"description":"(F. 26.12.1945) Redakt\u00f8r, journalist og informasjonsarbeider siden 1968. ||| I 1963: Redaksjonell praktikant i 8 m\u00e5neder p\u00e5 full tid i Helgeland Arbeiderblad i hjembyen Mosj\u00f8en. ||| Arbeidende pensjonist med hjemmekontor fra 2008 (AFP) og videre som folkepensjonist til n\u00e5.","sameAs":["https:\/\/lokalmagasinet.no\/","https:\/\/www.facebook.com\/sveinharald.strand.1","https:\/\/x.com\/LMExtra"],"url":"https:\/\/lokalmagasinet.no\/?author=6"}]}},"_links":{"self":[{"href":"https:\/\/lokalmagasinet.no\/index.php?rest_route=\/wp\/v2\/posts\/9493","targetHints":{"allow":["GET"]}}],"collection":[{"href":"https:\/\/lokalmagasinet.no\/index.php?rest_route=\/wp\/v2\/posts"}],"about":[{"href":"https:\/\/lokalmagasinet.no\/index.php?rest_route=\/wp\/v2\/types\/post"}],"author":[{"embeddable":true,"href":"https:\/\/lokalmagasinet.no\/index.php?rest_route=\/wp\/v2\/users\/6"}],"replies":[{"embeddable":true,"href":"https:\/\/lokalmagasinet.no\/index.php?rest_route=%2Fwp%2Fv2%2Fcomments&post=9493"}],"version-history":[{"count":9,"href":"https:\/\/lokalmagasinet.no\/index.php?rest_route=\/wp\/v2\/posts\/9493\/revisions"}],"predecessor-version":[{"id":9502,"href":"https:\/\/lokalmagasinet.no\/index.php?rest_route=\/wp\/v2\/posts\/9493\/revisions\/9502"}],"wp:featuredmedia":[{"embeddable":true,"href":"https:\/\/lokalmagasinet.no\/index.php?rest_route=\/wp\/v2\/media\/3063"}],"wp:attachment":[{"href":"https:\/\/lokalmagasinet.no\/index.php?rest_route=%2Fwp%2Fv2%2Fmedia&parent=9493"}],"wp:term":[{"taxonomy":"category","embeddable":true,"href":"https:\/\/lokalmagasinet.no\/index.php?rest_route=%2Fwp%2Fv2%2Fcategories&post=9493"},{"taxonomy":"post_tag","embeddable":true,"href":"https:\/\/lokalmagasinet.no\/index.php?rest_route=%2Fwp%2Fv2%2Ftags&post=9493"}],"curies":[{"name":"wp","href":"https:\/\/api.w.org\/{rel}","templated":true}]}}