{"id":9657,"date":"2022-04-12T10:55:14","date_gmt":"2022-04-12T08:55:14","guid":{"rendered":"https:\/\/lokalmagasinet.no\/?p=9657"},"modified":"2024-01-18T22:08:58","modified_gmt":"2024-01-18T21:08:58","slug":"fire-utanfor-soon-manufaktur-pa-1950-talet","status":"publish","type":"post","link":"https:\/\/lokalmagasinet.no\/?p=9657","title":{"rendered":"Fire utanfor Soon Manufaktur ein dag p\u00e5 1950-talet"},"content":{"rendered":"<p align=\"center\"><img loading=\"lazy\" decoding=\"async\" src=\"https:\/\/web.archive.org\/web\/20100401110224im_\/http:\/\/www.lokalmagasinet.no\/ipub\/media\/gamle sonbilder\/soonmanufakt_600.jpg\" alt=\"\" width=\"600\" height=\"379\" align=\"middle\" border=\"1\" \/><\/p>\n<p align=\"center\"><span class=\"i_skrift_mini\">(Fotograf ukjent.)<\/span><\/p>\n<p align=\"left\"><strong><span class=\"i_skrift_stor\">Her er d\u00e5, i stort format, bilete nummer to fr\u00e5 milj\u00f8et ved Son torg p\u00e5 slutten av 1950-talet. Det er eit makalaust historisk dokument Reidar Johansen har forsynt oss med denne gongen! <\/span><\/strong><\/p>\n<p align=\"left\"><span class=\"i_skrift_stor\"><span class=\"i_skrift_mini\">(Fr\u00e5 LM 02.03.10) (Republisert 12.04.22) <\/span>Men her og no ber vi om hjelp, for vi treng namna p\u00e5 dei fire mannfolka som st\u00e5r og sit p\u00e5 og mellom dei to trappene utanfor Per Chr. Str\u00f8ms Soon Manufaktur og skreddarverkstad. Det gjekk jo veldig bra med det forrige biletet fr\u00e5 femtitals-torget. <\/span><\/p>\n<p align=\"left\"><span class=\"i_skrift_stor\">Om fotografiet m\u00e5 det f\u00f8yast til at jamvel om det ikkje er s\u00e6rskilt mykje detaljar i motivet, s\u00e5 er det noko udefinerbart til stades som flyttar biletet eit stykke mot kunstfotografiet. Var det ikkje meint s\u00e5nn, s\u00e5 blei det s\u00e5nn, liksom. <\/span><\/p>\n<p align=\"left\"><span class=\"i_skrift_stor\">I alle h\u00f8ve er det eit s\u00e6rs ekte snapshot som konserverer ein augneblink av tids\u00e5nd og milj\u00f8 i hjartet av gamle Son for evigheita. Kunne det g\u00e5tt for \u00e5 vere i ein litt sliten fransk landsby p\u00e5 den tida? <\/span><\/p>\n<p align=\"left\"><span class=\"i_skrift_stor\">Karane ser ut til \u00e5 vere jamt fint helgekledde der dei st\u00e5r og sit utanfor \u2013 av alle stader \u2013 lokala til det som var eit rimeleg breidt lokalt tilbod p\u00e5 konfeksjonssida. B\u00e5de manufaktur og skreddarteneste. S\u00e5 var det, mellom anna, ikkje s\u00e5 farleg om buksa eller jakka, eller heile dressen om s\u00e5 gale var, ikkje passa!<\/span><\/p>\n<p align=\"left\"><strong><span class=\"i_skrift_stor\">Og f\u00f8r vi gl\u00f8ymer det: Huset med tenester som vi i dag m\u00e5 langt bort for \u00e5 f\u00e5, er annekset til Spinnerig\u00e5rden som vi s\u00e5g heile fronten p\u00e5 i det forrige biletet. Eit hus blant fleire i Son sentrum som G\u00e5rd-Guden har tatt heim til seg.<\/span><\/strong><\/p>\n<p align=\"left\"><span class=\"i_skrift_stor\">Heilt til venstre litt av Sj\u00f8boden og den \u00f8stre porten. Den var i metall. Der tok handelshuset Aimar Hansen &amp; S\u00f8n i Thorneg\u00e5rden inn nyankomne vareparti som var lossa over dampskipskaia ved sidan av, eller som var komen etter landeveien.<br \/>\n<\/span><\/p>\n<p align=\"left\"><span class=\"i_skrift_stor\">Ein sykkel st\u00e5r lent mot ein enkel port i tre, ein inngang til den trange passasjen mellom dei to husa. Er det seint i mars eller tidleg i april? Dette er ikkje blant dei skarpaste av dei gamle fotografia vi har publisert, men det er nok skitne restar av vinteren vi ser heilt nede i venstre biletkant. <\/span><\/p>\n<p align=\"left\"><span class=\"i_skrift_stor\">S\u00e5 blei det ein heil liten artikkel som tekst til fotografiet tatt av ein ukjent. Det var det verdt!<\/span><\/p>\n<p align=\"left\"><span class=\"i_skrift_stor\"><strong>St.<\/strong><\/span><\/p>\n<p>Views: 238<\/p>","protected":false},"excerpt":{"rendered":"<p>(Fotograf ukjent.) Her er d\u00e5, i stort format, bilete nummer to fr\u00e5 milj\u00f8et ved Son torg p\u00e5 slutten av 1950-talet. Det er eit makalaust historisk dokument Reidar Johansen har forsynt &#8230; <\/p>\n<p class=\"read-more-container\"><a title=\"Fire utanfor Soon Manufaktur ein dag p\u00e5 1950-talet\" class=\"read-more button\" href=\"https:\/\/lokalmagasinet.no\/?p=9657#more-9657\">Les mer<span class=\"screen-reader-text\">Fire utanfor Soon Manufaktur ein dag p\u00e5 1950-talet<\/span><\/a><\/p>\n","protected":false},"author":6,"featured_media":0,"comment_status":"closed","ping_status":"closed","sticky":false,"template":"","format":"standard","meta":{"footnotes":""},"categories":[7],"tags":[],"class_list":["post-9657","post","type-post","status-publish","format-standard","hentry","category-historisk-arkiv"],"yoast_head":"<!-- This site is optimized with the Yoast SEO plugin v27.4 - https:\/\/yoast.com\/product\/yoast-seo-wordpress\/ -->\n<title>Fire utanfor Soon Manufaktur ein dag p\u00e5 1950-talet | Lokalmagasinet.no<\/title>\n<meta name=\"robots\" content=\"index, follow, max-snippet:-1, max-image-preview:large, max-video-preview:-1\" \/>\n<link rel=\"canonical\" href=\"https:\/\/lokalmagasinet.no\/?p=9657\" \/>\n<meta property=\"og:locale\" content=\"nn_NO\" \/>\n<meta property=\"og:type\" content=\"article\" \/>\n<meta property=\"og:title\" content=\"Fire utanfor Soon Manufaktur ein dag p\u00e5 1950-talet | Lokalmagasinet.no\" \/>\n<meta property=\"og:description\" content=\"(Fotograf ukjent.) Her er d\u00e5, i stort format, bilete nummer to fr\u00e5 milj\u00f8et ved Son torg p\u00e5 slutten av 1950-talet. Det er eit makalaust historisk dokument Reidar Johansen har forsynt ... Les merFire utanfor Soon Manufaktur ein dag p\u00e5 1950-talet\" \/>\n<meta property=\"og:url\" content=\"https:\/\/lokalmagasinet.no\/?p=9657\" \/>\n<meta property=\"og:site_name\" content=\"Lokalmagasinet.no\" \/>\n<meta property=\"article:publisher\" content=\"https:\/\/www.facebook.com\/sveinharald.strand.1\" \/>\n<meta property=\"article:author\" content=\"https:\/\/www.facebook.com\/sveinharald.strand.1\" \/>\n<meta property=\"article:published_time\" content=\"2022-04-12T08:55:14+00:00\" \/>\n<meta property=\"article:modified_time\" content=\"2024-01-18T21:08:58+00:00\" \/>\n<meta property=\"og:image\" content=\"https:\/\/lokalmagasinet.no\/wp-content\/uploads\/2022\/02\/sonsskjarg_kystp_500.jpg\" \/>\n\t<meta property=\"og:image:width\" content=\"500\" \/>\n\t<meta property=\"og:image:height\" content=\"332\" \/>\n\t<meta property=\"og:image:type\" content=\"image\/jpeg\" \/>\n<meta name=\"author\" content=\"Svein-Harald Strand\" \/>\n<meta name=\"twitter:card\" content=\"summary_large_image\" \/>\n<meta name=\"twitter:creator\" content=\"@LMExtra\" \/>\n<meta name=\"twitter:site\" content=\"@LMExtra\" \/>\n<meta name=\"twitter:label1\" content=\"Written by\" \/>\n\t<meta name=\"twitter:data1\" content=\"Svein-Harald Strand\" \/>\n\t<meta name=\"twitter:label2\" content=\"Est. reading time\" \/>\n\t<meta name=\"twitter:data2\" content=\"2 minutt\" \/>\n<script type=\"application\/ld+json\" class=\"yoast-schema-graph\">{\"@context\":\"https:\\\/\\\/schema.org\",\"@graph\":[{\"@type\":\"Article\",\"@id\":\"https:\\\/\\\/lokalmagasinet.no\\\/?p=9657#article\",\"isPartOf\":{\"@id\":\"https:\\\/\\\/lokalmagasinet.no\\\/?p=9657\"},\"author\":{\"name\":\"Svein-Harald Strand\",\"@id\":\"https:\\\/\\\/lokalmagasinet.no\\\/#\\\/schema\\\/person\\\/2e8d221708d3aaf6f577275b5bba4310\"},\"headline\":\"Fire utanfor Soon Manufaktur ein dag p\u00e5 1950-talet\",\"datePublished\":\"2022-04-12T08:55:14+00:00\",\"dateModified\":\"2024-01-18T21:08:58+00:00\",\"mainEntityOfPage\":{\"@id\":\"https:\\\/\\\/lokalmagasinet.no\\\/?p=9657\"},\"wordCount\":407,\"publisher\":{\"@id\":\"https:\\\/\\\/lokalmagasinet.no\\\/#organization\"},\"articleSection\":[\"Historisk\"],\"inLanguage\":\"nn-NO\"},{\"@type\":\"WebPage\",\"@id\":\"https:\\\/\\\/lokalmagasinet.no\\\/?p=9657\",\"url\":\"https:\\\/\\\/lokalmagasinet.no\\\/?p=9657\",\"name\":\"Fire utanfor Soon Manufaktur ein dag p\u00e5 1950-talet | Lokalmagasinet.no\",\"isPartOf\":{\"@id\":\"https:\\\/\\\/lokalmagasinet.no\\\/#website\"},\"datePublished\":\"2022-04-12T08:55:14+00:00\",\"dateModified\":\"2024-01-18T21:08:58+00:00\",\"breadcrumb\":{\"@id\":\"https:\\\/\\\/lokalmagasinet.no\\\/?p=9657#breadcrumb\"},\"inLanguage\":\"nn-NO\",\"potentialAction\":[{\"@type\":\"ReadAction\",\"target\":[\"https:\\\/\\\/lokalmagasinet.no\\\/?p=9657\"]}]},{\"@type\":\"BreadcrumbList\",\"@id\":\"https:\\\/\\\/lokalmagasinet.no\\\/?p=9657#breadcrumb\",\"itemListElement\":[{\"@type\":\"ListItem\",\"position\":1,\"name\":\"Hjem\",\"item\":\"https:\\\/\\\/lokalmagasinet.no\\\/\"},{\"@type\":\"ListItem\",\"position\":2,\"name\":\"Fire utanfor Soon Manufaktur ein dag p\u00e5 1950-talet\"}]},{\"@type\":\"WebSite\",\"@id\":\"https:\\\/\\\/lokalmagasinet.no\\\/#website\",\"url\":\"https:\\\/\\\/lokalmagasinet.no\\\/\",\"name\":\"Lokalmagasinet.no\",\"description\":\"Fra fortid og n\u00e5tid. Med st\u00e5sted i det n\u00e6re. Siden 2002.\",\"publisher\":{\"@id\":\"https:\\\/\\\/lokalmagasinet.no\\\/#organization\"},\"potentialAction\":[{\"@type\":\"SearchAction\",\"target\":{\"@type\":\"EntryPoint\",\"urlTemplate\":\"https:\\\/\\\/lokalmagasinet.no\\\/?s={search_term_string}\"},\"query-input\":{\"@type\":\"PropertyValueSpecification\",\"valueRequired\":true,\"valueName\":\"search_term_string\"}}],\"inLanguage\":\"nn-NO\"},{\"@type\":\"Organization\",\"@id\":\"https:\\\/\\\/lokalmagasinet.no\\\/#organization\",\"name\":\"Lokalmagasinet.no\",\"url\":\"https:\\\/\\\/lokalmagasinet.no\\\/\",\"logo\":{\"@type\":\"ImageObject\",\"inLanguage\":\"nn-NO\",\"@id\":\"https:\\\/\\\/lokalmagasinet.no\\\/#\\\/schema\\\/logo\\\/image\\\/\",\"url\":\"https:\\\/\\\/lokalmagasinet.no\\\/wp-content\\\/uploads\\\/2021\\\/03\\\/cropped-cropped-cropped-cropped-cropped-cropped-lmlogo-e1640691300821.jpg\",\"contentUrl\":\"https:\\\/\\\/lokalmagasinet.no\\\/wp-content\\\/uploads\\\/2021\\\/03\\\/cropped-cropped-cropped-cropped-cropped-cropped-lmlogo-e1640691300821.jpg\",\"width\":72,\"height\":118,\"caption\":\"Lokalmagasinet.no\"},\"image\":{\"@id\":\"https:\\\/\\\/lokalmagasinet.no\\\/#\\\/schema\\\/logo\\\/image\\\/\"},\"sameAs\":[\"https:\\\/\\\/www.facebook.com\\\/sveinharald.strand.1\",\"https:\\\/\\\/x.com\\\/LMExtra\"]},{\"@type\":\"Person\",\"@id\":\"https:\\\/\\\/lokalmagasinet.no\\\/#\\\/schema\\\/person\\\/2e8d221708d3aaf6f577275b5bba4310\",\"name\":\"Svein-Harald Strand\",\"image\":{\"@type\":\"ImageObject\",\"inLanguage\":\"nn-NO\",\"@id\":\"https:\\\/\\\/secure.gravatar.com\\\/avatar\\\/c487434bdf6cd7c12e4a88877ae4b12c38d22b7ad64292b49d33ed7503bb7ce1?s=96&d=mm&r=g\",\"url\":\"https:\\\/\\\/secure.gravatar.com\\\/avatar\\\/c487434bdf6cd7c12e4a88877ae4b12c38d22b7ad64292b49d33ed7503bb7ce1?s=96&d=mm&r=g\",\"contentUrl\":\"https:\\\/\\\/secure.gravatar.com\\\/avatar\\\/c487434bdf6cd7c12e4a88877ae4b12c38d22b7ad64292b49d33ed7503bb7ce1?s=96&d=mm&r=g\",\"caption\":\"Svein-Harald Strand\"},\"description\":\"(F. 26.12.1945) Redakt\u00f8r, journalist og informasjonsarbeider siden 1968. ||| I 1963: Redaksjonell praktikant i 8 m\u00e5neder p\u00e5 full tid i Helgeland Arbeiderblad i hjembyen Mosj\u00f8en. ||| Arbeidende pensjonist med hjemmekontor fra 2008 (AFP) og videre som folkepensjonist til n\u00e5.\",\"sameAs\":[\"https:\\\/\\\/lokalmagasinet.no\\\/\",\"https:\\\/\\\/www.facebook.com\\\/sveinharald.strand.1\",\"https:\\\/\\\/x.com\\\/LMExtra\"],\"url\":\"https:\\\/\\\/lokalmagasinet.no\\\/?author=6\"}]}<\/script>\n<!-- \/ Yoast SEO plugin. -->","yoast_head_json":{"title":"Fire utanfor Soon Manufaktur ein dag p\u00e5 1950-talet | Lokalmagasinet.no","robots":{"index":"index","follow":"follow","max-snippet":"max-snippet:-1","max-image-preview":"max-image-preview:large","max-video-preview":"max-video-preview:-1"},"canonical":"https:\/\/lokalmagasinet.no\/?p=9657","og_locale":"nn_NO","og_type":"article","og_title":"Fire utanfor Soon Manufaktur ein dag p\u00e5 1950-talet | Lokalmagasinet.no","og_description":"(Fotograf ukjent.) Her er d\u00e5, i stort format, bilete nummer to fr\u00e5 milj\u00f8et ved Son torg p\u00e5 slutten av 1950-talet. Det er eit makalaust historisk dokument Reidar Johansen har forsynt ... Les merFire utanfor Soon Manufaktur ein dag p\u00e5 1950-talet","og_url":"https:\/\/lokalmagasinet.no\/?p=9657","og_site_name":"Lokalmagasinet.no","article_publisher":"https:\/\/www.facebook.com\/sveinharald.strand.1","article_author":"https:\/\/www.facebook.com\/sveinharald.strand.1","article_published_time":"2022-04-12T08:55:14+00:00","article_modified_time":"2024-01-18T21:08:58+00:00","og_image":[{"width":500,"height":332,"url":"https:\/\/lokalmagasinet.no\/wp-content\/uploads\/2022\/02\/sonsskjarg_kystp_500.jpg","type":"image\/jpeg"}],"author":"Svein-Harald Strand","twitter_card":"summary_large_image","twitter_creator":"@LMExtra","twitter_site":"@LMExtra","twitter_misc":{"Written by":"Svein-Harald Strand","Est. reading time":"2 minutt"},"schema":{"@context":"https:\/\/schema.org","@graph":[{"@type":"Article","@id":"https:\/\/lokalmagasinet.no\/?p=9657#article","isPartOf":{"@id":"https:\/\/lokalmagasinet.no\/?p=9657"},"author":{"name":"Svein-Harald Strand","@id":"https:\/\/lokalmagasinet.no\/#\/schema\/person\/2e8d221708d3aaf6f577275b5bba4310"},"headline":"Fire utanfor Soon Manufaktur ein dag p\u00e5 1950-talet","datePublished":"2022-04-12T08:55:14+00:00","dateModified":"2024-01-18T21:08:58+00:00","mainEntityOfPage":{"@id":"https:\/\/lokalmagasinet.no\/?p=9657"},"wordCount":407,"publisher":{"@id":"https:\/\/lokalmagasinet.no\/#organization"},"articleSection":["Historisk"],"inLanguage":"nn-NO"},{"@type":"WebPage","@id":"https:\/\/lokalmagasinet.no\/?p=9657","url":"https:\/\/lokalmagasinet.no\/?p=9657","name":"Fire utanfor Soon Manufaktur ein dag p\u00e5 1950-talet | Lokalmagasinet.no","isPartOf":{"@id":"https:\/\/lokalmagasinet.no\/#website"},"datePublished":"2022-04-12T08:55:14+00:00","dateModified":"2024-01-18T21:08:58+00:00","breadcrumb":{"@id":"https:\/\/lokalmagasinet.no\/?p=9657#breadcrumb"},"inLanguage":"nn-NO","potentialAction":[{"@type":"ReadAction","target":["https:\/\/lokalmagasinet.no\/?p=9657"]}]},{"@type":"BreadcrumbList","@id":"https:\/\/lokalmagasinet.no\/?p=9657#breadcrumb","itemListElement":[{"@type":"ListItem","position":1,"name":"Hjem","item":"https:\/\/lokalmagasinet.no\/"},{"@type":"ListItem","position":2,"name":"Fire utanfor Soon Manufaktur ein dag p\u00e5 1950-talet"}]},{"@type":"WebSite","@id":"https:\/\/lokalmagasinet.no\/#website","url":"https:\/\/lokalmagasinet.no\/","name":"Lokalmagasinet.no","description":"Fra fortid og n\u00e5tid. Med st\u00e5sted i det n\u00e6re. Siden 2002.","publisher":{"@id":"https:\/\/lokalmagasinet.no\/#organization"},"potentialAction":[{"@type":"SearchAction","target":{"@type":"EntryPoint","urlTemplate":"https:\/\/lokalmagasinet.no\/?s={search_term_string}"},"query-input":{"@type":"PropertyValueSpecification","valueRequired":true,"valueName":"search_term_string"}}],"inLanguage":"nn-NO"},{"@type":"Organization","@id":"https:\/\/lokalmagasinet.no\/#organization","name":"Lokalmagasinet.no","url":"https:\/\/lokalmagasinet.no\/","logo":{"@type":"ImageObject","inLanguage":"nn-NO","@id":"https:\/\/lokalmagasinet.no\/#\/schema\/logo\/image\/","url":"https:\/\/lokalmagasinet.no\/wp-content\/uploads\/2021\/03\/cropped-cropped-cropped-cropped-cropped-cropped-lmlogo-e1640691300821.jpg","contentUrl":"https:\/\/lokalmagasinet.no\/wp-content\/uploads\/2021\/03\/cropped-cropped-cropped-cropped-cropped-cropped-lmlogo-e1640691300821.jpg","width":72,"height":118,"caption":"Lokalmagasinet.no"},"image":{"@id":"https:\/\/lokalmagasinet.no\/#\/schema\/logo\/image\/"},"sameAs":["https:\/\/www.facebook.com\/sveinharald.strand.1","https:\/\/x.com\/LMExtra"]},{"@type":"Person","@id":"https:\/\/lokalmagasinet.no\/#\/schema\/person\/2e8d221708d3aaf6f577275b5bba4310","name":"Svein-Harald Strand","image":{"@type":"ImageObject","inLanguage":"nn-NO","@id":"https:\/\/secure.gravatar.com\/avatar\/c487434bdf6cd7c12e4a88877ae4b12c38d22b7ad64292b49d33ed7503bb7ce1?s=96&d=mm&r=g","url":"https:\/\/secure.gravatar.com\/avatar\/c487434bdf6cd7c12e4a88877ae4b12c38d22b7ad64292b49d33ed7503bb7ce1?s=96&d=mm&r=g","contentUrl":"https:\/\/secure.gravatar.com\/avatar\/c487434bdf6cd7c12e4a88877ae4b12c38d22b7ad64292b49d33ed7503bb7ce1?s=96&d=mm&r=g","caption":"Svein-Harald Strand"},"description":"(F. 26.12.1945) Redakt\u00f8r, journalist og informasjonsarbeider siden 1968. ||| I 1963: Redaksjonell praktikant i 8 m\u00e5neder p\u00e5 full tid i Helgeland Arbeiderblad i hjembyen Mosj\u00f8en. ||| Arbeidende pensjonist med hjemmekontor fra 2008 (AFP) og videre som folkepensjonist til n\u00e5.","sameAs":["https:\/\/lokalmagasinet.no\/","https:\/\/www.facebook.com\/sveinharald.strand.1","https:\/\/x.com\/LMExtra"],"url":"https:\/\/lokalmagasinet.no\/?author=6"}]}},"_links":{"self":[{"href":"https:\/\/lokalmagasinet.no\/index.php?rest_route=\/wp\/v2\/posts\/9657","targetHints":{"allow":["GET"]}}],"collection":[{"href":"https:\/\/lokalmagasinet.no\/index.php?rest_route=\/wp\/v2\/posts"}],"about":[{"href":"https:\/\/lokalmagasinet.no\/index.php?rest_route=\/wp\/v2\/types\/post"}],"author":[{"embeddable":true,"href":"https:\/\/lokalmagasinet.no\/index.php?rest_route=\/wp\/v2\/users\/6"}],"replies":[{"embeddable":true,"href":"https:\/\/lokalmagasinet.no\/index.php?rest_route=%2Fwp%2Fv2%2Fcomments&post=9657"}],"version-history":[{"count":5,"href":"https:\/\/lokalmagasinet.no\/index.php?rest_route=\/wp\/v2\/posts\/9657\/revisions"}],"predecessor-version":[{"id":9754,"href":"https:\/\/lokalmagasinet.no\/index.php?rest_route=\/wp\/v2\/posts\/9657\/revisions\/9754"}],"wp:attachment":[{"href":"https:\/\/lokalmagasinet.no\/index.php?rest_route=%2Fwp%2Fv2%2Fmedia&parent=9657"}],"wp:term":[{"taxonomy":"category","embeddable":true,"href":"https:\/\/lokalmagasinet.no\/index.php?rest_route=%2Fwp%2Fv2%2Fcategories&post=9657"},{"taxonomy":"post_tag","embeddable":true,"href":"https:\/\/lokalmagasinet.no\/index.php?rest_route=%2Fwp%2Fv2%2Ftags&post=9657"}],"curies":[{"name":"wp","href":"https:\/\/api.w.org\/{rel}","templated":true}]}}